{"id":9892,"date":"2023-12-05T08:12:01","date_gmt":"2023-12-05T08:12:01","guid":{"rendered":"https:\/\/www.info.valladolid.es\/blog\/?p=9892"},"modified":"2024-02-27T13:19:34","modified_gmt":"2024-02-27T13:19:34","slug":"napoleon-en-valladolid","status":"publish","type":"post","link":"https:\/\/www.info.valladolid.es\/blog\/napoleon-en-valladolid\/","title":{"rendered":"Napole\u00f3n en Valladolid"},"content":{"rendered":"\n<p>El 6 de enero de 1809, Napole\u00f3n entr\u00f3 en Valladolid; un episodio de nuestra historia poco recordado, quiz\u00e1 por su fugacidad. El emperador apenas estuvo diez d\u00edas en la ciudad (<a href=\"https:\/\/www.info.valladolid.es\/blog\/escudo-jose-i-en-valladolid\/\">la \u00fanica en Espa\u00f1a que recuerda el reinado de su hermano como Jos\u00e9 I con su escudo en una fachada<\/a>) que, sin embargo, fueron suficientes para sembrar el terror a orillas del Pisuerga. <\/p>\n\n\n\n<p>Napole\u00f3n accedi\u00f3 a Valladolid por el Puente Mayor, al frente de 1.500 soldados de caballer\u00eda y 2.500 de infanter\u00eda. \u00abNo se le dio un viva, sino por los franceses y afrancesados, ni el pueblo se quit\u00f3 el sombrero\u00bb, cuenta Hilari\u00f3n Sancho en sus Diarios de Valladolid (1807-1849).<\/p>\n\n\n\n<p>Frente a la frialdad con la que fue recibido por los vecinos, sus tropas lanzaron cohetes en su honor y las autoridades organizaron una recepci\u00f3n colorida y espectacular, escenificaci\u00f3n del poder que acompa\u00f1aba al emperador, genio de la propaganda pol\u00edtica, en buena parte de sus apariciones p\u00fablicas. <\/p>\n\n\n\n<p>Napole\u00f3n se aloj\u00f3 en el Palacio Real. Se sabe, tambi\u00e9n, que expoli\u00f3 la iglesia de San Pablo (adem\u00e1s de encarcelar a m\u00e1s de veinte dominicos) y se cuenta que utiliz\u00f3 la plata requisada para acu\u00f1ar las primeras monedas con la imagen de Jos\u00e9 Bonaparte. <\/p>\n\n\n\n<figure class=\"wp-block-image size-large\"><a href=\"https:\/\/www.info.valladolid.es\/blog\/wp-content\/uploads\/2023\/12\/Palacio-Real-Valladolid-hacia-1900.jpg\"><img loading=\"lazy\" decoding=\"async\" width=\"1024\" height=\"687\" src=\"https:\/\/www.info.valladolid.es\/blog\/wp-content\/uploads\/2023\/12\/Palacio-Real-Valladolid-hacia-1900-1024x687.jpg\" alt=\"Palacio Real de Valladolid hacia 1900\" class=\"wp-image-9895\" srcset=\"https:\/\/www.info.valladolid.es\/blog\/wp-content\/uploads\/2023\/12\/Palacio-Real-Valladolid-hacia-1900-1024x687.jpg 1024w, https:\/\/www.info.valladolid.es\/blog\/wp-content\/uploads\/2023\/12\/Palacio-Real-Valladolid-hacia-1900-300x201.jpg 300w, https:\/\/www.info.valladolid.es\/blog\/wp-content\/uploads\/2023\/12\/Palacio-Real-Valladolid-hacia-1900-768x515.jpg 768w, https:\/\/www.info.valladolid.es\/blog\/wp-content\/uploads\/2023\/12\/Palacio-Real-Valladolid-hacia-1900-1080x725.jpg 1080w, https:\/\/www.info.valladolid.es\/blog\/wp-content\/uploads\/2023\/12\/Palacio-Real-Valladolid-hacia-1900.jpg 1250w\" sizes=\"auto, (max-width: 1024px) 100vw, 1024px\" \/><\/a><figcaption class=\"wp-element-caption\">Palacio Real de Valladolid hacia 1900. Fotograf\u00eda de Thomas S.V., Archivo Municipal de Valladolid<\/figcaption><\/figure>\n\n\n\n<p>El 10 de enero, a una semana de su partida, pas\u00f3 revista a su tropa en el Campo Grande. Un desfile en el que El corso escenificaba, una vez m\u00e1s, su victoria. Sin embargo, abandon\u00f3 la ciudad, el 17 de enero, en absoluto secreto. <\/p>\n\n\n\n<p>Breve, s\u00ed, pero terror\u00edfica fue su estancia en la ciudad. En esos escasos diez d\u00edas, Napole\u00f3n mand\u00f3 ejecutar a cinco vallisoletanos en la Plaza Mayor. Hubo un sexto condenado, perdonado a instancia del clero, que alegaba su condici\u00f3n de padre de cuatro hijos. Terror sinti\u00f3 tambi\u00e9n la poblaci\u00f3n cuando las tropas galas incendiaron el convento de la Trinidad Calzada, junto al actual Monasterio de San Joaqu\u00edn y Santa Ana.<\/p>\n\n\n\n<hr class=\"wp-block-separator has-alpha-channel-opacity\"\/>\n\n\n\n<blockquote class=\"wp-block-quote is-layout-flow wp-block-quote-is-layout-flow\">\n<p>\u00abDio orden de prender y ahorcar a los revolucionarios; para las prisiones se comision\u00f3 al regidor D. Gregorio Chamoch\u00edn, y se dijo que hab\u00eda preso a 18 o 20 personas, de las que ahorcaron cinco, e iba a subir otra al pat\u00edbulo cuando lleg\u00f3 su indulto, y otras fueron desterradas a Francia.\u00bb<\/p>\n\n\n\n<p>\u00abD\u00eda 14 pegaron fuego a la iglesia y convento de la Trinidad Calzada, y todo se convirti\u00f3 en ceniza, a excepci\u00f3n de la piedra y siller\u00eda con la torre, aunque esta fue volada por los sat\u00e9lites de Napole\u00f3n para vender las campanas y piedra.\u00bb<\/p>\n<cite>Hilari\u00f3n Sancho. Diarios de Valladolid<\/cite><\/blockquote>\n\n\n\n<hr class=\"wp-block-separator has-alpha-channel-opacity\"\/>\n\n\n\n<figure class=\"wp-block-image size-large\"><a href=\"https:\/\/www.info.valladolid.es\/blog\/wp-content\/uploads\/2020\/02\/Convento-de-Sto.-Domingo-y-Palacio-de-la-Yntendencia-en-Valladolid-siglo-xix-biblioteca-digital-de-cyl-e1582102560117.jpg\"><img loading=\"lazy\" decoding=\"async\" width=\"1024\" height=\"639\" src=\"https:\/\/www.info.valladolid.es\/blog\/wp-content\/uploads\/2020\/02\/Convento-de-Sto.-Domingo-y-Palacio-de-la-Yntendencia-en-Valladolid-siglo-xix-biblioteca-digital-de-cyl-1024x639.jpg\" alt=\"\" class=\"wp-image-3624\"\/><\/a><figcaption class=\"wp-element-caption\">Plaza de San Pablo en 1806. Alexandre Laborde<\/figcaption><\/figure>\n\n\n\n<p>Este breve periodo marc\u00f3 el inicio de una nueva etapa en la Guerra de la Independencia para Valladolid, que ser\u00eda, hasta junio de 1813, capital por partida triple: del sexto Gobierno, de la Alta Espa\u00f1a y del distrito del Ej\u00e9rcito Norte. <\/p>\n\n\n\n<p>Es, tambi\u00e9n, el inicio real de un gobierno franc\u00e9s en la ciudad, pues hasta este momento los comandantes que abandonaban la villa no dejaban una estructura de mando permanente. El paso de Napole\u00f3n cambia el escenario al encomendarle al bar\u00f3n Dufrese el gobierno de la provincia (cargo que ostent\u00f3 hasta abril de 1811).<\/p>\n\n\n\n<p>Y es que fue, precisamente, el propio Napole\u00f3n quien se\u00f1al\u00f3 la posici\u00f3n estrat\u00e9gica de la ciudad como centro de las principales rutas del norte de la pen\u00ednsula: hacia Bayona, v\u00eda Burgos; hacia Zaragoza, hacia Galicia, pasando por Benavente y Astorga; hacia Santander, cruzando Reinosa; y hacia Madrid, v\u00eda Segovia y el puerto de Guadarrama.<\/p>\n\n\n\n<p>Las loas de algunas autoridades y las declaraciones oficiales que garantizaban la \u00absumisi\u00f3n y respeto\u00bb de los vallisoletanos por Napole\u00f3n nunca fueron reflejo del sentir de los vecinos en la Guerra de la Independencia, m\u00e1s recordados por h\u00e9roes como El Empecinado o<a href=\"https:\/\/www.info.valladolid.es\/blog\/heroinas-vallisoletanas-guerra-independencia\/\"> las esp\u00edas Rosa Barreda y Nicolasa Centeno y de las hermanas Ub\u00f3n<\/a> que por los diez d\u00edas que convivieron con el emperador. <\/p>\n\n\n\n<hr class=\"wp-block-separator has-alpha-channel-opacity\"\/>\n\n\n\n<blockquote class=\"wp-block-quote is-layout-flow wp-block-quote-is-layout-flow\">\n<p>\u00abD\u00eda 17 march\u00f3 a Francia el Emperador, qued\u00e1ndonos impuestas grandes contribuciones y prisiones a los que no las pagaban, generales franceses y espa\u00f1oles afrancesados que mandaban ahorcar sin distinci\u00f3n de clases ni de personas, y una polic\u00eda expiadora, por cuyas causas siempre estaban las c\u00e1rceles llenas de los m\u00e1s honrados vecinos de Valladolid; m\u00e1s los espa\u00f1oles formaron partidas de guerrillas que persegu\u00edan a los franceses y les hac\u00edan mucho da\u00f1o, de suerte que no pod\u00edan salir del pueblo a dar un paseo sin que fuesen sorprendidos y corridos hasta las puertas de nuestra ciudad.\u00a0\u00ab<\/p>\n<cite>Hilari\u00f3n Sancho. Diarios de Valladolid<\/cite><\/blockquote>\n","protected":false},"excerpt":{"rendered":"<p>El 6 de enero de 1809, Napole\u00f3n entr\u00f3 en Valladolid; un episodio de nuestra historia poco recordado, quiz\u00e1 por su fugacidad. El emperador apenas estuvo diez d\u00edas en la ciudad (la \u00fanica en Espa\u00f1a que recuerda el reinado de su hermano como Jos\u00e9 I con su escudo en una fachada) que, sin embargo, fueron suficientes para sembrar el terror a orillas del Pisuerga. Napole\u00f3n accedi\u00f3 a Valladolid por el Puente Mayor, al frente de 1.500 soldados de caballer\u00eda y 2.500 de infanter\u00eda. \u00abNo se le dio un viva, sino por los franceses y afrancesados, ni el pueblo se quit\u00f3 el sombrero\u00bb, cuenta Hilari\u00f3n Sancho en sus Diarios de Valladolid (1807-1849). Frente a la frialdad con la que fue recibido por los vecinos, sus tropas lanzaron cohetes en su honor y las autoridades organizaron una recepci\u00f3n colorida y espectacular, escenificaci\u00f3n del poder que acompa\u00f1aba al emperador, genio de la propaganda pol\u00edtica, en buena parte de sus apariciones p\u00fablicas. Napole\u00f3n se aloj\u00f3 en el Palacio Real. Se sabe, tambi\u00e9n, que expoli\u00f3 la iglesia de San Pablo (adem\u00e1s de encarcelar a m\u00e1s de veinte dominicos) y se cuenta que utiliz\u00f3 la plata requisada para acu\u00f1ar las primeras monedas con la imagen de Jos\u00e9 [&hellip;]<\/p>\n","protected":false},"author":1,"featured_media":9898,"comment_status":"open","ping_status":"open","sticky":false,"template":"","format":"standard","meta":{"footnotes":""},"categories":[7],"tags":[3,155],"class_list":["post-9892","post","type-post","status-publish","format-standard","has-post-thumbnail","hentry","category-personajes_e_historia","tag-historia-de-valladolid","tag-napoleon-en-valladolid"],"yoast_head":"<!-- This site is optimized with the Yoast SEO plugin v27.4 - https:\/\/yoast.com\/product\/yoast-seo-wordpress\/ -->\n<title>Napole\u00f3n en Valladolid - Blog Cultura y Turismo<\/title>\n<meta name=\"description\" content=\"Napole\u00f3n estuvo 10 d\u00edas en Valladolid. Pese a su brevedad, el paso de Napole\u00f3n sembr\u00f3 el terror entre los vecinos.\" \/>\n<meta name=\"robots\" content=\"index, follow, max-snippet:-1, max-image-preview:large, max-video-preview:-1\" \/>\n<link rel=\"canonical\" href=\"https:\/\/www.info.valladolid.es\/blog\/napoleon-en-valladolid\/\" \/>\n<meta property=\"og:locale\" content=\"es_ES\" \/>\n<meta property=\"og:type\" content=\"article\" \/>\n<meta property=\"og:title\" content=\"Napole\u00f3n en Valladolid - Blog Cultura y Turismo\" \/>\n<meta property=\"og:description\" content=\"Napole\u00f3n estuvo 10 d\u00edas en Valladolid. Pese a su brevedad, el paso de Napole\u00f3n sembr\u00f3 el terror entre los vecinos.\" \/>\n<meta property=\"og:url\" content=\"https:\/\/www.info.valladolid.es\/blog\/napoleon-en-valladolid\/\" \/>\n<meta property=\"og:site_name\" content=\"Blog Cultura y Turismo\" \/>\n<meta property=\"article:published_time\" content=\"2023-12-05T08:12:01+00:00\" \/>\n<meta property=\"article:modified_time\" content=\"2024-02-27T13:19:34+00:00\" \/>\n<meta property=\"og:image\" content=\"https:\/\/www.info.valladolid.es\/blog\/wp-content\/uploads\/2023\/12\/Diseno-sin-titulo-2.jpg\" \/>\n\t<meta property=\"og:image:width\" content=\"900\" \/>\n\t<meta property=\"og:image:height\" content=\"600\" \/>\n\t<meta property=\"og:image:type\" content=\"image\/jpeg\" \/>\n<meta name=\"author\" content=\"administrador\" \/>\n<meta name=\"twitter:card\" content=\"summary_large_image\" \/>\n<meta name=\"twitter:label1\" content=\"Escrito por\" \/>\n\t<meta name=\"twitter:data1\" content=\"administrador\" \/>\n\t<meta name=\"twitter:label2\" content=\"Tiempo de lectura\" \/>\n\t<meta name=\"twitter:data2\" content=\"4 minutos\" \/>\n<script type=\"application\/ld+json\" class=\"yoast-schema-graph\">{\"@context\":\"https:\\\/\\\/schema.org\",\"@graph\":[{\"@type\":\"Article\",\"@id\":\"https:\\\/\\\/www.info.valladolid.es\\\/blog\\\/napoleon-en-valladolid\\\/#article\",\"isPartOf\":{\"@id\":\"https:\\\/\\\/www.info.valladolid.es\\\/blog\\\/napoleon-en-valladolid\\\/\"},\"author\":{\"name\":\"administrador\",\"@id\":\"https:\\\/\\\/www.info.valladolid.es\\\/blog\\\/#\\\/schema\\\/person\\\/845cac97e6156a5a9c5abd68b7b9a5d5\"},\"headline\":\"Napole\u00f3n en Valladolid\",\"datePublished\":\"2023-12-05T08:12:01+00:00\",\"dateModified\":\"2024-02-27T13:19:34+00:00\",\"mainEntityOfPage\":{\"@id\":\"https:\\\/\\\/www.info.valladolid.es\\\/blog\\\/napoleon-en-valladolid\\\/\"},\"wordCount\":809,\"commentCount\":0,\"image\":{\"@id\":\"https:\\\/\\\/www.info.valladolid.es\\\/blog\\\/napoleon-en-valladolid\\\/#primaryimage\"},\"thumbnailUrl\":\"https:\\\/\\\/www.info.valladolid.es\\\/blog\\\/wp-content\\\/uploads\\\/2023\\\/12\\\/Diseno-sin-titulo-2.jpg\",\"keywords\":[\"Historia de Valladolid\",\"Napole\u00f3n en Valladolid\"],\"articleSection\":[\"Personajes e historia\"],\"inLanguage\":\"es\",\"potentialAction\":[{\"@type\":\"CommentAction\",\"name\":\"Comment\",\"target\":[\"https:\\\/\\\/www.info.valladolid.es\\\/blog\\\/napoleon-en-valladolid\\\/#respond\"]}]},{\"@type\":\"WebPage\",\"@id\":\"https:\\\/\\\/www.info.valladolid.es\\\/blog\\\/napoleon-en-valladolid\\\/\",\"url\":\"https:\\\/\\\/www.info.valladolid.es\\\/blog\\\/napoleon-en-valladolid\\\/\",\"name\":\"Napole\u00f3n en Valladolid - Blog Cultura y Turismo\",\"isPartOf\":{\"@id\":\"https:\\\/\\\/www.info.valladolid.es\\\/blog\\\/#website\"},\"primaryImageOfPage\":{\"@id\":\"https:\\\/\\\/www.info.valladolid.es\\\/blog\\\/napoleon-en-valladolid\\\/#primaryimage\"},\"image\":{\"@id\":\"https:\\\/\\\/www.info.valladolid.es\\\/blog\\\/napoleon-en-valladolid\\\/#primaryimage\"},\"thumbnailUrl\":\"https:\\\/\\\/www.info.valladolid.es\\\/blog\\\/wp-content\\\/uploads\\\/2023\\\/12\\\/Diseno-sin-titulo-2.jpg\",\"datePublished\":\"2023-12-05T08:12:01+00:00\",\"dateModified\":\"2024-02-27T13:19:34+00:00\",\"author\":{\"@id\":\"https:\\\/\\\/www.info.valladolid.es\\\/blog\\\/#\\\/schema\\\/person\\\/845cac97e6156a5a9c5abd68b7b9a5d5\"},\"description\":\"Napole\u00f3n estuvo 10 d\u00edas en Valladolid. Pese a su brevedad, el paso de Napole\u00f3n sembr\u00f3 el terror entre los vecinos.\",\"breadcrumb\":{\"@id\":\"https:\\\/\\\/www.info.valladolid.es\\\/blog\\\/napoleon-en-valladolid\\\/#breadcrumb\"},\"inLanguage\":\"es\",\"potentialAction\":[{\"@type\":\"ReadAction\",\"target\":[\"https:\\\/\\\/www.info.valladolid.es\\\/blog\\\/napoleon-en-valladolid\\\/\"]}]},{\"@type\":\"ImageObject\",\"inLanguage\":\"es\",\"@id\":\"https:\\\/\\\/www.info.valladolid.es\\\/blog\\\/napoleon-en-valladolid\\\/#primaryimage\",\"url\":\"https:\\\/\\\/www.info.valladolid.es\\\/blog\\\/wp-content\\\/uploads\\\/2023\\\/12\\\/Diseno-sin-titulo-2.jpg\",\"contentUrl\":\"https:\\\/\\\/www.info.valladolid.es\\\/blog\\\/wp-content\\\/uploads\\\/2023\\\/12\\\/Diseno-sin-titulo-2.jpg\",\"width\":900,\"height\":600},{\"@type\":\"BreadcrumbList\",\"@id\":\"https:\\\/\\\/www.info.valladolid.es\\\/blog\\\/napoleon-en-valladolid\\\/#breadcrumb\",\"itemListElement\":[{\"@type\":\"ListItem\",\"position\":1,\"name\":\"Home\",\"item\":\"https:\\\/\\\/www.info.valladolid.es\\\/blog\\\/\"},{\"@type\":\"ListItem\",\"position\":2,\"name\":\"Napole\u00f3n en Valladolid\"}]},{\"@type\":\"WebSite\",\"@id\":\"https:\\\/\\\/www.info.valladolid.es\\\/blog\\\/#website\",\"url\":\"https:\\\/\\\/www.info.valladolid.es\\\/blog\\\/\",\"name\":\"Blog Cultura y Turismo\",\"description\":\"\",\"potentialAction\":[{\"@type\":\"SearchAction\",\"target\":{\"@type\":\"EntryPoint\",\"urlTemplate\":\"https:\\\/\\\/www.info.valladolid.es\\\/blog\\\/?s={search_term_string}\"},\"query-input\":{\"@type\":\"PropertyValueSpecification\",\"valueRequired\":true,\"valueName\":\"search_term_string\"}}],\"inLanguage\":\"es\"},{\"@type\":\"Person\",\"@id\":\"https:\\\/\\\/www.info.valladolid.es\\\/blog\\\/#\\\/schema\\\/person\\\/845cac97e6156a5a9c5abd68b7b9a5d5\",\"name\":\"administrador\",\"image\":{\"@type\":\"ImageObject\",\"inLanguage\":\"es\",\"@id\":\"https:\\\/\\\/secure.gravatar.com\\\/avatar\\\/418161d2f95196597e2d305bd301c850afab7f4b284a344fb2d759f048b71c61?s=96&d=mm&r=g\",\"url\":\"https:\\\/\\\/secure.gravatar.com\\\/avatar\\\/418161d2f95196597e2d305bd301c850afab7f4b284a344fb2d759f048b71c61?s=96&d=mm&r=g\",\"contentUrl\":\"https:\\\/\\\/secure.gravatar.com\\\/avatar\\\/418161d2f95196597e2d305bd301c850afab7f4b284a344fb2d759f048b71c61?s=96&d=mm&r=g\",\"caption\":\"administrador\"},\"url\":\"https:\\\/\\\/www.info.valladolid.es\\\/blog\\\/author\\\/administrador\\\/\"}]}<\/script>\n<!-- \/ Yoast SEO plugin. -->","yoast_head_json":{"title":"Napole\u00f3n en Valladolid - Blog Cultura y Turismo","description":"Napole\u00f3n estuvo 10 d\u00edas en Valladolid. Pese a su brevedad, el paso de Napole\u00f3n sembr\u00f3 el terror entre los vecinos.","robots":{"index":"index","follow":"follow","max-snippet":"max-snippet:-1","max-image-preview":"max-image-preview:large","max-video-preview":"max-video-preview:-1"},"canonical":"https:\/\/www.info.valladolid.es\/blog\/napoleon-en-valladolid\/","og_locale":"es_ES","og_type":"article","og_title":"Napole\u00f3n en Valladolid - Blog Cultura y Turismo","og_description":"Napole\u00f3n estuvo 10 d\u00edas en Valladolid. Pese a su brevedad, el paso de Napole\u00f3n sembr\u00f3 el terror entre los vecinos.","og_url":"https:\/\/www.info.valladolid.es\/blog\/napoleon-en-valladolid\/","og_site_name":"Blog Cultura y Turismo","article_published_time":"2023-12-05T08:12:01+00:00","article_modified_time":"2024-02-27T13:19:34+00:00","og_image":[{"width":900,"height":600,"url":"https:\/\/www.info.valladolid.es\/blog\/wp-content\/uploads\/2023\/12\/Diseno-sin-titulo-2.jpg","type":"image\/jpeg"}],"author":"administrador","twitter_card":"summary_large_image","twitter_misc":{"Escrito por":"administrador","Tiempo de lectura":"4 minutos"},"schema":{"@context":"https:\/\/schema.org","@graph":[{"@type":"Article","@id":"https:\/\/www.info.valladolid.es\/blog\/napoleon-en-valladolid\/#article","isPartOf":{"@id":"https:\/\/www.info.valladolid.es\/blog\/napoleon-en-valladolid\/"},"author":{"name":"administrador","@id":"https:\/\/www.info.valladolid.es\/blog\/#\/schema\/person\/845cac97e6156a5a9c5abd68b7b9a5d5"},"headline":"Napole\u00f3n en Valladolid","datePublished":"2023-12-05T08:12:01+00:00","dateModified":"2024-02-27T13:19:34+00:00","mainEntityOfPage":{"@id":"https:\/\/www.info.valladolid.es\/blog\/napoleon-en-valladolid\/"},"wordCount":809,"commentCount":0,"image":{"@id":"https:\/\/www.info.valladolid.es\/blog\/napoleon-en-valladolid\/#primaryimage"},"thumbnailUrl":"https:\/\/www.info.valladolid.es\/blog\/wp-content\/uploads\/2023\/12\/Diseno-sin-titulo-2.jpg","keywords":["Historia de Valladolid","Napole\u00f3n en Valladolid"],"articleSection":["Personajes e historia"],"inLanguage":"es","potentialAction":[{"@type":"CommentAction","name":"Comment","target":["https:\/\/www.info.valladolid.es\/blog\/napoleon-en-valladolid\/#respond"]}]},{"@type":"WebPage","@id":"https:\/\/www.info.valladolid.es\/blog\/napoleon-en-valladolid\/","url":"https:\/\/www.info.valladolid.es\/blog\/napoleon-en-valladolid\/","name":"Napole\u00f3n en Valladolid - Blog Cultura y Turismo","isPartOf":{"@id":"https:\/\/www.info.valladolid.es\/blog\/#website"},"primaryImageOfPage":{"@id":"https:\/\/www.info.valladolid.es\/blog\/napoleon-en-valladolid\/#primaryimage"},"image":{"@id":"https:\/\/www.info.valladolid.es\/blog\/napoleon-en-valladolid\/#primaryimage"},"thumbnailUrl":"https:\/\/www.info.valladolid.es\/blog\/wp-content\/uploads\/2023\/12\/Diseno-sin-titulo-2.jpg","datePublished":"2023-12-05T08:12:01+00:00","dateModified":"2024-02-27T13:19:34+00:00","author":{"@id":"https:\/\/www.info.valladolid.es\/blog\/#\/schema\/person\/845cac97e6156a5a9c5abd68b7b9a5d5"},"description":"Napole\u00f3n estuvo 10 d\u00edas en Valladolid. Pese a su brevedad, el paso de Napole\u00f3n sembr\u00f3 el terror entre los vecinos.","breadcrumb":{"@id":"https:\/\/www.info.valladolid.es\/blog\/napoleon-en-valladolid\/#breadcrumb"},"inLanguage":"es","potentialAction":[{"@type":"ReadAction","target":["https:\/\/www.info.valladolid.es\/blog\/napoleon-en-valladolid\/"]}]},{"@type":"ImageObject","inLanguage":"es","@id":"https:\/\/www.info.valladolid.es\/blog\/napoleon-en-valladolid\/#primaryimage","url":"https:\/\/www.info.valladolid.es\/blog\/wp-content\/uploads\/2023\/12\/Diseno-sin-titulo-2.jpg","contentUrl":"https:\/\/www.info.valladolid.es\/blog\/wp-content\/uploads\/2023\/12\/Diseno-sin-titulo-2.jpg","width":900,"height":600},{"@type":"BreadcrumbList","@id":"https:\/\/www.info.valladolid.es\/blog\/napoleon-en-valladolid\/#breadcrumb","itemListElement":[{"@type":"ListItem","position":1,"name":"Home","item":"https:\/\/www.info.valladolid.es\/blog\/"},{"@type":"ListItem","position":2,"name":"Napole\u00f3n en Valladolid"}]},{"@type":"WebSite","@id":"https:\/\/www.info.valladolid.es\/blog\/#website","url":"https:\/\/www.info.valladolid.es\/blog\/","name":"Blog Cultura y Turismo","description":"","potentialAction":[{"@type":"SearchAction","target":{"@type":"EntryPoint","urlTemplate":"https:\/\/www.info.valladolid.es\/blog\/?s={search_term_string}"},"query-input":{"@type":"PropertyValueSpecification","valueRequired":true,"valueName":"search_term_string"}}],"inLanguage":"es"},{"@type":"Person","@id":"https:\/\/www.info.valladolid.es\/blog\/#\/schema\/person\/845cac97e6156a5a9c5abd68b7b9a5d5","name":"administrador","image":{"@type":"ImageObject","inLanguage":"es","@id":"https:\/\/secure.gravatar.com\/avatar\/418161d2f95196597e2d305bd301c850afab7f4b284a344fb2d759f048b71c61?s=96&d=mm&r=g","url":"https:\/\/secure.gravatar.com\/avatar\/418161d2f95196597e2d305bd301c850afab7f4b284a344fb2d759f048b71c61?s=96&d=mm&r=g","contentUrl":"https:\/\/secure.gravatar.com\/avatar\/418161d2f95196597e2d305bd301c850afab7f4b284a344fb2d759f048b71c61?s=96&d=mm&r=g","caption":"administrador"},"url":"https:\/\/www.info.valladolid.es\/blog\/author\/administrador\/"}]}},"_links":{"self":[{"href":"https:\/\/www.info.valladolid.es\/blog\/wp-json\/wp\/v2\/posts\/9892","targetHints":{"allow":["GET"]}}],"collection":[{"href":"https:\/\/www.info.valladolid.es\/blog\/wp-json\/wp\/v2\/posts"}],"about":[{"href":"https:\/\/www.info.valladolid.es\/blog\/wp-json\/wp\/v2\/types\/post"}],"author":[{"embeddable":true,"href":"https:\/\/www.info.valladolid.es\/blog\/wp-json\/wp\/v2\/users\/1"}],"replies":[{"embeddable":true,"href":"https:\/\/www.info.valladolid.es\/blog\/wp-json\/wp\/v2\/comments?post=9892"}],"version-history":[{"count":3,"href":"https:\/\/www.info.valladolid.es\/blog\/wp-json\/wp\/v2\/posts\/9892\/revisions"}],"predecessor-version":[{"id":9897,"href":"https:\/\/www.info.valladolid.es\/blog\/wp-json\/wp\/v2\/posts\/9892\/revisions\/9897"}],"wp:featuredmedia":[{"embeddable":true,"href":"https:\/\/www.info.valladolid.es\/blog\/wp-json\/wp\/v2\/media\/9898"}],"wp:attachment":[{"href":"https:\/\/www.info.valladolid.es\/blog\/wp-json\/wp\/v2\/media?parent=9892"}],"wp:term":[{"taxonomy":"category","embeddable":true,"href":"https:\/\/www.info.valladolid.es\/blog\/wp-json\/wp\/v2\/categories?post=9892"},{"taxonomy":"post_tag","embeddable":true,"href":"https:\/\/www.info.valladolid.es\/blog\/wp-json\/wp\/v2\/tags?post=9892"}],"curies":[{"name":"wp","href":"https:\/\/api.w.org\/{rel}","templated":true}]}}