{"id":9671,"date":"2023-11-24T13:52:32","date_gmt":"2023-11-24T13:52:32","guid":{"rendered":"https:\/\/www.info.valladolid.es\/blog\/?p=9671"},"modified":"2024-02-27T13:19:57","modified_gmt":"2024-02-27T13:19:57","slug":"escudo-jose-i-en-valladolid","status":"publish","type":"post","link":"https:\/\/www.info.valladolid.es\/blog\/escudo-jose-i-en-valladolid\/","title":{"rendered":"El escudo de Jos\u00e9 I en San Benito"},"content":{"rendered":"\n<p>\u00a1Cu\u00e1ntos detalles ocultos y nombres olvidados salen a la luz en las restauraciones de edificios hist\u00f3ricos! Una de las mayores sorpresas que ha tenido la ciudad de Valladolid en las \u00faltimas d\u00e9cadas, adem\u00e1s de la identificaci\u00f3n de la capilla en la que fue enterrado el h\u00e9roe irland\u00e9s Red Hugh O&#8217;Donnell, es el descubrimiento de un escudo de armas de Jos\u00e9 I en la fachada de la Iglesia de San Benito. <\/p>\n\n\n\n<p>El breve reinado del hermano de Napole\u00f3n como Jos\u00e9 I de Espa\u00f1a, de apenas un lustro, dej\u00f3 testimonios materiales como monedas o documentos oficiales. Sin embargo, la pervivencia de un escudo de armas del franc\u00e9s es un testimonio excepcional. <\/p>\n\n\n\n<p>El emperador galo impulso un nuevo sistema her\u00e1ldico que romp\u00eda con el que se mantuvo hasta su llegada al poder, heredado de la \u00e9poca medieval. Para consolidar y extender este nuevo sistema, Napole\u00f3n cre\u00f3 el Consejo del Sello de los T\u00edtulos fundado en 1808, mismo a\u00f1o en el que  nombr\u00f3 rey de Espa\u00f1a a su hermano. El organismo dise\u00f1aba los escudos que, sin embargo, deb\u00edan ser aprobados en persona por el propio emperador. <\/p>\n\n\n\n<p>El escudo de Jos\u00e9 I que puede verse en Valladolid lo recuerda como rey de Espa\u00f1a y de las Indias, territorios representados en su her\u00e1ldica por las viejas armas de los reinos hist\u00f3ricos de Castilla, Le\u00f3n, Arag\u00f3n, Navarra y Granada, adem\u00e1s de un sexto cuartel referido a las Indias. El conjunto se remata  con dos detalles que, a falta de color, no se aprecian con claridad en la fachada de San Benito: un escus\u00f3n azur y el \u00e1guila imperial de oro. Estos dos son, precisamente, la se\u00f1a din\u00e1stica que indica su pertenencia a la familia de Napole\u00f3n.<\/p>\n\n\n\n<p>Jos\u00e9 I fue uno de los monarcas m\u00e1s denostados por el pueblo, que lo ve\u00eda como un rey impuesto por el invasor. Adem\u00e1s, las medidas ilustradas propias de la Revoluci\u00f3n Francesa que intent\u00f3 impulsar fueron recibidas con hostilidad por los espa\u00f1oles, que no dudaron en apodarlo Pepe Botella por su supuesta afici\u00f3n a la bebida o &#8216;el rey plazuelas&#8217; por las numerosas plazas que cre\u00f3 en Madrid, como la de Oriente. La reforma que intent\u00f3 emprender tuvo escasa repercusi\u00f3n, siempre opacada por la guerra y por las injerencias continuas de Napole\u00f3n. Sin embargo, algunos de los ideales de su reinado perduran en el trazado urbano de Madrid o en los actuales Ministerio del Interior y Museo del Prado, que empezaron a gestarse bajo el gobierno afrancesado de Jos\u00e9 I.<\/p>\n\n\n\n<p><\/p>\n","protected":false},"excerpt":{"rendered":"<p>\u00a1Cu\u00e1ntos detalles ocultos y nombres olvidados salen a la luz en las restauraciones de edificios hist\u00f3ricos! Una de las mayores sorpresas que ha tenido la ciudad de Valladolid en las \u00faltimas d\u00e9cadas, adem\u00e1s de la identificaci\u00f3n de la capilla en la que fue enterrado el h\u00e9roe irland\u00e9s Red Hugh O&#8217;Donnell, es el descubrimiento de un escudo de armas de Jos\u00e9 I en la fachada de la Iglesia de San Benito. El breve reinado del hermano de Napole\u00f3n como Jos\u00e9 I de Espa\u00f1a, de apenas un lustro, dej\u00f3 testimonios materiales como monedas o documentos oficiales. Sin embargo, la pervivencia de un escudo de armas del franc\u00e9s es un testimonio excepcional. El emperador galo impulso un nuevo sistema her\u00e1ldico que romp\u00eda con el que se mantuvo hasta su llegada al poder, heredado de la \u00e9poca medieval. Para consolidar y extender este nuevo sistema, Napole\u00f3n cre\u00f3 el Consejo del Sello de los T\u00edtulos fundado en 1808, mismo a\u00f1o en el que nombr\u00f3 rey de Espa\u00f1a a su hermano. El organismo dise\u00f1aba los escudos que, sin embargo, deb\u00edan ser aprobados en persona por el propio emperador. El escudo de Jos\u00e9 I que puede verse en Valladolid lo recuerda como rey de Espa\u00f1a y de [&hellip;]<\/p>\n","protected":false},"author":1,"featured_media":9878,"comment_status":"open","ping_status":"open","sticky":false,"template":"","format":"standard","meta":{"footnotes":""},"categories":[6,5,89,7],"tags":[],"class_list":["post-9671","post","type-post","status-publish","format-standard","has-post-thumbnail","hentry","category-arte-y-museos","category-curiosidades_y_leyendas","category-monumentos","category-personajes_e_historia"],"yoast_head":"<!-- This site is optimized with the Yoast SEO plugin v27.4 - https:\/\/yoast.com\/product\/yoast-seo-wordpress\/ -->\n<title>El escudo de Jos\u00e9 I en San Benito - Blog Cultura y Turismo<\/title>\n<meta name=\"robots\" content=\"index, follow, max-snippet:-1, max-image-preview:large, max-video-preview:-1\" \/>\n<link rel=\"canonical\" href=\"https:\/\/www.info.valladolid.es\/blog\/escudo-jose-i-en-valladolid\/\" \/>\n<meta property=\"og:locale\" content=\"es_ES\" \/>\n<meta property=\"og:type\" content=\"article\" \/>\n<meta property=\"og:title\" content=\"El escudo de Jos\u00e9 I en San Benito - Blog Cultura y Turismo\" \/>\n<meta property=\"og:description\" content=\"\u00a1Cu\u00e1ntos detalles ocultos y nombres olvidados salen a la luz en las restauraciones de edificios hist\u00f3ricos! Una de las mayores sorpresas que ha tenido la ciudad de Valladolid en las \u00faltimas d\u00e9cadas, adem\u00e1s de la identificaci\u00f3n de la capilla en la que fue enterrado el h\u00e9roe irland\u00e9s Red Hugh O&#8217;Donnell, es el descubrimiento de un escudo de armas de Jos\u00e9 I en la fachada de la Iglesia de San Benito. El breve reinado del hermano de Napole\u00f3n como Jos\u00e9 I de Espa\u00f1a, de apenas un lustro, dej\u00f3 testimonios materiales como monedas o documentos oficiales. Sin embargo, la pervivencia de un escudo de armas del franc\u00e9s es un testimonio excepcional. El emperador galo impulso un nuevo sistema her\u00e1ldico que romp\u00eda con el que se mantuvo hasta su llegada al poder, heredado de la \u00e9poca medieval. Para consolidar y extender este nuevo sistema, Napole\u00f3n cre\u00f3 el Consejo del Sello de los T\u00edtulos fundado en 1808, mismo a\u00f1o en el que nombr\u00f3 rey de Espa\u00f1a a su hermano. El organismo dise\u00f1aba los escudos que, sin embargo, deb\u00edan ser aprobados en persona por el propio emperador. El escudo de Jos\u00e9 I que puede verse en Valladolid lo recuerda como rey de Espa\u00f1a y de [&hellip;]\" \/>\n<meta property=\"og:url\" content=\"https:\/\/www.info.valladolid.es\/blog\/escudo-jose-i-en-valladolid\/\" \/>\n<meta property=\"og:site_name\" content=\"Blog Cultura y Turismo\" \/>\n<meta property=\"article:published_time\" content=\"2023-11-24T13:52:32+00:00\" \/>\n<meta property=\"article:modified_time\" content=\"2024-02-27T13:19:57+00:00\" \/>\n<meta property=\"og:image\" content=\"https:\/\/www.info.valladolid.es\/blog\/wp-content\/uploads\/2023\/11\/Escudo-Jose-I-Valladolid.jpg\" \/>\n\t<meta property=\"og:image:width\" content=\"900\" \/>\n\t<meta property=\"og:image:height\" content=\"600\" \/>\n\t<meta property=\"og:image:type\" content=\"image\/jpeg\" \/>\n<meta name=\"author\" content=\"administrador\" \/>\n<meta name=\"twitter:card\" content=\"summary_large_image\" \/>\n<meta name=\"twitter:label1\" content=\"Escrito por\" \/>\n\t<meta name=\"twitter:data1\" content=\"administrador\" \/>\n\t<meta name=\"twitter:label2\" content=\"Tiempo de lectura\" \/>\n\t<meta name=\"twitter:data2\" content=\"3 minutos\" \/>\n<script type=\"application\/ld+json\" class=\"yoast-schema-graph\">{\"@context\":\"https:\\\/\\\/schema.org\",\"@graph\":[{\"@type\":\"Article\",\"@id\":\"https:\\\/\\\/www.info.valladolid.es\\\/blog\\\/escudo-jose-i-en-valladolid\\\/#article\",\"isPartOf\":{\"@id\":\"https:\\\/\\\/www.info.valladolid.es\\\/blog\\\/escudo-jose-i-en-valladolid\\\/\"},\"author\":{\"name\":\"administrador\",\"@id\":\"https:\\\/\\\/www.info.valladolid.es\\\/blog\\\/#\\\/schema\\\/person\\\/845cac97e6156a5a9c5abd68b7b9a5d5\"},\"headline\":\"El escudo de Jos\u00e9 I en San Benito\",\"datePublished\":\"2023-11-24T13:52:32+00:00\",\"dateModified\":\"2024-02-27T13:19:57+00:00\",\"mainEntityOfPage\":{\"@id\":\"https:\\\/\\\/www.info.valladolid.es\\\/blog\\\/escudo-jose-i-en-valladolid\\\/\"},\"wordCount\":451,\"commentCount\":0,\"image\":{\"@id\":\"https:\\\/\\\/www.info.valladolid.es\\\/blog\\\/escudo-jose-i-en-valladolid\\\/#primaryimage\"},\"thumbnailUrl\":\"https:\\\/\\\/www.info.valladolid.es\\\/blog\\\/wp-content\\\/uploads\\\/2023\\\/11\\\/Escudo-Jose-I-Valladolid.jpg\",\"articleSection\":[\"Arte y Museos\",\"Curiosidades y leyendas\",\"Monumentos\",\"Personajes e historia\"],\"inLanguage\":\"es\",\"potentialAction\":[{\"@type\":\"CommentAction\",\"name\":\"Comment\",\"target\":[\"https:\\\/\\\/www.info.valladolid.es\\\/blog\\\/escudo-jose-i-en-valladolid\\\/#respond\"]}]},{\"@type\":\"WebPage\",\"@id\":\"https:\\\/\\\/www.info.valladolid.es\\\/blog\\\/escudo-jose-i-en-valladolid\\\/\",\"url\":\"https:\\\/\\\/www.info.valladolid.es\\\/blog\\\/escudo-jose-i-en-valladolid\\\/\",\"name\":\"El escudo de Jos\u00e9 I en San Benito - Blog Cultura y Turismo\",\"isPartOf\":{\"@id\":\"https:\\\/\\\/www.info.valladolid.es\\\/blog\\\/#website\"},\"primaryImageOfPage\":{\"@id\":\"https:\\\/\\\/www.info.valladolid.es\\\/blog\\\/escudo-jose-i-en-valladolid\\\/#primaryimage\"},\"image\":{\"@id\":\"https:\\\/\\\/www.info.valladolid.es\\\/blog\\\/escudo-jose-i-en-valladolid\\\/#primaryimage\"},\"thumbnailUrl\":\"https:\\\/\\\/www.info.valladolid.es\\\/blog\\\/wp-content\\\/uploads\\\/2023\\\/11\\\/Escudo-Jose-I-Valladolid.jpg\",\"datePublished\":\"2023-11-24T13:52:32+00:00\",\"dateModified\":\"2024-02-27T13:19:57+00:00\",\"author\":{\"@id\":\"https:\\\/\\\/www.info.valladolid.es\\\/blog\\\/#\\\/schema\\\/person\\\/845cac97e6156a5a9c5abd68b7b9a5d5\"},\"breadcrumb\":{\"@id\":\"https:\\\/\\\/www.info.valladolid.es\\\/blog\\\/escudo-jose-i-en-valladolid\\\/#breadcrumb\"},\"inLanguage\":\"es\",\"potentialAction\":[{\"@type\":\"ReadAction\",\"target\":[\"https:\\\/\\\/www.info.valladolid.es\\\/blog\\\/escudo-jose-i-en-valladolid\\\/\"]}]},{\"@type\":\"ImageObject\",\"inLanguage\":\"es\",\"@id\":\"https:\\\/\\\/www.info.valladolid.es\\\/blog\\\/escudo-jose-i-en-valladolid\\\/#primaryimage\",\"url\":\"https:\\\/\\\/www.info.valladolid.es\\\/blog\\\/wp-content\\\/uploads\\\/2023\\\/11\\\/Escudo-Jose-I-Valladolid.jpg\",\"contentUrl\":\"https:\\\/\\\/www.info.valladolid.es\\\/blog\\\/wp-content\\\/uploads\\\/2023\\\/11\\\/Escudo-Jose-I-Valladolid.jpg\",\"width\":900,\"height\":600},{\"@type\":\"BreadcrumbList\",\"@id\":\"https:\\\/\\\/www.info.valladolid.es\\\/blog\\\/escudo-jose-i-en-valladolid\\\/#breadcrumb\",\"itemListElement\":[{\"@type\":\"ListItem\",\"position\":1,\"name\":\"Home\",\"item\":\"https:\\\/\\\/www.info.valladolid.es\\\/blog\\\/\"},{\"@type\":\"ListItem\",\"position\":2,\"name\":\"El escudo de Jos\u00e9 I en San Benito\"}]},{\"@type\":\"WebSite\",\"@id\":\"https:\\\/\\\/www.info.valladolid.es\\\/blog\\\/#website\",\"url\":\"https:\\\/\\\/www.info.valladolid.es\\\/blog\\\/\",\"name\":\"Blog Cultura y Turismo\",\"description\":\"\",\"potentialAction\":[{\"@type\":\"SearchAction\",\"target\":{\"@type\":\"EntryPoint\",\"urlTemplate\":\"https:\\\/\\\/www.info.valladolid.es\\\/blog\\\/?s={search_term_string}\"},\"query-input\":{\"@type\":\"PropertyValueSpecification\",\"valueRequired\":true,\"valueName\":\"search_term_string\"}}],\"inLanguage\":\"es\"},{\"@type\":\"Person\",\"@id\":\"https:\\\/\\\/www.info.valladolid.es\\\/blog\\\/#\\\/schema\\\/person\\\/845cac97e6156a5a9c5abd68b7b9a5d5\",\"name\":\"administrador\",\"image\":{\"@type\":\"ImageObject\",\"inLanguage\":\"es\",\"@id\":\"https:\\\/\\\/secure.gravatar.com\\\/avatar\\\/418161d2f95196597e2d305bd301c850afab7f4b284a344fb2d759f048b71c61?s=96&d=mm&r=g\",\"url\":\"https:\\\/\\\/secure.gravatar.com\\\/avatar\\\/418161d2f95196597e2d305bd301c850afab7f4b284a344fb2d759f048b71c61?s=96&d=mm&r=g\",\"contentUrl\":\"https:\\\/\\\/secure.gravatar.com\\\/avatar\\\/418161d2f95196597e2d305bd301c850afab7f4b284a344fb2d759f048b71c61?s=96&d=mm&r=g\",\"caption\":\"administrador\"},\"url\":\"https:\\\/\\\/www.info.valladolid.es\\\/blog\\\/author\\\/administrador\\\/\"}]}<\/script>\n<!-- \/ Yoast SEO plugin. -->","yoast_head_json":{"title":"El escudo de Jos\u00e9 I en San Benito - Blog Cultura y Turismo","robots":{"index":"index","follow":"follow","max-snippet":"max-snippet:-1","max-image-preview":"max-image-preview:large","max-video-preview":"max-video-preview:-1"},"canonical":"https:\/\/www.info.valladolid.es\/blog\/escudo-jose-i-en-valladolid\/","og_locale":"es_ES","og_type":"article","og_title":"El escudo de Jos\u00e9 I en San Benito - Blog Cultura y Turismo","og_description":"\u00a1Cu\u00e1ntos detalles ocultos y nombres olvidados salen a la luz en las restauraciones de edificios hist\u00f3ricos! Una de las mayores sorpresas que ha tenido la ciudad de Valladolid en las \u00faltimas d\u00e9cadas, adem\u00e1s de la identificaci\u00f3n de la capilla en la que fue enterrado el h\u00e9roe irland\u00e9s Red Hugh O&#8217;Donnell, es el descubrimiento de un escudo de armas de Jos\u00e9 I en la fachada de la Iglesia de San Benito. El breve reinado del hermano de Napole\u00f3n como Jos\u00e9 I de Espa\u00f1a, de apenas un lustro, dej\u00f3 testimonios materiales como monedas o documentos oficiales. Sin embargo, la pervivencia de un escudo de armas del franc\u00e9s es un testimonio excepcional. El emperador galo impulso un nuevo sistema her\u00e1ldico que romp\u00eda con el que se mantuvo hasta su llegada al poder, heredado de la \u00e9poca medieval. Para consolidar y extender este nuevo sistema, Napole\u00f3n cre\u00f3 el Consejo del Sello de los T\u00edtulos fundado en 1808, mismo a\u00f1o en el que nombr\u00f3 rey de Espa\u00f1a a su hermano. El organismo dise\u00f1aba los escudos que, sin embargo, deb\u00edan ser aprobados en persona por el propio emperador. El escudo de Jos\u00e9 I que puede verse en Valladolid lo recuerda como rey de Espa\u00f1a y de [&hellip;]","og_url":"https:\/\/www.info.valladolid.es\/blog\/escudo-jose-i-en-valladolid\/","og_site_name":"Blog Cultura y Turismo","article_published_time":"2023-11-24T13:52:32+00:00","article_modified_time":"2024-02-27T13:19:57+00:00","og_image":[{"width":900,"height":600,"url":"https:\/\/www.info.valladolid.es\/blog\/wp-content\/uploads\/2023\/11\/Escudo-Jose-I-Valladolid.jpg","type":"image\/jpeg"}],"author":"administrador","twitter_card":"summary_large_image","twitter_misc":{"Escrito por":"administrador","Tiempo de lectura":"3 minutos"},"schema":{"@context":"https:\/\/schema.org","@graph":[{"@type":"Article","@id":"https:\/\/www.info.valladolid.es\/blog\/escudo-jose-i-en-valladolid\/#article","isPartOf":{"@id":"https:\/\/www.info.valladolid.es\/blog\/escudo-jose-i-en-valladolid\/"},"author":{"name":"administrador","@id":"https:\/\/www.info.valladolid.es\/blog\/#\/schema\/person\/845cac97e6156a5a9c5abd68b7b9a5d5"},"headline":"El escudo de Jos\u00e9 I en San Benito","datePublished":"2023-11-24T13:52:32+00:00","dateModified":"2024-02-27T13:19:57+00:00","mainEntityOfPage":{"@id":"https:\/\/www.info.valladolid.es\/blog\/escudo-jose-i-en-valladolid\/"},"wordCount":451,"commentCount":0,"image":{"@id":"https:\/\/www.info.valladolid.es\/blog\/escudo-jose-i-en-valladolid\/#primaryimage"},"thumbnailUrl":"https:\/\/www.info.valladolid.es\/blog\/wp-content\/uploads\/2023\/11\/Escudo-Jose-I-Valladolid.jpg","articleSection":["Arte y Museos","Curiosidades y leyendas","Monumentos","Personajes e historia"],"inLanguage":"es","potentialAction":[{"@type":"CommentAction","name":"Comment","target":["https:\/\/www.info.valladolid.es\/blog\/escudo-jose-i-en-valladolid\/#respond"]}]},{"@type":"WebPage","@id":"https:\/\/www.info.valladolid.es\/blog\/escudo-jose-i-en-valladolid\/","url":"https:\/\/www.info.valladolid.es\/blog\/escudo-jose-i-en-valladolid\/","name":"El escudo de Jos\u00e9 I en San Benito - Blog Cultura y Turismo","isPartOf":{"@id":"https:\/\/www.info.valladolid.es\/blog\/#website"},"primaryImageOfPage":{"@id":"https:\/\/www.info.valladolid.es\/blog\/escudo-jose-i-en-valladolid\/#primaryimage"},"image":{"@id":"https:\/\/www.info.valladolid.es\/blog\/escudo-jose-i-en-valladolid\/#primaryimage"},"thumbnailUrl":"https:\/\/www.info.valladolid.es\/blog\/wp-content\/uploads\/2023\/11\/Escudo-Jose-I-Valladolid.jpg","datePublished":"2023-11-24T13:52:32+00:00","dateModified":"2024-02-27T13:19:57+00:00","author":{"@id":"https:\/\/www.info.valladolid.es\/blog\/#\/schema\/person\/845cac97e6156a5a9c5abd68b7b9a5d5"},"breadcrumb":{"@id":"https:\/\/www.info.valladolid.es\/blog\/escudo-jose-i-en-valladolid\/#breadcrumb"},"inLanguage":"es","potentialAction":[{"@type":"ReadAction","target":["https:\/\/www.info.valladolid.es\/blog\/escudo-jose-i-en-valladolid\/"]}]},{"@type":"ImageObject","inLanguage":"es","@id":"https:\/\/www.info.valladolid.es\/blog\/escudo-jose-i-en-valladolid\/#primaryimage","url":"https:\/\/www.info.valladolid.es\/blog\/wp-content\/uploads\/2023\/11\/Escudo-Jose-I-Valladolid.jpg","contentUrl":"https:\/\/www.info.valladolid.es\/blog\/wp-content\/uploads\/2023\/11\/Escudo-Jose-I-Valladolid.jpg","width":900,"height":600},{"@type":"BreadcrumbList","@id":"https:\/\/www.info.valladolid.es\/blog\/escudo-jose-i-en-valladolid\/#breadcrumb","itemListElement":[{"@type":"ListItem","position":1,"name":"Home","item":"https:\/\/www.info.valladolid.es\/blog\/"},{"@type":"ListItem","position":2,"name":"El escudo de Jos\u00e9 I en San Benito"}]},{"@type":"WebSite","@id":"https:\/\/www.info.valladolid.es\/blog\/#website","url":"https:\/\/www.info.valladolid.es\/blog\/","name":"Blog Cultura y Turismo","description":"","potentialAction":[{"@type":"SearchAction","target":{"@type":"EntryPoint","urlTemplate":"https:\/\/www.info.valladolid.es\/blog\/?s={search_term_string}"},"query-input":{"@type":"PropertyValueSpecification","valueRequired":true,"valueName":"search_term_string"}}],"inLanguage":"es"},{"@type":"Person","@id":"https:\/\/www.info.valladolid.es\/blog\/#\/schema\/person\/845cac97e6156a5a9c5abd68b7b9a5d5","name":"administrador","image":{"@type":"ImageObject","inLanguage":"es","@id":"https:\/\/secure.gravatar.com\/avatar\/418161d2f95196597e2d305bd301c850afab7f4b284a344fb2d759f048b71c61?s=96&d=mm&r=g","url":"https:\/\/secure.gravatar.com\/avatar\/418161d2f95196597e2d305bd301c850afab7f4b284a344fb2d759f048b71c61?s=96&d=mm&r=g","contentUrl":"https:\/\/secure.gravatar.com\/avatar\/418161d2f95196597e2d305bd301c850afab7f4b284a344fb2d759f048b71c61?s=96&d=mm&r=g","caption":"administrador"},"url":"https:\/\/www.info.valladolid.es\/blog\/author\/administrador\/"}]}},"_links":{"self":[{"href":"https:\/\/www.info.valladolid.es\/blog\/wp-json\/wp\/v2\/posts\/9671","targetHints":{"allow":["GET"]}}],"collection":[{"href":"https:\/\/www.info.valladolid.es\/blog\/wp-json\/wp\/v2\/posts"}],"about":[{"href":"https:\/\/www.info.valladolid.es\/blog\/wp-json\/wp\/v2\/types\/post"}],"author":[{"embeddable":true,"href":"https:\/\/www.info.valladolid.es\/blog\/wp-json\/wp\/v2\/users\/1"}],"replies":[{"embeddable":true,"href":"https:\/\/www.info.valladolid.es\/blog\/wp-json\/wp\/v2\/comments?post=9671"}],"version-history":[{"count":2,"href":"https:\/\/www.info.valladolid.es\/blog\/wp-json\/wp\/v2\/posts\/9671\/revisions"}],"predecessor-version":[{"id":9880,"href":"https:\/\/www.info.valladolid.es\/blog\/wp-json\/wp\/v2\/posts\/9671\/revisions\/9880"}],"wp:featuredmedia":[{"embeddable":true,"href":"https:\/\/www.info.valladolid.es\/blog\/wp-json\/wp\/v2\/media\/9878"}],"wp:attachment":[{"href":"https:\/\/www.info.valladolid.es\/blog\/wp-json\/wp\/v2\/media?parent=9671"}],"wp:term":[{"taxonomy":"category","embeddable":true,"href":"https:\/\/www.info.valladolid.es\/blog\/wp-json\/wp\/v2\/categories?post=9671"},{"taxonomy":"post_tag","embeddable":true,"href":"https:\/\/www.info.valladolid.es\/blog\/wp-json\/wp\/v2\/tags?post=9671"}],"curies":[{"name":"wp","href":"https:\/\/api.w.org\/{rel}","templated":true}]}}