{"id":9650,"date":"2023-07-31T11:05:23","date_gmt":"2023-07-31T11:05:23","guid":{"rendered":"https:\/\/www.info.valladolid.es\/blog\/?p=9650"},"modified":"2024-01-09T09:59:02","modified_gmt":"2024-01-09T09:59:02","slug":"patio-herreriano-pajarazos","status":"publish","type":"post","link":"https:\/\/www.info.valladolid.es\/blog\/patio-herreriano-pajarazos\/","title":{"rendered":"El Patio Herreriano se asoma al paisaje castellano al Patio Herreriano con &#8216;Pajarazos&#8217;"},"content":{"rendered":"\n<p><em>Renueva ahora los brotes, env\u00eda<br>primero la amapola a los caminos,<br>que el chopo tome fuerza y el \u00e1lamo,<br>el almendro. Anuncia del trigo las espigas<br>azules, la crespa hoja del roble, acoge<br>como tuyas las alas de esos \u00e1rboles cipreses<br>que te saludan pajarazos.<\/em><\/p>\n\n\n\n<p>De estos versos de Olvido Garc\u00eda Vald\u00e9s toma el artista barcelon\u00e9s David Betus\u00e9 el nombre de su \u00faltima muestra, Pajarazos, que traslada el campo castellano a la capilla y la Sala 9 del Museo Patio Herreriano hasta el 7 de enero de 2024.<\/p>\n\n\n\n<hr class=\"wp-block-separator has-alpha-channel-opacity\"\/>\n\n\n\n<p class=\"has-pale-ocean-gradient-background has-background\">Visita el Museo Patio Herreriano, de entrada gratuita, de martes a viernes de 11 a 14 y de 17 a 20 horas, s\u00e1bados de 11 a 20 horas y domingos de 11 a 15 horas. <\/p>\n\n\n\n<hr class=\"wp-block-separator has-alpha-channel-opacity\"\/>\n\n\n\n<p>El paisaje castellano visto desde la perspectiva de quien lo descubre por primera vez, despojado de recuerdos y asociaciones, es la idea que subyace bajo las l\u00edneas de la poeta asturiana, recientemente galardonada con el Premio Princesa de Asturias de Poes\u00eda Iberoamericana, quien conoce el campo vallisoletano cuando se traslada a la provincia para ejercer como profesora; y de Betsu\u00e9, quien se aproxima a esta estampa desde una postura equivalente. \u00abLa referencia de esta poeta la tuve clara desde el principio. Me serv\u00ed de Olvido para aprender este paisaje desde fuera, pues ella lo descubre sin tener una memoria del mismo, lo mismo que me ocurri\u00f3 a mi\u00bb, explica el artista, quien destaca, tambi\u00e9n \u00abla renovaci\u00f3n que hace la asturiana en los 90 del paisaje castellano, siempre presente en la poes\u00eda, pero tambi\u00e9n en el arte en general\u00bb.<\/p>\n\n\n\n<p>La imponente escultura que ahora ocupa la capilla del museo es un trabajo realizado de forma espec\u00edfica para este espacio. Betsu\u00e9 no s\u00f3lo bebe de los versos de Garc\u00eda Vald\u00e9s, sino que se recupera tambi\u00e9n las t\u00e9cnicas de los grandes maestros de la gubia castellana, en especial de Alonso Berruguete, a los que conoce, ya en Valladolid, en una visita al Museo Nacional de Escultura. <\/p>\n\n\n\n<figure class=\"wp-block-gallery has-nested-images columns-default is-cropped wp-block-gallery-1 is-layout-flex wp-block-gallery-is-layout-flex\">\n<figure class=\"wp-block-image size-large\"><a href=\"https:\/\/www.info.valladolid.es\/blog\/wp-content\/uploads\/2023\/07\/pajarazos-capilla-3-1.jpg\"><img loading=\"lazy\" decoding=\"async\" width=\"901\" height=\"600\" data-id=\"9658\" src=\"https:\/\/www.info.valladolid.es\/blog\/wp-content\/uploads\/2023\/07\/pajarazos-capilla-3-1.jpg\" alt=\"\" class=\"wp-image-9658\" srcset=\"https:\/\/www.info.valladolid.es\/blog\/wp-content\/uploads\/2023\/07\/pajarazos-capilla-3-1.jpg 901w, https:\/\/www.info.valladolid.es\/blog\/wp-content\/uploads\/2023\/07\/pajarazos-capilla-3-1-300x200.jpg 300w, https:\/\/www.info.valladolid.es\/blog\/wp-content\/uploads\/2023\/07\/pajarazos-capilla-3-1-768x511.jpg 768w\" sizes=\"auto, (max-width: 901px) 100vw, 901px\" \/><\/a><\/figure>\n\n\n\n<figure class=\"wp-block-image size-large\"><a href=\"https:\/\/www.info.valladolid.es\/blog\/wp-content\/uploads\/2023\/07\/pajarazos-capilla-2-1.jpg\"><img loading=\"lazy\" decoding=\"async\" width=\"900\" height=\"589\" data-id=\"9657\" src=\"https:\/\/www.info.valladolid.es\/blog\/wp-content\/uploads\/2023\/07\/pajarazos-capilla-2-1.jpg\" alt=\"\" class=\"wp-image-9657\" srcset=\"https:\/\/www.info.valladolid.es\/blog\/wp-content\/uploads\/2023\/07\/pajarazos-capilla-2-1.jpg 900w, https:\/\/www.info.valladolid.es\/blog\/wp-content\/uploads\/2023\/07\/pajarazos-capilla-2-1-300x196.jpg 300w, https:\/\/www.info.valladolid.es\/blog\/wp-content\/uploads\/2023\/07\/pajarazos-capilla-2-1-768x503.jpg 768w\" sizes=\"auto, (max-width: 900px) 100vw, 900px\" \/><\/a><\/figure>\n\n\n\n<figure class=\"wp-block-image size-large\"><a href=\"https:\/\/www.info.valladolid.es\/blog\/wp-content\/uploads\/2023\/07\/capilla-pajarazos-1.jpg\"><img loading=\"lazy\" decoding=\"async\" width=\"1024\" height=\"685\" data-id=\"9659\" src=\"https:\/\/www.info.valladolid.es\/blog\/wp-content\/uploads\/2023\/07\/capilla-pajarazos-1-1024x685.jpg\" alt=\"\" class=\"wp-image-9659\" srcset=\"https:\/\/www.info.valladolid.es\/blog\/wp-content\/uploads\/2023\/07\/capilla-pajarazos-1-1024x685.jpg 1024w, https:\/\/www.info.valladolid.es\/blog\/wp-content\/uploads\/2023\/07\/capilla-pajarazos-1-300x201.jpg 300w, https:\/\/www.info.valladolid.es\/blog\/wp-content\/uploads\/2023\/07\/capilla-pajarazos-1-768x513.jpg 768w, https:\/\/www.info.valladolid.es\/blog\/wp-content\/uploads\/2023\/07\/capilla-pajarazos-1-1080x722.jpg 1080w, https:\/\/www.info.valladolid.es\/blog\/wp-content\/uploads\/2023\/07\/capilla-pajarazos-1.jpg 1424w\" sizes=\"auto, (max-width: 1024px) 100vw, 1024px\" \/><\/a><\/figure>\n<\/figure>\n\n\n\n<p>Al indagar en la historia de estos referentes hist\u00f3ricos de la escultura en madera policromada, el artista catal\u00e1n descubre fuertes paralelismos con su trabajo. Si aquellos empleaban madera de pino en las tallas y barnices y pigmentos realizados con base mineral o vegetal; Betsu\u00e9 esculpe, tritura, pulveriza o dispone pastas, paja o p\u00e9talos de rosa sobre un impresionante pilar de hormig\u00f3n que asciende seis metros \u00absin terminar de generar una figuraci\u00f3n\u00bb, en el que se dan citas referencias tan variadas como \u00abalgunos escultores de la escuela vallecana, los retablos, que aqu\u00ed cambian el pan de oro por la paja, que siempre ha sido el oro de los pobres; o los murales y frescos que conoc\u00ed en Roma, inspiraci\u00f3n de la masa de color que sobrevuela la escultura\u00bb.  Es su forma de trasladar y reordenar el paisaje castellano.<\/p>\n\n\n\n<p>La materia de la instalaci\u00f3n, org\u00e1nica en su mayor parte, \u00abha estado viva\u00bb, recuerda el artista; lo que configura un contraste con la dureza de los muros que levantan la hist\u00f3rica capilla. <\/p>\n\n\n\n<p>Junto al monumental pilar descansa un cubo de cipr\u00e9s, \u00abcontrapunto a la verticalidad que me remite a conceptos como el del pozo o el tintero\u00bb. <\/p>\n\n\n\n<p>\u00abIntervenir en esta capilla es un reto para cualquier artista espa\u00f1ol\u00bb, afirma Betsu\u00e9, quien ha aplaudido el relato de intervenciones que precede a la actual, con creadores como Eva Lootz. <\/p>\n\n\n\n<figure class=\"wp-block-gallery has-nested-images columns-default is-cropped wp-block-gallery-2 is-layout-flex wp-block-gallery-is-layout-flex\">\n<figure class=\"wp-block-image size-large\"><a href=\"https:\/\/www.info.valladolid.es\/blog\/wp-content\/uploads\/2023\/07\/sala-9-3.jpg\"><img loading=\"lazy\" decoding=\"async\" width=\"901\" height=\"600\" data-id=\"9662\" src=\"https:\/\/www.info.valladolid.es\/blog\/wp-content\/uploads\/2023\/07\/sala-9-3.jpg\" alt=\"\" class=\"wp-image-9662\" srcset=\"https:\/\/www.info.valladolid.es\/blog\/wp-content\/uploads\/2023\/07\/sala-9-3.jpg 901w, https:\/\/www.info.valladolid.es\/blog\/wp-content\/uploads\/2023\/07\/sala-9-3-300x200.jpg 300w, https:\/\/www.info.valladolid.es\/blog\/wp-content\/uploads\/2023\/07\/sala-9-3-768x511.jpg 768w\" sizes=\"auto, (max-width: 901px) 100vw, 901px\" \/><\/a><\/figure>\n\n\n\n<figure class=\"wp-block-image size-large\"><a href=\"https:\/\/www.info.valladolid.es\/blog\/wp-content\/uploads\/2023\/07\/sala-9-2.jpg\"><img loading=\"lazy\" decoding=\"async\" width=\"899\" height=\"600\" data-id=\"9661\" src=\"https:\/\/www.info.valladolid.es\/blog\/wp-content\/uploads\/2023\/07\/sala-9-2.jpg\" alt=\"\" class=\"wp-image-9661\" srcset=\"https:\/\/www.info.valladolid.es\/blog\/wp-content\/uploads\/2023\/07\/sala-9-2.jpg 899w, https:\/\/www.info.valladolid.es\/blog\/wp-content\/uploads\/2023\/07\/sala-9-2-300x200.jpg 300w, https:\/\/www.info.valladolid.es\/blog\/wp-content\/uploads\/2023\/07\/sala-9-2-768x513.jpg 768w\" sizes=\"auto, (max-width: 899px) 100vw, 899px\" \/><\/a><\/figure>\n\n\n\n<figure class=\"wp-block-image size-large\"><a href=\"https:\/\/www.info.valladolid.es\/blog\/wp-content\/uploads\/2023\/07\/sala-9.jpg\"><img loading=\"lazy\" decoding=\"async\" width=\"899\" height=\"600\" data-id=\"9663\" src=\"https:\/\/www.info.valladolid.es\/blog\/wp-content\/uploads\/2023\/07\/sala-9.jpg\" alt=\"\" class=\"wp-image-9663\" srcset=\"https:\/\/www.info.valladolid.es\/blog\/wp-content\/uploads\/2023\/07\/sala-9.jpg 899w, https:\/\/www.info.valladolid.es\/blog\/wp-content\/uploads\/2023\/07\/sala-9-300x200.jpg 300w, https:\/\/www.info.valladolid.es\/blog\/wp-content\/uploads\/2023\/07\/sala-9-768x513.jpg 768w\" sizes=\"auto, (max-width: 899px) 100vw, 899px\" \/><\/a><\/figure>\n<\/figure>\n\n\n\n<p>Pajarazos se extiende a la contigua Sala 9, donde se presenta una muestra del trabajo realizado por David Betsu\u00e9 en los \u00faltimos 20 a\u00f1os y en la que se pone de manifiesto su inter\u00e9s por el paisaje y los materiales naturales. El papel, la madera o la resina tienen, de nuevo, un especial protagonismo en esta sala. Junto a este corpus expositivo se disponen tres fotograf\u00edas de edificios de la ciudad que est\u00e1n siendo derribados: la destrucci\u00f3n del casco hist\u00f3rico en los a\u00f1os 60 es el tercer pilar que inspira esta propuesta. <\/p>\n\n\n\n<p>Pajarazos se desarrolla de forma paralela a la exposici\u00f3n que ahora acoge el centro barcelon\u00e9s Fabra i Coats. Ambas comisariadas por Marta Ses\u00e9, se unir\u00e1n en la configuraci\u00f3n de un cat\u00e1logo conjunto que se presentar\u00e1 como una monograf\u00eda de Betsu\u00e9. <\/p>\n","protected":false},"excerpt":{"rendered":"<p>Renueva ahora los brotes, env\u00edaprimero la amapola a los caminos,que el chopo tome fuerza y el \u00e1lamo,el almendro. Anuncia del trigo las espigasazules, la crespa hoja del roble, acogecomo tuyas las alas de esos \u00e1rboles cipresesque te saludan pajarazos. De estos versos de Olvido Garc\u00eda Vald\u00e9s toma el artista barcelon\u00e9s David Betus\u00e9 el nombre de su \u00faltima muestra, Pajarazos, que traslada el campo castellano a la capilla y la Sala 9 del Museo Patio Herreriano hasta el 7 de enero de 2024. Visita el Museo Patio Herreriano, de entrada gratuita, de martes a viernes de 11 a 14 y de 17 a 20 horas, s\u00e1bados de 11 a 20 horas y domingos de 11 a 15 horas. El paisaje castellano visto desde la perspectiva de quien lo descubre por primera vez, despojado de recuerdos y asociaciones, es la idea que subyace bajo las l\u00edneas de la poeta asturiana, recientemente galardonada con el Premio Princesa de Asturias de Poes\u00eda Iberoamericana, quien conoce el campo vallisoletano cuando se traslada a la provincia para ejercer como profesora; y de Betsu\u00e9, quien se aproxima a esta estampa desde una postura equivalente. \u00abLa referencia de esta poeta la tuve clara desde el principio. Me serv\u00ed [&hellip;]<\/p>\n","protected":false},"author":1,"featured_media":9656,"comment_status":"open","ping_status":"open","sticky":false,"template":"","format":"standard","meta":{"footnotes":""},"categories":[6],"tags":[],"class_list":["post-9650","post","type-post","status-publish","format-standard","has-post-thumbnail","hentry","category-arte-y-museos"],"yoast_head":"<!-- This site is optimized with the Yoast SEO plugin v27.4 - https:\/\/yoast.com\/product\/yoast-seo-wordpress\/ -->\n<title>Pajarazos, de David Betsu\u00e9, en el Museo Patio Herreriano<\/title>\n<meta name=\"description\" content=\"El artista barcelon\u00e9s David Betus\u00e9 presenta su \u00faltima muestra, Pajarazos, en Valladolid. Una oda al paisaje castellano en el Patio Herreriano.\" \/>\n<meta name=\"robots\" content=\"index, follow, max-snippet:-1, max-image-preview:large, max-video-preview:-1\" \/>\n<link rel=\"canonical\" href=\"https:\/\/www.info.valladolid.es\/blog\/patio-herreriano-pajarazos\/\" \/>\n<meta property=\"og:locale\" content=\"es_ES\" \/>\n<meta property=\"og:type\" content=\"article\" \/>\n<meta property=\"og:title\" content=\"Pajarazos, de David Betsu\u00e9, en el Museo Patio Herreriano\" \/>\n<meta property=\"og:description\" content=\"El artista barcelon\u00e9s David Betus\u00e9 presenta su \u00faltima muestra, Pajarazos, en Valladolid. Una oda al paisaje castellano en el Patio Herreriano.\" \/>\n<meta property=\"og:url\" content=\"https:\/\/www.info.valladolid.es\/blog\/patio-herreriano-pajarazos\/\" \/>\n<meta property=\"og:site_name\" content=\"Blog Cultura y Turismo\" \/>\n<meta property=\"article:published_time\" content=\"2023-07-31T11:05:23+00:00\" \/>\n<meta property=\"article:modified_time\" content=\"2024-01-09T09:59:02+00:00\" \/>\n<meta property=\"og:image\" content=\"https:\/\/www.info.valladolid.es\/blog\/wp-content\/uploads\/2023\/07\/pajarazos-blog-1.jpg\" \/>\n\t<meta property=\"og:image:width\" content=\"900\" \/>\n\t<meta property=\"og:image:height\" content=\"600\" \/>\n\t<meta property=\"og:image:type\" content=\"image\/jpeg\" \/>\n<meta name=\"author\" content=\"administrador\" \/>\n<meta name=\"twitter:card\" content=\"summary_large_image\" \/>\n<meta name=\"twitter:label1\" content=\"Escrito por\" \/>\n\t<meta name=\"twitter:data1\" content=\"administrador\" \/>\n\t<meta name=\"twitter:label2\" content=\"Tiempo de lectura\" \/>\n\t<meta name=\"twitter:data2\" content=\"5 minutos\" \/>\n<script type=\"application\/ld+json\" class=\"yoast-schema-graph\">{\"@context\":\"https:\\\/\\\/schema.org\",\"@graph\":[{\"@type\":\"Article\",\"@id\":\"https:\\\/\\\/www.info.valladolid.es\\\/blog\\\/patio-herreriano-pajarazos\\\/#article\",\"isPartOf\":{\"@id\":\"https:\\\/\\\/www.info.valladolid.es\\\/blog\\\/patio-herreriano-pajarazos\\\/\"},\"author\":{\"name\":\"administrador\",\"@id\":\"https:\\\/\\\/www.info.valladolid.es\\\/blog\\\/#\\\/schema\\\/person\\\/845cac97e6156a5a9c5abd68b7b9a5d5\"},\"headline\":\"El Patio Herreriano se asoma al paisaje castellano al Patio Herreriano con &#8216;Pajarazos&#8217;\",\"datePublished\":\"2023-07-31T11:05:23+00:00\",\"dateModified\":\"2024-01-09T09:59:02+00:00\",\"mainEntityOfPage\":{\"@id\":\"https:\\\/\\\/www.info.valladolid.es\\\/blog\\\/patio-herreriano-pajarazos\\\/\"},\"wordCount\":717,\"commentCount\":0,\"image\":{\"@id\":\"https:\\\/\\\/www.info.valladolid.es\\\/blog\\\/patio-herreriano-pajarazos\\\/#primaryimage\"},\"thumbnailUrl\":\"https:\\\/\\\/www.info.valladolid.es\\\/blog\\\/wp-content\\\/uploads\\\/2023\\\/07\\\/pajarazos-blog-1.jpg\",\"articleSection\":[\"Arte y Museos\"],\"inLanguage\":\"es\",\"potentialAction\":[{\"@type\":\"CommentAction\",\"name\":\"Comment\",\"target\":[\"https:\\\/\\\/www.info.valladolid.es\\\/blog\\\/patio-herreriano-pajarazos\\\/#respond\"]}]},{\"@type\":\"WebPage\",\"@id\":\"https:\\\/\\\/www.info.valladolid.es\\\/blog\\\/patio-herreriano-pajarazos\\\/\",\"url\":\"https:\\\/\\\/www.info.valladolid.es\\\/blog\\\/patio-herreriano-pajarazos\\\/\",\"name\":\"Pajarazos, de David Betsu\u00e9, en el Museo Patio Herreriano\",\"isPartOf\":{\"@id\":\"https:\\\/\\\/www.info.valladolid.es\\\/blog\\\/#website\"},\"primaryImageOfPage\":{\"@id\":\"https:\\\/\\\/www.info.valladolid.es\\\/blog\\\/patio-herreriano-pajarazos\\\/#primaryimage\"},\"image\":{\"@id\":\"https:\\\/\\\/www.info.valladolid.es\\\/blog\\\/patio-herreriano-pajarazos\\\/#primaryimage\"},\"thumbnailUrl\":\"https:\\\/\\\/www.info.valladolid.es\\\/blog\\\/wp-content\\\/uploads\\\/2023\\\/07\\\/pajarazos-blog-1.jpg\",\"datePublished\":\"2023-07-31T11:05:23+00:00\",\"dateModified\":\"2024-01-09T09:59:02+00:00\",\"author\":{\"@id\":\"https:\\\/\\\/www.info.valladolid.es\\\/blog\\\/#\\\/schema\\\/person\\\/845cac97e6156a5a9c5abd68b7b9a5d5\"},\"description\":\"El artista barcelon\u00e9s David Betus\u00e9 presenta su \u00faltima muestra, Pajarazos, en Valladolid. Una oda al paisaje castellano en el Patio Herreriano.\",\"breadcrumb\":{\"@id\":\"https:\\\/\\\/www.info.valladolid.es\\\/blog\\\/patio-herreriano-pajarazos\\\/#breadcrumb\"},\"inLanguage\":\"es\",\"potentialAction\":[{\"@type\":\"ReadAction\",\"target\":[\"https:\\\/\\\/www.info.valladolid.es\\\/blog\\\/patio-herreriano-pajarazos\\\/\"]}]},{\"@type\":\"ImageObject\",\"inLanguage\":\"es\",\"@id\":\"https:\\\/\\\/www.info.valladolid.es\\\/blog\\\/patio-herreriano-pajarazos\\\/#primaryimage\",\"url\":\"https:\\\/\\\/www.info.valladolid.es\\\/blog\\\/wp-content\\\/uploads\\\/2023\\\/07\\\/pajarazos-blog-1.jpg\",\"contentUrl\":\"https:\\\/\\\/www.info.valladolid.es\\\/blog\\\/wp-content\\\/uploads\\\/2023\\\/07\\\/pajarazos-blog-1.jpg\",\"width\":900,\"height\":600},{\"@type\":\"BreadcrumbList\",\"@id\":\"https:\\\/\\\/www.info.valladolid.es\\\/blog\\\/patio-herreriano-pajarazos\\\/#breadcrumb\",\"itemListElement\":[{\"@type\":\"ListItem\",\"position\":1,\"name\":\"Home\",\"item\":\"https:\\\/\\\/www.info.valladolid.es\\\/blog\\\/\"},{\"@type\":\"ListItem\",\"position\":2,\"name\":\"El Patio Herreriano se asoma al paisaje castellano al Patio Herreriano con &#8216;Pajarazos&#8217;\"}]},{\"@type\":\"WebSite\",\"@id\":\"https:\\\/\\\/www.info.valladolid.es\\\/blog\\\/#website\",\"url\":\"https:\\\/\\\/www.info.valladolid.es\\\/blog\\\/\",\"name\":\"Blog Cultura y Turismo\",\"description\":\"\",\"potentialAction\":[{\"@type\":\"SearchAction\",\"target\":{\"@type\":\"EntryPoint\",\"urlTemplate\":\"https:\\\/\\\/www.info.valladolid.es\\\/blog\\\/?s={search_term_string}\"},\"query-input\":{\"@type\":\"PropertyValueSpecification\",\"valueRequired\":true,\"valueName\":\"search_term_string\"}}],\"inLanguage\":\"es\"},{\"@type\":\"Person\",\"@id\":\"https:\\\/\\\/www.info.valladolid.es\\\/blog\\\/#\\\/schema\\\/person\\\/845cac97e6156a5a9c5abd68b7b9a5d5\",\"name\":\"administrador\",\"image\":{\"@type\":\"ImageObject\",\"inLanguage\":\"es\",\"@id\":\"https:\\\/\\\/secure.gravatar.com\\\/avatar\\\/418161d2f95196597e2d305bd301c850afab7f4b284a344fb2d759f048b71c61?s=96&d=mm&r=g\",\"url\":\"https:\\\/\\\/secure.gravatar.com\\\/avatar\\\/418161d2f95196597e2d305bd301c850afab7f4b284a344fb2d759f048b71c61?s=96&d=mm&r=g\",\"contentUrl\":\"https:\\\/\\\/secure.gravatar.com\\\/avatar\\\/418161d2f95196597e2d305bd301c850afab7f4b284a344fb2d759f048b71c61?s=96&d=mm&r=g\",\"caption\":\"administrador\"},\"url\":\"https:\\\/\\\/www.info.valladolid.es\\\/blog\\\/author\\\/administrador\\\/\"}]}<\/script>\n<!-- \/ Yoast SEO plugin. -->","yoast_head_json":{"title":"Pajarazos, de David Betsu\u00e9, en el Museo Patio Herreriano","description":"El artista barcelon\u00e9s David Betus\u00e9 presenta su \u00faltima muestra, Pajarazos, en Valladolid. Una oda al paisaje castellano en el Patio Herreriano.","robots":{"index":"index","follow":"follow","max-snippet":"max-snippet:-1","max-image-preview":"max-image-preview:large","max-video-preview":"max-video-preview:-1"},"canonical":"https:\/\/www.info.valladolid.es\/blog\/patio-herreriano-pajarazos\/","og_locale":"es_ES","og_type":"article","og_title":"Pajarazos, de David Betsu\u00e9, en el Museo Patio Herreriano","og_description":"El artista barcelon\u00e9s David Betus\u00e9 presenta su \u00faltima muestra, Pajarazos, en Valladolid. Una oda al paisaje castellano en el Patio Herreriano.","og_url":"https:\/\/www.info.valladolid.es\/blog\/patio-herreriano-pajarazos\/","og_site_name":"Blog Cultura y Turismo","article_published_time":"2023-07-31T11:05:23+00:00","article_modified_time":"2024-01-09T09:59:02+00:00","og_image":[{"width":900,"height":600,"url":"https:\/\/www.info.valladolid.es\/blog\/wp-content\/uploads\/2023\/07\/pajarazos-blog-1.jpg","type":"image\/jpeg"}],"author":"administrador","twitter_card":"summary_large_image","twitter_misc":{"Escrito por":"administrador","Tiempo de lectura":"5 minutos"},"schema":{"@context":"https:\/\/schema.org","@graph":[{"@type":"Article","@id":"https:\/\/www.info.valladolid.es\/blog\/patio-herreriano-pajarazos\/#article","isPartOf":{"@id":"https:\/\/www.info.valladolid.es\/blog\/patio-herreriano-pajarazos\/"},"author":{"name":"administrador","@id":"https:\/\/www.info.valladolid.es\/blog\/#\/schema\/person\/845cac97e6156a5a9c5abd68b7b9a5d5"},"headline":"El Patio Herreriano se asoma al paisaje castellano al Patio Herreriano con &#8216;Pajarazos&#8217;","datePublished":"2023-07-31T11:05:23+00:00","dateModified":"2024-01-09T09:59:02+00:00","mainEntityOfPage":{"@id":"https:\/\/www.info.valladolid.es\/blog\/patio-herreriano-pajarazos\/"},"wordCount":717,"commentCount":0,"image":{"@id":"https:\/\/www.info.valladolid.es\/blog\/patio-herreriano-pajarazos\/#primaryimage"},"thumbnailUrl":"https:\/\/www.info.valladolid.es\/blog\/wp-content\/uploads\/2023\/07\/pajarazos-blog-1.jpg","articleSection":["Arte y Museos"],"inLanguage":"es","potentialAction":[{"@type":"CommentAction","name":"Comment","target":["https:\/\/www.info.valladolid.es\/blog\/patio-herreriano-pajarazos\/#respond"]}]},{"@type":"WebPage","@id":"https:\/\/www.info.valladolid.es\/blog\/patio-herreriano-pajarazos\/","url":"https:\/\/www.info.valladolid.es\/blog\/patio-herreriano-pajarazos\/","name":"Pajarazos, de David Betsu\u00e9, en el Museo Patio Herreriano","isPartOf":{"@id":"https:\/\/www.info.valladolid.es\/blog\/#website"},"primaryImageOfPage":{"@id":"https:\/\/www.info.valladolid.es\/blog\/patio-herreriano-pajarazos\/#primaryimage"},"image":{"@id":"https:\/\/www.info.valladolid.es\/blog\/patio-herreriano-pajarazos\/#primaryimage"},"thumbnailUrl":"https:\/\/www.info.valladolid.es\/blog\/wp-content\/uploads\/2023\/07\/pajarazos-blog-1.jpg","datePublished":"2023-07-31T11:05:23+00:00","dateModified":"2024-01-09T09:59:02+00:00","author":{"@id":"https:\/\/www.info.valladolid.es\/blog\/#\/schema\/person\/845cac97e6156a5a9c5abd68b7b9a5d5"},"description":"El artista barcelon\u00e9s David Betus\u00e9 presenta su \u00faltima muestra, Pajarazos, en Valladolid. Una oda al paisaje castellano en el Patio Herreriano.","breadcrumb":{"@id":"https:\/\/www.info.valladolid.es\/blog\/patio-herreriano-pajarazos\/#breadcrumb"},"inLanguage":"es","potentialAction":[{"@type":"ReadAction","target":["https:\/\/www.info.valladolid.es\/blog\/patio-herreriano-pajarazos\/"]}]},{"@type":"ImageObject","inLanguage":"es","@id":"https:\/\/www.info.valladolid.es\/blog\/patio-herreriano-pajarazos\/#primaryimage","url":"https:\/\/www.info.valladolid.es\/blog\/wp-content\/uploads\/2023\/07\/pajarazos-blog-1.jpg","contentUrl":"https:\/\/www.info.valladolid.es\/blog\/wp-content\/uploads\/2023\/07\/pajarazos-blog-1.jpg","width":900,"height":600},{"@type":"BreadcrumbList","@id":"https:\/\/www.info.valladolid.es\/blog\/patio-herreriano-pajarazos\/#breadcrumb","itemListElement":[{"@type":"ListItem","position":1,"name":"Home","item":"https:\/\/www.info.valladolid.es\/blog\/"},{"@type":"ListItem","position":2,"name":"El Patio Herreriano se asoma al paisaje castellano al Patio Herreriano con &#8216;Pajarazos&#8217;"}]},{"@type":"WebSite","@id":"https:\/\/www.info.valladolid.es\/blog\/#website","url":"https:\/\/www.info.valladolid.es\/blog\/","name":"Blog Cultura y Turismo","description":"","potentialAction":[{"@type":"SearchAction","target":{"@type":"EntryPoint","urlTemplate":"https:\/\/www.info.valladolid.es\/blog\/?s={search_term_string}"},"query-input":{"@type":"PropertyValueSpecification","valueRequired":true,"valueName":"search_term_string"}}],"inLanguage":"es"},{"@type":"Person","@id":"https:\/\/www.info.valladolid.es\/blog\/#\/schema\/person\/845cac97e6156a5a9c5abd68b7b9a5d5","name":"administrador","image":{"@type":"ImageObject","inLanguage":"es","@id":"https:\/\/secure.gravatar.com\/avatar\/418161d2f95196597e2d305bd301c850afab7f4b284a344fb2d759f048b71c61?s=96&d=mm&r=g","url":"https:\/\/secure.gravatar.com\/avatar\/418161d2f95196597e2d305bd301c850afab7f4b284a344fb2d759f048b71c61?s=96&d=mm&r=g","contentUrl":"https:\/\/secure.gravatar.com\/avatar\/418161d2f95196597e2d305bd301c850afab7f4b284a344fb2d759f048b71c61?s=96&d=mm&r=g","caption":"administrador"},"url":"https:\/\/www.info.valladolid.es\/blog\/author\/administrador\/"}]}},"_links":{"self":[{"href":"https:\/\/www.info.valladolid.es\/blog\/wp-json\/wp\/v2\/posts\/9650","targetHints":{"allow":["GET"]}}],"collection":[{"href":"https:\/\/www.info.valladolid.es\/blog\/wp-json\/wp\/v2\/posts"}],"about":[{"href":"https:\/\/www.info.valladolid.es\/blog\/wp-json\/wp\/v2\/types\/post"}],"author":[{"embeddable":true,"href":"https:\/\/www.info.valladolid.es\/blog\/wp-json\/wp\/v2\/users\/1"}],"replies":[{"embeddable":true,"href":"https:\/\/www.info.valladolid.es\/blog\/wp-json\/wp\/v2\/comments?post=9650"}],"version-history":[{"count":7,"href":"https:\/\/www.info.valladolid.es\/blog\/wp-json\/wp\/v2\/posts\/9650\/revisions"}],"predecessor-version":[{"id":9664,"href":"https:\/\/www.info.valladolid.es\/blog\/wp-json\/wp\/v2\/posts\/9650\/revisions\/9664"}],"wp:featuredmedia":[{"embeddable":true,"href":"https:\/\/www.info.valladolid.es\/blog\/wp-json\/wp\/v2\/media\/9656"}],"wp:attachment":[{"href":"https:\/\/www.info.valladolid.es\/blog\/wp-json\/wp\/v2\/media?parent=9650"}],"wp:term":[{"taxonomy":"category","embeddable":true,"href":"https:\/\/www.info.valladolid.es\/blog\/wp-json\/wp\/v2\/categories?post=9650"},{"taxonomy":"post_tag","embeddable":true,"href":"https:\/\/www.info.valladolid.es\/blog\/wp-json\/wp\/v2\/tags?post=9650"}],"curies":[{"name":"wp","href":"https:\/\/api.w.org\/{rel}","templated":true}]}}