{"id":9540,"date":"2024-03-05T09:55:45","date_gmt":"2024-03-05T09:55:45","guid":{"rendered":"https:\/\/www.info.valladolid.es\/blog\/?p=9540"},"modified":"2024-05-07T10:45:09","modified_gmt":"2024-05-07T10:45:09","slug":"catalina-de-lancaster-primera-princesa-de-asturias","status":"publish","type":"post","link":"https:\/\/www.info.valladolid.es\/blog\/catalina-de-lancaster-primera-princesa-de-asturias\/","title":{"rendered":"Catalina de Lancaster, primera Princesa de Asturias"},"content":{"rendered":"\n<p>Recordada por ser la primera mujer en ostentar el t\u00edtulo de Princesa de Asturias y abuela de Isabel la Cat\u00f3lica, la historia de Catalina de Lancaster est\u00e1 estrechamente ligada a Valladolid, ciudad donde muri\u00f3 a la temprana edad de 45 a\u00f1os. Aqu\u00ed termin\u00f3 sus d\u00edas una de las reinas m\u00e1s relevantes de su \u00e9poca, que ostent\u00f3 poder pol\u00edtico como regente de Juan II, igual que la &#8216;tres veces reina&#8217; Mar\u00eda de Molina, lejana ascendente -abuela de la tatarabuela- de su marido, el rey Enrique III de Castilla. <\/p>\n\n\n\n<p>Nacida en Hertford y criada en el castillo ducal de Melbourne, era hija del duque de Lancaster, Juan de Gante, hijo de Eduardo III de Inglaterra, y de la infanta Constanza de Castilla, hija del rey Pedro el Cruel. A la muerte del rey ingl\u00e9s no fue Juan de Gante, sino el sobrino del monarca, Ricardo -inmortalizado en la obra de Shakespeare-, elegido heredero. Esta situaci\u00f3n movi\u00f3 al duque a reclamar el trono de Castilla en su nombre y en el de su esposa Constanza; una ofensiva pol\u00edtica que fracasa. La derrota de Juan I de Castilla promueve una nueva intervenci\u00f3n en la pol\u00edtica castellana, que desemboca en el Tratado de Windsor de 1386. Ese mismo a\u00f1o, embarca Catalina de Lancaster junto a sus padres, rumbo a la tierra sobre la que reinar\u00eda. S\u00f3lo dos a\u00f1os despu\u00e9s, el 1388, se firma el Tratado de Bayona, que pone fin al conflicto din\u00e1stico a trav\u00e9s del matrimonio concertado entre Catalina y su primo, Enrique de Trast\u00e1mara. <\/p>\n\n\n\n<p>Comienza as\u00ed no s\u00f3lo al dinast\u00eda de los Trast\u00e1mara, una de las m\u00e1s recordadas de la historia gracias a la imborrable figura de Isabel I &#8216;La Cat\u00f3lica&#8217;, sino tambi\u00e9n la costumbre de imponer el t\u00edtulo de pr\u00edncipes de Asturias a los herederos a la Corona, eco del t\u00edtulo de pr\u00edncipe de Gales en la tierra natal de Catalina. <\/p>\n\n\n\n<p>Aunque como reina consorte no se involucr\u00f3 directamente en asuntos de Estado, Catalina dise\u00f1\u00f3 una red de alianzas diplom\u00e1ticas y familiares. Impuls\u00f3, entre otros movimientos, la liberaci\u00f3n de los hijos de su abuelo, Pedro I; fortaleci\u00f3 los lazos con Inglaterra y logr\u00f3 revertir a la Corona las ciudades en Bayona concedidas a su madre Constanza. <\/p>\n\n\n\n<p>Con apenas 17 a\u00f1os, Enrique comenz\u00f3 a manifestar signos de enfermedad -seguramente, un tipo de lepra tuberculoide-. Pese al conocido estado de salud del rey, los 13 a\u00f1os que tard\u00f3 el matrimonio en tener descendencia eran relacionados por los cronistas de la \u00e9poca con las costumbres de la reina en la mesa de \u00abtomar m\u00e1s alimento en las comidas de lo que es regular en las mujeres\u00bb. <\/p>\n\n\n\n<p>En 1401 naci\u00f3 la primog\u00e9nita, Mar\u00eda, y dos a\u00f1os despu\u00e9s, Catalina. Mientras el matrimonio ansiaba un hijo var\u00f3n para asegurar una sucesi\u00f3n pol\u00edtica sin conflictos, el hermano del rey, Fernando I de Arag\u00f3n, no dejaba de engendrar v\u00e1stagos -tuvo siete, cinco de ellos, ni\u00f1os varones-. En tal situaci\u00f3n, Fernando acariciaba la corona. Para complicar la espera, a los problemas de salud de Enrique se unieron los de Catalina, diagnosticada de &#8216;perles\u00eda&#8217; (P\u00e1rkinson). <\/p>\n\n\n\n<p>En 1405, nace el ansiado heredero, Juan. La felicidad de la pareja se ve truncada un a\u00f1o despu\u00e9s, con la muerte del rey Enrique III, cuando el infante ten\u00eda s\u00f3lo 22 meses de edad. El testamento regio confiaba la regencia a la reina y a Fernando. Se abre una ardua etapa en la que cada uno busca defender sus intereses, tambi\u00e9n territoriales, y su posici\u00f3n sin comprometer la estabilidad del reino, un largo camino durante el que Catalina demostr\u00f3 gran habilidad negociadora y maestr\u00eda para alcanzar acuerdos, mientras fortalec\u00eda del poder pol\u00edtico de la Corona. Hubo, no obstante, un aspecto que uni\u00f3 a los dos regentes: el apoyo a Benedicto XIII, el papa Luna, en el cisma de la Iglesia. <\/p>\n\n\n\n<p>Muestra de las estrategias de Catalina fue el apoyo a su cu\u00f1ado cuando se abri\u00f3 el debate sucesorio en Arag\u00f3n. La reina apoy\u00f3 firmemente su candidatura y renunci\u00f3 a todos los derechos que pudiera tener su hijo en dicha empresa, con la esperanza de asumir en exclusiva la regencia. Como bien predijo Catalina, cuando Fernando es nombrado rey de Arag\u00f3n, renuncia a su papel para con el joven Juan. Cuando dos a\u00f1os despu\u00e9s, en 1416, fallece Fernando, Catalina puede, al fin, ejercer la regencia de Castilla con total independencia. <\/p>\n\n\n\n<p>As\u00ed, la reina abandona las aspiraciones belicistas de su cu\u00f1ado, firma tregua con Granada y focaliza sus esfuerzos en legar a su hijo un reino estable y en paz. <\/p>\n\n\n\n<p>La salud de Catalina empeora r\u00e1pidamente en 1418. La reina pide ser trasladada a Valladolid, donde fallece el 2 de junio. Sus restos fueron llevados a la Catedral de Toledo, donde a\u00fan yace junto su marido. <\/p>\n\n\n\n<p>La huella de Catalina de Lancaster se imprime, tambi\u00e9n, en la configuraci\u00f3n urban\u00edstica de nuestra ciudad. Influenciada por Vicente Ferrer, dicta en 1412 el conocido como &#8216;Ordenamiento de Valladolid&#8217;, una ordenanza que apartaba a los jud\u00edos de la actividad p\u00fablica y los relega a vivir aislados en su aljama. Configur\u00f3, as\u00ed, la nueva juder\u00eda de la ciudad, en el entorno de la iglesia de San Nicol\u00e1s, en lo que hoy son las calles Lecheras, Tahonas, Imperial, Isidro Polo y, c\u00f3mo no, de la Sinagoga; y <a href=\"https:\/\/www.info.valladolid.es\/blog\/la-leyenda-de-la-plaza-de-los-ciegos\/\">plazuelas como la de los Ciegos, cuya leyenda<\/a> permanece ligada a la aljama jud\u00eda. <\/p>\n\n\n\n<p><\/p>\n\n\n\n<p><\/p>\n\n\n\n<p><\/p>\n","protected":false},"excerpt":{"rendered":"<p>Recordada por ser la primera mujer en ostentar el t\u00edtulo de Princesa de Asturias y abuela de Isabel la Cat\u00f3lica, la historia de Catalina de Lancaster est\u00e1 estrechamente ligada a Valladolid, ciudad donde muri\u00f3 a la temprana edad de 45 a\u00f1os. Aqu\u00ed termin\u00f3 sus d\u00edas una de las reinas m\u00e1s relevantes de su \u00e9poca, que ostent\u00f3 poder pol\u00edtico como regente de Juan II, igual que la &#8216;tres veces reina&#8217; Mar\u00eda de Molina, lejana ascendente -abuela de la tatarabuela- de su marido, el rey Enrique III de Castilla. Nacida en Hertford y criada en el castillo ducal de Melbourne, era hija del duque de Lancaster, Juan de Gante, hijo de Eduardo III de Inglaterra, y de la infanta Constanza de Castilla, hija del rey Pedro el Cruel. A la muerte del rey ingl\u00e9s no fue Juan de Gante, sino el sobrino del monarca, Ricardo -inmortalizado en la obra de Shakespeare-, elegido heredero. Esta situaci\u00f3n movi\u00f3 al duque a reclamar el trono de Castilla en su nombre y en el de su esposa Constanza; una ofensiva pol\u00edtica que fracasa. La derrota de Juan I de Castilla promueve una nueva intervenci\u00f3n en la pol\u00edtica castellana, que desemboca en el Tratado de Windsor de [&hellip;]<\/p>\n","protected":false},"author":1,"featured_media":9956,"comment_status":"open","ping_status":"open","sticky":false,"template":"","format":"standard","meta":{"footnotes":""},"categories":[7],"tags":[140],"class_list":["post-9540","post","type-post","status-publish","format-standard","has-post-thumbnail","hentry","category-personajes_e_historia","tag-mujeres-ilustres-de-valladolid"],"yoast_head":"<!-- This site is optimized with the Yoast SEO plugin v27.4 - https:\/\/yoast.com\/product\/yoast-seo-wordpress\/ -->\n<title>Catalina de Lancaster, primera Princesa de Asturias - Blog Cultura y Turismo<\/title>\n<meta name=\"robots\" content=\"index, follow, max-snippet:-1, max-image-preview:large, max-video-preview:-1\" \/>\n<link rel=\"canonical\" href=\"https:\/\/www.info.valladolid.es\/blog\/catalina-de-lancaster-primera-princesa-de-asturias\/\" \/>\n<meta property=\"og:locale\" content=\"es_ES\" \/>\n<meta property=\"og:type\" content=\"article\" \/>\n<meta property=\"og:title\" content=\"Catalina de Lancaster, primera Princesa de Asturias - Blog Cultura y Turismo\" \/>\n<meta property=\"og:description\" content=\"Recordada por ser la primera mujer en ostentar el t\u00edtulo de Princesa de Asturias y abuela de Isabel la Cat\u00f3lica, la historia de Catalina de Lancaster est\u00e1 estrechamente ligada a Valladolid, ciudad donde muri\u00f3 a la temprana edad de 45 a\u00f1os. Aqu\u00ed termin\u00f3 sus d\u00edas una de las reinas m\u00e1s relevantes de su \u00e9poca, que ostent\u00f3 poder pol\u00edtico como regente de Juan II, igual que la &#8216;tres veces reina&#8217; Mar\u00eda de Molina, lejana ascendente -abuela de la tatarabuela- de su marido, el rey Enrique III de Castilla. Nacida en Hertford y criada en el castillo ducal de Melbourne, era hija del duque de Lancaster, Juan de Gante, hijo de Eduardo III de Inglaterra, y de la infanta Constanza de Castilla, hija del rey Pedro el Cruel. A la muerte del rey ingl\u00e9s no fue Juan de Gante, sino el sobrino del monarca, Ricardo -inmortalizado en la obra de Shakespeare-, elegido heredero. Esta situaci\u00f3n movi\u00f3 al duque a reclamar el trono de Castilla en su nombre y en el de su esposa Constanza; una ofensiva pol\u00edtica que fracasa. La derrota de Juan I de Castilla promueve una nueva intervenci\u00f3n en la pol\u00edtica castellana, que desemboca en el Tratado de Windsor de [&hellip;]\" \/>\n<meta property=\"og:url\" content=\"https:\/\/www.info.valladolid.es\/blog\/catalina-de-lancaster-primera-princesa-de-asturias\/\" \/>\n<meta property=\"og:site_name\" content=\"Blog Cultura y Turismo\" \/>\n<meta property=\"article:published_time\" content=\"2024-03-05T09:55:45+00:00\" \/>\n<meta property=\"article:modified_time\" content=\"2024-05-07T10:45:09+00:00\" \/>\n<meta property=\"og:image\" content=\"https:\/\/www.info.valladolid.es\/blog\/wp-content\/uploads\/2024\/03\/catalina-de-lancaster.png\" \/>\n\t<meta property=\"og:image:width\" content=\"900\" \/>\n\t<meta property=\"og:image:height\" content=\"600\" \/>\n\t<meta property=\"og:image:type\" content=\"image\/png\" \/>\n<meta name=\"author\" content=\"administrador\" \/>\n<meta name=\"twitter:card\" content=\"summary_large_image\" \/>\n<meta name=\"twitter:label1\" content=\"Escrito por\" \/>\n\t<meta name=\"twitter:data1\" content=\"administrador\" \/>\n\t<meta name=\"twitter:label2\" content=\"Tiempo de lectura\" \/>\n\t<meta name=\"twitter:data2\" content=\"5 minutos\" \/>\n<script type=\"application\/ld+json\" class=\"yoast-schema-graph\">{\"@context\":\"https:\\\/\\\/schema.org\",\"@graph\":[{\"@type\":\"Article\",\"@id\":\"https:\\\/\\\/www.info.valladolid.es\\\/blog\\\/catalina-de-lancaster-primera-princesa-de-asturias\\\/#article\",\"isPartOf\":{\"@id\":\"https:\\\/\\\/www.info.valladolid.es\\\/blog\\\/catalina-de-lancaster-primera-princesa-de-asturias\\\/\"},\"author\":{\"name\":\"administrador\",\"@id\":\"https:\\\/\\\/www.info.valladolid.es\\\/blog\\\/#\\\/schema\\\/person\\\/845cac97e6156a5a9c5abd68b7b9a5d5\"},\"headline\":\"Catalina de Lancaster, primera Princesa de Asturias\",\"datePublished\":\"2024-03-05T09:55:45+00:00\",\"dateModified\":\"2024-05-07T10:45:09+00:00\",\"mainEntityOfPage\":{\"@id\":\"https:\\\/\\\/www.info.valladolid.es\\\/blog\\\/catalina-de-lancaster-primera-princesa-de-asturias\\\/\"},\"wordCount\":945,\"commentCount\":0,\"image\":{\"@id\":\"https:\\\/\\\/www.info.valladolid.es\\\/blog\\\/catalina-de-lancaster-primera-princesa-de-asturias\\\/#primaryimage\"},\"thumbnailUrl\":\"https:\\\/\\\/www.info.valladolid.es\\\/blog\\\/wp-content\\\/uploads\\\/2024\\\/03\\\/catalina-de-lancaster.png\",\"keywords\":[\"mujeres ilustres de Valladolid\"],\"articleSection\":[\"Personajes e historia\"],\"inLanguage\":\"es\",\"potentialAction\":[{\"@type\":\"CommentAction\",\"name\":\"Comment\",\"target\":[\"https:\\\/\\\/www.info.valladolid.es\\\/blog\\\/catalina-de-lancaster-primera-princesa-de-asturias\\\/#respond\"]}]},{\"@type\":\"WebPage\",\"@id\":\"https:\\\/\\\/www.info.valladolid.es\\\/blog\\\/catalina-de-lancaster-primera-princesa-de-asturias\\\/\",\"url\":\"https:\\\/\\\/www.info.valladolid.es\\\/blog\\\/catalina-de-lancaster-primera-princesa-de-asturias\\\/\",\"name\":\"Catalina de Lancaster, primera Princesa de Asturias - Blog Cultura y Turismo\",\"isPartOf\":{\"@id\":\"https:\\\/\\\/www.info.valladolid.es\\\/blog\\\/#website\"},\"primaryImageOfPage\":{\"@id\":\"https:\\\/\\\/www.info.valladolid.es\\\/blog\\\/catalina-de-lancaster-primera-princesa-de-asturias\\\/#primaryimage\"},\"image\":{\"@id\":\"https:\\\/\\\/www.info.valladolid.es\\\/blog\\\/catalina-de-lancaster-primera-princesa-de-asturias\\\/#primaryimage\"},\"thumbnailUrl\":\"https:\\\/\\\/www.info.valladolid.es\\\/blog\\\/wp-content\\\/uploads\\\/2024\\\/03\\\/catalina-de-lancaster.png\",\"datePublished\":\"2024-03-05T09:55:45+00:00\",\"dateModified\":\"2024-05-07T10:45:09+00:00\",\"author\":{\"@id\":\"https:\\\/\\\/www.info.valladolid.es\\\/blog\\\/#\\\/schema\\\/person\\\/845cac97e6156a5a9c5abd68b7b9a5d5\"},\"breadcrumb\":{\"@id\":\"https:\\\/\\\/www.info.valladolid.es\\\/blog\\\/catalina-de-lancaster-primera-princesa-de-asturias\\\/#breadcrumb\"},\"inLanguage\":\"es\",\"potentialAction\":[{\"@type\":\"ReadAction\",\"target\":[\"https:\\\/\\\/www.info.valladolid.es\\\/blog\\\/catalina-de-lancaster-primera-princesa-de-asturias\\\/\"]}]},{\"@type\":\"ImageObject\",\"inLanguage\":\"es\",\"@id\":\"https:\\\/\\\/www.info.valladolid.es\\\/blog\\\/catalina-de-lancaster-primera-princesa-de-asturias\\\/#primaryimage\",\"url\":\"https:\\\/\\\/www.info.valladolid.es\\\/blog\\\/wp-content\\\/uploads\\\/2024\\\/03\\\/catalina-de-lancaster.png\",\"contentUrl\":\"https:\\\/\\\/www.info.valladolid.es\\\/blog\\\/wp-content\\\/uploads\\\/2024\\\/03\\\/catalina-de-lancaster.png\",\"width\":900,\"height\":600},{\"@type\":\"BreadcrumbList\",\"@id\":\"https:\\\/\\\/www.info.valladolid.es\\\/blog\\\/catalina-de-lancaster-primera-princesa-de-asturias\\\/#breadcrumb\",\"itemListElement\":[{\"@type\":\"ListItem\",\"position\":1,\"name\":\"Home\",\"item\":\"https:\\\/\\\/www.info.valladolid.es\\\/blog\\\/\"},{\"@type\":\"ListItem\",\"position\":2,\"name\":\"Catalina de Lancaster, primera Princesa de Asturias\"}]},{\"@type\":\"WebSite\",\"@id\":\"https:\\\/\\\/www.info.valladolid.es\\\/blog\\\/#website\",\"url\":\"https:\\\/\\\/www.info.valladolid.es\\\/blog\\\/\",\"name\":\"Blog Cultura y Turismo\",\"description\":\"\",\"potentialAction\":[{\"@type\":\"SearchAction\",\"target\":{\"@type\":\"EntryPoint\",\"urlTemplate\":\"https:\\\/\\\/www.info.valladolid.es\\\/blog\\\/?s={search_term_string}\"},\"query-input\":{\"@type\":\"PropertyValueSpecification\",\"valueRequired\":true,\"valueName\":\"search_term_string\"}}],\"inLanguage\":\"es\"},{\"@type\":\"Person\",\"@id\":\"https:\\\/\\\/www.info.valladolid.es\\\/blog\\\/#\\\/schema\\\/person\\\/845cac97e6156a5a9c5abd68b7b9a5d5\",\"name\":\"administrador\",\"image\":{\"@type\":\"ImageObject\",\"inLanguage\":\"es\",\"@id\":\"https:\\\/\\\/secure.gravatar.com\\\/avatar\\\/418161d2f95196597e2d305bd301c850afab7f4b284a344fb2d759f048b71c61?s=96&d=mm&r=g\",\"url\":\"https:\\\/\\\/secure.gravatar.com\\\/avatar\\\/418161d2f95196597e2d305bd301c850afab7f4b284a344fb2d759f048b71c61?s=96&d=mm&r=g\",\"contentUrl\":\"https:\\\/\\\/secure.gravatar.com\\\/avatar\\\/418161d2f95196597e2d305bd301c850afab7f4b284a344fb2d759f048b71c61?s=96&d=mm&r=g\",\"caption\":\"administrador\"},\"url\":\"https:\\\/\\\/www.info.valladolid.es\\\/blog\\\/author\\\/administrador\\\/\"}]}<\/script>\n<!-- \/ Yoast SEO plugin. -->","yoast_head_json":{"title":"Catalina de Lancaster, primera Princesa de Asturias - Blog Cultura y Turismo","robots":{"index":"index","follow":"follow","max-snippet":"max-snippet:-1","max-image-preview":"max-image-preview:large","max-video-preview":"max-video-preview:-1"},"canonical":"https:\/\/www.info.valladolid.es\/blog\/catalina-de-lancaster-primera-princesa-de-asturias\/","og_locale":"es_ES","og_type":"article","og_title":"Catalina de Lancaster, primera Princesa de Asturias - Blog Cultura y Turismo","og_description":"Recordada por ser la primera mujer en ostentar el t\u00edtulo de Princesa de Asturias y abuela de Isabel la Cat\u00f3lica, la historia de Catalina de Lancaster est\u00e1 estrechamente ligada a Valladolid, ciudad donde muri\u00f3 a la temprana edad de 45 a\u00f1os. Aqu\u00ed termin\u00f3 sus d\u00edas una de las reinas m\u00e1s relevantes de su \u00e9poca, que ostent\u00f3 poder pol\u00edtico como regente de Juan II, igual que la &#8216;tres veces reina&#8217; Mar\u00eda de Molina, lejana ascendente -abuela de la tatarabuela- de su marido, el rey Enrique III de Castilla. Nacida en Hertford y criada en el castillo ducal de Melbourne, era hija del duque de Lancaster, Juan de Gante, hijo de Eduardo III de Inglaterra, y de la infanta Constanza de Castilla, hija del rey Pedro el Cruel. A la muerte del rey ingl\u00e9s no fue Juan de Gante, sino el sobrino del monarca, Ricardo -inmortalizado en la obra de Shakespeare-, elegido heredero. Esta situaci\u00f3n movi\u00f3 al duque a reclamar el trono de Castilla en su nombre y en el de su esposa Constanza; una ofensiva pol\u00edtica que fracasa. La derrota de Juan I de Castilla promueve una nueva intervenci\u00f3n en la pol\u00edtica castellana, que desemboca en el Tratado de Windsor de [&hellip;]","og_url":"https:\/\/www.info.valladolid.es\/blog\/catalina-de-lancaster-primera-princesa-de-asturias\/","og_site_name":"Blog Cultura y Turismo","article_published_time":"2024-03-05T09:55:45+00:00","article_modified_time":"2024-05-07T10:45:09+00:00","og_image":[{"width":900,"height":600,"url":"https:\/\/www.info.valladolid.es\/blog\/wp-content\/uploads\/2024\/03\/catalina-de-lancaster.png","type":"image\/png"}],"author":"administrador","twitter_card":"summary_large_image","twitter_misc":{"Escrito por":"administrador","Tiempo de lectura":"5 minutos"},"schema":{"@context":"https:\/\/schema.org","@graph":[{"@type":"Article","@id":"https:\/\/www.info.valladolid.es\/blog\/catalina-de-lancaster-primera-princesa-de-asturias\/#article","isPartOf":{"@id":"https:\/\/www.info.valladolid.es\/blog\/catalina-de-lancaster-primera-princesa-de-asturias\/"},"author":{"name":"administrador","@id":"https:\/\/www.info.valladolid.es\/blog\/#\/schema\/person\/845cac97e6156a5a9c5abd68b7b9a5d5"},"headline":"Catalina de Lancaster, primera Princesa de Asturias","datePublished":"2024-03-05T09:55:45+00:00","dateModified":"2024-05-07T10:45:09+00:00","mainEntityOfPage":{"@id":"https:\/\/www.info.valladolid.es\/blog\/catalina-de-lancaster-primera-princesa-de-asturias\/"},"wordCount":945,"commentCount":0,"image":{"@id":"https:\/\/www.info.valladolid.es\/blog\/catalina-de-lancaster-primera-princesa-de-asturias\/#primaryimage"},"thumbnailUrl":"https:\/\/www.info.valladolid.es\/blog\/wp-content\/uploads\/2024\/03\/catalina-de-lancaster.png","keywords":["mujeres ilustres de Valladolid"],"articleSection":["Personajes e historia"],"inLanguage":"es","potentialAction":[{"@type":"CommentAction","name":"Comment","target":["https:\/\/www.info.valladolid.es\/blog\/catalina-de-lancaster-primera-princesa-de-asturias\/#respond"]}]},{"@type":"WebPage","@id":"https:\/\/www.info.valladolid.es\/blog\/catalina-de-lancaster-primera-princesa-de-asturias\/","url":"https:\/\/www.info.valladolid.es\/blog\/catalina-de-lancaster-primera-princesa-de-asturias\/","name":"Catalina de Lancaster, primera Princesa de Asturias - Blog Cultura y Turismo","isPartOf":{"@id":"https:\/\/www.info.valladolid.es\/blog\/#website"},"primaryImageOfPage":{"@id":"https:\/\/www.info.valladolid.es\/blog\/catalina-de-lancaster-primera-princesa-de-asturias\/#primaryimage"},"image":{"@id":"https:\/\/www.info.valladolid.es\/blog\/catalina-de-lancaster-primera-princesa-de-asturias\/#primaryimage"},"thumbnailUrl":"https:\/\/www.info.valladolid.es\/blog\/wp-content\/uploads\/2024\/03\/catalina-de-lancaster.png","datePublished":"2024-03-05T09:55:45+00:00","dateModified":"2024-05-07T10:45:09+00:00","author":{"@id":"https:\/\/www.info.valladolid.es\/blog\/#\/schema\/person\/845cac97e6156a5a9c5abd68b7b9a5d5"},"breadcrumb":{"@id":"https:\/\/www.info.valladolid.es\/blog\/catalina-de-lancaster-primera-princesa-de-asturias\/#breadcrumb"},"inLanguage":"es","potentialAction":[{"@type":"ReadAction","target":["https:\/\/www.info.valladolid.es\/blog\/catalina-de-lancaster-primera-princesa-de-asturias\/"]}]},{"@type":"ImageObject","inLanguage":"es","@id":"https:\/\/www.info.valladolid.es\/blog\/catalina-de-lancaster-primera-princesa-de-asturias\/#primaryimage","url":"https:\/\/www.info.valladolid.es\/blog\/wp-content\/uploads\/2024\/03\/catalina-de-lancaster.png","contentUrl":"https:\/\/www.info.valladolid.es\/blog\/wp-content\/uploads\/2024\/03\/catalina-de-lancaster.png","width":900,"height":600},{"@type":"BreadcrumbList","@id":"https:\/\/www.info.valladolid.es\/blog\/catalina-de-lancaster-primera-princesa-de-asturias\/#breadcrumb","itemListElement":[{"@type":"ListItem","position":1,"name":"Home","item":"https:\/\/www.info.valladolid.es\/blog\/"},{"@type":"ListItem","position":2,"name":"Catalina de Lancaster, primera Princesa de Asturias"}]},{"@type":"WebSite","@id":"https:\/\/www.info.valladolid.es\/blog\/#website","url":"https:\/\/www.info.valladolid.es\/blog\/","name":"Blog Cultura y Turismo","description":"","potentialAction":[{"@type":"SearchAction","target":{"@type":"EntryPoint","urlTemplate":"https:\/\/www.info.valladolid.es\/blog\/?s={search_term_string}"},"query-input":{"@type":"PropertyValueSpecification","valueRequired":true,"valueName":"search_term_string"}}],"inLanguage":"es"},{"@type":"Person","@id":"https:\/\/www.info.valladolid.es\/blog\/#\/schema\/person\/845cac97e6156a5a9c5abd68b7b9a5d5","name":"administrador","image":{"@type":"ImageObject","inLanguage":"es","@id":"https:\/\/secure.gravatar.com\/avatar\/418161d2f95196597e2d305bd301c850afab7f4b284a344fb2d759f048b71c61?s=96&d=mm&r=g","url":"https:\/\/secure.gravatar.com\/avatar\/418161d2f95196597e2d305bd301c850afab7f4b284a344fb2d759f048b71c61?s=96&d=mm&r=g","contentUrl":"https:\/\/secure.gravatar.com\/avatar\/418161d2f95196597e2d305bd301c850afab7f4b284a344fb2d759f048b71c61?s=96&d=mm&r=g","caption":"administrador"},"url":"https:\/\/www.info.valladolid.es\/blog\/author\/administrador\/"}]}},"_links":{"self":[{"href":"https:\/\/www.info.valladolid.es\/blog\/wp-json\/wp\/v2\/posts\/9540","targetHints":{"allow":["GET"]}}],"collection":[{"href":"https:\/\/www.info.valladolid.es\/blog\/wp-json\/wp\/v2\/posts"}],"about":[{"href":"https:\/\/www.info.valladolid.es\/blog\/wp-json\/wp\/v2\/types\/post"}],"author":[{"embeddable":true,"href":"https:\/\/www.info.valladolid.es\/blog\/wp-json\/wp\/v2\/users\/1"}],"replies":[{"embeddable":true,"href":"https:\/\/www.info.valladolid.es\/blog\/wp-json\/wp\/v2\/comments?post=9540"}],"version-history":[{"count":7,"href":"https:\/\/www.info.valladolid.es\/blog\/wp-json\/wp\/v2\/posts\/9540\/revisions"}],"predecessor-version":[{"id":9957,"href":"https:\/\/www.info.valladolid.es\/blog\/wp-json\/wp\/v2\/posts\/9540\/revisions\/9957"}],"wp:featuredmedia":[{"embeddable":true,"href":"https:\/\/www.info.valladolid.es\/blog\/wp-json\/wp\/v2\/media\/9956"}],"wp:attachment":[{"href":"https:\/\/www.info.valladolid.es\/blog\/wp-json\/wp\/v2\/media?parent=9540"}],"wp:term":[{"taxonomy":"category","embeddable":true,"href":"https:\/\/www.info.valladolid.es\/blog\/wp-json\/wp\/v2\/categories?post=9540"},{"taxonomy":"post_tag","embeddable":true,"href":"https:\/\/www.info.valladolid.es\/blog\/wp-json\/wp\/v2\/tags?post=9540"}],"curies":[{"name":"wp","href":"https:\/\/api.w.org\/{rel}","templated":true}]}}