{"id":9123,"date":"2022-04-11T08:50:06","date_gmt":"2022-04-11T08:50:06","guid":{"rendered":"https:\/\/www.info.valladolid.es\/blog\/?p=9123"},"modified":"2022-06-20T07:21:07","modified_gmt":"2022-06-20T07:21:07","slug":"novedades-en-la-semana-santa-de-valladolid-2022","status":"publish","type":"post","link":"https:\/\/www.info.valladolid.es\/blog\/novedades-en-la-semana-santa-de-valladolid-2022\/","title":{"rendered":"Novedades en la Semana Santa de Valladolid 2022"},"content":{"rendered":"\n<h2 class=\"wp-block-heading\">Viernes de Dolores<\/h2>\n\n\n\n<p>Por primera vez, la procesi\u00f3n de Perd\u00f3n y Esperanza se celebra el Viernes de Dolores (ocho de abril). A cargo de la Cofrad\u00eda de la Sagrada Cena que comienza en la Iglesia de San Pedro, mantiene como ubicaci\u00f3n del homenaje a los hermanos fallecidos este a\u00f1o la estatua en Portugalete, inaugurada en 2020.<\/p>\n\n\n\n<h2 class=\"wp-block-heading\">Domingo de Ramos<\/h2>\n\n\n\n<p>La Hermandad del Sant\u00edsimo Cristo Jes\u00fas de Medinaceli, Nuestra Se\u00f1ora de la Divina Misericordia y Disc\u00edpulo Amado estrena este a\u00f1o su nuevo nombre, aprobado en 2021. Otra de las novedades que presenta esta cofrad\u00eda es la incorporaci\u00f3n al paso Jes\u00fas de Medinaceli de un soldado romano tallado por la imaginera gaditana Ana Rey. Es la primera talla realizada por una mujer que procesionar\u00e1 en la Semana Santa de Valladolid.<\/p>\n\n\n\n<h2 class=\"wp-block-heading\">Jueves Santo<\/h2>\n\n\n\n<p>Este 2022, la Semana Santa de Valladolid <strong>estrena procesi\u00f3n: la de Cristo en Getseman\u00ed.<\/strong> Los pasos La Oraci\u00f3n del Huerto y El Prendimiento, portados por la Cofrad\u00eda de La Oraci\u00f3n del Huerto y San Pascual Bail\u00f3n, partir\u00e1n de la plaza de la Trinidad a las 19 horas y recorrer\u00e1n la calle San Quirce hasta plaza de San Pablo, calle de las Angustias, calle de Esgueva, calle de Juan Mambrilla y calle de Col\u00f3n hasta Las Salesas, que este 2022 es templo jubilar por el IV centenario del fallecimiento de San Francisco de Sales. Desde ah\u00ed, despu\u00e9s de un acto penitencial, continuar\u00e1 por la plaza de la Universidad y las calles de L\u00f3pez G\u00f3mez, N\u00fa\u00f1ez de Arce y Cascajares hasta la Catedral, donde se celebrar\u00e1 un acto de oraci\u00f3n.<\/p>\n\n\n\n<p><strong>Primera salida de la Procesi\u00f3n de la Amargura en el Monte Calvario desde 2019,<\/strong> cuando los actos p\u00fablicos de la Semana de Pasi\u00f3n fueron suspendidos por la pandemia de la COVID-19. Al paso de El Monte del Calvario se suma una Virgen de la Amargura del siglo XVIII.<\/p>\n\n\n\n<p>Tambi\u00e9n sale <strong>por primera vez despu\u00e9s de la pandemia la Estaci\u00f3n de Eucarist\u00eda de la Cofrad\u00eda de Nuestro Padre Jes\u00fas Resucitado, Mar\u00eda Sant\u00edsima de la Alegr\u00eda y las L\u00e1grimas de San Pedro<\/strong>. Con comienzo a las 19.30 horas en la Iglesia de Porta-Coeli, el paso Las L\u00e1grimas de San Pedro desfilar\u00e1 hasta la Catedral para, despu\u00e9s de una Estaci\u00f3n, continuar por la calle C\u00e1novas del Castillo, plaza de la Fuente Dorada, Plaza Mayor, calle Pasi\u00f3n, plaza de Santa Ana hasta la Iglesia de San Lorenzo.<\/p>\n\n\n\n<p><strong>Nuestra Se\u00f1ora de la Amargura de la Cofrad\u00eda del Sant\u00edsimo Cristo Despojado, Cristo Camino del Calvario y Nuestra Se\u00f1ora de la Amargura, estrena un elegante paso<\/strong>, cincelado a mano y ba\u00f1ado en plata; as\u00ed como una corona tipo diadema ornamentada con una cruz central y dieciocho estrellas. Puede verse en la procesi\u00f3n del Sant\u00edsimo Cristo Despojado y Nuestra Se\u00f1ora de la Amargura (Jueves Santo a las 20.30 horas con salida en la Iglesia de San Andr\u00e9s).<\/p>\n\n\n\n<p><strong>La Cofrad\u00eda de la Precios\u00edsima Sangre presenta nuevo recorrido<\/strong> tras la escisi\u00f3n de Penitencia y Caridad que comenzar\u00e1 a las 18 horas en la Iglesia de la Antigua. Despu\u00e9s de dos a\u00f1os sin procesionar debido a la situaci\u00f3n sanitaria causada por la COVID-19, este Jueves Santo ser\u00e1 el primero que salga en procesi\u00f3n el paso Mar\u00eda Sant\u00edsima de la Caridad. El recorrido incluye un acto de caridad frente al Hospital Cl\u00ednico.  <\/p>\n\n\n\n<p><strong>Reformada la Procesi\u00f3n de Penitencia y Caridad,<\/strong> desfilaran los tres pasos de la Cofrad\u00eda de Nuestra Se\u00f1ora de la Piedad: Cristo de la Humildad, Cristo de la Cruz a Mar\u00eda y La Quinta Angustia. El recorrido comienza en la Iglesia de San Mart\u00edn a las 19 horas. Mantiene la tradici\u00f3n del indulto de un preso, que en el paso por la Audiencia se suma al cortejo. <\/p>\n\n\n\n<h2 class=\"wp-block-heading\">S\u00e1bado Santo<\/h2>\n\n\n\n<p>Otra novedad es el <strong>traslado del paso Nuestra Se\u00f1ora de la Vera C<\/strong>ruz desde su templo hasta la Catedral para el Ofrecimiento de los Dolores a la Virgen del S\u00e1bado Santo (17.30 horas), lo que no ocurr\u00eda desde hace m\u00e1s de dos d\u00e9cadas.<\/p>\n\n\n\n<p><\/p>\n","protected":false},"excerpt":{"rendered":"<p>Viernes de Dolores Por primera vez, la procesi\u00f3n de Perd\u00f3n y Esperanza se celebra el Viernes de Dolores (ocho de abril). A cargo de la Cofrad\u00eda de la Sagrada Cena que comienza en la Iglesia de San Pedro, mantiene como ubicaci\u00f3n del homenaje a los hermanos fallecidos este a\u00f1o la estatua en Portugalete, inaugurada en 2020. Domingo de Ramos La Hermandad del Sant\u00edsimo Cristo Jes\u00fas de Medinaceli, Nuestra Se\u00f1ora de la Divina Misericordia y Disc\u00edpulo Amado estrena este a\u00f1o su nuevo nombre, aprobado en 2021. Otra de las novedades que presenta esta cofrad\u00eda es la incorporaci\u00f3n al paso Jes\u00fas de Medinaceli de un soldado romano tallado por la imaginera gaditana Ana Rey. Es la primera talla realizada por una mujer que procesionar\u00e1 en la Semana Santa de Valladolid. Jueves Santo Este 2022, la Semana Santa de Valladolid estrena procesi\u00f3n: la de Cristo en Getseman\u00ed. Los pasos La Oraci\u00f3n del Huerto y El Prendimiento, portados por la Cofrad\u00eda de La Oraci\u00f3n del Huerto y San Pascual Bail\u00f3n, partir\u00e1n de la plaza de la Trinidad a las 19 horas y recorrer\u00e1n la calle San Quirce hasta plaza de San Pablo, calle de las Angustias, calle de Esgueva, calle de Juan Mambrilla y [&hellip;]<\/p>\n","protected":false},"author":1,"featured_media":9106,"comment_status":"open","ping_status":"open","sticky":false,"template":"","format":"standard","meta":{"footnotes":""},"categories":[9],"tags":[],"class_list":["post-9123","post","type-post","status-publish","format-standard","has-post-thumbnail","hentry","category-eventos_y_festejos"],"yoast_head":"<!-- This site is optimized with the Yoast SEO plugin v27.4 - https:\/\/yoast.com\/product\/yoast-seo-wordpress\/ -->\n<title>Novedades en la Semana Santa de Valladolid 2022 - Blog Cultura y Turismo<\/title>\n<meta name=\"robots\" content=\"index, follow, max-snippet:-1, max-image-preview:large, max-video-preview:-1\" \/>\n<link rel=\"canonical\" href=\"https:\/\/www.info.valladolid.es\/blog\/novedades-en-la-semana-santa-de-valladolid-2022\/\" \/>\n<meta property=\"og:locale\" content=\"es_ES\" \/>\n<meta property=\"og:type\" content=\"article\" \/>\n<meta property=\"og:title\" content=\"Novedades en la Semana Santa de Valladolid 2022 - Blog Cultura y Turismo\" \/>\n<meta property=\"og:description\" content=\"Viernes de Dolores Por primera vez, la procesi\u00f3n de Perd\u00f3n y Esperanza se celebra el Viernes de Dolores (ocho de abril). A cargo de la Cofrad\u00eda de la Sagrada Cena que comienza en la Iglesia de San Pedro, mantiene como ubicaci\u00f3n del homenaje a los hermanos fallecidos este a\u00f1o la estatua en Portugalete, inaugurada en 2020. Domingo de Ramos La Hermandad del Sant\u00edsimo Cristo Jes\u00fas de Medinaceli, Nuestra Se\u00f1ora de la Divina Misericordia y Disc\u00edpulo Amado estrena este a\u00f1o su nuevo nombre, aprobado en 2021. Otra de las novedades que presenta esta cofrad\u00eda es la incorporaci\u00f3n al paso Jes\u00fas de Medinaceli de un soldado romano tallado por la imaginera gaditana Ana Rey. Es la primera talla realizada por una mujer que procesionar\u00e1 en la Semana Santa de Valladolid. Jueves Santo Este 2022, la Semana Santa de Valladolid estrena procesi\u00f3n: la de Cristo en Getseman\u00ed. Los pasos La Oraci\u00f3n del Huerto y El Prendimiento, portados por la Cofrad\u00eda de La Oraci\u00f3n del Huerto y San Pascual Bail\u00f3n, partir\u00e1n de la plaza de la Trinidad a las 19 horas y recorrer\u00e1n la calle San Quirce hasta plaza de San Pablo, calle de las Angustias, calle de Esgueva, calle de Juan Mambrilla y [&hellip;]\" \/>\n<meta property=\"og:url\" content=\"https:\/\/www.info.valladolid.es\/blog\/novedades-en-la-semana-santa-de-valladolid-2022\/\" \/>\n<meta property=\"og:site_name\" content=\"Blog Cultura y Turismo\" \/>\n<meta property=\"article:published_time\" content=\"2022-04-11T08:50:06+00:00\" \/>\n<meta property=\"article:modified_time\" content=\"2022-06-20T07:21:07+00:00\" \/>\n<meta property=\"og:image\" content=\"https:\/\/www.info.valladolid.es\/blog\/wp-content\/uploads\/2022\/04\/article-12.jpeg\" \/>\n\t<meta property=\"og:image:width\" content=\"700\" \/>\n\t<meta property=\"og:image:height\" content=\"448\" \/>\n\t<meta property=\"og:image:type\" content=\"image\/jpeg\" \/>\n<meta name=\"author\" content=\"administrador\" \/>\n<meta name=\"twitter:card\" content=\"summary_large_image\" \/>\n<meta name=\"twitter:label1\" content=\"Escrito por\" \/>\n\t<meta name=\"twitter:data1\" content=\"administrador\" \/>\n\t<meta name=\"twitter:label2\" content=\"Tiempo de lectura\" \/>\n\t<meta name=\"twitter:data2\" content=\"3 minutos\" \/>\n<script type=\"application\/ld+json\" class=\"yoast-schema-graph\">{\"@context\":\"https:\\\/\\\/schema.org\",\"@graph\":[{\"@type\":\"Article\",\"@id\":\"https:\\\/\\\/www.info.valladolid.es\\\/blog\\\/novedades-en-la-semana-santa-de-valladolid-2022\\\/#article\",\"isPartOf\":{\"@id\":\"https:\\\/\\\/www.info.valladolid.es\\\/blog\\\/novedades-en-la-semana-santa-de-valladolid-2022\\\/\"},\"author\":{\"name\":\"administrador\",\"@id\":\"https:\\\/\\\/www.info.valladolid.es\\\/blog\\\/#\\\/schema\\\/person\\\/845cac97e6156a5a9c5abd68b7b9a5d5\"},\"headline\":\"Novedades en la Semana Santa de Valladolid 2022\",\"datePublished\":\"2022-04-11T08:50:06+00:00\",\"dateModified\":\"2022-06-20T07:21:07+00:00\",\"mainEntityOfPage\":{\"@id\":\"https:\\\/\\\/www.info.valladolid.es\\\/blog\\\/novedades-en-la-semana-santa-de-valladolid-2022\\\/\"},\"wordCount\":720,\"commentCount\":1,\"image\":{\"@id\":\"https:\\\/\\\/www.info.valladolid.es\\\/blog\\\/novedades-en-la-semana-santa-de-valladolid-2022\\\/#primaryimage\"},\"thumbnailUrl\":\"https:\\\/\\\/www.info.valladolid.es\\\/blog\\\/wp-content\\\/uploads\\\/2022\\\/04\\\/article-12.jpeg\",\"articleSection\":[\"Eventos y festejos\"],\"inLanguage\":\"es\",\"potentialAction\":[{\"@type\":\"CommentAction\",\"name\":\"Comment\",\"target\":[\"https:\\\/\\\/www.info.valladolid.es\\\/blog\\\/novedades-en-la-semana-santa-de-valladolid-2022\\\/#respond\"]}]},{\"@type\":\"WebPage\",\"@id\":\"https:\\\/\\\/www.info.valladolid.es\\\/blog\\\/novedades-en-la-semana-santa-de-valladolid-2022\\\/\",\"url\":\"https:\\\/\\\/www.info.valladolid.es\\\/blog\\\/novedades-en-la-semana-santa-de-valladolid-2022\\\/\",\"name\":\"Novedades en la Semana Santa de Valladolid 2022 - Blog Cultura y Turismo\",\"isPartOf\":{\"@id\":\"https:\\\/\\\/www.info.valladolid.es\\\/blog\\\/#website\"},\"primaryImageOfPage\":{\"@id\":\"https:\\\/\\\/www.info.valladolid.es\\\/blog\\\/novedades-en-la-semana-santa-de-valladolid-2022\\\/#primaryimage\"},\"image\":{\"@id\":\"https:\\\/\\\/www.info.valladolid.es\\\/blog\\\/novedades-en-la-semana-santa-de-valladolid-2022\\\/#primaryimage\"},\"thumbnailUrl\":\"https:\\\/\\\/www.info.valladolid.es\\\/blog\\\/wp-content\\\/uploads\\\/2022\\\/04\\\/article-12.jpeg\",\"datePublished\":\"2022-04-11T08:50:06+00:00\",\"dateModified\":\"2022-06-20T07:21:07+00:00\",\"author\":{\"@id\":\"https:\\\/\\\/www.info.valladolid.es\\\/blog\\\/#\\\/schema\\\/person\\\/845cac97e6156a5a9c5abd68b7b9a5d5\"},\"breadcrumb\":{\"@id\":\"https:\\\/\\\/www.info.valladolid.es\\\/blog\\\/novedades-en-la-semana-santa-de-valladolid-2022\\\/#breadcrumb\"},\"inLanguage\":\"es\",\"potentialAction\":[{\"@type\":\"ReadAction\",\"target\":[\"https:\\\/\\\/www.info.valladolid.es\\\/blog\\\/novedades-en-la-semana-santa-de-valladolid-2022\\\/\"]}]},{\"@type\":\"ImageObject\",\"inLanguage\":\"es\",\"@id\":\"https:\\\/\\\/www.info.valladolid.es\\\/blog\\\/novedades-en-la-semana-santa-de-valladolid-2022\\\/#primaryimage\",\"url\":\"https:\\\/\\\/www.info.valladolid.es\\\/blog\\\/wp-content\\\/uploads\\\/2022\\\/04\\\/article-12.jpeg\",\"contentUrl\":\"https:\\\/\\\/www.info.valladolid.es\\\/blog\\\/wp-content\\\/uploads\\\/2022\\\/04\\\/article-12.jpeg\",\"width\":700,\"height\":448},{\"@type\":\"BreadcrumbList\",\"@id\":\"https:\\\/\\\/www.info.valladolid.es\\\/blog\\\/novedades-en-la-semana-santa-de-valladolid-2022\\\/#breadcrumb\",\"itemListElement\":[{\"@type\":\"ListItem\",\"position\":1,\"name\":\"Home\",\"item\":\"https:\\\/\\\/www.info.valladolid.es\\\/blog\\\/\"},{\"@type\":\"ListItem\",\"position\":2,\"name\":\"Novedades en la Semana Santa de Valladolid 2022\"}]},{\"@type\":\"WebSite\",\"@id\":\"https:\\\/\\\/www.info.valladolid.es\\\/blog\\\/#website\",\"url\":\"https:\\\/\\\/www.info.valladolid.es\\\/blog\\\/\",\"name\":\"Blog Cultura y Turismo\",\"description\":\"\",\"potentialAction\":[{\"@type\":\"SearchAction\",\"target\":{\"@type\":\"EntryPoint\",\"urlTemplate\":\"https:\\\/\\\/www.info.valladolid.es\\\/blog\\\/?s={search_term_string}\"},\"query-input\":{\"@type\":\"PropertyValueSpecification\",\"valueRequired\":true,\"valueName\":\"search_term_string\"}}],\"inLanguage\":\"es\"},{\"@type\":\"Person\",\"@id\":\"https:\\\/\\\/www.info.valladolid.es\\\/blog\\\/#\\\/schema\\\/person\\\/845cac97e6156a5a9c5abd68b7b9a5d5\",\"name\":\"administrador\",\"image\":{\"@type\":\"ImageObject\",\"inLanguage\":\"es\",\"@id\":\"https:\\\/\\\/secure.gravatar.com\\\/avatar\\\/418161d2f95196597e2d305bd301c850afab7f4b284a344fb2d759f048b71c61?s=96&d=mm&r=g\",\"url\":\"https:\\\/\\\/secure.gravatar.com\\\/avatar\\\/418161d2f95196597e2d305bd301c850afab7f4b284a344fb2d759f048b71c61?s=96&d=mm&r=g\",\"contentUrl\":\"https:\\\/\\\/secure.gravatar.com\\\/avatar\\\/418161d2f95196597e2d305bd301c850afab7f4b284a344fb2d759f048b71c61?s=96&d=mm&r=g\",\"caption\":\"administrador\"},\"url\":\"https:\\\/\\\/www.info.valladolid.es\\\/blog\\\/author\\\/administrador\\\/\"}]}<\/script>\n<!-- \/ Yoast SEO plugin. -->","yoast_head_json":{"title":"Novedades en la Semana Santa de Valladolid 2022 - Blog Cultura y Turismo","robots":{"index":"index","follow":"follow","max-snippet":"max-snippet:-1","max-image-preview":"max-image-preview:large","max-video-preview":"max-video-preview:-1"},"canonical":"https:\/\/www.info.valladolid.es\/blog\/novedades-en-la-semana-santa-de-valladolid-2022\/","og_locale":"es_ES","og_type":"article","og_title":"Novedades en la Semana Santa de Valladolid 2022 - Blog Cultura y Turismo","og_description":"Viernes de Dolores Por primera vez, la procesi\u00f3n de Perd\u00f3n y Esperanza se celebra el Viernes de Dolores (ocho de abril). A cargo de la Cofrad\u00eda de la Sagrada Cena que comienza en la Iglesia de San Pedro, mantiene como ubicaci\u00f3n del homenaje a los hermanos fallecidos este a\u00f1o la estatua en Portugalete, inaugurada en 2020. Domingo de Ramos La Hermandad del Sant\u00edsimo Cristo Jes\u00fas de Medinaceli, Nuestra Se\u00f1ora de la Divina Misericordia y Disc\u00edpulo Amado estrena este a\u00f1o su nuevo nombre, aprobado en 2021. Otra de las novedades que presenta esta cofrad\u00eda es la incorporaci\u00f3n al paso Jes\u00fas de Medinaceli de un soldado romano tallado por la imaginera gaditana Ana Rey. Es la primera talla realizada por una mujer que procesionar\u00e1 en la Semana Santa de Valladolid. Jueves Santo Este 2022, la Semana Santa de Valladolid estrena procesi\u00f3n: la de Cristo en Getseman\u00ed. Los pasos La Oraci\u00f3n del Huerto y El Prendimiento, portados por la Cofrad\u00eda de La Oraci\u00f3n del Huerto y San Pascual Bail\u00f3n, partir\u00e1n de la plaza de la Trinidad a las 19 horas y recorrer\u00e1n la calle San Quirce hasta plaza de San Pablo, calle de las Angustias, calle de Esgueva, calle de Juan Mambrilla y [&hellip;]","og_url":"https:\/\/www.info.valladolid.es\/blog\/novedades-en-la-semana-santa-de-valladolid-2022\/","og_site_name":"Blog Cultura y Turismo","article_published_time":"2022-04-11T08:50:06+00:00","article_modified_time":"2022-06-20T07:21:07+00:00","og_image":[{"width":700,"height":448,"url":"https:\/\/www.info.valladolid.es\/blog\/wp-content\/uploads\/2022\/04\/article-12.jpeg","type":"image\/jpeg"}],"author":"administrador","twitter_card":"summary_large_image","twitter_misc":{"Escrito por":"administrador","Tiempo de lectura":"3 minutos"},"schema":{"@context":"https:\/\/schema.org","@graph":[{"@type":"Article","@id":"https:\/\/www.info.valladolid.es\/blog\/novedades-en-la-semana-santa-de-valladolid-2022\/#article","isPartOf":{"@id":"https:\/\/www.info.valladolid.es\/blog\/novedades-en-la-semana-santa-de-valladolid-2022\/"},"author":{"name":"administrador","@id":"https:\/\/www.info.valladolid.es\/blog\/#\/schema\/person\/845cac97e6156a5a9c5abd68b7b9a5d5"},"headline":"Novedades en la Semana Santa de Valladolid 2022","datePublished":"2022-04-11T08:50:06+00:00","dateModified":"2022-06-20T07:21:07+00:00","mainEntityOfPage":{"@id":"https:\/\/www.info.valladolid.es\/blog\/novedades-en-la-semana-santa-de-valladolid-2022\/"},"wordCount":720,"commentCount":1,"image":{"@id":"https:\/\/www.info.valladolid.es\/blog\/novedades-en-la-semana-santa-de-valladolid-2022\/#primaryimage"},"thumbnailUrl":"https:\/\/www.info.valladolid.es\/blog\/wp-content\/uploads\/2022\/04\/article-12.jpeg","articleSection":["Eventos y festejos"],"inLanguage":"es","potentialAction":[{"@type":"CommentAction","name":"Comment","target":["https:\/\/www.info.valladolid.es\/blog\/novedades-en-la-semana-santa-de-valladolid-2022\/#respond"]}]},{"@type":"WebPage","@id":"https:\/\/www.info.valladolid.es\/blog\/novedades-en-la-semana-santa-de-valladolid-2022\/","url":"https:\/\/www.info.valladolid.es\/blog\/novedades-en-la-semana-santa-de-valladolid-2022\/","name":"Novedades en la Semana Santa de Valladolid 2022 - Blog Cultura y Turismo","isPartOf":{"@id":"https:\/\/www.info.valladolid.es\/blog\/#website"},"primaryImageOfPage":{"@id":"https:\/\/www.info.valladolid.es\/blog\/novedades-en-la-semana-santa-de-valladolid-2022\/#primaryimage"},"image":{"@id":"https:\/\/www.info.valladolid.es\/blog\/novedades-en-la-semana-santa-de-valladolid-2022\/#primaryimage"},"thumbnailUrl":"https:\/\/www.info.valladolid.es\/blog\/wp-content\/uploads\/2022\/04\/article-12.jpeg","datePublished":"2022-04-11T08:50:06+00:00","dateModified":"2022-06-20T07:21:07+00:00","author":{"@id":"https:\/\/www.info.valladolid.es\/blog\/#\/schema\/person\/845cac97e6156a5a9c5abd68b7b9a5d5"},"breadcrumb":{"@id":"https:\/\/www.info.valladolid.es\/blog\/novedades-en-la-semana-santa-de-valladolid-2022\/#breadcrumb"},"inLanguage":"es","potentialAction":[{"@type":"ReadAction","target":["https:\/\/www.info.valladolid.es\/blog\/novedades-en-la-semana-santa-de-valladolid-2022\/"]}]},{"@type":"ImageObject","inLanguage":"es","@id":"https:\/\/www.info.valladolid.es\/blog\/novedades-en-la-semana-santa-de-valladolid-2022\/#primaryimage","url":"https:\/\/www.info.valladolid.es\/blog\/wp-content\/uploads\/2022\/04\/article-12.jpeg","contentUrl":"https:\/\/www.info.valladolid.es\/blog\/wp-content\/uploads\/2022\/04\/article-12.jpeg","width":700,"height":448},{"@type":"BreadcrumbList","@id":"https:\/\/www.info.valladolid.es\/blog\/novedades-en-la-semana-santa-de-valladolid-2022\/#breadcrumb","itemListElement":[{"@type":"ListItem","position":1,"name":"Home","item":"https:\/\/www.info.valladolid.es\/blog\/"},{"@type":"ListItem","position":2,"name":"Novedades en la Semana Santa de Valladolid 2022"}]},{"@type":"WebSite","@id":"https:\/\/www.info.valladolid.es\/blog\/#website","url":"https:\/\/www.info.valladolid.es\/blog\/","name":"Blog Cultura y Turismo","description":"","potentialAction":[{"@type":"SearchAction","target":{"@type":"EntryPoint","urlTemplate":"https:\/\/www.info.valladolid.es\/blog\/?s={search_term_string}"},"query-input":{"@type":"PropertyValueSpecification","valueRequired":true,"valueName":"search_term_string"}}],"inLanguage":"es"},{"@type":"Person","@id":"https:\/\/www.info.valladolid.es\/blog\/#\/schema\/person\/845cac97e6156a5a9c5abd68b7b9a5d5","name":"administrador","image":{"@type":"ImageObject","inLanguage":"es","@id":"https:\/\/secure.gravatar.com\/avatar\/418161d2f95196597e2d305bd301c850afab7f4b284a344fb2d759f048b71c61?s=96&d=mm&r=g","url":"https:\/\/secure.gravatar.com\/avatar\/418161d2f95196597e2d305bd301c850afab7f4b284a344fb2d759f048b71c61?s=96&d=mm&r=g","contentUrl":"https:\/\/secure.gravatar.com\/avatar\/418161d2f95196597e2d305bd301c850afab7f4b284a344fb2d759f048b71c61?s=96&d=mm&r=g","caption":"administrador"},"url":"https:\/\/www.info.valladolid.es\/blog\/author\/administrador\/"}]}},"_links":{"self":[{"href":"https:\/\/www.info.valladolid.es\/blog\/wp-json\/wp\/v2\/posts\/9123","targetHints":{"allow":["GET"]}}],"collection":[{"href":"https:\/\/www.info.valladolid.es\/blog\/wp-json\/wp\/v2\/posts"}],"about":[{"href":"https:\/\/www.info.valladolid.es\/blog\/wp-json\/wp\/v2\/types\/post"}],"author":[{"embeddable":true,"href":"https:\/\/www.info.valladolid.es\/blog\/wp-json\/wp\/v2\/users\/1"}],"replies":[{"embeddable":true,"href":"https:\/\/www.info.valladolid.es\/blog\/wp-json\/wp\/v2\/comments?post=9123"}],"version-history":[{"count":1,"href":"https:\/\/www.info.valladolid.es\/blog\/wp-json\/wp\/v2\/posts\/9123\/revisions"}],"predecessor-version":[{"id":9124,"href":"https:\/\/www.info.valladolid.es\/blog\/wp-json\/wp\/v2\/posts\/9123\/revisions\/9124"}],"wp:featuredmedia":[{"embeddable":true,"href":"https:\/\/www.info.valladolid.es\/blog\/wp-json\/wp\/v2\/media\/9106"}],"wp:attachment":[{"href":"https:\/\/www.info.valladolid.es\/blog\/wp-json\/wp\/v2\/media?parent=9123"}],"wp:term":[{"taxonomy":"category","embeddable":true,"href":"https:\/\/www.info.valladolid.es\/blog\/wp-json\/wp\/v2\/categories?post=9123"},{"taxonomy":"post_tag","embeddable":true,"href":"https:\/\/www.info.valladolid.es\/blog\/wp-json\/wp\/v2\/tags?post=9123"}],"curies":[{"name":"wp","href":"https:\/\/api.w.org\/{rel}","templated":true}]}}