{"id":9108,"date":"2022-04-05T09:13:20","date_gmt":"2022-04-05T09:13:20","guid":{"rendered":"https:\/\/www.info.valladolid.es\/blog\/?p=9108"},"modified":"2023-04-14T07:54:35","modified_gmt":"2023-04-14T07:54:35","slug":"vallaquiz-especial-semana-santa","status":"publish","type":"post","link":"https:\/\/www.info.valladolid.es\/blog\/vallaquiz-especial-semana-santa\/","title":{"rendered":"Vallaquiz &#8211; Especial Semana Santa"},"content":{"rendered":"\t\t\r\n\t\t\t\r\n\r\n\t\t<style>\r\n\t\t\t#fca_qc_quiz_9096.fca_qc_quiz p:not( .fca_qc_back_response ):not( #fca_qc_question_right_or_wrong ):not( .fca_qc_question_response_correct_answer ):not( .fca_qc_question_response_response ):not( .fca_qc_question_response_hint ):not( .fca_qc_question_response_item p ),\r\n\t\t\t#fca_qc_quiz_9096.fca_qc_quiz a:not( .fca_qc_share_link ),\r\n\t\t\t#fca_qc_quiz_9096.fca_qc_quiz div:not( .correct-answer ):not( .wrong-answer ){\r\n\t\t\t\tcolor: #151515;\r\n\t\t\t}\r\n\r\n\t\t\t#fca_qc_quiz_9096.fca_qc_quiz div.fca-qc-back.correct-answer,\r\n\t\t\t#fca_qc_quiz_9096.fca_qc_quiz div.fca_qc_question_response_item.correct-answer {\r\n\t\t\t\tbackground-color: #abdc8c;\r\n\t\t\t}\r\n\r\n\t\t\t#fca_qc_quiz_9096.fca_qc_quiz div.fca-qc-back.wrong-answer,\r\n\t\t\t#fca_qc_quiz_9096.fca_qc_quiz div.fca_qc_question_response_item.wrong-answer {\r\n\t\t\t\tbackground-color: #f57484;\r\n\t\t\t}\r\n\r\n\t\t\t#fca_qc_quiz_9096.fca_qc_quiz div.fca_qc_question_response_item p {\r\n\t\t\t\tcolor: #151515;\r\n\t\t\t}\r\n\r\n\t\t\t#fca_qc_quiz_9096.fca_qc_quiz{\r\n\t\t\t\tborder: #151515 0px solid;\r\n\t\t\t\tborder-radius: 0pxpx;\r\n\t\t\t}\r\n\r\n\t\t\t#fca_qc_quiz_9096.fca_qc_quiz button.fca_qc_next_question {\r\n\t\t\t\tcolor: #151515;\r\n\t\t\t\tborder: #151515 2px solid;\r\n\t\t\t\tbackground-color:  transparent;\r\n\t\t\t}\r\n\r\n\t\t\t#fca_qc_quiz_9096.fca_qc_quiz button.fca_qc_next_question:hover {\r\n\t\t\t\tbackground-color: #FFFFFF;\r\n\t\t\t}\r\n\r\n\t\t\t#fca_qc_quiz_9096.fca_qc_quiz button.fca_qc_button {\r\n\t\t\t\tbackground-color: #58afa2;\r\n\t\t\t\tbox-shadow: 0 2px 0 0 #3c7d73;\r\n\t\t\t\tcolor: #FFFFFF;\r\n\t\t\t}\r\n\r\n\t\t\t#fca_qc_quiz_9096.fca_qc_quiz button.fca_qc_button:hover {\r\n\t\t\t\tbackground-color: #3c7d73;\r\n\t\t\t}\r\n\t\t\t\r\n\t\t\t#fca_qc_quiz_9096.fca_qc_quiz div.fca_qc_answer_div {\r\n\t\t\t\tbackground-color: #6d6d6d;\r\n\t\t\t\tborder: #6d6d6d 0px solid;\r\n\t\t\t}\r\n\r\n\t\t\t#fca_qc_quiz_9096.fca_qc_quiz div.fca_qc_answer_div.fakehover,\r\n\t\t\t#fca_qc_quiz_9096.fca_qc_quiz div.fca_qc_answer_div:active {\r\n\t\t\t\tbackground-color: #6868ac;\r\n\t\t\t}\r\n\r\n\t\t\t#fca_qc_quiz_9096.fca_qc_quiz span.fca_qc_answer_span {\r\n\t\t\t\tcolor: #ffffff;\r\n\t\t\t}\r\n\r\n\t\t\t\t\t<\/style>\r\n\t\t\t\r\n\t\t<div class='fca_qc_quiz' id='fca_qc_quiz_9096'>\r\n\t\t\t<span class='fca_qc_mobile_check'><\/span>\r\n\t\t\t\t\t\t<p class='fca_qc_quiz_title'>Vallaquiz especial Semana Santa<\/p>\r\n\t\t\t<div class='fca_qc_quiz_description'><p>La Semana Santa de Valladolid es uno de los momentos del a\u00f1o m\u00e1s esperados por los vecinos y m\u00e1s apreciados por los turistas (<u><a href=\"https:\/\/info.valladolid.es\/semana-santahttp:\/\/\">haz clic para consultar el programa de procesiones de la Semana Santa 2022<\/a><\/u>).<\/p><p>Te animamos a poner a prueba tus conocimientos sobre nuestra Semana de Pasi\u00f3n y, quiz\u00e1, aprender alguna curiosidad que a\u00fan no conoc\u00edas.<\/p><\/div>\r\n\t\t\t<img class='fca_qc_quiz_description_img' src='https:\/\/www.info.valladolid.es\/blog\/wp-content\/uploads\/2022\/04\/article-12.jpeg'>\r\n\t\t\t<button type='button' class='fca_qc_button fca_qc_start_button'>Start Quiz<\/button>\r\n\t\t\t\t\t\t\r\n\t\t\t<div class='flip-container fca_qc_quiz_div' style='display: none;'>\r\n\r\n\t\t\t\t\t\t\t\t<div class='fca-qc-flipper'>\r\n\t\t\t\t\t<div class='fca-qc-front' id='fca_qc_answer_container'><p id='fca_qc_question'>Question<\/p><img class='fca_qc_quiz_question_img' src=''><div class='fca_qc_answer_div' data-question='1'><img class='fca_qc_quiz_answer_img' src=''><span class='fca_qc_answer_span'><\/span><\/div><div class='fca_qc_answer_div' data-question='2'><img class='fca_qc_quiz_answer_img' src=''><span class='fca_qc_answer_span'><\/span><\/div><div class='fca_qc_answer_div' data-question='3'><img class='fca_qc_quiz_answer_img' src=''><span class='fca_qc_answer_span'><\/span><\/div><div class='fca_qc_answer_div' data-question='4'><img class='fca_qc_quiz_answer_img' src=''><span class='fca_qc_answer_span'><\/span><\/div><\/div> \r\n\t\t\t\t\t<div class='fca-qc-back' id='fca_qc_back_container'><p style='color: #000' id='fca_qc_question_right_or_wrong'><\/p><img class='fca_qc_quiz_question_img' src=''><span style='color: #000' id='fca_qc_question_back'><\/span><p style='color: #000' id='fca_qc_back_response_p' class='fca_qc_back_response'>Your answer: <span id='fca_qc_your_answer'><\/span><\/p><p style='color: #000' id='fca_qc_correct_answer_p' class='fca_qc_back_response'>Correct answer: <span id='fca_qc_correct_answer'><\/span><\/p><p style='color: #000' id='fca_qc_hint_p' class='fca_qc_back_response'><\/p><button type='button' class='fca_qc_next_question'>Next<\/button><\/div> \r\n\t\t\t\t\t\r\n\t\t\t\t<\/div>\r\n\t\t\t<\/div>\r\n\t\t\t<div class='fca_qc_score_container' style='display:none;'><div class='fca_qc_score_text'>You got {{SCORE_CORRECT}} out of {{SCORE_TOTAL}} <\/div><div class='fca_qc_score_time'><\/div><div class='fca_qc_score_title'><\/div><img class='fca_qc_score_img' src=''><div class='fca_qc_score_desc'><\/div><\/div> \r\n\t\t\t\r\n\t\t\t<div class='fca_qc_quiz_footer' style='display: none;'>\r\n\t\t\t\t<span class='fca_qc_question_count'><\/span>\t\t\r\n\t\t\t<\/div>\r\n\t\t\t\t\t\t\r\n\t\t\t<div class='fca_qc_your_answer_container' style='display:none;'><p class='fca_qc_your_answers_text'>Your Answers<\/p><div class='fca_qc_insert_response_above'><\/div><\/div> \r\n\t\t\t\r\n\t\t\t\r\n\t\t\t\r\n\t\t<\/div>\r\n\t\t\n","protected":false},"excerpt":{"rendered":"","protected":false},"author":1,"featured_media":9106,"comment_status":"open","ping_status":"open","sticky":false,"template":"","format":"standard","meta":{"footnotes":""},"categories":[9],"tags":[],"class_list":["post-9108","post","type-post","status-publish","format-standard","has-post-thumbnail","hentry","category-eventos_y_festejos"],"yoast_head":"<!-- This site is optimized with the Yoast SEO plugin v27.4 - https:\/\/yoast.com\/product\/yoast-seo-wordpress\/ -->\n<title>Vallaquiz - Especial Semana Santa - Blog Cultura y Turismo<\/title>\n<meta name=\"robots\" content=\"index, follow, max-snippet:-1, max-image-preview:large, max-video-preview:-1\" \/>\n<link rel=\"canonical\" href=\"https:\/\/www.info.valladolid.es\/blog\/vallaquiz-especial-semana-santa\/\" \/>\n<meta property=\"og:locale\" content=\"es_ES\" \/>\n<meta property=\"og:type\" content=\"article\" \/>\n<meta property=\"og:title\" content=\"Vallaquiz - Especial Semana Santa - Blog Cultura y Turismo\" \/>\n<meta property=\"og:url\" content=\"https:\/\/www.info.valladolid.es\/blog\/vallaquiz-especial-semana-santa\/\" \/>\n<meta property=\"og:site_name\" content=\"Blog Cultura y Turismo\" \/>\n<meta property=\"article:published_time\" content=\"2022-04-05T09:13:20+00:00\" \/>\n<meta property=\"article:modified_time\" content=\"2023-04-14T07:54:35+00:00\" \/>\n<meta property=\"og:image\" content=\"https:\/\/www.info.valladolid.es\/blog\/wp-content\/uploads\/2022\/04\/article-12.jpeg\" \/>\n\t<meta property=\"og:image:width\" content=\"700\" \/>\n\t<meta property=\"og:image:height\" content=\"448\" \/>\n\t<meta property=\"og:image:type\" content=\"image\/jpeg\" \/>\n<meta name=\"author\" content=\"administrador\" \/>\n<meta name=\"twitter:card\" content=\"summary_large_image\" \/>\n<meta name=\"twitter:label1\" content=\"Escrito por\" \/>\n\t<meta name=\"twitter:data1\" content=\"administrador\" \/>\n\t<meta name=\"twitter:label2\" content=\"Tiempo de lectura\" \/>\n\t<meta name=\"twitter:data2\" content=\"1 minuto\" \/>\n<script type=\"application\/ld+json\" class=\"yoast-schema-graph\">{\"@context\":\"https:\\\/\\\/schema.org\",\"@graph\":[{\"@type\":\"Article\",\"@id\":\"https:\\\/\\\/www.info.valladolid.es\\\/blog\\\/vallaquiz-especial-semana-santa\\\/#article\",\"isPartOf\":{\"@id\":\"https:\\\/\\\/www.info.valladolid.es\\\/blog\\\/vallaquiz-especial-semana-santa\\\/\"},\"author\":{\"name\":\"administrador\",\"@id\":\"https:\\\/\\\/www.info.valladolid.es\\\/blog\\\/#\\\/schema\\\/person\\\/845cac97e6156a5a9c5abd68b7b9a5d5\"},\"headline\":\"Vallaquiz &#8211; Especial Semana Santa\",\"datePublished\":\"2022-04-05T09:13:20+00:00\",\"dateModified\":\"2023-04-14T07:54:35+00:00\",\"mainEntityOfPage\":{\"@id\":\"https:\\\/\\\/www.info.valladolid.es\\\/blog\\\/vallaquiz-especial-semana-santa\\\/\"},\"wordCount\":7,\"commentCount\":0,\"image\":{\"@id\":\"https:\\\/\\\/www.info.valladolid.es\\\/blog\\\/vallaquiz-especial-semana-santa\\\/#primaryimage\"},\"thumbnailUrl\":\"https:\\\/\\\/www.info.valladolid.es\\\/blog\\\/wp-content\\\/uploads\\\/2022\\\/04\\\/article-12.jpeg\",\"articleSection\":[\"Eventos y festejos\"],\"inLanguage\":\"es\",\"potentialAction\":[{\"@type\":\"CommentAction\",\"name\":\"Comment\",\"target\":[\"https:\\\/\\\/www.info.valladolid.es\\\/blog\\\/vallaquiz-especial-semana-santa\\\/#respond\"]}]},{\"@type\":\"WebPage\",\"@id\":\"https:\\\/\\\/www.info.valladolid.es\\\/blog\\\/vallaquiz-especial-semana-santa\\\/\",\"url\":\"https:\\\/\\\/www.info.valladolid.es\\\/blog\\\/vallaquiz-especial-semana-santa\\\/\",\"name\":\"Vallaquiz - Especial Semana Santa - Blog Cultura y Turismo\",\"isPartOf\":{\"@id\":\"https:\\\/\\\/www.info.valladolid.es\\\/blog\\\/#website\"},\"primaryImageOfPage\":{\"@id\":\"https:\\\/\\\/www.info.valladolid.es\\\/blog\\\/vallaquiz-especial-semana-santa\\\/#primaryimage\"},\"image\":{\"@id\":\"https:\\\/\\\/www.info.valladolid.es\\\/blog\\\/vallaquiz-especial-semana-santa\\\/#primaryimage\"},\"thumbnailUrl\":\"https:\\\/\\\/www.info.valladolid.es\\\/blog\\\/wp-content\\\/uploads\\\/2022\\\/04\\\/article-12.jpeg\",\"datePublished\":\"2022-04-05T09:13:20+00:00\",\"dateModified\":\"2023-04-14T07:54:35+00:00\",\"author\":{\"@id\":\"https:\\\/\\\/www.info.valladolid.es\\\/blog\\\/#\\\/schema\\\/person\\\/845cac97e6156a5a9c5abd68b7b9a5d5\"},\"breadcrumb\":{\"@id\":\"https:\\\/\\\/www.info.valladolid.es\\\/blog\\\/vallaquiz-especial-semana-santa\\\/#breadcrumb\"},\"inLanguage\":\"es\",\"potentialAction\":[{\"@type\":\"ReadAction\",\"target\":[\"https:\\\/\\\/www.info.valladolid.es\\\/blog\\\/vallaquiz-especial-semana-santa\\\/\"]}]},{\"@type\":\"ImageObject\",\"inLanguage\":\"es\",\"@id\":\"https:\\\/\\\/www.info.valladolid.es\\\/blog\\\/vallaquiz-especial-semana-santa\\\/#primaryimage\",\"url\":\"https:\\\/\\\/www.info.valladolid.es\\\/blog\\\/wp-content\\\/uploads\\\/2022\\\/04\\\/article-12.jpeg\",\"contentUrl\":\"https:\\\/\\\/www.info.valladolid.es\\\/blog\\\/wp-content\\\/uploads\\\/2022\\\/04\\\/article-12.jpeg\",\"width\":700,\"height\":448},{\"@type\":\"BreadcrumbList\",\"@id\":\"https:\\\/\\\/www.info.valladolid.es\\\/blog\\\/vallaquiz-especial-semana-santa\\\/#breadcrumb\",\"itemListElement\":[{\"@type\":\"ListItem\",\"position\":1,\"name\":\"Home\",\"item\":\"https:\\\/\\\/www.info.valladolid.es\\\/blog\\\/\"},{\"@type\":\"ListItem\",\"position\":2,\"name\":\"Vallaquiz &#8211; Especial Semana Santa\"}]},{\"@type\":\"WebSite\",\"@id\":\"https:\\\/\\\/www.info.valladolid.es\\\/blog\\\/#website\",\"url\":\"https:\\\/\\\/www.info.valladolid.es\\\/blog\\\/\",\"name\":\"Blog Cultura y Turismo\",\"description\":\"\",\"potentialAction\":[{\"@type\":\"SearchAction\",\"target\":{\"@type\":\"EntryPoint\",\"urlTemplate\":\"https:\\\/\\\/www.info.valladolid.es\\\/blog\\\/?s={search_term_string}\"},\"query-input\":{\"@type\":\"PropertyValueSpecification\",\"valueRequired\":true,\"valueName\":\"search_term_string\"}}],\"inLanguage\":\"es\"},{\"@type\":\"Person\",\"@id\":\"https:\\\/\\\/www.info.valladolid.es\\\/blog\\\/#\\\/schema\\\/person\\\/845cac97e6156a5a9c5abd68b7b9a5d5\",\"name\":\"administrador\",\"image\":{\"@type\":\"ImageObject\",\"inLanguage\":\"es\",\"@id\":\"https:\\\/\\\/secure.gravatar.com\\\/avatar\\\/418161d2f95196597e2d305bd301c850afab7f4b284a344fb2d759f048b71c61?s=96&d=mm&r=g\",\"url\":\"https:\\\/\\\/secure.gravatar.com\\\/avatar\\\/418161d2f95196597e2d305bd301c850afab7f4b284a344fb2d759f048b71c61?s=96&d=mm&r=g\",\"contentUrl\":\"https:\\\/\\\/secure.gravatar.com\\\/avatar\\\/418161d2f95196597e2d305bd301c850afab7f4b284a344fb2d759f048b71c61?s=96&d=mm&r=g\",\"caption\":\"administrador\"},\"url\":\"https:\\\/\\\/www.info.valladolid.es\\\/blog\\\/author\\\/administrador\\\/\"}]}<\/script>\n<!-- \/ Yoast SEO plugin. -->","yoast_head_json":{"title":"Vallaquiz - Especial Semana Santa - Blog Cultura y Turismo","robots":{"index":"index","follow":"follow","max-snippet":"max-snippet:-1","max-image-preview":"max-image-preview:large","max-video-preview":"max-video-preview:-1"},"canonical":"https:\/\/www.info.valladolid.es\/blog\/vallaquiz-especial-semana-santa\/","og_locale":"es_ES","og_type":"article","og_title":"Vallaquiz - Especial Semana Santa - Blog Cultura y Turismo","og_url":"https:\/\/www.info.valladolid.es\/blog\/vallaquiz-especial-semana-santa\/","og_site_name":"Blog Cultura y Turismo","article_published_time":"2022-04-05T09:13:20+00:00","article_modified_time":"2023-04-14T07:54:35+00:00","og_image":[{"width":700,"height":448,"url":"https:\/\/www.info.valladolid.es\/blog\/wp-content\/uploads\/2022\/04\/article-12.jpeg","type":"image\/jpeg"}],"author":"administrador","twitter_card":"summary_large_image","twitter_misc":{"Escrito por":"administrador","Tiempo de lectura":"1 minuto"},"schema":{"@context":"https:\/\/schema.org","@graph":[{"@type":"Article","@id":"https:\/\/www.info.valladolid.es\/blog\/vallaquiz-especial-semana-santa\/#article","isPartOf":{"@id":"https:\/\/www.info.valladolid.es\/blog\/vallaquiz-especial-semana-santa\/"},"author":{"name":"administrador","@id":"https:\/\/www.info.valladolid.es\/blog\/#\/schema\/person\/845cac97e6156a5a9c5abd68b7b9a5d5"},"headline":"Vallaquiz &#8211; Especial Semana Santa","datePublished":"2022-04-05T09:13:20+00:00","dateModified":"2023-04-14T07:54:35+00:00","mainEntityOfPage":{"@id":"https:\/\/www.info.valladolid.es\/blog\/vallaquiz-especial-semana-santa\/"},"wordCount":7,"commentCount":0,"image":{"@id":"https:\/\/www.info.valladolid.es\/blog\/vallaquiz-especial-semana-santa\/#primaryimage"},"thumbnailUrl":"https:\/\/www.info.valladolid.es\/blog\/wp-content\/uploads\/2022\/04\/article-12.jpeg","articleSection":["Eventos y festejos"],"inLanguage":"es","potentialAction":[{"@type":"CommentAction","name":"Comment","target":["https:\/\/www.info.valladolid.es\/blog\/vallaquiz-especial-semana-santa\/#respond"]}]},{"@type":"WebPage","@id":"https:\/\/www.info.valladolid.es\/blog\/vallaquiz-especial-semana-santa\/","url":"https:\/\/www.info.valladolid.es\/blog\/vallaquiz-especial-semana-santa\/","name":"Vallaquiz - Especial Semana Santa - Blog Cultura y Turismo","isPartOf":{"@id":"https:\/\/www.info.valladolid.es\/blog\/#website"},"primaryImageOfPage":{"@id":"https:\/\/www.info.valladolid.es\/blog\/vallaquiz-especial-semana-santa\/#primaryimage"},"image":{"@id":"https:\/\/www.info.valladolid.es\/blog\/vallaquiz-especial-semana-santa\/#primaryimage"},"thumbnailUrl":"https:\/\/www.info.valladolid.es\/blog\/wp-content\/uploads\/2022\/04\/article-12.jpeg","datePublished":"2022-04-05T09:13:20+00:00","dateModified":"2023-04-14T07:54:35+00:00","author":{"@id":"https:\/\/www.info.valladolid.es\/blog\/#\/schema\/person\/845cac97e6156a5a9c5abd68b7b9a5d5"},"breadcrumb":{"@id":"https:\/\/www.info.valladolid.es\/blog\/vallaquiz-especial-semana-santa\/#breadcrumb"},"inLanguage":"es","potentialAction":[{"@type":"ReadAction","target":["https:\/\/www.info.valladolid.es\/blog\/vallaquiz-especial-semana-santa\/"]}]},{"@type":"ImageObject","inLanguage":"es","@id":"https:\/\/www.info.valladolid.es\/blog\/vallaquiz-especial-semana-santa\/#primaryimage","url":"https:\/\/www.info.valladolid.es\/blog\/wp-content\/uploads\/2022\/04\/article-12.jpeg","contentUrl":"https:\/\/www.info.valladolid.es\/blog\/wp-content\/uploads\/2022\/04\/article-12.jpeg","width":700,"height":448},{"@type":"BreadcrumbList","@id":"https:\/\/www.info.valladolid.es\/blog\/vallaquiz-especial-semana-santa\/#breadcrumb","itemListElement":[{"@type":"ListItem","position":1,"name":"Home","item":"https:\/\/www.info.valladolid.es\/blog\/"},{"@type":"ListItem","position":2,"name":"Vallaquiz &#8211; Especial Semana Santa"}]},{"@type":"WebSite","@id":"https:\/\/www.info.valladolid.es\/blog\/#website","url":"https:\/\/www.info.valladolid.es\/blog\/","name":"Blog Cultura y Turismo","description":"","potentialAction":[{"@type":"SearchAction","target":{"@type":"EntryPoint","urlTemplate":"https:\/\/www.info.valladolid.es\/blog\/?s={search_term_string}"},"query-input":{"@type":"PropertyValueSpecification","valueRequired":true,"valueName":"search_term_string"}}],"inLanguage":"es"},{"@type":"Person","@id":"https:\/\/www.info.valladolid.es\/blog\/#\/schema\/person\/845cac97e6156a5a9c5abd68b7b9a5d5","name":"administrador","image":{"@type":"ImageObject","inLanguage":"es","@id":"https:\/\/secure.gravatar.com\/avatar\/418161d2f95196597e2d305bd301c850afab7f4b284a344fb2d759f048b71c61?s=96&d=mm&r=g","url":"https:\/\/secure.gravatar.com\/avatar\/418161d2f95196597e2d305bd301c850afab7f4b284a344fb2d759f048b71c61?s=96&d=mm&r=g","contentUrl":"https:\/\/secure.gravatar.com\/avatar\/418161d2f95196597e2d305bd301c850afab7f4b284a344fb2d759f048b71c61?s=96&d=mm&r=g","caption":"administrador"},"url":"https:\/\/www.info.valladolid.es\/blog\/author\/administrador\/"}]}},"_links":{"self":[{"href":"https:\/\/www.info.valladolid.es\/blog\/wp-json\/wp\/v2\/posts\/9108","targetHints":{"allow":["GET"]}}],"collection":[{"href":"https:\/\/www.info.valladolid.es\/blog\/wp-json\/wp\/v2\/posts"}],"about":[{"href":"https:\/\/www.info.valladolid.es\/blog\/wp-json\/wp\/v2\/types\/post"}],"author":[{"embeddable":true,"href":"https:\/\/www.info.valladolid.es\/blog\/wp-json\/wp\/v2\/users\/1"}],"replies":[{"embeddable":true,"href":"https:\/\/www.info.valladolid.es\/blog\/wp-json\/wp\/v2\/comments?post=9108"}],"version-history":[{"count":1,"href":"https:\/\/www.info.valladolid.es\/blog\/wp-json\/wp\/v2\/posts\/9108\/revisions"}],"predecessor-version":[{"id":9109,"href":"https:\/\/www.info.valladolid.es\/blog\/wp-json\/wp\/v2\/posts\/9108\/revisions\/9109"}],"wp:featuredmedia":[{"embeddable":true,"href":"https:\/\/www.info.valladolid.es\/blog\/wp-json\/wp\/v2\/media\/9106"}],"wp:attachment":[{"href":"https:\/\/www.info.valladolid.es\/blog\/wp-json\/wp\/v2\/media?parent=9108"}],"wp:term":[{"taxonomy":"category","embeddable":true,"href":"https:\/\/www.info.valladolid.es\/blog\/wp-json\/wp\/v2\/categories?post=9108"},{"taxonomy":"post_tag","embeddable":true,"href":"https:\/\/www.info.valladolid.es\/blog\/wp-json\/wp\/v2\/tags?post=9108"}],"curies":[{"name":"wp","href":"https:\/\/api.w.org\/{rel}","templated":true}]}}