{"id":9012,"date":"2022-03-17T09:04:00","date_gmt":"2022-03-17T09:04:00","guid":{"rendered":"https:\/\/www.info.valladolid.es\/blog\/?p=9012"},"modified":"2022-06-20T07:21:12","modified_gmt":"2022-06-20T07:21:12","slug":"exposicion-tempus-sala-francesas","status":"publish","type":"post","link":"https:\/\/www.info.valladolid.es\/blog\/exposicion-tempus-sala-francesas\/","title":{"rendered":"Exposici\u00f3n &#8216;Tempus, un a\u00f1o de Cofrad\u00eda&#8217; en la Sala de Las Francesas"},"content":{"rendered":"\n<p>La Sala Municipal de Exposiciones de la Iglesia de Las Francesas acoge la muestra \u2018Tempus, un a\u00f1o de Cofrad\u00eda\u2019. Una exposici\u00f3n en torno a la Semana Santa que presenta el patrimonio art\u00edstico y espiritual de las hermandades vallisoletanas y que abarca los actos y momentos de devoci\u00f3n que viven estas cofrad\u00edas a lo largo de todo el a\u00f1o. <\/p>\n\n\n\n<p>\u2018Tempus, un a\u00f1o de Cofrad\u00eda\u2019 re\u00fane 47 piezas procedentes de parroquias, conventos y cofrad\u00edas de Valladolid, Medina de Rioseco y Megeces; esculturas, pinturas y objetos que han centrado el desarrollo de las hermandades desde el siglo XVI.<\/p>\n\n\n\n<ul class=\"wp-block-list\"><li>Puede visitarse hasta el 17 de abril en horario de martes a domingo y festivos de 12 a 14 y de 18.30 a 21.30 horas, con entrada gratuita.<\/li><\/ul>\n\n\n\n<div class=\"wp-block-buttons is-layout-flex wp-block-buttons-is-layout-flex\">\n<div class=\"wp-block-button is-style-outline is-style-outline--1\"><a class=\"wp-block-button__link\" href=\"https:\/\/www.info.valladolid.es\/blog\/wp-content\/uploads\/2022\/03\/Dossier-TEMPUS.pdf\"><strong>Descarga el dossier de &#8216;Tempus, un a\u00f1o de Cofrad\u00eda&#8217;<\/strong><\/a><\/div>\n<\/div>\n\n\n\n<div class=\"wp-block-image\"><figure class=\"aligncenter size-large\"><a href=\"https:\/\/www.info.valladolid.es\/blog\/wp-content\/uploads\/2022\/03\/tempus-exposicion.jpg\"><img loading=\"lazy\" decoding=\"async\" width=\"1024\" height=\"738\" src=\"https:\/\/www.info.valladolid.es\/blog\/wp-content\/uploads\/2022\/03\/tempus-exposicion-1024x738.jpg\" alt=\"\" class=\"wp-image-9058\" srcset=\"https:\/\/www.info.valladolid.es\/blog\/wp-content\/uploads\/2022\/03\/tempus-exposicion-1024x738.jpg 1024w, https:\/\/www.info.valladolid.es\/blog\/wp-content\/uploads\/2022\/03\/tempus-exposicion-300x216.jpg 300w, https:\/\/www.info.valladolid.es\/blog\/wp-content\/uploads\/2022\/03\/tempus-exposicion-768x553.jpg 768w, https:\/\/www.info.valladolid.es\/blog\/wp-content\/uploads\/2022\/03\/tempus-exposicion.jpg 1045w\" sizes=\"auto, (max-width: 1024px) 100vw, 1024px\" \/><\/a><\/figure><\/div>\n\n\n\n<p><strong>Una pieza in\u00e9dita<\/strong><\/p>\n\n\n\n<p>Entre todos los objetos que se muestran destaca un velo cuaresmal de seis metros de altura del siglo XVI, propiedad del Ayuntamiento de Valladolid. Despu\u00e9s de una minuciosa restauraci\u00f3n, se expone por primera vez al p\u00fablico.<\/p>\n\n\n\n<p>Esta &#8216;sarga de la Crucifixi\u00f3n&#8217;, atribuida a Juan de Villoldo, disc\u00edpulo de Alonso Berruguete, fue realizada hacia 1569. Estas sargas o velos, de grandes dimensiones, se colocaban sobre los retablos en Semana Santa. <\/p>\n\n\n\n<p>El que ahora se presenta est\u00e1 realizado sobre lino, al temple. Es la uni\u00f3n de cinco piezas -se pueden apreciar parches de diversas \u00e9pocas-. Presenta color, si bien apenas hay variaci\u00f3n, pues se mueve en la gama de los sepias y grises. <\/p>\n\n\n\n<p><strong>Pintura, escultura, objetos<\/strong><\/p>\n\n\n\n<p>Una de las piezas m\u00e1s curiosas que podr\u00e1 ver el visitante es una representaci\u00f3n de la flagelaci\u00f3n con piezas de solo ocho cent\u00edmetros de altura o un relieve de La visitaci\u00f3n, obra de Bernardo Rinc\u00f3n y Francisco Alonso de los R\u00edos (1648-1651) en madera policromada.<br>Hay, tambi\u00e9n, esculturas de los grandes maestros de la gubia, como Gregorio Fern\u00e1ndez y Alejandro de Vah\u00eda y destacados pintores como Jan de Bruyne o Gabriel Franck.<\/p>\n\n\n\n<p>La muestra se completa con documentaci\u00f3n hist\u00f3rica de incalculable valor sobre los primeros a\u00f1os de estas asociaciones.<\/p>\n\n\n\n<div class=\"wp-block-image\"><figure class=\"aligncenter size-large\"><a href=\"https:\/\/www.info.valladolid.es\/blog\/wp-content\/uploads\/2022\/03\/exposicion-tempus.jpg\"><img loading=\"lazy\" decoding=\"async\" width=\"1024\" height=\"765\" src=\"https:\/\/www.info.valladolid.es\/blog\/wp-content\/uploads\/2022\/03\/exposicion-tempus-1024x765.jpg\" alt=\"\" class=\"wp-image-9059\" srcset=\"https:\/\/www.info.valladolid.es\/blog\/wp-content\/uploads\/2022\/03\/exposicion-tempus-1024x765.jpg 1024w, https:\/\/www.info.valladolid.es\/blog\/wp-content\/uploads\/2022\/03\/exposicion-tempus-300x224.jpg 300w, https:\/\/www.info.valladolid.es\/blog\/wp-content\/uploads\/2022\/03\/exposicion-tempus-768x574.jpg 768w, https:\/\/www.info.valladolid.es\/blog\/wp-content\/uploads\/2022\/03\/exposicion-tempus.jpg 1031w\" sizes=\"auto, (max-width: 1024px) 100vw, 1024px\" \/><\/a><\/figure><\/div>\n","protected":false},"excerpt":{"rendered":"<p>La Sala Municipal de Exposiciones de la Iglesia de Las Francesas acoge la muestra \u2018Tempus, un a\u00f1o de Cofrad\u00eda\u2019. Una exposici\u00f3n en torno a la Semana Santa que presenta el patrimonio art\u00edstico y espiritual de las hermandades vallisoletanas y que abarca los actos y momentos de devoci\u00f3n que viven estas cofrad\u00edas a lo largo de todo el a\u00f1o. \u2018Tempus, un a\u00f1o de Cofrad\u00eda\u2019 re\u00fane 47 piezas procedentes de parroquias, conventos y cofrad\u00edas de Valladolid, Medina de Rioseco y Megeces; esculturas, pinturas y objetos que han centrado el desarrollo de las hermandades desde el siglo XVI. Puede visitarse hasta el 17 de abril en horario de martes a domingo y festivos de 12 a 14 y de 18.30 a 21.30 horas, con entrada gratuita. Una pieza in\u00e9dita Entre todos los objetos que se muestran destaca un velo cuaresmal de seis metros de altura del siglo XVI, propiedad del Ayuntamiento de Valladolid. Despu\u00e9s de una minuciosa restauraci\u00f3n, se expone por primera vez al p\u00fablico. Esta &#8216;sarga de la Crucifixi\u00f3n&#8217;, atribuida a Juan de Villoldo, disc\u00edpulo de Alonso Berruguete, fue realizada hacia 1569. Estas sargas o velos, de grandes dimensiones, se colocaban sobre los retablos en Semana Santa. El que ahora se presenta [&hellip;]<\/p>\n","protected":false},"author":1,"featured_media":9028,"comment_status":"open","ping_status":"open","sticky":false,"template":"","format":"standard","meta":{"footnotes":""},"categories":[6,9],"tags":[],"class_list":["post-9012","post","type-post","status-publish","format-standard","has-post-thumbnail","hentry","category-arte-y-museos","category-eventos_y_festejos"],"yoast_head":"<!-- This site is optimized with the Yoast SEO plugin v27.4 - https:\/\/yoast.com\/product\/yoast-seo-wordpress\/ -->\n<title>Exposici\u00f3n &#039;Tempus, un a\u00f1o de Cofrad\u00eda&#039; en la Sala de Las Francesas -<\/title>\n<meta name=\"robots\" content=\"index, follow, max-snippet:-1, max-image-preview:large, max-video-preview:-1\" \/>\n<link rel=\"canonical\" href=\"https:\/\/www.info.valladolid.es\/blog\/exposicion-tempus-sala-francesas\/\" \/>\n<meta property=\"og:locale\" content=\"es_ES\" \/>\n<meta property=\"og:type\" content=\"article\" \/>\n<meta property=\"og:title\" content=\"Exposici\u00f3n &#039;Tempus, un a\u00f1o de Cofrad\u00eda&#039; en la Sala de Las Francesas -\" \/>\n<meta property=\"og:description\" content=\"La Sala Municipal de Exposiciones de la Iglesia de Las Francesas acoge la muestra \u2018Tempus, un a\u00f1o de Cofrad\u00eda\u2019. Una exposici\u00f3n en torno a la Semana Santa que presenta el patrimonio art\u00edstico y espiritual de las hermandades vallisoletanas y que abarca los actos y momentos de devoci\u00f3n que viven estas cofrad\u00edas a lo largo de todo el a\u00f1o. \u2018Tempus, un a\u00f1o de Cofrad\u00eda\u2019 re\u00fane 47 piezas procedentes de parroquias, conventos y cofrad\u00edas de Valladolid, Medina de Rioseco y Megeces; esculturas, pinturas y objetos que han centrado el desarrollo de las hermandades desde el siglo XVI. Puede visitarse hasta el 17 de abril en horario de martes a domingo y festivos de 12 a 14 y de 18.30 a 21.30 horas, con entrada gratuita. Una pieza in\u00e9dita Entre todos los objetos que se muestran destaca un velo cuaresmal de seis metros de altura del siglo XVI, propiedad del Ayuntamiento de Valladolid. Despu\u00e9s de una minuciosa restauraci\u00f3n, se expone por primera vez al p\u00fablico. Esta &#8216;sarga de la Crucifixi\u00f3n&#8217;, atribuida a Juan de Villoldo, disc\u00edpulo de Alonso Berruguete, fue realizada hacia 1569. Estas sargas o velos, de grandes dimensiones, se colocaban sobre los retablos en Semana Santa. El que ahora se presenta [&hellip;]\" \/>\n<meta property=\"og:url\" content=\"https:\/\/www.info.valladolid.es\/blog\/exposicion-tempus-sala-francesas\/\" \/>\n<meta property=\"og:site_name\" content=\"Blog Cultura y Turismo\" \/>\n<meta property=\"article:published_time\" content=\"2022-03-17T09:04:00+00:00\" \/>\n<meta property=\"article:modified_time\" content=\"2022-06-20T07:21:12+00:00\" \/>\n<meta property=\"og:image\" content=\"https:\/\/www.info.valladolid.es\/blog\/wp-content\/uploads\/2022\/03\/evento-tempus.jpg\" \/>\n\t<meta property=\"og:image:width\" content=\"700\" \/>\n\t<meta property=\"og:image:height\" content=\"464\" \/>\n\t<meta property=\"og:image:type\" content=\"image\/jpeg\" \/>\n<meta name=\"author\" content=\"administrador\" \/>\n<meta name=\"twitter:card\" content=\"summary_large_image\" \/>\n<meta name=\"twitter:label1\" content=\"Escrito por\" \/>\n\t<meta name=\"twitter:data1\" content=\"administrador\" \/>\n\t<meta name=\"twitter:label2\" content=\"Tiempo de lectura\" \/>\n\t<meta name=\"twitter:data2\" content=\"2 minutos\" \/>\n<script type=\"application\/ld+json\" class=\"yoast-schema-graph\">{\"@context\":\"https:\\\/\\\/schema.org\",\"@graph\":[{\"@type\":\"Article\",\"@id\":\"https:\\\/\\\/www.info.valladolid.es\\\/blog\\\/exposicion-tempus-sala-francesas\\\/#article\",\"isPartOf\":{\"@id\":\"https:\\\/\\\/www.info.valladolid.es\\\/blog\\\/exposicion-tempus-sala-francesas\\\/\"},\"author\":{\"name\":\"administrador\",\"@id\":\"https:\\\/\\\/www.info.valladolid.es\\\/blog\\\/#\\\/schema\\\/person\\\/845cac97e6156a5a9c5abd68b7b9a5d5\"},\"headline\":\"Exposici\u00f3n &#8216;Tempus, un a\u00f1o de Cofrad\u00eda&#8217; en la Sala de Las Francesas\",\"datePublished\":\"2022-03-17T09:04:00+00:00\",\"dateModified\":\"2022-06-20T07:21:12+00:00\",\"mainEntityOfPage\":{\"@id\":\"https:\\\/\\\/www.info.valladolid.es\\\/blog\\\/exposicion-tempus-sala-francesas\\\/\"},\"wordCount\":380,\"commentCount\":0,\"image\":{\"@id\":\"https:\\\/\\\/www.info.valladolid.es\\\/blog\\\/exposicion-tempus-sala-francesas\\\/#primaryimage\"},\"thumbnailUrl\":\"https:\\\/\\\/www.info.valladolid.es\\\/blog\\\/wp-content\\\/uploads\\\/2022\\\/03\\\/evento-tempus.jpg\",\"articleSection\":[\"Arte y Museos\",\"Eventos y festejos\"],\"inLanguage\":\"es\",\"potentialAction\":[{\"@type\":\"CommentAction\",\"name\":\"Comment\",\"target\":[\"https:\\\/\\\/www.info.valladolid.es\\\/blog\\\/exposicion-tempus-sala-francesas\\\/#respond\"]}]},{\"@type\":\"WebPage\",\"@id\":\"https:\\\/\\\/www.info.valladolid.es\\\/blog\\\/exposicion-tempus-sala-francesas\\\/\",\"url\":\"https:\\\/\\\/www.info.valladolid.es\\\/blog\\\/exposicion-tempus-sala-francesas\\\/\",\"name\":\"Exposici\u00f3n 'Tempus, un a\u00f1o de Cofrad\u00eda' en la Sala de Las Francesas -\",\"isPartOf\":{\"@id\":\"https:\\\/\\\/www.info.valladolid.es\\\/blog\\\/#website\"},\"primaryImageOfPage\":{\"@id\":\"https:\\\/\\\/www.info.valladolid.es\\\/blog\\\/exposicion-tempus-sala-francesas\\\/#primaryimage\"},\"image\":{\"@id\":\"https:\\\/\\\/www.info.valladolid.es\\\/blog\\\/exposicion-tempus-sala-francesas\\\/#primaryimage\"},\"thumbnailUrl\":\"https:\\\/\\\/www.info.valladolid.es\\\/blog\\\/wp-content\\\/uploads\\\/2022\\\/03\\\/evento-tempus.jpg\",\"datePublished\":\"2022-03-17T09:04:00+00:00\",\"dateModified\":\"2022-06-20T07:21:12+00:00\",\"author\":{\"@id\":\"https:\\\/\\\/www.info.valladolid.es\\\/blog\\\/#\\\/schema\\\/person\\\/845cac97e6156a5a9c5abd68b7b9a5d5\"},\"breadcrumb\":{\"@id\":\"https:\\\/\\\/www.info.valladolid.es\\\/blog\\\/exposicion-tempus-sala-francesas\\\/#breadcrumb\"},\"inLanguage\":\"es\",\"potentialAction\":[{\"@type\":\"ReadAction\",\"target\":[\"https:\\\/\\\/www.info.valladolid.es\\\/blog\\\/exposicion-tempus-sala-francesas\\\/\"]}]},{\"@type\":\"ImageObject\",\"inLanguage\":\"es\",\"@id\":\"https:\\\/\\\/www.info.valladolid.es\\\/blog\\\/exposicion-tempus-sala-francesas\\\/#primaryimage\",\"url\":\"https:\\\/\\\/www.info.valladolid.es\\\/blog\\\/wp-content\\\/uploads\\\/2022\\\/03\\\/evento-tempus.jpg\",\"contentUrl\":\"https:\\\/\\\/www.info.valladolid.es\\\/blog\\\/wp-content\\\/uploads\\\/2022\\\/03\\\/evento-tempus.jpg\",\"width\":700,\"height\":464,\"caption\":\"OLYMPUS DIGITAL CAMERA\"},{\"@type\":\"BreadcrumbList\",\"@id\":\"https:\\\/\\\/www.info.valladolid.es\\\/blog\\\/exposicion-tempus-sala-francesas\\\/#breadcrumb\",\"itemListElement\":[{\"@type\":\"ListItem\",\"position\":1,\"name\":\"Home\",\"item\":\"https:\\\/\\\/www.info.valladolid.es\\\/blog\\\/\"},{\"@type\":\"ListItem\",\"position\":2,\"name\":\"Exposici\u00f3n &#8216;Tempus, un a\u00f1o de Cofrad\u00eda&#8217; en la Sala de Las Francesas\"}]},{\"@type\":\"WebSite\",\"@id\":\"https:\\\/\\\/www.info.valladolid.es\\\/blog\\\/#website\",\"url\":\"https:\\\/\\\/www.info.valladolid.es\\\/blog\\\/\",\"name\":\"Blog Cultura y Turismo\",\"description\":\"\",\"potentialAction\":[{\"@type\":\"SearchAction\",\"target\":{\"@type\":\"EntryPoint\",\"urlTemplate\":\"https:\\\/\\\/www.info.valladolid.es\\\/blog\\\/?s={search_term_string}\"},\"query-input\":{\"@type\":\"PropertyValueSpecification\",\"valueRequired\":true,\"valueName\":\"search_term_string\"}}],\"inLanguage\":\"es\"},{\"@type\":\"Person\",\"@id\":\"https:\\\/\\\/www.info.valladolid.es\\\/blog\\\/#\\\/schema\\\/person\\\/845cac97e6156a5a9c5abd68b7b9a5d5\",\"name\":\"administrador\",\"image\":{\"@type\":\"ImageObject\",\"inLanguage\":\"es\",\"@id\":\"https:\\\/\\\/secure.gravatar.com\\\/avatar\\\/418161d2f95196597e2d305bd301c850afab7f4b284a344fb2d759f048b71c61?s=96&d=mm&r=g\",\"url\":\"https:\\\/\\\/secure.gravatar.com\\\/avatar\\\/418161d2f95196597e2d305bd301c850afab7f4b284a344fb2d759f048b71c61?s=96&d=mm&r=g\",\"contentUrl\":\"https:\\\/\\\/secure.gravatar.com\\\/avatar\\\/418161d2f95196597e2d305bd301c850afab7f4b284a344fb2d759f048b71c61?s=96&d=mm&r=g\",\"caption\":\"administrador\"},\"url\":\"https:\\\/\\\/www.info.valladolid.es\\\/blog\\\/author\\\/administrador\\\/\"}]}<\/script>\n<!-- \/ Yoast SEO plugin. -->","yoast_head_json":{"title":"Exposici\u00f3n 'Tempus, un a\u00f1o de Cofrad\u00eda' en la Sala de Las Francesas -","robots":{"index":"index","follow":"follow","max-snippet":"max-snippet:-1","max-image-preview":"max-image-preview:large","max-video-preview":"max-video-preview:-1"},"canonical":"https:\/\/www.info.valladolid.es\/blog\/exposicion-tempus-sala-francesas\/","og_locale":"es_ES","og_type":"article","og_title":"Exposici\u00f3n 'Tempus, un a\u00f1o de Cofrad\u00eda' en la Sala de Las Francesas -","og_description":"La Sala Municipal de Exposiciones de la Iglesia de Las Francesas acoge la muestra \u2018Tempus, un a\u00f1o de Cofrad\u00eda\u2019. Una exposici\u00f3n en torno a la Semana Santa que presenta el patrimonio art\u00edstico y espiritual de las hermandades vallisoletanas y que abarca los actos y momentos de devoci\u00f3n que viven estas cofrad\u00edas a lo largo de todo el a\u00f1o. \u2018Tempus, un a\u00f1o de Cofrad\u00eda\u2019 re\u00fane 47 piezas procedentes de parroquias, conventos y cofrad\u00edas de Valladolid, Medina de Rioseco y Megeces; esculturas, pinturas y objetos que han centrado el desarrollo de las hermandades desde el siglo XVI. Puede visitarse hasta el 17 de abril en horario de martes a domingo y festivos de 12 a 14 y de 18.30 a 21.30 horas, con entrada gratuita. Una pieza in\u00e9dita Entre todos los objetos que se muestran destaca un velo cuaresmal de seis metros de altura del siglo XVI, propiedad del Ayuntamiento de Valladolid. Despu\u00e9s de una minuciosa restauraci\u00f3n, se expone por primera vez al p\u00fablico. Esta &#8216;sarga de la Crucifixi\u00f3n&#8217;, atribuida a Juan de Villoldo, disc\u00edpulo de Alonso Berruguete, fue realizada hacia 1569. Estas sargas o velos, de grandes dimensiones, se colocaban sobre los retablos en Semana Santa. El que ahora se presenta [&hellip;]","og_url":"https:\/\/www.info.valladolid.es\/blog\/exposicion-tempus-sala-francesas\/","og_site_name":"Blog Cultura y Turismo","article_published_time":"2022-03-17T09:04:00+00:00","article_modified_time":"2022-06-20T07:21:12+00:00","og_image":[{"width":700,"height":464,"url":"https:\/\/www.info.valladolid.es\/blog\/wp-content\/uploads\/2022\/03\/evento-tempus.jpg","type":"image\/jpeg"}],"author":"administrador","twitter_card":"summary_large_image","twitter_misc":{"Escrito por":"administrador","Tiempo de lectura":"2 minutos"},"schema":{"@context":"https:\/\/schema.org","@graph":[{"@type":"Article","@id":"https:\/\/www.info.valladolid.es\/blog\/exposicion-tempus-sala-francesas\/#article","isPartOf":{"@id":"https:\/\/www.info.valladolid.es\/blog\/exposicion-tempus-sala-francesas\/"},"author":{"name":"administrador","@id":"https:\/\/www.info.valladolid.es\/blog\/#\/schema\/person\/845cac97e6156a5a9c5abd68b7b9a5d5"},"headline":"Exposici\u00f3n &#8216;Tempus, un a\u00f1o de Cofrad\u00eda&#8217; en la Sala de Las Francesas","datePublished":"2022-03-17T09:04:00+00:00","dateModified":"2022-06-20T07:21:12+00:00","mainEntityOfPage":{"@id":"https:\/\/www.info.valladolid.es\/blog\/exposicion-tempus-sala-francesas\/"},"wordCount":380,"commentCount":0,"image":{"@id":"https:\/\/www.info.valladolid.es\/blog\/exposicion-tempus-sala-francesas\/#primaryimage"},"thumbnailUrl":"https:\/\/www.info.valladolid.es\/blog\/wp-content\/uploads\/2022\/03\/evento-tempus.jpg","articleSection":["Arte y Museos","Eventos y festejos"],"inLanguage":"es","potentialAction":[{"@type":"CommentAction","name":"Comment","target":["https:\/\/www.info.valladolid.es\/blog\/exposicion-tempus-sala-francesas\/#respond"]}]},{"@type":"WebPage","@id":"https:\/\/www.info.valladolid.es\/blog\/exposicion-tempus-sala-francesas\/","url":"https:\/\/www.info.valladolid.es\/blog\/exposicion-tempus-sala-francesas\/","name":"Exposici\u00f3n 'Tempus, un a\u00f1o de Cofrad\u00eda' en la Sala de Las Francesas -","isPartOf":{"@id":"https:\/\/www.info.valladolid.es\/blog\/#website"},"primaryImageOfPage":{"@id":"https:\/\/www.info.valladolid.es\/blog\/exposicion-tempus-sala-francesas\/#primaryimage"},"image":{"@id":"https:\/\/www.info.valladolid.es\/blog\/exposicion-tempus-sala-francesas\/#primaryimage"},"thumbnailUrl":"https:\/\/www.info.valladolid.es\/blog\/wp-content\/uploads\/2022\/03\/evento-tempus.jpg","datePublished":"2022-03-17T09:04:00+00:00","dateModified":"2022-06-20T07:21:12+00:00","author":{"@id":"https:\/\/www.info.valladolid.es\/blog\/#\/schema\/person\/845cac97e6156a5a9c5abd68b7b9a5d5"},"breadcrumb":{"@id":"https:\/\/www.info.valladolid.es\/blog\/exposicion-tempus-sala-francesas\/#breadcrumb"},"inLanguage":"es","potentialAction":[{"@type":"ReadAction","target":["https:\/\/www.info.valladolid.es\/blog\/exposicion-tempus-sala-francesas\/"]}]},{"@type":"ImageObject","inLanguage":"es","@id":"https:\/\/www.info.valladolid.es\/blog\/exposicion-tempus-sala-francesas\/#primaryimage","url":"https:\/\/www.info.valladolid.es\/blog\/wp-content\/uploads\/2022\/03\/evento-tempus.jpg","contentUrl":"https:\/\/www.info.valladolid.es\/blog\/wp-content\/uploads\/2022\/03\/evento-tempus.jpg","width":700,"height":464,"caption":"OLYMPUS DIGITAL CAMERA"},{"@type":"BreadcrumbList","@id":"https:\/\/www.info.valladolid.es\/blog\/exposicion-tempus-sala-francesas\/#breadcrumb","itemListElement":[{"@type":"ListItem","position":1,"name":"Home","item":"https:\/\/www.info.valladolid.es\/blog\/"},{"@type":"ListItem","position":2,"name":"Exposici\u00f3n &#8216;Tempus, un a\u00f1o de Cofrad\u00eda&#8217; en la Sala de Las Francesas"}]},{"@type":"WebSite","@id":"https:\/\/www.info.valladolid.es\/blog\/#website","url":"https:\/\/www.info.valladolid.es\/blog\/","name":"Blog Cultura y Turismo","description":"","potentialAction":[{"@type":"SearchAction","target":{"@type":"EntryPoint","urlTemplate":"https:\/\/www.info.valladolid.es\/blog\/?s={search_term_string}"},"query-input":{"@type":"PropertyValueSpecification","valueRequired":true,"valueName":"search_term_string"}}],"inLanguage":"es"},{"@type":"Person","@id":"https:\/\/www.info.valladolid.es\/blog\/#\/schema\/person\/845cac97e6156a5a9c5abd68b7b9a5d5","name":"administrador","image":{"@type":"ImageObject","inLanguage":"es","@id":"https:\/\/secure.gravatar.com\/avatar\/418161d2f95196597e2d305bd301c850afab7f4b284a344fb2d759f048b71c61?s=96&d=mm&r=g","url":"https:\/\/secure.gravatar.com\/avatar\/418161d2f95196597e2d305bd301c850afab7f4b284a344fb2d759f048b71c61?s=96&d=mm&r=g","contentUrl":"https:\/\/secure.gravatar.com\/avatar\/418161d2f95196597e2d305bd301c850afab7f4b284a344fb2d759f048b71c61?s=96&d=mm&r=g","caption":"administrador"},"url":"https:\/\/www.info.valladolid.es\/blog\/author\/administrador\/"}]}},"_links":{"self":[{"href":"https:\/\/www.info.valladolid.es\/blog\/wp-json\/wp\/v2\/posts\/9012","targetHints":{"allow":["GET"]}}],"collection":[{"href":"https:\/\/www.info.valladolid.es\/blog\/wp-json\/wp\/v2\/posts"}],"about":[{"href":"https:\/\/www.info.valladolid.es\/blog\/wp-json\/wp\/v2\/types\/post"}],"author":[{"embeddable":true,"href":"https:\/\/www.info.valladolid.es\/blog\/wp-json\/wp\/v2\/users\/1"}],"replies":[{"embeddable":true,"href":"https:\/\/www.info.valladolid.es\/blog\/wp-json\/wp\/v2\/comments?post=9012"}],"version-history":[{"count":5,"href":"https:\/\/www.info.valladolid.es\/blog\/wp-json\/wp\/v2\/posts\/9012\/revisions"}],"predecessor-version":[{"id":9060,"href":"https:\/\/www.info.valladolid.es\/blog\/wp-json\/wp\/v2\/posts\/9012\/revisions\/9060"}],"wp:featuredmedia":[{"embeddable":true,"href":"https:\/\/www.info.valladolid.es\/blog\/wp-json\/wp\/v2\/media\/9028"}],"wp:attachment":[{"href":"https:\/\/www.info.valladolid.es\/blog\/wp-json\/wp\/v2\/media?parent=9012"}],"wp:term":[{"taxonomy":"category","embeddable":true,"href":"https:\/\/www.info.valladolid.es\/blog\/wp-json\/wp\/v2\/categories?post=9012"},{"taxonomy":"post_tag","embeddable":true,"href":"https:\/\/www.info.valladolid.es\/blog\/wp-json\/wp\/v2\/tags?post=9012"}],"curies":[{"name":"wp","href":"https:\/\/api.w.org\/{rel}","templated":true}]}}