{"id":8920,"date":"2022-01-17T10:15:00","date_gmt":"2022-01-17T10:15:00","guid":{"rendered":"https:\/\/www.info.valladolid.es\/blog\/?p=8920"},"modified":"2022-01-18T09:47:55","modified_gmt":"2022-01-18T09:47:55","slug":"xxii-certamen-de-pintura-acor-2022","status":"publish","type":"post","link":"https:\/\/www.info.valladolid.es\/blog\/xxii-certamen-de-pintura-acor-2022\/","title":{"rendered":"XXII Certamen de pintura ACOR"},"content":{"rendered":"\n<ul class=\"wp-block-list\" id=\"block-ac655132-7fef-49f3-a80b-054cc09f6ac6\"><li>Horario de visitas: de martes a domingo, de 12 a 14 y de 18:30 a 21:30 horas.<\/li><li>Entrada gratuita.<\/li><\/ul>\n\n\n\n<p style=\"text-align:justify\">La Sala Municipal de Exposiciones de Las Francesas acoge la muestra \u2018XXII certamen de pintura ACOR\u2019, que exhibe en la Sala Municipal de Exposiciones de la Iglesia de las Francesas \u2013 Fundaci\u00f3n Municipal de Cultura las 25 obras seleccionadas como finalistas por el jurado del premio de entre las 497 presentadas.<\/p>\n\n\n\n<p style=\"text-align:justify\">De forma excepcional, el certamen de pintura de ACOR ha tenido car\u00e1cter internacional para conmemorar el 60 aniversario de la Cooperativa. Esta apertura se ha traducido en un incremento de las obras recibidas: 497 pinturas (347 m\u00e1s que en la anterior convocatoria) llegadas de una veintena de pa\u00edses como Espa\u00f1a, Argentina, M\u00e9xico, Venezuela, Portugal, Italia o Lituania.<\/p>\n\n\n\n<p style=\"text-align:justify\">Adem\u00e1s, este a\u00f1o la dotaci\u00f3n econ\u00f3mica del premio pasa de 6.000 a 9.000 euros (lo convierte en uno de los cert\u00e1menes de pintura mejor dotados en Espa\u00f1a) y la exposici\u00f3n permanecer\u00e1 dos meses en la Sala de Las Francesas, un mes m\u00e1s respecto a ediciones anteriores.<\/p>\n\n\n\n<p style=\"text-align:justify\">La pintura ganadora de esta convocatoria es <em>RRSS Vig\u00e9e Le Brun<\/em>, de la artista bilba\u00edna Ana Ria\u00f1o Olabarri quien se convierte, as\u00ed, en la primera mujer en recibir el galard\u00f3n. <\/p>\n\n\n\n<p style=\"text-align:justify\">El cuadro de Ana Ria\u00f1o plasma de forma original c\u00f3mo hubiese sido la portada de Facebook de \u00c9lisabeth Vig\u00e9e Lebrun, considerada una de las artistas femeninas m\u00e1s importantes del siglo XVIII. El jurado destac\u00f3 la creatividad de la pintura, un acr\u00edlico sobre lienzo, que cuenta \u201cuna historia con gran vigencia, lo que la hace muy atractiva\u201d, afirm\u00f3 el<br>catedr\u00e1tico de historia del Arte Francisco de la Plaza.<\/p>\n\n\n\n<p style=\"text-align:justify\">En el mismo sentido, la exdirectora de la Feria Internacional Arco, Rosina G\u00f3mez-Baeza, destac\u00f3 el planteamiento de la obra ganadora: \u201cLa protagonista de la obra fue una cadena transmisora con su estilo de vida. Tambi\u00e9n las redes sociales act\u00faan as\u00ed, informando o desinformando a la sociedad y aqu\u00ed se reconoce su voz, su pintura y su mensaje\u201d.<br><\/p>\n\n\n\n<p style=\"text-align:justify\">Ria\u00f1o encuadra la obra ganadora en la l\u00ednea de trabajo que desarrolla en la actualidad para investigar por un<br>lado el fen\u00f3meno de las redes sociales y, por otro, c\u00f3mo se construye la identidad de un artista.<\/p>\n\n\n\n<p>Asimismo, el jurado ha concedido una menci\u00f3n a <em>Nostalgia<\/em>, obra del vallisoletano Marcos Guti\u00e9rrez Morquecho<\/p>\n\n\n\n<p>Obras seleccionadas para la exposici\u00f3n: <\/p>\n\n\n\n<ul class=\"wp-block-list\"><li><em>Selfie y el Self <\/em>. Manuel Adrianz\u00e9n Gonzales<\/li><li><em>RRSS. Vig\u00e9e Le Brun<\/em>. Ana Ria\u00f1o Olabarri<\/li><li><em>Una mirada a la playa en azul<\/em>. Luis Repiso de la Fuente.  <\/li><li><em>Pop art is alive (autorretrato) Tr\u00edptico<\/em>. MichelAcosta13<\/li><li><em>Encaje <\/em>JM.YES<\/li><li><em>Anunciaci\u00f3n<\/em>. Jos\u00e9 Salas Recacha<\/li><li><em>Compa\u00f1eros<\/em>.  Elena Fern\u00e1ndez Camaz\u00f3n<\/li><li><em>Selfie for Me<\/em>. JOSE MARIA<\/li><li><em>Cuando la dignidad no se compraba<\/em>. Kike.<\/li><li><em>Desde el mirador<\/em>. Miguel \u00c1ngel<\/li><li><em>Try to breathe #2<\/em> Ana<\/li><li><em>Bodeg\u00f3n en grises<\/em> Pepi<\/li><li><em>Madrid<\/em>. Lidia Sancho<\/li><li><em>Disperso<\/em>. Carlos Montoya Alonso<\/li><li><em>Observatorio y c\u00e1mara oscura de Dumfries<\/em>. Juan Gil Segovia<\/li><li><em>Nostalgia<\/em>. Marcos Guti\u00e9rrez Morquecho<\/li><li><em>Juegos con el azar: Paisaje 08 <\/em>M. S. Paula Moreno Esteban<\/li><li><em>Triste opacidad de nuestro espectro futuro<\/em>. Miguel Hern\u00e1ndez D\u00edaz<\/li><li><em>s\/t<\/em> Lola Bonet i Palop<\/li><li><em>ALFA &amp; OMEGA<\/em>. Jos\u00e9 Mar\u00eda Osuna Rodr\u00edguez.<\/li><li><em>Mercado de especias.<\/em> Purificaci\u00f3n Villafranca Castillo. <\/li><li><em>Levantar los pilares de la democracia<\/em>. Daniel Yordanov<\/li><li><em>La casa del bosque.<\/em> Luis Miguel G\u00f3mez Gonz\u00e1lez<\/li><li><em>Lost Time<\/em>. Lloren\u00e7 \u00abGarrit\u00bb Vidal Lled\u00f3<\/li><li><em>Antes y ahora<\/em>. Gorka<\/li><\/ul>\n","protected":false},"excerpt":{"rendered":"<p>Horario de visitas: de martes a domingo, de 12 a 14 y de 18:30 a 21:30 horas. Entrada gratuita. La Sala Municipal de Exposiciones de Las Francesas acoge la muestra \u2018XXII certamen de pintura ACOR\u2019, que exhibe en la Sala Municipal de Exposiciones de la Iglesia de las Francesas \u2013 Fundaci\u00f3n Municipal de Cultura las 25 obras seleccionadas como finalistas por el jurado del premio de entre las 497 presentadas. De forma excepcional, el certamen de pintura de ACOR ha tenido car\u00e1cter internacional para conmemorar el 60 aniversario de la Cooperativa. Esta apertura se ha traducido en un incremento de las obras recibidas: 497 pinturas (347 m\u00e1s que en la anterior convocatoria) llegadas de una veintena de pa\u00edses como Espa\u00f1a, Argentina, M\u00e9xico, Venezuela, Portugal, Italia o Lituania. Adem\u00e1s, este a\u00f1o la dotaci\u00f3n econ\u00f3mica del premio pasa de 6.000 a 9.000 euros (lo convierte en uno de los cert\u00e1menes de pintura mejor dotados en Espa\u00f1a) y la exposici\u00f3n permanecer\u00e1 dos meses en la Sala de Las Francesas, un mes m\u00e1s respecto a ediciones anteriores. La pintura ganadora de esta convocatoria es RRSS Vig\u00e9e Le Brun, de la artista bilba\u00edna Ana Ria\u00f1o Olabarri quien se convierte, as\u00ed, en la primera mujer en [&hellip;]<\/p>\n","protected":false},"author":1,"featured_media":8930,"comment_status":"open","ping_status":"open","sticky":false,"template":"","format":"standard","meta":{"footnotes":""},"categories":[6],"tags":[],"class_list":["post-8920","post","type-post","status-publish","format-standard","has-post-thumbnail","hentry","category-arte-y-museos"],"yoast_head":"<!-- This site is optimized with the Yoast SEO plugin v27.4 - https:\/\/yoast.com\/product\/yoast-seo-wordpress\/ -->\n<title>XXII Certamen de pintura ACOR - Blog Cultura y Turismo<\/title>\n<meta name=\"description\" content=\"Exposici\u00f3n de las obras seleccionadas del XXII Certamen de Pintura ACOR en la SME de Las Francesas hasta el 13 de marzo. Entrada gratuita.\" \/>\n<meta name=\"robots\" content=\"index, follow, max-snippet:-1, max-image-preview:large, max-video-preview:-1\" \/>\n<link rel=\"canonical\" href=\"https:\/\/www.info.valladolid.es\/blog\/xxii-certamen-de-pintura-acor-2022\/\" \/>\n<meta property=\"og:locale\" content=\"es_ES\" \/>\n<meta property=\"og:type\" content=\"article\" \/>\n<meta property=\"og:title\" content=\"XXII Certamen de pintura ACOR - Blog Cultura y Turismo\" \/>\n<meta property=\"og:description\" content=\"Exposici\u00f3n de las obras seleccionadas del XXII Certamen de Pintura ACOR en la SME de Las Francesas hasta el 13 de marzo. Entrada gratuita.\" \/>\n<meta property=\"og:url\" content=\"https:\/\/www.info.valladolid.es\/blog\/xxii-certamen-de-pintura-acor-2022\/\" \/>\n<meta property=\"og:site_name\" content=\"Blog Cultura y Turismo\" \/>\n<meta property=\"article:published_time\" content=\"2022-01-17T10:15:00+00:00\" \/>\n<meta property=\"article:modified_time\" content=\"2022-01-18T09:47:55+00:00\" \/>\n<meta property=\"og:image\" content=\"https:\/\/www.info.valladolid.es\/blog\/wp-content\/uploads\/2022\/01\/vigee-le-brun.jpg\" \/>\n\t<meta property=\"og:image:width\" content=\"741\" \/>\n\t<meta property=\"og:image:height\" content=\"573\" \/>\n\t<meta property=\"og:image:type\" content=\"image\/jpeg\" \/>\n<meta name=\"author\" content=\"administrador\" \/>\n<meta name=\"twitter:card\" content=\"summary_large_image\" \/>\n<meta name=\"twitter:label1\" content=\"Escrito por\" \/>\n\t<meta name=\"twitter:data1\" content=\"administrador\" \/>\n\t<meta name=\"twitter:label2\" content=\"Tiempo de lectura\" \/>\n\t<meta name=\"twitter:data2\" content=\"3 minutos\" \/>\n<script type=\"application\/ld+json\" class=\"yoast-schema-graph\">{\"@context\":\"https:\\\/\\\/schema.org\",\"@graph\":[{\"@type\":\"Article\",\"@id\":\"https:\\\/\\\/www.info.valladolid.es\\\/blog\\\/xxii-certamen-de-pintura-acor-2022\\\/#article\",\"isPartOf\":{\"@id\":\"https:\\\/\\\/www.info.valladolid.es\\\/blog\\\/xxii-certamen-de-pintura-acor-2022\\\/\"},\"author\":{\"name\":\"administrador\",\"@id\":\"https:\\\/\\\/www.info.valladolid.es\\\/blog\\\/#\\\/schema\\\/person\\\/845cac97e6156a5a9c5abd68b7b9a5d5\"},\"headline\":\"XXII Certamen de pintura ACOR\",\"datePublished\":\"2022-01-17T10:15:00+00:00\",\"dateModified\":\"2022-01-18T09:47:55+00:00\",\"mainEntityOfPage\":{\"@id\":\"https:\\\/\\\/www.info.valladolid.es\\\/blog\\\/xxii-certamen-de-pintura-acor-2022\\\/\"},\"wordCount\":580,\"commentCount\":0,\"image\":{\"@id\":\"https:\\\/\\\/www.info.valladolid.es\\\/blog\\\/xxii-certamen-de-pintura-acor-2022\\\/#primaryimage\"},\"thumbnailUrl\":\"https:\\\/\\\/www.info.valladolid.es\\\/blog\\\/wp-content\\\/uploads\\\/2022\\\/01\\\/vigee-le-brun.jpg\",\"articleSection\":[\"Arte y Museos\"],\"inLanguage\":\"es\",\"potentialAction\":[{\"@type\":\"CommentAction\",\"name\":\"Comment\",\"target\":[\"https:\\\/\\\/www.info.valladolid.es\\\/blog\\\/xxii-certamen-de-pintura-acor-2022\\\/#respond\"]}]},{\"@type\":\"WebPage\",\"@id\":\"https:\\\/\\\/www.info.valladolid.es\\\/blog\\\/xxii-certamen-de-pintura-acor-2022\\\/\",\"url\":\"https:\\\/\\\/www.info.valladolid.es\\\/blog\\\/xxii-certamen-de-pintura-acor-2022\\\/\",\"name\":\"XXII Certamen de pintura ACOR - Blog Cultura y Turismo\",\"isPartOf\":{\"@id\":\"https:\\\/\\\/www.info.valladolid.es\\\/blog\\\/#website\"},\"primaryImageOfPage\":{\"@id\":\"https:\\\/\\\/www.info.valladolid.es\\\/blog\\\/xxii-certamen-de-pintura-acor-2022\\\/#primaryimage\"},\"image\":{\"@id\":\"https:\\\/\\\/www.info.valladolid.es\\\/blog\\\/xxii-certamen-de-pintura-acor-2022\\\/#primaryimage\"},\"thumbnailUrl\":\"https:\\\/\\\/www.info.valladolid.es\\\/blog\\\/wp-content\\\/uploads\\\/2022\\\/01\\\/vigee-le-brun.jpg\",\"datePublished\":\"2022-01-17T10:15:00+00:00\",\"dateModified\":\"2022-01-18T09:47:55+00:00\",\"author\":{\"@id\":\"https:\\\/\\\/www.info.valladolid.es\\\/blog\\\/#\\\/schema\\\/person\\\/845cac97e6156a5a9c5abd68b7b9a5d5\"},\"description\":\"Exposici\u00f3n de las obras seleccionadas del XXII Certamen de Pintura ACOR en la SME de Las Francesas hasta el 13 de marzo. Entrada gratuita.\",\"breadcrumb\":{\"@id\":\"https:\\\/\\\/www.info.valladolid.es\\\/blog\\\/xxii-certamen-de-pintura-acor-2022\\\/#breadcrumb\"},\"inLanguage\":\"es\",\"potentialAction\":[{\"@type\":\"ReadAction\",\"target\":[\"https:\\\/\\\/www.info.valladolid.es\\\/blog\\\/xxii-certamen-de-pintura-acor-2022\\\/\"]}]},{\"@type\":\"ImageObject\",\"inLanguage\":\"es\",\"@id\":\"https:\\\/\\\/www.info.valladolid.es\\\/blog\\\/xxii-certamen-de-pintura-acor-2022\\\/#primaryimage\",\"url\":\"https:\\\/\\\/www.info.valladolid.es\\\/blog\\\/wp-content\\\/uploads\\\/2022\\\/01\\\/vigee-le-brun.jpg\",\"contentUrl\":\"https:\\\/\\\/www.info.valladolid.es\\\/blog\\\/wp-content\\\/uploads\\\/2022\\\/01\\\/vigee-le-brun.jpg\",\"width\":741,\"height\":573},{\"@type\":\"BreadcrumbList\",\"@id\":\"https:\\\/\\\/www.info.valladolid.es\\\/blog\\\/xxii-certamen-de-pintura-acor-2022\\\/#breadcrumb\",\"itemListElement\":[{\"@type\":\"ListItem\",\"position\":1,\"name\":\"Home\",\"item\":\"https:\\\/\\\/www.info.valladolid.es\\\/blog\\\/\"},{\"@type\":\"ListItem\",\"position\":2,\"name\":\"XXII Certamen de pintura ACOR\"}]},{\"@type\":\"WebSite\",\"@id\":\"https:\\\/\\\/www.info.valladolid.es\\\/blog\\\/#website\",\"url\":\"https:\\\/\\\/www.info.valladolid.es\\\/blog\\\/\",\"name\":\"Blog Cultura y Turismo\",\"description\":\"\",\"potentialAction\":[{\"@type\":\"SearchAction\",\"target\":{\"@type\":\"EntryPoint\",\"urlTemplate\":\"https:\\\/\\\/www.info.valladolid.es\\\/blog\\\/?s={search_term_string}\"},\"query-input\":{\"@type\":\"PropertyValueSpecification\",\"valueRequired\":true,\"valueName\":\"search_term_string\"}}],\"inLanguage\":\"es\"},{\"@type\":\"Person\",\"@id\":\"https:\\\/\\\/www.info.valladolid.es\\\/blog\\\/#\\\/schema\\\/person\\\/845cac97e6156a5a9c5abd68b7b9a5d5\",\"name\":\"administrador\",\"image\":{\"@type\":\"ImageObject\",\"inLanguage\":\"es\",\"@id\":\"https:\\\/\\\/secure.gravatar.com\\\/avatar\\\/418161d2f95196597e2d305bd301c850afab7f4b284a344fb2d759f048b71c61?s=96&d=mm&r=g\",\"url\":\"https:\\\/\\\/secure.gravatar.com\\\/avatar\\\/418161d2f95196597e2d305bd301c850afab7f4b284a344fb2d759f048b71c61?s=96&d=mm&r=g\",\"contentUrl\":\"https:\\\/\\\/secure.gravatar.com\\\/avatar\\\/418161d2f95196597e2d305bd301c850afab7f4b284a344fb2d759f048b71c61?s=96&d=mm&r=g\",\"caption\":\"administrador\"},\"url\":\"https:\\\/\\\/www.info.valladolid.es\\\/blog\\\/author\\\/administrador\\\/\"}]}<\/script>\n<!-- \/ Yoast SEO plugin. -->","yoast_head_json":{"title":"XXII Certamen de pintura ACOR - Blog Cultura y Turismo","description":"Exposici\u00f3n de las obras seleccionadas del XXII Certamen de Pintura ACOR en la SME de Las Francesas hasta el 13 de marzo. Entrada gratuita.","robots":{"index":"index","follow":"follow","max-snippet":"max-snippet:-1","max-image-preview":"max-image-preview:large","max-video-preview":"max-video-preview:-1"},"canonical":"https:\/\/www.info.valladolid.es\/blog\/xxii-certamen-de-pintura-acor-2022\/","og_locale":"es_ES","og_type":"article","og_title":"XXII Certamen de pintura ACOR - Blog Cultura y Turismo","og_description":"Exposici\u00f3n de las obras seleccionadas del XXII Certamen de Pintura ACOR en la SME de Las Francesas hasta el 13 de marzo. Entrada gratuita.","og_url":"https:\/\/www.info.valladolid.es\/blog\/xxii-certamen-de-pintura-acor-2022\/","og_site_name":"Blog Cultura y Turismo","article_published_time":"2022-01-17T10:15:00+00:00","article_modified_time":"2022-01-18T09:47:55+00:00","og_image":[{"width":741,"height":573,"url":"https:\/\/www.info.valladolid.es\/blog\/wp-content\/uploads\/2022\/01\/vigee-le-brun.jpg","type":"image\/jpeg"}],"author":"administrador","twitter_card":"summary_large_image","twitter_misc":{"Escrito por":"administrador","Tiempo de lectura":"3 minutos"},"schema":{"@context":"https:\/\/schema.org","@graph":[{"@type":"Article","@id":"https:\/\/www.info.valladolid.es\/blog\/xxii-certamen-de-pintura-acor-2022\/#article","isPartOf":{"@id":"https:\/\/www.info.valladolid.es\/blog\/xxii-certamen-de-pintura-acor-2022\/"},"author":{"name":"administrador","@id":"https:\/\/www.info.valladolid.es\/blog\/#\/schema\/person\/845cac97e6156a5a9c5abd68b7b9a5d5"},"headline":"XXII Certamen de pintura ACOR","datePublished":"2022-01-17T10:15:00+00:00","dateModified":"2022-01-18T09:47:55+00:00","mainEntityOfPage":{"@id":"https:\/\/www.info.valladolid.es\/blog\/xxii-certamen-de-pintura-acor-2022\/"},"wordCount":580,"commentCount":0,"image":{"@id":"https:\/\/www.info.valladolid.es\/blog\/xxii-certamen-de-pintura-acor-2022\/#primaryimage"},"thumbnailUrl":"https:\/\/www.info.valladolid.es\/blog\/wp-content\/uploads\/2022\/01\/vigee-le-brun.jpg","articleSection":["Arte y Museos"],"inLanguage":"es","potentialAction":[{"@type":"CommentAction","name":"Comment","target":["https:\/\/www.info.valladolid.es\/blog\/xxii-certamen-de-pintura-acor-2022\/#respond"]}]},{"@type":"WebPage","@id":"https:\/\/www.info.valladolid.es\/blog\/xxii-certamen-de-pintura-acor-2022\/","url":"https:\/\/www.info.valladolid.es\/blog\/xxii-certamen-de-pintura-acor-2022\/","name":"XXII Certamen de pintura ACOR - Blog Cultura y Turismo","isPartOf":{"@id":"https:\/\/www.info.valladolid.es\/blog\/#website"},"primaryImageOfPage":{"@id":"https:\/\/www.info.valladolid.es\/blog\/xxii-certamen-de-pintura-acor-2022\/#primaryimage"},"image":{"@id":"https:\/\/www.info.valladolid.es\/blog\/xxii-certamen-de-pintura-acor-2022\/#primaryimage"},"thumbnailUrl":"https:\/\/www.info.valladolid.es\/blog\/wp-content\/uploads\/2022\/01\/vigee-le-brun.jpg","datePublished":"2022-01-17T10:15:00+00:00","dateModified":"2022-01-18T09:47:55+00:00","author":{"@id":"https:\/\/www.info.valladolid.es\/blog\/#\/schema\/person\/845cac97e6156a5a9c5abd68b7b9a5d5"},"description":"Exposici\u00f3n de las obras seleccionadas del XXII Certamen de Pintura ACOR en la SME de Las Francesas hasta el 13 de marzo. Entrada gratuita.","breadcrumb":{"@id":"https:\/\/www.info.valladolid.es\/blog\/xxii-certamen-de-pintura-acor-2022\/#breadcrumb"},"inLanguage":"es","potentialAction":[{"@type":"ReadAction","target":["https:\/\/www.info.valladolid.es\/blog\/xxii-certamen-de-pintura-acor-2022\/"]}]},{"@type":"ImageObject","inLanguage":"es","@id":"https:\/\/www.info.valladolid.es\/blog\/xxii-certamen-de-pintura-acor-2022\/#primaryimage","url":"https:\/\/www.info.valladolid.es\/blog\/wp-content\/uploads\/2022\/01\/vigee-le-brun.jpg","contentUrl":"https:\/\/www.info.valladolid.es\/blog\/wp-content\/uploads\/2022\/01\/vigee-le-brun.jpg","width":741,"height":573},{"@type":"BreadcrumbList","@id":"https:\/\/www.info.valladolid.es\/blog\/xxii-certamen-de-pintura-acor-2022\/#breadcrumb","itemListElement":[{"@type":"ListItem","position":1,"name":"Home","item":"https:\/\/www.info.valladolid.es\/blog\/"},{"@type":"ListItem","position":2,"name":"XXII Certamen de pintura ACOR"}]},{"@type":"WebSite","@id":"https:\/\/www.info.valladolid.es\/blog\/#website","url":"https:\/\/www.info.valladolid.es\/blog\/","name":"Blog Cultura y Turismo","description":"","potentialAction":[{"@type":"SearchAction","target":{"@type":"EntryPoint","urlTemplate":"https:\/\/www.info.valladolid.es\/blog\/?s={search_term_string}"},"query-input":{"@type":"PropertyValueSpecification","valueRequired":true,"valueName":"search_term_string"}}],"inLanguage":"es"},{"@type":"Person","@id":"https:\/\/www.info.valladolid.es\/blog\/#\/schema\/person\/845cac97e6156a5a9c5abd68b7b9a5d5","name":"administrador","image":{"@type":"ImageObject","inLanguage":"es","@id":"https:\/\/secure.gravatar.com\/avatar\/418161d2f95196597e2d305bd301c850afab7f4b284a344fb2d759f048b71c61?s=96&d=mm&r=g","url":"https:\/\/secure.gravatar.com\/avatar\/418161d2f95196597e2d305bd301c850afab7f4b284a344fb2d759f048b71c61?s=96&d=mm&r=g","contentUrl":"https:\/\/secure.gravatar.com\/avatar\/418161d2f95196597e2d305bd301c850afab7f4b284a344fb2d759f048b71c61?s=96&d=mm&r=g","caption":"administrador"},"url":"https:\/\/www.info.valladolid.es\/blog\/author\/administrador\/"}]}},"_links":{"self":[{"href":"https:\/\/www.info.valladolid.es\/blog\/wp-json\/wp\/v2\/posts\/8920","targetHints":{"allow":["GET"]}}],"collection":[{"href":"https:\/\/www.info.valladolid.es\/blog\/wp-json\/wp\/v2\/posts"}],"about":[{"href":"https:\/\/www.info.valladolid.es\/blog\/wp-json\/wp\/v2\/types\/post"}],"author":[{"embeddable":true,"href":"https:\/\/www.info.valladolid.es\/blog\/wp-json\/wp\/v2\/users\/1"}],"replies":[{"embeddable":true,"href":"https:\/\/www.info.valladolid.es\/blog\/wp-json\/wp\/v2\/comments?post=8920"}],"version-history":[{"count":4,"href":"https:\/\/www.info.valladolid.es\/blog\/wp-json\/wp\/v2\/posts\/8920\/revisions"}],"predecessor-version":[{"id":8928,"href":"https:\/\/www.info.valladolid.es\/blog\/wp-json\/wp\/v2\/posts\/8920\/revisions\/8928"}],"wp:featuredmedia":[{"embeddable":true,"href":"https:\/\/www.info.valladolid.es\/blog\/wp-json\/wp\/v2\/media\/8930"}],"wp:attachment":[{"href":"https:\/\/www.info.valladolid.es\/blog\/wp-json\/wp\/v2\/media?parent=8920"}],"wp:term":[{"taxonomy":"category","embeddable":true,"href":"https:\/\/www.info.valladolid.es\/blog\/wp-json\/wp\/v2\/categories?post=8920"},{"taxonomy":"post_tag","embeddable":true,"href":"https:\/\/www.info.valladolid.es\/blog\/wp-json\/wp\/v2\/tags?post=8920"}],"curies":[{"name":"wp","href":"https:\/\/api.w.org\/{rel}","templated":true}]}}