{"id":8888,"date":"2022-01-10T11:29:22","date_gmt":"2022-01-10T11:29:22","guid":{"rendered":"https:\/\/www.info.valladolid.es\/blog\/?p=8888"},"modified":"2022-03-08T11:22:21","modified_gmt":"2022-03-08T11:22:21","slug":"valladolid-nieve-filomena","status":"publish","type":"post","link":"https:\/\/www.info.valladolid.es\/blog\/valladolid-nieve-filomena\/","title":{"rendered":"Valladolid bajo la nieve: recordamos la nevada de Filomena"},"content":{"rendered":"\n<p><p style=\"text-align: justify;\">La causada por la borrasca Filomena ser\u00e1 recordada como la \u201cgran nevada\u201d por m\u00e1s de una generaci\u00f3n. Valladolid amanec\u00eda cubierta de blanco en la ma\u00f1ana del 10 de enero de 2021, una imagen a la que no est\u00e1n habituados sus vecinos y que dej\u00f3 entra\u00f1ables estampas familiares e impactantes fotograf\u00edas de los monumentos y las plazas de la ciudad.<\/p><\/p>\n\n\n\n<p>Recordamos esta nevada hist\u00f3rica un a\u00f1o despu\u00e9s de Filomena.<\/p>\n\n\n\n<div aria-live=\"polite\" id=\"soliloquy-container-8893_1\" class=\"soliloquy-container soliloquy-transition-fade  soliloquy-theme-base\" style=\"max-width:900px;max-height:600px;\"><ul id=\"soliloquy-8893_1\" class=\"soliloquy-slider soliloquy-slides soliloquy-wrap soliloquy-clear\"><li aria-hidden=\"true\" class=\"soliloquy-item soliloquy-item-1 soliloquy-image-slide\" draggable=\"false\" style=\"list-style:none\"><img decoding=\"async\" id=\"soliloquy-image-8894\" class=\"soliloquy-image soliloquy-image-1\" src=\"https:\/\/www.info.valladolid.es\/blog\/wp-content\/uploads\/2022\/01\/academia-de-caballeria-con-nieve-900x600_c.jpg\" alt=\"academia de caballer\u00eda con nieve\" \/><div class=\"soliloquy-caption\"><div class=\"soliloquy-caption-inside\">As\u00ed se encontraba la Academia de Caballer\u00eda durante la ma\u00f1ana del 10 de enero de 2021.<\/div><\/div><\/li><li aria-hidden=\"true\" class=\"soliloquy-item soliloquy-item-2 soliloquy-image-slide\" draggable=\"false\" style=\"list-style:none\"><img decoding=\"async\" id=\"soliloquy-image-8895\" class=\"soliloquy-image soliloquy-image-2\" src=\"https:\/\/www.info.valladolid.es\/blog\/wp-content\/uploads\/2022\/01\/academia-de-caballeria-con-nieve-2-900x600_c.jpg\" alt=\"academia de caballeria con nieve 2\" \/><div class=\"soliloquy-caption\"><div class=\"soliloquy-caption-inside\">La Academia de Caballer\u00eda en plena nevada en la noche del nueve de enero.<\/div><\/div><\/li><li aria-hidden=\"true\" class=\"soliloquy-item soliloquy-item-3 soliloquy-image-slide\" draggable=\"false\" style=\"list-style:none\"><img decoding=\"async\" id=\"soliloquy-image-8896\" class=\"soliloquy-image soliloquy-image-3\" src=\"https:\/\/www.info.valladolid.es\/blog\/wp-content\/uploads\/2022\/01\/fuente-colosos-con-nieve.jpg\" alt=\"fuente colosos con nieve\" \/><div class=\"soliloquy-caption\"><div class=\"soliloquy-caption-inside\">La fuente de los Colosos, detr\u00e1s de la Casa Consistorial, con su agua helada.<\/div><\/div><\/li><li aria-hidden=\"true\" class=\"soliloquy-item soliloquy-item-4 soliloquy-image-slide\" draggable=\"false\" style=\"list-style:none\"><img decoding=\"async\" id=\"soliloquy-image-8897\" class=\"soliloquy-image soliloquy-image-4\" src=\"https:\/\/www.info.valladolid.es\/blog\/wp-content\/uploads\/2022\/01\/fuente-dorada-con-nieve-900x600_c.jpg\" alt=\"fuente dorada con nieve\" \/><div class=\"soliloquy-caption\"><div class=\"soliloquy-caption-inside\">La plaza de la Fuente Dorada amaneci\u00f3 con su fuente, Alegor\u00eda de los Gremios, completamente congelada.<\/div><\/div><\/li><li aria-hidden=\"true\" class=\"soliloquy-item soliloquy-item-5 soliloquy-image-slide\" draggable=\"false\" style=\"list-style:none\"><img decoding=\"async\" id=\"soliloquy-image-8898\" class=\"soliloquy-image soliloquy-image-5\" src=\"https:\/\/www.info.valladolid.es\/blog\/wp-content\/uploads\/2022\/01\/iglesia-de-la-antigua-con-nieve-2-900x600_c.jpg\" alt=\"iglesia de la antigua con nieve 2\" \/><div class=\"soliloquy-caption\"><div class=\"soliloquy-caption-inside\">La Iglesia de la Antigua y la escultura homenaje a la Semana Santa cubiertas por la nieve.<\/div><\/div><\/li><\/ul><\/div><noscript><style type=\"text\/css\">#soliloquy-container-8893_1{opacity:1}<\/style><\/noscript>\n\n\n\n<p><p style=\"text-align: justify;\">En los d\u00edas previos a las nevadas que paralizaron tanto las ciudades como el entorno rural en los d\u00edas ocho y nueve de enero, coincidieron una serie de factores que explican esta \u2018tormenta (de nieve) perfecta\u2019. Durante semanas, la Pen\u00ednsula Ib\u00e9rica se enfrent\u00f3 a masas de aire polar, lo que baj\u00f3 los term\u00f3metros por debajo de los cero grados en la mayor parte del pa\u00eds.<\/p><\/p>\n\n\n\n<p><p style=\"text-align: justify;\">La entrada de la borrasca Filomena en este escenario provoc\u00f3 un choque del aire polar con aire c\u00e1lido y h\u00famedo. El resultado, una impresionante precipitaci\u00f3n en forma de nieve que dej\u00f3 un manto de entre 20 y 50 cent\u00edmetros de media.<\/p><\/p>\n\n\n\n<p><p style=\"text-align: justify;\">El temporal empeor\u00f3 cuando, pocos d\u00edas despu\u00e9s, hizo su aparici\u00f3n en escena un anticicl\u00f3n que provoc\u00f3 una ola de fr\u00edo que bati\u00f3 r\u00e9cords: en la provincia de Teruel se registraron -26,5\u00baC.<\/p><\/p>\n\n\n\n<div aria-live=\"polite\" id=\"soliloquy-container-8900_2\" class=\"soliloquy-container soliloquy-transition-fade  soliloquy-theme-base\" style=\"max-width:900px;max-height:600px;\"><ul id=\"soliloquy-8900_2\" class=\"soliloquy-slider soliloquy-slides soliloquy-wrap soliloquy-clear\"><li aria-hidden=\"true\" class=\"soliloquy-item soliloquy-item-1 soliloquy-image-slide\" draggable=\"false\" style=\"list-style:none\"><img decoding=\"async\" id=\"soliloquy-image-8901\" class=\"soliloquy-image soliloquy-image-1\" src=\"https:\/\/www.info.valladolid.es\/blog\/wp-content\/uploads\/2022\/01\/campo-grande-con-nieve-y-pavos-reales.jpg\" alt=\"campo grande con nieve y pavos reales\" \/><div class=\"soliloquy-caption\"><div class=\"soliloquy-caption-inside\">Los habitantes del Campo Grande m\u00e1s pintorescos pasearon, at\u00f3nitos, entre la nieve<\/div><\/div><\/li><li aria-hidden=\"true\" class=\"soliloquy-item soliloquy-item-2 soliloquy-image-slide\" draggable=\"false\" style=\"list-style:none\"><img decoding=\"async\" id=\"soliloquy-image-8902\" class=\"soliloquy-image soliloquy-image-2\" src=\"https:\/\/www.info.valladolid.es\/blog\/wp-content\/uploads\/2022\/01\/Capo-Grande-con-nieve-y-ardilla-900x600_c.jpg\" alt=\"Capo Grande con nieve y ardilla\" \/><div class=\"soliloquy-caption\"><div class=\"soliloquy-caption-inside\">Los habitantes del Campo Grande m\u00e1s pintorescos pasearon, at\u00f3nitos, entre la nieve<\/div><\/div><\/li><li aria-hidden=\"true\" class=\"soliloquy-item soliloquy-item-3 soliloquy-image-slide\" draggable=\"false\" style=\"list-style:none\"><img decoding=\"async\" id=\"soliloquy-image-8903\" class=\"soliloquy-image soliloquy-image-3\" src=\"https:\/\/www.info.valladolid.es\/blog\/wp-content\/uploads\/2022\/01\/fotografo-con-nieve-900x600_c.jpg\" alt=\"fotografo con nieve\" \/><div class=\"soliloquy-caption\"><div class=\"soliloquy-caption-inside\">El fot\u00f3grafo del Campo Grande parec\u00eda inmortalizar con su c\u00e1mara esta impresionante escena<\/div><\/div><\/li><li aria-hidden=\"true\" class=\"soliloquy-item soliloquy-item-4 soliloquy-image-slide\" draggable=\"false\" style=\"list-style:none\"><img decoding=\"async\" id=\"soliloquy-image-8904\" class=\"soliloquy-image soliloquy-image-4\" src=\"https:\/\/www.info.valladolid.es\/blog\/wp-content\/uploads\/2022\/01\/fuente-de-la-fama-con-nieve.jpg\" alt=\"fuente de la fama con nieve\" \/><div class=\"soliloquy-caption\"><div class=\"soliloquy-caption-inside\">La Fuente de la Fama amanec\u00eda con su agua completamente helada.<\/div><\/div><\/li><li aria-hidden=\"true\" class=\"soliloquy-item soliloquy-item-5 soliloquy-image-slide\" draggable=\"false\" style=\"list-style:none\"><img decoding=\"async\" id=\"soliloquy-image-8905\" class=\"soliloquy-image soliloquy-image-5\" src=\"https:\/\/www.info.valladolid.es\/blog\/wp-content\/uploads\/2022\/01\/lago-del-campo-grande-con-nieve-900x600_c.jpg\" alt=\"lago del campo grande con nieve\" \/><div class=\"soliloquy-caption\"><div class=\"soliloquy-caption-inside\">El lago del Campo Grande ofrec\u00eda este aspecto a lo largo de la ma\u00f1ana, despu\u00e9s de que la luz solar 'diera un respiro' a sus aguas.<\/div><\/div><\/li><li aria-hidden=\"true\" class=\"soliloquy-item soliloquy-item-6 soliloquy-image-slide\" draggable=\"false\" style=\"list-style:none\"><img decoding=\"async\" id=\"soliloquy-image-8906\" class=\"soliloquy-image soliloquy-image-6\" src=\"https:\/\/www.info.valladolid.es\/blog\/wp-content\/uploads\/2022\/01\/paseo-central-del-campo-grande-con-nieve-900x600_c.jpg\" alt=\"paseo central del campo grande con nieve\" \/><div class=\"soliloquy-caption\"><div class=\"soliloquy-caption-inside\">El paseo del Pr\u00edncipe, principal arteria del Campo Grande, presentaba este aspecto.<\/div><\/div><\/li><\/ul><\/div><noscript><style type=\"text\/css\">#soliloquy-container-8900_2{opacity:1}<\/style><\/noscript>\n\n\n\n<p><p style=\"text-align: justify;\">La vida en Madrid se paraliz\u00f3 desde el d\u00eda ocho de enero con un manto de hasta 50 cent\u00edmetros de nieve en plena capital.&nbsp; Un d\u00eda despu\u00e9s, Valladolid fue sepultada por la nevada: en la noche del d\u00eda nueve comenzaron las intensas precipitaciones y en la ma\u00f1ana del d\u00eda diez la ciudad amaneci\u00f3 como una imagen para el recuerdo.<\/p><\/p>\n\n\n\n<p><p style=\"text-align: justify;\">Si bien no fueron pocos los incidentes registrados en estos d\u00edas en la capital de provincia (peque\u00f1os accidentes de tr\u00e1fico, autobuses y camiones embolsados durante la noche en el aparcamiento anejo al estadio Jos\u00e9 Zorrilla\u2026), la estampa que inmortalizaron los vecinos con sus c\u00e1maras y que se revive en forma de an\u00e9cdota es la de los ni\u00f1os jugando con la nieve, los trineos en los parques, las guerras de bolas blancas o el atrevimiento de unos pocos que se ba\u00f1aron en las aguas del Pisuerga.<\/p><\/p>\n\n\n\n<div aria-live=\"polite\" id=\"soliloquy-container-8907_3\" class=\"soliloquy-container soliloquy-transition-fade  soliloquy-theme-base\" style=\"max-width:900px;max-height:600px;\"><ul id=\"soliloquy-8907_3\" class=\"soliloquy-slider soliloquy-slides soliloquy-wrap soliloquy-clear\"><li aria-hidden=\"true\" class=\"soliloquy-item soliloquy-item-1 soliloquy-image-slide\" draggable=\"false\" style=\"list-style:none\"><img decoding=\"async\" id=\"soliloquy-image-8908\" class=\"soliloquy-image soliloquy-image-1\" src=\"https:\/\/www.info.valladolid.es\/blog\/wp-content\/uploads\/2022\/01\/museo-de-la-ciencia-con-nieve-2-900x600_c.jpg\" alt=\"museo de la ciencia con nieve 2\" \/><div class=\"soliloquy-caption\"><div class=\"soliloquy-caption-inside\">La ribera del Pisuerga y el Museo de la Ciencia fueron enclaves que lucieron as\u00ed la nieve.<\/div><\/div><\/li><li aria-hidden=\"true\" class=\"soliloquy-item soliloquy-item-2 soliloquy-image-slide\" draggable=\"false\" style=\"list-style:none\"><img decoding=\"async\" id=\"soliloquy-image-8909\" class=\"soliloquy-image soliloquy-image-2\" src=\"https:\/\/www.info.valladolid.es\/blog\/wp-content\/uploads\/2022\/01\/museo-de-la-ciencia-con-nieve.jpg\" alt=\"museo de la ciencia con nieve\" \/><\/li><li aria-hidden=\"true\" class=\"soliloquy-item soliloquy-item-3 soliloquy-image-slide\" draggable=\"false\" style=\"list-style:none\"><img decoding=\"async\" id=\"soliloquy-image-8910\" class=\"soliloquy-image soliloquy-image-3\" src=\"https:\/\/www.info.valladolid.es\/blog\/wp-content\/uploads\/2022\/01\/pato-con-lago-helado-900x600_c.jpg\" alt=\"pato con lago helado\" \/><div class=\"soliloquy-caption\"><div class=\"soliloquy-caption-inside\">Los patos y otras aves paseaban a sus anchas sobre las aguas heladas en pleno centro de Valladolid.<\/div><\/div><\/li><li aria-hidden=\"true\" class=\"soliloquy-item soliloquy-item-4 soliloquy-image-slide\" draggable=\"false\" style=\"list-style:none\"><img decoding=\"async\" id=\"soliloquy-image-8911\" class=\"soliloquy-image soliloquy-image-4\" src=\"https:\/\/www.info.valladolid.es\/blog\/wp-content\/uploads\/2022\/01\/plaza-mayor-de-valladolid-con-nieve-900x600_c.jpg\" alt=\"plaza mayor de valladolid con nieve\" \/><div class=\"soliloquy-caption\"><div class=\"soliloquy-caption-inside\">La Plaza Mayor, a\u00fan con la decoraci\u00f3n de Navidad, amaneci\u00f3 as\u00ed.<\/div><\/div><\/li><li aria-hidden=\"true\" class=\"soliloquy-item soliloquy-item-5 soliloquy-image-slide\" draggable=\"false\" style=\"list-style:none\"><img decoding=\"async\" id=\"soliloquy-image-8912\" class=\"soliloquy-image soliloquy-image-5\" src=\"https:\/\/www.info.valladolid.es\/blog\/wp-content\/uploads\/2022\/01\/puente-de-hierro-con-nieve-900x600_c.jpg\" alt=\"puente de hierro con nieve\" \/><\/li><li aria-hidden=\"true\" class=\"soliloquy-item soliloquy-item-6 soliloquy-image-slide\" draggable=\"false\" style=\"list-style:none\"><img decoding=\"async\" id=\"soliloquy-image-8913\" class=\"soliloquy-image soliloquy-image-6\" src=\"https:\/\/www.info.valladolid.es\/blog\/wp-content\/uploads\/2022\/01\/valladolid-con-nieve-900x600_c.jpg\" alt=\"valladolid con nieve\" \/><\/li><\/ul><\/div><noscript><style type=\"text\/css\">#soliloquy-container-8907_3{opacity:1}<\/style><\/noscript>\n","protected":false},"excerpt":{"rendered":"<p>La causada por la borrasca Filomena ser\u00e1 recordada como la \u201cgran nevada\u201d por m\u00e1s de una generaci\u00f3n. Valladolid amanec\u00eda cubierta de blanco en la ma\u00f1ana del 10 de enero de 2021, una imagen a la que no est\u00e1n habituados sus vecinos y que dej\u00f3 entra\u00f1ables estampas familiares e impactantes fotograf\u00edas de los monumentos y las plazas de la ciudad. Recordamos esta nevada hist\u00f3rica un a\u00f1o despu\u00e9s de Filomena. En los d\u00edas previos a las nevadas que paralizaron tanto las ciudades como el entorno rural en los d\u00edas ocho y nueve de enero, coincidieron una serie de factores que explican esta \u2018tormenta (de nieve) perfecta\u2019. Durante semanas, la Pen\u00ednsula Ib\u00e9rica se enfrent\u00f3 a masas de aire polar, lo que baj\u00f3 los term\u00f3metros por debajo de los cero grados en la mayor parte del pa\u00eds. La entrada de la borrasca Filomena en este escenario provoc\u00f3 un choque del aire polar con aire c\u00e1lido y h\u00famedo. El resultado, una impresionante precipitaci\u00f3n en forma de nieve que dej\u00f3 un manto de entre 20 y 50 cent\u00edmetros de media. El temporal empeor\u00f3 cuando, pocos d\u00edas despu\u00e9s, hizo su aparici\u00f3n en escena un anticicl\u00f3n que provoc\u00f3 una ola de fr\u00edo que bati\u00f3 r\u00e9cords: en la provincia [&hellip;]<\/p>\n","protected":false},"author":1,"featured_media":8890,"comment_status":"open","ping_status":"open","sticky":false,"template":"","format":"standard","meta":{"footnotes":""},"categories":[5],"tags":[],"class_list":["post-8888","post","type-post","status-publish","format-standard","has-post-thumbnail","hentry","category-curiosidades_y_leyendas"],"yoast_head":"<!-- This site is optimized with the Yoast SEO plugin v27.4 - https:\/\/yoast.com\/product\/yoast-seo-wordpress\/ -->\n<title>Valladolid bajo la nieve: recordamos la nevada de Filomena<\/title>\n<meta name=\"description\" content=\"Valladolid amaneci\u00f3 el 10 de enero de 2021 cubierta de nieve. Fue el resultado de &#039;Filomena&#039;, que nos dej\u00f3 im\u00e1genes como estas.\" \/>\n<meta name=\"robots\" content=\"index, follow, max-snippet:-1, max-image-preview:large, max-video-preview:-1\" \/>\n<link rel=\"canonical\" href=\"https:\/\/www.info.valladolid.es\/blog\/valladolid-nieve-filomena\/\" \/>\n<meta property=\"og:locale\" content=\"es_ES\" \/>\n<meta property=\"og:type\" content=\"article\" \/>\n<meta property=\"og:title\" content=\"Valladolid bajo la nieve: recordamos la nevada de Filomena\" \/>\n<meta property=\"og:description\" content=\"Valladolid amaneci\u00f3 el 10 de enero de 2021 cubierta de nieve. Fue el resultado de &#039;Filomena&#039;, que nos dej\u00f3 im\u00e1genes como estas.\" \/>\n<meta property=\"og:url\" content=\"https:\/\/www.info.valladolid.es\/blog\/valladolid-nieve-filomena\/\" \/>\n<meta property=\"og:site_name\" content=\"Blog Cultura y Turismo\" \/>\n<meta property=\"article:published_time\" content=\"2022-01-10T11:29:22+00:00\" \/>\n<meta property=\"article:modified_time\" content=\"2022-03-08T11:22:21+00:00\" \/>\n<meta property=\"og:image\" content=\"https:\/\/www.info.valladolid.es\/blog\/wp-content\/uploads\/2022\/01\/WhatsApp-Image-2021-01-11-at-11.34.56.jpeg\" \/>\n\t<meta property=\"og:image:width\" content=\"1600\" \/>\n\t<meta property=\"og:image:height\" content=\"1200\" \/>\n\t<meta property=\"og:image:type\" content=\"image\/jpeg\" \/>\n<meta name=\"author\" content=\"administrador\" \/>\n<meta name=\"twitter:card\" content=\"summary_large_image\" \/>\n<meta name=\"twitter:label1\" content=\"Escrito por\" \/>\n\t<meta name=\"twitter:data1\" content=\"administrador\" \/>\n\t<meta name=\"twitter:label2\" content=\"Tiempo de lectura\" \/>\n\t<meta name=\"twitter:data2\" content=\"2 minutos\" \/>\n<script type=\"application\/ld+json\" class=\"yoast-schema-graph\">{\"@context\":\"https:\\\/\\\/schema.org\",\"@graph\":[{\"@type\":\"Article\",\"@id\":\"https:\\\/\\\/www.info.valladolid.es\\\/blog\\\/valladolid-nieve-filomena\\\/#article\",\"isPartOf\":{\"@id\":\"https:\\\/\\\/www.info.valladolid.es\\\/blog\\\/valladolid-nieve-filomena\\\/\"},\"author\":{\"name\":\"administrador\",\"@id\":\"https:\\\/\\\/www.info.valladolid.es\\\/blog\\\/#\\\/schema\\\/person\\\/845cac97e6156a5a9c5abd68b7b9a5d5\"},\"headline\":\"Valladolid bajo la nieve: recordamos la nevada de Filomena\",\"datePublished\":\"2022-01-10T11:29:22+00:00\",\"dateModified\":\"2022-03-08T11:22:21+00:00\",\"mainEntityOfPage\":{\"@id\":\"https:\\\/\\\/www.info.valladolid.es\\\/blog\\\/valladolid-nieve-filomena\\\/\"},\"wordCount\":401,\"commentCount\":0,\"image\":{\"@id\":\"https:\\\/\\\/www.info.valladolid.es\\\/blog\\\/valladolid-nieve-filomena\\\/#primaryimage\"},\"thumbnailUrl\":\"https:\\\/\\\/www.info.valladolid.es\\\/blog\\\/wp-content\\\/uploads\\\/2022\\\/01\\\/WhatsApp-Image-2021-01-11-at-11.34.56.jpeg\",\"articleSection\":[\"Curiosidades y leyendas\"],\"inLanguage\":\"es\",\"potentialAction\":[{\"@type\":\"CommentAction\",\"name\":\"Comment\",\"target\":[\"https:\\\/\\\/www.info.valladolid.es\\\/blog\\\/valladolid-nieve-filomena\\\/#respond\"]}]},{\"@type\":\"WebPage\",\"@id\":\"https:\\\/\\\/www.info.valladolid.es\\\/blog\\\/valladolid-nieve-filomena\\\/\",\"url\":\"https:\\\/\\\/www.info.valladolid.es\\\/blog\\\/valladolid-nieve-filomena\\\/\",\"name\":\"Valladolid bajo la nieve: recordamos la nevada de Filomena\",\"isPartOf\":{\"@id\":\"https:\\\/\\\/www.info.valladolid.es\\\/blog\\\/#website\"},\"primaryImageOfPage\":{\"@id\":\"https:\\\/\\\/www.info.valladolid.es\\\/blog\\\/valladolid-nieve-filomena\\\/#primaryimage\"},\"image\":{\"@id\":\"https:\\\/\\\/www.info.valladolid.es\\\/blog\\\/valladolid-nieve-filomena\\\/#primaryimage\"},\"thumbnailUrl\":\"https:\\\/\\\/www.info.valladolid.es\\\/blog\\\/wp-content\\\/uploads\\\/2022\\\/01\\\/WhatsApp-Image-2021-01-11-at-11.34.56.jpeg\",\"datePublished\":\"2022-01-10T11:29:22+00:00\",\"dateModified\":\"2022-03-08T11:22:21+00:00\",\"author\":{\"@id\":\"https:\\\/\\\/www.info.valladolid.es\\\/blog\\\/#\\\/schema\\\/person\\\/845cac97e6156a5a9c5abd68b7b9a5d5\"},\"description\":\"Valladolid amaneci\u00f3 el 10 de enero de 2021 cubierta de nieve. Fue el resultado de 'Filomena', que nos dej\u00f3 im\u00e1genes como estas.\",\"breadcrumb\":{\"@id\":\"https:\\\/\\\/www.info.valladolid.es\\\/blog\\\/valladolid-nieve-filomena\\\/#breadcrumb\"},\"inLanguage\":\"es\",\"potentialAction\":[{\"@type\":\"ReadAction\",\"target\":[\"https:\\\/\\\/www.info.valladolid.es\\\/blog\\\/valladolid-nieve-filomena\\\/\"]}]},{\"@type\":\"ImageObject\",\"inLanguage\":\"es\",\"@id\":\"https:\\\/\\\/www.info.valladolid.es\\\/blog\\\/valladolid-nieve-filomena\\\/#primaryimage\",\"url\":\"https:\\\/\\\/www.info.valladolid.es\\\/blog\\\/wp-content\\\/uploads\\\/2022\\\/01\\\/WhatsApp-Image-2021-01-11-at-11.34.56.jpeg\",\"contentUrl\":\"https:\\\/\\\/www.info.valladolid.es\\\/blog\\\/wp-content\\\/uploads\\\/2022\\\/01\\\/WhatsApp-Image-2021-01-11-at-11.34.56.jpeg\",\"width\":1600,\"height\":1200},{\"@type\":\"BreadcrumbList\",\"@id\":\"https:\\\/\\\/www.info.valladolid.es\\\/blog\\\/valladolid-nieve-filomena\\\/#breadcrumb\",\"itemListElement\":[{\"@type\":\"ListItem\",\"position\":1,\"name\":\"Home\",\"item\":\"https:\\\/\\\/www.info.valladolid.es\\\/blog\\\/\"},{\"@type\":\"ListItem\",\"position\":2,\"name\":\"Valladolid bajo la nieve: recordamos la nevada de Filomena\"}]},{\"@type\":\"WebSite\",\"@id\":\"https:\\\/\\\/www.info.valladolid.es\\\/blog\\\/#website\",\"url\":\"https:\\\/\\\/www.info.valladolid.es\\\/blog\\\/\",\"name\":\"Blog Cultura y Turismo\",\"description\":\"\",\"potentialAction\":[{\"@type\":\"SearchAction\",\"target\":{\"@type\":\"EntryPoint\",\"urlTemplate\":\"https:\\\/\\\/www.info.valladolid.es\\\/blog\\\/?s={search_term_string}\"},\"query-input\":{\"@type\":\"PropertyValueSpecification\",\"valueRequired\":true,\"valueName\":\"search_term_string\"}}],\"inLanguage\":\"es\"},{\"@type\":\"Person\",\"@id\":\"https:\\\/\\\/www.info.valladolid.es\\\/blog\\\/#\\\/schema\\\/person\\\/845cac97e6156a5a9c5abd68b7b9a5d5\",\"name\":\"administrador\",\"image\":{\"@type\":\"ImageObject\",\"inLanguage\":\"es\",\"@id\":\"https:\\\/\\\/secure.gravatar.com\\\/avatar\\\/418161d2f95196597e2d305bd301c850afab7f4b284a344fb2d759f048b71c61?s=96&d=mm&r=g\",\"url\":\"https:\\\/\\\/secure.gravatar.com\\\/avatar\\\/418161d2f95196597e2d305bd301c850afab7f4b284a344fb2d759f048b71c61?s=96&d=mm&r=g\",\"contentUrl\":\"https:\\\/\\\/secure.gravatar.com\\\/avatar\\\/418161d2f95196597e2d305bd301c850afab7f4b284a344fb2d759f048b71c61?s=96&d=mm&r=g\",\"caption\":\"administrador\"},\"url\":\"https:\\\/\\\/www.info.valladolid.es\\\/blog\\\/author\\\/administrador\\\/\"}]}<\/script>\n<!-- \/ Yoast SEO plugin. -->","yoast_head_json":{"title":"Valladolid bajo la nieve: recordamos la nevada de Filomena","description":"Valladolid amaneci\u00f3 el 10 de enero de 2021 cubierta de nieve. Fue el resultado de 'Filomena', que nos dej\u00f3 im\u00e1genes como estas.","robots":{"index":"index","follow":"follow","max-snippet":"max-snippet:-1","max-image-preview":"max-image-preview:large","max-video-preview":"max-video-preview:-1"},"canonical":"https:\/\/www.info.valladolid.es\/blog\/valladolid-nieve-filomena\/","og_locale":"es_ES","og_type":"article","og_title":"Valladolid bajo la nieve: recordamos la nevada de Filomena","og_description":"Valladolid amaneci\u00f3 el 10 de enero de 2021 cubierta de nieve. Fue el resultado de 'Filomena', que nos dej\u00f3 im\u00e1genes como estas.","og_url":"https:\/\/www.info.valladolid.es\/blog\/valladolid-nieve-filomena\/","og_site_name":"Blog Cultura y Turismo","article_published_time":"2022-01-10T11:29:22+00:00","article_modified_time":"2022-03-08T11:22:21+00:00","og_image":[{"width":1600,"height":1200,"url":"https:\/\/www.info.valladolid.es\/blog\/wp-content\/uploads\/2022\/01\/WhatsApp-Image-2021-01-11-at-11.34.56.jpeg","type":"image\/jpeg"}],"author":"administrador","twitter_card":"summary_large_image","twitter_misc":{"Escrito por":"administrador","Tiempo de lectura":"2 minutos"},"schema":{"@context":"https:\/\/schema.org","@graph":[{"@type":"Article","@id":"https:\/\/www.info.valladolid.es\/blog\/valladolid-nieve-filomena\/#article","isPartOf":{"@id":"https:\/\/www.info.valladolid.es\/blog\/valladolid-nieve-filomena\/"},"author":{"name":"administrador","@id":"https:\/\/www.info.valladolid.es\/blog\/#\/schema\/person\/845cac97e6156a5a9c5abd68b7b9a5d5"},"headline":"Valladolid bajo la nieve: recordamos la nevada de Filomena","datePublished":"2022-01-10T11:29:22+00:00","dateModified":"2022-03-08T11:22:21+00:00","mainEntityOfPage":{"@id":"https:\/\/www.info.valladolid.es\/blog\/valladolid-nieve-filomena\/"},"wordCount":401,"commentCount":0,"image":{"@id":"https:\/\/www.info.valladolid.es\/blog\/valladolid-nieve-filomena\/#primaryimage"},"thumbnailUrl":"https:\/\/www.info.valladolid.es\/blog\/wp-content\/uploads\/2022\/01\/WhatsApp-Image-2021-01-11-at-11.34.56.jpeg","articleSection":["Curiosidades y leyendas"],"inLanguage":"es","potentialAction":[{"@type":"CommentAction","name":"Comment","target":["https:\/\/www.info.valladolid.es\/blog\/valladolid-nieve-filomena\/#respond"]}]},{"@type":"WebPage","@id":"https:\/\/www.info.valladolid.es\/blog\/valladolid-nieve-filomena\/","url":"https:\/\/www.info.valladolid.es\/blog\/valladolid-nieve-filomena\/","name":"Valladolid bajo la nieve: recordamos la nevada de Filomena","isPartOf":{"@id":"https:\/\/www.info.valladolid.es\/blog\/#website"},"primaryImageOfPage":{"@id":"https:\/\/www.info.valladolid.es\/blog\/valladolid-nieve-filomena\/#primaryimage"},"image":{"@id":"https:\/\/www.info.valladolid.es\/blog\/valladolid-nieve-filomena\/#primaryimage"},"thumbnailUrl":"https:\/\/www.info.valladolid.es\/blog\/wp-content\/uploads\/2022\/01\/WhatsApp-Image-2021-01-11-at-11.34.56.jpeg","datePublished":"2022-01-10T11:29:22+00:00","dateModified":"2022-03-08T11:22:21+00:00","author":{"@id":"https:\/\/www.info.valladolid.es\/blog\/#\/schema\/person\/845cac97e6156a5a9c5abd68b7b9a5d5"},"description":"Valladolid amaneci\u00f3 el 10 de enero de 2021 cubierta de nieve. Fue el resultado de 'Filomena', que nos dej\u00f3 im\u00e1genes como estas.","breadcrumb":{"@id":"https:\/\/www.info.valladolid.es\/blog\/valladolid-nieve-filomena\/#breadcrumb"},"inLanguage":"es","potentialAction":[{"@type":"ReadAction","target":["https:\/\/www.info.valladolid.es\/blog\/valladolid-nieve-filomena\/"]}]},{"@type":"ImageObject","inLanguage":"es","@id":"https:\/\/www.info.valladolid.es\/blog\/valladolid-nieve-filomena\/#primaryimage","url":"https:\/\/www.info.valladolid.es\/blog\/wp-content\/uploads\/2022\/01\/WhatsApp-Image-2021-01-11-at-11.34.56.jpeg","contentUrl":"https:\/\/www.info.valladolid.es\/blog\/wp-content\/uploads\/2022\/01\/WhatsApp-Image-2021-01-11-at-11.34.56.jpeg","width":1600,"height":1200},{"@type":"BreadcrumbList","@id":"https:\/\/www.info.valladolid.es\/blog\/valladolid-nieve-filomena\/#breadcrumb","itemListElement":[{"@type":"ListItem","position":1,"name":"Home","item":"https:\/\/www.info.valladolid.es\/blog\/"},{"@type":"ListItem","position":2,"name":"Valladolid bajo la nieve: recordamos la nevada de Filomena"}]},{"@type":"WebSite","@id":"https:\/\/www.info.valladolid.es\/blog\/#website","url":"https:\/\/www.info.valladolid.es\/blog\/","name":"Blog Cultura y Turismo","description":"","potentialAction":[{"@type":"SearchAction","target":{"@type":"EntryPoint","urlTemplate":"https:\/\/www.info.valladolid.es\/blog\/?s={search_term_string}"},"query-input":{"@type":"PropertyValueSpecification","valueRequired":true,"valueName":"search_term_string"}}],"inLanguage":"es"},{"@type":"Person","@id":"https:\/\/www.info.valladolid.es\/blog\/#\/schema\/person\/845cac97e6156a5a9c5abd68b7b9a5d5","name":"administrador","image":{"@type":"ImageObject","inLanguage":"es","@id":"https:\/\/secure.gravatar.com\/avatar\/418161d2f95196597e2d305bd301c850afab7f4b284a344fb2d759f048b71c61?s=96&d=mm&r=g","url":"https:\/\/secure.gravatar.com\/avatar\/418161d2f95196597e2d305bd301c850afab7f4b284a344fb2d759f048b71c61?s=96&d=mm&r=g","contentUrl":"https:\/\/secure.gravatar.com\/avatar\/418161d2f95196597e2d305bd301c850afab7f4b284a344fb2d759f048b71c61?s=96&d=mm&r=g","caption":"administrador"},"url":"https:\/\/www.info.valladolid.es\/blog\/author\/administrador\/"}]}},"_links":{"self":[{"href":"https:\/\/www.info.valladolid.es\/blog\/wp-json\/wp\/v2\/posts\/8888","targetHints":{"allow":["GET"]}}],"collection":[{"href":"https:\/\/www.info.valladolid.es\/blog\/wp-json\/wp\/v2\/posts"}],"about":[{"href":"https:\/\/www.info.valladolid.es\/blog\/wp-json\/wp\/v2\/types\/post"}],"author":[{"embeddable":true,"href":"https:\/\/www.info.valladolid.es\/blog\/wp-json\/wp\/v2\/users\/1"}],"replies":[{"embeddable":true,"href":"https:\/\/www.info.valladolid.es\/blog\/wp-json\/wp\/v2\/comments?post=8888"}],"version-history":[{"count":7,"href":"https:\/\/www.info.valladolid.es\/blog\/wp-json\/wp\/v2\/posts\/8888\/revisions"}],"predecessor-version":[{"id":8940,"href":"https:\/\/www.info.valladolid.es\/blog\/wp-json\/wp\/v2\/posts\/8888\/revisions\/8940"}],"wp:featuredmedia":[{"embeddable":true,"href":"https:\/\/www.info.valladolid.es\/blog\/wp-json\/wp\/v2\/media\/8890"}],"wp:attachment":[{"href":"https:\/\/www.info.valladolid.es\/blog\/wp-json\/wp\/v2\/media?parent=8888"}],"wp:term":[{"taxonomy":"category","embeddable":true,"href":"https:\/\/www.info.valladolid.es\/blog\/wp-json\/wp\/v2\/categories?post=8888"},{"taxonomy":"post_tag","embeddable":true,"href":"https:\/\/www.info.valladolid.es\/blog\/wp-json\/wp\/v2\/tags?post=8888"}],"curies":[{"name":"wp","href":"https:\/\/api.w.org\/{rel}","templated":true}]}}