{"id":8799,"date":"2021-11-23T11:39:39","date_gmt":"2021-11-23T11:39:39","guid":{"rendered":"https:\/\/www.info.valladolid.es\/blog\/?p=8799"},"modified":"2021-11-26T07:55:09","modified_gmt":"2021-11-26T07:55:09","slug":"programa-navidad","status":"publish","type":"post","link":"https:\/\/www.info.valladolid.es\/blog\/programa-navidad\/","title":{"rendered":"Qu\u00e9 hacer en Valladolid esta Navidad"},"content":{"rendered":"\n<p align=\"justify\">\u00a1Siente la ilusi\u00f3n de la Navidad en Valladolid! Se acercan las fechas m\u00e1s emotivas y familiares del a\u00f1o y nosotros te proponemos un completo programa para disfrutarlas: encontrar\u00e1s opciones de cultura y de ocio, planes para adultos y para ni\u00f1os, ideas para completar tus compras y para empaparte de esp\u00edritu navide\u00f1o en cada rinc\u00f3n de la ciudad.<\/p>\n\n\n\n<figure class=\"wp-block-gallery columns-3 is-cropped wp-block-gallery-1 is-layout-flex wp-block-gallery-is-layout-flex\"><ul class=\"blocks-gallery-grid\"><li class=\"blocks-gallery-item\"><figure><a href=\"https:\/\/www.info.valladolid.es\/blog\/ruta-belenes-valladolid-navidad\/\"><img loading=\"lazy\" decoding=\"async\" width=\"200\" height=\"124\" src=\"https:\/\/www.info.valladolid.es\/blog\/wp-content\/uploads\/2021\/11\/prueba-boton-belenes.jpg\" alt=\"\" data-id=\"8826\" data-full-url=\"https:\/\/www.info.valladolid.es\/blog\/wp-content\/uploads\/2021\/11\/prueba-boton-belenes.jpg\" data-link=\"https:\/\/www.info.valladolid.es\/blog\/programa-navidad\/t-corsario-3\/\" class=\"wp-image-8826\"\/><\/a><figcaption class=\"blocks-gallery-item__caption\"><a href=\"https:\/\/www.info.valladolid.es\/blog\/ruta-belenes-valladolid-navidad\/\">Ruta de belenes<\/a><\/figcaption><\/figure><\/li><li class=\"blocks-gallery-item\"><figure><a href=\"https:\/\/www.info.valladolid.es\/blog\/wp-content\/uploads\/2021\/11\/boton-agenda-navidad.jpg\"><img loading=\"lazy\" decoding=\"async\" width=\"200\" height=\"124\" src=\"https:\/\/www.info.valladolid.es\/blog\/wp-content\/uploads\/2021\/11\/boton-agenda-navidad.jpg\" alt=\"\" data-id=\"8827\" data-full-url=\"https:\/\/www.info.valladolid.es\/blog\/wp-content\/uploads\/2021\/11\/boton-agenda-navidad.jpg\" data-link=\"https:\/\/www.info.valladolid.es\/blog\/programa-navidad\/boton-agenda-navidad\/\" class=\"wp-image-8827\"\/><\/a><figcaption class=\"blocks-gallery-item__caption\"><a href=\"https:\/\/www.info.valladolid.es\/navidad\">Agenda de Navidad<\/a><\/figcaption><\/figure><\/li><li class=\"blocks-gallery-item\"><figure><a href=\"https:\/\/www.info.valladolid.es\/blog\/wp-content\/uploads\/2021\/11\/botnon-programa.jpg\"><img loading=\"lazy\" decoding=\"async\" width=\"200\" height=\"124\" src=\"https:\/\/www.info.valladolid.es\/blog\/wp-content\/uploads\/2021\/11\/botnon-programa.jpg\" alt=\"\" data-id=\"8828\" data-full-url=\"https:\/\/www.info.valladolid.es\/blog\/wp-content\/uploads\/2021\/11\/botnon-programa.jpg\" data-link=\"https:\/\/www.info.valladolid.es\/blog\/programa-navidad\/t-corsario-4\/\" class=\"wp-image-8828\"\/><\/a><figcaption class=\"blocks-gallery-item__caption\"><a href=\"https:\/\/www.info.valladolid.es\/navidad\">Programa 2021\/22<\/a><\/figcaption><\/figure><\/li><\/ul><\/figure>\n\n\n\n<p><p align=\"justify\">Te contamos qu\u00e9 hacer en Valladolid en Navidad. Puedes, tambi\u00e9n, consultar m\u00e1s eventos en nuestra agenda y descargar aqu\u00ed el programa de Navidad. &nbsp;<\/p><\/p>\n\n\n\n<figure class=\"wp-block-image size-full\"><a href=\"https:\/\/www.info.valladolid.es\/blog\/wp-content\/uploads\/2021\/11\/tres-coronas.jpg\"><img loading=\"lazy\" decoding=\"async\" width=\"800\" height=\"441\" src=\"https:\/\/www.info.valladolid.es\/blog\/wp-content\/uploads\/2021\/11\/tres-coronas.jpg\" alt=\"\" class=\"wp-image-8839\" srcset=\"https:\/\/www.info.valladolid.es\/blog\/wp-content\/uploads\/2021\/11\/tres-coronas.jpg 800w, https:\/\/www.info.valladolid.es\/blog\/wp-content\/uploads\/2021\/11\/tres-coronas-300x165.jpg 300w, https:\/\/www.info.valladolid.es\/blog\/wp-content\/uploads\/2021\/11\/tres-coronas-768x423.jpg 768w\" sizes=\"auto, (max-width: 800px) 100vw, 800px\" \/><\/a><\/figure>\n\n\n\n<p><a href=\"#iluminacion\">lluminaci\u00f3n y espect\u00e1culos de luz y sonido<\/a><\/p>\n\n\n\n<p><a href=\"#musica\">M\u00fasica de Navidad<\/a><\/p>\n\n\n\n<p><a href=\"#familia\">Navidad \u00a1en familia!<\/a><\/p>\n\n\n\n<p><a href=\"#compras\">De compras<\/a><\/p>\n\n\n\n<h2 class=\"wp-block-heading\" id=\"iluminacion\"><strong>Iluminaci\u00f3n y espect\u00e1culos de sonido<\/strong><\/h2>\n\n\n\n<p><p <p=\"\" align=\"justify\">Guirnaldas, adornos e imponentes estructuras luminosas visten las calles de la ciudad entre el 25 de noviembre y el 6 de enero. La luz es protagonista de estos d\u00edas. \u00a1Abr\u00edgate y sal a la calle! Encontrar\u00e1s sesenta v\u00edas y plazas iluminadas en el siguiente horario: <\/p>\n\n\n\n<ul class=\"wp-block-list\"><li>Del 25 de noviembre al 16 de diciembre, de 18 a 22:30 horas.<\/li><li>Del 17 de diciembre al 6 de enero, de 18 a 23 horas.<\/li><li>Plaza Mayor: del 25 de noviembre al 16 de noviembre de 18 a 00:30 horas y del 17 de diciembre al 6 de enero, hasta la una de la madrugada.<\/li><\/ul>\n\n\n\n<p>A las sesenta calles y plazas engalanadas para la ocasi\u00f3n se suman paradas obligatorias en tus pases por el centro de la ciudad.<\/p>\n\n\n\n<p><strong>Esfera luminosa en la calle Santiago (junto a plaza de Zorrilla).<\/strong><\/p>\n\n\n\n<p>Esta gran esfera, de doce metros de di\u00e1metro, ofrecer\u00e1 espect\u00e1culos<strong> <\/strong>de domingo a jueves a las 19:30 y 20:30 horas y los viernes y s\u00e1bados tambi\u00e9n a las 21:30 horas. &nbsp;<\/p>\n\n\n\n<p><strong>Espect\u00e1culo \u2018Las tres coronas\u2019<\/strong><\/p>\n\n\n\n<p align=\"justify\">Valladolid disfrutar\u00e1 en exclusiva de un espect\u00e1culo de m\u00fasica e iluminaci\u00f3n en la plaza del Portugalete, con pases diarios, a las 19,20 y 21 horas del 25 de noviembre al 6 de enero. Tres grandes estructuras con forma de corona, un gui\u00f1o a los Reyes Magos, ofrecer\u00e1n &#8216;coreograf\u00edas&#8217; de luz al ritmo de m\u00fasica navide\u00f1a.<\/p>\n\n\n\n<p><strong>Videomapping<\/strong><\/p>\n\n\n\n<p align=\"justify\">Los espect\u00e1culos de videomapping sobre la fachada de la Casa Consistorial se han asentado con seguridad en el calendario navide\u00f1o de Valladolid. Este a\u00f1o, el 18 de diciembre, a las 19 horas, podr\u00e1s ver &#8216;Las dos orillas&#8217;, una emotiva propuesta que recuerda la infancia a trav\u00e9s de la historia de dos personas que se conocieron justo antes de que el mundo cambiara. <\/p>\n\n\n\n<figure class=\"wp-block-image size-full\" id=\"musica\"><a href=\"https:\/\/www.info.valladolid.es\/blog\/wp-content\/uploads\/2021\/11\/blog-musica-navidad.jpg\"><img loading=\"lazy\" decoding=\"async\" width=\"800\" height=\"430\" src=\"https:\/\/www.info.valladolid.es\/blog\/wp-content\/uploads\/2021\/11\/blog-musica-navidad.jpg\" alt=\"\" class=\"wp-image-8821\" srcset=\"https:\/\/www.info.valladolid.es\/blog\/wp-content\/uploads\/2021\/11\/blog-musica-navidad.jpg 800w, https:\/\/www.info.valladolid.es\/blog\/wp-content\/uploads\/2021\/11\/blog-musica-navidad-300x161.jpg 300w, https:\/\/www.info.valladolid.es\/blog\/wp-content\/uploads\/2021\/11\/blog-musica-navidad-768x413.jpg 768w\" sizes=\"auto, (max-width: 800px) 100vw, 800px\" \/><\/a><\/figure>\n\n\n\n<h2 class=\"wp-block-heading\"><strong>M\u00fasica de Navidad<\/strong><\/h2>\n\n\n\n<p><strong>Coros y villancicos en la Plaza Mayor <\/strong><\/p>\n\n\n\n<ul class=\"wp-block-list\"><li> <p align=\"justify\">Villancicos junto al bel\u00e9n de la Plaza Mayor el s\u00e1bado 11 de diciembre a las 19:30 horas con la Tuna de Derecho de Valladolid y del 16 de diciembre al 4 de enero con agrupaciones corales de la ciudad.<\/li><li>Pasacalles &#8216;Ronda de Navidad&#8217; el jueves 23 de diciembre a las 19 horas, desde la plaza del Salvador a la Plaza Mayor -pasar\u00e1 por las calles Teresa Gil, Regalado, Constituci\u00f3n, H\u00e9roes de Alc\u00e1ntara, Z\u00fa\u00f1iga y San Lorenzo-.<\/li><li>Conciertos de coros desde el balc\u00f3n de la Casa Consistorial: domingo d\u00eda 26 de diciembre, coro Voces Blancas, y domingo d\u00eda 2 de enero, coro de g\u00f3spel Good News. Ambos actuar\u00e1n a las 13 horas.<\/li><\/ul><\/p>\n\n\n\n<p><strong>Ciclos de m\u00fasica coral en Las Francesas<\/strong><\/p>\n\n\n\n<p><p align=\"justify\">Agrupaciones corales de la ciudad y la provincia ponen banda sonora al Bel\u00e9n Monumental de la Iglesia de Las Francesas. Ac\u00e9rcate a visitar el bel\u00e9n y disfruta del ambiente m\u00e1s navide\u00f1o con estas actuaciones, todos los d\u00edas entre el 16 de diciembre y el 4 de enero a las 20 horas (menos los d\u00edas 24, 25 y 31 de diciembre y 1 de enero). <\/p><\/p>\n\n\n\n<p><strong>Otros conciertos de Navidad<\/strong><\/p>\n\n\n\n<ul class=\"wp-block-list\"><li><p align=\"justify\">No faltar\u00e1n actos tan tradicionales por estas fechas como el Encuentro Coral Domicio Cuadrado, que alcanza su XXXI edici\u00f3n (del 13 al 17 de diciembre en la Iglesia de San Miguel y San Juli\u00e1n y el 19 de diciembre en la Catedral a las 20 horas), o el Concierto Familiar de Navidad, que celebra su XIV edici\u00f3n con un homenaje a Federico Chueca (19 de diciembre en el Auditorio Miguel Delibes). <\/li><li>La Fundaci\u00f3n de Cultura organiza, adem\u00e1s, dos citas musicales de entrada libre:  un concierto de la Orquesta de La\u00fades Conde Ans\u00farez en la Iglesia de San Miguel (s\u00e1bado 18 de diciembre) y un concierto de La Tahona en la Iglesia de San Pablo (mi\u00e9rcoles 29 de diciembre). Recoge tu invitaci\u00f3n en la Casa Revilla a partir del d\u00eda 13 de diciembre para la actuaci\u00f3n de la orquesta de la\u00fades y a partir del d\u00eda 20 para el concierto de La Tahona. <\/li><\/ul><\/p>\n\n\n\n<figure class=\"wp-block-image size-full\" id=\"familia\"><a href=\"https:\/\/www.info.valladolid.es\/blog\/wp-content\/uploads\/2021\/11\/blog-navidad-familia-1.jpg\"><img loading=\"lazy\" decoding=\"async\" width=\"800\" height=\"430\" src=\"https:\/\/www.info.valladolid.es\/blog\/wp-content\/uploads\/2021\/11\/blog-navidad-familia-1.jpg\" alt=\"\" class=\"wp-image-8822\" srcset=\"https:\/\/www.info.valladolid.es\/blog\/wp-content\/uploads\/2021\/11\/blog-navidad-familia-1.jpg 800w, https:\/\/www.info.valladolid.es\/blog\/wp-content\/uploads\/2021\/11\/blog-navidad-familia-1-300x161.jpg 300w, https:\/\/www.info.valladolid.es\/blog\/wp-content\/uploads\/2021\/11\/blog-navidad-familia-1-768x413.jpg 768w\" sizes=\"auto, (max-width: 800px) 100vw, 800px\" \/><\/a><\/figure>\n\n\n\n<h2 class=\"wp-block-heading\"><strong>Navidades, \u00a1en familia!<\/strong><\/h2>\n\n\n\n<p><p align=\"justify\">\u00a1Los ni\u00f1os son los grandes protagonistas de estas fiestas! La ilusi\u00f3n con las que las viven es solo comparable a la emoci\u00f3n de \u2018sus adultos\u2019 cuando los acompa\u00f1an en los que son, quiz\u00e1, los momentos m\u00e1s especiales del a\u00f1o. Esta Navidad podr\u00e1n hacerlo con opciones como estas:<\/p><\/p>\n\n\n\n<p><strong>Cabalgata de Reyes Magos<\/strong><\/p>\n\n\n\n<p><p align=\"justify\">Sus Majestades de Oriente visitar\u00e1n Valladolid en la noche m\u00e1s m\u00e1gica del a\u00f1o. Antes de los ni\u00f1os se acuesten y comience su sigiloso reparto de regalos, Melchor, Gaspar y Baltasar recorrer\u00e1n las calles de la ciudad para saludar a los vecinos\u2026\u00a1y repartir caramelos!<\/p><\/p>\n\n\n\n<p><p align=\"justify\">La cabalgata del 5 de enero comenzar\u00e1 a las 18:30 horas y pasar\u00e1 por<strong> <\/strong>paseo de Filipinos, plaza de Col\u00f3n, calle de la Acera de Recoletos, plaza de Zorrilla, calle de Miguel \u00cdscar, plaza de Espa\u00f1a, calle Duque de la Victoria, calle Ferrari y Plaza Mayor.<\/p><\/p>\n\n\n\n<p><strong>Tiovivo 1900<\/strong><\/p>\n\n\n\n<p><p align=\"justify\">Nostalgia y diversi\u00f3n se dan la mano en este Tiovivo. Nos ha acompa\u00f1ado a lo largo de tantos inviernos que resulta dif\u00edcil imaginar la Plaza Mayor en Navidad sin \u00e9l. Puedes disfrutarlo del 25 de noviembre al 10 de diciembre, en horario de 12 a 15 y de 17 a 22 horas, y del 11 de diciembre al 6 de enero de 11 a 15 y de 17 a 22 horas (horario especial d\u00edas 24, 25 y 31 de diciembre y 1 de enero).<\/p><\/p>\n\n\n\n<p><strong>Carruseles<\/strong><\/p>\n\n\n\n<p><p align=\"justify\">Los carruseles se reparten, un a\u00f1o m\u00e1s, por toda la ciudad. Este a\u00f1o los encontrar\u00e1s en la plaza del Carmen (Delicias), la plaza de Marcos Fern\u00e1ndez (Parquesol), la plaza Juan de Austria (paseo de Zorrilla), la zona de Santa Clara, la Plaza Circular, la plaza Ribera de Castilla (Rondilla) y, en el centro, en las lazas de Fuente Dorada y Zorrilla, la calle Cadenas de San Gregorio y la calle Acera de Recoletos.<\/p><\/p>\n\n\n\n<p><p align=\"justify\">Su horario ser\u00e1 del 25 de noviembre al 12 de diciembre de 12 a 15 y de 17 a 22 horas; del 13 de diciembre al 6 de enero de 11 a 15 y de 17 a 22 horas y viernes, s\u00e1bados y v\u00edsperas de festivos hasta las 23 horas.<\/p><\/p>\n\n\n\n<p><strong>Pista de hielo<\/strong><\/p>\n\n\n\n<p><p align=\"justify\">\u00bfTe atreves a subirte a los patines y probar tu destreza sobre una pista de hielo? Divi\u00e9rtete con este plan tan navide\u00f1o en la pista instalada en Acera de Recoletos \/ Paseo Central del Campo Grande. Abrir\u00e1 sus puertas del 10 de diciembre al 9 de enero, de 11 a 22 horas, y el precio de una sesi\u00f3n de 45 minutos ser\u00e1 de seis euros.<\/p><\/p>\n\n\n\n<p><strong>Bel\u00e9n de Playmobil<\/strong><\/p>\n\n\n\n<p><p align=\"justify\">Los mu\u00f1ecos que han conquistado a generaciones enteras protagonizan un divertido bel\u00e9n. Vis\u00edtalo en la Oficina de Turismo de la calle Acera de Recoletos del 18 de diciembre al 9 de enero, abierto de lunes a s\u00e1bado, 9:30 a 14 y 16 a 19 horas y los domingos de 9:30 a 15 horas.<\/p><\/p>\n\n\n\n<p><strong>Navival<\/strong><\/p>\n\n\n\n<p><p align=\"justify\">\u00a1Vuelve el gran parque de ocio de Navidad a la Feria de Valladolid! Atracciones, hinchables, espect\u00e1culos, deporte y muchas m\u00e1s propuestas para ni\u00f1os de todas las edades del 26 de diciembre al 4 de enero, de 11 a 14:30 y de 17 a 21 horas (cerrado la tarde del d\u00eda 31de diciembre y todo el d\u00eda 1 de enero). <\/p><\/p>\n\n\n\n<p><p align=\"justify\">Puedes comprar tu entrada anticipada hasta el 12 de diciembre por un precio reducido de 7 euros ni\u00f1os y 1,5 euros adultos (despu\u00e9s, a 8 y 2 euros) en  www.feriavalladolid.com<\/p><\/p>\n\n\n\n<p><strong>Mi primer festival<\/strong><\/p>\n\n\n\n<p><p align=\"justify\">\u00bfImaginas un festival de m\u00fasica para los m\u00e1s peque\u00f1os? Salta al ritmo de las canciones que corean los ni\u00f1os y conoce a sus personajes favoritos, de Masha a Pocoy\u00f3, con esta original propuesta que se celebrar\u00e1 en la Feria de Valladolid el s\u00e1bado 18 y domingo 19 de diciembre (pase de ma\u00f1ana de 11 a 14:30 horas y pase de tarde de 17 a 20:30 horas).<\/p><\/p>\n\n\n\n<figure id=\"compras\" class=\"wp-block-image size-full\" id=\"compras\"><a href=\"https:\/\/www.info.valladolid.es\/blog\/wp-content\/uploads\/2021\/11\/blog-compras-navidad.jpg\"><img loading=\"lazy\" decoding=\"async\" width=\"800\" height=\"430\" src=\"https:\/\/www.info.valladolid.es\/blog\/wp-content\/uploads\/2021\/11\/blog-compras-navidad.jpg\" alt=\"\" class=\"wp-image-8823\" srcset=\"https:\/\/www.info.valladolid.es\/blog\/wp-content\/uploads\/2021\/11\/blog-compras-navidad.jpg 800w, https:\/\/www.info.valladolid.es\/blog\/wp-content\/uploads\/2021\/11\/blog-compras-navidad-300x161.jpg 300w, https:\/\/www.info.valladolid.es\/blog\/wp-content\/uploads\/2021\/11\/blog-compras-navidad-768x413.jpg 768w\" sizes=\"auto, (max-width: 800px) 100vw, 800px\" \/><\/a><\/figure>\n\n\n\n<h2 class=\"wp-block-heading\">De compras <\/h2>\n\n\n\n<p><strong>V Mercado del Producto Navide\u00f1o<\/strong><\/p>\n\n\n\n<p><p align=\"justify\">La Plaza Mayor acoge por quinto a\u00f1o el Mercado del Producto Navide\u00f1o, decorado y ambientado al estilo de los tradicionales mercadillos de navidad en las capitales centroeuropeas. Encontrar\u00e1s m\u00e1s de sesenta puestos de productos artesanos, art\u00edculos navide\u00f1os y gastronom\u00eda que abrir\u00e1n sus puestas en el siguiente horario: <\/p><\/p>\n\n\n\n<ul class=\"wp-block-list\"><li><p align=\"justify\">Del 26 de noviembre al 2 de diciembre y del 9 al 16 de diciembre, de 12 a 14 y de 17:30 a 21 horas<\/li><li>Del 3 al 8 de diciembre y del 17 de diciembre al 6 de enero, de 11 a 14:30 y de 17:30 a 22 horas.<\/li><\/ul><\/p>\n\n\n\n<p><strong>Bazar de productos navide\u00f1os<\/strong><\/p>\n\n\n\n<p><p align=\"justify\">Si buscas figuritas para tu bel\u00e9n, art\u00edculos de broma o festivos, \u00a1ac\u00e9rcate al bazar en la calle Acera de Recoletos! Del 25 de noviembre al 6 de enero, de 10 a 22 horas y viernes, s\u00e1bados y v\u00edsperas de festivos, hasta las 24 horas<\/p><\/p>\n\n\n\n<p><strong>Sorteo de los deseos<\/strong><\/p>\n\n\n\n<p><p align=\"justify\">Recoge tu papeleta por compras superiores a seis euros, realizadas entre el 1 y el 24 de diciembre en los establecimientos asociados, y optar\u00e1s a premios en cheques-regalo por valor de hasta siete mil euros. El sorteo tendr\u00e1 lugar ante notario el d\u00eda 27 de diciembre<\/p><\/p>\n\n\n\n<p><strong>Animaci\u00f3n en las zonas comerciales<\/strong><\/p>\n\n\n\n<p><strong>Santa Clara<\/strong><\/p>\n\n\n\n<ul class=\"wp-block-list\"><li>< p align=\"justify\">Visita de Pap\u00e1 Noel: 23 de diciembre de 11 a 14 y de 17:30 a 20:30 y 24 de diciembre de 11 a 14 horas.<\/li><li>Visita del Rey Melchor: 3 de enero de 11 a 14 y de 17:30 a 20:30 horas y 4 de enero de 17:30 a 20:30 horas.<\/li><\/ul><\/p>\n\n\n\n<p><strong>Zona calle Plater\u00edas<\/strong><\/p>\n\n\n\n<ul class=\"wp-block-list\"><li> <p align=\"justify\">Viernes 10 y s\u00e1bado 11 de diciembre, de 17:30 a 21 horas: Plater\u00edas Christmas Market, comercio en la calle y animaci\u00f3n<\/li><li>con los coros Vox Vitae (18:30 h) y Silent Bells Carol Singers (20 h).<\/li><li>Jueves 23 de diciembre de 18:30 a 20.30 horas: Christmas Carol Singers. Actividad en movimiento. Plaza de los Arces, Guadamacileros y Plater\u00edas<\/li><\/ul><\/p>\n\n\n\n<p><strong>Zona Comercial calle Torrecilla<\/strong><\/p>\n\n\n\n<ul class=\"wp-block-list\"><li>Ac\u00e9rcate a conocer a Pap\u00e1 Noel y entr\u00e9gale tu carta Caravana Navide\u00f1a el viernes 17 de diciembre a las 17:30 horas.<\/li><\/ul>\n\n\n\n<p><strong>Zona Comercial calle Regalado <\/strong><\/p>\n\n\n\n<ul><li>Jueves 23 de diciembre de 18 a 20:30 horas: visita de Pap\u00e1 Noel.<\/li><li>Lunes 3 de enero de 18 a 20:30 horas: visita de los Reyes Magos.<\/li><\/ul>\n\n\n\n<p><strong>Zona Comercial Calder\u00f3n<\/strong><\/p>\n\n\n\n<ul class=\"wp-block-list\"><li>Pinta caras, talleres y sorpresas el mi\u00e9rcoles 29 de diciembre de 17:30 a 20:30 horas.<\/li><\/ul>\n\n\n\n<p><strong>Calle Manter\u00eda<\/strong><\/p>\n\n\n\n<ul class=\"wp-block-list\"><li>Nueva cabalgata de los Reyes Magos el martes 4 de enero a las 18 horas<\/li><\/ul>\n\n\n\n<p><\/p>\n","protected":false},"excerpt":{"rendered":"<p>\u00a1Siente la ilusi\u00f3n de la Navidad en Valladolid! Se acercan las fechas m\u00e1s emotivas y familiares del a\u00f1o y nosotros te proponemos un completo programa para disfrutarlas: encontrar\u00e1s opciones de cultura y de ocio, planes para adultos y para ni\u00f1os, ideas para completar tus compras y para empaparte de esp\u00edritu navide\u00f1o en cada rinc\u00f3n de la ciudad. Te contamos qu\u00e9 hacer en Valladolid en Navidad. Puedes, tambi\u00e9n, consultar m\u00e1s eventos en nuestra agenda y descargar aqu\u00ed el programa de Navidad. &nbsp; lluminaci\u00f3n y espect\u00e1culos de luz y sonido M\u00fasica de Navidad Navidad \u00a1en familia! De compras Iluminaci\u00f3n y espect\u00e1culos de sonido Visita de Pap\u00e1 Noel: 23 de diciembre de 11 a 14 y de 17:30 a 20:30 y 24 de diciembre de 11 a 14 horas. Visita del Rey Melchor: 3 de enero de 11 a 14 y de 17:30 a 20:30 horas y 4 de enero de 17:30 a 20:30 horas. Zona calle Plater\u00edas Viernes 10 y s\u00e1bado 11 de diciembre, de 17:30 a 21 horas: Plater\u00edas Christmas Market, comercio en la calle y animaci\u00f3n con los coros Vox Vitae (18:30 h) y Silent Bells Carol Singers (20 h). Jueves 23 de diciembre de 18:30 a 20.30 horas: Christmas [&hellip;]<\/p>\n","protected":false},"author":1,"featured_media":8818,"comment_status":"open","ping_status":"open","sticky":false,"template":"","format":"standard","meta":{"footnotes":""},"categories":[9],"tags":[],"class_list":["post-8799","post","type-post","status-publish","format-standard","has-post-thumbnail","hentry","category-eventos_y_festejos"],"yoast_head":"<!-- This site is optimized with the Yoast SEO plugin v27.4 - https:\/\/yoast.com\/product\/yoast-seo-wordpress\/ -->\n<title>Qu\u00e9 hacer en Valladolid esta Navidad - Blog Cultura y Turismo<\/title>\n<meta name=\"robots\" content=\"index, follow, max-snippet:-1, max-image-preview:large, max-video-preview:-1\" \/>\n<link rel=\"canonical\" href=\"https:\/\/www.info.valladolid.es\/blog\/programa-navidad\/\" \/>\n<meta property=\"og:locale\" content=\"es_ES\" \/>\n<meta property=\"og:type\" content=\"article\" \/>\n<meta property=\"og:title\" content=\"Qu\u00e9 hacer en Valladolid esta Navidad - Blog Cultura y Turismo\" \/>\n<meta property=\"og:description\" content=\"\u00a1Siente la ilusi\u00f3n de la Navidad en Valladolid! Se acercan las fechas m\u00e1s emotivas y familiares del a\u00f1o y nosotros te proponemos un completo programa para disfrutarlas: encontrar\u00e1s opciones de cultura y de ocio, planes para adultos y para ni\u00f1os, ideas para completar tus compras y para empaparte de esp\u00edritu navide\u00f1o en cada rinc\u00f3n de la ciudad. Te contamos qu\u00e9 hacer en Valladolid en Navidad. Puedes, tambi\u00e9n, consultar m\u00e1s eventos en nuestra agenda y descargar aqu\u00ed el programa de Navidad. &nbsp; lluminaci\u00f3n y espect\u00e1culos de luz y sonido M\u00fasica de Navidad Navidad \u00a1en familia! De compras Iluminaci\u00f3n y espect\u00e1culos de sonido Visita de Pap\u00e1 Noel: 23 de diciembre de 11 a 14 y de 17:30 a 20:30 y 24 de diciembre de 11 a 14 horas. Visita del Rey Melchor: 3 de enero de 11 a 14 y de 17:30 a 20:30 horas y 4 de enero de 17:30 a 20:30 horas. Zona calle Plater\u00edas Viernes 10 y s\u00e1bado 11 de diciembre, de 17:30 a 21 horas: Plater\u00edas Christmas Market, comercio en la calle y animaci\u00f3n con los coros Vox Vitae (18:30 h) y Silent Bells Carol Singers (20 h). Jueves 23 de diciembre de 18:30 a 20.30 horas: Christmas [&hellip;]\" \/>\n<meta property=\"og:url\" content=\"https:\/\/www.info.valladolid.es\/blog\/programa-navidad\/\" \/>\n<meta property=\"og:site_name\" content=\"Blog Cultura y Turismo\" \/>\n<meta property=\"article:published_time\" content=\"2021-11-23T11:39:39+00:00\" \/>\n<meta property=\"article:modified_time\" content=\"2021-11-26T07:55:09+00:00\" \/>\n<meta property=\"og:image\" content=\"https:\/\/www.info.valladolid.es\/blog\/wp-content\/uploads\/2021\/11\/navidad-valladolid-blog.jpg\" \/>\n\t<meta property=\"og:image:width\" content=\"800\" \/>\n\t<meta property=\"og:image:height\" content=\"465\" \/>\n\t<meta property=\"og:image:type\" content=\"image\/jpeg\" \/>\n<meta name=\"author\" content=\"administrador\" \/>\n<meta name=\"twitter:card\" content=\"summary_large_image\" \/>\n<meta name=\"twitter:label1\" content=\"Escrito por\" \/>\n\t<meta name=\"twitter:data1\" content=\"administrador\" \/>\n\t<meta name=\"twitter:label2\" content=\"Tiempo de lectura\" \/>\n\t<meta name=\"twitter:data2\" content=\"10 minutos\" \/>\n<script type=\"application\/ld+json\" class=\"yoast-schema-graph\">{\"@context\":\"https:\\\/\\\/schema.org\",\"@graph\":[{\"@type\":\"Article\",\"@id\":\"https:\\\/\\\/www.info.valladolid.es\\\/blog\\\/programa-navidad\\\/#article\",\"isPartOf\":{\"@id\":\"https:\\\/\\\/www.info.valladolid.es\\\/blog\\\/programa-navidad\\\/\"},\"author\":{\"name\":\"administrador\",\"@id\":\"https:\\\/\\\/www.info.valladolid.es\\\/blog\\\/#\\\/schema\\\/person\\\/845cac97e6156a5a9c5abd68b7b9a5d5\"},\"headline\":\"Qu\u00e9 hacer en Valladolid esta Navidad\",\"datePublished\":\"2021-11-23T11:39:39+00:00\",\"dateModified\":\"2021-11-26T07:55:09+00:00\",\"mainEntityOfPage\":{\"@id\":\"https:\\\/\\\/www.info.valladolid.es\\\/blog\\\/programa-navidad\\\/\"},\"wordCount\":304,\"commentCount\":0,\"image\":{\"@id\":\"https:\\\/\\\/www.info.valladolid.es\\\/blog\\\/programa-navidad\\\/#primaryimage\"},\"thumbnailUrl\":\"https:\\\/\\\/www.info.valladolid.es\\\/blog\\\/wp-content\\\/uploads\\\/2021\\\/11\\\/navidad-valladolid-blog.jpg\",\"articleSection\":[\"Eventos y festejos\"],\"inLanguage\":\"es\",\"potentialAction\":[{\"@type\":\"CommentAction\",\"name\":\"Comment\",\"target\":[\"https:\\\/\\\/www.info.valladolid.es\\\/blog\\\/programa-navidad\\\/#respond\"]}]},{\"@type\":\"WebPage\",\"@id\":\"https:\\\/\\\/www.info.valladolid.es\\\/blog\\\/programa-navidad\\\/\",\"url\":\"https:\\\/\\\/www.info.valladolid.es\\\/blog\\\/programa-navidad\\\/\",\"name\":\"Qu\u00e9 hacer en Valladolid esta Navidad - Blog Cultura y Turismo\",\"isPartOf\":{\"@id\":\"https:\\\/\\\/www.info.valladolid.es\\\/blog\\\/#website\"},\"primaryImageOfPage\":{\"@id\":\"https:\\\/\\\/www.info.valladolid.es\\\/blog\\\/programa-navidad\\\/#primaryimage\"},\"image\":{\"@id\":\"https:\\\/\\\/www.info.valladolid.es\\\/blog\\\/programa-navidad\\\/#primaryimage\"},\"thumbnailUrl\":\"https:\\\/\\\/www.info.valladolid.es\\\/blog\\\/wp-content\\\/uploads\\\/2021\\\/11\\\/navidad-valladolid-blog.jpg\",\"datePublished\":\"2021-11-23T11:39:39+00:00\",\"dateModified\":\"2021-11-26T07:55:09+00:00\",\"author\":{\"@id\":\"https:\\\/\\\/www.info.valladolid.es\\\/blog\\\/#\\\/schema\\\/person\\\/845cac97e6156a5a9c5abd68b7b9a5d5\"},\"breadcrumb\":{\"@id\":\"https:\\\/\\\/www.info.valladolid.es\\\/blog\\\/programa-navidad\\\/#breadcrumb\"},\"inLanguage\":\"es\",\"potentialAction\":[{\"@type\":\"ReadAction\",\"target\":[\"https:\\\/\\\/www.info.valladolid.es\\\/blog\\\/programa-navidad\\\/\"]}]},{\"@type\":\"ImageObject\",\"inLanguage\":\"es\",\"@id\":\"https:\\\/\\\/www.info.valladolid.es\\\/blog\\\/programa-navidad\\\/#primaryimage\",\"url\":\"https:\\\/\\\/www.info.valladolid.es\\\/blog\\\/wp-content\\\/uploads\\\/2021\\\/11\\\/navidad-valladolid-blog.jpg\",\"contentUrl\":\"https:\\\/\\\/www.info.valladolid.es\\\/blog\\\/wp-content\\\/uploads\\\/2021\\\/11\\\/navidad-valladolid-blog.jpg\",\"width\":800,\"height\":465},{\"@type\":\"BreadcrumbList\",\"@id\":\"https:\\\/\\\/www.info.valladolid.es\\\/blog\\\/programa-navidad\\\/#breadcrumb\",\"itemListElement\":[{\"@type\":\"ListItem\",\"position\":1,\"name\":\"Home\",\"item\":\"https:\\\/\\\/www.info.valladolid.es\\\/blog\\\/\"},{\"@type\":\"ListItem\",\"position\":2,\"name\":\"Qu\u00e9 hacer en Valladolid esta Navidad\"}]},{\"@type\":\"WebSite\",\"@id\":\"https:\\\/\\\/www.info.valladolid.es\\\/blog\\\/#website\",\"url\":\"https:\\\/\\\/www.info.valladolid.es\\\/blog\\\/\",\"name\":\"Blog Cultura y Turismo\",\"description\":\"\",\"potentialAction\":[{\"@type\":\"SearchAction\",\"target\":{\"@type\":\"EntryPoint\",\"urlTemplate\":\"https:\\\/\\\/www.info.valladolid.es\\\/blog\\\/?s={search_term_string}\"},\"query-input\":{\"@type\":\"PropertyValueSpecification\",\"valueRequired\":true,\"valueName\":\"search_term_string\"}}],\"inLanguage\":\"es\"},{\"@type\":\"Person\",\"@id\":\"https:\\\/\\\/www.info.valladolid.es\\\/blog\\\/#\\\/schema\\\/person\\\/845cac97e6156a5a9c5abd68b7b9a5d5\",\"name\":\"administrador\",\"image\":{\"@type\":\"ImageObject\",\"inLanguage\":\"es\",\"@id\":\"https:\\\/\\\/secure.gravatar.com\\\/avatar\\\/418161d2f95196597e2d305bd301c850afab7f4b284a344fb2d759f048b71c61?s=96&d=mm&r=g\",\"url\":\"https:\\\/\\\/secure.gravatar.com\\\/avatar\\\/418161d2f95196597e2d305bd301c850afab7f4b284a344fb2d759f048b71c61?s=96&d=mm&r=g\",\"contentUrl\":\"https:\\\/\\\/secure.gravatar.com\\\/avatar\\\/418161d2f95196597e2d305bd301c850afab7f4b284a344fb2d759f048b71c61?s=96&d=mm&r=g\",\"caption\":\"administrador\"},\"url\":\"https:\\\/\\\/www.info.valladolid.es\\\/blog\\\/author\\\/administrador\\\/\"}]}<\/script>\n<!-- \/ Yoast SEO plugin. -->","yoast_head_json":{"title":"Qu\u00e9 hacer en Valladolid esta Navidad - Blog Cultura y Turismo","robots":{"index":"index","follow":"follow","max-snippet":"max-snippet:-1","max-image-preview":"max-image-preview:large","max-video-preview":"max-video-preview:-1"},"canonical":"https:\/\/www.info.valladolid.es\/blog\/programa-navidad\/","og_locale":"es_ES","og_type":"article","og_title":"Qu\u00e9 hacer en Valladolid esta Navidad - Blog Cultura y Turismo","og_description":"\u00a1Siente la ilusi\u00f3n de la Navidad en Valladolid! Se acercan las fechas m\u00e1s emotivas y familiares del a\u00f1o y nosotros te proponemos un completo programa para disfrutarlas: encontrar\u00e1s opciones de cultura y de ocio, planes para adultos y para ni\u00f1os, ideas para completar tus compras y para empaparte de esp\u00edritu navide\u00f1o en cada rinc\u00f3n de la ciudad. Te contamos qu\u00e9 hacer en Valladolid en Navidad. Puedes, tambi\u00e9n, consultar m\u00e1s eventos en nuestra agenda y descargar aqu\u00ed el programa de Navidad. &nbsp; lluminaci\u00f3n y espect\u00e1culos de luz y sonido M\u00fasica de Navidad Navidad \u00a1en familia! De compras Iluminaci\u00f3n y espect\u00e1culos de sonido Visita de Pap\u00e1 Noel: 23 de diciembre de 11 a 14 y de 17:30 a 20:30 y 24 de diciembre de 11 a 14 horas. Visita del Rey Melchor: 3 de enero de 11 a 14 y de 17:30 a 20:30 horas y 4 de enero de 17:30 a 20:30 horas. Zona calle Plater\u00edas Viernes 10 y s\u00e1bado 11 de diciembre, de 17:30 a 21 horas: Plater\u00edas Christmas Market, comercio en la calle y animaci\u00f3n con los coros Vox Vitae (18:30 h) y Silent Bells Carol Singers (20 h). Jueves 23 de diciembre de 18:30 a 20.30 horas: Christmas [&hellip;]","og_url":"https:\/\/www.info.valladolid.es\/blog\/programa-navidad\/","og_site_name":"Blog Cultura y Turismo","article_published_time":"2021-11-23T11:39:39+00:00","article_modified_time":"2021-11-26T07:55:09+00:00","og_image":[{"width":800,"height":465,"url":"https:\/\/www.info.valladolid.es\/blog\/wp-content\/uploads\/2021\/11\/navidad-valladolid-blog.jpg","type":"image\/jpeg"}],"author":"administrador","twitter_card":"summary_large_image","twitter_misc":{"Escrito por":"administrador","Tiempo de lectura":"10 minutos"},"schema":{"@context":"https:\/\/schema.org","@graph":[{"@type":"Article","@id":"https:\/\/www.info.valladolid.es\/blog\/programa-navidad\/#article","isPartOf":{"@id":"https:\/\/www.info.valladolid.es\/blog\/programa-navidad\/"},"author":{"name":"administrador","@id":"https:\/\/www.info.valladolid.es\/blog\/#\/schema\/person\/845cac97e6156a5a9c5abd68b7b9a5d5"},"headline":"Qu\u00e9 hacer en Valladolid esta Navidad","datePublished":"2021-11-23T11:39:39+00:00","dateModified":"2021-11-26T07:55:09+00:00","mainEntityOfPage":{"@id":"https:\/\/www.info.valladolid.es\/blog\/programa-navidad\/"},"wordCount":304,"commentCount":0,"image":{"@id":"https:\/\/www.info.valladolid.es\/blog\/programa-navidad\/#primaryimage"},"thumbnailUrl":"https:\/\/www.info.valladolid.es\/blog\/wp-content\/uploads\/2021\/11\/navidad-valladolid-blog.jpg","articleSection":["Eventos y festejos"],"inLanguage":"es","potentialAction":[{"@type":"CommentAction","name":"Comment","target":["https:\/\/www.info.valladolid.es\/blog\/programa-navidad\/#respond"]}]},{"@type":"WebPage","@id":"https:\/\/www.info.valladolid.es\/blog\/programa-navidad\/","url":"https:\/\/www.info.valladolid.es\/blog\/programa-navidad\/","name":"Qu\u00e9 hacer en Valladolid esta Navidad - Blog Cultura y Turismo","isPartOf":{"@id":"https:\/\/www.info.valladolid.es\/blog\/#website"},"primaryImageOfPage":{"@id":"https:\/\/www.info.valladolid.es\/blog\/programa-navidad\/#primaryimage"},"image":{"@id":"https:\/\/www.info.valladolid.es\/blog\/programa-navidad\/#primaryimage"},"thumbnailUrl":"https:\/\/www.info.valladolid.es\/blog\/wp-content\/uploads\/2021\/11\/navidad-valladolid-blog.jpg","datePublished":"2021-11-23T11:39:39+00:00","dateModified":"2021-11-26T07:55:09+00:00","author":{"@id":"https:\/\/www.info.valladolid.es\/blog\/#\/schema\/person\/845cac97e6156a5a9c5abd68b7b9a5d5"},"breadcrumb":{"@id":"https:\/\/www.info.valladolid.es\/blog\/programa-navidad\/#breadcrumb"},"inLanguage":"es","potentialAction":[{"@type":"ReadAction","target":["https:\/\/www.info.valladolid.es\/blog\/programa-navidad\/"]}]},{"@type":"ImageObject","inLanguage":"es","@id":"https:\/\/www.info.valladolid.es\/blog\/programa-navidad\/#primaryimage","url":"https:\/\/www.info.valladolid.es\/blog\/wp-content\/uploads\/2021\/11\/navidad-valladolid-blog.jpg","contentUrl":"https:\/\/www.info.valladolid.es\/blog\/wp-content\/uploads\/2021\/11\/navidad-valladolid-blog.jpg","width":800,"height":465},{"@type":"BreadcrumbList","@id":"https:\/\/www.info.valladolid.es\/blog\/programa-navidad\/#breadcrumb","itemListElement":[{"@type":"ListItem","position":1,"name":"Home","item":"https:\/\/www.info.valladolid.es\/blog\/"},{"@type":"ListItem","position":2,"name":"Qu\u00e9 hacer en Valladolid esta Navidad"}]},{"@type":"WebSite","@id":"https:\/\/www.info.valladolid.es\/blog\/#website","url":"https:\/\/www.info.valladolid.es\/blog\/","name":"Blog Cultura y Turismo","description":"","potentialAction":[{"@type":"SearchAction","target":{"@type":"EntryPoint","urlTemplate":"https:\/\/www.info.valladolid.es\/blog\/?s={search_term_string}"},"query-input":{"@type":"PropertyValueSpecification","valueRequired":true,"valueName":"search_term_string"}}],"inLanguage":"es"},{"@type":"Person","@id":"https:\/\/www.info.valladolid.es\/blog\/#\/schema\/person\/845cac97e6156a5a9c5abd68b7b9a5d5","name":"administrador","image":{"@type":"ImageObject","inLanguage":"es","@id":"https:\/\/secure.gravatar.com\/avatar\/418161d2f95196597e2d305bd301c850afab7f4b284a344fb2d759f048b71c61?s=96&d=mm&r=g","url":"https:\/\/secure.gravatar.com\/avatar\/418161d2f95196597e2d305bd301c850afab7f4b284a344fb2d759f048b71c61?s=96&d=mm&r=g","contentUrl":"https:\/\/secure.gravatar.com\/avatar\/418161d2f95196597e2d305bd301c850afab7f4b284a344fb2d759f048b71c61?s=96&d=mm&r=g","caption":"administrador"},"url":"https:\/\/www.info.valladolid.es\/blog\/author\/administrador\/"}]}},"_links":{"self":[{"href":"https:\/\/www.info.valladolid.es\/blog\/wp-json\/wp\/v2\/posts\/8799","targetHints":{"allow":["GET"]}}],"collection":[{"href":"https:\/\/www.info.valladolid.es\/blog\/wp-json\/wp\/v2\/posts"}],"about":[{"href":"https:\/\/www.info.valladolid.es\/blog\/wp-json\/wp\/v2\/types\/post"}],"author":[{"embeddable":true,"href":"https:\/\/www.info.valladolid.es\/blog\/wp-json\/wp\/v2\/users\/1"}],"replies":[{"embeddable":true,"href":"https:\/\/www.info.valladolid.es\/blog\/wp-json\/wp\/v2\/comments?post=8799"}],"version-history":[{"count":28,"href":"https:\/\/www.info.valladolid.es\/blog\/wp-json\/wp\/v2\/posts\/8799\/revisions"}],"predecessor-version":[{"id":8847,"href":"https:\/\/www.info.valladolid.es\/blog\/wp-json\/wp\/v2\/posts\/8799\/revisions\/8847"}],"wp:featuredmedia":[{"embeddable":true,"href":"https:\/\/www.info.valladolid.es\/blog\/wp-json\/wp\/v2\/media\/8818"}],"wp:attachment":[{"href":"https:\/\/www.info.valladolid.es\/blog\/wp-json\/wp\/v2\/media?parent=8799"}],"wp:term":[{"taxonomy":"category","embeddable":true,"href":"https:\/\/www.info.valladolid.es\/blog\/wp-json\/wp\/v2\/categories?post=8799"},{"taxonomy":"post_tag","embeddable":true,"href":"https:\/\/www.info.valladolid.es\/blog\/wp-json\/wp\/v2\/tags?post=8799"}],"curies":[{"name":"wp","href":"https:\/\/api.w.org\/{rel}","templated":true}]}}