{"id":8575,"date":"2021-09-15T11:11:47","date_gmt":"2021-09-15T11:11:47","guid":{"rendered":"https:\/\/www.info.valladolid.es\/blog\/?p=8575"},"modified":"2021-09-15T11:11:49","modified_gmt":"2021-09-15T11:11:49","slug":"cinco-libros-ambientados-en-valladolid","status":"publish","type":"post","link":"https:\/\/www.info.valladolid.es\/blog\/cinco-libros-ambientados-en-valladolid\/","title":{"rendered":"Cinco libros (m\u00e1s) ambientados en Valladolid"},"content":{"rendered":"\n<p>La vuelta a la rutina y el carpetazo a los planes improvisados del verano dejan hueco a las letras. Si este nuevo curso te has propuesto retomar el h\u00e1bito de entregarte a la lectura, nosotros te proponemos hacerlo con cinco historias que se desarrollan en tu ciudad. <\/p>\n\n\n\n<p>Toma nota, adem\u00e1s, de nuestras listas de <a rel=\"noreferrer noopener\" aria-label=\"15 libros ambientados en Valladolid (abre en una nueva pesta\u00f1a)\" href=\"https:\/\/www.info.valladolid.es\/blog\/libros-ambientados-valladolid\/\" target=\"_blank\">15 libros ambientados en Valladolid<\/a> y de <a rel=\"noreferrer noopener\" aria-label=\"10 libros cuya trama tiene lugar en nuestra ciudad (abre en una nueva pesta\u00f1a)\" href=\"https:\/\/www.info.valladolid.es\/blog\/diez-libros-ambientados-en-valladolid\/\" target=\"_blank\">10 libros cuya trama tiene lugar en nuestra ciudad<\/a>.<\/p>\n\n\n\n<p>Completamos este repositorio con cinco t\u00edtulos propuestos por nuestros lectores a quienes agradecemos su aportaci\u00f3n.<\/p>\n\n\n\n<p><strong><em>Mi querida Eva,<\/em> de Gustavo Mart\u00edn Garzo.<\/strong> <\/p>\n\n\n\n<p>El Premio Nacional de Narrativa ambienta esta historia de amor en su ciudad natal. <\/p>\n\n\n\n<p>Alberto, Eva y Daniel eran tres adolescentes que exprim\u00edan un verano con\nla intensidad propia de su edad cuando el amor los sorprende. A\u00f1os despu\u00e9s, Daniel\ny Eva se reencuentran y recuerdan aquella \u00e9poca desde la experiencia que da la\nvida. <\/p>\n\n\n\n<p>Entre los escenarios que aparecen en esta novela ambientada en\nValladolid no puede faltar un cl\u00e1sico de los veranos de hace d\u00e9cadas: las\npiscinas Samoa, que el autor recuerda como \u201csituadas en un bonito edificio que\nrecordaba a un peque\u00f1o barco, con sus ventanas redondas, su peque\u00f1a torre de\nmando y su chimenea\u201d, donde los j\u00f3venes escuchaban \u201cm\u00fasica francesa, y dulces\nbaladas italianas que llenaban nuestro pecho de confusos anhelos. Bajo el\nfuerte sol del mediod\u00eda, y al amparo de aquella m\u00fasica, no hab\u00eda un lugar que\nnos pareciera m\u00e1s lleno de promesas\u201d.<\/p>\n\n\n\n<p><strong><em>Los locos de la Costanilla<\/em>, de Miguel \u00c1ngel Galguera<\/strong><\/p>\n\n\n\n<p>\u00bfImaginas un romance en una de las grandes desgracias de nuestra ciudad?\nEsta historia tiene lugar durante el gran incendio que devast\u00f3 los alrededores\nde lo que hoy es la Plaza Mayor en 1561. Yaiza y Rui se consumen como el fuego\nconsume las calles que los han visto crecer, mientras el caos descoloca a la\npoblaci\u00f3n. <\/p>\n\n\n\n<p>\u00bfSab\u00edas que la <a href=\"https:\/\/www.info.valladolid.es\/blog\/aqui-nacio-san-pedro-regalado\/\" target=\"_blank\" rel=\"noreferrer noopener\" aria-label=\"calle de la Costanilla es la actual calle Plater\u00edas, donde naci\u00f3 San Pedro Regalado (abre en una nueva pesta\u00f1a)\">calle de la Costanilla es la actual calle Plater\u00edas, donde naci\u00f3 San Pedro Regalado<\/a>?<\/p>\n\n\n\n<p><strong><em>El mot\u00edn del pan<\/em>, de Miguel \u00c1ngel Galguera<\/strong><\/p>\n\n\n\n<p>La\nnovela recuerda el hist\u00f3rico mot\u00edn del pan, que tuvo lugar en nuestra ciudad en\njunio de 1856. Los vecinos, ante la carest\u00eda de alimentos, protagonizan una\nrevuelta cuya llama pronto se extiende en otras ciudades castellanas. Lejos de\namedrentarse ante la respuesta militar, la poblaci\u00f3n contin\u00faa arrasando\nf\u00e1bricas, entre ellas, tres naves situadas en la d\u00e1rsena del Canal de Castilla.\nEs el momento hist\u00f3rico elegido por Galguera para esta novela, que presenta los\nanhelos de distintos personajes que llevan al estadillo de uno de los motines\nm\u00e1s importantes del siglo. <\/p>\n\n\n\n<p><strong><em>El relevo<\/em>, de Juan Manuel Olcese <\/strong><\/p>\n\n\n\n<p>En este t\u00edtulo de 2005, el vallisoletano da voz a la generaci\u00f3n X. Un libro de corte neorrealista y di\u00e1logos coloquiales que representa la vida de los j\u00f3venes de los barrios obreros de la ciudad, sus aspiraciones, su realidad y sus esperanzas. <\/p>\n\n\n\n<p>Por esta novela, el cr\u00edtico literario Germ\u00e1n\nGull\u00f3n se ha referido a Olcese como \u201cun ep\u00edgono del neorrealismo\u201d.<\/p>\n\n\n\n<p><strong><em>La mirada del caf\u00e9<\/em>, de Juan Manuel Olcese<\/strong><\/p>\n\n\n\n<p>Olcese retoma su vocaci\u00f3n literaria con\nuna novela que mezcla g\u00e9neros como el suspense y la novela policiaca. &nbsp;La historia se desarrolla a lo largo de una\nsemana y el autor dedica un cap\u00edtulo a cada d\u00eda: en esta original organizaci\u00f3n,\nel autor cambia de tono cuando llega el \u2018fin de semana\u2019 para girar hacia el\nneorrealismo, en la l\u00ednea de su anterior novela. <\/p>\n\n\n\n<p>Especial protagonismo en esta novela tiene\nuno de los establecimientos m\u00e1s longevos de la ciudad, El largo adi\u00f3s, conocido\ncomo El cafet\u00edn.<\/p>\n\n\n\n<p>Sin embargo, el lector descubrir\u00e1 que a lo\nlargo del texto no se especifica que la acci\u00f3n tenga lugar en Valladolid\u2026aunque\nel autor confiesa haber dejado continuas pistas (la niebla o una catedral\ninacabada).<\/p>\n\n\n\n<p> <\/p>\n","protected":false},"excerpt":{"rendered":"<p>La vuelta a la rutina y el carpetazo a los planes improvisados del verano dejan hueco a las letras. Si este nuevo curso te has propuesto retomar el h\u00e1bito de entregarte a la lectura, nosotros te proponemos hacerlo con cinco historias que se desarrollan en tu ciudad. Toma nota, adem\u00e1s, de nuestras listas de 15 libros ambientados en Valladolid y de 10 libros cuya trama tiene lugar en nuestra ciudad. Completamos este repositorio con cinco t\u00edtulos propuestos por nuestros lectores a quienes agradecemos su aportaci\u00f3n. Mi querida Eva, de Gustavo Mart\u00edn Garzo. El Premio Nacional de Narrativa ambienta esta historia de amor en su ciudad natal. Alberto, Eva y Daniel eran tres adolescentes que exprim\u00edan un verano con la intensidad propia de su edad cuando el amor los sorprende. A\u00f1os despu\u00e9s, Daniel y Eva se reencuentran y recuerdan aquella \u00e9poca desde la experiencia que da la vida. Entre los escenarios que aparecen en esta novela ambientada en Valladolid no puede faltar un cl\u00e1sico de los veranos de hace d\u00e9cadas: las piscinas Samoa, que el autor recuerda como \u201csituadas en un bonito edificio que recordaba a un peque\u00f1o barco, con sus ventanas redondas, su peque\u00f1a torre de mando y su chimenea\u201d, [&hellip;]<\/p>\n","protected":false},"author":1,"featured_media":8576,"comment_status":"open","ping_status":"open","sticky":false,"template":"","format":"standard","meta":{"footnotes":""},"categories":[5],"tags":[],"class_list":["post-8575","post","type-post","status-publish","format-standard","has-post-thumbnail","hentry","category-curiosidades_y_leyendas"],"yoast_head":"<!-- This site is optimized with the Yoast SEO plugin v27.4 - https:\/\/yoast.com\/product\/yoast-seo-wordpress\/ -->\n<title>Cinco libros (m\u00e1s) ambientados en Valladolid - Blog Cultura y Turismo<\/title>\n<meta name=\"robots\" content=\"index, follow, max-snippet:-1, max-image-preview:large, max-video-preview:-1\" \/>\n<link rel=\"canonical\" href=\"https:\/\/www.info.valladolid.es\/blog\/cinco-libros-ambientados-en-valladolid\/\" \/>\n<meta property=\"og:locale\" content=\"es_ES\" \/>\n<meta property=\"og:type\" content=\"article\" \/>\n<meta property=\"og:title\" content=\"Cinco libros (m\u00e1s) ambientados en Valladolid - Blog Cultura y Turismo\" \/>\n<meta property=\"og:description\" content=\"La vuelta a la rutina y el carpetazo a los planes improvisados del verano dejan hueco a las letras. Si este nuevo curso te has propuesto retomar el h\u00e1bito de entregarte a la lectura, nosotros te proponemos hacerlo con cinco historias que se desarrollan en tu ciudad. Toma nota, adem\u00e1s, de nuestras listas de 15 libros ambientados en Valladolid y de 10 libros cuya trama tiene lugar en nuestra ciudad. Completamos este repositorio con cinco t\u00edtulos propuestos por nuestros lectores a quienes agradecemos su aportaci\u00f3n. Mi querida Eva, de Gustavo Mart\u00edn Garzo. El Premio Nacional de Narrativa ambienta esta historia de amor en su ciudad natal. Alberto, Eva y Daniel eran tres adolescentes que exprim\u00edan un verano con la intensidad propia de su edad cuando el amor los sorprende. A\u00f1os despu\u00e9s, Daniel y Eva se reencuentran y recuerdan aquella \u00e9poca desde la experiencia que da la vida. Entre los escenarios que aparecen en esta novela ambientada en Valladolid no puede faltar un cl\u00e1sico de los veranos de hace d\u00e9cadas: las piscinas Samoa, que el autor recuerda como \u201csituadas en un bonito edificio que recordaba a un peque\u00f1o barco, con sus ventanas redondas, su peque\u00f1a torre de mando y su chimenea\u201d, [&hellip;]\" \/>\n<meta property=\"og:url\" content=\"https:\/\/www.info.valladolid.es\/blog\/cinco-libros-ambientados-en-valladolid\/\" \/>\n<meta property=\"og:site_name\" content=\"Blog Cultura y Turismo\" \/>\n<meta property=\"article:published_time\" content=\"2021-09-15T11:11:47+00:00\" \/>\n<meta property=\"article:modified_time\" content=\"2021-09-15T11:11:49+00:00\" \/>\n<meta property=\"og:image\" content=\"https:\/\/www.info.valladolid.es\/blog\/wp-content\/uploads\/2021\/09\/libros-ambientados-en-valladolid-1.jpg\" \/>\n\t<meta property=\"og:image:width\" content=\"800\" \/>\n\t<meta property=\"og:image:height\" content=\"409\" \/>\n\t<meta property=\"og:image:type\" content=\"image\/jpeg\" \/>\n<meta name=\"author\" content=\"administrador\" \/>\n<meta name=\"twitter:card\" content=\"summary_large_image\" \/>\n<meta name=\"twitter:label1\" content=\"Escrito por\" \/>\n\t<meta name=\"twitter:data1\" content=\"administrador\" \/>\n\t<meta name=\"twitter:label2\" content=\"Tiempo de lectura\" \/>\n\t<meta name=\"twitter:data2\" content=\"3 minutos\" \/>\n<script type=\"application\/ld+json\" class=\"yoast-schema-graph\">{\"@context\":\"https:\\\/\\\/schema.org\",\"@graph\":[{\"@type\":\"Article\",\"@id\":\"https:\\\/\\\/www.info.valladolid.es\\\/blog\\\/cinco-libros-ambientados-en-valladolid\\\/#article\",\"isPartOf\":{\"@id\":\"https:\\\/\\\/www.info.valladolid.es\\\/blog\\\/cinco-libros-ambientados-en-valladolid\\\/\"},\"author\":{\"name\":\"administrador\",\"@id\":\"https:\\\/\\\/www.info.valladolid.es\\\/blog\\\/#\\\/schema\\\/person\\\/845cac97e6156a5a9c5abd68b7b9a5d5\"},\"headline\":\"Cinco libros (m\u00e1s) ambientados en Valladolid\",\"datePublished\":\"2021-09-15T11:11:47+00:00\",\"dateModified\":\"2021-09-15T11:11:49+00:00\",\"mainEntityOfPage\":{\"@id\":\"https:\\\/\\\/www.info.valladolid.es\\\/blog\\\/cinco-libros-ambientados-en-valladolid\\\/\"},\"wordCount\":669,\"commentCount\":2,\"image\":{\"@id\":\"https:\\\/\\\/www.info.valladolid.es\\\/blog\\\/cinco-libros-ambientados-en-valladolid\\\/#primaryimage\"},\"thumbnailUrl\":\"https:\\\/\\\/www.info.valladolid.es\\\/blog\\\/wp-content\\\/uploads\\\/2021\\\/09\\\/libros-ambientados-en-valladolid-1.jpg\",\"articleSection\":[\"Curiosidades y leyendas\"],\"inLanguage\":\"es\",\"potentialAction\":[{\"@type\":\"CommentAction\",\"name\":\"Comment\",\"target\":[\"https:\\\/\\\/www.info.valladolid.es\\\/blog\\\/cinco-libros-ambientados-en-valladolid\\\/#respond\"]}]},{\"@type\":\"WebPage\",\"@id\":\"https:\\\/\\\/www.info.valladolid.es\\\/blog\\\/cinco-libros-ambientados-en-valladolid\\\/\",\"url\":\"https:\\\/\\\/www.info.valladolid.es\\\/blog\\\/cinco-libros-ambientados-en-valladolid\\\/\",\"name\":\"Cinco libros (m\u00e1s) ambientados en Valladolid - Blog Cultura y Turismo\",\"isPartOf\":{\"@id\":\"https:\\\/\\\/www.info.valladolid.es\\\/blog\\\/#website\"},\"primaryImageOfPage\":{\"@id\":\"https:\\\/\\\/www.info.valladolid.es\\\/blog\\\/cinco-libros-ambientados-en-valladolid\\\/#primaryimage\"},\"image\":{\"@id\":\"https:\\\/\\\/www.info.valladolid.es\\\/blog\\\/cinco-libros-ambientados-en-valladolid\\\/#primaryimage\"},\"thumbnailUrl\":\"https:\\\/\\\/www.info.valladolid.es\\\/blog\\\/wp-content\\\/uploads\\\/2021\\\/09\\\/libros-ambientados-en-valladolid-1.jpg\",\"datePublished\":\"2021-09-15T11:11:47+00:00\",\"dateModified\":\"2021-09-15T11:11:49+00:00\",\"author\":{\"@id\":\"https:\\\/\\\/www.info.valladolid.es\\\/blog\\\/#\\\/schema\\\/person\\\/845cac97e6156a5a9c5abd68b7b9a5d5\"},\"breadcrumb\":{\"@id\":\"https:\\\/\\\/www.info.valladolid.es\\\/blog\\\/cinco-libros-ambientados-en-valladolid\\\/#breadcrumb\"},\"inLanguage\":\"es\",\"potentialAction\":[{\"@type\":\"ReadAction\",\"target\":[\"https:\\\/\\\/www.info.valladolid.es\\\/blog\\\/cinco-libros-ambientados-en-valladolid\\\/\"]}]},{\"@type\":\"ImageObject\",\"inLanguage\":\"es\",\"@id\":\"https:\\\/\\\/www.info.valladolid.es\\\/blog\\\/cinco-libros-ambientados-en-valladolid\\\/#primaryimage\",\"url\":\"https:\\\/\\\/www.info.valladolid.es\\\/blog\\\/wp-content\\\/uploads\\\/2021\\\/09\\\/libros-ambientados-en-valladolid-1.jpg\",\"contentUrl\":\"https:\\\/\\\/www.info.valladolid.es\\\/blog\\\/wp-content\\\/uploads\\\/2021\\\/09\\\/libros-ambientados-en-valladolid-1.jpg\",\"width\":800,\"height\":409},{\"@type\":\"BreadcrumbList\",\"@id\":\"https:\\\/\\\/www.info.valladolid.es\\\/blog\\\/cinco-libros-ambientados-en-valladolid\\\/#breadcrumb\",\"itemListElement\":[{\"@type\":\"ListItem\",\"position\":1,\"name\":\"Home\",\"item\":\"https:\\\/\\\/www.info.valladolid.es\\\/blog\\\/\"},{\"@type\":\"ListItem\",\"position\":2,\"name\":\"Cinco libros (m\u00e1s) ambientados en Valladolid\"}]},{\"@type\":\"WebSite\",\"@id\":\"https:\\\/\\\/www.info.valladolid.es\\\/blog\\\/#website\",\"url\":\"https:\\\/\\\/www.info.valladolid.es\\\/blog\\\/\",\"name\":\"Blog Cultura y Turismo\",\"description\":\"\",\"potentialAction\":[{\"@type\":\"SearchAction\",\"target\":{\"@type\":\"EntryPoint\",\"urlTemplate\":\"https:\\\/\\\/www.info.valladolid.es\\\/blog\\\/?s={search_term_string}\"},\"query-input\":{\"@type\":\"PropertyValueSpecification\",\"valueRequired\":true,\"valueName\":\"search_term_string\"}}],\"inLanguage\":\"es\"},{\"@type\":\"Person\",\"@id\":\"https:\\\/\\\/www.info.valladolid.es\\\/blog\\\/#\\\/schema\\\/person\\\/845cac97e6156a5a9c5abd68b7b9a5d5\",\"name\":\"administrador\",\"image\":{\"@type\":\"ImageObject\",\"inLanguage\":\"es\",\"@id\":\"https:\\\/\\\/secure.gravatar.com\\\/avatar\\\/418161d2f95196597e2d305bd301c850afab7f4b284a344fb2d759f048b71c61?s=96&d=mm&r=g\",\"url\":\"https:\\\/\\\/secure.gravatar.com\\\/avatar\\\/418161d2f95196597e2d305bd301c850afab7f4b284a344fb2d759f048b71c61?s=96&d=mm&r=g\",\"contentUrl\":\"https:\\\/\\\/secure.gravatar.com\\\/avatar\\\/418161d2f95196597e2d305bd301c850afab7f4b284a344fb2d759f048b71c61?s=96&d=mm&r=g\",\"caption\":\"administrador\"},\"url\":\"https:\\\/\\\/www.info.valladolid.es\\\/blog\\\/author\\\/administrador\\\/\"}]}<\/script>\n<!-- \/ Yoast SEO plugin. -->","yoast_head_json":{"title":"Cinco libros (m\u00e1s) ambientados en Valladolid - Blog Cultura y Turismo","robots":{"index":"index","follow":"follow","max-snippet":"max-snippet:-1","max-image-preview":"max-image-preview:large","max-video-preview":"max-video-preview:-1"},"canonical":"https:\/\/www.info.valladolid.es\/blog\/cinco-libros-ambientados-en-valladolid\/","og_locale":"es_ES","og_type":"article","og_title":"Cinco libros (m\u00e1s) ambientados en Valladolid - Blog Cultura y Turismo","og_description":"La vuelta a la rutina y el carpetazo a los planes improvisados del verano dejan hueco a las letras. Si este nuevo curso te has propuesto retomar el h\u00e1bito de entregarte a la lectura, nosotros te proponemos hacerlo con cinco historias que se desarrollan en tu ciudad. Toma nota, adem\u00e1s, de nuestras listas de 15 libros ambientados en Valladolid y de 10 libros cuya trama tiene lugar en nuestra ciudad. Completamos este repositorio con cinco t\u00edtulos propuestos por nuestros lectores a quienes agradecemos su aportaci\u00f3n. Mi querida Eva, de Gustavo Mart\u00edn Garzo. El Premio Nacional de Narrativa ambienta esta historia de amor en su ciudad natal. Alberto, Eva y Daniel eran tres adolescentes que exprim\u00edan un verano con la intensidad propia de su edad cuando el amor los sorprende. A\u00f1os despu\u00e9s, Daniel y Eva se reencuentran y recuerdan aquella \u00e9poca desde la experiencia que da la vida. Entre los escenarios que aparecen en esta novela ambientada en Valladolid no puede faltar un cl\u00e1sico de los veranos de hace d\u00e9cadas: las piscinas Samoa, que el autor recuerda como \u201csituadas en un bonito edificio que recordaba a un peque\u00f1o barco, con sus ventanas redondas, su peque\u00f1a torre de mando y su chimenea\u201d, [&hellip;]","og_url":"https:\/\/www.info.valladolid.es\/blog\/cinco-libros-ambientados-en-valladolid\/","og_site_name":"Blog Cultura y Turismo","article_published_time":"2021-09-15T11:11:47+00:00","article_modified_time":"2021-09-15T11:11:49+00:00","og_image":[{"width":800,"height":409,"url":"https:\/\/www.info.valladolid.es\/blog\/wp-content\/uploads\/2021\/09\/libros-ambientados-en-valladolid-1.jpg","type":"image\/jpeg"}],"author":"administrador","twitter_card":"summary_large_image","twitter_misc":{"Escrito por":"administrador","Tiempo de lectura":"3 minutos"},"schema":{"@context":"https:\/\/schema.org","@graph":[{"@type":"Article","@id":"https:\/\/www.info.valladolid.es\/blog\/cinco-libros-ambientados-en-valladolid\/#article","isPartOf":{"@id":"https:\/\/www.info.valladolid.es\/blog\/cinco-libros-ambientados-en-valladolid\/"},"author":{"name":"administrador","@id":"https:\/\/www.info.valladolid.es\/blog\/#\/schema\/person\/845cac97e6156a5a9c5abd68b7b9a5d5"},"headline":"Cinco libros (m\u00e1s) ambientados en Valladolid","datePublished":"2021-09-15T11:11:47+00:00","dateModified":"2021-09-15T11:11:49+00:00","mainEntityOfPage":{"@id":"https:\/\/www.info.valladolid.es\/blog\/cinco-libros-ambientados-en-valladolid\/"},"wordCount":669,"commentCount":2,"image":{"@id":"https:\/\/www.info.valladolid.es\/blog\/cinco-libros-ambientados-en-valladolid\/#primaryimage"},"thumbnailUrl":"https:\/\/www.info.valladolid.es\/blog\/wp-content\/uploads\/2021\/09\/libros-ambientados-en-valladolid-1.jpg","articleSection":["Curiosidades y leyendas"],"inLanguage":"es","potentialAction":[{"@type":"CommentAction","name":"Comment","target":["https:\/\/www.info.valladolid.es\/blog\/cinco-libros-ambientados-en-valladolid\/#respond"]}]},{"@type":"WebPage","@id":"https:\/\/www.info.valladolid.es\/blog\/cinco-libros-ambientados-en-valladolid\/","url":"https:\/\/www.info.valladolid.es\/blog\/cinco-libros-ambientados-en-valladolid\/","name":"Cinco libros (m\u00e1s) ambientados en Valladolid - Blog Cultura y Turismo","isPartOf":{"@id":"https:\/\/www.info.valladolid.es\/blog\/#website"},"primaryImageOfPage":{"@id":"https:\/\/www.info.valladolid.es\/blog\/cinco-libros-ambientados-en-valladolid\/#primaryimage"},"image":{"@id":"https:\/\/www.info.valladolid.es\/blog\/cinco-libros-ambientados-en-valladolid\/#primaryimage"},"thumbnailUrl":"https:\/\/www.info.valladolid.es\/blog\/wp-content\/uploads\/2021\/09\/libros-ambientados-en-valladolid-1.jpg","datePublished":"2021-09-15T11:11:47+00:00","dateModified":"2021-09-15T11:11:49+00:00","author":{"@id":"https:\/\/www.info.valladolid.es\/blog\/#\/schema\/person\/845cac97e6156a5a9c5abd68b7b9a5d5"},"breadcrumb":{"@id":"https:\/\/www.info.valladolid.es\/blog\/cinco-libros-ambientados-en-valladolid\/#breadcrumb"},"inLanguage":"es","potentialAction":[{"@type":"ReadAction","target":["https:\/\/www.info.valladolid.es\/blog\/cinco-libros-ambientados-en-valladolid\/"]}]},{"@type":"ImageObject","inLanguage":"es","@id":"https:\/\/www.info.valladolid.es\/blog\/cinco-libros-ambientados-en-valladolid\/#primaryimage","url":"https:\/\/www.info.valladolid.es\/blog\/wp-content\/uploads\/2021\/09\/libros-ambientados-en-valladolid-1.jpg","contentUrl":"https:\/\/www.info.valladolid.es\/blog\/wp-content\/uploads\/2021\/09\/libros-ambientados-en-valladolid-1.jpg","width":800,"height":409},{"@type":"BreadcrumbList","@id":"https:\/\/www.info.valladolid.es\/blog\/cinco-libros-ambientados-en-valladolid\/#breadcrumb","itemListElement":[{"@type":"ListItem","position":1,"name":"Home","item":"https:\/\/www.info.valladolid.es\/blog\/"},{"@type":"ListItem","position":2,"name":"Cinco libros (m\u00e1s) ambientados en Valladolid"}]},{"@type":"WebSite","@id":"https:\/\/www.info.valladolid.es\/blog\/#website","url":"https:\/\/www.info.valladolid.es\/blog\/","name":"Blog Cultura y Turismo","description":"","potentialAction":[{"@type":"SearchAction","target":{"@type":"EntryPoint","urlTemplate":"https:\/\/www.info.valladolid.es\/blog\/?s={search_term_string}"},"query-input":{"@type":"PropertyValueSpecification","valueRequired":true,"valueName":"search_term_string"}}],"inLanguage":"es"},{"@type":"Person","@id":"https:\/\/www.info.valladolid.es\/blog\/#\/schema\/person\/845cac97e6156a5a9c5abd68b7b9a5d5","name":"administrador","image":{"@type":"ImageObject","inLanguage":"es","@id":"https:\/\/secure.gravatar.com\/avatar\/418161d2f95196597e2d305bd301c850afab7f4b284a344fb2d759f048b71c61?s=96&d=mm&r=g","url":"https:\/\/secure.gravatar.com\/avatar\/418161d2f95196597e2d305bd301c850afab7f4b284a344fb2d759f048b71c61?s=96&d=mm&r=g","contentUrl":"https:\/\/secure.gravatar.com\/avatar\/418161d2f95196597e2d305bd301c850afab7f4b284a344fb2d759f048b71c61?s=96&d=mm&r=g","caption":"administrador"},"url":"https:\/\/www.info.valladolid.es\/blog\/author\/administrador\/"}]}},"_links":{"self":[{"href":"https:\/\/www.info.valladolid.es\/blog\/wp-json\/wp\/v2\/posts\/8575","targetHints":{"allow":["GET"]}}],"collection":[{"href":"https:\/\/www.info.valladolid.es\/blog\/wp-json\/wp\/v2\/posts"}],"about":[{"href":"https:\/\/www.info.valladolid.es\/blog\/wp-json\/wp\/v2\/types\/post"}],"author":[{"embeddable":true,"href":"https:\/\/www.info.valladolid.es\/blog\/wp-json\/wp\/v2\/users\/1"}],"replies":[{"embeddable":true,"href":"https:\/\/www.info.valladolid.es\/blog\/wp-json\/wp\/v2\/comments?post=8575"}],"version-history":[{"count":2,"href":"https:\/\/www.info.valladolid.es\/blog\/wp-json\/wp\/v2\/posts\/8575\/revisions"}],"predecessor-version":[{"id":8578,"href":"https:\/\/www.info.valladolid.es\/blog\/wp-json\/wp\/v2\/posts\/8575\/revisions\/8578"}],"wp:featuredmedia":[{"embeddable":true,"href":"https:\/\/www.info.valladolid.es\/blog\/wp-json\/wp\/v2\/media\/8576"}],"wp:attachment":[{"href":"https:\/\/www.info.valladolid.es\/blog\/wp-json\/wp\/v2\/media?parent=8575"}],"wp:term":[{"taxonomy":"category","embeddable":true,"href":"https:\/\/www.info.valladolid.es\/blog\/wp-json\/wp\/v2\/categories?post=8575"},{"taxonomy":"post_tag","embeddable":true,"href":"https:\/\/www.info.valladolid.es\/blog\/wp-json\/wp\/v2\/tags?post=8575"}],"curies":[{"name":"wp","href":"https:\/\/api.w.org\/{rel}","templated":true}]}}