{"id":8543,"date":"2021-08-25T07:52:43","date_gmt":"2021-08-25T07:52:43","guid":{"rendered":"https:\/\/www.info.valladolid.es\/blog\/?p=8543"},"modified":"2021-08-25T08:41:18","modified_gmt":"2021-08-25T08:41:18","slug":"exposicion-alicia-pais-maravillas","status":"publish","type":"post","link":"https:\/\/www.info.valladolid.es\/blog\/exposicion-alicia-pais-maravillas\/","title":{"rendered":"Exposici\u00f3n &#8216;Alicia en el Pa\u00eds de las Maravillas&#8217;"},"content":{"rendered":"\n<ul class=\"wp-block-list\"><li> \u2018Alicia en el Pa\u00eds de las Maravillas\u2019 puede visitarse en la Sala Municipal de Exposiciones de la Iglesia de Las Francesas hasta el 31 de octubre, de martes a domingo y festivos en horario de 12 a 14 y de 18,30 a 21,30 horas. La entrada es gratuita.  <\/li><\/ul>\n\n\n\n<p>La Fundaci\u00f3n Municipal de Cultura (FMC) \u2013 Sala Municipal de\nExposiciones de Las Francesas presenta la muestra \u2018<strong>Alicia en el Pa\u00eds de las\nMaravillas<\/strong>\u2019, un recorrido que pone de manifiesto la estrecha relaci\u00f3n entre\nlas ciencias y las artes a trav\u00e9s del di\u00e1logo entre la novela de Lewis Carroll\ny la interpretaci\u00f3n pl\u00e1stica de artistas como Salvador Dal\u00ed o Max Ernst. <\/p>\n\n\n\n<p>El matem\u00e1tico y profesor universitario Charles Lutwidge\nDodgson, conocido como Lewis Carroll, public\u00f3 en 1865 <strong><em>Alicia en el Pa\u00eds\nde las Maravillas<\/em><\/strong>, un relato escrito cuatro d\u00e9cadas antes que incluye\nnumerosos disparates l\u00f3gicos y ling\u00fc\u00edsticos que aluden a los m\u00e1s conocidos\ntratados filos\u00f3ficos. <strong>Una combinaci\u00f3n entre fantas\u00eda y ciencia que ha\nfascinado al mundo de la cultura<\/strong>: desde su inclusi\u00f3n en el <em>Diccionario\ndel surrealismo<\/em> de Andr\u00e9 Breton y Paul \u00c9luard o la influencia en la novela <em>Finnegans\nWake<\/em> de James Joyce y en canciones de bandas como The Beatles, hasta sus\nnumerosas adaptaciones al cine, la televisi\u00f3n, las artes esc\u00e9nicas e, incluso,\nlos videojuegos. <\/p>\n\n\n\n<p>Esta exposici\u00f3n se enfoca en <strong>la creaci\u00f3n de Salvador Dal\u00ed\ninspirada en <em>Alicia en el Pa\u00eds de las Maravillas<\/em><\/strong>, tanto en la suite\nde trece xilograf\u00edas que realiza en 1969 como en la escultura de 1977 en la que\nencarna a la protagonista de la novela.&nbsp; <\/p>\n\n\n\n<p>Tanto esta suite como el resto de la obra de Dal\u00ed est\u00e1n\nplagadas de referencias a la ciencia del momento. El artista, entusiasta de los\ndescubrimientos cient\u00edficos, admira el mundo surrealista y plagado de alusiones\na las matem\u00e1ticas, la ling\u00fc\u00edstica o la l\u00f3gica creado un siglo antes por Lewis\nCarroll. <\/p>\n\n\n\n<p>Tambi\u00e9n fascinado por el universo tan l\u00f3gico como il\u00f3gico de <em>Alicia<\/em>,\n<strong>Max Ernst le dedica en 1970 una serie de nueve litograf\u00edas<\/strong> que se\nintegra en la exposici\u00f3n. <\/p>\n\n\n\n<p>Son parte de las <strong>53 piezas que pueden verse en la Sala de\nLas Francesas de Valladolid hasta el pr\u00f3ximo 31 de octubre<\/strong>. Adem\u00e1s de\nrecoger la interpretaci\u00f3n pl\u00e1stica de Dal\u00ed y Ernst, la muestra exhibe la serie\nde 19 dibujos que ilustraron la primera edici\u00f3n del libro, que realiz\u00f3 el\ncaricaturista brit\u00e1nico John Tenniel a petici\u00f3n del propio Carroll; un ejemplar\nde la novela ilustrada por Margaret W. Tarrant en 1922 y otro de la s\u00e1tira de\nHorace Wyatt <em>Malice in Kulturland<\/em>, basada en el personaje de Alicia y\npublicada en 1914.<\/p>\n\n\n\n<p>El recorrido se completa con una serie de <strong>fotograf\u00edas tomadas por Lewis Carroll<\/strong>, aficionado a este arte, entre las que figura <strong>el famoso retrato de Alice Liddel<\/strong>, la ni\u00f1a para quien el autor escribi\u00f3 su inmortal novela.<\/p>\n\n\n\n<div class=\"wp-block-button\"><a class=\"wp-block-button__link has-background\" href=\"https:\/\/www.info.valladolid.es\/blog\/wp-content\/uploads\/2021\/08\/Dossier-ALICIA-EN-EL-PA\u00cdS-DE-LAS-MARAVILLAS.pdf\" style=\"background-color:#3097c3\">Descarga el dossier completo de la exposici\u00f3n &#8216;Alicia en el Pa\u00eds de las Maravillas&#8217; en Valladolid <\/a><\/div>\n\n\n\n<p>.<\/p>\n","protected":false},"excerpt":{"rendered":"<p>\u2018Alicia en el Pa\u00eds de las Maravillas\u2019 puede visitarse en la Sala Municipal de Exposiciones de la Iglesia de Las Francesas hasta el 31 de octubre, de martes a domingo y festivos en horario de 12 a 14 y de 18,30 a 21,30 horas. La entrada es gratuita. La Fundaci\u00f3n Municipal de Cultura (FMC) \u2013 Sala Municipal de Exposiciones de Las Francesas presenta la muestra \u2018Alicia en el Pa\u00eds de las Maravillas\u2019, un recorrido que pone de manifiesto la estrecha relaci\u00f3n entre las ciencias y las artes a trav\u00e9s del di\u00e1logo entre la novela de Lewis Carroll y la interpretaci\u00f3n pl\u00e1stica de artistas como Salvador Dal\u00ed o Max Ernst. El matem\u00e1tico y profesor universitario Charles Lutwidge Dodgson, conocido como Lewis Carroll, public\u00f3 en 1865 Alicia en el Pa\u00eds de las Maravillas, un relato escrito cuatro d\u00e9cadas antes que incluye numerosos disparates l\u00f3gicos y ling\u00fc\u00edsticos que aluden a los m\u00e1s conocidos tratados filos\u00f3ficos. Una combinaci\u00f3n entre fantas\u00eda y ciencia que ha fascinado al mundo de la cultura: desde su inclusi\u00f3n en el Diccionario del surrealismo de Andr\u00e9 Breton y Paul \u00c9luard o la influencia en la novela Finnegans Wake de James Joyce y en canciones de bandas como The Beatles, hasta [&hellip;]<\/p>\n","protected":false},"author":1,"featured_media":8555,"comment_status":"open","ping_status":"open","sticky":false,"template":"","format":"standard","meta":{"footnotes":""},"categories":[6],"tags":[],"class_list":["post-8543","post","type-post","status-publish","format-standard","has-post-thumbnail","hentry","category-arte-y-museos"],"yoast_head":"<!-- This site is optimized with the Yoast SEO plugin v27.4 - https:\/\/yoast.com\/product\/yoast-seo-wordpress\/ -->\n<title>Exposici\u00f3n &#039;Alicia en el Pa\u00eds de las Maravillas&#039; - en Valladolid<\/title>\n<meta name=\"description\" content=\"La muestra, con obras de Dal\u00ed y Ernst, puede visitarse en la Sala de Exposiciones de La Pasi\u00f3n hasta el 31 de octubre de 2021.\" \/>\n<meta name=\"robots\" content=\"index, follow, max-snippet:-1, max-image-preview:large, max-video-preview:-1\" \/>\n<link rel=\"canonical\" href=\"https:\/\/www.info.valladolid.es\/blog\/exposicion-alicia-pais-maravillas\/\" \/>\n<meta property=\"og:locale\" content=\"es_ES\" \/>\n<meta property=\"og:type\" content=\"article\" \/>\n<meta property=\"og:title\" content=\"Exposici\u00f3n &#039;Alicia en el Pa\u00eds de las Maravillas&#039; - en Valladolid\" \/>\n<meta property=\"og:description\" content=\"La muestra, con obras de Dal\u00ed y Ernst, puede visitarse en la Sala de Exposiciones de La Pasi\u00f3n hasta el 31 de octubre de 2021.\" \/>\n<meta property=\"og:url\" content=\"https:\/\/www.info.valladolid.es\/blog\/exposicion-alicia-pais-maravillas\/\" \/>\n<meta property=\"og:site_name\" content=\"Blog Cultura y Turismo\" \/>\n<meta property=\"article:published_time\" content=\"2021-08-25T07:52:43+00:00\" \/>\n<meta property=\"article:modified_time\" content=\"2021-08-25T08:41:18+00:00\" \/>\n<meta property=\"og:image\" content=\"https:\/\/www.info.valladolid.es\/blog\/wp-content\/uploads\/2011\/08\/portada-blog-alicia.jpg\" \/>\n\t<meta property=\"og:image:width\" content=\"722\" \/>\n\t<meta property=\"og:image:height\" content=\"516\" \/>\n\t<meta property=\"og:image:type\" content=\"image\/jpeg\" \/>\n<meta name=\"author\" content=\"administrador\" \/>\n<meta name=\"twitter:card\" content=\"summary_large_image\" \/>\n<meta name=\"twitter:label1\" content=\"Escrito por\" \/>\n\t<meta name=\"twitter:data1\" content=\"administrador\" \/>\n\t<meta name=\"twitter:label2\" content=\"Tiempo de lectura\" \/>\n\t<meta name=\"twitter:data2\" content=\"3 minutos\" \/>\n<script type=\"application\/ld+json\" class=\"yoast-schema-graph\">{\"@context\":\"https:\\\/\\\/schema.org\",\"@graph\":[{\"@type\":\"Article\",\"@id\":\"https:\\\/\\\/www.info.valladolid.es\\\/blog\\\/exposicion-alicia-pais-maravillas\\\/#article\",\"isPartOf\":{\"@id\":\"https:\\\/\\\/www.info.valladolid.es\\\/blog\\\/exposicion-alicia-pais-maravillas\\\/\"},\"author\":{\"name\":\"administrador\",\"@id\":\"https:\\\/\\\/www.info.valladolid.es\\\/blog\\\/#\\\/schema\\\/person\\\/845cac97e6156a5a9c5abd68b7b9a5d5\"},\"headline\":\"Exposici\u00f3n &#8216;Alicia en el Pa\u00eds de las Maravillas&#8217;\",\"datePublished\":\"2021-08-25T07:52:43+00:00\",\"dateModified\":\"2021-08-25T08:41:18+00:00\",\"mainEntityOfPage\":{\"@id\":\"https:\\\/\\\/www.info.valladolid.es\\\/blog\\\/exposicion-alicia-pais-maravillas\\\/\"},\"wordCount\":526,\"commentCount\":1,\"image\":{\"@id\":\"https:\\\/\\\/www.info.valladolid.es\\\/blog\\\/exposicion-alicia-pais-maravillas\\\/#primaryimage\"},\"thumbnailUrl\":\"https:\\\/\\\/www.info.valladolid.es\\\/blog\\\/wp-content\\\/uploads\\\/2011\\\/08\\\/portada-blog-alicia.jpg\",\"articleSection\":[\"Arte y Museos\"],\"inLanguage\":\"es\",\"potentialAction\":[{\"@type\":\"CommentAction\",\"name\":\"Comment\",\"target\":[\"https:\\\/\\\/www.info.valladolid.es\\\/blog\\\/exposicion-alicia-pais-maravillas\\\/#respond\"]}]},{\"@type\":\"WebPage\",\"@id\":\"https:\\\/\\\/www.info.valladolid.es\\\/blog\\\/exposicion-alicia-pais-maravillas\\\/\",\"url\":\"https:\\\/\\\/www.info.valladolid.es\\\/blog\\\/exposicion-alicia-pais-maravillas\\\/\",\"name\":\"Exposici\u00f3n 'Alicia en el Pa\u00eds de las Maravillas' - en Valladolid\",\"isPartOf\":{\"@id\":\"https:\\\/\\\/www.info.valladolid.es\\\/blog\\\/#website\"},\"primaryImageOfPage\":{\"@id\":\"https:\\\/\\\/www.info.valladolid.es\\\/blog\\\/exposicion-alicia-pais-maravillas\\\/#primaryimage\"},\"image\":{\"@id\":\"https:\\\/\\\/www.info.valladolid.es\\\/blog\\\/exposicion-alicia-pais-maravillas\\\/#primaryimage\"},\"thumbnailUrl\":\"https:\\\/\\\/www.info.valladolid.es\\\/blog\\\/wp-content\\\/uploads\\\/2011\\\/08\\\/portada-blog-alicia.jpg\",\"datePublished\":\"2021-08-25T07:52:43+00:00\",\"dateModified\":\"2021-08-25T08:41:18+00:00\",\"author\":{\"@id\":\"https:\\\/\\\/www.info.valladolid.es\\\/blog\\\/#\\\/schema\\\/person\\\/845cac97e6156a5a9c5abd68b7b9a5d5\"},\"description\":\"La muestra, con obras de Dal\u00ed y Ernst, puede visitarse en la Sala de Exposiciones de La Pasi\u00f3n hasta el 31 de octubre de 2021.\",\"breadcrumb\":{\"@id\":\"https:\\\/\\\/www.info.valladolid.es\\\/blog\\\/exposicion-alicia-pais-maravillas\\\/#breadcrumb\"},\"inLanguage\":\"es\",\"potentialAction\":[{\"@type\":\"ReadAction\",\"target\":[\"https:\\\/\\\/www.info.valladolid.es\\\/blog\\\/exposicion-alicia-pais-maravillas\\\/\"]}]},{\"@type\":\"ImageObject\",\"inLanguage\":\"es\",\"@id\":\"https:\\\/\\\/www.info.valladolid.es\\\/blog\\\/exposicion-alicia-pais-maravillas\\\/#primaryimage\",\"url\":\"https:\\\/\\\/www.info.valladolid.es\\\/blog\\\/wp-content\\\/uploads\\\/2011\\\/08\\\/portada-blog-alicia.jpg\",\"contentUrl\":\"https:\\\/\\\/www.info.valladolid.es\\\/blog\\\/wp-content\\\/uploads\\\/2011\\\/08\\\/portada-blog-alicia.jpg\",\"width\":722,\"height\":516},{\"@type\":\"BreadcrumbList\",\"@id\":\"https:\\\/\\\/www.info.valladolid.es\\\/blog\\\/exposicion-alicia-pais-maravillas\\\/#breadcrumb\",\"itemListElement\":[{\"@type\":\"ListItem\",\"position\":1,\"name\":\"Home\",\"item\":\"https:\\\/\\\/www.info.valladolid.es\\\/blog\\\/\"},{\"@type\":\"ListItem\",\"position\":2,\"name\":\"Exposici\u00f3n &#8216;Alicia en el Pa\u00eds de las Maravillas&#8217;\"}]},{\"@type\":\"WebSite\",\"@id\":\"https:\\\/\\\/www.info.valladolid.es\\\/blog\\\/#website\",\"url\":\"https:\\\/\\\/www.info.valladolid.es\\\/blog\\\/\",\"name\":\"Blog Cultura y Turismo\",\"description\":\"\",\"potentialAction\":[{\"@type\":\"SearchAction\",\"target\":{\"@type\":\"EntryPoint\",\"urlTemplate\":\"https:\\\/\\\/www.info.valladolid.es\\\/blog\\\/?s={search_term_string}\"},\"query-input\":{\"@type\":\"PropertyValueSpecification\",\"valueRequired\":true,\"valueName\":\"search_term_string\"}}],\"inLanguage\":\"es\"},{\"@type\":\"Person\",\"@id\":\"https:\\\/\\\/www.info.valladolid.es\\\/blog\\\/#\\\/schema\\\/person\\\/845cac97e6156a5a9c5abd68b7b9a5d5\",\"name\":\"administrador\",\"image\":{\"@type\":\"ImageObject\",\"inLanguage\":\"es\",\"@id\":\"https:\\\/\\\/secure.gravatar.com\\\/avatar\\\/418161d2f95196597e2d305bd301c850afab7f4b284a344fb2d759f048b71c61?s=96&d=mm&r=g\",\"url\":\"https:\\\/\\\/secure.gravatar.com\\\/avatar\\\/418161d2f95196597e2d305bd301c850afab7f4b284a344fb2d759f048b71c61?s=96&d=mm&r=g\",\"contentUrl\":\"https:\\\/\\\/secure.gravatar.com\\\/avatar\\\/418161d2f95196597e2d305bd301c850afab7f4b284a344fb2d759f048b71c61?s=96&d=mm&r=g\",\"caption\":\"administrador\"},\"url\":\"https:\\\/\\\/www.info.valladolid.es\\\/blog\\\/author\\\/administrador\\\/\"}]}<\/script>\n<!-- \/ Yoast SEO plugin. -->","yoast_head_json":{"title":"Exposici\u00f3n 'Alicia en el Pa\u00eds de las Maravillas' - en Valladolid","description":"La muestra, con obras de Dal\u00ed y Ernst, puede visitarse en la Sala de Exposiciones de La Pasi\u00f3n hasta el 31 de octubre de 2021.","robots":{"index":"index","follow":"follow","max-snippet":"max-snippet:-1","max-image-preview":"max-image-preview:large","max-video-preview":"max-video-preview:-1"},"canonical":"https:\/\/www.info.valladolid.es\/blog\/exposicion-alicia-pais-maravillas\/","og_locale":"es_ES","og_type":"article","og_title":"Exposici\u00f3n 'Alicia en el Pa\u00eds de las Maravillas' - en Valladolid","og_description":"La muestra, con obras de Dal\u00ed y Ernst, puede visitarse en la Sala de Exposiciones de La Pasi\u00f3n hasta el 31 de octubre de 2021.","og_url":"https:\/\/www.info.valladolid.es\/blog\/exposicion-alicia-pais-maravillas\/","og_site_name":"Blog Cultura y Turismo","article_published_time":"2021-08-25T07:52:43+00:00","article_modified_time":"2021-08-25T08:41:18+00:00","og_image":[{"width":722,"height":516,"url":"https:\/\/www.info.valladolid.es\/blog\/wp-content\/uploads\/2011\/08\/portada-blog-alicia.jpg","type":"image\/jpeg"}],"author":"administrador","twitter_card":"summary_large_image","twitter_misc":{"Escrito por":"administrador","Tiempo de lectura":"3 minutos"},"schema":{"@context":"https:\/\/schema.org","@graph":[{"@type":"Article","@id":"https:\/\/www.info.valladolid.es\/blog\/exposicion-alicia-pais-maravillas\/#article","isPartOf":{"@id":"https:\/\/www.info.valladolid.es\/blog\/exposicion-alicia-pais-maravillas\/"},"author":{"name":"administrador","@id":"https:\/\/www.info.valladolid.es\/blog\/#\/schema\/person\/845cac97e6156a5a9c5abd68b7b9a5d5"},"headline":"Exposici\u00f3n &#8216;Alicia en el Pa\u00eds de las Maravillas&#8217;","datePublished":"2021-08-25T07:52:43+00:00","dateModified":"2021-08-25T08:41:18+00:00","mainEntityOfPage":{"@id":"https:\/\/www.info.valladolid.es\/blog\/exposicion-alicia-pais-maravillas\/"},"wordCount":526,"commentCount":1,"image":{"@id":"https:\/\/www.info.valladolid.es\/blog\/exposicion-alicia-pais-maravillas\/#primaryimage"},"thumbnailUrl":"https:\/\/www.info.valladolid.es\/blog\/wp-content\/uploads\/2011\/08\/portada-blog-alicia.jpg","articleSection":["Arte y Museos"],"inLanguage":"es","potentialAction":[{"@type":"CommentAction","name":"Comment","target":["https:\/\/www.info.valladolid.es\/blog\/exposicion-alicia-pais-maravillas\/#respond"]}]},{"@type":"WebPage","@id":"https:\/\/www.info.valladolid.es\/blog\/exposicion-alicia-pais-maravillas\/","url":"https:\/\/www.info.valladolid.es\/blog\/exposicion-alicia-pais-maravillas\/","name":"Exposici\u00f3n 'Alicia en el Pa\u00eds de las Maravillas' - en Valladolid","isPartOf":{"@id":"https:\/\/www.info.valladolid.es\/blog\/#website"},"primaryImageOfPage":{"@id":"https:\/\/www.info.valladolid.es\/blog\/exposicion-alicia-pais-maravillas\/#primaryimage"},"image":{"@id":"https:\/\/www.info.valladolid.es\/blog\/exposicion-alicia-pais-maravillas\/#primaryimage"},"thumbnailUrl":"https:\/\/www.info.valladolid.es\/blog\/wp-content\/uploads\/2011\/08\/portada-blog-alicia.jpg","datePublished":"2021-08-25T07:52:43+00:00","dateModified":"2021-08-25T08:41:18+00:00","author":{"@id":"https:\/\/www.info.valladolid.es\/blog\/#\/schema\/person\/845cac97e6156a5a9c5abd68b7b9a5d5"},"description":"La muestra, con obras de Dal\u00ed y Ernst, puede visitarse en la Sala de Exposiciones de La Pasi\u00f3n hasta el 31 de octubre de 2021.","breadcrumb":{"@id":"https:\/\/www.info.valladolid.es\/blog\/exposicion-alicia-pais-maravillas\/#breadcrumb"},"inLanguage":"es","potentialAction":[{"@type":"ReadAction","target":["https:\/\/www.info.valladolid.es\/blog\/exposicion-alicia-pais-maravillas\/"]}]},{"@type":"ImageObject","inLanguage":"es","@id":"https:\/\/www.info.valladolid.es\/blog\/exposicion-alicia-pais-maravillas\/#primaryimage","url":"https:\/\/www.info.valladolid.es\/blog\/wp-content\/uploads\/2011\/08\/portada-blog-alicia.jpg","contentUrl":"https:\/\/www.info.valladolid.es\/blog\/wp-content\/uploads\/2011\/08\/portada-blog-alicia.jpg","width":722,"height":516},{"@type":"BreadcrumbList","@id":"https:\/\/www.info.valladolid.es\/blog\/exposicion-alicia-pais-maravillas\/#breadcrumb","itemListElement":[{"@type":"ListItem","position":1,"name":"Home","item":"https:\/\/www.info.valladolid.es\/blog\/"},{"@type":"ListItem","position":2,"name":"Exposici\u00f3n &#8216;Alicia en el Pa\u00eds de las Maravillas&#8217;"}]},{"@type":"WebSite","@id":"https:\/\/www.info.valladolid.es\/blog\/#website","url":"https:\/\/www.info.valladolid.es\/blog\/","name":"Blog Cultura y Turismo","description":"","potentialAction":[{"@type":"SearchAction","target":{"@type":"EntryPoint","urlTemplate":"https:\/\/www.info.valladolid.es\/blog\/?s={search_term_string}"},"query-input":{"@type":"PropertyValueSpecification","valueRequired":true,"valueName":"search_term_string"}}],"inLanguage":"es"},{"@type":"Person","@id":"https:\/\/www.info.valladolid.es\/blog\/#\/schema\/person\/845cac97e6156a5a9c5abd68b7b9a5d5","name":"administrador","image":{"@type":"ImageObject","inLanguage":"es","@id":"https:\/\/secure.gravatar.com\/avatar\/418161d2f95196597e2d305bd301c850afab7f4b284a344fb2d759f048b71c61?s=96&d=mm&r=g","url":"https:\/\/secure.gravatar.com\/avatar\/418161d2f95196597e2d305bd301c850afab7f4b284a344fb2d759f048b71c61?s=96&d=mm&r=g","contentUrl":"https:\/\/secure.gravatar.com\/avatar\/418161d2f95196597e2d305bd301c850afab7f4b284a344fb2d759f048b71c61?s=96&d=mm&r=g","caption":"administrador"},"url":"https:\/\/www.info.valladolid.es\/blog\/author\/administrador\/"}]}},"_links":{"self":[{"href":"https:\/\/www.info.valladolid.es\/blog\/wp-json\/wp\/v2\/posts\/8543","targetHints":{"allow":["GET"]}}],"collection":[{"href":"https:\/\/www.info.valladolid.es\/blog\/wp-json\/wp\/v2\/posts"}],"about":[{"href":"https:\/\/www.info.valladolid.es\/blog\/wp-json\/wp\/v2\/types\/post"}],"author":[{"embeddable":true,"href":"https:\/\/www.info.valladolid.es\/blog\/wp-json\/wp\/v2\/users\/1"}],"replies":[{"embeddable":true,"href":"https:\/\/www.info.valladolid.es\/blog\/wp-json\/wp\/v2\/comments?post=8543"}],"version-history":[{"count":4,"href":"https:\/\/www.info.valladolid.es\/blog\/wp-json\/wp\/v2\/posts\/8543\/revisions"}],"predecessor-version":[{"id":8553,"href":"https:\/\/www.info.valladolid.es\/blog\/wp-json\/wp\/v2\/posts\/8543\/revisions\/8553"}],"wp:featuredmedia":[{"embeddable":true,"href":"https:\/\/www.info.valladolid.es\/blog\/wp-json\/wp\/v2\/media\/8555"}],"wp:attachment":[{"href":"https:\/\/www.info.valladolid.es\/blog\/wp-json\/wp\/v2\/media?parent=8543"}],"wp:term":[{"taxonomy":"category","embeddable":true,"href":"https:\/\/www.info.valladolid.es\/blog\/wp-json\/wp\/v2\/categories?post=8543"},{"taxonomy":"post_tag","embeddable":true,"href":"https:\/\/www.info.valladolid.es\/blog\/wp-json\/wp\/v2\/tags?post=8543"}],"curies":[{"name":"wp","href":"https:\/\/api.w.org\/{rel}","templated":true}]}}