{"id":8438,"date":"2021-06-29T08:40:26","date_gmt":"2021-06-29T08:40:26","guid":{"rendered":"https:\/\/www.info.valladolid.es\/blog\/?p=8438"},"modified":"2022-09-07T12:40:10","modified_gmt":"2022-09-07T12:40:10","slug":"marques-de-la-vega-inclan","status":"publish","type":"post","link":"https:\/\/www.info.valladolid.es\/blog\/marques-de-la-vega-inclan\/","title":{"rendered":"El marqu\u00e9s de la Vega-Incl\u00e1n, vallisoletano que &#8216;invent\u00f3&#8217; el turismo"},"content":{"rendered":"\n<p>Cuesta imaginar la gesti\u00f3n tur\u00edstica sin contemplar la promoci\u00f3n del patrimonio monumental, el paisaje y el entorno natural, su difusi\u00f3n en el extranjero o la preocupaci\u00f3n por la oferta hotelera. Estas bases, que sientan los pilares del turismo desde hace un siglo, son resultado de las aspiraciones de un vallisoletano, el marqu\u00e9s de la Vega-Incl\u00e1n. <\/p>\n\n\n\n<p>Nacido en Valladolid el 29 de junio de 1858 como Benigno Mariano Pedro Castro de la Vega-Incl\u00e1n y Flaquer el II marqu\u00e9s de la Vega-Incl\u00e1n, fue pionero de la gesti\u00f3n del turismo en Espa\u00f1a y uno de los principales valedores del destino nacional fuera de nuestras fronteras.<\/p>\n\n\n\n<p>A este vallisoletano le debemos, adem\u00e1s de su visionaria forma de entender el turismo, proyectos como la red de Paradores Nacionales, el Museo del Greco, el Museo del Romanticismo o el Museo Casa de Cervantes en Valladolid.<\/p>\n\n\n\n<p><strong>Un&nbsp;devoto&nbsp;viajero<\/strong><\/p>\n\n\n\n<p>Benigno se crio en la desaparecida casa Longa o del marqu\u00e9s de Revilla, en el n\u00famero 17 de la antigua calle de Francos, hoy calle de Juan Mambrilla. En el espacio que ocup\u00f3 este palacete se encuentra ahora el Colegio de la Compa\u00f1\u00eda de Mar\u00eda, como recuerda una placa conmemorativa instalada el 29 de junio de 2021. <\/p>\n\n\n\n<p>Se sabe que estudi\u00f3 en la Escuela de Bellas Artes, fruto del inter\u00e9s que siempre demostr\u00f3 por la cultura y el arte espa\u00f1ol, del que despu\u00e9s fue gran mecenas; y que fue alumno en la Academia de Caballer\u00eda de Valladolid.<\/p>\n\n\n\n<p>Durante las vacaciones escolares se gesta su inter\u00e9s por el turismo. Las evaluaciones finales son para \u00e9l preludio de largos viajes por todo el territorio peninsular, antesala de conversaciones con artistas y escritores acerca de la historia y la cultura de los m\u00e1s diversos rincones del pa\u00eds. <\/p>\n\n\n\n<p>No fue menos intenso su periplo en el extranjero: viaj\u00f3 a Uruguay y a Buenos Aires, visit\u00f3 a su padre en Puerto Rico, donde estaba destinado como militar, residi\u00f3 en Francia, en el Reino Unido y en Alemania; episodios que alterna con su carrera militar en Espa\u00f1a. Entre viajes y largas estancias en el extranjero, entre c\u00edrculos bohemios y nobiliarios, el marqu\u00e9s ocupa buena parte de su vida.<\/p>\n\n\n\n<p>Pasaba de los 50 a\u00f1os cuando regres\u00f3 definitivamente a Espa\u00f1a, en 1905, con la mente puesta en la restauraci\u00f3n de un inmueble en Toledo que, seg\u00fan se cre\u00eda, hab\u00eda sido residencia de El Greco. La recuperaci\u00f3n de este espacio y la creaci\u00f3n del Museo del Greco en 1911 marc\u00f3 el inicio de una nueva etapa en su vida. <\/p>\n\n\n\n<figure class=\"wp-block-image\"><img loading=\"lazy\" decoding=\"async\" width=\"848\" height=\"543\" src=\"https:\/\/www.info.valladolid.es\/blog\/wp-content\/uploads\/2021\/06\/retrato-marques-de-la-vega-inclan.jpg\" alt=\"\" class=\"wp-image-8450\" srcset=\"https:\/\/www.info.valladolid.es\/blog\/wp-content\/uploads\/2021\/06\/retrato-marques-de-la-vega-inclan.jpg 848w, https:\/\/www.info.valladolid.es\/blog\/wp-content\/uploads\/2021\/06\/retrato-marques-de-la-vega-inclan-300x192.jpg 300w, https:\/\/www.info.valladolid.es\/blog\/wp-content\/uploads\/2021\/06\/retrato-marques-de-la-vega-inclan-768x492.jpg 768w\" sizes=\"auto, (max-width: 848px) 100vw, 848px\" \/><figcaption>Retrato del marqu\u00e9s de la Vega-Incl\u00e1n por Joaqu\u00edn Sorolla.<\/figcaption><\/figure>\n\n\n\n<p><strong>Nueva p\u00e1gina en la historia del turismo<\/strong><\/p>\n\n\n\n<p>Quiz\u00e1 fue esta satisfacci\u00f3n el espaldarazo definitivo para que el marqu\u00e9s entrara en la pol\u00edtica, que entend\u00eda como p\u00falpito para predicar sus ideas y herramienta para llevarlas a t\u00e9rmino. El mismo a\u00f1o 1911 logra la fundaci\u00f3n de la Comisar\u00eda Regia del Turismo y de la Cultura Art\u00edstica y Popular: el Estado asume, as\u00ed, la gesti\u00f3n nacional del turismo. Es el organismo que a\u00f1os despu\u00e9s se refundar\u00eda como Patronato Nacional de Turismo.<\/p>\n\n\n\n<p>Desde esta instituci\u00f3n, Benigno de la Vega-Incl\u00e1n pone el foco en el patrimonio monumental, pero tambi\u00e9n en el paisaj\u00edstico y en el cultural. El arte, pero tambi\u00e9n las tradiciones populares y la idiosincrasia de cada rinc\u00f3n del pa\u00eds es un reclamo para el marqu\u00e9s.<\/p>\n\n\n\n<p>Su labor al tim\u00f3n de la Comisar\u00eda Regia del Turismo revoluciona el sector: <\/p>\n\n\n\n<ul class=\"wp-block-list\"><li>Trabaja por la mejora de la red viaria y ferroviaria. <\/li><\/ul>\n\n\n\n<ul class=\"wp-block-list\"><li>Promueve una oferta hotelera de calidad en el centro y sur de Espa\u00f1a. Su intervenci\u00f3n es decisiva en la apertura, entre otros, del Palace de Madrid o el Alfonso XIII de Sevilla, y en el mantenimiento del Ritz, tambi\u00e9n en la capital.<\/li><\/ul>\n\n\n\n<ul class=\"wp-block-list\"><li>Crea la Red de Paradores Nacionales. El germen de este ambicioso proyecto fue el Parador Nacional de Gredos, un confortable alojamiento en la sierra del Pisquillo que inaugur\u00f3 el rey en 1928 y desde el cual el marqu\u00e9s de la Vega-Incl\u00e1n pretend\u00eda articular el desarrollo tur\u00edstico de una zona de enorme riqueza natural. Le siguen los de M\u00e9rida -ciudad que el noble admiraba por su teatro romano- y el Oropesa (Toledo).<\/li><\/ul>\n\n\n\n<ul class=\"wp-block-list\"><li>Impulsa la legislaci\u00f3n en materia de turismo, con la promulgaci\u00f3n de normas como la Ley de Parques Nacionales de 1916 y la declaraci\u00f3n del primer Parque Nacional, el de Covadonga en 1918 (despu\u00e9s Picos de Europa).<\/li><\/ul>\n\n\n\n<ul class=\"wp-block-list\"><li>Activa la maquinaria de la promoci\u00f3n tur\u00edstica en el extranjero. Adem\u00e1s de sus viajes por los Estados Unidos de Am\u00e9rica y la atenci\u00f3n personalizada a viajeros de renombre, considerados prescriptores del destino en sus pa\u00edses de origen, logra la participaci\u00f3n de Espa\u00f1a en la Exposici\u00f3n Internacional de Londres de 1914. Es la primera feria internacional en la que participa el pa\u00eds y lo hace bajo el lema <em>Sunny Spain<\/em>.<\/li><\/ul>\n\n\n\n<ul class=\"wp-block-list\"><li>Dise\u00f1a publicaciones y folletos, muchos de ellos escritos por el propio marqu\u00e9s, para dar a conocer los atractivos tur\u00edsticos de los destinos nacionales. <\/li><\/ul>\n\n\n\n<p>La visionaria actividad del marqu\u00e9s sienta las bases de una gesti\u00f3n tur\u00edstica en la que, un siglo despu\u00e9s, a\u00fan resuenan los ecos de sus ideales. <\/p>\n\n\n\n<p><strong>Recuperaci\u00f3n de la casa de Cervantes en Valladolid<\/strong><\/p>\n\n\n\n<p>Apenas un a\u00f1o despu\u00e9s de que el Museo del Greco abriera sus puertas, el marqu\u00e9s de la Vega-Incl\u00e1n se embarcaba en otro ambicioso proyecto, esta vez, en su ciudad natal: la recuperaci\u00f3n de la \u00fanica casa de Miguel de Cervantes que se conserva en Espa\u00f1a. <\/p>\n\n\n\n<p>Con el apoyo del rey Alfonso XIII, a quien siempre le uni\u00f3 una estrecha amistad, el marqu\u00e9s adquiere el inmueble en el que residi\u00f3 el manco de Lepanto (el presidente de la Sociedad Hisp\u00e1nica de Nueva York, Archer M. Huntington, hace lo propio con los dos contiguos) para despu\u00e9s cederlos al Estado. No sin raz\u00f3n Gregorio Mara\u00f1\u00f3n se refiri\u00f3 a \u00e9l como &#8216;multimillonario del entusiasmo y de la generosidad&#8217;.<\/p>\n\n\n\n<p>El 23 de abril de 1916, coincidiendo con el tercer aniversario de la muerte del escritor, se inaugura el Museo Casa de Cervantes. El Ayuntamiento acuerda nombrarlo Hijo Ilustre de la ciudad (distinci\u00f3n que hoy es Hijo Predilecto), junto con Narciso Alonso Cort\u00e9s, quien tambi\u00e9n contribuy\u00f3 en esta empresa. El marqu\u00e9s se\u00f1ala que quien realmente merece la distinci\u00f3n el se\u00f1or Huntington y, finalmente, Vega-Incl\u00e1n y Cort\u00e9s son nombrados Hijos Ilustres y Archer, Hijo Adoptivo. <\/p>\n\n\n\n<p>En el centenario de su nacimiento se instala un busto de bronce del marqu\u00e9s de la Vega-Incl\u00e1n, obra de Mariano Benlliure (autor de Los cazadores de Alc\u00e1ntara, conjunto escult\u00f3rico frente a la Academia de Caballer\u00eda) en el Museo Casa de Cervantes, donde tambi\u00e9n descansa un busto que recuerda al otro alma del proyecto, Archer Huntington.<\/p>\n\n\n\n<figure class=\"wp-block-image\"><img loading=\"lazy\" decoding=\"async\" width=\"800\" height=\"522\" src=\"https:\/\/www.info.valladolid.es\/blog\/wp-content\/uploads\/2021\/06\/casa-de-cervantes-1910.jpg\" alt=\"\" class=\"wp-image-8446\" srcset=\"https:\/\/www.info.valladolid.es\/blog\/wp-content\/uploads\/2021\/06\/casa-de-cervantes-1910.jpg 800w, https:\/\/www.info.valladolid.es\/blog\/wp-content\/uploads\/2021\/06\/casa-de-cervantes-1910-300x196.jpg 300w, https:\/\/www.info.valladolid.es\/blog\/wp-content\/uploads\/2021\/06\/casa-de-cervantes-1910-768x501.jpg 768w\" sizes=\"auto, (max-width: 800px) 100vw, 800px\" \/><figcaption>El patio de la Casa de Cervantes a principios del siglo XX. Fotograf\u00eda del Archivo Municipal de Valladolid. <\/figcaption><\/figure>\n","protected":false},"excerpt":{"rendered":"<p>Cuesta imaginar la gesti\u00f3n tur\u00edstica sin contemplar la promoci\u00f3n del patrimonio monumental, el paisaje y el entorno natural, su difusi\u00f3n en el extranjero o la preocupaci\u00f3n por la oferta hotelera. Estas bases, que sientan los pilares del turismo desde hace un siglo, son resultado de las aspiraciones de un vallisoletano, el marqu\u00e9s de la Vega-Incl\u00e1n. Nacido en Valladolid el 29 de junio de 1858 como Benigno Mariano Pedro Castro de la Vega-Incl\u00e1n y Flaquer el II marqu\u00e9s de la Vega-Incl\u00e1n, fue pionero de la gesti\u00f3n del turismo en Espa\u00f1a y uno de los principales valedores del destino nacional fuera de nuestras fronteras. A este vallisoletano le debemos, adem\u00e1s de su visionaria forma de entender el turismo, proyectos como la red de Paradores Nacionales, el Museo del Greco, el Museo del Romanticismo o el Museo Casa de Cervantes en Valladolid. Un&nbsp;devoto&nbsp;viajero Benigno se crio en la desaparecida casa Longa o del marqu\u00e9s de Revilla, en el n\u00famero 17 de la antigua calle de Francos, hoy calle de Juan Mambrilla. En el espacio que ocup\u00f3 este palacete se encuentra ahora el Colegio de la Compa\u00f1\u00eda de Mar\u00eda, como recuerda una placa conmemorativa instalada el 29 de junio de 2021. Se sabe que [&hellip;]<\/p>\n","protected":false},"author":1,"featured_media":8445,"comment_status":"open","ping_status":"open","sticky":false,"template":"","format":"standard","meta":{"footnotes":""},"categories":[7],"tags":[],"class_list":["post-8438","post","type-post","status-publish","format-standard","has-post-thumbnail","hentry","category-personajes_e_historia"],"yoast_head":"<!-- This site is optimized with the Yoast SEO plugin v27.5 - https:\/\/yoast.com\/product\/yoast-seo-wordpress\/ -->\n<title>El marqu\u00e9s de la Vega-Incl\u00e1n, vallisoletano que &#039;invent\u00f3&#039; el turismo - Blog Cultura y Turismo<\/title>\n<meta name=\"robots\" content=\"index, follow, max-snippet:-1, max-image-preview:large, max-video-preview:-1\" \/>\n<link rel=\"canonical\" href=\"https:\/\/www.info.valladolid.es\/blog\/marques-de-la-vega-inclan\/\" \/>\n<meta property=\"og:locale\" content=\"es_ES\" \/>\n<meta property=\"og:type\" content=\"article\" \/>\n<meta property=\"og:title\" content=\"El marqu\u00e9s de la Vega-Incl\u00e1n, vallisoletano que &#039;invent\u00f3&#039; el turismo - Blog Cultura y Turismo\" \/>\n<meta property=\"og:description\" content=\"Cuesta imaginar la gesti\u00f3n tur\u00edstica sin contemplar la promoci\u00f3n del patrimonio monumental, el paisaje y el entorno natural, su difusi\u00f3n en el extranjero o la preocupaci\u00f3n por la oferta hotelera. Estas bases, que sientan los pilares del turismo desde hace un siglo, son resultado de las aspiraciones de un vallisoletano, el marqu\u00e9s de la Vega-Incl\u00e1n. Nacido en Valladolid el 29 de junio de 1858 como Benigno Mariano Pedro Castro de la Vega-Incl\u00e1n y Flaquer el II marqu\u00e9s de la Vega-Incl\u00e1n, fue pionero de la gesti\u00f3n del turismo en Espa\u00f1a y uno de los principales valedores del destino nacional fuera de nuestras fronteras. A este vallisoletano le debemos, adem\u00e1s de su visionaria forma de entender el turismo, proyectos como la red de Paradores Nacionales, el Museo del Greco, el Museo del Romanticismo o el Museo Casa de Cervantes en Valladolid. Un&nbsp;devoto&nbsp;viajero Benigno se crio en la desaparecida casa Longa o del marqu\u00e9s de Revilla, en el n\u00famero 17 de la antigua calle de Francos, hoy calle de Juan Mambrilla. En el espacio que ocup\u00f3 este palacete se encuentra ahora el Colegio de la Compa\u00f1\u00eda de Mar\u00eda, como recuerda una placa conmemorativa instalada el 29 de junio de 2021. Se sabe que [&hellip;]\" \/>\n<meta property=\"og:url\" content=\"https:\/\/www.info.valladolid.es\/blog\/marques-de-la-vega-inclan\/\" \/>\n<meta property=\"og:site_name\" content=\"Blog Cultura y Turismo\" \/>\n<meta property=\"article:published_time\" content=\"2021-06-29T08:40:26+00:00\" \/>\n<meta property=\"article:modified_time\" content=\"2022-09-07T12:40:10+00:00\" \/>\n<meta property=\"og:image\" content=\"https:\/\/www.info.valladolid.es\/blog\/wp-content\/uploads\/2021\/06\/marques-vega-inclan-turismo.jpg\" \/>\n\t<meta property=\"og:image:width\" content=\"916\" \/>\n\t<meta property=\"og:image:height\" content=\"641\" \/>\n\t<meta property=\"og:image:type\" content=\"image\/jpeg\" \/>\n<meta name=\"author\" content=\"administrador\" \/>\n<meta name=\"twitter:card\" content=\"summary_large_image\" \/>\n<meta name=\"twitter:label1\" content=\"Escrito por\" \/>\n\t<meta name=\"twitter:data1\" content=\"administrador\" \/>\n\t<meta name=\"twitter:label2\" content=\"Tiempo de lectura\" \/>\n\t<meta name=\"twitter:data2\" content=\"6 minutos\" \/>\n<script type=\"application\/ld+json\" class=\"yoast-schema-graph\">{\"@context\":\"https:\\\/\\\/schema.org\",\"@graph\":[{\"@type\":\"Article\",\"@id\":\"https:\\\/\\\/www.info.valladolid.es\\\/blog\\\/marques-de-la-vega-inclan\\\/#article\",\"isPartOf\":{\"@id\":\"https:\\\/\\\/www.info.valladolid.es\\\/blog\\\/marques-de-la-vega-inclan\\\/\"},\"author\":{\"name\":\"administrador\",\"@id\":\"https:\\\/\\\/www.info.valladolid.es\\\/blog\\\/#\\\/schema\\\/person\\\/845cac97e6156a5a9c5abd68b7b9a5d5\"},\"headline\":\"El marqu\u00e9s de la Vega-Incl\u00e1n, vallisoletano que &#8216;invent\u00f3&#8217; el turismo\",\"datePublished\":\"2021-06-29T08:40:26+00:00\",\"dateModified\":\"2022-09-07T12:40:10+00:00\",\"mainEntityOfPage\":{\"@id\":\"https:\\\/\\\/www.info.valladolid.es\\\/blog\\\/marques-de-la-vega-inclan\\\/\"},\"wordCount\":1222,\"commentCount\":2,\"image\":{\"@id\":\"https:\\\/\\\/www.info.valladolid.es\\\/blog\\\/marques-de-la-vega-inclan\\\/#primaryimage\"},\"thumbnailUrl\":\"https:\\\/\\\/www.info.valladolid.es\\\/blog\\\/wp-content\\\/uploads\\\/2021\\\/06\\\/marques-vega-inclan-turismo.jpg\",\"articleSection\":[\"Personajes e historia\"],\"inLanguage\":\"es\",\"potentialAction\":[{\"@type\":\"CommentAction\",\"name\":\"Comment\",\"target\":[\"https:\\\/\\\/www.info.valladolid.es\\\/blog\\\/marques-de-la-vega-inclan\\\/#respond\"]}]},{\"@type\":\"WebPage\",\"@id\":\"https:\\\/\\\/www.info.valladolid.es\\\/blog\\\/marques-de-la-vega-inclan\\\/\",\"url\":\"https:\\\/\\\/www.info.valladolid.es\\\/blog\\\/marques-de-la-vega-inclan\\\/\",\"name\":\"El marqu\u00e9s de la Vega-Incl\u00e1n, vallisoletano que 'invent\u00f3' el turismo - Blog Cultura y Turismo\",\"isPartOf\":{\"@id\":\"https:\\\/\\\/www.info.valladolid.es\\\/blog\\\/#website\"},\"primaryImageOfPage\":{\"@id\":\"https:\\\/\\\/www.info.valladolid.es\\\/blog\\\/marques-de-la-vega-inclan\\\/#primaryimage\"},\"image\":{\"@id\":\"https:\\\/\\\/www.info.valladolid.es\\\/blog\\\/marques-de-la-vega-inclan\\\/#primaryimage\"},\"thumbnailUrl\":\"https:\\\/\\\/www.info.valladolid.es\\\/blog\\\/wp-content\\\/uploads\\\/2021\\\/06\\\/marques-vega-inclan-turismo.jpg\",\"datePublished\":\"2021-06-29T08:40:26+00:00\",\"dateModified\":\"2022-09-07T12:40:10+00:00\",\"author\":{\"@id\":\"https:\\\/\\\/www.info.valladolid.es\\\/blog\\\/#\\\/schema\\\/person\\\/845cac97e6156a5a9c5abd68b7b9a5d5\"},\"breadcrumb\":{\"@id\":\"https:\\\/\\\/www.info.valladolid.es\\\/blog\\\/marques-de-la-vega-inclan\\\/#breadcrumb\"},\"inLanguage\":\"es\",\"potentialAction\":[{\"@type\":\"ReadAction\",\"target\":[\"https:\\\/\\\/www.info.valladolid.es\\\/blog\\\/marques-de-la-vega-inclan\\\/\"]}]},{\"@type\":\"ImageObject\",\"inLanguage\":\"es\",\"@id\":\"https:\\\/\\\/www.info.valladolid.es\\\/blog\\\/marques-de-la-vega-inclan\\\/#primaryimage\",\"url\":\"https:\\\/\\\/www.info.valladolid.es\\\/blog\\\/wp-content\\\/uploads\\\/2021\\\/06\\\/marques-vega-inclan-turismo.jpg\",\"contentUrl\":\"https:\\\/\\\/www.info.valladolid.es\\\/blog\\\/wp-content\\\/uploads\\\/2021\\\/06\\\/marques-vega-inclan-turismo.jpg\",\"width\":916,\"height\":641},{\"@type\":\"BreadcrumbList\",\"@id\":\"https:\\\/\\\/www.info.valladolid.es\\\/blog\\\/marques-de-la-vega-inclan\\\/#breadcrumb\",\"itemListElement\":[{\"@type\":\"ListItem\",\"position\":1,\"name\":\"Home\",\"item\":\"https:\\\/\\\/www.info.valladolid.es\\\/blog\\\/\"},{\"@type\":\"ListItem\",\"position\":2,\"name\":\"El marqu\u00e9s de la Vega-Incl\u00e1n, vallisoletano que &#8216;invent\u00f3&#8217; el turismo\"}]},{\"@type\":\"WebSite\",\"@id\":\"https:\\\/\\\/www.info.valladolid.es\\\/blog\\\/#website\",\"url\":\"https:\\\/\\\/www.info.valladolid.es\\\/blog\\\/\",\"name\":\"Blog Cultura y Turismo\",\"description\":\"\",\"potentialAction\":[{\"@type\":\"SearchAction\",\"target\":{\"@type\":\"EntryPoint\",\"urlTemplate\":\"https:\\\/\\\/www.info.valladolid.es\\\/blog\\\/?s={search_term_string}\"},\"query-input\":{\"@type\":\"PropertyValueSpecification\",\"valueRequired\":true,\"valueName\":\"search_term_string\"}}],\"inLanguage\":\"es\"},{\"@type\":\"Person\",\"@id\":\"https:\\\/\\\/www.info.valladolid.es\\\/blog\\\/#\\\/schema\\\/person\\\/845cac97e6156a5a9c5abd68b7b9a5d5\",\"name\":\"administrador\",\"image\":{\"@type\":\"ImageObject\",\"inLanguage\":\"es\",\"@id\":\"https:\\\/\\\/secure.gravatar.com\\\/avatar\\\/418161d2f95196597e2d305bd301c850afab7f4b284a344fb2d759f048b71c61?s=96&d=mm&r=g\",\"url\":\"https:\\\/\\\/secure.gravatar.com\\\/avatar\\\/418161d2f95196597e2d305bd301c850afab7f4b284a344fb2d759f048b71c61?s=96&d=mm&r=g\",\"contentUrl\":\"https:\\\/\\\/secure.gravatar.com\\\/avatar\\\/418161d2f95196597e2d305bd301c850afab7f4b284a344fb2d759f048b71c61?s=96&d=mm&r=g\",\"caption\":\"administrador\"},\"url\":\"https:\\\/\\\/www.info.valladolid.es\\\/blog\\\/author\\\/administrador\\\/\"}]}<\/script>\n<!-- \/ Yoast SEO plugin. -->","yoast_head_json":{"title":"El marqu\u00e9s de la Vega-Incl\u00e1n, vallisoletano que 'invent\u00f3' el turismo - Blog Cultura y Turismo","robots":{"index":"index","follow":"follow","max-snippet":"max-snippet:-1","max-image-preview":"max-image-preview:large","max-video-preview":"max-video-preview:-1"},"canonical":"https:\/\/www.info.valladolid.es\/blog\/marques-de-la-vega-inclan\/","og_locale":"es_ES","og_type":"article","og_title":"El marqu\u00e9s de la Vega-Incl\u00e1n, vallisoletano que 'invent\u00f3' el turismo - Blog Cultura y Turismo","og_description":"Cuesta imaginar la gesti\u00f3n tur\u00edstica sin contemplar la promoci\u00f3n del patrimonio monumental, el paisaje y el entorno natural, su difusi\u00f3n en el extranjero o la preocupaci\u00f3n por la oferta hotelera. Estas bases, que sientan los pilares del turismo desde hace un siglo, son resultado de las aspiraciones de un vallisoletano, el marqu\u00e9s de la Vega-Incl\u00e1n. Nacido en Valladolid el 29 de junio de 1858 como Benigno Mariano Pedro Castro de la Vega-Incl\u00e1n y Flaquer el II marqu\u00e9s de la Vega-Incl\u00e1n, fue pionero de la gesti\u00f3n del turismo en Espa\u00f1a y uno de los principales valedores del destino nacional fuera de nuestras fronteras. A este vallisoletano le debemos, adem\u00e1s de su visionaria forma de entender el turismo, proyectos como la red de Paradores Nacionales, el Museo del Greco, el Museo del Romanticismo o el Museo Casa de Cervantes en Valladolid. Un&nbsp;devoto&nbsp;viajero Benigno se crio en la desaparecida casa Longa o del marqu\u00e9s de Revilla, en el n\u00famero 17 de la antigua calle de Francos, hoy calle de Juan Mambrilla. En el espacio que ocup\u00f3 este palacete se encuentra ahora el Colegio de la Compa\u00f1\u00eda de Mar\u00eda, como recuerda una placa conmemorativa instalada el 29 de junio de 2021. Se sabe que [&hellip;]","og_url":"https:\/\/www.info.valladolid.es\/blog\/marques-de-la-vega-inclan\/","og_site_name":"Blog Cultura y Turismo","article_published_time":"2021-06-29T08:40:26+00:00","article_modified_time":"2022-09-07T12:40:10+00:00","og_image":[{"width":916,"height":641,"url":"https:\/\/www.info.valladolid.es\/blog\/wp-content\/uploads\/2021\/06\/marques-vega-inclan-turismo.jpg","type":"image\/jpeg"}],"author":"administrador","twitter_card":"summary_large_image","twitter_misc":{"Escrito por":"administrador","Tiempo de lectura":"6 minutos"},"schema":{"@context":"https:\/\/schema.org","@graph":[{"@type":"Article","@id":"https:\/\/www.info.valladolid.es\/blog\/marques-de-la-vega-inclan\/#article","isPartOf":{"@id":"https:\/\/www.info.valladolid.es\/blog\/marques-de-la-vega-inclan\/"},"author":{"name":"administrador","@id":"https:\/\/www.info.valladolid.es\/blog\/#\/schema\/person\/845cac97e6156a5a9c5abd68b7b9a5d5"},"headline":"El marqu\u00e9s de la Vega-Incl\u00e1n, vallisoletano que &#8216;invent\u00f3&#8217; el turismo","datePublished":"2021-06-29T08:40:26+00:00","dateModified":"2022-09-07T12:40:10+00:00","mainEntityOfPage":{"@id":"https:\/\/www.info.valladolid.es\/blog\/marques-de-la-vega-inclan\/"},"wordCount":1222,"commentCount":2,"image":{"@id":"https:\/\/www.info.valladolid.es\/blog\/marques-de-la-vega-inclan\/#primaryimage"},"thumbnailUrl":"https:\/\/www.info.valladolid.es\/blog\/wp-content\/uploads\/2021\/06\/marques-vega-inclan-turismo.jpg","articleSection":["Personajes e historia"],"inLanguage":"es","potentialAction":[{"@type":"CommentAction","name":"Comment","target":["https:\/\/www.info.valladolid.es\/blog\/marques-de-la-vega-inclan\/#respond"]}]},{"@type":"WebPage","@id":"https:\/\/www.info.valladolid.es\/blog\/marques-de-la-vega-inclan\/","url":"https:\/\/www.info.valladolid.es\/blog\/marques-de-la-vega-inclan\/","name":"El marqu\u00e9s de la Vega-Incl\u00e1n, vallisoletano que 'invent\u00f3' el turismo - Blog Cultura y Turismo","isPartOf":{"@id":"https:\/\/www.info.valladolid.es\/blog\/#website"},"primaryImageOfPage":{"@id":"https:\/\/www.info.valladolid.es\/blog\/marques-de-la-vega-inclan\/#primaryimage"},"image":{"@id":"https:\/\/www.info.valladolid.es\/blog\/marques-de-la-vega-inclan\/#primaryimage"},"thumbnailUrl":"https:\/\/www.info.valladolid.es\/blog\/wp-content\/uploads\/2021\/06\/marques-vega-inclan-turismo.jpg","datePublished":"2021-06-29T08:40:26+00:00","dateModified":"2022-09-07T12:40:10+00:00","author":{"@id":"https:\/\/www.info.valladolid.es\/blog\/#\/schema\/person\/845cac97e6156a5a9c5abd68b7b9a5d5"},"breadcrumb":{"@id":"https:\/\/www.info.valladolid.es\/blog\/marques-de-la-vega-inclan\/#breadcrumb"},"inLanguage":"es","potentialAction":[{"@type":"ReadAction","target":["https:\/\/www.info.valladolid.es\/blog\/marques-de-la-vega-inclan\/"]}]},{"@type":"ImageObject","inLanguage":"es","@id":"https:\/\/www.info.valladolid.es\/blog\/marques-de-la-vega-inclan\/#primaryimage","url":"https:\/\/www.info.valladolid.es\/blog\/wp-content\/uploads\/2021\/06\/marques-vega-inclan-turismo.jpg","contentUrl":"https:\/\/www.info.valladolid.es\/blog\/wp-content\/uploads\/2021\/06\/marques-vega-inclan-turismo.jpg","width":916,"height":641},{"@type":"BreadcrumbList","@id":"https:\/\/www.info.valladolid.es\/blog\/marques-de-la-vega-inclan\/#breadcrumb","itemListElement":[{"@type":"ListItem","position":1,"name":"Home","item":"https:\/\/www.info.valladolid.es\/blog\/"},{"@type":"ListItem","position":2,"name":"El marqu\u00e9s de la Vega-Incl\u00e1n, vallisoletano que &#8216;invent\u00f3&#8217; el turismo"}]},{"@type":"WebSite","@id":"https:\/\/www.info.valladolid.es\/blog\/#website","url":"https:\/\/www.info.valladolid.es\/blog\/","name":"Blog Cultura y Turismo","description":"","potentialAction":[{"@type":"SearchAction","target":{"@type":"EntryPoint","urlTemplate":"https:\/\/www.info.valladolid.es\/blog\/?s={search_term_string}"},"query-input":{"@type":"PropertyValueSpecification","valueRequired":true,"valueName":"search_term_string"}}],"inLanguage":"es"},{"@type":"Person","@id":"https:\/\/www.info.valladolid.es\/blog\/#\/schema\/person\/845cac97e6156a5a9c5abd68b7b9a5d5","name":"administrador","image":{"@type":"ImageObject","inLanguage":"es","@id":"https:\/\/secure.gravatar.com\/avatar\/418161d2f95196597e2d305bd301c850afab7f4b284a344fb2d759f048b71c61?s=96&d=mm&r=g","url":"https:\/\/secure.gravatar.com\/avatar\/418161d2f95196597e2d305bd301c850afab7f4b284a344fb2d759f048b71c61?s=96&d=mm&r=g","contentUrl":"https:\/\/secure.gravatar.com\/avatar\/418161d2f95196597e2d305bd301c850afab7f4b284a344fb2d759f048b71c61?s=96&d=mm&r=g","caption":"administrador"},"url":"https:\/\/www.info.valladolid.es\/blog\/author\/administrador\/"}]}},"_links":{"self":[{"href":"https:\/\/www.info.valladolid.es\/blog\/wp-json\/wp\/v2\/posts\/8438","targetHints":{"allow":["GET"]}}],"collection":[{"href":"https:\/\/www.info.valladolid.es\/blog\/wp-json\/wp\/v2\/posts"}],"about":[{"href":"https:\/\/www.info.valladolid.es\/blog\/wp-json\/wp\/v2\/types\/post"}],"author":[{"embeddable":true,"href":"https:\/\/www.info.valladolid.es\/blog\/wp-json\/wp\/v2\/users\/1"}],"replies":[{"embeddable":true,"href":"https:\/\/www.info.valladolid.es\/blog\/wp-json\/wp\/v2\/comments?post=8438"}],"version-history":[{"count":10,"href":"https:\/\/www.info.valladolid.es\/blog\/wp-json\/wp\/v2\/posts\/8438\/revisions"}],"predecessor-version":[{"id":8451,"href":"https:\/\/www.info.valladolid.es\/blog\/wp-json\/wp\/v2\/posts\/8438\/revisions\/8451"}],"wp:featuredmedia":[{"embeddable":true,"href":"https:\/\/www.info.valladolid.es\/blog\/wp-json\/wp\/v2\/media\/8445"}],"wp:attachment":[{"href":"https:\/\/www.info.valladolid.es\/blog\/wp-json\/wp\/v2\/media?parent=8438"}],"wp:term":[{"taxonomy":"category","embeddable":true,"href":"https:\/\/www.info.valladolid.es\/blog\/wp-json\/wp\/v2\/categories?post=8438"},{"taxonomy":"post_tag","embeddable":true,"href":"https:\/\/www.info.valladolid.es\/blog\/wp-json\/wp\/v2\/tags?post=8438"}],"curies":[{"name":"wp","href":"https:\/\/api.w.org\/{rel}","templated":true}]}}