{"id":830,"date":"2016-01-08T08:41:12","date_gmt":"2016-01-08T08:41:12","guid":{"rendered":"http:\/\/www.info.valladolid.es\/blog\/?p=830"},"modified":"2019-02-13T13:04:30","modified_gmt":"2019-02-13T13:04:30","slug":"fiesta-de-la-moto-resolvemos-tus-dudas","status":"publish","type":"post","link":"https:\/\/www.info.valladolid.es\/blog\/fiesta-de-la-moto-resolvemos-tus-dudas\/","title":{"rendered":"Fiesta de la Moto: resolvemos tus dudas"},"content":{"rendered":"<p><span style=\"text-decoration: underline;\"><strong>\u00bfA qu\u00e9 me da derecho la inscripci\u00f3n en la Fiesta de la Moto de Valladolid?<\/strong><\/span><br \/>\nLa inscripci\u00f3n da derecho a <strong>participar en todas las actividades<\/strong> programadas \u2013desfiles, conciertos, brindis con vino, degustaci\u00f3n de guiso y caldo, dos desayunos\u2026-, a acceder en cualquier momento al recinto de la Antigua H\u00edpica Militar y a disfrutar de promociones especiales en los m\u00e1s de 70 bares que participan en la <a href=\"https:\/\/www.fiestadelamoto.com\/ruta-tapeo-motero-70-establecimientos\/\" target=\"_blank\">Ruta del Tapeo Motero.<\/a><\/p>\n<p>Todos los moteros inscritos podr\u00e1n acceder al recinto con su moto. Adem\u00e1s, si se trata de un grupo o motoclub, pueden organizarse en torno a su propia carpa.<\/p>\n<p>Para plantar cara al invierno vallisoletano, la organizaci\u00f3n proporcionar\u00e1 a los inscritos acampados le\u00f1a y permitir\u00e1 realizar hogueras, siempre siguiendo las normas establecidas.<\/p>\n<p><span style=\"text-decoration: underline;\"><strong>Quiero ir con mi moto a la Antigua H\u00edpica, pero no estoy inscrito.<\/strong> <\/span><br \/>\nEn este caso podr\u00e1s dejar tu moto en el aparcamiento habilitado a la entrada del recinto. Lo sentimos, pero el acceso al mismo con moto est\u00e1 reservado para los inscritos.<\/p>\n<p>Recuerda consultar el <a href=\"https:\/\/www.fiestadelamoto.com\/mapas-accesos-recinto-fiesta-de-la-moto\/\" target=\"_blank\">mapa de accesos<\/a> a la Antigua H\u00edpica Militar.<\/p>\n<p>&nbsp;<\/p>\n<div id=\"attachment_835\" style=\"width: 213px\" class=\"wp-caption alignleft\"><a href=\"http:\/\/www.info.valladolid.es\/blog\/wp-content\/uploads\/2016\/01\/autobus_fiesta_moto_valladolid.jpg\"><img loading=\"lazy\" decoding=\"async\" aria-describedby=\"caption-attachment-835\" class=\"size-medium wp-image-835\" src=\"http:\/\/www.info.valladolid.es\/blog\/wp-content\/uploads\/2016\/01\/autobus_fiesta_moto_valladolid-203x300.jpg\" alt=\"Clic para ampliar\" width=\"203\" height=\"300\" srcset=\"https:\/\/www.info.valladolid.es\/blog\/wp-content\/uploads\/2016\/01\/autobus_fiesta_moto_valladolid-203x300.jpg 203w, https:\/\/www.info.valladolid.es\/blog\/wp-content\/uploads\/2016\/01\/autobus_fiesta_moto_valladolid-696x1024.jpg 696w, https:\/\/www.info.valladolid.es\/blog\/wp-content\/uploads\/2016\/01\/autobus_fiesta_moto_valladolid.jpg 1305w\" sizes=\"auto, (max-width: 203px) 100vw, 203px\" \/><\/a><p id=\"caption-attachment-835\" class=\"wp-caption-text\">Clic para ampliar<\/p><\/div>\n<p><span style=\"text-decoration: underline;\"><strong>Si no tengo moto, \u00bfc\u00f3mo puedo llegar?<\/strong><\/span><br \/>\nTe proponemos dos opciones: taxi (el Ayuntamiento de Valladolid ha habilitado, de forma excepcional, una parada en frente del colegio Ave Mar\u00eda con capacidad para unos once veh\u00edculos) o autob\u00fas urbano.<\/p>\n<p>AUVASA ofrecer\u00e1, durante el viernes ocho y el s\u00e1bado nueve, un<strong> servicio especial<\/strong> entre las cinco de la tarde y las cinco de la madrugada, hora en la que se prev\u00e9 que finalicen&nbsp;los conciertos. Esta<a href=\"https:\/\/www.fiestadelamoto.com\/servicio-especial-autobuses-auvasa\/\" target=\"_blank\"> l\u00ednea<\/a> unir\u00e1 la plaza del Poniente con la Antigua H\u00edpica Militar y su precio es, al igual que cualquier otro servicio especial, de <strong>1,30 euros<\/strong> (admite bonob\u00fas y bono infantil).<\/p>\n<p>En el sentido de ida a la Fiesta de la Moto realizar\u00e1 paradas en la calle Mar\u00eda de Molina, en el paseo de Zorrilla frente al Corte Ingl\u00e9s y Vallsur y en la plaza de la Junta de Castilla y Le\u00f3n. En sentido inverso, lo har\u00e1 en esta \u00faltima plaza, a la altura de los dos centros comerciales y en la plaza de Zorrilla para finalizar, de nuevo, en Poniente.<\/p>\n<p><span style=\"text-decoration: underline;\"><strong>Ahora que la venta on line est\u00e1 cerrada, \u00bfd\u00f3nde puedo comprar mi entrada?<\/strong><\/span><br \/>\nEst\u00e1n a la venta en la <strong>taquilla del recinto<\/strong>, el viernes y el s\u00e1bado entre las nueve de la ma\u00f1ana y las dos de la madrugada \u2013de forma ininterrumpida- y el domingo entre las diez de la ma\u00f1ana y la una de la tarde.<\/p>\n<p>Te recordamos que el precio de las entradas diarias es de 14 euros el viernes o el s\u00e1bado y de cinco euros el domingo.<\/p>\n<p><span style=\"text-decoration: underline;\"><strong>Voy con ni\u00f1os. \u00bfEllos pagan entrada de d\u00eda?<\/strong><\/span><br \/>\nDepende de la edad del menor y de la hora de acceso al recinto. La entrada para los <strong>menores de doce a\u00f1os es gratuita hasta las seis de la tarde<\/strong> pero, a partir de esa hora, tendr\u00e1n que abonar la cantidad correspondiente. Recuerda que deben ir siempre acompa\u00f1ados por un adulto.<\/p>\n<p><span style=\"text-decoration: underline;\"><strong>No tengo pensado ir a la Antigua H\u00edpica Militar pero pasar\u00e9 el fin de semana en Valladolid. \u00bfDe qu\u00e9 actividades puedo disfrutar?<\/strong> <\/span><br \/>\n\u00a1La ciudad entera se empapar\u00e1 del esp\u00edritu motero! Todos los d\u00edas el entorno de la C\u00fapula del Milenio acoger\u00e1 actividades de promoci\u00f3n de la seguridad vial, circuitos infantiles y una exposici\u00f3n de motos antiguas (viernes y s\u00e1bado de 17 a 20 horas; s\u00e1bado y domingo, de 12 a 14 horas).<\/p>\n<p><strong>Emilio Zamora y \u00c1ngel Cuadrado realizar\u00e1n exhibiciones acrob\u00e1ticas<\/strong> el viernes a las 19.30 horas en Vallsur, el s\u00e1bado a las 12.30 en la calle Acera de Recoletos y el domingo a mediod\u00eda en la calle Cig\u00fce\u00f1a (barrio Pajarillos).<\/p>\n<p>Merece la pena presenciar los <strong>desfiles de motos<\/strong>. Este a\u00f1o tenemos tres: uno de banderas (s\u00e1bado a mediod\u00eda entre la H\u00edpica Militar y la calle Acera de Recoletos), otro de antorchas en homenaje a las v\u00edctimas de accidentes de tr\u00e1fico durante este a\u00f1o (mismo d\u00eda a las 20 horas con llegada a la Plaza Mayor) y un tercero de motos cl\u00e1sicas y vespas (domingo a mediod\u00eda, tambi\u00e9n finaliza en la Plaza Mayor).<\/p>\n<p>Consulta el programa completo en <a href=\"www.fiestadelamoto.com\" target=\"_blank\">www.fiestadelamoto.com<\/a><\/p>\n<p><span style=\"text-decoration: underline;\"><strong><a href=\"http:\/\/www.info.valladolid.es\/blog\/wp-content\/uploads\/2016\/01\/Pinguinos4.jpg\"><img loading=\"lazy\" decoding=\"async\" class=\"alignright  wp-image-836\" src=\"http:\/\/www.info.valladolid.es\/blog\/wp-content\/uploads\/2016\/01\/Pinguinos4-300x200.jpg\" alt=\"Desfile de motos\" width=\"378\" height=\"260\"><\/a>\u00bfQu\u00e9 calles se cortar\u00e1n al tr\u00e1fico durante los desfiles?<\/strong><\/span><br \/>\nEl s\u00e1bado&nbsp;por la ma\u00f1ana:&nbsp;carretera de Rueda, avenida de Zamora, paseo de Zorrilla, calles Puente Colgante, Recondo y Estaci\u00f3n del Norte; plaza Col\u00f3n y Acera de Recoletos.<\/p>\n<p>Por la tarde, a partir de las 20 horas: plaza del Milenio, calle Arzobispo Delicado, puente de Poniente y plazas de Poniente y la Rinconada.<\/p>\n<p>Domingo a mediod\u00eda:&nbsp;paseo Zorrilla &#8211; a la altura de Vallsur-, calle San Ildefonso, paseo de Isabel la Cat\u00f3lica, calle de San Quirce, plaza de San Pablo, calles Angustias, Arzobispo Gand\u00e1segui y L\u00f3pez G\u00f3mez; plaza de Espa\u00f1a, calles Duque de la Vitoria y Ferrari.<\/p>\n<p>Te animamos a seguir nuestros perfiles de la Fiesta de la Moto en Facebook (<a href=\"https:\/\/www.facebook.com\/fiestadelamotoVLL\" target=\"_blank\">www.facebook.com\/fiestadelamotoVLL<\/a>) y en Twitter (<a href=\"https:\/\/twitter.com\/fiestamotoVLL\" target=\"_blank\">@fiestamotoVLL<\/a>) y a la Polic\u00eda Municipal en Twitter (<a href=\"https:\/\/twitter.com\/PoliciaVLL\" target=\"_blank\">@PoliciaVLL<\/a>) para estar informado de cualquier novedad al respecto.<\/p>\n<p><span style=\"text-decoration: underline;\"><strong>\u00bfC\u00f3mo puedo saber qu\u00e9 bares participan en la Ruta del Tapeo Motero?<\/strong><\/span><br \/>\nLos reconocer\u00e1s sin problema porque estar\u00e1n identificados con varios elementos pero, para pon\u00e9rtelo m\u00e1s f\u00e1cil, te facilitamos el<a href=\"https:\/\/www.fiestadelamoto.com\/ruta-tapeo-motero-70-establecimientos\/\" target=\"_blank\"> listado completo<\/a> de bares que se han sumado a la Fiesta de la Moto.<\/p>\n","protected":false},"excerpt":{"rendered":"<p>\u00bfA qu\u00e9 me da derecho la inscripci\u00f3n en la Fiesta de la Moto de Valladolid? La inscripci\u00f3n da derecho a participar en todas las actividades programadas \u2013desfiles, conciertos, brindis con vino, degustaci\u00f3n de guiso y caldo, dos desayunos\u2026-, a acceder en cualquier momento al recinto de la Antigua H\u00edpica Militar y a disfrutar de promociones especiales en los m\u00e1s de 70 bares que participan en la Ruta del Tapeo Motero. Todos los moteros inscritos podr\u00e1n acceder al recinto con su moto. Adem\u00e1s, si se trata de un grupo o motoclub, pueden organizarse en torno a su propia carpa. Para plantar cara al invierno vallisoletano, la organizaci\u00f3n proporcionar\u00e1 a los inscritos acampados le\u00f1a y permitir\u00e1 realizar hogueras, siempre siguiendo las normas establecidas. Quiero ir con mi moto a la Antigua H\u00edpica, pero no estoy inscrito. En este caso podr\u00e1s dejar tu moto en el aparcamiento habilitado a la entrada del recinto. Lo sentimos, pero el acceso al mismo con moto est\u00e1 reservado para los inscritos. Recuerda consultar el mapa de accesos a la Antigua H\u00edpica Militar. &nbsp; Si no tengo moto, \u00bfc\u00f3mo puedo llegar? Te proponemos dos opciones: taxi (el Ayuntamiento de Valladolid ha habilitado, de forma excepcional, una parada en [&hellip;]<\/p>\n","protected":false},"author":1,"featured_media":3118,"comment_status":"open","ping_status":"open","sticky":false,"template":"","format":"standard","meta":{"footnotes":""},"categories":[9],"tags":[71],"class_list":["post-830","post","type-post","status-publish","format-standard","has-post-thumbnail","hentry","category-eventos_y_festejos","tag-fiesta-de-la-moto-valladolid"],"yoast_head":"<!-- This site is optimized with the Yoast SEO plugin v27.4 - https:\/\/yoast.com\/product\/yoast-seo-wordpress\/ -->\n<title>Fiesta de la Moto: resolvemos tus dudas - Blog Cultura y Turismo<\/title>\n<meta name=\"robots\" content=\"index, follow, max-snippet:-1, max-image-preview:large, max-video-preview:-1\" \/>\n<link rel=\"canonical\" href=\"https:\/\/www.info.valladolid.es\/blog\/fiesta-de-la-moto-resolvemos-tus-dudas\/\" \/>\n<meta property=\"og:locale\" content=\"es_ES\" \/>\n<meta property=\"og:type\" content=\"article\" \/>\n<meta property=\"og:title\" content=\"Fiesta de la Moto: resolvemos tus dudas - Blog Cultura y Turismo\" \/>\n<meta property=\"og:description\" content=\"\u00bfA qu\u00e9 me da derecho la inscripci\u00f3n en la Fiesta de la Moto de Valladolid? La inscripci\u00f3n da derecho a participar en todas las actividades programadas \u2013desfiles, conciertos, brindis con vino, degustaci\u00f3n de guiso y caldo, dos desayunos\u2026-, a acceder en cualquier momento al recinto de la Antigua H\u00edpica Militar y a disfrutar de promociones especiales en los m\u00e1s de 70 bares que participan en la Ruta del Tapeo Motero. Todos los moteros inscritos podr\u00e1n acceder al recinto con su moto. Adem\u00e1s, si se trata de un grupo o motoclub, pueden organizarse en torno a su propia carpa. Para plantar cara al invierno vallisoletano, la organizaci\u00f3n proporcionar\u00e1 a los inscritos acampados le\u00f1a y permitir\u00e1 realizar hogueras, siempre siguiendo las normas establecidas. Quiero ir con mi moto a la Antigua H\u00edpica, pero no estoy inscrito. En este caso podr\u00e1s dejar tu moto en el aparcamiento habilitado a la entrada del recinto. Lo sentimos, pero el acceso al mismo con moto est\u00e1 reservado para los inscritos. Recuerda consultar el mapa de accesos a la Antigua H\u00edpica Militar. &nbsp; Si no tengo moto, \u00bfc\u00f3mo puedo llegar? Te proponemos dos opciones: taxi (el Ayuntamiento de Valladolid ha habilitado, de forma excepcional, una parada en [&hellip;]\" \/>\n<meta property=\"og:url\" content=\"https:\/\/www.info.valladolid.es\/blog\/fiesta-de-la-moto-resolvemos-tus-dudas\/\" \/>\n<meta property=\"og:site_name\" content=\"Blog Cultura y Turismo\" \/>\n<meta property=\"article:published_time\" content=\"2016-01-08T08:41:12+00:00\" \/>\n<meta property=\"article:modified_time\" content=\"2019-02-13T13:04:30+00:00\" \/>\n<meta property=\"og:image\" content=\"https:\/\/www.info.valladolid.es\/blog\/wp-content\/uploads\/2016\/01\/fiesta-de-la-moto.jpg\" \/>\n\t<meta property=\"og:image:width\" content=\"520\" \/>\n\t<meta property=\"og:image:height\" content=\"400\" \/>\n\t<meta property=\"og:image:type\" content=\"image\/jpeg\" \/>\n<meta name=\"author\" content=\"administrador\" \/>\n<meta name=\"twitter:card\" content=\"summary_large_image\" \/>\n<meta name=\"twitter:label1\" content=\"Escrito por\" \/>\n\t<meta name=\"twitter:data1\" content=\"administrador\" \/>\n\t<meta name=\"twitter:label2\" content=\"Tiempo de lectura\" \/>\n\t<meta name=\"twitter:data2\" content=\"5 minutos\" \/>\n<script type=\"application\/ld+json\" class=\"yoast-schema-graph\">{\"@context\":\"https:\\\/\\\/schema.org\",\"@graph\":[{\"@type\":\"Article\",\"@id\":\"https:\\\/\\\/www.info.valladolid.es\\\/blog\\\/fiesta-de-la-moto-resolvemos-tus-dudas\\\/#article\",\"isPartOf\":{\"@id\":\"https:\\\/\\\/www.info.valladolid.es\\\/blog\\\/fiesta-de-la-moto-resolvemos-tus-dudas\\\/\"},\"author\":{\"name\":\"administrador\",\"@id\":\"https:\\\/\\\/www.info.valladolid.es\\\/blog\\\/#\\\/schema\\\/person\\\/845cac97e6156a5a9c5abd68b7b9a5d5\"},\"headline\":\"Fiesta de la Moto: resolvemos tus dudas\",\"datePublished\":\"2016-01-08T08:41:12+00:00\",\"dateModified\":\"2019-02-13T13:04:30+00:00\",\"mainEntityOfPage\":{\"@id\":\"https:\\\/\\\/www.info.valladolid.es\\\/blog\\\/fiesta-de-la-moto-resolvemos-tus-dudas\\\/\"},\"wordCount\":957,\"commentCount\":1,\"image\":{\"@id\":\"https:\\\/\\\/www.info.valladolid.es\\\/blog\\\/fiesta-de-la-moto-resolvemos-tus-dudas\\\/#primaryimage\"},\"thumbnailUrl\":\"https:\\\/\\\/www.info.valladolid.es\\\/blog\\\/wp-content\\\/uploads\\\/2016\\\/01\\\/fiesta-de-la-moto.jpg\",\"keywords\":[\"Fiesta de la Moto Valladolid\"],\"articleSection\":[\"Eventos y festejos\"],\"inLanguage\":\"es\",\"potentialAction\":[{\"@type\":\"CommentAction\",\"name\":\"Comment\",\"target\":[\"https:\\\/\\\/www.info.valladolid.es\\\/blog\\\/fiesta-de-la-moto-resolvemos-tus-dudas\\\/#respond\"]}]},{\"@type\":\"WebPage\",\"@id\":\"https:\\\/\\\/www.info.valladolid.es\\\/blog\\\/fiesta-de-la-moto-resolvemos-tus-dudas\\\/\",\"url\":\"https:\\\/\\\/www.info.valladolid.es\\\/blog\\\/fiesta-de-la-moto-resolvemos-tus-dudas\\\/\",\"name\":\"Fiesta de la Moto: resolvemos tus dudas - Blog Cultura y Turismo\",\"isPartOf\":{\"@id\":\"https:\\\/\\\/www.info.valladolid.es\\\/blog\\\/#website\"},\"primaryImageOfPage\":{\"@id\":\"https:\\\/\\\/www.info.valladolid.es\\\/blog\\\/fiesta-de-la-moto-resolvemos-tus-dudas\\\/#primaryimage\"},\"image\":{\"@id\":\"https:\\\/\\\/www.info.valladolid.es\\\/blog\\\/fiesta-de-la-moto-resolvemos-tus-dudas\\\/#primaryimage\"},\"thumbnailUrl\":\"https:\\\/\\\/www.info.valladolid.es\\\/blog\\\/wp-content\\\/uploads\\\/2016\\\/01\\\/fiesta-de-la-moto.jpg\",\"datePublished\":\"2016-01-08T08:41:12+00:00\",\"dateModified\":\"2019-02-13T13:04:30+00:00\",\"author\":{\"@id\":\"https:\\\/\\\/www.info.valladolid.es\\\/blog\\\/#\\\/schema\\\/person\\\/845cac97e6156a5a9c5abd68b7b9a5d5\"},\"breadcrumb\":{\"@id\":\"https:\\\/\\\/www.info.valladolid.es\\\/blog\\\/fiesta-de-la-moto-resolvemos-tus-dudas\\\/#breadcrumb\"},\"inLanguage\":\"es\",\"potentialAction\":[{\"@type\":\"ReadAction\",\"target\":[\"https:\\\/\\\/www.info.valladolid.es\\\/blog\\\/fiesta-de-la-moto-resolvemos-tus-dudas\\\/\"]}]},{\"@type\":\"ImageObject\",\"inLanguage\":\"es\",\"@id\":\"https:\\\/\\\/www.info.valladolid.es\\\/blog\\\/fiesta-de-la-moto-resolvemos-tus-dudas\\\/#primaryimage\",\"url\":\"https:\\\/\\\/www.info.valladolid.es\\\/blog\\\/wp-content\\\/uploads\\\/2016\\\/01\\\/fiesta-de-la-moto.jpg\",\"contentUrl\":\"https:\\\/\\\/www.info.valladolid.es\\\/blog\\\/wp-content\\\/uploads\\\/2016\\\/01\\\/fiesta-de-la-moto.jpg\",\"width\":520,\"height\":400},{\"@type\":\"BreadcrumbList\",\"@id\":\"https:\\\/\\\/www.info.valladolid.es\\\/blog\\\/fiesta-de-la-moto-resolvemos-tus-dudas\\\/#breadcrumb\",\"itemListElement\":[{\"@type\":\"ListItem\",\"position\":1,\"name\":\"Home\",\"item\":\"https:\\\/\\\/www.info.valladolid.es\\\/blog\\\/\"},{\"@type\":\"ListItem\",\"position\":2,\"name\":\"Fiesta de la Moto: resolvemos tus dudas\"}]},{\"@type\":\"WebSite\",\"@id\":\"https:\\\/\\\/www.info.valladolid.es\\\/blog\\\/#website\",\"url\":\"https:\\\/\\\/www.info.valladolid.es\\\/blog\\\/\",\"name\":\"Blog Cultura y Turismo\",\"description\":\"\",\"potentialAction\":[{\"@type\":\"SearchAction\",\"target\":{\"@type\":\"EntryPoint\",\"urlTemplate\":\"https:\\\/\\\/www.info.valladolid.es\\\/blog\\\/?s={search_term_string}\"},\"query-input\":{\"@type\":\"PropertyValueSpecification\",\"valueRequired\":true,\"valueName\":\"search_term_string\"}}],\"inLanguage\":\"es\"},{\"@type\":\"Person\",\"@id\":\"https:\\\/\\\/www.info.valladolid.es\\\/blog\\\/#\\\/schema\\\/person\\\/845cac97e6156a5a9c5abd68b7b9a5d5\",\"name\":\"administrador\",\"image\":{\"@type\":\"ImageObject\",\"inLanguage\":\"es\",\"@id\":\"https:\\\/\\\/secure.gravatar.com\\\/avatar\\\/418161d2f95196597e2d305bd301c850afab7f4b284a344fb2d759f048b71c61?s=96&d=mm&r=g\",\"url\":\"https:\\\/\\\/secure.gravatar.com\\\/avatar\\\/418161d2f95196597e2d305bd301c850afab7f4b284a344fb2d759f048b71c61?s=96&d=mm&r=g\",\"contentUrl\":\"https:\\\/\\\/secure.gravatar.com\\\/avatar\\\/418161d2f95196597e2d305bd301c850afab7f4b284a344fb2d759f048b71c61?s=96&d=mm&r=g\",\"caption\":\"administrador\"},\"url\":\"https:\\\/\\\/www.info.valladolid.es\\\/blog\\\/author\\\/administrador\\\/\"}]}<\/script>\n<!-- \/ Yoast SEO plugin. -->","yoast_head_json":{"title":"Fiesta de la Moto: resolvemos tus dudas - Blog Cultura y Turismo","robots":{"index":"index","follow":"follow","max-snippet":"max-snippet:-1","max-image-preview":"max-image-preview:large","max-video-preview":"max-video-preview:-1"},"canonical":"https:\/\/www.info.valladolid.es\/blog\/fiesta-de-la-moto-resolvemos-tus-dudas\/","og_locale":"es_ES","og_type":"article","og_title":"Fiesta de la Moto: resolvemos tus dudas - Blog Cultura y Turismo","og_description":"\u00bfA qu\u00e9 me da derecho la inscripci\u00f3n en la Fiesta de la Moto de Valladolid? La inscripci\u00f3n da derecho a participar en todas las actividades programadas \u2013desfiles, conciertos, brindis con vino, degustaci\u00f3n de guiso y caldo, dos desayunos\u2026-, a acceder en cualquier momento al recinto de la Antigua H\u00edpica Militar y a disfrutar de promociones especiales en los m\u00e1s de 70 bares que participan en la Ruta del Tapeo Motero. Todos los moteros inscritos podr\u00e1n acceder al recinto con su moto. Adem\u00e1s, si se trata de un grupo o motoclub, pueden organizarse en torno a su propia carpa. Para plantar cara al invierno vallisoletano, la organizaci\u00f3n proporcionar\u00e1 a los inscritos acampados le\u00f1a y permitir\u00e1 realizar hogueras, siempre siguiendo las normas establecidas. Quiero ir con mi moto a la Antigua H\u00edpica, pero no estoy inscrito. En este caso podr\u00e1s dejar tu moto en el aparcamiento habilitado a la entrada del recinto. Lo sentimos, pero el acceso al mismo con moto est\u00e1 reservado para los inscritos. Recuerda consultar el mapa de accesos a la Antigua H\u00edpica Militar. &nbsp; Si no tengo moto, \u00bfc\u00f3mo puedo llegar? Te proponemos dos opciones: taxi (el Ayuntamiento de Valladolid ha habilitado, de forma excepcional, una parada en [&hellip;]","og_url":"https:\/\/www.info.valladolid.es\/blog\/fiesta-de-la-moto-resolvemos-tus-dudas\/","og_site_name":"Blog Cultura y Turismo","article_published_time":"2016-01-08T08:41:12+00:00","article_modified_time":"2019-02-13T13:04:30+00:00","og_image":[{"width":520,"height":400,"url":"https:\/\/www.info.valladolid.es\/blog\/wp-content\/uploads\/2016\/01\/fiesta-de-la-moto.jpg","type":"image\/jpeg"}],"author":"administrador","twitter_card":"summary_large_image","twitter_misc":{"Escrito por":"administrador","Tiempo de lectura":"5 minutos"},"schema":{"@context":"https:\/\/schema.org","@graph":[{"@type":"Article","@id":"https:\/\/www.info.valladolid.es\/blog\/fiesta-de-la-moto-resolvemos-tus-dudas\/#article","isPartOf":{"@id":"https:\/\/www.info.valladolid.es\/blog\/fiesta-de-la-moto-resolvemos-tus-dudas\/"},"author":{"name":"administrador","@id":"https:\/\/www.info.valladolid.es\/blog\/#\/schema\/person\/845cac97e6156a5a9c5abd68b7b9a5d5"},"headline":"Fiesta de la Moto: resolvemos tus dudas","datePublished":"2016-01-08T08:41:12+00:00","dateModified":"2019-02-13T13:04:30+00:00","mainEntityOfPage":{"@id":"https:\/\/www.info.valladolid.es\/blog\/fiesta-de-la-moto-resolvemos-tus-dudas\/"},"wordCount":957,"commentCount":1,"image":{"@id":"https:\/\/www.info.valladolid.es\/blog\/fiesta-de-la-moto-resolvemos-tus-dudas\/#primaryimage"},"thumbnailUrl":"https:\/\/www.info.valladolid.es\/blog\/wp-content\/uploads\/2016\/01\/fiesta-de-la-moto.jpg","keywords":["Fiesta de la Moto Valladolid"],"articleSection":["Eventos y festejos"],"inLanguage":"es","potentialAction":[{"@type":"CommentAction","name":"Comment","target":["https:\/\/www.info.valladolid.es\/blog\/fiesta-de-la-moto-resolvemos-tus-dudas\/#respond"]}]},{"@type":"WebPage","@id":"https:\/\/www.info.valladolid.es\/blog\/fiesta-de-la-moto-resolvemos-tus-dudas\/","url":"https:\/\/www.info.valladolid.es\/blog\/fiesta-de-la-moto-resolvemos-tus-dudas\/","name":"Fiesta de la Moto: resolvemos tus dudas - Blog Cultura y Turismo","isPartOf":{"@id":"https:\/\/www.info.valladolid.es\/blog\/#website"},"primaryImageOfPage":{"@id":"https:\/\/www.info.valladolid.es\/blog\/fiesta-de-la-moto-resolvemos-tus-dudas\/#primaryimage"},"image":{"@id":"https:\/\/www.info.valladolid.es\/blog\/fiesta-de-la-moto-resolvemos-tus-dudas\/#primaryimage"},"thumbnailUrl":"https:\/\/www.info.valladolid.es\/blog\/wp-content\/uploads\/2016\/01\/fiesta-de-la-moto.jpg","datePublished":"2016-01-08T08:41:12+00:00","dateModified":"2019-02-13T13:04:30+00:00","author":{"@id":"https:\/\/www.info.valladolid.es\/blog\/#\/schema\/person\/845cac97e6156a5a9c5abd68b7b9a5d5"},"breadcrumb":{"@id":"https:\/\/www.info.valladolid.es\/blog\/fiesta-de-la-moto-resolvemos-tus-dudas\/#breadcrumb"},"inLanguage":"es","potentialAction":[{"@type":"ReadAction","target":["https:\/\/www.info.valladolid.es\/blog\/fiesta-de-la-moto-resolvemos-tus-dudas\/"]}]},{"@type":"ImageObject","inLanguage":"es","@id":"https:\/\/www.info.valladolid.es\/blog\/fiesta-de-la-moto-resolvemos-tus-dudas\/#primaryimage","url":"https:\/\/www.info.valladolid.es\/blog\/wp-content\/uploads\/2016\/01\/fiesta-de-la-moto.jpg","contentUrl":"https:\/\/www.info.valladolid.es\/blog\/wp-content\/uploads\/2016\/01\/fiesta-de-la-moto.jpg","width":520,"height":400},{"@type":"BreadcrumbList","@id":"https:\/\/www.info.valladolid.es\/blog\/fiesta-de-la-moto-resolvemos-tus-dudas\/#breadcrumb","itemListElement":[{"@type":"ListItem","position":1,"name":"Home","item":"https:\/\/www.info.valladolid.es\/blog\/"},{"@type":"ListItem","position":2,"name":"Fiesta de la Moto: resolvemos tus dudas"}]},{"@type":"WebSite","@id":"https:\/\/www.info.valladolid.es\/blog\/#website","url":"https:\/\/www.info.valladolid.es\/blog\/","name":"Blog Cultura y Turismo","description":"","potentialAction":[{"@type":"SearchAction","target":{"@type":"EntryPoint","urlTemplate":"https:\/\/www.info.valladolid.es\/blog\/?s={search_term_string}"},"query-input":{"@type":"PropertyValueSpecification","valueRequired":true,"valueName":"search_term_string"}}],"inLanguage":"es"},{"@type":"Person","@id":"https:\/\/www.info.valladolid.es\/blog\/#\/schema\/person\/845cac97e6156a5a9c5abd68b7b9a5d5","name":"administrador","image":{"@type":"ImageObject","inLanguage":"es","@id":"https:\/\/secure.gravatar.com\/avatar\/418161d2f95196597e2d305bd301c850afab7f4b284a344fb2d759f048b71c61?s=96&d=mm&r=g","url":"https:\/\/secure.gravatar.com\/avatar\/418161d2f95196597e2d305bd301c850afab7f4b284a344fb2d759f048b71c61?s=96&d=mm&r=g","contentUrl":"https:\/\/secure.gravatar.com\/avatar\/418161d2f95196597e2d305bd301c850afab7f4b284a344fb2d759f048b71c61?s=96&d=mm&r=g","caption":"administrador"},"url":"https:\/\/www.info.valladolid.es\/blog\/author\/administrador\/"}]}},"_links":{"self":[{"href":"https:\/\/www.info.valladolid.es\/blog\/wp-json\/wp\/v2\/posts\/830","targetHints":{"allow":["GET"]}}],"collection":[{"href":"https:\/\/www.info.valladolid.es\/blog\/wp-json\/wp\/v2\/posts"}],"about":[{"href":"https:\/\/www.info.valladolid.es\/blog\/wp-json\/wp\/v2\/types\/post"}],"author":[{"embeddable":true,"href":"https:\/\/www.info.valladolid.es\/blog\/wp-json\/wp\/v2\/users\/1"}],"replies":[{"embeddable":true,"href":"https:\/\/www.info.valladolid.es\/blog\/wp-json\/wp\/v2\/comments?post=830"}],"version-history":[{"count":4,"href":"https:\/\/www.info.valladolid.es\/blog\/wp-json\/wp\/v2\/posts\/830\/revisions"}],"predecessor-version":[{"id":3119,"href":"https:\/\/www.info.valladolid.es\/blog\/wp-json\/wp\/v2\/posts\/830\/revisions\/3119"}],"wp:featuredmedia":[{"embeddable":true,"href":"https:\/\/www.info.valladolid.es\/blog\/wp-json\/wp\/v2\/media\/3118"}],"wp:attachment":[{"href":"https:\/\/www.info.valladolid.es\/blog\/wp-json\/wp\/v2\/media?parent=830"}],"wp:term":[{"taxonomy":"category","embeddable":true,"href":"https:\/\/www.info.valladolid.es\/blog\/wp-json\/wp\/v2\/categories?post=830"},{"taxonomy":"post_tag","embeddable":true,"href":"https:\/\/www.info.valladolid.es\/blog\/wp-json\/wp\/v2\/tags?post=830"}],"curies":[{"name":"wp","href":"https:\/\/api.w.org\/{rel}","templated":true}]}}