{"id":7889,"date":"2021-03-02T10:20:57","date_gmt":"2021-03-02T10:20:57","guid":{"rendered":"https:\/\/www.info.valladolid.es\/blog\/?p=7889"},"modified":"2024-03-05T10:15:35","modified_gmt":"2024-03-05T10:15:35","slug":"dia-internacional-de-la-mujer","status":"publish","type":"post","link":"https:\/\/www.info.valladolid.es\/blog\/dia-internacional-de-la-mujer\/","title":{"rendered":"D\u00eda Internacional de la Mujer: conoce a nueve ilustres vallisoletanas"},"content":{"rendered":"\n<p>Por el <strong>D\u00eda Internacional de la Mujer<\/strong> recuperamos nueve biograf\u00edas de mujeres  vallisoletanas que destacaron en su \u00e9poca. Son mujeres pioneras, que hicieron historia pese a haber nacido en tiempos y haberse movido en campos que sol\u00edan cerrar sus puertas a las f\u00e9minas. <\/p>\n\n\n\n<p>Te invitamos a descubrir siete historias de mujeres ilustres de Valladolid: <\/p>\n\n\n\n<p><\/p>\n\n\n\n<h2 class=\"wp-block-heading\">Mar\u00eda de Molina, tres veces reina<\/h2>\n\n\n\n<p>Son pocas las mujeres que, hasta hace poco tiempo, han sido reconocidas por su papel pol\u00edtico en su \u00e9poca. Si lanzamos la pregunta al aire Isabel La Cat\u00f3lica sea, posiblemente, la m\u00e1s recordada; pero l<strong>a vallisoletana Mar\u00eda de Molina<\/strong> merece un hueco en la memoria colectiva a la altura de la Trast\u00e1mara.<\/p>\n\n\n\n<div class=\"wp-block-buttons is-layout-flex wp-block-buttons-is-layout-flex\">\n<div class=\"wp-block-button aligncenter\"><a class=\"wp-block-button__link has-background wp-element-button\" href=\"https:\/\/www.info.valladolid.es\/blog\/maria-de-molina-tres-veces-reina\/\" style=\"background-color:#933398\">Descubre a Mar\u00eda de Molina<\/a><\/div>\n<\/div>\n\n\n\n<p><\/p>\n\n\n\n<h2 class=\"wp-block-heading\">Catalina de Lancaster, primera Princesa de Asturias<\/h2>\n\n\n\n<p>Recordada por ser la primera mujer en ostentar el t\u00edtulo de Princesa de Asturias y abuela de Isabel la Cat\u00f3lica, la historia de Catalina de Lancaster est\u00e1 estrechamente ligada a Valladolid, ciudad donde muri\u00f3 a la temprana edad de 45 a\u00f1os. Aqu\u00ed termin\u00f3 sus d\u00edas una de las reinas m\u00e1s relevantes de su \u00e9poca,<\/p>\n\n\n\n<div class=\"wp-block-buttons is-layout-flex wp-block-buttons-is-layout-flex\">\n<div class=\"wp-block-button aligncenter\"><a class=\"wp-block-button__link has-background wp-element-button\" href=\"https:\/\/www.info.valladolid.es\/blog\/catalina-de-lancaster-primera-princesa-de-asturias\/\" style=\"background-color:#933398\">Descubre a Catalina de Lancaster<\/a><\/div>\n<\/div>\n\n\n\n<p><\/p>\n\n\n\n<h2 class=\"wp-block-heading\">Beatriz Bernal, primera escritora de Espa\u00f1a<\/h2>\n\n\n\n<p><strong>Beatriz Bernal<\/strong>&nbsp;ha pasado a la historia por ser la primera mujer de nuestro pa\u00eds en escribir una novela para su publicaci\u00f3n,&nbsp;<strong><em>Don Cristali\u00e1n de Espa\u00f1a<\/em><\/strong>.&nbsp;Pese al \u00e9xito que tuvo en su momento y al reconocimiento (o, al menos, conocimiento) de su obra por estudiosos de principios de siglo XX su nombre ha sido olvidado en los \u00faltimos a\u00f1os.<\/p>\n\n\n\n<div class=\"wp-block-button aligncenter\"><a class=\"wp-block-button__link has-background wp-element-button\" href=\"https:\/\/www.info.valladolid.es\/blog\/beatriz-bernal-don-cristalian\/\" style=\"background-color:#933398\">Descubre a Beatriz Bernal<\/a><\/div>\n\n\n\n<h2 class=\"wp-block-heading\"><\/h2>\n\n\n\n<h2 class=\"wp-block-heading\">Ana de Austria, la reina de <em>Los tres mosqueteros<\/em><\/h2>\n\n\n\n<p><strong>Ana Mauricia de Austria y Austria-Estiria<\/strong>&nbsp;ha pasado al imaginario popular como la reina Ana de Francia cuyo honor defendieron&nbsp;<strong><em>Los Tres Mosqueteros<\/em><\/strong>&nbsp;de Alejandro Dumas.<\/p>\n\n\n\n<p>Lo que pocos saben es que la \u201cbella y orgullosa\u201d reina (as\u00ed la describe el escritor franc\u00e9s)&nbsp;<strong>naci\u00f3 en Valladolid<\/strong>. <\/p>\n\n\n\n<div class=\"wp-block-button aligncenter\"><a class=\"wp-block-button__link has-background wp-element-button\" href=\"https:\/\/www.info.valladolid.es\/blog\/ana-de-austria-la-reina-de-los-tres-mosqueteros-nacio-en-valladolid\/\" style=\"background-color:#933398\">Descubre a Ana de Austria<\/a><\/div>\n\n\n\n<h2 class=\"wp-block-heading\"><\/h2>\n\n\n\n<h2 class=\"wp-block-heading\">Marina Escobar, la mujer m\u00e1s retratada del siglo XVII<\/h2>\n\n\n\n<p>La de Marina Escobar es, quiz\u00e1, una de las vidas m\u00e1s documentadas de su \u00e9poca. La fama y la influencia que tuvo fue tal que fue, seguramente, la mujer m\u00e1s retratada del siglo XVII si exceptuamos a la nobleza y la monarqu\u00eda.<\/p>\n\n\n\n<div class=\"wp-block-button aligncenter\"><a class=\"wp-block-button__link has-background wp-element-button\" href=\"https:\/\/www.info.valladolid.es\/blog\/marina-escobar\/\" style=\"background-color:#933398\">Descubre a Marina Escobar<\/a><\/div>\n\n\n\n<h2 class=\"wp-block-heading\"><\/h2>\n\n\n\n<h2 class=\"wp-block-heading\">Hero\u00ednas vallisoletanas en la Guerra de la Independencia<\/h2>\n\n\n\n<p>El Levantamiento del Dos de Mayo tarda pocos d\u00edas en sacudir a otras capitales del pa\u00eds. A finales de ese mes estalla la sublevaci\u00f3n vallisoletana contra las tropas francesas.<\/p>\n\n\n\n<p>En este periodo, como ocurre en buena parte de la historia, la labor de las mujeres ha sido, si cabe, m\u00e1s silenciada. Pero Valladolid tuvo sus hero\u00ednas: las esp\u00edas&nbsp;<strong>Rosa Barreda y Nicolasa Centeno<\/strong>&nbsp;y de&nbsp;<strong>las hermanas Ub\u00f3n<\/strong>.<\/p>\n\n\n\n<div class=\"wp-block-button aligncenter\"><a class=\"wp-block-button__link has-background wp-element-button\" href=\"https:\/\/www.info.valladolid.es\/blog\/heroinas-vallisoletanas-guerra-independencia\/\" style=\"background-color:#933398\">Descubre a las hero\u00ednas vallisoletanas de la Guerra de la Independencia<\/a><\/div>\n\n\n\n<h2 class=\"wp-block-heading\"><\/h2>\n\n\n\n<h2 class=\"wp-block-heading\">Rosa Chacel, ilustre de las letras vallisoletanas<\/h2>\n\n\n\n<p>No pod\u00eda faltar en nuestro especial D\u00eda Internacional de la Mujer. Criada en un hogar que rend\u00eda culto a la Literatura, sobrina nieta de Jos\u00e9 Zorrilla, exiliada en Par\u00eds, en Grecia, en Argentina, en Brasil o en Nueva York; admirada por Ortega y Gasset y aplaudida por los <em>nov\u00edsimos<\/em> que reivindicaron su escritura en los a\u00f1os 70.<\/p>\n\n\n\n<div class=\"wp-block-button aligncenter\"><a class=\"wp-block-button__link has-background wp-element-button\" href=\"https:\/\/www.info.valladolid.es\/blog\/vallisoletanas-ilustres-rosa-chacel\/\" style=\"background-color:#933398\">Descubre a Rosa Chacel<\/a><\/div>\n\n\n\n<h1 class=\"wp-block-heading\"><\/h1>\n\n\n\n<h2 class=\"wp-block-heading\">Mar\u00eda Teresa \u00cd\u00f1igo de Toro, primera directora de una radio en Espa\u00f1a<\/h2>\n\n\n\n<p>\u00bfSab\u00edas que&nbsp;<strong>la primera mujer que dirigi\u00f3 una emisora de radio en nuestro pa\u00eds era vallisoletana<\/strong>? Mar\u00eda Teresa fue, tambi\u00e9n, concejala y teniente de alcalde en el Ayuntamiento de Valladolid, diputada provincial, presidenta de la Asociaci\u00f3n de Mujeres Empresarias de su ciudad natal, escritora y una destacada conferenciante.<\/p>\n\n\n\n<div class=\"wp-block-button aligncenter is-style-fill\"><a class=\"wp-block-button__link has-background wp-element-button\" href=\"https:\/\/www.info.valladolid.es\/blog\/maria-teresa-inigo-de-toro\/\" style=\"background-color:#933398\">Descubre a Mar\u00eda Teresa \u00cd\u00f1igo de Toro<\/a><\/div>\n\n\n\n<h2 class=\"wp-block-heading\">Marcelina Poncela, pionera para las mujeres en el campo de la pintura<\/h2>\n\n\n\n<p>Fue una de las primeras seis mujeres que ingresaron en la Escuela de Pintura, previo permiso especial del rey, y en recibir becas institucionales para completar su formaci\u00f3n art\u00edstica. Madre del escritor Enrique Jardiel Poncela, Marcelina fue una pionera en un campo reservado casi en exclusiva a los hombres en el siglo XIX.<\/p>\n\n\n\n<div class=\"wp-block-buttons is-layout-flex wp-block-buttons-is-layout-flex\">\n<div class=\"wp-block-button aligncenter is-style-fill\"><a class=\"wp-block-button__link has-background wp-element-button\" href=\"https:\/\/www.info.valladolid.es\/blog\/marcelina-poncela\/\" style=\"background-color:#933398\">Descubre a Marcelina Poncela<\/a><\/div>\n<\/div>\n","protected":false},"excerpt":{"rendered":"<p>Por el D\u00eda Internacional de la Mujer recuperamos nueve biograf\u00edas de mujeres vallisoletanas que destacaron en su \u00e9poca. Son mujeres pioneras, que hicieron historia pese a haber nacido en tiempos y haberse movido en campos que sol\u00edan cerrar sus puertas a las f\u00e9minas. Te invitamos a descubrir siete historias de mujeres ilustres de Valladolid: Mar\u00eda de Molina, tres veces reina Son pocas las mujeres que, hasta hace poco tiempo, han sido reconocidas por su papel pol\u00edtico en su \u00e9poca. Si lanzamos la pregunta al aire Isabel La Cat\u00f3lica sea, posiblemente, la m\u00e1s recordada; pero la vallisoletana Mar\u00eda de Molina merece un hueco en la memoria colectiva a la altura de la Trast\u00e1mara. Catalina de Lancaster, primera Princesa de Asturias Recordada por ser la primera mujer en ostentar el t\u00edtulo de Princesa de Asturias y abuela de Isabel la Cat\u00f3lica, la historia de Catalina de Lancaster est\u00e1 estrechamente ligada a Valladolid, ciudad donde muri\u00f3 a la temprana edad de 45 a\u00f1os. Aqu\u00ed termin\u00f3 sus d\u00edas una de las reinas m\u00e1s relevantes de su \u00e9poca, Beatriz Bernal, primera escritora de Espa\u00f1a Beatriz Bernal&nbsp;ha pasado a la historia por ser la primera mujer de nuestro pa\u00eds en escribir una novela para su publicaci\u00f3n,&nbsp;Don [&hellip;]<\/p>\n","protected":false},"author":1,"featured_media":9940,"comment_status":"open","ping_status":"open","sticky":true,"template":"","format":"standard","meta":{"footnotes":""},"categories":[7],"tags":[140],"class_list":["post-7889","post","type-post","status-publish","format-standard","has-post-thumbnail","hentry","category-personajes_e_historia","tag-mujeres-ilustres-de-valladolid"],"yoast_head":"<!-- This site is optimized with the Yoast SEO plugin v27.5 - https:\/\/yoast.com\/product\/yoast-seo-wordpress\/ -->\n<title>D\u00eda Internacional de la Mujer: conoce a nueve ilustres vallisoletanas -<\/title>\n<meta name=\"description\" content=\"Por el D\u00eda Internacional de la Mujer recuperamos seis biograf\u00edas de mujeres vallisoletanas que destacaron en su \u00e9poca: reinas, escritoras...\u00a1o esp\u00edas!\" \/>\n<meta name=\"robots\" content=\"index, follow, max-snippet:-1, max-image-preview:large, max-video-preview:-1\" \/>\n<link rel=\"canonical\" href=\"https:\/\/www.info.valladolid.es\/blog\/dia-internacional-de-la-mujer\/\" \/>\n<meta property=\"og:locale\" content=\"es_ES\" \/>\n<meta property=\"og:type\" content=\"article\" \/>\n<meta property=\"og:title\" content=\"D\u00eda Internacional de la Mujer: conoce a nueve ilustres vallisoletanas -\" \/>\n<meta property=\"og:description\" content=\"Por el D\u00eda Internacional de la Mujer recuperamos seis biograf\u00edas de mujeres vallisoletanas que destacaron en su \u00e9poca: reinas, escritoras...\u00a1o esp\u00edas!\" \/>\n<meta property=\"og:url\" content=\"https:\/\/www.info.valladolid.es\/blog\/dia-internacional-de-la-mujer\/\" \/>\n<meta property=\"og:site_name\" content=\"Blog Cultura y Turismo\" \/>\n<meta property=\"article:published_time\" content=\"2021-03-02T10:20:57+00:00\" \/>\n<meta property=\"article:modified_time\" content=\"2024-03-05T10:15:35+00:00\" \/>\n<meta property=\"og:image\" content=\"https:\/\/www.info.valladolid.es\/blog\/wp-content\/uploads\/2024\/02\/cuadro-maria-de-molina.jpg\" \/>\n\t<meta property=\"og:image:width\" content=\"898\" \/>\n\t<meta property=\"og:image:height\" content=\"616\" \/>\n\t<meta property=\"og:image:type\" content=\"image\/jpeg\" \/>\n<meta name=\"author\" content=\"administrador\" \/>\n<meta name=\"twitter:card\" content=\"summary_large_image\" \/>\n<meta name=\"twitter:label1\" content=\"Escrito por\" \/>\n\t<meta name=\"twitter:data1\" content=\"administrador\" \/>\n\t<meta name=\"twitter:label2\" content=\"Tiempo de lectura\" \/>\n\t<meta name=\"twitter:data2\" content=\"4 minutos\" \/>\n<script type=\"application\/ld+json\" class=\"yoast-schema-graph\">{\"@context\":\"https:\\\/\\\/schema.org\",\"@graph\":[{\"@type\":\"Article\",\"@id\":\"https:\\\/\\\/www.info.valladolid.es\\\/blog\\\/dia-internacional-de-la-mujer\\\/#article\",\"isPartOf\":{\"@id\":\"https:\\\/\\\/www.info.valladolid.es\\\/blog\\\/dia-internacional-de-la-mujer\\\/\"},\"author\":{\"name\":\"administrador\",\"@id\":\"https:\\\/\\\/www.info.valladolid.es\\\/blog\\\/#\\\/schema\\\/person\\\/845cac97e6156a5a9c5abd68b7b9a5d5\"},\"headline\":\"D\u00eda Internacional de la Mujer: conoce a nueve ilustres vallisoletanas\",\"datePublished\":\"2021-03-02T10:20:57+00:00\",\"dateModified\":\"2024-03-05T10:15:35+00:00\",\"mainEntityOfPage\":{\"@id\":\"https:\\\/\\\/www.info.valladolid.es\\\/blog\\\/dia-internacional-de-la-mujer\\\/\"},\"wordCount\":731,\"commentCount\":3,\"image\":{\"@id\":\"https:\\\/\\\/www.info.valladolid.es\\\/blog\\\/dia-internacional-de-la-mujer\\\/#primaryimage\"},\"thumbnailUrl\":\"https:\\\/\\\/www.info.valladolid.es\\\/blog\\\/wp-content\\\/uploads\\\/2024\\\/02\\\/cuadro-maria-de-molina.jpg\",\"keywords\":[\"mujeres ilustres de Valladolid\"],\"articleSection\":[\"Personajes e historia\"],\"inLanguage\":\"es\",\"potentialAction\":[{\"@type\":\"CommentAction\",\"name\":\"Comment\",\"target\":[\"https:\\\/\\\/www.info.valladolid.es\\\/blog\\\/dia-internacional-de-la-mujer\\\/#respond\"]}]},{\"@type\":\"WebPage\",\"@id\":\"https:\\\/\\\/www.info.valladolid.es\\\/blog\\\/dia-internacional-de-la-mujer\\\/\",\"url\":\"https:\\\/\\\/www.info.valladolid.es\\\/blog\\\/dia-internacional-de-la-mujer\\\/\",\"name\":\"D\u00eda Internacional de la Mujer: conoce a nueve ilustres vallisoletanas -\",\"isPartOf\":{\"@id\":\"https:\\\/\\\/www.info.valladolid.es\\\/blog\\\/#website\"},\"primaryImageOfPage\":{\"@id\":\"https:\\\/\\\/www.info.valladolid.es\\\/blog\\\/dia-internacional-de-la-mujer\\\/#primaryimage\"},\"image\":{\"@id\":\"https:\\\/\\\/www.info.valladolid.es\\\/blog\\\/dia-internacional-de-la-mujer\\\/#primaryimage\"},\"thumbnailUrl\":\"https:\\\/\\\/www.info.valladolid.es\\\/blog\\\/wp-content\\\/uploads\\\/2024\\\/02\\\/cuadro-maria-de-molina.jpg\",\"datePublished\":\"2021-03-02T10:20:57+00:00\",\"dateModified\":\"2024-03-05T10:15:35+00:00\",\"author\":{\"@id\":\"https:\\\/\\\/www.info.valladolid.es\\\/blog\\\/#\\\/schema\\\/person\\\/845cac97e6156a5a9c5abd68b7b9a5d5\"},\"description\":\"Por el D\u00eda Internacional de la Mujer recuperamos seis biograf\u00edas de mujeres vallisoletanas que destacaron en su \u00e9poca: reinas, escritoras...\u00a1o esp\u00edas!\",\"breadcrumb\":{\"@id\":\"https:\\\/\\\/www.info.valladolid.es\\\/blog\\\/dia-internacional-de-la-mujer\\\/#breadcrumb\"},\"inLanguage\":\"es\",\"potentialAction\":[{\"@type\":\"ReadAction\",\"target\":[\"https:\\\/\\\/www.info.valladolid.es\\\/blog\\\/dia-internacional-de-la-mujer\\\/\"]}]},{\"@type\":\"ImageObject\",\"inLanguage\":\"es\",\"@id\":\"https:\\\/\\\/www.info.valladolid.es\\\/blog\\\/dia-internacional-de-la-mujer\\\/#primaryimage\",\"url\":\"https:\\\/\\\/www.info.valladolid.es\\\/blog\\\/wp-content\\\/uploads\\\/2024\\\/02\\\/cuadro-maria-de-molina.jpg\",\"contentUrl\":\"https:\\\/\\\/www.info.valladolid.es\\\/blog\\\/wp-content\\\/uploads\\\/2024\\\/02\\\/cuadro-maria-de-molina.jpg\",\"width\":898,\"height\":616},{\"@type\":\"BreadcrumbList\",\"@id\":\"https:\\\/\\\/www.info.valladolid.es\\\/blog\\\/dia-internacional-de-la-mujer\\\/#breadcrumb\",\"itemListElement\":[{\"@type\":\"ListItem\",\"position\":1,\"name\":\"Home\",\"item\":\"https:\\\/\\\/www.info.valladolid.es\\\/blog\\\/\"},{\"@type\":\"ListItem\",\"position\":2,\"name\":\"D\u00eda Internacional de la Mujer: conoce a nueve ilustres vallisoletanas\"}]},{\"@type\":\"WebSite\",\"@id\":\"https:\\\/\\\/www.info.valladolid.es\\\/blog\\\/#website\",\"url\":\"https:\\\/\\\/www.info.valladolid.es\\\/blog\\\/\",\"name\":\"Blog Cultura y Turismo\",\"description\":\"\",\"potentialAction\":[{\"@type\":\"SearchAction\",\"target\":{\"@type\":\"EntryPoint\",\"urlTemplate\":\"https:\\\/\\\/www.info.valladolid.es\\\/blog\\\/?s={search_term_string}\"},\"query-input\":{\"@type\":\"PropertyValueSpecification\",\"valueRequired\":true,\"valueName\":\"search_term_string\"}}],\"inLanguage\":\"es\"},{\"@type\":\"Person\",\"@id\":\"https:\\\/\\\/www.info.valladolid.es\\\/blog\\\/#\\\/schema\\\/person\\\/845cac97e6156a5a9c5abd68b7b9a5d5\",\"name\":\"administrador\",\"image\":{\"@type\":\"ImageObject\",\"inLanguage\":\"es\",\"@id\":\"https:\\\/\\\/secure.gravatar.com\\\/avatar\\\/418161d2f95196597e2d305bd301c850afab7f4b284a344fb2d759f048b71c61?s=96&d=mm&r=g\",\"url\":\"https:\\\/\\\/secure.gravatar.com\\\/avatar\\\/418161d2f95196597e2d305bd301c850afab7f4b284a344fb2d759f048b71c61?s=96&d=mm&r=g\",\"contentUrl\":\"https:\\\/\\\/secure.gravatar.com\\\/avatar\\\/418161d2f95196597e2d305bd301c850afab7f4b284a344fb2d759f048b71c61?s=96&d=mm&r=g\",\"caption\":\"administrador\"},\"url\":\"https:\\\/\\\/www.info.valladolid.es\\\/blog\\\/author\\\/administrador\\\/\"}]}<\/script>\n<!-- \/ Yoast SEO plugin. -->","yoast_head_json":{"title":"D\u00eda Internacional de la Mujer: conoce a nueve ilustres vallisoletanas -","description":"Por el D\u00eda Internacional de la Mujer recuperamos seis biograf\u00edas de mujeres vallisoletanas que destacaron en su \u00e9poca: reinas, escritoras...\u00a1o esp\u00edas!","robots":{"index":"index","follow":"follow","max-snippet":"max-snippet:-1","max-image-preview":"max-image-preview:large","max-video-preview":"max-video-preview:-1"},"canonical":"https:\/\/www.info.valladolid.es\/blog\/dia-internacional-de-la-mujer\/","og_locale":"es_ES","og_type":"article","og_title":"D\u00eda Internacional de la Mujer: conoce a nueve ilustres vallisoletanas -","og_description":"Por el D\u00eda Internacional de la Mujer recuperamos seis biograf\u00edas de mujeres vallisoletanas que destacaron en su \u00e9poca: reinas, escritoras...\u00a1o esp\u00edas!","og_url":"https:\/\/www.info.valladolid.es\/blog\/dia-internacional-de-la-mujer\/","og_site_name":"Blog Cultura y Turismo","article_published_time":"2021-03-02T10:20:57+00:00","article_modified_time":"2024-03-05T10:15:35+00:00","og_image":[{"width":898,"height":616,"url":"https:\/\/www.info.valladolid.es\/blog\/wp-content\/uploads\/2024\/02\/cuadro-maria-de-molina.jpg","type":"image\/jpeg"}],"author":"administrador","twitter_card":"summary_large_image","twitter_misc":{"Escrito por":"administrador","Tiempo de lectura":"4 minutos"},"schema":{"@context":"https:\/\/schema.org","@graph":[{"@type":"Article","@id":"https:\/\/www.info.valladolid.es\/blog\/dia-internacional-de-la-mujer\/#article","isPartOf":{"@id":"https:\/\/www.info.valladolid.es\/blog\/dia-internacional-de-la-mujer\/"},"author":{"name":"administrador","@id":"https:\/\/www.info.valladolid.es\/blog\/#\/schema\/person\/845cac97e6156a5a9c5abd68b7b9a5d5"},"headline":"D\u00eda Internacional de la Mujer: conoce a nueve ilustres vallisoletanas","datePublished":"2021-03-02T10:20:57+00:00","dateModified":"2024-03-05T10:15:35+00:00","mainEntityOfPage":{"@id":"https:\/\/www.info.valladolid.es\/blog\/dia-internacional-de-la-mujer\/"},"wordCount":731,"commentCount":3,"image":{"@id":"https:\/\/www.info.valladolid.es\/blog\/dia-internacional-de-la-mujer\/#primaryimage"},"thumbnailUrl":"https:\/\/www.info.valladolid.es\/blog\/wp-content\/uploads\/2024\/02\/cuadro-maria-de-molina.jpg","keywords":["mujeres ilustres de Valladolid"],"articleSection":["Personajes e historia"],"inLanguage":"es","potentialAction":[{"@type":"CommentAction","name":"Comment","target":["https:\/\/www.info.valladolid.es\/blog\/dia-internacional-de-la-mujer\/#respond"]}]},{"@type":"WebPage","@id":"https:\/\/www.info.valladolid.es\/blog\/dia-internacional-de-la-mujer\/","url":"https:\/\/www.info.valladolid.es\/blog\/dia-internacional-de-la-mujer\/","name":"D\u00eda Internacional de la Mujer: conoce a nueve ilustres vallisoletanas -","isPartOf":{"@id":"https:\/\/www.info.valladolid.es\/blog\/#website"},"primaryImageOfPage":{"@id":"https:\/\/www.info.valladolid.es\/blog\/dia-internacional-de-la-mujer\/#primaryimage"},"image":{"@id":"https:\/\/www.info.valladolid.es\/blog\/dia-internacional-de-la-mujer\/#primaryimage"},"thumbnailUrl":"https:\/\/www.info.valladolid.es\/blog\/wp-content\/uploads\/2024\/02\/cuadro-maria-de-molina.jpg","datePublished":"2021-03-02T10:20:57+00:00","dateModified":"2024-03-05T10:15:35+00:00","author":{"@id":"https:\/\/www.info.valladolid.es\/blog\/#\/schema\/person\/845cac97e6156a5a9c5abd68b7b9a5d5"},"description":"Por el D\u00eda Internacional de la Mujer recuperamos seis biograf\u00edas de mujeres vallisoletanas que destacaron en su \u00e9poca: reinas, escritoras...\u00a1o esp\u00edas!","breadcrumb":{"@id":"https:\/\/www.info.valladolid.es\/blog\/dia-internacional-de-la-mujer\/#breadcrumb"},"inLanguage":"es","potentialAction":[{"@type":"ReadAction","target":["https:\/\/www.info.valladolid.es\/blog\/dia-internacional-de-la-mujer\/"]}]},{"@type":"ImageObject","inLanguage":"es","@id":"https:\/\/www.info.valladolid.es\/blog\/dia-internacional-de-la-mujer\/#primaryimage","url":"https:\/\/www.info.valladolid.es\/blog\/wp-content\/uploads\/2024\/02\/cuadro-maria-de-molina.jpg","contentUrl":"https:\/\/www.info.valladolid.es\/blog\/wp-content\/uploads\/2024\/02\/cuadro-maria-de-molina.jpg","width":898,"height":616},{"@type":"BreadcrumbList","@id":"https:\/\/www.info.valladolid.es\/blog\/dia-internacional-de-la-mujer\/#breadcrumb","itemListElement":[{"@type":"ListItem","position":1,"name":"Home","item":"https:\/\/www.info.valladolid.es\/blog\/"},{"@type":"ListItem","position":2,"name":"D\u00eda Internacional de la Mujer: conoce a nueve ilustres vallisoletanas"}]},{"@type":"WebSite","@id":"https:\/\/www.info.valladolid.es\/blog\/#website","url":"https:\/\/www.info.valladolid.es\/blog\/","name":"Blog Cultura y Turismo","description":"","potentialAction":[{"@type":"SearchAction","target":{"@type":"EntryPoint","urlTemplate":"https:\/\/www.info.valladolid.es\/blog\/?s={search_term_string}"},"query-input":{"@type":"PropertyValueSpecification","valueRequired":true,"valueName":"search_term_string"}}],"inLanguage":"es"},{"@type":"Person","@id":"https:\/\/www.info.valladolid.es\/blog\/#\/schema\/person\/845cac97e6156a5a9c5abd68b7b9a5d5","name":"administrador","image":{"@type":"ImageObject","inLanguage":"es","@id":"https:\/\/secure.gravatar.com\/avatar\/418161d2f95196597e2d305bd301c850afab7f4b284a344fb2d759f048b71c61?s=96&d=mm&r=g","url":"https:\/\/secure.gravatar.com\/avatar\/418161d2f95196597e2d305bd301c850afab7f4b284a344fb2d759f048b71c61?s=96&d=mm&r=g","contentUrl":"https:\/\/secure.gravatar.com\/avatar\/418161d2f95196597e2d305bd301c850afab7f4b284a344fb2d759f048b71c61?s=96&d=mm&r=g","caption":"administrador"},"url":"https:\/\/www.info.valladolid.es\/blog\/author\/administrador\/"}]}},"_links":{"self":[{"href":"https:\/\/www.info.valladolid.es\/blog\/wp-json\/wp\/v2\/posts\/7889","targetHints":{"allow":["GET"]}}],"collection":[{"href":"https:\/\/www.info.valladolid.es\/blog\/wp-json\/wp\/v2\/posts"}],"about":[{"href":"https:\/\/www.info.valladolid.es\/blog\/wp-json\/wp\/v2\/types\/post"}],"author":[{"embeddable":true,"href":"https:\/\/www.info.valladolid.es\/blog\/wp-json\/wp\/v2\/users\/1"}],"replies":[{"embeddable":true,"href":"https:\/\/www.info.valladolid.es\/blog\/wp-json\/wp\/v2\/comments?post=7889"}],"version-history":[{"count":15,"href":"https:\/\/www.info.valladolid.es\/blog\/wp-json\/wp\/v2\/posts\/7889\/revisions"}],"predecessor-version":[{"id":9962,"href":"https:\/\/www.info.valladolid.es\/blog\/wp-json\/wp\/v2\/posts\/7889\/revisions\/9962"}],"wp:featuredmedia":[{"embeddable":true,"href":"https:\/\/www.info.valladolid.es\/blog\/wp-json\/wp\/v2\/media\/9940"}],"wp:attachment":[{"href":"https:\/\/www.info.valladolid.es\/blog\/wp-json\/wp\/v2\/media?parent=7889"}],"wp:term":[{"taxonomy":"category","embeddable":true,"href":"https:\/\/www.info.valladolid.es\/blog\/wp-json\/wp\/v2\/categories?post=7889"},{"taxonomy":"post_tag","embeddable":true,"href":"https:\/\/www.info.valladolid.es\/blog\/wp-json\/wp\/v2\/tags?post=7889"}],"curies":[{"name":"wp","href":"https:\/\/api.w.org\/{rel}","templated":true}]}}