{"id":7652,"date":"2010-01-22T09:39:44","date_gmt":"2010-01-22T09:39:44","guid":{"rendered":"https:\/\/www.info.valladolid.es\/blog\/?p=7652"},"modified":"2021-02-12T11:59:36","modified_gmt":"2021-02-12T11:59:36","slug":"cuadrillas-siglo-xvi","status":"publish","type":"post","link":"https:\/\/www.info.valladolid.es\/blog\/cuadrillas-siglo-xvi\/","title":{"rendered":"\u00bfC\u00f3mo se organizaban los vallisoletanos en el siglo XVI?"},"content":{"rendered":"\n<h2 class=\"wp-block-heading\">El consultorio de \u00c1ngela Palafox<\/h2>\n\n\n\n<h2 class=\"wp-block-heading\">\u00bfC\u00f3mo se organizaban los vallisoletanos en el siglo XVI?<\/h2>\n\n\n\n<p>\u00c1ngela Palafox, vallisoletana del siglo XVI, joyera de Isabel la Cat\u00f3lica y esp\u00eda para el bando realista durante la Guerra de las Comunidades, responde nuestras dudas acerca de la vida en el Valladolid de su \u00e9poca.<\/p>\n\n\n\n<p><strong>Daniel pregunta<\/strong>: <em>Tengo una curiosidad, \u00bfsupongo que en el siglo XVI, las \u201casociaciones  de vecinos\u201d ni en sue\u00f1os, no?<\/em><\/p>\n\n\n\n<hr class=\"wp-block-separator\"\/>\n\n\n\n<div align=\"center\"><figure><iframe loading=\"lazy\" src=\"https:\/\/www.facebook.com\/plugins\/video.php?height=316&amp;href=https%3A%2F%2Fwww.facebook.com%2FculturayturismoVLL%2Fvideos%2F1081454872283436%2F&amp;show_text=false&amp;width=560\" width=\"560\" height=\"316\" allowfullscreen=\"true\"><\/iframe><\/figure><\/div>\n\n\n\n<hr class=\"wp-block-separator\"\/>\n\n\n\n<p><strong>\u00c1ngela Palafox responde&#8230;<\/strong><\/p>\n\n\n\n<p>Pues aunque no lo crea, mi querido amigo, en la villa comunera, a comienzos  del siglo XVI, los vecinos s\u00ed se asociaban y lo hac\u00edan en las llamadas  \u201ccuadrillas\u201d. En Valladolid hab\u00eda 13 cuadrillas y si por algo lucharon los  comuneros fue por que estas cuadrillas fuesen escuchadas y tenidas en cuenta  en el Regimiento. A la cabeza de cada cuadrilla estaban los llamados  \u201cprocuradores\u201d, que serv\u00edan como interlocutores con el resto de cuadrillas y con  las principales instituciones de la localidad. <\/p>\n\n\n\n<p>Despu\u00e9s de mucho \u201creivindicar\u201d, en   1517, las cuadrillas conquistaron el derecho a tener dos representantes  (\u201cprocuradores mayores\u201d) en el propio Regimiento, aunque sin voz ni voto.<\/p>\n\n\n\n<p>Afortunadamente, veo que las cosas han evolucionado mucho y que en el Valladolid del siglo XXI, los vecinos que lo desean pueden agruparse en las llamadas \u201casociaciones de vecinos\u201d, a cuyo frente hay siempre una junta directiva, que es en quien recae la responsabilidad de gestionar la asociaci\u00f3n y sus recursos, con el objetivo de conseguir sus objetivos. Y he sabido tambi\u00e9n que el Ayuntamiento apoya econ\u00f3micamente a estas asociaciones vecinales y oye sus opiniones y reivindicaciones, a trav\u00e9s de las dos federaciones de asociaciones de vecinos que existen: \u201cConde Ans\u00farez\u201d y \u201cAntonio Machado\u201d.<\/p>\n\n\n\n<p>\u00a1As\u00ed cualquiera! Espero haber mitigado su curiosidad, caballero.<\/p>\n\n\n\n<p><strong>Las cuadrillas de Valladolid en el siglo XVI<\/strong><\/p>\n\n\n\n<p>En el siglo XVI, las cuadrillas de vecinos organizaban la participaci\u00f3n ciudadana en la vida pol\u00edtica y social. Los miembros de la cuadrilla eleg\u00edan un representante, encargado de la organizaci\u00f3n con el resto de cuadrillas, y, m\u00e1s importante, con derecho a acudir a las reuniones y ser o\u00eddos por el regimiento (el \u00f3rgano de gobierno de la \u00e9poca). <\/p>\n\n\n\n<p>Dicho esto, podemos asegurar que el papel de las cuadrillas fue de vital importancia para el posterior desarrollo de la participaci\u00f3n ciudadana en la vida pol\u00edtica. Eso s\u00ed, con importantes limitaciones respecto a lo que hoy conocemos como tal. Por ejemplo, los representantes de las cuadrillas solo ten\u00edan derecho a ser o\u00eddos por el regimiento, pero no ten\u00edan ni voz ni voto. Adem\u00e1s, estaban formadas \u00fanicamente por hombres&#8230;\u00a1estamos hablando del siglo XVI!<\/p>\n\n\n\n<p>Para comprender la magnitud de las cuadrillas en el d\u00eda a d\u00eda del Valladolid del siglo XVI,  se\u00f1alamos algunas de sus funciones: velar por la seguridad dentro de la villa, ejercer de unidad tributaria o encargarse de la reconstrucci\u00f3n de las murallas. <\/p>\n\n\n\n<p><strong>\u00bfCu\u00e1l es el origen de las cuadrillas?<\/strong><\/p>\n\n\n\n<p>Las cuadrillas surgieron en el siglo XV, bajo el reinado de Enrique IV, como agrupaciones ciudadanas al servicio del &#8216;com\u00fan&#8217; (podr\u00edamos decir &#8216;de la comunidad&#8217;) siempre dentro de la propia villa. <\/p>\n\n\n\n<p>Estas primeras cuadrillas vallisoletanas recibieron &#8216;poderes&#8217; de Enrique IV para actuar como una especie de polic\u00eda municipal. Persegu\u00edan a ladrones del vulgo y malhechores del tres al cuarto, pero tambi\u00e9n a los Grandes sublevados contra el rey. <\/p>\n\n\n\n<p>Seg\u00fan creci\u00f3 la villa y la vida urbana se hizo m\u00e1s compleja, evolucionaron las cuadrillas y su poder, como ya hemos se\u00f1alado; lo que les llev\u00f3 a tener, en 1520-21, un papel esencial en la Guerra de las Comunidades.<\/p>\n\n\n\n<div class=\"wp-block-button\"><a class=\"wp-block-button__link has-background has-vivid-red-background-color\" href=\"https:\/\/www.info.valladolid.es\/blog\/el-consultorio-de-angela-palafox\/\">Vuelve al consultorio de \u00c1ngela Palafox<\/a><\/div>\n\n\n\n<p><\/p>\n\n\n\n<p><\/p>\n","protected":false},"excerpt":{"rendered":"<p>El consultorio de \u00c1ngela Palafox \u00bfC\u00f3mo se organizaban los vallisoletanos en el siglo XVI? \u00c1ngela Palafox, vallisoletana del siglo XVI, joyera de Isabel la Cat\u00f3lica y esp\u00eda para el bando realista durante la Guerra de las Comunidades, responde nuestras dudas acerca de la vida en el Valladolid de su \u00e9poca. Daniel pregunta: Tengo una curiosidad, \u00bfsupongo que en el siglo XVI, las \u201casociaciones de vecinos\u201d ni en sue\u00f1os, no? \u00c1ngela Palafox responde&#8230; Pues aunque no lo crea, mi querido amigo, en la villa comunera, a comienzos del siglo XVI, los vecinos s\u00ed se asociaban y lo hac\u00edan en las llamadas \u201ccuadrillas\u201d. En Valladolid hab\u00eda 13 cuadrillas y si por algo lucharon los comuneros fue por que estas cuadrillas fuesen escuchadas y tenidas en cuenta en el Regimiento. A la cabeza de cada cuadrilla estaban los llamados \u201cprocuradores\u201d, que serv\u00edan como interlocutores con el resto de cuadrillas y con las principales instituciones de la localidad. Despu\u00e9s de mucho \u201creivindicar\u201d, en 1517, las cuadrillas conquistaron el derecho a tener dos representantes (\u201cprocuradores mayores\u201d) en el propio Regimiento, aunque sin voz ni voto. Afortunadamente, veo que las cosas han evolucionado mucho y que en el Valladolid del siglo XXI, los vecinos que lo [&hellip;]<\/p>\n","protected":false},"author":1,"featured_media":7649,"comment_status":"open","ping_status":"open","sticky":false,"template":"","format":"standard","meta":{"footnotes":""},"categories":[7],"tags":[],"class_list":["post-7652","post","type-post","status-publish","format-standard","has-post-thumbnail","hentry","category-personajes_e_historia"],"yoast_head":"<!-- This site is optimized with the Yoast SEO plugin v27.5 - https:\/\/yoast.com\/product\/yoast-seo-wordpress\/ -->\n<title>\u00bfC\u00f3mo se organizaban los vallisoletanos en el siglo XVI? - Blog Cultura y Turismo<\/title>\n<meta name=\"robots\" content=\"index, follow, max-snippet:-1, max-image-preview:large, max-video-preview:-1\" \/>\n<link rel=\"canonical\" href=\"https:\/\/www.info.valladolid.es\/blog\/cuadrillas-siglo-xvi\/\" \/>\n<meta property=\"og:locale\" content=\"es_ES\" \/>\n<meta property=\"og:type\" content=\"article\" \/>\n<meta property=\"og:title\" content=\"\u00bfC\u00f3mo se organizaban los vallisoletanos en el siglo XVI? - Blog Cultura y Turismo\" \/>\n<meta property=\"og:description\" content=\"El consultorio de \u00c1ngela Palafox \u00bfC\u00f3mo se organizaban los vallisoletanos en el siglo XVI? \u00c1ngela Palafox, vallisoletana del siglo XVI, joyera de Isabel la Cat\u00f3lica y esp\u00eda para el bando realista durante la Guerra de las Comunidades, responde nuestras dudas acerca de la vida en el Valladolid de su \u00e9poca. Daniel pregunta: Tengo una curiosidad, \u00bfsupongo que en el siglo XVI, las \u201casociaciones de vecinos\u201d ni en sue\u00f1os, no? \u00c1ngela Palafox responde&#8230; Pues aunque no lo crea, mi querido amigo, en la villa comunera, a comienzos del siglo XVI, los vecinos s\u00ed se asociaban y lo hac\u00edan en las llamadas \u201ccuadrillas\u201d. En Valladolid hab\u00eda 13 cuadrillas y si por algo lucharon los comuneros fue por que estas cuadrillas fuesen escuchadas y tenidas en cuenta en el Regimiento. A la cabeza de cada cuadrilla estaban los llamados \u201cprocuradores\u201d, que serv\u00edan como interlocutores con el resto de cuadrillas y con las principales instituciones de la localidad. Despu\u00e9s de mucho \u201creivindicar\u201d, en 1517, las cuadrillas conquistaron el derecho a tener dos representantes (\u201cprocuradores mayores\u201d) en el propio Regimiento, aunque sin voz ni voto. Afortunadamente, veo que las cosas han evolucionado mucho y que en el Valladolid del siglo XXI, los vecinos que lo [&hellip;]\" \/>\n<meta property=\"og:url\" content=\"https:\/\/www.info.valladolid.es\/blog\/cuadrillas-siglo-xvi\/\" \/>\n<meta property=\"og:site_name\" content=\"Blog Cultura y Turismo\" \/>\n<meta property=\"article:published_time\" content=\"2010-01-22T09:39:44+00:00\" \/>\n<meta property=\"article:modified_time\" content=\"2021-02-12T11:59:36+00:00\" \/>\n<meta property=\"og:image\" content=\"https:\/\/www.info.valladolid.es\/blog\/wp-content\/uploads\/2021\/01\/WhatsApp-Image-2021-01-21-at-11.19.36.jpeg\" \/>\n\t<meta property=\"og:image:width\" content=\"2048\" \/>\n\t<meta property=\"og:image:height\" content=\"1536\" \/>\n\t<meta property=\"og:image:type\" content=\"image\/jpeg\" \/>\n<meta name=\"author\" content=\"administrador\" \/>\n<meta name=\"twitter:card\" content=\"summary_large_image\" \/>\n<meta name=\"twitter:label1\" content=\"Escrito por\" \/>\n\t<meta name=\"twitter:data1\" content=\"administrador\" \/>\n\t<meta name=\"twitter:label2\" content=\"Tiempo de lectura\" \/>\n\t<meta name=\"twitter:data2\" content=\"3 minutos\" \/>\n<script type=\"application\/ld+json\" class=\"yoast-schema-graph\">{\"@context\":\"https:\\\/\\\/schema.org\",\"@graph\":[{\"@type\":\"Article\",\"@id\":\"https:\\\/\\\/www.info.valladolid.es\\\/blog\\\/cuadrillas-siglo-xvi\\\/#article\",\"isPartOf\":{\"@id\":\"https:\\\/\\\/www.info.valladolid.es\\\/blog\\\/cuadrillas-siglo-xvi\\\/\"},\"author\":{\"name\":\"administrador\",\"@id\":\"https:\\\/\\\/www.info.valladolid.es\\\/blog\\\/#\\\/schema\\\/person\\\/845cac97e6156a5a9c5abd68b7b9a5d5\"},\"headline\":\"\u00bfC\u00f3mo se organizaban los vallisoletanos en el siglo XVI?\",\"datePublished\":\"2010-01-22T09:39:44+00:00\",\"dateModified\":\"2021-02-12T11:59:36+00:00\",\"mainEntityOfPage\":{\"@id\":\"https:\\\/\\\/www.info.valladolid.es\\\/blog\\\/cuadrillas-siglo-xvi\\\/\"},\"wordCount\":629,\"commentCount\":0,\"image\":{\"@id\":\"https:\\\/\\\/www.info.valladolid.es\\\/blog\\\/cuadrillas-siglo-xvi\\\/#primaryimage\"},\"thumbnailUrl\":\"https:\\\/\\\/www.info.valladolid.es\\\/blog\\\/wp-content\\\/uploads\\\/2021\\\/01\\\/WhatsApp-Image-2021-01-21-at-11.19.36.jpeg\",\"articleSection\":[\"Personajes e historia\"],\"inLanguage\":\"es\",\"potentialAction\":[{\"@type\":\"CommentAction\",\"name\":\"Comment\",\"target\":[\"https:\\\/\\\/www.info.valladolid.es\\\/blog\\\/cuadrillas-siglo-xvi\\\/#respond\"]}]},{\"@type\":\"WebPage\",\"@id\":\"https:\\\/\\\/www.info.valladolid.es\\\/blog\\\/cuadrillas-siglo-xvi\\\/\",\"url\":\"https:\\\/\\\/www.info.valladolid.es\\\/blog\\\/cuadrillas-siglo-xvi\\\/\",\"name\":\"\u00bfC\u00f3mo se organizaban los vallisoletanos en el siglo XVI? - Blog Cultura y Turismo\",\"isPartOf\":{\"@id\":\"https:\\\/\\\/www.info.valladolid.es\\\/blog\\\/#website\"},\"primaryImageOfPage\":{\"@id\":\"https:\\\/\\\/www.info.valladolid.es\\\/blog\\\/cuadrillas-siglo-xvi\\\/#primaryimage\"},\"image\":{\"@id\":\"https:\\\/\\\/www.info.valladolid.es\\\/blog\\\/cuadrillas-siglo-xvi\\\/#primaryimage\"},\"thumbnailUrl\":\"https:\\\/\\\/www.info.valladolid.es\\\/blog\\\/wp-content\\\/uploads\\\/2021\\\/01\\\/WhatsApp-Image-2021-01-21-at-11.19.36.jpeg\",\"datePublished\":\"2010-01-22T09:39:44+00:00\",\"dateModified\":\"2021-02-12T11:59:36+00:00\",\"author\":{\"@id\":\"https:\\\/\\\/www.info.valladolid.es\\\/blog\\\/#\\\/schema\\\/person\\\/845cac97e6156a5a9c5abd68b7b9a5d5\"},\"breadcrumb\":{\"@id\":\"https:\\\/\\\/www.info.valladolid.es\\\/blog\\\/cuadrillas-siglo-xvi\\\/#breadcrumb\"},\"inLanguage\":\"es\",\"potentialAction\":[{\"@type\":\"ReadAction\",\"target\":[\"https:\\\/\\\/www.info.valladolid.es\\\/blog\\\/cuadrillas-siglo-xvi\\\/\"]}]},{\"@type\":\"ImageObject\",\"inLanguage\":\"es\",\"@id\":\"https:\\\/\\\/www.info.valladolid.es\\\/blog\\\/cuadrillas-siglo-xvi\\\/#primaryimage\",\"url\":\"https:\\\/\\\/www.info.valladolid.es\\\/blog\\\/wp-content\\\/uploads\\\/2021\\\/01\\\/WhatsApp-Image-2021-01-21-at-11.19.36.jpeg\",\"contentUrl\":\"https:\\\/\\\/www.info.valladolid.es\\\/blog\\\/wp-content\\\/uploads\\\/2021\\\/01\\\/WhatsApp-Image-2021-01-21-at-11.19.36.jpeg\",\"width\":2048,\"height\":1536},{\"@type\":\"BreadcrumbList\",\"@id\":\"https:\\\/\\\/www.info.valladolid.es\\\/blog\\\/cuadrillas-siglo-xvi\\\/#breadcrumb\",\"itemListElement\":[{\"@type\":\"ListItem\",\"position\":1,\"name\":\"Home\",\"item\":\"https:\\\/\\\/www.info.valladolid.es\\\/blog\\\/\"},{\"@type\":\"ListItem\",\"position\":2,\"name\":\"\u00bfC\u00f3mo se organizaban los vallisoletanos en el siglo XVI?\"}]},{\"@type\":\"WebSite\",\"@id\":\"https:\\\/\\\/www.info.valladolid.es\\\/blog\\\/#website\",\"url\":\"https:\\\/\\\/www.info.valladolid.es\\\/blog\\\/\",\"name\":\"Blog Cultura y Turismo\",\"description\":\"\",\"potentialAction\":[{\"@type\":\"SearchAction\",\"target\":{\"@type\":\"EntryPoint\",\"urlTemplate\":\"https:\\\/\\\/www.info.valladolid.es\\\/blog\\\/?s={search_term_string}\"},\"query-input\":{\"@type\":\"PropertyValueSpecification\",\"valueRequired\":true,\"valueName\":\"search_term_string\"}}],\"inLanguage\":\"es\"},{\"@type\":\"Person\",\"@id\":\"https:\\\/\\\/www.info.valladolid.es\\\/blog\\\/#\\\/schema\\\/person\\\/845cac97e6156a5a9c5abd68b7b9a5d5\",\"name\":\"administrador\",\"image\":{\"@type\":\"ImageObject\",\"inLanguage\":\"es\",\"@id\":\"https:\\\/\\\/secure.gravatar.com\\\/avatar\\\/418161d2f95196597e2d305bd301c850afab7f4b284a344fb2d759f048b71c61?s=96&d=mm&r=g\",\"url\":\"https:\\\/\\\/secure.gravatar.com\\\/avatar\\\/418161d2f95196597e2d305bd301c850afab7f4b284a344fb2d759f048b71c61?s=96&d=mm&r=g\",\"contentUrl\":\"https:\\\/\\\/secure.gravatar.com\\\/avatar\\\/418161d2f95196597e2d305bd301c850afab7f4b284a344fb2d759f048b71c61?s=96&d=mm&r=g\",\"caption\":\"administrador\"},\"url\":\"https:\\\/\\\/www.info.valladolid.es\\\/blog\\\/author\\\/administrador\\\/\"}]}<\/script>\n<!-- \/ Yoast SEO plugin. -->","yoast_head_json":{"title":"\u00bfC\u00f3mo se organizaban los vallisoletanos en el siglo XVI? - Blog Cultura y Turismo","robots":{"index":"index","follow":"follow","max-snippet":"max-snippet:-1","max-image-preview":"max-image-preview:large","max-video-preview":"max-video-preview:-1"},"canonical":"https:\/\/www.info.valladolid.es\/blog\/cuadrillas-siglo-xvi\/","og_locale":"es_ES","og_type":"article","og_title":"\u00bfC\u00f3mo se organizaban los vallisoletanos en el siglo XVI? - Blog Cultura y Turismo","og_description":"El consultorio de \u00c1ngela Palafox \u00bfC\u00f3mo se organizaban los vallisoletanos en el siglo XVI? \u00c1ngela Palafox, vallisoletana del siglo XVI, joyera de Isabel la Cat\u00f3lica y esp\u00eda para el bando realista durante la Guerra de las Comunidades, responde nuestras dudas acerca de la vida en el Valladolid de su \u00e9poca. Daniel pregunta: Tengo una curiosidad, \u00bfsupongo que en el siglo XVI, las \u201casociaciones de vecinos\u201d ni en sue\u00f1os, no? \u00c1ngela Palafox responde&#8230; Pues aunque no lo crea, mi querido amigo, en la villa comunera, a comienzos del siglo XVI, los vecinos s\u00ed se asociaban y lo hac\u00edan en las llamadas \u201ccuadrillas\u201d. En Valladolid hab\u00eda 13 cuadrillas y si por algo lucharon los comuneros fue por que estas cuadrillas fuesen escuchadas y tenidas en cuenta en el Regimiento. A la cabeza de cada cuadrilla estaban los llamados \u201cprocuradores\u201d, que serv\u00edan como interlocutores con el resto de cuadrillas y con las principales instituciones de la localidad. Despu\u00e9s de mucho \u201creivindicar\u201d, en 1517, las cuadrillas conquistaron el derecho a tener dos representantes (\u201cprocuradores mayores\u201d) en el propio Regimiento, aunque sin voz ni voto. Afortunadamente, veo que las cosas han evolucionado mucho y que en el Valladolid del siglo XXI, los vecinos que lo [&hellip;]","og_url":"https:\/\/www.info.valladolid.es\/blog\/cuadrillas-siglo-xvi\/","og_site_name":"Blog Cultura y Turismo","article_published_time":"2010-01-22T09:39:44+00:00","article_modified_time":"2021-02-12T11:59:36+00:00","og_image":[{"width":2048,"height":1536,"url":"https:\/\/www.info.valladolid.es\/blog\/wp-content\/uploads\/2021\/01\/WhatsApp-Image-2021-01-21-at-11.19.36.jpeg","type":"image\/jpeg"}],"author":"administrador","twitter_card":"summary_large_image","twitter_misc":{"Escrito por":"administrador","Tiempo de lectura":"3 minutos"},"schema":{"@context":"https:\/\/schema.org","@graph":[{"@type":"Article","@id":"https:\/\/www.info.valladolid.es\/blog\/cuadrillas-siglo-xvi\/#article","isPartOf":{"@id":"https:\/\/www.info.valladolid.es\/blog\/cuadrillas-siglo-xvi\/"},"author":{"name":"administrador","@id":"https:\/\/www.info.valladolid.es\/blog\/#\/schema\/person\/845cac97e6156a5a9c5abd68b7b9a5d5"},"headline":"\u00bfC\u00f3mo se organizaban los vallisoletanos en el siglo XVI?","datePublished":"2010-01-22T09:39:44+00:00","dateModified":"2021-02-12T11:59:36+00:00","mainEntityOfPage":{"@id":"https:\/\/www.info.valladolid.es\/blog\/cuadrillas-siglo-xvi\/"},"wordCount":629,"commentCount":0,"image":{"@id":"https:\/\/www.info.valladolid.es\/blog\/cuadrillas-siglo-xvi\/#primaryimage"},"thumbnailUrl":"https:\/\/www.info.valladolid.es\/blog\/wp-content\/uploads\/2021\/01\/WhatsApp-Image-2021-01-21-at-11.19.36.jpeg","articleSection":["Personajes e historia"],"inLanguage":"es","potentialAction":[{"@type":"CommentAction","name":"Comment","target":["https:\/\/www.info.valladolid.es\/blog\/cuadrillas-siglo-xvi\/#respond"]}]},{"@type":"WebPage","@id":"https:\/\/www.info.valladolid.es\/blog\/cuadrillas-siglo-xvi\/","url":"https:\/\/www.info.valladolid.es\/blog\/cuadrillas-siglo-xvi\/","name":"\u00bfC\u00f3mo se organizaban los vallisoletanos en el siglo XVI? - Blog Cultura y Turismo","isPartOf":{"@id":"https:\/\/www.info.valladolid.es\/blog\/#website"},"primaryImageOfPage":{"@id":"https:\/\/www.info.valladolid.es\/blog\/cuadrillas-siglo-xvi\/#primaryimage"},"image":{"@id":"https:\/\/www.info.valladolid.es\/blog\/cuadrillas-siglo-xvi\/#primaryimage"},"thumbnailUrl":"https:\/\/www.info.valladolid.es\/blog\/wp-content\/uploads\/2021\/01\/WhatsApp-Image-2021-01-21-at-11.19.36.jpeg","datePublished":"2010-01-22T09:39:44+00:00","dateModified":"2021-02-12T11:59:36+00:00","author":{"@id":"https:\/\/www.info.valladolid.es\/blog\/#\/schema\/person\/845cac97e6156a5a9c5abd68b7b9a5d5"},"breadcrumb":{"@id":"https:\/\/www.info.valladolid.es\/blog\/cuadrillas-siglo-xvi\/#breadcrumb"},"inLanguage":"es","potentialAction":[{"@type":"ReadAction","target":["https:\/\/www.info.valladolid.es\/blog\/cuadrillas-siglo-xvi\/"]}]},{"@type":"ImageObject","inLanguage":"es","@id":"https:\/\/www.info.valladolid.es\/blog\/cuadrillas-siglo-xvi\/#primaryimage","url":"https:\/\/www.info.valladolid.es\/blog\/wp-content\/uploads\/2021\/01\/WhatsApp-Image-2021-01-21-at-11.19.36.jpeg","contentUrl":"https:\/\/www.info.valladolid.es\/blog\/wp-content\/uploads\/2021\/01\/WhatsApp-Image-2021-01-21-at-11.19.36.jpeg","width":2048,"height":1536},{"@type":"BreadcrumbList","@id":"https:\/\/www.info.valladolid.es\/blog\/cuadrillas-siglo-xvi\/#breadcrumb","itemListElement":[{"@type":"ListItem","position":1,"name":"Home","item":"https:\/\/www.info.valladolid.es\/blog\/"},{"@type":"ListItem","position":2,"name":"\u00bfC\u00f3mo se organizaban los vallisoletanos en el siglo XVI?"}]},{"@type":"WebSite","@id":"https:\/\/www.info.valladolid.es\/blog\/#website","url":"https:\/\/www.info.valladolid.es\/blog\/","name":"Blog Cultura y Turismo","description":"","potentialAction":[{"@type":"SearchAction","target":{"@type":"EntryPoint","urlTemplate":"https:\/\/www.info.valladolid.es\/blog\/?s={search_term_string}"},"query-input":{"@type":"PropertyValueSpecification","valueRequired":true,"valueName":"search_term_string"}}],"inLanguage":"es"},{"@type":"Person","@id":"https:\/\/www.info.valladolid.es\/blog\/#\/schema\/person\/845cac97e6156a5a9c5abd68b7b9a5d5","name":"administrador","image":{"@type":"ImageObject","inLanguage":"es","@id":"https:\/\/secure.gravatar.com\/avatar\/418161d2f95196597e2d305bd301c850afab7f4b284a344fb2d759f048b71c61?s=96&d=mm&r=g","url":"https:\/\/secure.gravatar.com\/avatar\/418161d2f95196597e2d305bd301c850afab7f4b284a344fb2d759f048b71c61?s=96&d=mm&r=g","contentUrl":"https:\/\/secure.gravatar.com\/avatar\/418161d2f95196597e2d305bd301c850afab7f4b284a344fb2d759f048b71c61?s=96&d=mm&r=g","caption":"administrador"},"url":"https:\/\/www.info.valladolid.es\/blog\/author\/administrador\/"}]}},"_links":{"self":[{"href":"https:\/\/www.info.valladolid.es\/blog\/wp-json\/wp\/v2\/posts\/7652","targetHints":{"allow":["GET"]}}],"collection":[{"href":"https:\/\/www.info.valladolid.es\/blog\/wp-json\/wp\/v2\/posts"}],"about":[{"href":"https:\/\/www.info.valladolid.es\/blog\/wp-json\/wp\/v2\/types\/post"}],"author":[{"embeddable":true,"href":"https:\/\/www.info.valladolid.es\/blog\/wp-json\/wp\/v2\/users\/1"}],"replies":[{"embeddable":true,"href":"https:\/\/www.info.valladolid.es\/blog\/wp-json\/wp\/v2\/comments?post=7652"}],"version-history":[{"count":16,"href":"https:\/\/www.info.valladolid.es\/blog\/wp-json\/wp\/v2\/posts\/7652\/revisions"}],"predecessor-version":[{"id":7817,"href":"https:\/\/www.info.valladolid.es\/blog\/wp-json\/wp\/v2\/posts\/7652\/revisions\/7817"}],"wp:featuredmedia":[{"embeddable":true,"href":"https:\/\/www.info.valladolid.es\/blog\/wp-json\/wp\/v2\/media\/7649"}],"wp:attachment":[{"href":"https:\/\/www.info.valladolid.es\/blog\/wp-json\/wp\/v2\/media?parent=7652"}],"wp:term":[{"taxonomy":"category","embeddable":true,"href":"https:\/\/www.info.valladolid.es\/blog\/wp-json\/wp\/v2\/categories?post=7652"},{"taxonomy":"post_tag","embeddable":true,"href":"https:\/\/www.info.valladolid.es\/blog\/wp-json\/wp\/v2\/tags?post=7652"}],"curies":[{"name":"wp","href":"https:\/\/api.w.org\/{rel}","templated":true}]}}