{"id":764,"date":"2015-12-03T07:49:46","date_gmt":"2015-12-03T07:49:46","guid":{"rendered":"http:\/\/www.info.valladolid.es\/blog\/?p=764"},"modified":"2019-02-13T13:21:46","modified_gmt":"2019-02-13T13:21:46","slug":"berenice-abbott-exposicion-valladolid","status":"publish","type":"post","link":"https:\/\/www.info.valladolid.es\/blog\/berenice-abbott-exposicion-valladolid\/","title":{"rendered":"Berenice Abbott, la nueva mirada de la fotograf\u00eda"},"content":{"rendered":"<p><em><img loading=\"lazy\" decoding=\"async\" class=\"alignleft wp-image-771 size-medium\" title=\"Berenice_Abbott_Valladolid\" src=\"http:\/\/www.info.valladolid.es\/blog\/wp-content\/uploads\/2015\/12\/DSC_0464-e1449128479250-300x229.jpg\" alt=\"Exposici\u00f3n de Berenice Abbott en Valladolid\" width=\"300\" height=\"229\" srcset=\"https:\/\/www.info.valladolid.es\/blog\/wp-content\/uploads\/2015\/12\/DSC_0464-e1449128479250-300x229.jpg 300w, https:\/\/www.info.valladolid.es\/blog\/wp-content\/uploads\/2015\/12\/DSC_0464-e1449128479250-1024x785.jpg 1024w\" sizes=\"auto, (max-width: 300px) 100vw, 300px\" \/>\u201cHacer el retrato de una ciudad es el trabajo de una vida y ninguna foto es suficiente, porque la ciudad est\u00e1 cambiando siempre\u201d<\/em>, sol\u00eda decir <strong>Berenice Abbott<\/strong>. Sin embargo, a ella una vida le dio de s\u00ed para retratar una urbe tan vers\u00e1til como Nueva York, para capturar la esencia del c\u00edrculo de pensadores m\u00e1s ilustre de su \u00e9poca y para exprimir la belleza est\u00e9tica de la fotograf\u00eda cient\u00edfica.<\/p>\n<p>En la historia Abbott est\u00e1n presentes los elementos que marcan&nbsp;la vida de tantos artistas: el origen humilde, la dedicaci\u00f3n vehemente, la penuria econ\u00f3mica, la injusta falta de reconocimiento en vida y la devoci\u00f3n de cr\u00edtica y p\u00fablico a modo de triunfo p\u00f3stumo.<\/p>\n<p>Si un solo rasgo tuviese que definir el estilo de su fotograf\u00eda, el <strong>documentalismo<\/strong> responder\u00eda mejor que ning\u00fan otro a tal cometido. Supo adaptar cada elemento al fin que la autora le conced\u00eda a la imagen como \u201cuno de los principales medios de interpretaci\u00f3n\u201d.<br \/>\nLa exposici\u00f3n de<strong> Berenice Abbott en Valladolid<\/strong> se aproxima a la figura de la artista a trav\u00e9s de sus tres facetas principales: su debut como retratista, su proyecto de mayor envergadura, referido a la ciudad de Nueva York, y su casi desconocida labor en el \u00e1mbito de la ciencia.<\/p>\n<p>&nbsp;<\/p>\n<div id=\"attachment_770\" style=\"width: 310px\" class=\"wp-caption alignleft\"><img loading=\"lazy\" decoding=\"async\" aria-describedby=\"caption-attachment-770\" class=\"size-medium wp-image-770\" src=\"http:\/\/www.info.valladolid.es\/blog\/wp-content\/uploads\/2015\/12\/DSC_0478-300x200.jpg\" alt=\"Cocteau en la cama con m\u00e1scara. Par\u00eds, 1927\" width=\"300\" height=\"200\" srcset=\"https:\/\/www.info.valladolid.es\/blog\/wp-content\/uploads\/2015\/12\/DSC_0478-300x200.jpg 300w, https:\/\/www.info.valladolid.es\/blog\/wp-content\/uploads\/2015\/12\/DSC_0478-1024x682.jpg 1024w\" sizes=\"auto, (max-width: 300px) 100vw, 300px\" \/><p id=\"caption-attachment-770\" class=\"wp-caption-text\">Cocteau en la cama con m\u00e1scara. Par\u00eds, 1927<\/p><\/div>\n<p><span style=\"text-decoration: underline;\"><strong>Retratos de ilustres<\/strong><\/span><\/p>\n<p>Nacida como Bernice en Ohio en 1898, y despu\u00e9s de formarse en la universidad de su estado natal, se traslada a Nueva York para completar sus estudios en escultura. En la ciudad a la que despu\u00e9s dedicar\u00eda una d\u00e9cada&nbsp;conoci\u00f3 a Man Ray, uno de los fundadores del dada\u00edsmo. Abbott se traslad\u00f3 a Par\u00eds como ayudante personal de Man Ray donde se rebautiz\u00f3<em>&nbsp;a la francesa<\/em> como <strong>Berenice<\/strong>.<\/p>\n<p>Pronto destacar\u00eda entre la di\u00e1spora de eruditos y creadores americanos afincados en la meca de la intelectualidad europea, llegando a realizar sus primeras exposiciones. El talento llam\u00f3 la atenci\u00f3n de su maestro, quien la percibi\u00f3 como un digno rival, pero tambi\u00e9n de la n\u00f3mina de modelos que aceptaron posar para ella: Cocteau, Joyce, Ernst, Guggenheim\u2026 una colecci\u00f3n digna de las mejores tertulias del Par\u00eds de entreguerras.<\/p>\n<p>Su regreso a Nueva York y el estallido de la Gran Depresi\u00f3n ponen en jaque su carrera como retratista. A su inter\u00e9s nato por documentar los cambios que hab\u00eda vivido la ciudad durante su idilio parisino se uni\u00f3 el menos agradable cierre de su estudio en plena crisis econ\u00f3mica. Aunque no abandona por completo esta faceta \u2013en la exposici\u00f3n de <strong>Valladolid<\/strong> pueden verse ejemplos de retratos tomados en d\u00e9cadas posteriores-, el a\u00f1o 1929 marcar\u00eda un punto de inflexi\u00f3n, un giro radical de profundizaci\u00f3n en el documentalismo.<\/p>\n<p>&nbsp;<\/p>\n<div id=\"attachment_774\" style=\"width: 233px\" class=\"wp-caption alignright\"><img loading=\"lazy\" decoding=\"async\" aria-describedby=\"caption-attachment-774\" class=\"size-medium wp-image-774\" src=\"http:\/\/www.info.valladolid.es\/blog\/wp-content\/uploads\/2015\/12\/ciudad_arabesque-223x300.png\" alt=\"Ciudad Arabesque. Nueva York, 1938.\" width=\"223\" height=\"300\"><p id=\"caption-attachment-774\" class=\"wp-caption-text\">Ciudad Arabesque. Nueva York, 1938.<\/p><\/div>\n<p><span style=\"text-decoration: underline;\"><strong>Nueva York, trabajo de una vida<\/strong><\/span><\/p>\n<p><strong>Changing New York<\/strong> es, sin duda, la serie m\u00e1s importante de Berenice. Si su estancia en Europa y la influencia de Eug\u00e8ne Atget y su serie sobre Par\u00eds sentaron las bases de su personal sello compositivo, su investigaci\u00f3n documental sobre la transformaci\u00f3n urban\u00edstica de Nueva York consolida el estilo que leg\u00f3 a la historia de la fotograf\u00eda, una <strong>mirada moderna<\/strong> y una compleja visi\u00f3n de <strong>la imagen como documento<\/strong>.<\/p>\n<p>Con Changing New York materializa sus postulados sobre la fotograf\u00eda, que parten de la necesidad de dejar <em>\u201cde imitar a otras artes\u201d<\/em> para<em> \u201cser ella misma\u201d<\/em>. De no cumplirse esta premisa, <em>\u201cnunca madurar\u00e1\u201d<\/em>, sentenci\u00f3 Abbott.<\/p>\n<p>Entre 1929 y 1939, con el apoyo econ\u00f3mico del gobierno desde 1935, plasma su fascinaci\u00f3n por los cambios f\u00edsicos que pod\u00edan palparse en la ciudad. Los edificios bajos del siglo XIX sucumb\u00edan ante nuevas construcciones de proporciones impensables hasta entonces. Son los a\u00f1os del Empire State, del Rockefeller Center. La m\u00e1quina de Abbott realiza una continua <strong>oda a la modernidad y a los rascacielos<\/strong>, a las estaciones de trenes, a las gasolineras. Yuxtapone luces y sombras, contrapicados y picados extremos, tratando con una visi\u00f3n conceptual <em>\u201clas calles, los paisajes, la tragedia, la comedia, la pobreza, la riqueza\u201d<\/em>. Una ferreter\u00eda pod\u00eda ser tan intensa como el edificio m\u00e1s tit\u00e1nico de la ciudad. Quer\u00eda documentarlo todo.<\/p>\n<p>&nbsp;<\/p>\n<div id=\"attachment_769\" style=\"width: 310px\" class=\"wp-caption alignleft\"><img loading=\"lazy\" decoding=\"async\" aria-describedby=\"caption-attachment-769\" class=\"wp-image-769 size-medium\" src=\"http:\/\/www.info.valladolid.es\/blog\/wp-content\/uploads\/2015\/12\/DSC_0473-300x200.jpg\" alt=\"Berenice_abbott_ciencia\" width=\"300\" height=\"200\"><p id=\"caption-attachment-769\" class=\"wp-caption-text\">Berenice_abbott_ciencia<\/p><\/div>\n<p><span style=\"text-decoration: underline;\"><strong>La ciencia como arte<\/strong><\/span><\/p>\n<p>Un legado tan ic\u00f3nico como Changing New York relega a un segundo plano su faceta menos conocida como maestra de la fotograf\u00eda de los fen\u00f3menos cient\u00edficos con pretensiones divulgativas. <em>\u00abVivimos en un mundo moldeado por la ciencia, pero nosotros, los profanos, no comprendemos o no apreciamos el conocimiento que controla hasta tal punto nuestra vida cotidiana\u00bb<\/em>, dej\u00f3 escrito.<\/p>\n<p>Si la pasada d\u00e9cada se interes\u00f3 por la modernidad arquitect\u00f3nica, hab\u00eda llega el momento de sentir fascinaci\u00f3n por la ciencia, por la carrera espacial entre Estados Unidos y la Uni\u00f3n Sovi\u00e9tica, por el lanzamiento del Sputnik, por los misterios de la luz que era materia de toda fotograf\u00eda.<\/p>\n<p>En esta \u00faltima etapa de su carrera se enfrenta al reto de plasmar, fiel a su ambici\u00f3n realista, fen\u00f3menos \u2018invisibles\u2019 como los campos magn\u00e9ticos, bellos como el paso de la luz a trav\u00e9s de un prisma o tan cotidianos como unas pompas de jab\u00f3n.<\/p>\n<p>Tres dos d\u00e9cadas dedicadas a la divulgaci\u00f3n cient\u00edfica, en 1958, el Instituto Tecnol\u00f3gico de Massachusetts le encarg\u00f3 documentar principios como el de la mec\u00e1nica, el electromagnetismo y las ondas, para lo que tuvo que desarrollar nuevos dispositivos que le permitieron, una vez m\u00e1s, romper con las tendencias establecidas. Sin perder un \u00e1pice de elegancia. Sin renunciar a la belleza est\u00e9tica, pero sin conceder tregua a la fotograf\u00eda en su idea de alejarla de otras artes.<\/p>\n<p><em>\u201cUna fotograf\u00eda no es una pintura, un poema, una sinfon\u00eda ni una danza. No es \u00fanicamente un cuadro bonito, ni el ejercicio de una contorsionista. La fotograf\u00eda es, o deber\u00eda ser, un documento significativo, una declaraci\u00f3n penetrante que se podr\u00eda describir con un simple t\u00e9rmino: selectividad\u201d<\/em>, dej\u00f3 escrito Berenice Abbott.<\/p>\n","protected":false},"excerpt":{"rendered":"<p>\u201cHacer el retrato de una ciudad es el trabajo de una vida y ninguna foto es suficiente, porque la ciudad est\u00e1 cambiando siempre\u201d, sol\u00eda decir Berenice Abbott. Sin embargo, a ella una vida le dio de s\u00ed para retratar una urbe tan vers\u00e1til como Nueva York, para capturar la esencia del c\u00edrculo de pensadores m\u00e1s ilustre de su \u00e9poca y para exprimir la belleza est\u00e9tica de la fotograf\u00eda cient\u00edfica. En la historia Abbott est\u00e1n presentes los elementos que marcan&nbsp;la vida de tantos artistas: el origen humilde, la dedicaci\u00f3n vehemente, la penuria econ\u00f3mica, la injusta falta de reconocimiento en vida y la devoci\u00f3n de cr\u00edtica y p\u00fablico a modo de triunfo p\u00f3stumo. Si un solo rasgo tuviese que definir el estilo de su fotograf\u00eda, el documentalismo responder\u00eda mejor que ning\u00fan otro a tal cometido. Supo adaptar cada elemento al fin que la autora le conced\u00eda a la imagen como \u201cuno de los principales medios de interpretaci\u00f3n\u201d. La exposici\u00f3n de Berenice Abbott en Valladolid se aproxima a la figura de la artista a trav\u00e9s de sus tres facetas principales: su debut como retratista, su proyecto de mayor envergadura, referido a la ciudad de Nueva York, y su casi desconocida labor en el [&hellip;]<\/p>\n","protected":false},"author":1,"featured_media":3121,"comment_status":"open","ping_status":"open","sticky":false,"template":"","format":"standard","meta":{"footnotes":""},"categories":[6],"tags":[25,37],"class_list":["post-764","post","type-post","status-publish","format-standard","has-post-thumbnail","hentry","category-arte-y-museos","tag-arte-en-valladolid","tag-exposiciones-en-valladolid"],"yoast_head":"<!-- This site is optimized with the Yoast SEO plugin v27.5 - https:\/\/yoast.com\/product\/yoast-seo-wordpress\/ -->\n<title>Berenice Abbott, la nueva mirada de la fotograf\u00eda - Blog Cultura y Turismo<\/title>\n<meta name=\"robots\" content=\"index, follow, max-snippet:-1, max-image-preview:large, max-video-preview:-1\" \/>\n<link rel=\"canonical\" href=\"https:\/\/www.info.valladolid.es\/blog\/berenice-abbott-exposicion-valladolid\/\" \/>\n<meta property=\"og:locale\" content=\"es_ES\" \/>\n<meta property=\"og:type\" content=\"article\" \/>\n<meta property=\"og:title\" content=\"Berenice Abbott, la nueva mirada de la fotograf\u00eda - Blog Cultura y Turismo\" \/>\n<meta property=\"og:description\" content=\"\u201cHacer el retrato de una ciudad es el trabajo de una vida y ninguna foto es suficiente, porque la ciudad est\u00e1 cambiando siempre\u201d, sol\u00eda decir Berenice Abbott. Sin embargo, a ella una vida le dio de s\u00ed para retratar una urbe tan vers\u00e1til como Nueva York, para capturar la esencia del c\u00edrculo de pensadores m\u00e1s ilustre de su \u00e9poca y para exprimir la belleza est\u00e9tica de la fotograf\u00eda cient\u00edfica. En la historia Abbott est\u00e1n presentes los elementos que marcan&nbsp;la vida de tantos artistas: el origen humilde, la dedicaci\u00f3n vehemente, la penuria econ\u00f3mica, la injusta falta de reconocimiento en vida y la devoci\u00f3n de cr\u00edtica y p\u00fablico a modo de triunfo p\u00f3stumo. Si un solo rasgo tuviese que definir el estilo de su fotograf\u00eda, el documentalismo responder\u00eda mejor que ning\u00fan otro a tal cometido. Supo adaptar cada elemento al fin que la autora le conced\u00eda a la imagen como \u201cuno de los principales medios de interpretaci\u00f3n\u201d. La exposici\u00f3n de Berenice Abbott en Valladolid se aproxima a la figura de la artista a trav\u00e9s de sus tres facetas principales: su debut como retratista, su proyecto de mayor envergadura, referido a la ciudad de Nueva York, y su casi desconocida labor en el [&hellip;]\" \/>\n<meta property=\"og:url\" content=\"https:\/\/www.info.valladolid.es\/blog\/berenice-abbott-exposicion-valladolid\/\" \/>\n<meta property=\"og:site_name\" content=\"Blog Cultura y Turismo\" \/>\n<meta property=\"article:published_time\" content=\"2015-12-03T07:49:46+00:00\" \/>\n<meta property=\"article:modified_time\" content=\"2019-02-13T13:21:46+00:00\" \/>\n<meta property=\"og:image\" content=\"https:\/\/www.info.valladolid.es\/blog\/wp-content\/uploads\/2015\/12\/berenice-abbott.jpg\" \/>\n\t<meta property=\"og:image:width\" content=\"520\" \/>\n\t<meta property=\"og:image:height\" content=\"400\" \/>\n\t<meta property=\"og:image:type\" content=\"image\/jpeg\" \/>\n<meta name=\"author\" content=\"administrador\" \/>\n<meta name=\"twitter:card\" content=\"summary_large_image\" \/>\n<meta name=\"twitter:label1\" content=\"Escrito por\" \/>\n\t<meta name=\"twitter:data1\" content=\"administrador\" \/>\n\t<meta name=\"twitter:label2\" content=\"Tiempo de lectura\" \/>\n\t<meta name=\"twitter:data2\" content=\"5 minutos\" \/>\n<script type=\"application\/ld+json\" class=\"yoast-schema-graph\">{\"@context\":\"https:\\\/\\\/schema.org\",\"@graph\":[{\"@type\":\"Article\",\"@id\":\"https:\\\/\\\/www.info.valladolid.es\\\/blog\\\/berenice-abbott-exposicion-valladolid\\\/#article\",\"isPartOf\":{\"@id\":\"https:\\\/\\\/www.info.valladolid.es\\\/blog\\\/berenice-abbott-exposicion-valladolid\\\/\"},\"author\":{\"name\":\"administrador\",\"@id\":\"https:\\\/\\\/www.info.valladolid.es\\\/blog\\\/#\\\/schema\\\/person\\\/845cac97e6156a5a9c5abd68b7b9a5d5\"},\"headline\":\"Berenice Abbott, la nueva mirada de la fotograf\u00eda\",\"datePublished\":\"2015-12-03T07:49:46+00:00\",\"dateModified\":\"2019-02-13T13:21:46+00:00\",\"mainEntityOfPage\":{\"@id\":\"https:\\\/\\\/www.info.valladolid.es\\\/blog\\\/berenice-abbott-exposicion-valladolid\\\/\"},\"wordCount\":1074,\"commentCount\":0,\"image\":{\"@id\":\"https:\\\/\\\/www.info.valladolid.es\\\/blog\\\/berenice-abbott-exposicion-valladolid\\\/#primaryimage\"},\"thumbnailUrl\":\"https:\\\/\\\/www.info.valladolid.es\\\/blog\\\/wp-content\\\/uploads\\\/2015\\\/12\\\/berenice-abbott.jpg\",\"keywords\":[\"arte en Valladolid\",\"Exposiciones en Valladolid\"],\"articleSection\":[\"Arte y Museos\"],\"inLanguage\":\"es\",\"potentialAction\":[{\"@type\":\"CommentAction\",\"name\":\"Comment\",\"target\":[\"https:\\\/\\\/www.info.valladolid.es\\\/blog\\\/berenice-abbott-exposicion-valladolid\\\/#respond\"]}]},{\"@type\":\"WebPage\",\"@id\":\"https:\\\/\\\/www.info.valladolid.es\\\/blog\\\/berenice-abbott-exposicion-valladolid\\\/\",\"url\":\"https:\\\/\\\/www.info.valladolid.es\\\/blog\\\/berenice-abbott-exposicion-valladolid\\\/\",\"name\":\"Berenice Abbott, la nueva mirada de la fotograf\u00eda - Blog Cultura y Turismo\",\"isPartOf\":{\"@id\":\"https:\\\/\\\/www.info.valladolid.es\\\/blog\\\/#website\"},\"primaryImageOfPage\":{\"@id\":\"https:\\\/\\\/www.info.valladolid.es\\\/blog\\\/berenice-abbott-exposicion-valladolid\\\/#primaryimage\"},\"image\":{\"@id\":\"https:\\\/\\\/www.info.valladolid.es\\\/blog\\\/berenice-abbott-exposicion-valladolid\\\/#primaryimage\"},\"thumbnailUrl\":\"https:\\\/\\\/www.info.valladolid.es\\\/blog\\\/wp-content\\\/uploads\\\/2015\\\/12\\\/berenice-abbott.jpg\",\"datePublished\":\"2015-12-03T07:49:46+00:00\",\"dateModified\":\"2019-02-13T13:21:46+00:00\",\"author\":{\"@id\":\"https:\\\/\\\/www.info.valladolid.es\\\/blog\\\/#\\\/schema\\\/person\\\/845cac97e6156a5a9c5abd68b7b9a5d5\"},\"breadcrumb\":{\"@id\":\"https:\\\/\\\/www.info.valladolid.es\\\/blog\\\/berenice-abbott-exposicion-valladolid\\\/#breadcrumb\"},\"inLanguage\":\"es\",\"potentialAction\":[{\"@type\":\"ReadAction\",\"target\":[\"https:\\\/\\\/www.info.valladolid.es\\\/blog\\\/berenice-abbott-exposicion-valladolid\\\/\"]}]},{\"@type\":\"ImageObject\",\"inLanguage\":\"es\",\"@id\":\"https:\\\/\\\/www.info.valladolid.es\\\/blog\\\/berenice-abbott-exposicion-valladolid\\\/#primaryimage\",\"url\":\"https:\\\/\\\/www.info.valladolid.es\\\/blog\\\/wp-content\\\/uploads\\\/2015\\\/12\\\/berenice-abbott.jpg\",\"contentUrl\":\"https:\\\/\\\/www.info.valladolid.es\\\/blog\\\/wp-content\\\/uploads\\\/2015\\\/12\\\/berenice-abbott.jpg\",\"width\":520,\"height\":400},{\"@type\":\"BreadcrumbList\",\"@id\":\"https:\\\/\\\/www.info.valladolid.es\\\/blog\\\/berenice-abbott-exposicion-valladolid\\\/#breadcrumb\",\"itemListElement\":[{\"@type\":\"ListItem\",\"position\":1,\"name\":\"Home\",\"item\":\"https:\\\/\\\/www.info.valladolid.es\\\/blog\\\/\"},{\"@type\":\"ListItem\",\"position\":2,\"name\":\"Berenice Abbott, la nueva mirada de la fotograf\u00eda\"}]},{\"@type\":\"WebSite\",\"@id\":\"https:\\\/\\\/www.info.valladolid.es\\\/blog\\\/#website\",\"url\":\"https:\\\/\\\/www.info.valladolid.es\\\/blog\\\/\",\"name\":\"Blog Cultura y Turismo\",\"description\":\"\",\"potentialAction\":[{\"@type\":\"SearchAction\",\"target\":{\"@type\":\"EntryPoint\",\"urlTemplate\":\"https:\\\/\\\/www.info.valladolid.es\\\/blog\\\/?s={search_term_string}\"},\"query-input\":{\"@type\":\"PropertyValueSpecification\",\"valueRequired\":true,\"valueName\":\"search_term_string\"}}],\"inLanguage\":\"es\"},{\"@type\":\"Person\",\"@id\":\"https:\\\/\\\/www.info.valladolid.es\\\/blog\\\/#\\\/schema\\\/person\\\/845cac97e6156a5a9c5abd68b7b9a5d5\",\"name\":\"administrador\",\"image\":{\"@type\":\"ImageObject\",\"inLanguage\":\"es\",\"@id\":\"https:\\\/\\\/secure.gravatar.com\\\/avatar\\\/418161d2f95196597e2d305bd301c850afab7f4b284a344fb2d759f048b71c61?s=96&d=mm&r=g\",\"url\":\"https:\\\/\\\/secure.gravatar.com\\\/avatar\\\/418161d2f95196597e2d305bd301c850afab7f4b284a344fb2d759f048b71c61?s=96&d=mm&r=g\",\"contentUrl\":\"https:\\\/\\\/secure.gravatar.com\\\/avatar\\\/418161d2f95196597e2d305bd301c850afab7f4b284a344fb2d759f048b71c61?s=96&d=mm&r=g\",\"caption\":\"administrador\"},\"url\":\"https:\\\/\\\/www.info.valladolid.es\\\/blog\\\/author\\\/administrador\\\/\"}]}<\/script>\n<!-- \/ Yoast SEO plugin. -->","yoast_head_json":{"title":"Berenice Abbott, la nueva mirada de la fotograf\u00eda - Blog Cultura y Turismo","robots":{"index":"index","follow":"follow","max-snippet":"max-snippet:-1","max-image-preview":"max-image-preview:large","max-video-preview":"max-video-preview:-1"},"canonical":"https:\/\/www.info.valladolid.es\/blog\/berenice-abbott-exposicion-valladolid\/","og_locale":"es_ES","og_type":"article","og_title":"Berenice Abbott, la nueva mirada de la fotograf\u00eda - Blog Cultura y Turismo","og_description":"\u201cHacer el retrato de una ciudad es el trabajo de una vida y ninguna foto es suficiente, porque la ciudad est\u00e1 cambiando siempre\u201d, sol\u00eda decir Berenice Abbott. Sin embargo, a ella una vida le dio de s\u00ed para retratar una urbe tan vers\u00e1til como Nueva York, para capturar la esencia del c\u00edrculo de pensadores m\u00e1s ilustre de su \u00e9poca y para exprimir la belleza est\u00e9tica de la fotograf\u00eda cient\u00edfica. En la historia Abbott est\u00e1n presentes los elementos que marcan&nbsp;la vida de tantos artistas: el origen humilde, la dedicaci\u00f3n vehemente, la penuria econ\u00f3mica, la injusta falta de reconocimiento en vida y la devoci\u00f3n de cr\u00edtica y p\u00fablico a modo de triunfo p\u00f3stumo. Si un solo rasgo tuviese que definir el estilo de su fotograf\u00eda, el documentalismo responder\u00eda mejor que ning\u00fan otro a tal cometido. Supo adaptar cada elemento al fin que la autora le conced\u00eda a la imagen como \u201cuno de los principales medios de interpretaci\u00f3n\u201d. La exposici\u00f3n de Berenice Abbott en Valladolid se aproxima a la figura de la artista a trav\u00e9s de sus tres facetas principales: su debut como retratista, su proyecto de mayor envergadura, referido a la ciudad de Nueva York, y su casi desconocida labor en el [&hellip;]","og_url":"https:\/\/www.info.valladolid.es\/blog\/berenice-abbott-exposicion-valladolid\/","og_site_name":"Blog Cultura y Turismo","article_published_time":"2015-12-03T07:49:46+00:00","article_modified_time":"2019-02-13T13:21:46+00:00","og_image":[{"width":520,"height":400,"url":"https:\/\/www.info.valladolid.es\/blog\/wp-content\/uploads\/2015\/12\/berenice-abbott.jpg","type":"image\/jpeg"}],"author":"administrador","twitter_card":"summary_large_image","twitter_misc":{"Escrito por":"administrador","Tiempo de lectura":"5 minutos"},"schema":{"@context":"https:\/\/schema.org","@graph":[{"@type":"Article","@id":"https:\/\/www.info.valladolid.es\/blog\/berenice-abbott-exposicion-valladolid\/#article","isPartOf":{"@id":"https:\/\/www.info.valladolid.es\/blog\/berenice-abbott-exposicion-valladolid\/"},"author":{"name":"administrador","@id":"https:\/\/www.info.valladolid.es\/blog\/#\/schema\/person\/845cac97e6156a5a9c5abd68b7b9a5d5"},"headline":"Berenice Abbott, la nueva mirada de la fotograf\u00eda","datePublished":"2015-12-03T07:49:46+00:00","dateModified":"2019-02-13T13:21:46+00:00","mainEntityOfPage":{"@id":"https:\/\/www.info.valladolid.es\/blog\/berenice-abbott-exposicion-valladolid\/"},"wordCount":1074,"commentCount":0,"image":{"@id":"https:\/\/www.info.valladolid.es\/blog\/berenice-abbott-exposicion-valladolid\/#primaryimage"},"thumbnailUrl":"https:\/\/www.info.valladolid.es\/blog\/wp-content\/uploads\/2015\/12\/berenice-abbott.jpg","keywords":["arte en Valladolid","Exposiciones en Valladolid"],"articleSection":["Arte y Museos"],"inLanguage":"es","potentialAction":[{"@type":"CommentAction","name":"Comment","target":["https:\/\/www.info.valladolid.es\/blog\/berenice-abbott-exposicion-valladolid\/#respond"]}]},{"@type":"WebPage","@id":"https:\/\/www.info.valladolid.es\/blog\/berenice-abbott-exposicion-valladolid\/","url":"https:\/\/www.info.valladolid.es\/blog\/berenice-abbott-exposicion-valladolid\/","name":"Berenice Abbott, la nueva mirada de la fotograf\u00eda - Blog Cultura y Turismo","isPartOf":{"@id":"https:\/\/www.info.valladolid.es\/blog\/#website"},"primaryImageOfPage":{"@id":"https:\/\/www.info.valladolid.es\/blog\/berenice-abbott-exposicion-valladolid\/#primaryimage"},"image":{"@id":"https:\/\/www.info.valladolid.es\/blog\/berenice-abbott-exposicion-valladolid\/#primaryimage"},"thumbnailUrl":"https:\/\/www.info.valladolid.es\/blog\/wp-content\/uploads\/2015\/12\/berenice-abbott.jpg","datePublished":"2015-12-03T07:49:46+00:00","dateModified":"2019-02-13T13:21:46+00:00","author":{"@id":"https:\/\/www.info.valladolid.es\/blog\/#\/schema\/person\/845cac97e6156a5a9c5abd68b7b9a5d5"},"breadcrumb":{"@id":"https:\/\/www.info.valladolid.es\/blog\/berenice-abbott-exposicion-valladolid\/#breadcrumb"},"inLanguage":"es","potentialAction":[{"@type":"ReadAction","target":["https:\/\/www.info.valladolid.es\/blog\/berenice-abbott-exposicion-valladolid\/"]}]},{"@type":"ImageObject","inLanguage":"es","@id":"https:\/\/www.info.valladolid.es\/blog\/berenice-abbott-exposicion-valladolid\/#primaryimage","url":"https:\/\/www.info.valladolid.es\/blog\/wp-content\/uploads\/2015\/12\/berenice-abbott.jpg","contentUrl":"https:\/\/www.info.valladolid.es\/blog\/wp-content\/uploads\/2015\/12\/berenice-abbott.jpg","width":520,"height":400},{"@type":"BreadcrumbList","@id":"https:\/\/www.info.valladolid.es\/blog\/berenice-abbott-exposicion-valladolid\/#breadcrumb","itemListElement":[{"@type":"ListItem","position":1,"name":"Home","item":"https:\/\/www.info.valladolid.es\/blog\/"},{"@type":"ListItem","position":2,"name":"Berenice Abbott, la nueva mirada de la fotograf\u00eda"}]},{"@type":"WebSite","@id":"https:\/\/www.info.valladolid.es\/blog\/#website","url":"https:\/\/www.info.valladolid.es\/blog\/","name":"Blog Cultura y Turismo","description":"","potentialAction":[{"@type":"SearchAction","target":{"@type":"EntryPoint","urlTemplate":"https:\/\/www.info.valladolid.es\/blog\/?s={search_term_string}"},"query-input":{"@type":"PropertyValueSpecification","valueRequired":true,"valueName":"search_term_string"}}],"inLanguage":"es"},{"@type":"Person","@id":"https:\/\/www.info.valladolid.es\/blog\/#\/schema\/person\/845cac97e6156a5a9c5abd68b7b9a5d5","name":"administrador","image":{"@type":"ImageObject","inLanguage":"es","@id":"https:\/\/secure.gravatar.com\/avatar\/418161d2f95196597e2d305bd301c850afab7f4b284a344fb2d759f048b71c61?s=96&d=mm&r=g","url":"https:\/\/secure.gravatar.com\/avatar\/418161d2f95196597e2d305bd301c850afab7f4b284a344fb2d759f048b71c61?s=96&d=mm&r=g","contentUrl":"https:\/\/secure.gravatar.com\/avatar\/418161d2f95196597e2d305bd301c850afab7f4b284a344fb2d759f048b71c61?s=96&d=mm&r=g","caption":"administrador"},"url":"https:\/\/www.info.valladolid.es\/blog\/author\/administrador\/"}]}},"_links":{"self":[{"href":"https:\/\/www.info.valladolid.es\/blog\/wp-json\/wp\/v2\/posts\/764","targetHints":{"allow":["GET"]}}],"collection":[{"href":"https:\/\/www.info.valladolid.es\/blog\/wp-json\/wp\/v2\/posts"}],"about":[{"href":"https:\/\/www.info.valladolid.es\/blog\/wp-json\/wp\/v2\/types\/post"}],"author":[{"embeddable":true,"href":"https:\/\/www.info.valladolid.es\/blog\/wp-json\/wp\/v2\/users\/1"}],"replies":[{"embeddable":true,"href":"https:\/\/www.info.valladolid.es\/blog\/wp-json\/wp\/v2\/comments?post=764"}],"version-history":[{"count":4,"href":"https:\/\/www.info.valladolid.es\/blog\/wp-json\/wp\/v2\/posts\/764\/revisions"}],"predecessor-version":[{"id":3122,"href":"https:\/\/www.info.valladolid.es\/blog\/wp-json\/wp\/v2\/posts\/764\/revisions\/3122"}],"wp:featuredmedia":[{"embeddable":true,"href":"https:\/\/www.info.valladolid.es\/blog\/wp-json\/wp\/v2\/media\/3121"}],"wp:attachment":[{"href":"https:\/\/www.info.valladolid.es\/blog\/wp-json\/wp\/v2\/media?parent=764"}],"wp:term":[{"taxonomy":"category","embeddable":true,"href":"https:\/\/www.info.valladolid.es\/blog\/wp-json\/wp\/v2\/categories?post=764"},{"taxonomy":"post_tag","embeddable":true,"href":"https:\/\/www.info.valladolid.es\/blog\/wp-json\/wp\/v2\/tags?post=764"}],"curies":[{"name":"wp","href":"https:\/\/api.w.org\/{rel}","templated":true}]}}