{"id":7639,"date":"2021-01-21T12:11:21","date_gmt":"2021-01-21T12:11:21","guid":{"rendered":"https:\/\/www.info.valladolid.es\/blog\/?p=7639"},"modified":"2021-05-24T12:02:33","modified_gmt":"2021-05-24T12:02:33","slug":"el-consultorio-de-angela-palafox","status":"publish","type":"post","link":"https:\/\/www.info.valladolid.es\/blog\/el-consultorio-de-angela-palafox\/","title":{"rendered":"El consultorio de \u00c1ngela Palafox"},"content":{"rendered":"\n<p>Consulta las respuestas de \u00c1ngela Palafox&#8230;<\/p>\n\n\n\n<ul class=\"wp-block-list\"><li><strong><a href=\"https:\/\/www.info.valladolid.es\/blog\/el-consultorio-de-angela-palafox-las-cuadrillas\/\">\u00bfC\u00f3mo se organizaban los vallisoletanos de la \u00e9poca? \u00bfHab\u00eda asociaciones de vecinos?<\/a><\/strong><\/li><li><strong><a rel=\"noreferrer noopener\" aria-label=\"\u00bfQui\u00e9n se encargaba de la seguridad de la ciudad en el siglo XVI? (abre en una nueva pesta\u00f1a)\" href=\"https:\/\/www.info.valladolid.es\/blog\/seguridad-en-valladolid-siglo-xvi\/\" target=\"_blank\">\u00bfQui\u00e9n se encargaba de la seguridad de la ciudad en el siglo XVI?<\/a><\/strong><\/li><li><strong><a href=\"https:\/\/www.info.valladolid.es\/blog\/murallas-cierre-perimetral-siglo-xvi\/\">Si\u00a0se\u00a0cerraban\u00a0las\u00a0puertas\u00a0de\u00a0la\u00a0muralla\u00a0por\u00a0la\u00a0noche,\u00a0era\u00a0como\u00a0si\u00a0la\u00a0villa\u00a0estuviese\u00a0en\u00a0&#8216;confinamiento\u00a0perimetral&#8217;&#8230;<\/a><\/strong><\/li><li><strong><a href=\"https:\/\/www.info.valladolid.es\/blog\/quien-apagaba-los-fuegos-de-la-valladolid-del-siglo-xvi\/\">Con tanta construcci\u00f3n de madera, en el siglo XVI los incendios ser\u00edan frecuentes. \u00bfQu\u00e9 hac\u00edan en esos casos? <\/a><\/strong><\/li><li><a href=\"https:\/\/www.info.valladolid.es\/blog\/donde-se-celebraban-los-plenos-en-el-siglo-xvi\/\"><strong>\u00bfD\u00f3nde se celebraban los plenos del siglo XVI?<\/strong><\/a><\/li><li><strong><a href=\"https:\/\/www.info.valladolid.es\/blog\/aficion-por-el-teatro-en-el-valladolid-del-siglo-xvi\/\">\u00bfEran los vallisoletanos del siglo XVI tan aficionados al teatro como lo somos ahora?<\/a><\/strong><\/li><li><strong><a rel=\"noreferrer noopener\" aria-label=\"\u00bfEra habitual tener mascotas en el siglo XVI? (abre en una nueva pesta\u00f1a)\" href=\"https:\/\/www.info.valladolid.es\/blog\/mascotas-siglo-xvi\/\" target=\"_blank\">\u00bfEra habitual tener mascotas en el siglo XVI?<\/a><\/strong><\/li><li><strong><a href=\"https:\/\/www.info.valladolid.es\/blog\/salubridad-siglo-xvi\/\">En el siglo XXI tendemos a pensar que nuestros antepasados muy\u2026 \u201climpios\u201d\u2026 no eran, as\u00ed que a lo mejor la villa comunera era un poco \u201cpocilga\u201d\u2026 <\/a><\/strong><\/li><li><a href=\"https:\/\/www.info.valladolid.es\/blog\/que-se-necesitaba-para-abrir-una-tienda-en-el-siglo-xvi\/\"><strong>\u00bfQu\u00e9 hubiera necesitado para abrir mi propia tienda de ropa en su \u00e9poca?<\/strong><\/a><\/li><li><strong><a href=\"https:\/\/www.info.valladolid.es\/blog\/tenia-valladolid-agua-corriente-en-la-edad-media\/\">\u00bfHab\u00eda agua corriente en la Edad Media?<\/a><\/strong><\/li><li><strong><a rel=\"noreferrer noopener\" aria-label=\"\u00bfC\u00f3mo era el hospedaje en el siglo XVI? (abre en una nueva pesta\u00f1a)\" href=\"https:\/\/www.info.valladolid.es\/blog\/hospedaje-siglo-xvi\/\" target=\"_blank\">\u00bfC\u00f3mo era el hospedaje en el siglo XVI?<\/a><\/strong><\/li><li><strong><a rel=\"noreferrer noopener\" aria-label=\"\u00bfExist\u00eda alg\u00fan ayuntamiento en su \u00e9poca? (abre en una nueva pesta\u00f1a)\" href=\"https:\/\/www.info.valladolid.es\/blog\/ayuntamiento-siglo-xvi\/\" target=\"_blank\">\u00bfExist\u00eda alg\u00fan ayuntamiento en su \u00e9poca?<\/a><\/strong><\/li><li><strong><a rel=\"noreferrer noopener\" aria-label=\"\u00bfIban los ni\u00f1os del siglo XVI a la escuela? \u00bfEra habitual educarlos? (abre en una nueva pesta\u00f1a)\" href=\"https:\/\/www.info.valladolid.es\/blog\/escuela-siglo-xvi\/\" target=\"_blank\">\u00bfIban los ni\u00f1os del siglo XVI a la escuela? \u00bfEra habitual educarlos?<\/a><\/strong><\/li><li><strong><a rel=\"noreferrer noopener\" aria-label=\"\u00bfD\u00f3nde se compraba la comida en aquellos a\u00f1os? (abre en una nueva pesta\u00f1a)\" href=\"https:\/\/www.info.valladolid.es\/blog\/comprar-comida-siglo-xvi\/\" target=\"_blank\">\u00bfD\u00f3nde se compraba la comida en aquellos a\u00f1os?<\/a><\/strong><\/li><li><a rel=\"noreferrer noopener\" aria-label=\"Si pudi\u00e9ramos entrar a una taberna de entonces \u00bfqu\u00e9 podr\u00edamos beber? (abre en una nueva pesta\u00f1a)\" href=\"https:\/\/www.info.valladolid.es\/blog\/tipo-vinos-tabernas\/\" target=\"_blank\"><strong>Si pudi\u00e9ramos entrar a una taberna de entonces \u00bfqu\u00e9 podr\u00edamos beber?<\/strong><\/a><\/li><\/ul>\n\n\n\n<p>\u00bfImaginas<strong> c\u00f3mo era el Valladolid del siglo XVI<\/strong>? \u00bfC\u00f3mo piensas que ser\u00eda el d\u00eda a d\u00eda de sus habitantes? \u00bfY el funcionamiento de las instituciones locales? \u00bfC\u00f3mo influy\u00f3 el movimiento &#8216;comunero&#8217;?<\/p>\n\n\n\n<p>\u00bfTe atreves a pensar<strong> c\u00f3mo habr\u00eda sido tu d\u00eda a d\u00eda de haber nacido en aquella \u00e9poca<\/strong>? Lo que beber\u00edas o comer\u00edas, c\u00f3mo cuidar\u00edas de tus hijos, qui\u00e9n se encargar\u00eda de las multas \u00a1o c\u00f3mo ser\u00eda ir al ba\u00f1o por aquel entonces!<\/p>\n\n\n\n<a href=\"mailto:consultorioangelapalafox@gmail.com\">\n\n\n\n<div class=\"wp-block-media-text alignwide\" style=\"grid-template-columns:25% auto\"><figure class=\"wp-block-media-text__media\"><img decoding=\"async\" src=\"https:\/\/www.info.valladolid.es\/blog\/wp-content\/uploads\/2021\/01\/consultoriorespuestas-300x250.jpg\" alt=\"\" class=\"wp-image-7696\"\/><\/figure><div class=\"wp-block-media-text__content\">\n<\/a><p>\u00c1ngela Palafox, joyera de Isabel la Cat\u00f3lica y esp\u00eda para el bando realista durante la Guerra de las Comunidades, se traslada el siglo XXI para responderte.<\/p><p>Env\u00eda tu pregunta a <a href=\"mailto:consultorioangelapalafox@gmail.com\">consultorioangelapalafox@gmail.com<\/a> y \u00c1ngela te descubrir\u00e1 el Valladolid de hace 500 a\u00f1os<\/p>\n\n\n\n<p><\/p>\n<\/div><\/div>\n\n\n\n<\/a>\n\n\n\n<hr class=\"wp-block-separator\"\/>\n\n\n\n<div align=\"center\"><iframe loading=\"lazy\" src=\"https:\/\/www.facebook.com\/plugins\/video.php?height=316&#038;href=https%3A%2F%2Fwww.facebook.com%2FculturayturismoVLL%2Fvideos%2F121171196499441%2F&#038;show_text=false&#038;width=560\" width=\"560\" height=\"316\" style=\"border:none;overflow:hidden\" scrolling=\"no\" frameborder=\"0\" allowfullscreen=\"true\" allow=\"autoplay; clipboard-write; encrypted-media; picture-in-picture; web-share\" allowFullScreen=\"true\"><\/iframe><\/div>\n\n\n\n<hr class=\"wp-block-separator\"\/>\n\n\n\n<p>Descubre el Valladolid del siglo XVI de la mano de \u00c1ngela Palafox y las respuestas que nos ha dado. Cada viernes tendremos un nuevo encuentro con nuestra querida esp\u00eda. <\/p>\n\n\n\n<p><\/p>\n","protected":false},"excerpt":{"rendered":"<p>Consulta las respuestas de \u00c1ngela Palafox&#8230; \u00bfC\u00f3mo se organizaban los vallisoletanos de la \u00e9poca? \u00bfHab\u00eda asociaciones de vecinos? \u00bfQui\u00e9n se encargaba de la seguridad de la ciudad en el siglo XVI? Si\u00a0se\u00a0cerraban\u00a0las\u00a0puertas\u00a0de\u00a0la\u00a0muralla\u00a0por\u00a0la\u00a0noche,\u00a0era\u00a0como\u00a0si\u00a0la\u00a0villa\u00a0estuviese\u00a0en\u00a0&#8216;confinamiento\u00a0perimetral&#8217;&#8230; Con tanta construcci\u00f3n de madera, en el siglo XVI los incendios ser\u00edan frecuentes. \u00bfQu\u00e9 hac\u00edan en esos casos? \u00bfD\u00f3nde se celebraban los plenos del siglo XVI? \u00bfEran los vallisoletanos del siglo XVI tan aficionados al teatro como lo somos ahora? \u00bfEra habitual tener mascotas en el siglo XVI? En el siglo XXI tendemos a pensar que nuestros antepasados muy\u2026 \u201climpios\u201d\u2026 no eran, as\u00ed que a lo mejor la villa comunera era un poco \u201cpocilga\u201d\u2026 \u00bfQu\u00e9 hubiera necesitado para abrir mi propia tienda de ropa en su \u00e9poca? \u00bfHab\u00eda agua corriente en la Edad Media? \u00bfC\u00f3mo era el hospedaje en el siglo XVI? \u00bfExist\u00eda alg\u00fan ayuntamiento en su \u00e9poca? \u00bfIban los ni\u00f1os del siglo XVI a la escuela? \u00bfEra habitual educarlos? \u00bfD\u00f3nde se compraba la comida en aquellos a\u00f1os? Si pudi\u00e9ramos entrar a una taberna de entonces \u00bfqu\u00e9 podr\u00edamos beber? \u00bfImaginas c\u00f3mo era el Valladolid del siglo XVI? \u00bfC\u00f3mo piensas que ser\u00eda el d\u00eda a d\u00eda de sus habitantes? \u00bfY el funcionamiento de las instituciones locales? \u00bfC\u00f3mo influy\u00f3 el [&hellip;]<\/p>\n","protected":false},"author":1,"featured_media":7649,"comment_status":"open","ping_status":"open","sticky":false,"template":"","format":"standard","meta":{"footnotes":""},"categories":[7],"tags":[],"class_list":["post-7639","post","type-post","status-publish","format-standard","has-post-thumbnail","hentry","category-personajes_e_historia"],"yoast_head":"<!-- This site is optimized with the Yoast SEO plugin v27.5 - https:\/\/yoast.com\/product\/yoast-seo-wordpress\/ -->\n<title>El consultorio de \u00c1ngela Palafox - Blog Cultura y Turismo<\/title>\n<meta name=\"robots\" content=\"index, follow, max-snippet:-1, max-image-preview:large, max-video-preview:-1\" \/>\n<link rel=\"canonical\" href=\"https:\/\/www.info.valladolid.es\/blog\/el-consultorio-de-angela-palafox\/\" \/>\n<meta property=\"og:locale\" content=\"es_ES\" \/>\n<meta property=\"og:type\" content=\"article\" \/>\n<meta property=\"og:title\" content=\"El consultorio de \u00c1ngela Palafox - Blog Cultura y Turismo\" \/>\n<meta property=\"og:description\" content=\"Consulta las respuestas de \u00c1ngela Palafox&#8230; \u00bfC\u00f3mo se organizaban los vallisoletanos de la \u00e9poca? \u00bfHab\u00eda asociaciones de vecinos? \u00bfQui\u00e9n se encargaba de la seguridad de la ciudad en el siglo XVI? Si\u00a0se\u00a0cerraban\u00a0las\u00a0puertas\u00a0de\u00a0la\u00a0muralla\u00a0por\u00a0la\u00a0noche,\u00a0era\u00a0como\u00a0si\u00a0la\u00a0villa\u00a0estuviese\u00a0en\u00a0&#8216;confinamiento\u00a0perimetral&#8217;&#8230; Con tanta construcci\u00f3n de madera, en el siglo XVI los incendios ser\u00edan frecuentes. \u00bfQu\u00e9 hac\u00edan en esos casos? \u00bfD\u00f3nde se celebraban los plenos del siglo XVI? \u00bfEran los vallisoletanos del siglo XVI tan aficionados al teatro como lo somos ahora? \u00bfEra habitual tener mascotas en el siglo XVI? En el siglo XXI tendemos a pensar que nuestros antepasados muy\u2026 \u201climpios\u201d\u2026 no eran, as\u00ed que a lo mejor la villa comunera era un poco \u201cpocilga\u201d\u2026 \u00bfQu\u00e9 hubiera necesitado para abrir mi propia tienda de ropa en su \u00e9poca? \u00bfHab\u00eda agua corriente en la Edad Media? \u00bfC\u00f3mo era el hospedaje en el siglo XVI? \u00bfExist\u00eda alg\u00fan ayuntamiento en su \u00e9poca? \u00bfIban los ni\u00f1os del siglo XVI a la escuela? \u00bfEra habitual educarlos? \u00bfD\u00f3nde se compraba la comida en aquellos a\u00f1os? Si pudi\u00e9ramos entrar a una taberna de entonces \u00bfqu\u00e9 podr\u00edamos beber? \u00bfImaginas c\u00f3mo era el Valladolid del siglo XVI? \u00bfC\u00f3mo piensas que ser\u00eda el d\u00eda a d\u00eda de sus habitantes? \u00bfY el funcionamiento de las instituciones locales? \u00bfC\u00f3mo influy\u00f3 el [&hellip;]\" \/>\n<meta property=\"og:url\" content=\"https:\/\/www.info.valladolid.es\/blog\/el-consultorio-de-angela-palafox\/\" \/>\n<meta property=\"og:site_name\" content=\"Blog Cultura y Turismo\" \/>\n<meta property=\"article:published_time\" content=\"2021-01-21T12:11:21+00:00\" \/>\n<meta property=\"article:modified_time\" content=\"2021-05-24T12:02:33+00:00\" \/>\n<meta property=\"og:image\" content=\"https:\/\/www.info.valladolid.es\/blog\/wp-content\/uploads\/2021\/01\/WhatsApp-Image-2021-01-21-at-11.19.36.jpeg\" \/>\n\t<meta property=\"og:image:width\" content=\"2048\" \/>\n\t<meta property=\"og:image:height\" content=\"1536\" \/>\n\t<meta property=\"og:image:type\" content=\"image\/jpeg\" \/>\n<meta name=\"author\" content=\"administrador\" \/>\n<meta name=\"twitter:card\" content=\"summary_large_image\" \/>\n<meta name=\"twitter:label1\" content=\"Escrito por\" \/>\n\t<meta name=\"twitter:data1\" content=\"administrador\" \/>\n\t<meta name=\"twitter:label2\" content=\"Tiempo de lectura\" \/>\n\t<meta name=\"twitter:data2\" content=\"2 minutos\" \/>\n<script type=\"application\/ld+json\" class=\"yoast-schema-graph\">{\"@context\":\"https:\\\/\\\/schema.org\",\"@graph\":[{\"@type\":\"Article\",\"@id\":\"https:\\\/\\\/www.info.valladolid.es\\\/blog\\\/el-consultorio-de-angela-palafox\\\/#article\",\"isPartOf\":{\"@id\":\"https:\\\/\\\/www.info.valladolid.es\\\/blog\\\/el-consultorio-de-angela-palafox\\\/\"},\"author\":{\"name\":\"administrador\",\"@id\":\"https:\\\/\\\/www.info.valladolid.es\\\/blog\\\/#\\\/schema\\\/person\\\/845cac97e6156a5a9c5abd68b7b9a5d5\"},\"headline\":\"El consultorio de \u00c1ngela Palafox\",\"datePublished\":\"2021-01-21T12:11:21+00:00\",\"dateModified\":\"2021-05-24T12:02:33+00:00\",\"mainEntityOfPage\":{\"@id\":\"https:\\\/\\\/www.info.valladolid.es\\\/blog\\\/el-consultorio-de-angela-palafox\\\/\"},\"wordCount\":379,\"commentCount\":4,\"image\":{\"@id\":\"https:\\\/\\\/www.info.valladolid.es\\\/blog\\\/el-consultorio-de-angela-palafox\\\/#primaryimage\"},\"thumbnailUrl\":\"https:\\\/\\\/www.info.valladolid.es\\\/blog\\\/wp-content\\\/uploads\\\/2021\\\/01\\\/WhatsApp-Image-2021-01-21-at-11.19.36.jpeg\",\"articleSection\":[\"Personajes e historia\"],\"inLanguage\":\"es\",\"potentialAction\":[{\"@type\":\"CommentAction\",\"name\":\"Comment\",\"target\":[\"https:\\\/\\\/www.info.valladolid.es\\\/blog\\\/el-consultorio-de-angela-palafox\\\/#respond\"]}]},{\"@type\":\"WebPage\",\"@id\":\"https:\\\/\\\/www.info.valladolid.es\\\/blog\\\/el-consultorio-de-angela-palafox\\\/\",\"url\":\"https:\\\/\\\/www.info.valladolid.es\\\/blog\\\/el-consultorio-de-angela-palafox\\\/\",\"name\":\"El consultorio de \u00c1ngela Palafox - Blog Cultura y Turismo\",\"isPartOf\":{\"@id\":\"https:\\\/\\\/www.info.valladolid.es\\\/blog\\\/#website\"},\"primaryImageOfPage\":{\"@id\":\"https:\\\/\\\/www.info.valladolid.es\\\/blog\\\/el-consultorio-de-angela-palafox\\\/#primaryimage\"},\"image\":{\"@id\":\"https:\\\/\\\/www.info.valladolid.es\\\/blog\\\/el-consultorio-de-angela-palafox\\\/#primaryimage\"},\"thumbnailUrl\":\"https:\\\/\\\/www.info.valladolid.es\\\/blog\\\/wp-content\\\/uploads\\\/2021\\\/01\\\/WhatsApp-Image-2021-01-21-at-11.19.36.jpeg\",\"datePublished\":\"2021-01-21T12:11:21+00:00\",\"dateModified\":\"2021-05-24T12:02:33+00:00\",\"author\":{\"@id\":\"https:\\\/\\\/www.info.valladolid.es\\\/blog\\\/#\\\/schema\\\/person\\\/845cac97e6156a5a9c5abd68b7b9a5d5\"},\"breadcrumb\":{\"@id\":\"https:\\\/\\\/www.info.valladolid.es\\\/blog\\\/el-consultorio-de-angela-palafox\\\/#breadcrumb\"},\"inLanguage\":\"es\",\"potentialAction\":[{\"@type\":\"ReadAction\",\"target\":[\"https:\\\/\\\/www.info.valladolid.es\\\/blog\\\/el-consultorio-de-angela-palafox\\\/\"]}]},{\"@type\":\"ImageObject\",\"inLanguage\":\"es\",\"@id\":\"https:\\\/\\\/www.info.valladolid.es\\\/blog\\\/el-consultorio-de-angela-palafox\\\/#primaryimage\",\"url\":\"https:\\\/\\\/www.info.valladolid.es\\\/blog\\\/wp-content\\\/uploads\\\/2021\\\/01\\\/WhatsApp-Image-2021-01-21-at-11.19.36.jpeg\",\"contentUrl\":\"https:\\\/\\\/www.info.valladolid.es\\\/blog\\\/wp-content\\\/uploads\\\/2021\\\/01\\\/WhatsApp-Image-2021-01-21-at-11.19.36.jpeg\",\"width\":2048,\"height\":1536},{\"@type\":\"BreadcrumbList\",\"@id\":\"https:\\\/\\\/www.info.valladolid.es\\\/blog\\\/el-consultorio-de-angela-palafox\\\/#breadcrumb\",\"itemListElement\":[{\"@type\":\"ListItem\",\"position\":1,\"name\":\"Home\",\"item\":\"https:\\\/\\\/www.info.valladolid.es\\\/blog\\\/\"},{\"@type\":\"ListItem\",\"position\":2,\"name\":\"El consultorio de \u00c1ngela Palafox\"}]},{\"@type\":\"WebSite\",\"@id\":\"https:\\\/\\\/www.info.valladolid.es\\\/blog\\\/#website\",\"url\":\"https:\\\/\\\/www.info.valladolid.es\\\/blog\\\/\",\"name\":\"Blog Cultura y Turismo\",\"description\":\"\",\"potentialAction\":[{\"@type\":\"SearchAction\",\"target\":{\"@type\":\"EntryPoint\",\"urlTemplate\":\"https:\\\/\\\/www.info.valladolid.es\\\/blog\\\/?s={search_term_string}\"},\"query-input\":{\"@type\":\"PropertyValueSpecification\",\"valueRequired\":true,\"valueName\":\"search_term_string\"}}],\"inLanguage\":\"es\"},{\"@type\":\"Person\",\"@id\":\"https:\\\/\\\/www.info.valladolid.es\\\/blog\\\/#\\\/schema\\\/person\\\/845cac97e6156a5a9c5abd68b7b9a5d5\",\"name\":\"administrador\",\"image\":{\"@type\":\"ImageObject\",\"inLanguage\":\"es\",\"@id\":\"https:\\\/\\\/secure.gravatar.com\\\/avatar\\\/418161d2f95196597e2d305bd301c850afab7f4b284a344fb2d759f048b71c61?s=96&d=mm&r=g\",\"url\":\"https:\\\/\\\/secure.gravatar.com\\\/avatar\\\/418161d2f95196597e2d305bd301c850afab7f4b284a344fb2d759f048b71c61?s=96&d=mm&r=g\",\"contentUrl\":\"https:\\\/\\\/secure.gravatar.com\\\/avatar\\\/418161d2f95196597e2d305bd301c850afab7f4b284a344fb2d759f048b71c61?s=96&d=mm&r=g\",\"caption\":\"administrador\"},\"url\":\"https:\\\/\\\/www.info.valladolid.es\\\/blog\\\/author\\\/administrador\\\/\"}]}<\/script>\n<!-- \/ Yoast SEO plugin. -->","yoast_head_json":{"title":"El consultorio de \u00c1ngela Palafox - Blog Cultura y Turismo","robots":{"index":"index","follow":"follow","max-snippet":"max-snippet:-1","max-image-preview":"max-image-preview:large","max-video-preview":"max-video-preview:-1"},"canonical":"https:\/\/www.info.valladolid.es\/blog\/el-consultorio-de-angela-palafox\/","og_locale":"es_ES","og_type":"article","og_title":"El consultorio de \u00c1ngela Palafox - Blog Cultura y Turismo","og_description":"Consulta las respuestas de \u00c1ngela Palafox&#8230; \u00bfC\u00f3mo se organizaban los vallisoletanos de la \u00e9poca? \u00bfHab\u00eda asociaciones de vecinos? \u00bfQui\u00e9n se encargaba de la seguridad de la ciudad en el siglo XVI? Si\u00a0se\u00a0cerraban\u00a0las\u00a0puertas\u00a0de\u00a0la\u00a0muralla\u00a0por\u00a0la\u00a0noche,\u00a0era\u00a0como\u00a0si\u00a0la\u00a0villa\u00a0estuviese\u00a0en\u00a0&#8216;confinamiento\u00a0perimetral&#8217;&#8230; Con tanta construcci\u00f3n de madera, en el siglo XVI los incendios ser\u00edan frecuentes. \u00bfQu\u00e9 hac\u00edan en esos casos? \u00bfD\u00f3nde se celebraban los plenos del siglo XVI? \u00bfEran los vallisoletanos del siglo XVI tan aficionados al teatro como lo somos ahora? \u00bfEra habitual tener mascotas en el siglo XVI? En el siglo XXI tendemos a pensar que nuestros antepasados muy\u2026 \u201climpios\u201d\u2026 no eran, as\u00ed que a lo mejor la villa comunera era un poco \u201cpocilga\u201d\u2026 \u00bfQu\u00e9 hubiera necesitado para abrir mi propia tienda de ropa en su \u00e9poca? \u00bfHab\u00eda agua corriente en la Edad Media? \u00bfC\u00f3mo era el hospedaje en el siglo XVI? \u00bfExist\u00eda alg\u00fan ayuntamiento en su \u00e9poca? \u00bfIban los ni\u00f1os del siglo XVI a la escuela? \u00bfEra habitual educarlos? \u00bfD\u00f3nde se compraba la comida en aquellos a\u00f1os? Si pudi\u00e9ramos entrar a una taberna de entonces \u00bfqu\u00e9 podr\u00edamos beber? \u00bfImaginas c\u00f3mo era el Valladolid del siglo XVI? \u00bfC\u00f3mo piensas que ser\u00eda el d\u00eda a d\u00eda de sus habitantes? \u00bfY el funcionamiento de las instituciones locales? \u00bfC\u00f3mo influy\u00f3 el [&hellip;]","og_url":"https:\/\/www.info.valladolid.es\/blog\/el-consultorio-de-angela-palafox\/","og_site_name":"Blog Cultura y Turismo","article_published_time":"2021-01-21T12:11:21+00:00","article_modified_time":"2021-05-24T12:02:33+00:00","og_image":[{"width":2048,"height":1536,"url":"https:\/\/www.info.valladolid.es\/blog\/wp-content\/uploads\/2021\/01\/WhatsApp-Image-2021-01-21-at-11.19.36.jpeg","type":"image\/jpeg"}],"author":"administrador","twitter_card":"summary_large_image","twitter_misc":{"Escrito por":"administrador","Tiempo de lectura":"2 minutos"},"schema":{"@context":"https:\/\/schema.org","@graph":[{"@type":"Article","@id":"https:\/\/www.info.valladolid.es\/blog\/el-consultorio-de-angela-palafox\/#article","isPartOf":{"@id":"https:\/\/www.info.valladolid.es\/blog\/el-consultorio-de-angela-palafox\/"},"author":{"name":"administrador","@id":"https:\/\/www.info.valladolid.es\/blog\/#\/schema\/person\/845cac97e6156a5a9c5abd68b7b9a5d5"},"headline":"El consultorio de \u00c1ngela Palafox","datePublished":"2021-01-21T12:11:21+00:00","dateModified":"2021-05-24T12:02:33+00:00","mainEntityOfPage":{"@id":"https:\/\/www.info.valladolid.es\/blog\/el-consultorio-de-angela-palafox\/"},"wordCount":379,"commentCount":4,"image":{"@id":"https:\/\/www.info.valladolid.es\/blog\/el-consultorio-de-angela-palafox\/#primaryimage"},"thumbnailUrl":"https:\/\/www.info.valladolid.es\/blog\/wp-content\/uploads\/2021\/01\/WhatsApp-Image-2021-01-21-at-11.19.36.jpeg","articleSection":["Personajes e historia"],"inLanguage":"es","potentialAction":[{"@type":"CommentAction","name":"Comment","target":["https:\/\/www.info.valladolid.es\/blog\/el-consultorio-de-angela-palafox\/#respond"]}]},{"@type":"WebPage","@id":"https:\/\/www.info.valladolid.es\/blog\/el-consultorio-de-angela-palafox\/","url":"https:\/\/www.info.valladolid.es\/blog\/el-consultorio-de-angela-palafox\/","name":"El consultorio de \u00c1ngela Palafox - Blog Cultura y Turismo","isPartOf":{"@id":"https:\/\/www.info.valladolid.es\/blog\/#website"},"primaryImageOfPage":{"@id":"https:\/\/www.info.valladolid.es\/blog\/el-consultorio-de-angela-palafox\/#primaryimage"},"image":{"@id":"https:\/\/www.info.valladolid.es\/blog\/el-consultorio-de-angela-palafox\/#primaryimage"},"thumbnailUrl":"https:\/\/www.info.valladolid.es\/blog\/wp-content\/uploads\/2021\/01\/WhatsApp-Image-2021-01-21-at-11.19.36.jpeg","datePublished":"2021-01-21T12:11:21+00:00","dateModified":"2021-05-24T12:02:33+00:00","author":{"@id":"https:\/\/www.info.valladolid.es\/blog\/#\/schema\/person\/845cac97e6156a5a9c5abd68b7b9a5d5"},"breadcrumb":{"@id":"https:\/\/www.info.valladolid.es\/blog\/el-consultorio-de-angela-palafox\/#breadcrumb"},"inLanguage":"es","potentialAction":[{"@type":"ReadAction","target":["https:\/\/www.info.valladolid.es\/blog\/el-consultorio-de-angela-palafox\/"]}]},{"@type":"ImageObject","inLanguage":"es","@id":"https:\/\/www.info.valladolid.es\/blog\/el-consultorio-de-angela-palafox\/#primaryimage","url":"https:\/\/www.info.valladolid.es\/blog\/wp-content\/uploads\/2021\/01\/WhatsApp-Image-2021-01-21-at-11.19.36.jpeg","contentUrl":"https:\/\/www.info.valladolid.es\/blog\/wp-content\/uploads\/2021\/01\/WhatsApp-Image-2021-01-21-at-11.19.36.jpeg","width":2048,"height":1536},{"@type":"BreadcrumbList","@id":"https:\/\/www.info.valladolid.es\/blog\/el-consultorio-de-angela-palafox\/#breadcrumb","itemListElement":[{"@type":"ListItem","position":1,"name":"Home","item":"https:\/\/www.info.valladolid.es\/blog\/"},{"@type":"ListItem","position":2,"name":"El consultorio de \u00c1ngela Palafox"}]},{"@type":"WebSite","@id":"https:\/\/www.info.valladolid.es\/blog\/#website","url":"https:\/\/www.info.valladolid.es\/blog\/","name":"Blog Cultura y Turismo","description":"","potentialAction":[{"@type":"SearchAction","target":{"@type":"EntryPoint","urlTemplate":"https:\/\/www.info.valladolid.es\/blog\/?s={search_term_string}"},"query-input":{"@type":"PropertyValueSpecification","valueRequired":true,"valueName":"search_term_string"}}],"inLanguage":"es"},{"@type":"Person","@id":"https:\/\/www.info.valladolid.es\/blog\/#\/schema\/person\/845cac97e6156a5a9c5abd68b7b9a5d5","name":"administrador","image":{"@type":"ImageObject","inLanguage":"es","@id":"https:\/\/secure.gravatar.com\/avatar\/418161d2f95196597e2d305bd301c850afab7f4b284a344fb2d759f048b71c61?s=96&d=mm&r=g","url":"https:\/\/secure.gravatar.com\/avatar\/418161d2f95196597e2d305bd301c850afab7f4b284a344fb2d759f048b71c61?s=96&d=mm&r=g","contentUrl":"https:\/\/secure.gravatar.com\/avatar\/418161d2f95196597e2d305bd301c850afab7f4b284a344fb2d759f048b71c61?s=96&d=mm&r=g","caption":"administrador"},"url":"https:\/\/www.info.valladolid.es\/blog\/author\/administrador\/"}]}},"_links":{"self":[{"href":"https:\/\/www.info.valladolid.es\/blog\/wp-json\/wp\/v2\/posts\/7639","targetHints":{"allow":["GET"]}}],"collection":[{"href":"https:\/\/www.info.valladolid.es\/blog\/wp-json\/wp\/v2\/posts"}],"about":[{"href":"https:\/\/www.info.valladolid.es\/blog\/wp-json\/wp\/v2\/types\/post"}],"author":[{"embeddable":true,"href":"https:\/\/www.info.valladolid.es\/blog\/wp-json\/wp\/v2\/users\/1"}],"replies":[{"embeddable":true,"href":"https:\/\/www.info.valladolid.es\/blog\/wp-json\/wp\/v2\/comments?post=7639"}],"version-history":[{"count":36,"href":"https:\/\/www.info.valladolid.es\/blog\/wp-json\/wp\/v2\/posts\/7639\/revisions"}],"predecessor-version":[{"id":8375,"href":"https:\/\/www.info.valladolid.es\/blog\/wp-json\/wp\/v2\/posts\/7639\/revisions\/8375"}],"wp:featuredmedia":[{"embeddable":true,"href":"https:\/\/www.info.valladolid.es\/blog\/wp-json\/wp\/v2\/media\/7649"}],"wp:attachment":[{"href":"https:\/\/www.info.valladolid.es\/blog\/wp-json\/wp\/v2\/media?parent=7639"}],"wp:term":[{"taxonomy":"category","embeddable":true,"href":"https:\/\/www.info.valladolid.es\/blog\/wp-json\/wp\/v2\/categories?post=7639"},{"taxonomy":"post_tag","embeddable":true,"href":"https:\/\/www.info.valladolid.es\/blog\/wp-json\/wp\/v2\/tags?post=7639"}],"curies":[{"name":"wp","href":"https:\/\/api.w.org\/{rel}","templated":true}]}}