{"id":7588,"date":"2021-01-13T11:03:26","date_gmt":"2021-01-13T11:03:26","guid":{"rendered":"https:\/\/www.info.valladolid.es\/blog\/?p=7588"},"modified":"2021-02-05T12:13:27","modified_gmt":"2021-02-05T12:13:27","slug":"xxi-certamen-acor","status":"publish","type":"post","link":"https:\/\/www.info.valladolid.es\/blog\/xxi-certamen-acor\/","title":{"rendered":"XXI Certamen de pintura ACOR en Las Francesas"},"content":{"rendered":"\n<p>El XXI Certamen de pintura ACOR exhibe una selecci\u00f3n de 22 cuadros, de entre los 148 que se han presentado, y que puede visitarse en la Sala Municipal de Exposiciones de Las Francesas -de martes a domingo y festivos, de 12 a 14 y de 18 a 21 horas, entrada gratuita-. <\/p>\n\n\n\n<p><strong>Ganador del XXI certamen ACOR<\/strong><\/p>\n\n\n\n<p>El artista de Medina de Pomar (Burgos) Guillermo Sedano ha sido elegido ganador de la cita por su obra Niebla. El jurado la ha destacado como \u00abuna gran pintura equilibrada entre la ejecuci\u00f3n y el tema\u00bb, adem\u00e1s de aplaudir la \u00abintensidad en la finura de los matices, su delicadeza en un paisaje muy sencillo, un camino que se pierde en la niebla que es muy sugerente\u00bb.<\/p>\n\n\n\n<p>Guillermo Sedano, licenciado en Bellas Artes por la Universidad de Salamanca, gana por segunda vez el certamen ACOR, despu\u00e9s de ser seleccionado por el jurado en 2014. Adem\u00e1s, este mismo a\u00f1o tambi\u00e9n ha ganado el IX premio Caneja de Pintura de Palencia.<\/p>\n\n\n\n<p>Con este agradable paisaje, asegura el artista, quiere transmitir al espectador misterio, silencio o soledad. \u00abUtilizo el camino de forma recurrente en mis cuadros. Es una invitaci\u00f3n a que el espectador haga ese mismo recorrido. Busco que se sienta atrapado en ese halo de misterio, de silencio. Y que cada uno pueda interpretar lo que siente, paz, fr\u00edo\u2026\u00bb, explica Sedano.<\/p>\n\n\n\n<p><strong>Obras seleccionadas del XXI certamen ACOR<\/strong><\/p>\n\n\n\n<p>En total, se exhiben 22 lienzos de los que han concurrido a la presente edici\u00f3n del certamen. Consulta el listado de obras:<\/p>\n\n\n\n<figure class=\"wp-block-image\"><img loading=\"lazy\" decoding=\"async\" width=\"932\" height=\"886\" src=\"https:\/\/www.info.valladolid.es\/blog\/wp-content\/uploads\/2021\/01\/obras-acor-2021.jpg\" alt=\"\" class=\"wp-image-7603\" srcset=\"https:\/\/www.info.valladolid.es\/blog\/wp-content\/uploads\/2021\/01\/obras-acor-2021.jpg 932w, https:\/\/www.info.valladolid.es\/blog\/wp-content\/uploads\/2021\/01\/obras-acor-2021-300x285.jpg 300w, https:\/\/www.info.valladolid.es\/blog\/wp-content\/uploads\/2021\/01\/obras-acor-2021-768x730.jpg 768w\" sizes=\"auto, (max-width: 932px) 100vw, 932px\" \/><\/figure>\n\n\n\n<p><strong>20 a\u00f1os de Certamen de Pintura ACOR<\/strong><\/p>\n\n\n\n<p>Para conmemorar las dos d\u00e9cadas de esta cita cultural, en esta ocasi\u00f3n de exponen todas las obras que han ganado el primer premio del concurso a lo largo de su historia:<\/p>\n\n\n\n<table class=\"wp-block-table\"><tbody><tr><td>A\u00f1o 2000<\/td><td>Miguel Santos Rodr\u00edguez (Valladolid) <\/td><td>&#8216;Al Alba II&#8217;<\/td><\/tr><tr><td>2001<\/td><td>Luis Manuel Nieto (Fuentelape\u00f1a, Zamora)<\/td><td>Sin t\u00edtulo<\/td><\/tr><tr><td>2002<\/td><td>Manuel Velasco Gat\u00f3n (Valladolid)<\/td><td>Reflexi\u00f3n VIII<\/td><\/tr><tr><td>2003<\/td><td>F\u00e9lix G\u00f3mez de Ag\u00fcero (Villabalter, Le\u00f3n)<\/td><td>\u00c1ngel<\/td><\/tr><tr><td>2004<\/td><td>Fernando Guerrero Salguero (Valladolid)<\/td><td>Por la ma\u00f1ana<\/td><\/tr><tr><td>2005<\/td><td>Isidro Moreno (Valladolid)<\/td><td>So\u00f1ando<\/td><\/tr><tr><td>2006<\/td><td>Jes\u00fas Arribas (Burgos)<\/td><td>Paisaje con cueva<\/td><\/tr><tr><td>2007<\/td><td>Antonio Acevedo (Valladolid)<\/td><td>Cremallera<\/td><\/tr><tr><td>2008<\/td><td>Carlos Jes\u00fas Sanz Aldea (Soria)<\/td><td>Usa Atleti<\/td><\/tr><tr><td>2009<\/td><td>Jorge Luis Bay\u00f3n de la Fuente &#8216;Coque&#8217; (Salmanca)<\/td><td>Humildades<\/td><\/tr><tr><td>2010<\/td><td>\u00c1ngel Luis Iglesias (Salamanca)<\/td><td>Elena<\/td><\/tr><tr><td>2011<\/td><td>Isidro Moreno (Valladolid)<\/td><td>Hoces<\/td><\/tr><tr><td>2012<\/td><td>Jose Antonio Montecino Prada (Zamora)<\/td><td>Paisaje de Silencio<\/td><\/tr><tr><td>2013<\/td><td>Antonio de \u00c1vila (Berrocalero de Aragona, \u00c1vila)<\/td><td>Rosal Blanco<\/td><\/tr><tr><td>2014<\/td><td>Guillermo Sedano (Medina de Pomar, Burgos)<\/td><td>Nieve<\/td><\/tr><tr><td>2015<\/td><td>Carlos Adeva (Toro, Zamora)<\/td><td>Desatino<\/td><\/tr><tr><td>2016<\/td><td>Gonzalo Prieto Cordero (Le\u00f3n)<\/td><td>Rompiente<\/td><\/tr><tr><td>2017<\/td><td> <br>Jos\u00e9 Luis Repiso de la Fuente (Valladolid) <\/td><td>El \u00e1rbol rojo<\/td><\/tr><tr><td>2018<\/td><td>Fernando Palacios (Villamuriel de Cerrato, Palencia)<\/td><td>Febrero blanco<\/td><\/tr><tr><td>2019<\/td><td>Javier Ria\u00f1o (\u00c1vila)<\/td><td>Long distance runners<\/td><\/tr><\/tbody><\/table>\n","protected":false},"excerpt":{"rendered":"<p>El XXI Certamen de pintura ACOR exhibe una selecci\u00f3n de 22 cuadros, de entre los 148 que se han presentado, y que puede visitarse en la Sala Municipal de Exposiciones de Las Francesas -de martes a domingo y festivos, de 12 a 14 y de 18 a 21 horas, entrada gratuita-. Ganador del XXI certamen ACOR El artista de Medina de Pomar (Burgos) Guillermo Sedano ha sido elegido ganador de la cita por su obra Niebla. El jurado la ha destacado como \u00abuna gran pintura equilibrada entre la ejecuci\u00f3n y el tema\u00bb, adem\u00e1s de aplaudir la \u00abintensidad en la finura de los matices, su delicadeza en un paisaje muy sencillo, un camino que se pierde en la niebla que es muy sugerente\u00bb. Guillermo Sedano, licenciado en Bellas Artes por la Universidad de Salamanca, gana por segunda vez el certamen ACOR, despu\u00e9s de ser seleccionado por el jurado en 2014. Adem\u00e1s, este mismo a\u00f1o tambi\u00e9n ha ganado el IX premio Caneja de Pintura de Palencia. Con este agradable paisaje, asegura el artista, quiere transmitir al espectador misterio, silencio o soledad. \u00abUtilizo el camino de forma recurrente en mis cuadros. Es una invitaci\u00f3n a que el espectador haga ese mismo recorrido. Busco [&hellip;]<\/p>\n","protected":false},"author":1,"featured_media":7615,"comment_status":"open","ping_status":"open","sticky":false,"template":"","format":"standard","meta":{"footnotes":""},"categories":[6],"tags":[],"class_list":["post-7588","post","type-post","status-publish","format-standard","has-post-thumbnail","hentry","category-arte-y-museos"],"yoast_head":"<!-- This site is optimized with the Yoast SEO plugin v27.5 - https:\/\/yoast.com\/product\/yoast-seo-wordpress\/ -->\n<title>XXI Certamen de pintura ACOR en Las Francesas - Blog Cultura y Turismo<\/title>\n<meta name=\"robots\" content=\"index, follow, max-snippet:-1, max-image-preview:large, max-video-preview:-1\" \/>\n<link rel=\"canonical\" href=\"https:\/\/www.info.valladolid.es\/blog\/xxi-certamen-acor\/\" \/>\n<meta property=\"og:locale\" content=\"es_ES\" \/>\n<meta property=\"og:type\" content=\"article\" \/>\n<meta property=\"og:title\" content=\"XXI Certamen de pintura ACOR en Las Francesas - Blog Cultura y Turismo\" \/>\n<meta property=\"og:description\" content=\"El XXI Certamen de pintura ACOR exhibe una selecci\u00f3n de 22 cuadros, de entre los 148 que se han presentado, y que puede visitarse en la Sala Municipal de Exposiciones de Las Francesas -de martes a domingo y festivos, de 12 a 14 y de 18 a 21 horas, entrada gratuita-. Ganador del XXI certamen ACOR El artista de Medina de Pomar (Burgos) Guillermo Sedano ha sido elegido ganador de la cita por su obra Niebla. El jurado la ha destacado como \u00abuna gran pintura equilibrada entre la ejecuci\u00f3n y el tema\u00bb, adem\u00e1s de aplaudir la \u00abintensidad en la finura de los matices, su delicadeza en un paisaje muy sencillo, un camino que se pierde en la niebla que es muy sugerente\u00bb. Guillermo Sedano, licenciado en Bellas Artes por la Universidad de Salamanca, gana por segunda vez el certamen ACOR, despu\u00e9s de ser seleccionado por el jurado en 2014. Adem\u00e1s, este mismo a\u00f1o tambi\u00e9n ha ganado el IX premio Caneja de Pintura de Palencia. Con este agradable paisaje, asegura el artista, quiere transmitir al espectador misterio, silencio o soledad. \u00abUtilizo el camino de forma recurrente en mis cuadros. Es una invitaci\u00f3n a que el espectador haga ese mismo recorrido. Busco [&hellip;]\" \/>\n<meta property=\"og:url\" content=\"https:\/\/www.info.valladolid.es\/blog\/xxi-certamen-acor\/\" \/>\n<meta property=\"og:site_name\" content=\"Blog Cultura y Turismo\" \/>\n<meta property=\"article:published_time\" content=\"2021-01-13T11:03:26+00:00\" \/>\n<meta property=\"article:modified_time\" content=\"2021-02-05T12:13:27+00:00\" \/>\n<meta property=\"og:image\" content=\"https:\/\/www.info.valladolid.es\/blog\/wp-content\/uploads\/2021\/01\/blog-acor.jpg\" \/>\n\t<meta property=\"og:image:width\" content=\"618\" \/>\n\t<meta property=\"og:image:height\" content=\"412\" \/>\n\t<meta property=\"og:image:type\" content=\"image\/jpeg\" \/>\n<meta name=\"author\" content=\"administrador\" \/>\n<meta name=\"twitter:card\" content=\"summary_large_image\" \/>\n<meta name=\"twitter:label1\" content=\"Escrito por\" \/>\n\t<meta name=\"twitter:data1\" content=\"administrador\" \/>\n\t<meta name=\"twitter:label2\" content=\"Tiempo de lectura\" \/>\n\t<meta name=\"twitter:data2\" content=\"2 minutos\" \/>\n<script type=\"application\/ld+json\" class=\"yoast-schema-graph\">{\"@context\":\"https:\\\/\\\/schema.org\",\"@graph\":[{\"@type\":\"Article\",\"@id\":\"https:\\\/\\\/www.info.valladolid.es\\\/blog\\\/xxi-certamen-acor\\\/#article\",\"isPartOf\":{\"@id\":\"https:\\\/\\\/www.info.valladolid.es\\\/blog\\\/xxi-certamen-acor\\\/\"},\"author\":{\"name\":\"administrador\",\"@id\":\"https:\\\/\\\/www.info.valladolid.es\\\/blog\\\/#\\\/schema\\\/person\\\/845cac97e6156a5a9c5abd68b7b9a5d5\"},\"headline\":\"XXI Certamen de pintura ACOR en Las Francesas\",\"datePublished\":\"2021-01-13T11:03:26+00:00\",\"dateModified\":\"2021-02-05T12:13:27+00:00\",\"mainEntityOfPage\":{\"@id\":\"https:\\\/\\\/www.info.valladolid.es\\\/blog\\\/xxi-certamen-acor\\\/\"},\"wordCount\":451,\"commentCount\":2,\"image\":{\"@id\":\"https:\\\/\\\/www.info.valladolid.es\\\/blog\\\/xxi-certamen-acor\\\/#primaryimage\"},\"thumbnailUrl\":\"https:\\\/\\\/www.info.valladolid.es\\\/blog\\\/wp-content\\\/uploads\\\/2021\\\/01\\\/blog-acor.jpg\",\"articleSection\":[\"Arte y Museos\"],\"inLanguage\":\"es\",\"potentialAction\":[{\"@type\":\"CommentAction\",\"name\":\"Comment\",\"target\":[\"https:\\\/\\\/www.info.valladolid.es\\\/blog\\\/xxi-certamen-acor\\\/#respond\"]}]},{\"@type\":\"WebPage\",\"@id\":\"https:\\\/\\\/www.info.valladolid.es\\\/blog\\\/xxi-certamen-acor\\\/\",\"url\":\"https:\\\/\\\/www.info.valladolid.es\\\/blog\\\/xxi-certamen-acor\\\/\",\"name\":\"XXI Certamen de pintura ACOR en Las Francesas - Blog Cultura y Turismo\",\"isPartOf\":{\"@id\":\"https:\\\/\\\/www.info.valladolid.es\\\/blog\\\/#website\"},\"primaryImageOfPage\":{\"@id\":\"https:\\\/\\\/www.info.valladolid.es\\\/blog\\\/xxi-certamen-acor\\\/#primaryimage\"},\"image\":{\"@id\":\"https:\\\/\\\/www.info.valladolid.es\\\/blog\\\/xxi-certamen-acor\\\/#primaryimage\"},\"thumbnailUrl\":\"https:\\\/\\\/www.info.valladolid.es\\\/blog\\\/wp-content\\\/uploads\\\/2021\\\/01\\\/blog-acor.jpg\",\"datePublished\":\"2021-01-13T11:03:26+00:00\",\"dateModified\":\"2021-02-05T12:13:27+00:00\",\"author\":{\"@id\":\"https:\\\/\\\/www.info.valladolid.es\\\/blog\\\/#\\\/schema\\\/person\\\/845cac97e6156a5a9c5abd68b7b9a5d5\"},\"breadcrumb\":{\"@id\":\"https:\\\/\\\/www.info.valladolid.es\\\/blog\\\/xxi-certamen-acor\\\/#breadcrumb\"},\"inLanguage\":\"es\",\"potentialAction\":[{\"@type\":\"ReadAction\",\"target\":[\"https:\\\/\\\/www.info.valladolid.es\\\/blog\\\/xxi-certamen-acor\\\/\"]}]},{\"@type\":\"ImageObject\",\"inLanguage\":\"es\",\"@id\":\"https:\\\/\\\/www.info.valladolid.es\\\/blog\\\/xxi-certamen-acor\\\/#primaryimage\",\"url\":\"https:\\\/\\\/www.info.valladolid.es\\\/blog\\\/wp-content\\\/uploads\\\/2021\\\/01\\\/blog-acor.jpg\",\"contentUrl\":\"https:\\\/\\\/www.info.valladolid.es\\\/blog\\\/wp-content\\\/uploads\\\/2021\\\/01\\\/blog-acor.jpg\",\"width\":618,\"height\":412},{\"@type\":\"BreadcrumbList\",\"@id\":\"https:\\\/\\\/www.info.valladolid.es\\\/blog\\\/xxi-certamen-acor\\\/#breadcrumb\",\"itemListElement\":[{\"@type\":\"ListItem\",\"position\":1,\"name\":\"Home\",\"item\":\"https:\\\/\\\/www.info.valladolid.es\\\/blog\\\/\"},{\"@type\":\"ListItem\",\"position\":2,\"name\":\"XXI Certamen de pintura ACOR en Las Francesas\"}]},{\"@type\":\"WebSite\",\"@id\":\"https:\\\/\\\/www.info.valladolid.es\\\/blog\\\/#website\",\"url\":\"https:\\\/\\\/www.info.valladolid.es\\\/blog\\\/\",\"name\":\"Blog Cultura y Turismo\",\"description\":\"\",\"potentialAction\":[{\"@type\":\"SearchAction\",\"target\":{\"@type\":\"EntryPoint\",\"urlTemplate\":\"https:\\\/\\\/www.info.valladolid.es\\\/blog\\\/?s={search_term_string}\"},\"query-input\":{\"@type\":\"PropertyValueSpecification\",\"valueRequired\":true,\"valueName\":\"search_term_string\"}}],\"inLanguage\":\"es\"},{\"@type\":\"Person\",\"@id\":\"https:\\\/\\\/www.info.valladolid.es\\\/blog\\\/#\\\/schema\\\/person\\\/845cac97e6156a5a9c5abd68b7b9a5d5\",\"name\":\"administrador\",\"image\":{\"@type\":\"ImageObject\",\"inLanguage\":\"es\",\"@id\":\"https:\\\/\\\/secure.gravatar.com\\\/avatar\\\/418161d2f95196597e2d305bd301c850afab7f4b284a344fb2d759f048b71c61?s=96&d=mm&r=g\",\"url\":\"https:\\\/\\\/secure.gravatar.com\\\/avatar\\\/418161d2f95196597e2d305bd301c850afab7f4b284a344fb2d759f048b71c61?s=96&d=mm&r=g\",\"contentUrl\":\"https:\\\/\\\/secure.gravatar.com\\\/avatar\\\/418161d2f95196597e2d305bd301c850afab7f4b284a344fb2d759f048b71c61?s=96&d=mm&r=g\",\"caption\":\"administrador\"},\"url\":\"https:\\\/\\\/www.info.valladolid.es\\\/blog\\\/author\\\/administrador\\\/\"}]}<\/script>\n<!-- \/ Yoast SEO plugin. -->","yoast_head_json":{"title":"XXI Certamen de pintura ACOR en Las Francesas - Blog Cultura y Turismo","robots":{"index":"index","follow":"follow","max-snippet":"max-snippet:-1","max-image-preview":"max-image-preview:large","max-video-preview":"max-video-preview:-1"},"canonical":"https:\/\/www.info.valladolid.es\/blog\/xxi-certamen-acor\/","og_locale":"es_ES","og_type":"article","og_title":"XXI Certamen de pintura ACOR en Las Francesas - Blog Cultura y Turismo","og_description":"El XXI Certamen de pintura ACOR exhibe una selecci\u00f3n de 22 cuadros, de entre los 148 que se han presentado, y que puede visitarse en la Sala Municipal de Exposiciones de Las Francesas -de martes a domingo y festivos, de 12 a 14 y de 18 a 21 horas, entrada gratuita-. Ganador del XXI certamen ACOR El artista de Medina de Pomar (Burgos) Guillermo Sedano ha sido elegido ganador de la cita por su obra Niebla. El jurado la ha destacado como \u00abuna gran pintura equilibrada entre la ejecuci\u00f3n y el tema\u00bb, adem\u00e1s de aplaudir la \u00abintensidad en la finura de los matices, su delicadeza en un paisaje muy sencillo, un camino que se pierde en la niebla que es muy sugerente\u00bb. Guillermo Sedano, licenciado en Bellas Artes por la Universidad de Salamanca, gana por segunda vez el certamen ACOR, despu\u00e9s de ser seleccionado por el jurado en 2014. Adem\u00e1s, este mismo a\u00f1o tambi\u00e9n ha ganado el IX premio Caneja de Pintura de Palencia. Con este agradable paisaje, asegura el artista, quiere transmitir al espectador misterio, silencio o soledad. \u00abUtilizo el camino de forma recurrente en mis cuadros. Es una invitaci\u00f3n a que el espectador haga ese mismo recorrido. Busco [&hellip;]","og_url":"https:\/\/www.info.valladolid.es\/blog\/xxi-certamen-acor\/","og_site_name":"Blog Cultura y Turismo","article_published_time":"2021-01-13T11:03:26+00:00","article_modified_time":"2021-02-05T12:13:27+00:00","og_image":[{"width":618,"height":412,"url":"https:\/\/www.info.valladolid.es\/blog\/wp-content\/uploads\/2021\/01\/blog-acor.jpg","type":"image\/jpeg"}],"author":"administrador","twitter_card":"summary_large_image","twitter_misc":{"Escrito por":"administrador","Tiempo de lectura":"2 minutos"},"schema":{"@context":"https:\/\/schema.org","@graph":[{"@type":"Article","@id":"https:\/\/www.info.valladolid.es\/blog\/xxi-certamen-acor\/#article","isPartOf":{"@id":"https:\/\/www.info.valladolid.es\/blog\/xxi-certamen-acor\/"},"author":{"name":"administrador","@id":"https:\/\/www.info.valladolid.es\/blog\/#\/schema\/person\/845cac97e6156a5a9c5abd68b7b9a5d5"},"headline":"XXI Certamen de pintura ACOR en Las Francesas","datePublished":"2021-01-13T11:03:26+00:00","dateModified":"2021-02-05T12:13:27+00:00","mainEntityOfPage":{"@id":"https:\/\/www.info.valladolid.es\/blog\/xxi-certamen-acor\/"},"wordCount":451,"commentCount":2,"image":{"@id":"https:\/\/www.info.valladolid.es\/blog\/xxi-certamen-acor\/#primaryimage"},"thumbnailUrl":"https:\/\/www.info.valladolid.es\/blog\/wp-content\/uploads\/2021\/01\/blog-acor.jpg","articleSection":["Arte y Museos"],"inLanguage":"es","potentialAction":[{"@type":"CommentAction","name":"Comment","target":["https:\/\/www.info.valladolid.es\/blog\/xxi-certamen-acor\/#respond"]}]},{"@type":"WebPage","@id":"https:\/\/www.info.valladolid.es\/blog\/xxi-certamen-acor\/","url":"https:\/\/www.info.valladolid.es\/blog\/xxi-certamen-acor\/","name":"XXI Certamen de pintura ACOR en Las Francesas - Blog Cultura y Turismo","isPartOf":{"@id":"https:\/\/www.info.valladolid.es\/blog\/#website"},"primaryImageOfPage":{"@id":"https:\/\/www.info.valladolid.es\/blog\/xxi-certamen-acor\/#primaryimage"},"image":{"@id":"https:\/\/www.info.valladolid.es\/blog\/xxi-certamen-acor\/#primaryimage"},"thumbnailUrl":"https:\/\/www.info.valladolid.es\/blog\/wp-content\/uploads\/2021\/01\/blog-acor.jpg","datePublished":"2021-01-13T11:03:26+00:00","dateModified":"2021-02-05T12:13:27+00:00","author":{"@id":"https:\/\/www.info.valladolid.es\/blog\/#\/schema\/person\/845cac97e6156a5a9c5abd68b7b9a5d5"},"breadcrumb":{"@id":"https:\/\/www.info.valladolid.es\/blog\/xxi-certamen-acor\/#breadcrumb"},"inLanguage":"es","potentialAction":[{"@type":"ReadAction","target":["https:\/\/www.info.valladolid.es\/blog\/xxi-certamen-acor\/"]}]},{"@type":"ImageObject","inLanguage":"es","@id":"https:\/\/www.info.valladolid.es\/blog\/xxi-certamen-acor\/#primaryimage","url":"https:\/\/www.info.valladolid.es\/blog\/wp-content\/uploads\/2021\/01\/blog-acor.jpg","contentUrl":"https:\/\/www.info.valladolid.es\/blog\/wp-content\/uploads\/2021\/01\/blog-acor.jpg","width":618,"height":412},{"@type":"BreadcrumbList","@id":"https:\/\/www.info.valladolid.es\/blog\/xxi-certamen-acor\/#breadcrumb","itemListElement":[{"@type":"ListItem","position":1,"name":"Home","item":"https:\/\/www.info.valladolid.es\/blog\/"},{"@type":"ListItem","position":2,"name":"XXI Certamen de pintura ACOR en Las Francesas"}]},{"@type":"WebSite","@id":"https:\/\/www.info.valladolid.es\/blog\/#website","url":"https:\/\/www.info.valladolid.es\/blog\/","name":"Blog Cultura y Turismo","description":"","potentialAction":[{"@type":"SearchAction","target":{"@type":"EntryPoint","urlTemplate":"https:\/\/www.info.valladolid.es\/blog\/?s={search_term_string}"},"query-input":{"@type":"PropertyValueSpecification","valueRequired":true,"valueName":"search_term_string"}}],"inLanguage":"es"},{"@type":"Person","@id":"https:\/\/www.info.valladolid.es\/blog\/#\/schema\/person\/845cac97e6156a5a9c5abd68b7b9a5d5","name":"administrador","image":{"@type":"ImageObject","inLanguage":"es","@id":"https:\/\/secure.gravatar.com\/avatar\/418161d2f95196597e2d305bd301c850afab7f4b284a344fb2d759f048b71c61?s=96&d=mm&r=g","url":"https:\/\/secure.gravatar.com\/avatar\/418161d2f95196597e2d305bd301c850afab7f4b284a344fb2d759f048b71c61?s=96&d=mm&r=g","contentUrl":"https:\/\/secure.gravatar.com\/avatar\/418161d2f95196597e2d305bd301c850afab7f4b284a344fb2d759f048b71c61?s=96&d=mm&r=g","caption":"administrador"},"url":"https:\/\/www.info.valladolid.es\/blog\/author\/administrador\/"}]}},"_links":{"self":[{"href":"https:\/\/www.info.valladolid.es\/blog\/wp-json\/wp\/v2\/posts\/7588","targetHints":{"allow":["GET"]}}],"collection":[{"href":"https:\/\/www.info.valladolid.es\/blog\/wp-json\/wp\/v2\/posts"}],"about":[{"href":"https:\/\/www.info.valladolid.es\/blog\/wp-json\/wp\/v2\/types\/post"}],"author":[{"embeddable":true,"href":"https:\/\/www.info.valladolid.es\/blog\/wp-json\/wp\/v2\/users\/1"}],"replies":[{"embeddable":true,"href":"https:\/\/www.info.valladolid.es\/blog\/wp-json\/wp\/v2\/comments?post=7588"}],"version-history":[{"count":5,"href":"https:\/\/www.info.valladolid.es\/blog\/wp-json\/wp\/v2\/posts\/7588\/revisions"}],"predecessor-version":[{"id":7604,"href":"https:\/\/www.info.valladolid.es\/blog\/wp-json\/wp\/v2\/posts\/7588\/revisions\/7604"}],"wp:featuredmedia":[{"embeddable":true,"href":"https:\/\/www.info.valladolid.es\/blog\/wp-json\/wp\/v2\/media\/7615"}],"wp:attachment":[{"href":"https:\/\/www.info.valladolid.es\/blog\/wp-json\/wp\/v2\/media?parent=7588"}],"wp:term":[{"taxonomy":"category","embeddable":true,"href":"https:\/\/www.info.valladolid.es\/blog\/wp-json\/wp\/v2\/categories?post=7588"},{"taxonomy":"post_tag","embeddable":true,"href":"https:\/\/www.info.valladolid.es\/blog\/wp-json\/wp\/v2\/tags?post=7588"}],"curies":[{"name":"wp","href":"https:\/\/api.w.org\/{rel}","templated":true}]}}