{"id":528,"date":"2015-08-13T12:47:04","date_gmt":"2015-08-13T12:47:04","guid":{"rendered":"http:\/\/www.info.valladolid.es\/blog\/?p=528"},"modified":"2019-02-13T13:51:43","modified_gmt":"2019-02-13T13:51:43","slug":"de-paris-a-valladolid-galeria-lelong-parte-1","status":"publish","type":"post","link":"https:\/\/www.info.valladolid.es\/blog\/de-paris-a-valladolid-galeria-lelong-parte-1\/","title":{"rendered":"De Par\u00eds a Valladolid. Galerie Lelong -parte 1-"},"content":{"rendered":"<p>Al lanzar la afirmaci\u00f3n de que la exposici\u00f3n<strong> Galerie Lelong<\/strong>, que acogen las salas de los desacralizados templos del Museo de la Pasi\u00f3n y de la Iglesia de las Francesas, es \u00fanica; cabe ce\u00f1irse a la m\u00e1s estricta literalidad: la muestra <strong>ha sido elaborada en exclusiva para Valladolid<\/strong> y no viajar\u00e1 a posteriori a ninguna otra sede.<\/p>\n<div id=\"attachment_551\" style=\"width: 209px\" class=\"wp-caption alignleft\"><a href=\"http:\/\/www.info.valladolid.es\/blog\/wp-content\/uploads\/2015\/08\/DSC_0967.jpg\"><img loading=\"lazy\" decoding=\"async\" aria-describedby=\"caption-attachment-551\" class=\" wp-image-551\" src=\"http:\/\/www.info.valladolid.es\/blog\/wp-content\/uploads\/2015\/08\/DSC_0967.jpg\" alt=\"Kiki Smith, 2011, aluminio.\" width=\"199\" height=\"299\" srcset=\"https:\/\/www.info.valladolid.es\/blog\/wp-content\/uploads\/2015\/08\/DSC_0967.jpg 3072w, https:\/\/www.info.valladolid.es\/blog\/wp-content\/uploads\/2015\/08\/DSC_0967-200x300.jpg 200w, https:\/\/www.info.valladolid.es\/blog\/wp-content\/uploads\/2015\/08\/DSC_0967-682x1024.jpg 682w\" sizes=\"auto, (max-width: 199px) 100vw, 199px\" \/><\/a><p id=\"caption-attachment-551\" class=\"wp-caption-text\">Kiki Smith, 2011, aluminio.<\/p><\/div>\n<p>Si el prestigio de una galer\u00eda puede medirse por la calidad de sus artistas, la Lelong es una de las m\u00e1s reputadas en la actualidad. <strong>T\u00e0pies, Chillida, Mir\u00f3<\/strong>; son algunos de los nombres que sirven, por si solos, como carta de presentaci\u00f3n de la galer\u00eda.<\/p>\n<p>Sin embargo, en esta ocasi\u00f3n maestros como Chillida se han quedado fuera dado el criterio de selecci\u00f3n que ha regido las decisiones del fundador y presidente de la Galerie Lelong, Jean Fr\u00e9mon. Ha apostado por dar cabida a autores vivos en la actualidad, con la excepci\u00f3n de Antoni T\u00e0pies, fallecido en 2012, y de G\u00fcnther F\u00f6rg, desparecido en 2013 y que muestra aqu\u00ed una obra de aplastante corte geom\u00e9trico.<\/p>\n<p><span style=\"text-decoration: underline;\"><strong>De la ciudad de las luces al Museo de la Pasi\u00f3n<\/strong><\/span><\/p>\n<p>Cuatro obras del artista catal\u00e1n &#8211; <em>Cos i banyera, Cames, Creu i copa<\/em> y <em>Croix et fl\u00e8ches<\/em> &#8211; presentan un entramado de t\u00e9cnicas y soportes en un lugar privilegiado del Museo de la Pasi\u00f3n, con una rica exaltaci\u00f3n de la textura realizada, sin embargo, con discreci\u00f3n.<br \/>\nEn esa misma planta principal se exhiben creaciones de los otros dos espa\u00f1oles que participan en la muestra, <strong>Jaume Plensa<\/strong> \u2013<em>Rui Rui<\/em>, una de las primeras obras en formato medio del artista, y <em>Chlo\u00e9<\/em>, ambas en bronce; un reflejo del mundo interior con los ojos cerrados- y <strong>Juan Usl\u00e9<\/strong> &#8211;<em>Entre tus cosas<\/em>, vinilo sobre lienzo-.<\/p>\n<p>Frente a los rostros serenos de <em>Rui Rui<\/em> y <em>Chlo\u00e9<\/em>, una puerta invita al visitante a descubrir la obra gr\u00e1fica de la poeta <strong>Etel Adnan<\/strong> a trav\u00e9s de siete trabajos\u2013todos ellos sin t\u00edtulo \u2013 en acuarela, \u00f3leo y tinta china. Una tendencia que la autora considera que <em>\u201cera el equivalente a la expresi\u00f3n po\u00e9tica\u201d.<\/em><\/p>\n<p>Pero el elemento que domina el espacio es la escultura <em>Crescent Bird<\/em> de <strong>Kiki Smith,<\/strong> que se eleva&nbsp;hacia el tallado techo de madera y que perpetua el tem\u00e1tica de nacimiento y resurrecci\u00f3n que impera en su trayectoria. &nbsp;El cuerpo en aluminio act\u00faa como una et\u00e9rea barrera entre las coloridas obras de T\u00e0pies y la oda al gris de las del dos veces nominado al premio Turner <strong>Sean Scully<\/strong> \u2013<em>Standing grey<\/em> y <em>Paris Robe<\/em>-.<\/p>\n<p>&nbsp;<\/p>\n<div id=\"attachment_534\" style=\"width: 310px\" class=\"wp-caption alignleft\"><a href=\"http:\/\/www.info.valladolid.es\/blog\/wp-content\/uploads\/2015\/08\/DSC_0923.jpg\"><img loading=\"lazy\" decoding=\"async\" aria-describedby=\"caption-attachment-534\" class=\"size-medium wp-image-534\" src=\"http:\/\/www.info.valladolid.es\/blog\/wp-content\/uploads\/2015\/08\/DSC_0923-300x200.jpg\" alt=\"Chlo\u00e9 y Rui Rui.\" width=\"300\" height=\"200\" srcset=\"https:\/\/www.info.valladolid.es\/blog\/wp-content\/uploads\/2015\/08\/DSC_0923-300x200.jpg 300w, https:\/\/www.info.valladolid.es\/blog\/wp-content\/uploads\/2015\/08\/DSC_0923-1024x682.jpg 1024w\" sizes=\"auto, (max-width: 300px) 100vw, 300px\" \/><\/a><p id=\"caption-attachment-534\" class=\"wp-caption-text\">Chlo\u00e9 y Rui Rui. Ambas de Jaume Plensa, 2014.<\/p><\/div>\n<p><span style=\"text-decoration: underline;\"><strong>Madera, tinta<\/strong><\/span><\/p>\n<p>Al subir las escaleras, es inevitable que el imponente mural de veinte metros de largo capte toda la atenci\u00f3n del visitante.<em> Dynastie<\/em>, elaborado por <strong>Barth\u00e9lemy Toguo<\/strong> en acuarela, ocupa toda una pared de la segunda planta. El autor camerun\u00e9s recupera detalles africanos en esta obra.<\/p>\n<p>A los lados, custodiando los trazos en acuarela de la pintura, se encuentran igualmente joyas de la Galerie Lelong en <strong>Valladolid<\/strong>, las pinturas sobre papel de China y de Corea que firma <strong>Pierre Alechinsky<\/strong>&#8211;<em>&#8230;D&#8217;Exclamation III, &#8230;D&#8217;Exclamation IV, &#8230;D&#8217;Exclamation V<\/em> y <em>Finalement<\/em>, en tres partes-.<\/p>\n<p>La tinta tambi\u00e9n impera en la obra de <strong>Nalini Malani<\/strong>. En esta muestra se exhiben dos obras de gran tama\u00f1o, elaboradas con tinta, laca y acr\u00edlico &#8211;<em>Part Object<\/em>, en doce partes, y <em>Radha,<\/em> un regreso a su origen hind\u00fa como referencia a la consorte del dios Krishna-.<\/p>\n<p>El resto de la sala queda reservada a las esculturas en materiales naturales -corcho y madera de eucalipto o abedul &#8211; de <strong>David Nash<\/strong> &#8211; <em>Red Rain, Red Cut Column, Sliced Frame, Icon<\/em> y <em>Corks<\/em>-, un ejemplo del estilo tan propio del escultor brit\u00e1nico, definido por el uso del \u00e1rbol como elemento base y la b\u00fasqueda de la armon\u00eda con las caracter\u00edsticas de la madera.<\/p>\n<p><a title=\"De Par\u00eds a Valladolid. Galerie Lelong -parte 2-\" href=\"http:\/\/www.info.valladolid.es\/blog\/de-paris-a-valladolid-galerie-lelong-parte-2\/\" target=\"_blank\">Galerie Lelong en Valladolid. Segunda parte, Iglesia de las Francesas.<\/a><\/p>\n\n\t\t<style type=\"text\/css\">\n\t\t\t#gallery-1 {\n\t\t\t\tmargin: auto;\n\t\t\t}\n\t\t\t#gallery-1 .gallery-item {\n\t\t\t\tfloat: left;\n\t\t\t\tmargin-top: 10px;\n\t\t\t\ttext-align: center;\n\t\t\t\twidth: 33%;\n\t\t\t}\n\t\t\t#gallery-1 img {\n\t\t\t\tborder: 2px solid #cfcfcf;\n\t\t\t}\n\t\t\t#gallery-1 .gallery-caption {\n\t\t\t\tmargin-left: 0;\n\t\t\t}\n\t\t\t\/* see gallery_shortcode() in wp-includes\/media.php *\/\n\t\t<\/style>\n\t\t<div id='gallery-1' class='gallery galleryid-528 gallery-columns-3 gallery-size-thumbnail'><dl class='gallery-item'>\n\t\t\t<dt class='gallery-icon portrait'>\n\t\t\t\t<a href='https:\/\/www.info.valladolid.es\/blog\/de-paris-a-valladolid-galeria-lelong-parte-1\/dsc_0967\/'><img loading=\"lazy\" decoding=\"async\" width=\"150\" height=\"150\" src=\"https:\/\/www.info.valladolid.es\/blog\/wp-content\/uploads\/2015\/08\/DSC_0967-150x150.jpg\" class=\"attachment-thumbnail size-thumbnail\" alt=\"Crescent Bird.\" aria-describedby=\"gallery-1-551\" srcset=\"https:\/\/www.info.valladolid.es\/blog\/wp-content\/uploads\/2015\/08\/DSC_0967-150x150.jpg 150w, https:\/\/www.info.valladolid.es\/blog\/wp-content\/uploads\/2015\/08\/DSC_0967-160x160.jpg 160w\" sizes=\"auto, (max-width: 150px) 100vw, 150px\" \/><\/a>\n\t\t\t<\/dt>\n\t\t\t\t<dd class='wp-caption-text gallery-caption' id='gallery-1-551'>\n\t\t\t\tKiki Smith, 2011, aluminio.\n\t\t\t\t<\/dd><\/dl><dl class='gallery-item'>\n\t\t\t<dt class='gallery-icon landscape'>\n\t\t\t\t<a href='https:\/\/www.info.valladolid.es\/blog\/de-paris-a-valladolid-galeria-lelong-parte-1\/dsc_0982\/'><img loading=\"lazy\" decoding=\"async\" width=\"150\" height=\"150\" src=\"https:\/\/www.info.valladolid.es\/blog\/wp-content\/uploads\/2015\/08\/DSC_0982-150x150.jpg\" class=\"attachment-thumbnail size-thumbnail\" alt=\"Crescent Bird.\" aria-describedby=\"gallery-1-556\" srcset=\"https:\/\/www.info.valladolid.es\/blog\/wp-content\/uploads\/2015\/08\/DSC_0982-150x150.jpg 150w, https:\/\/www.info.valladolid.es\/blog\/wp-content\/uploads\/2015\/08\/DSC_0982-160x160.jpg 160w\" sizes=\"auto, (max-width: 150px) 100vw, 150px\" \/><\/a>\n\t\t\t<\/dt>\n\t\t\t\t<dd class='wp-caption-text gallery-caption' id='gallery-1-556'>\n\t\t\t\tKiki Smith, 2011. Aluminio.\n\t\t\t\t<\/dd><\/dl><dl class='gallery-item'>\n\t\t\t<dt class='gallery-icon landscape'>\n\t\t\t\t<a href='https:\/\/www.info.valladolid.es\/blog\/de-paris-a-valladolid-galeria-lelong-parte-1\/dsc_0977\/'><img loading=\"lazy\" decoding=\"async\" width=\"150\" height=\"150\" src=\"https:\/\/www.info.valladolid.es\/blog\/wp-content\/uploads\/2015\/08\/DSC_0977-150x150.jpg\" class=\"attachment-thumbnail size-thumbnail\" alt=\"Cos i banyera.\" aria-describedby=\"gallery-1-554\" srcset=\"https:\/\/www.info.valladolid.es\/blog\/wp-content\/uploads\/2015\/08\/DSC_0977-150x150.jpg 150w, https:\/\/www.info.valladolid.es\/blog\/wp-content\/uploads\/2015\/08\/DSC_0977-160x160.jpg 160w\" sizes=\"auto, (max-width: 150px) 100vw, 150px\" \/><\/a>\n\t\t\t<\/dt>\n\t\t\t\t<dd class='wp-caption-text gallery-caption' id='gallery-1-554'>\n\t\t\t\tCos i banyera. Antoni T\u00e0pies, 1955.\n\t\t\t\t<\/dd><\/dl><br style=\"clear: both\" \/><dl class='gallery-item'>\n\t\t\t<dt class='gallery-icon landscape'>\n\t\t\t\t<a href='https:\/\/www.info.valladolid.es\/blog\/de-paris-a-valladolid-galeria-lelong-parte-1\/dsc_0980\/'><img loading=\"lazy\" decoding=\"async\" width=\"150\" height=\"150\" src=\"https:\/\/www.info.valladolid.es\/blog\/wp-content\/uploads\/2015\/08\/DSC_0980-150x150.jpg\" class=\"attachment-thumbnail size-thumbnail\" alt=\"Cos i banyera.\" aria-describedby=\"gallery-1-555\" srcset=\"https:\/\/www.info.valladolid.es\/blog\/wp-content\/uploads\/2015\/08\/DSC_0980-150x150.jpg 150w, https:\/\/www.info.valladolid.es\/blog\/wp-content\/uploads\/2015\/08\/DSC_0980-160x160.jpg 160w\" sizes=\"auto, (max-width: 150px) 100vw, 150px\" \/><\/a>\n\t\t\t<\/dt>\n\t\t\t\t<dd class='wp-caption-text gallery-caption' id='gallery-1-555'>\n\t\t\t\tCos i banyera. Antoni T\u00e0pies, 1955.\n\t\t\t\t<\/dd><\/dl><dl class='gallery-item'>\n\t\t\t<dt class='gallery-icon landscape'>\n\t\t\t\t<a href='https:\/\/www.info.valladolid.es\/blog\/de-paris-a-valladolid-galeria-lelong-parte-1\/dsc_0973\/'><img loading=\"lazy\" decoding=\"async\" width=\"150\" height=\"150\" src=\"https:\/\/www.info.valladolid.es\/blog\/wp-content\/uploads\/2015\/08\/DSC_0973-150x150.jpg\" class=\"attachment-thumbnail size-thumbnail\" alt=\"Creu y copa.\" aria-describedby=\"gallery-1-552\" srcset=\"https:\/\/www.info.valladolid.es\/blog\/wp-content\/uploads\/2015\/08\/DSC_0973-150x150.jpg 150w, https:\/\/www.info.valladolid.es\/blog\/wp-content\/uploads\/2015\/08\/DSC_0973-160x160.jpg 160w\" sizes=\"auto, (max-width: 150px) 100vw, 150px\" \/><\/a>\n\t\t\t<\/dt>\n\t\t\t\t<dd class='wp-caption-text gallery-caption' id='gallery-1-552'>\n\t\t\t\tCreu y copa. Antoni T\u00e0pies, 2003.\n\t\t\t\t<\/dd><\/dl><dl class='gallery-item'>\n\t\t\t<dt class='gallery-icon landscape'>\n\t\t\t\t<a href='https:\/\/www.info.valladolid.es\/blog\/de-paris-a-valladolid-galeria-lelong-parte-1\/dsc_0922\/'><img loading=\"lazy\" decoding=\"async\" width=\"150\" height=\"150\" src=\"https:\/\/www.info.valladolid.es\/blog\/wp-content\/uploads\/2015\/08\/DSC_0922-150x150.jpg\" class=\"attachment-thumbnail size-thumbnail\" alt=\"Cames.\" aria-describedby=\"gallery-1-533\" srcset=\"https:\/\/www.info.valladolid.es\/blog\/wp-content\/uploads\/2015\/08\/DSC_0922-150x150.jpg 150w, https:\/\/www.info.valladolid.es\/blog\/wp-content\/uploads\/2015\/08\/DSC_0922-160x160.jpg 160w\" sizes=\"auto, (max-width: 150px) 100vw, 150px\" \/><\/a>\n\t\t\t<\/dt>\n\t\t\t\t<dd class='wp-caption-text gallery-caption' id='gallery-1-533'>\n\t\t\t\tCames. Antoni T\u00e0pies, 2001.\n\t\t\t\t<\/dd><\/dl><br style=\"clear: both\" \/><dl class='gallery-item'>\n\t\t\t<dt class='gallery-icon landscape'>\n\t\t\t\t<a href='https:\/\/www.info.valladolid.es\/blog\/de-paris-a-valladolid-galeria-lelong-parte-1\/dsc_0939\/'><img loading=\"lazy\" decoding=\"async\" width=\"150\" height=\"150\" src=\"https:\/\/www.info.valladolid.es\/blog\/wp-content\/uploads\/2015\/08\/DSC_0939-150x150.jpg\" class=\"attachment-thumbnail size-thumbnail\" alt=\"Chlo\u00e9 y Rui Rui.\" aria-describedby=\"gallery-1-538\" srcset=\"https:\/\/www.info.valladolid.es\/blog\/wp-content\/uploads\/2015\/08\/DSC_0939-150x150.jpg 150w, https:\/\/www.info.valladolid.es\/blog\/wp-content\/uploads\/2015\/08\/DSC_0939-160x160.jpg 160w\" sizes=\"auto, (max-width: 150px) 100vw, 150px\" \/><\/a>\n\t\t\t<\/dt>\n\t\t\t\t<dd class='wp-caption-text gallery-caption' id='gallery-1-538'>\n\t\t\t\tChlo\u00e9 y Rui Rui. Ambas de Jaume Plensa, 2014.\n\t\t\t\t<\/dd><\/dl><dl class='gallery-item'>\n\t\t\t<dt class='gallery-icon landscape'>\n\t\t\t\t<a href='https:\/\/www.info.valladolid.es\/blog\/de-paris-a-valladolid-galeria-lelong-parte-1\/dsc_0923\/'><img loading=\"lazy\" decoding=\"async\" width=\"150\" height=\"150\" src=\"https:\/\/www.info.valladolid.es\/blog\/wp-content\/uploads\/2015\/08\/DSC_0923-150x150.jpg\" class=\"attachment-thumbnail size-thumbnail\" alt=\"Chlo\u00e9 y Rui Rui.\" aria-describedby=\"gallery-1-534\" srcset=\"https:\/\/www.info.valladolid.es\/blog\/wp-content\/uploads\/2015\/08\/DSC_0923-150x150.jpg 150w, https:\/\/www.info.valladolid.es\/blog\/wp-content\/uploads\/2015\/08\/DSC_0923-160x160.jpg 160w\" sizes=\"auto, (max-width: 150px) 100vw, 150px\" \/><\/a>\n\t\t\t<\/dt>\n\t\t\t\t<dd class='wp-caption-text gallery-caption' id='gallery-1-534'>\n\t\t\t\tChlo\u00e9 y Rui Rui. Ambas de Jaume Plensa, 2014.\n\t\t\t\t<\/dd><\/dl><dl class='gallery-item'>\n\t\t\t<dt class='gallery-icon landscape'>\n\t\t\t\t<a href='https:\/\/www.info.valladolid.es\/blog\/de-paris-a-valladolid-galeria-lelong-parte-1\/dsc_0929\/'><img loading=\"lazy\" decoding=\"async\" width=\"150\" height=\"150\" src=\"https:\/\/www.info.valladolid.es\/blog\/wp-content\/uploads\/2015\/08\/DSC_0929-150x150.jpg\" class=\"attachment-thumbnail size-thumbnail\" alt=\"Chlo\u00e9 y Rui Rui.\" aria-describedby=\"gallery-1-535\" srcset=\"https:\/\/www.info.valladolid.es\/blog\/wp-content\/uploads\/2015\/08\/DSC_0929-150x150.jpg 150w, https:\/\/www.info.valladolid.es\/blog\/wp-content\/uploads\/2015\/08\/DSC_0929-160x160.jpg 160w\" sizes=\"auto, (max-width: 150px) 100vw, 150px\" \/><\/a>\n\t\t\t<\/dt>\n\t\t\t\t<dd class='wp-caption-text gallery-caption' id='gallery-1-535'>\n\t\t\t\tChlo\u00e9 y Rui Rui. Ambas de Jaume Plensa, 2014.\n\t\t\t\t<\/dd><\/dl><br style=\"clear: both\" \/><dl class='gallery-item'>\n\t\t\t<dt class='gallery-icon landscape'>\n\t\t\t\t<a href='https:\/\/www.info.valladolid.es\/blog\/de-paris-a-valladolid-galeria-lelong-parte-1\/dsc_0940\/'><img loading=\"lazy\" decoding=\"async\" width=\"150\" height=\"150\" src=\"https:\/\/www.info.valladolid.es\/blog\/wp-content\/uploads\/2015\/08\/DSC_0940-150x150.jpg\" class=\"attachment-thumbnail size-thumbnail\" alt=\"Segunda planta del Museo de la Pasi\u00f3n.\" aria-describedby=\"gallery-1-539\" srcset=\"https:\/\/www.info.valladolid.es\/blog\/wp-content\/uploads\/2015\/08\/DSC_0940-150x150.jpg 150w, https:\/\/www.info.valladolid.es\/blog\/wp-content\/uploads\/2015\/08\/DSC_0940-160x160.jpg 160w\" sizes=\"auto, (max-width: 150px) 100vw, 150px\" \/><\/a>\n\t\t\t<\/dt>\n\t\t\t\t<dd class='wp-caption-text gallery-caption' id='gallery-1-539'>\n\t\t\t\tGalerie Lelong en Valladolid.\n\t\t\t\t<\/dd><\/dl><dl class='gallery-item'>\n\t\t\t<dt class='gallery-icon landscape'>\n\t\t\t\t<a href='https:\/\/www.info.valladolid.es\/blog\/de-paris-a-valladolid-galeria-lelong-parte-1\/dsc_0959\/'><img loading=\"lazy\" decoding=\"async\" width=\"150\" height=\"150\" src=\"https:\/\/www.info.valladolid.es\/blog\/wp-content\/uploads\/2015\/08\/DSC_0959-150x150.jpg\" class=\"attachment-thumbnail size-thumbnail\" alt=\"Dynastie.\" aria-describedby=\"gallery-1-549\" srcset=\"https:\/\/www.info.valladolid.es\/blog\/wp-content\/uploads\/2015\/08\/DSC_0959-150x150.jpg 150w, https:\/\/www.info.valladolid.es\/blog\/wp-content\/uploads\/2015\/08\/DSC_0959-160x160.jpg 160w\" sizes=\"auto, (max-width: 150px) 100vw, 150px\" \/><\/a>\n\t\t\t<\/dt>\n\t\t\t\t<dd class='wp-caption-text gallery-caption' id='gallery-1-549'>\n\t\t\t\tDynastie. Barth\u00e9l\u00e9my Toguo, 2013.\n\t\t\t\t<\/dd><\/dl><dl class='gallery-item'>\n\t\t\t<dt class='gallery-icon landscape'>\n\t\t\t\t<a href='https:\/\/www.info.valladolid.es\/blog\/de-paris-a-valladolid-galeria-lelong-parte-1\/dsc_0956\/'><img loading=\"lazy\" decoding=\"async\" width=\"150\" height=\"150\" src=\"https:\/\/www.info.valladolid.es\/blog\/wp-content\/uploads\/2015\/08\/DSC_0956-150x150.jpg\" class=\"attachment-thumbnail size-thumbnail\" alt=\"Dynastie.\" aria-describedby=\"gallery-1-547\" srcset=\"https:\/\/www.info.valladolid.es\/blog\/wp-content\/uploads\/2015\/08\/DSC_0956-150x150.jpg 150w, https:\/\/www.info.valladolid.es\/blog\/wp-content\/uploads\/2015\/08\/DSC_0956-160x160.jpg 160w\" sizes=\"auto, (max-width: 150px) 100vw, 150px\" \/><\/a>\n\t\t\t<\/dt>\n\t\t\t\t<dd class='wp-caption-text gallery-caption' id='gallery-1-547'>\n\t\t\t\tDynastie. Barth\u00e9l\u00e9my Toguo, 2013.\n\t\t\t\t<\/dd><\/dl><br style=\"clear: both\" \/><dl class='gallery-item'>\n\t\t\t<dt class='gallery-icon portrait'>\n\t\t\t\t<a href='https:\/\/www.info.valladolid.es\/blog\/de-paris-a-valladolid-galeria-lelong-parte-1\/dsc_0942\/'><img loading=\"lazy\" decoding=\"async\" width=\"150\" height=\"150\" src=\"https:\/\/www.info.valladolid.es\/blog\/wp-content\/uploads\/2015\/08\/DSC_0942-150x150.jpg\" class=\"attachment-thumbnail size-thumbnail\" alt=\"Red Rain\" aria-describedby=\"gallery-1-540\" srcset=\"https:\/\/www.info.valladolid.es\/blog\/wp-content\/uploads\/2015\/08\/DSC_0942-150x150.jpg 150w, https:\/\/www.info.valladolid.es\/blog\/wp-content\/uploads\/2015\/08\/DSC_0942-160x160.jpg 160w\" sizes=\"auto, (max-width: 150px) 100vw, 150px\" \/><\/a>\n\t\t\t<\/dt>\n\t\t\t\t<dd class='wp-caption-text gallery-caption' id='gallery-1-540'>\n\t\t\t\tRed Rain. David Nash, 2011.\n\t\t\t\t<\/dd><\/dl><dl class='gallery-item'>\n\t\t\t<dt class='gallery-icon landscape'>\n\t\t\t\t<a href='https:\/\/www.info.valladolid.es\/blog\/de-paris-a-valladolid-galeria-lelong-parte-1\/dsc_0943\/'><img loading=\"lazy\" decoding=\"async\" width=\"150\" height=\"150\" src=\"https:\/\/www.info.valladolid.es\/blog\/wp-content\/uploads\/2015\/08\/DSC_0943-150x150.jpg\" class=\"attachment-thumbnail size-thumbnail\" alt=\"Red Rain.\" aria-describedby=\"gallery-1-541\" srcset=\"https:\/\/www.info.valladolid.es\/blog\/wp-content\/uploads\/2015\/08\/DSC_0943-150x150.jpg 150w, https:\/\/www.info.valladolid.es\/blog\/wp-content\/uploads\/2015\/08\/DSC_0943-160x160.jpg 160w\" sizes=\"auto, (max-width: 150px) 100vw, 150px\" \/><\/a>\n\t\t\t<\/dt>\n\t\t\t\t<dd class='wp-caption-text gallery-caption' id='gallery-1-541'>\n\t\t\t\tRed Rain. David Nash, 2011.\n\t\t\t\t<\/dd><\/dl><dl class='gallery-item'>\n\t\t\t<dt class='gallery-icon landscape'>\n\t\t\t\t<a href='https:\/\/www.info.valladolid.es\/blog\/de-paris-a-valladolid-galeria-lelong-parte-1\/dsc_0953\/'><img loading=\"lazy\" decoding=\"async\" width=\"150\" height=\"150\" src=\"https:\/\/www.info.valladolid.es\/blog\/wp-content\/uploads\/2015\/08\/DSC_0953-150x150.jpg\" class=\"attachment-thumbnail size-thumbnail\" alt=\"Circle, Triangle, Square.\" aria-describedby=\"gallery-1-545\" srcset=\"https:\/\/www.info.valladolid.es\/blog\/wp-content\/uploads\/2015\/08\/DSC_0953-150x150.jpg 150w, https:\/\/www.info.valladolid.es\/blog\/wp-content\/uploads\/2015\/08\/DSC_0953-160x160.jpg 160w\" sizes=\"auto, (max-width: 150px) 100vw, 150px\" \/><\/a>\n\t\t\t<\/dt>\n\t\t\t\t<dd class='wp-caption-text gallery-caption' id='gallery-1-545'>\n\t\t\t\tCircle, Triangle, Square. David Nash, 2014. \n\n\t\t\t\t<\/dd><\/dl><br style=\"clear: both\" \/><dl class='gallery-item'>\n\t\t\t<dt class='gallery-icon landscape'>\n\t\t\t\t<a href='https:\/\/www.info.valladolid.es\/blog\/de-paris-a-valladolid-galeria-lelong-parte-1\/dsc_0951\/'><img loading=\"lazy\" decoding=\"async\" width=\"150\" height=\"150\" src=\"https:\/\/www.info.valladolid.es\/blog\/wp-content\/uploads\/2015\/08\/DSC_0951-150x150.jpg\" class=\"attachment-thumbnail size-thumbnail\" alt=\"Sliced frame.\" aria-describedby=\"gallery-1-544\" srcset=\"https:\/\/www.info.valladolid.es\/blog\/wp-content\/uploads\/2015\/08\/DSC_0951-150x150.jpg 150w, https:\/\/www.info.valladolid.es\/blog\/wp-content\/uploads\/2015\/08\/DSC_0951-160x160.jpg 160w\" sizes=\"auto, (max-width: 150px) 100vw, 150px\" \/><\/a>\n\t\t\t<\/dt>\n\t\t\t\t<dd class='wp-caption-text gallery-caption' id='gallery-1-544'>\n\t\t\t\tSliced frame. David Nash, 2013. \n\t\t\t\t<\/dd><\/dl><dl class='gallery-item'>\n\t\t\t<dt class='gallery-icon landscape'>\n\t\t\t\t<a href='https:\/\/www.info.valladolid.es\/blog\/de-paris-a-valladolid-galeria-lelong-parte-1\/dsc_0948\/'><img loading=\"lazy\" decoding=\"async\" width=\"150\" height=\"150\" src=\"https:\/\/www.info.valladolid.es\/blog\/wp-content\/uploads\/2015\/08\/DSC_0948-150x150.jpg\" class=\"attachment-thumbnail size-thumbnail\" alt=\"Red Cut Column.\" aria-describedby=\"gallery-1-543\" srcset=\"https:\/\/www.info.valladolid.es\/blog\/wp-content\/uploads\/2015\/08\/DSC_0948-150x150.jpg 150w, https:\/\/www.info.valladolid.es\/blog\/wp-content\/uploads\/2015\/08\/DSC_0948-160x160.jpg 160w\" sizes=\"auto, (max-width: 150px) 100vw, 150px\" \/><\/a>\n\t\t\t<\/dt>\n\t\t\t\t<dd class='wp-caption-text gallery-caption' id='gallery-1-543'>\n\t\t\t\tRed Cut Column. David Nash, 2011.\n\t\t\t\t<\/dd><\/dl><dl class='gallery-item'>\n\t\t\t<dt class='gallery-icon landscape'>\n\t\t\t\t<a href='https:\/\/www.info.valladolid.es\/blog\/de-paris-a-valladolid-galeria-lelong-parte-1\/dsc_0947\/'><img loading=\"lazy\" decoding=\"async\" width=\"150\" height=\"150\" src=\"https:\/\/www.info.valladolid.es\/blog\/wp-content\/uploads\/2015\/08\/DSC_0947-150x150.jpg\" class=\"attachment-thumbnail size-thumbnail\" alt=\"\" srcset=\"https:\/\/www.info.valladolid.es\/blog\/wp-content\/uploads\/2015\/08\/DSC_0947-150x150.jpg 150w, https:\/\/www.info.valladolid.es\/blog\/wp-content\/uploads\/2015\/08\/DSC_0947-160x160.jpg 160w\" sizes=\"auto, (max-width: 150px) 100vw, 150px\" \/><\/a>\n\t\t\t<\/dt><\/dl><br style=\"clear: both\" \/><dl class='gallery-item'>\n\t\t\t<dt class='gallery-icon portrait'>\n\t\t\t\t<a href='https:\/\/www.info.valladolid.es\/blog\/de-paris-a-valladolid-galeria-lelong-parte-1\/dsc_0957\/'><img loading=\"lazy\" decoding=\"async\" width=\"150\" height=\"150\" src=\"https:\/\/www.info.valladolid.es\/blog\/wp-content\/uploads\/2015\/08\/DSC_0957-150x150.jpg\" class=\"attachment-thumbnail size-thumbnail\" alt=\"...D&#039;Exclamation.\" aria-describedby=\"gallery-1-548\" srcset=\"https:\/\/www.info.valladolid.es\/blog\/wp-content\/uploads\/2015\/08\/DSC_0957-150x150.jpg 150w, https:\/\/www.info.valladolid.es\/blog\/wp-content\/uploads\/2015\/08\/DSC_0957-160x160.jpg 160w\" sizes=\"auto, (max-width: 150px) 100vw, 150px\" \/><\/a>\n\t\t\t<\/dt>\n\t\t\t\t<dd class='wp-caption-text gallery-caption' id='gallery-1-548'>\n\t\t\t\t&#8230;D&#8217;Exclamation III, &#8230;D&#8217;Exclamation IV y &#8230;D&#8217;Exclamation V. Pierre Alechinsky,\n2014.\n\t\t\t\t<\/dd><\/dl><dl class='gallery-item'>\n\t\t\t<dt class='gallery-icon landscape'>\n\t\t\t\t<a href='https:\/\/www.info.valladolid.es\/blog\/de-paris-a-valladolid-galeria-lelong-parte-1\/dsc_0955\/'><img loading=\"lazy\" decoding=\"async\" width=\"150\" height=\"150\" src=\"https:\/\/www.info.valladolid.es\/blog\/wp-content\/uploads\/2015\/08\/DSC_0955-150x150.jpg\" class=\"attachment-thumbnail size-thumbnail\" alt=\"Finalment.\" aria-describedby=\"gallery-1-546\" srcset=\"https:\/\/www.info.valladolid.es\/blog\/wp-content\/uploads\/2015\/08\/DSC_0955-150x150.jpg 150w, https:\/\/www.info.valladolid.es\/blog\/wp-content\/uploads\/2015\/08\/DSC_0955-160x160.jpg 160w\" sizes=\"auto, (max-width: 150px) 100vw, 150px\" \/><\/a>\n\t\t\t<\/dt>\n\t\t\t\t<dd class='wp-caption-text gallery-caption' id='gallery-1-546'>\n\t\t\t\tFinalment. Pierre Alechinsky, 2014.\n\t\t\t\t<\/dd><\/dl><dl class='gallery-item'>\n\t\t\t<dt class='gallery-icon landscape'>\n\t\t\t\t<a href='https:\/\/www.info.valladolid.es\/blog\/de-paris-a-valladolid-galeria-lelong-parte-1\/dsc_0961\/'><img loading=\"lazy\" decoding=\"async\" width=\"150\" height=\"150\" src=\"https:\/\/www.info.valladolid.es\/blog\/wp-content\/uploads\/2015\/08\/DSC_0961-150x150.jpg\" class=\"attachment-thumbnail size-thumbnail\" alt=\"Part Object.\" aria-describedby=\"gallery-1-550\" srcset=\"https:\/\/www.info.valladolid.es\/blog\/wp-content\/uploads\/2015\/08\/DSC_0961-150x150.jpg 150w, https:\/\/www.info.valladolid.es\/blog\/wp-content\/uploads\/2015\/08\/DSC_0961-160x160.jpg 160w\" sizes=\"auto, (max-width: 150px) 100vw, 150px\" \/><\/a>\n\t\t\t<\/dt>\n\t\t\t\t<dd class='wp-caption-text gallery-caption' id='gallery-1-550'>\n\t\t\t\tPart Object. Nalini Malani, 2007 &#8211; 2008. \n\t\t\t\t<\/dd><\/dl><br style=\"clear: both\" \/><dl class='gallery-item'>\n\t\t\t<dt class='gallery-icon portrait'>\n\t\t\t\t<a href='https:\/\/www.info.valladolid.es\/blog\/de-paris-a-valladolid-galeria-lelong-parte-1\/dsc_0931\/'><img loading=\"lazy\" decoding=\"async\" width=\"150\" height=\"150\" src=\"https:\/\/www.info.valladolid.es\/blog\/wp-content\/uploads\/2015\/08\/DSC_0931-150x150.jpg\" class=\"attachment-thumbnail size-thumbnail\" alt=\"Sin t\u00edtulo.\" aria-describedby=\"gallery-1-536\" srcset=\"https:\/\/www.info.valladolid.es\/blog\/wp-content\/uploads\/2015\/08\/DSC_0931-150x150.jpg 150w, https:\/\/www.info.valladolid.es\/blog\/wp-content\/uploads\/2015\/08\/DSC_0931-160x160.jpg 160w\" sizes=\"auto, (max-width: 150px) 100vw, 150px\" \/><\/a>\n\t\t\t<\/dt>\n\t\t\t\t<dd class='wp-caption-text gallery-caption' id='gallery-1-536'>\n\t\t\t\tSin t\u00edtulo. Etel Adnan, 1990.\n\t\t\t\t<\/dd><\/dl><dl class='gallery-item'>\n\t\t\t<dt class='gallery-icon portrait'>\n\t\t\t\t<a href='https:\/\/www.info.valladolid.es\/blog\/de-paris-a-valladolid-galeria-lelong-parte-1\/dsc_0937\/'><img loading=\"lazy\" decoding=\"async\" width=\"150\" height=\"150\" src=\"https:\/\/www.info.valladolid.es\/blog\/wp-content\/uploads\/2015\/08\/DSC_0937-150x150.jpg\" class=\"attachment-thumbnail size-thumbnail\" alt=\"Etel Adnan.\" aria-describedby=\"gallery-1-537\" srcset=\"https:\/\/www.info.valladolid.es\/blog\/wp-content\/uploads\/2015\/08\/DSC_0937-150x150.jpg 150w, https:\/\/www.info.valladolid.es\/blog\/wp-content\/uploads\/2015\/08\/DSC_0937-160x160.jpg 160w\" sizes=\"auto, (max-width: 150px) 100vw, 150px\" \/><\/a>\n\t\t\t<\/dt>\n\t\t\t\t<dd class='wp-caption-text gallery-caption' id='gallery-1-537'>\n\t\t\t\tSiete obras de Etel Adnan , sin t\u00edtulo, de 1990 a 2014.\n\t\t\t\t<\/dd><\/dl><dl class='gallery-item'>\n\t\t\t<dt class='gallery-icon landscape'>\n\t\t\t\t<a href='https:\/\/www.info.valladolid.es\/blog\/de-paris-a-valladolid-galeria-lelong-parte-1\/dsc_0919\/'><img loading=\"lazy\" decoding=\"async\" width=\"150\" height=\"150\" src=\"https:\/\/www.info.valladolid.es\/blog\/wp-content\/uploads\/2015\/08\/DSC_0919-150x150.jpg\" class=\"attachment-thumbnail size-thumbnail\" alt=\"Entre tus cosas.\" aria-describedby=\"gallery-1-532\" srcset=\"https:\/\/www.info.valladolid.es\/blog\/wp-content\/uploads\/2015\/08\/DSC_0919-150x150.jpg 150w, https:\/\/www.info.valladolid.es\/blog\/wp-content\/uploads\/2015\/08\/DSC_0919-160x160.jpg 160w\" sizes=\"auto, (max-width: 150px) 100vw, 150px\" \/><\/a>\n\t\t\t<\/dt>\n\t\t\t\t<dd class='wp-caption-text gallery-caption' id='gallery-1-532'>\n\t\t\t\tEntre tus cosas. Juan Usl\u00e9, 2011.\n\t\t\t\t<\/dd><\/dl><br style=\"clear: both\" \/><dl class='gallery-item'>\n\t\t\t<dt class='gallery-icon landscape'>\n\t\t\t\t<a href='https:\/\/www.info.valladolid.es\/blog\/de-paris-a-valladolid-galeria-lelong-parte-1\/dsc_0916\/'><img loading=\"lazy\" decoding=\"async\" width=\"150\" height=\"150\" src=\"https:\/\/www.info.valladolid.es\/blog\/wp-content\/uploads\/2015\/08\/DSC_0916-150x150.jpg\" class=\"attachment-thumbnail size-thumbnail\" alt=\"Galerie Lelong en Valladolid.\" aria-describedby=\"gallery-1-531\" srcset=\"https:\/\/www.info.valladolid.es\/blog\/wp-content\/uploads\/2015\/08\/DSC_0916-150x150.jpg 150w, https:\/\/www.info.valladolid.es\/blog\/wp-content\/uploads\/2015\/08\/DSC_0916-160x160.jpg 160w\" sizes=\"auto, (max-width: 150px) 100vw, 150px\" \/><\/a>\n\t\t\t<\/dt>\n\t\t\t\t<dd class='wp-caption-text gallery-caption' id='gallery-1-531'>\n\t\t\t\tGalerie Lelong en Valladolid.\n\t\t\t\t<\/dd><\/dl>\n\t\t\t<br style='clear: both' \/>\n\t\t<\/div>\n\n","protected":false},"excerpt":{"rendered":"<p>Al lanzar la afirmaci\u00f3n de que la exposici\u00f3n Galerie Lelong, que acogen las salas de los desacralizados templos del Museo de la Pasi\u00f3n y de la Iglesia de las Francesas, es \u00fanica; cabe ce\u00f1irse a la m\u00e1s estricta literalidad: la muestra ha sido elaborada en exclusiva para Valladolid y no viajar\u00e1 a posteriori a ninguna otra sede. Si el prestigio de una galer\u00eda puede medirse por la calidad de sus artistas, la Lelong es una de las m\u00e1s reputadas en la actualidad. T\u00e0pies, Chillida, Mir\u00f3; son algunos de los nombres que sirven, por si solos, como carta de presentaci\u00f3n de la galer\u00eda. Sin embargo, en esta ocasi\u00f3n maestros como Chillida se han quedado fuera dado el criterio de selecci\u00f3n que ha regido las decisiones del fundador y presidente de la Galerie Lelong, Jean Fr\u00e9mon. Ha apostado por dar cabida a autores vivos en la actualidad, con la excepci\u00f3n de Antoni T\u00e0pies, fallecido en 2012, y de G\u00fcnther F\u00f6rg, desparecido en 2013 y que muestra aqu\u00ed una obra de aplastante corte geom\u00e9trico. De la ciudad de las luces al Museo de la Pasi\u00f3n Cuatro obras del artista catal\u00e1n &#8211; Cos i banyera, Cames, Creu i copa y Croix et fl\u00e8ches &#8211; [&hellip;]<\/p>\n","protected":false},"author":1,"featured_media":3147,"comment_status":"open","ping_status":"open","sticky":false,"template":"","format":"standard","meta":{"footnotes":""},"categories":[6],"tags":[25,62],"class_list":["post-528","post","type-post","status-publish","format-standard","has-post-thumbnail","hentry","category-arte-y-museos","tag-arte-en-valladolid","tag-exposicion-en-valladolid"],"yoast_head":"<!-- This site is optimized with the Yoast SEO plugin v27.5 - https:\/\/yoast.com\/product\/yoast-seo-wordpress\/ -->\n<title>De Par\u00eds a Valladolid. Galerie Lelong -parte 1- Blog Cultura y Turismo<\/title>\n<meta name=\"robots\" content=\"index, follow, max-snippet:-1, max-image-preview:large, max-video-preview:-1\" \/>\n<link rel=\"canonical\" href=\"https:\/\/www.info.valladolid.es\/blog\/de-paris-a-valladolid-galeria-lelong-parte-1\/\" \/>\n<meta property=\"og:locale\" content=\"es_ES\" \/>\n<meta property=\"og:type\" content=\"article\" \/>\n<meta property=\"og:title\" content=\"De Par\u00eds a Valladolid. Galerie Lelong -parte 1- Blog Cultura y Turismo\" \/>\n<meta property=\"og:description\" content=\"Al lanzar la afirmaci\u00f3n de que la exposici\u00f3n Galerie Lelong, que acogen las salas de los desacralizados templos del Museo de la Pasi\u00f3n y de la Iglesia de las Francesas, es \u00fanica; cabe ce\u00f1irse a la m\u00e1s estricta literalidad: la muestra ha sido elaborada en exclusiva para Valladolid y no viajar\u00e1 a posteriori a ninguna otra sede. Si el prestigio de una galer\u00eda puede medirse por la calidad de sus artistas, la Lelong es una de las m\u00e1s reputadas en la actualidad. T\u00e0pies, Chillida, Mir\u00f3; son algunos de los nombres que sirven, por si solos, como carta de presentaci\u00f3n de la galer\u00eda. Sin embargo, en esta ocasi\u00f3n maestros como Chillida se han quedado fuera dado el criterio de selecci\u00f3n que ha regido las decisiones del fundador y presidente de la Galerie Lelong, Jean Fr\u00e9mon. Ha apostado por dar cabida a autores vivos en la actualidad, con la excepci\u00f3n de Antoni T\u00e0pies, fallecido en 2012, y de G\u00fcnther F\u00f6rg, desparecido en 2013 y que muestra aqu\u00ed una obra de aplastante corte geom\u00e9trico. De la ciudad de las luces al Museo de la Pasi\u00f3n Cuatro obras del artista catal\u00e1n &#8211; Cos i banyera, Cames, Creu i copa y Croix et fl\u00e8ches &#8211; [&hellip;]\" \/>\n<meta property=\"og:url\" content=\"https:\/\/www.info.valladolid.es\/blog\/de-paris-a-valladolid-galeria-lelong-parte-1\/\" \/>\n<meta property=\"og:site_name\" content=\"Blog Cultura y Turismo\" \/>\n<meta property=\"article:published_time\" content=\"2015-08-13T12:47:04+00:00\" \/>\n<meta property=\"article:modified_time\" content=\"2019-02-13T13:51:43+00:00\" \/>\n<meta property=\"og:image\" content=\"https:\/\/www.info.valladolid.es\/blog\/wp-content\/uploads\/2015\/08\/galerie-lelong-II.jpg\" \/>\n\t<meta property=\"og:image:width\" content=\"520\" \/>\n\t<meta property=\"og:image:height\" content=\"400\" \/>\n\t<meta property=\"og:image:type\" content=\"image\/jpeg\" \/>\n<meta name=\"author\" content=\"administrador\" \/>\n<meta name=\"twitter:card\" content=\"summary_large_image\" \/>\n<meta name=\"twitter:label1\" content=\"Escrito por\" \/>\n\t<meta name=\"twitter:data1\" content=\"administrador\" \/>\n\t<meta name=\"twitter:label2\" content=\"Tiempo de lectura\" \/>\n\t<meta name=\"twitter:data2\" content=\"3 minutos\" \/>\n<script type=\"application\/ld+json\" class=\"yoast-schema-graph\">{\"@context\":\"https:\\\/\\\/schema.org\",\"@graph\":[{\"@type\":\"Article\",\"@id\":\"https:\\\/\\\/www.info.valladolid.es\\\/blog\\\/de-paris-a-valladolid-galeria-lelong-parte-1\\\/#article\",\"isPartOf\":{\"@id\":\"https:\\\/\\\/www.info.valladolid.es\\\/blog\\\/de-paris-a-valladolid-galeria-lelong-parte-1\\\/\"},\"author\":{\"name\":\"administrador\",\"@id\":\"https:\\\/\\\/www.info.valladolid.es\\\/blog\\\/#\\\/schema\\\/person\\\/845cac97e6156a5a9c5abd68b7b9a5d5\"},\"headline\":\"De Par\u00eds a Valladolid. Galerie Lelong -parte 1-\",\"datePublished\":\"2015-08-13T12:47:04+00:00\",\"dateModified\":\"2019-02-13T13:51:43+00:00\",\"mainEntityOfPage\":{\"@id\":\"https:\\\/\\\/www.info.valladolid.es\\\/blog\\\/de-paris-a-valladolid-galeria-lelong-parte-1\\\/\"},\"wordCount\":708,\"commentCount\":1,\"image\":{\"@id\":\"https:\\\/\\\/www.info.valladolid.es\\\/blog\\\/de-paris-a-valladolid-galeria-lelong-parte-1\\\/#primaryimage\"},\"thumbnailUrl\":\"https:\\\/\\\/www.info.valladolid.es\\\/blog\\\/wp-content\\\/uploads\\\/2015\\\/08\\\/galerie-lelong-II.jpg\",\"keywords\":[\"arte en Valladolid\",\"exposici\u00f3n en Valladolid\"],\"articleSection\":[\"Arte y Museos\"],\"inLanguage\":\"es\",\"potentialAction\":[{\"@type\":\"CommentAction\",\"name\":\"Comment\",\"target\":[\"https:\\\/\\\/www.info.valladolid.es\\\/blog\\\/de-paris-a-valladolid-galeria-lelong-parte-1\\\/#respond\"]}]},{\"@type\":\"WebPage\",\"@id\":\"https:\\\/\\\/www.info.valladolid.es\\\/blog\\\/de-paris-a-valladolid-galeria-lelong-parte-1\\\/\",\"url\":\"https:\\\/\\\/www.info.valladolid.es\\\/blog\\\/de-paris-a-valladolid-galeria-lelong-parte-1\\\/\",\"name\":\"De Par\u00eds a Valladolid. Galerie Lelong -parte 1- Blog Cultura y Turismo\",\"isPartOf\":{\"@id\":\"https:\\\/\\\/www.info.valladolid.es\\\/blog\\\/#website\"},\"primaryImageOfPage\":{\"@id\":\"https:\\\/\\\/www.info.valladolid.es\\\/blog\\\/de-paris-a-valladolid-galeria-lelong-parte-1\\\/#primaryimage\"},\"image\":{\"@id\":\"https:\\\/\\\/www.info.valladolid.es\\\/blog\\\/de-paris-a-valladolid-galeria-lelong-parte-1\\\/#primaryimage\"},\"thumbnailUrl\":\"https:\\\/\\\/www.info.valladolid.es\\\/blog\\\/wp-content\\\/uploads\\\/2015\\\/08\\\/galerie-lelong-II.jpg\",\"datePublished\":\"2015-08-13T12:47:04+00:00\",\"dateModified\":\"2019-02-13T13:51:43+00:00\",\"author\":{\"@id\":\"https:\\\/\\\/www.info.valladolid.es\\\/blog\\\/#\\\/schema\\\/person\\\/845cac97e6156a5a9c5abd68b7b9a5d5\"},\"breadcrumb\":{\"@id\":\"https:\\\/\\\/www.info.valladolid.es\\\/blog\\\/de-paris-a-valladolid-galeria-lelong-parte-1\\\/#breadcrumb\"},\"inLanguage\":\"es\",\"potentialAction\":[{\"@type\":\"ReadAction\",\"target\":[\"https:\\\/\\\/www.info.valladolid.es\\\/blog\\\/de-paris-a-valladolid-galeria-lelong-parte-1\\\/\"]}]},{\"@type\":\"ImageObject\",\"inLanguage\":\"es\",\"@id\":\"https:\\\/\\\/www.info.valladolid.es\\\/blog\\\/de-paris-a-valladolid-galeria-lelong-parte-1\\\/#primaryimage\",\"url\":\"https:\\\/\\\/www.info.valladolid.es\\\/blog\\\/wp-content\\\/uploads\\\/2015\\\/08\\\/galerie-lelong-II.jpg\",\"contentUrl\":\"https:\\\/\\\/www.info.valladolid.es\\\/blog\\\/wp-content\\\/uploads\\\/2015\\\/08\\\/galerie-lelong-II.jpg\",\"width\":520,\"height\":400},{\"@type\":\"BreadcrumbList\",\"@id\":\"https:\\\/\\\/www.info.valladolid.es\\\/blog\\\/de-paris-a-valladolid-galeria-lelong-parte-1\\\/#breadcrumb\",\"itemListElement\":[{\"@type\":\"ListItem\",\"position\":1,\"name\":\"Home\",\"item\":\"https:\\\/\\\/www.info.valladolid.es\\\/blog\\\/\"},{\"@type\":\"ListItem\",\"position\":2,\"name\":\"De Par\u00eds a Valladolid. Galerie Lelong -parte 1-\"}]},{\"@type\":\"WebSite\",\"@id\":\"https:\\\/\\\/www.info.valladolid.es\\\/blog\\\/#website\",\"url\":\"https:\\\/\\\/www.info.valladolid.es\\\/blog\\\/\",\"name\":\"Blog Cultura y Turismo\",\"description\":\"\",\"potentialAction\":[{\"@type\":\"SearchAction\",\"target\":{\"@type\":\"EntryPoint\",\"urlTemplate\":\"https:\\\/\\\/www.info.valladolid.es\\\/blog\\\/?s={search_term_string}\"},\"query-input\":{\"@type\":\"PropertyValueSpecification\",\"valueRequired\":true,\"valueName\":\"search_term_string\"}}],\"inLanguage\":\"es\"},{\"@type\":\"Person\",\"@id\":\"https:\\\/\\\/www.info.valladolid.es\\\/blog\\\/#\\\/schema\\\/person\\\/845cac97e6156a5a9c5abd68b7b9a5d5\",\"name\":\"administrador\",\"image\":{\"@type\":\"ImageObject\",\"inLanguage\":\"es\",\"@id\":\"https:\\\/\\\/secure.gravatar.com\\\/avatar\\\/418161d2f95196597e2d305bd301c850afab7f4b284a344fb2d759f048b71c61?s=96&d=mm&r=g\",\"url\":\"https:\\\/\\\/secure.gravatar.com\\\/avatar\\\/418161d2f95196597e2d305bd301c850afab7f4b284a344fb2d759f048b71c61?s=96&d=mm&r=g\",\"contentUrl\":\"https:\\\/\\\/secure.gravatar.com\\\/avatar\\\/418161d2f95196597e2d305bd301c850afab7f4b284a344fb2d759f048b71c61?s=96&d=mm&r=g\",\"caption\":\"administrador\"},\"url\":\"https:\\\/\\\/www.info.valladolid.es\\\/blog\\\/author\\\/administrador\\\/\"}]}<\/script>\n<!-- \/ Yoast SEO plugin. -->","yoast_head_json":{"title":"De Par\u00eds a Valladolid. Galerie Lelong -parte 1- Blog Cultura y Turismo","robots":{"index":"index","follow":"follow","max-snippet":"max-snippet:-1","max-image-preview":"max-image-preview:large","max-video-preview":"max-video-preview:-1"},"canonical":"https:\/\/www.info.valladolid.es\/blog\/de-paris-a-valladolid-galeria-lelong-parte-1\/","og_locale":"es_ES","og_type":"article","og_title":"De Par\u00eds a Valladolid. Galerie Lelong -parte 1- Blog Cultura y Turismo","og_description":"Al lanzar la afirmaci\u00f3n de que la exposici\u00f3n Galerie Lelong, que acogen las salas de los desacralizados templos del Museo de la Pasi\u00f3n y de la Iglesia de las Francesas, es \u00fanica; cabe ce\u00f1irse a la m\u00e1s estricta literalidad: la muestra ha sido elaborada en exclusiva para Valladolid y no viajar\u00e1 a posteriori a ninguna otra sede. Si el prestigio de una galer\u00eda puede medirse por la calidad de sus artistas, la Lelong es una de las m\u00e1s reputadas en la actualidad. T\u00e0pies, Chillida, Mir\u00f3; son algunos de los nombres que sirven, por si solos, como carta de presentaci\u00f3n de la galer\u00eda. Sin embargo, en esta ocasi\u00f3n maestros como Chillida se han quedado fuera dado el criterio de selecci\u00f3n que ha regido las decisiones del fundador y presidente de la Galerie Lelong, Jean Fr\u00e9mon. Ha apostado por dar cabida a autores vivos en la actualidad, con la excepci\u00f3n de Antoni T\u00e0pies, fallecido en 2012, y de G\u00fcnther F\u00f6rg, desparecido en 2013 y que muestra aqu\u00ed una obra de aplastante corte geom\u00e9trico. De la ciudad de las luces al Museo de la Pasi\u00f3n Cuatro obras del artista catal\u00e1n &#8211; Cos i banyera, Cames, Creu i copa y Croix et fl\u00e8ches &#8211; [&hellip;]","og_url":"https:\/\/www.info.valladolid.es\/blog\/de-paris-a-valladolid-galeria-lelong-parte-1\/","og_site_name":"Blog Cultura y Turismo","article_published_time":"2015-08-13T12:47:04+00:00","article_modified_time":"2019-02-13T13:51:43+00:00","og_image":[{"width":520,"height":400,"url":"https:\/\/www.info.valladolid.es\/blog\/wp-content\/uploads\/2015\/08\/galerie-lelong-II.jpg","type":"image\/jpeg"}],"author":"administrador","twitter_card":"summary_large_image","twitter_misc":{"Escrito por":"administrador","Tiempo de lectura":"3 minutos"},"schema":{"@context":"https:\/\/schema.org","@graph":[{"@type":"Article","@id":"https:\/\/www.info.valladolid.es\/blog\/de-paris-a-valladolid-galeria-lelong-parte-1\/#article","isPartOf":{"@id":"https:\/\/www.info.valladolid.es\/blog\/de-paris-a-valladolid-galeria-lelong-parte-1\/"},"author":{"name":"administrador","@id":"https:\/\/www.info.valladolid.es\/blog\/#\/schema\/person\/845cac97e6156a5a9c5abd68b7b9a5d5"},"headline":"De Par\u00eds a Valladolid. Galerie Lelong -parte 1-","datePublished":"2015-08-13T12:47:04+00:00","dateModified":"2019-02-13T13:51:43+00:00","mainEntityOfPage":{"@id":"https:\/\/www.info.valladolid.es\/blog\/de-paris-a-valladolid-galeria-lelong-parte-1\/"},"wordCount":708,"commentCount":1,"image":{"@id":"https:\/\/www.info.valladolid.es\/blog\/de-paris-a-valladolid-galeria-lelong-parte-1\/#primaryimage"},"thumbnailUrl":"https:\/\/www.info.valladolid.es\/blog\/wp-content\/uploads\/2015\/08\/galerie-lelong-II.jpg","keywords":["arte en Valladolid","exposici\u00f3n en Valladolid"],"articleSection":["Arte y Museos"],"inLanguage":"es","potentialAction":[{"@type":"CommentAction","name":"Comment","target":["https:\/\/www.info.valladolid.es\/blog\/de-paris-a-valladolid-galeria-lelong-parte-1\/#respond"]}]},{"@type":"WebPage","@id":"https:\/\/www.info.valladolid.es\/blog\/de-paris-a-valladolid-galeria-lelong-parte-1\/","url":"https:\/\/www.info.valladolid.es\/blog\/de-paris-a-valladolid-galeria-lelong-parte-1\/","name":"De Par\u00eds a Valladolid. Galerie Lelong -parte 1- Blog Cultura y Turismo","isPartOf":{"@id":"https:\/\/www.info.valladolid.es\/blog\/#website"},"primaryImageOfPage":{"@id":"https:\/\/www.info.valladolid.es\/blog\/de-paris-a-valladolid-galeria-lelong-parte-1\/#primaryimage"},"image":{"@id":"https:\/\/www.info.valladolid.es\/blog\/de-paris-a-valladolid-galeria-lelong-parte-1\/#primaryimage"},"thumbnailUrl":"https:\/\/www.info.valladolid.es\/blog\/wp-content\/uploads\/2015\/08\/galerie-lelong-II.jpg","datePublished":"2015-08-13T12:47:04+00:00","dateModified":"2019-02-13T13:51:43+00:00","author":{"@id":"https:\/\/www.info.valladolid.es\/blog\/#\/schema\/person\/845cac97e6156a5a9c5abd68b7b9a5d5"},"breadcrumb":{"@id":"https:\/\/www.info.valladolid.es\/blog\/de-paris-a-valladolid-galeria-lelong-parte-1\/#breadcrumb"},"inLanguage":"es","potentialAction":[{"@type":"ReadAction","target":["https:\/\/www.info.valladolid.es\/blog\/de-paris-a-valladolid-galeria-lelong-parte-1\/"]}]},{"@type":"ImageObject","inLanguage":"es","@id":"https:\/\/www.info.valladolid.es\/blog\/de-paris-a-valladolid-galeria-lelong-parte-1\/#primaryimage","url":"https:\/\/www.info.valladolid.es\/blog\/wp-content\/uploads\/2015\/08\/galerie-lelong-II.jpg","contentUrl":"https:\/\/www.info.valladolid.es\/blog\/wp-content\/uploads\/2015\/08\/galerie-lelong-II.jpg","width":520,"height":400},{"@type":"BreadcrumbList","@id":"https:\/\/www.info.valladolid.es\/blog\/de-paris-a-valladolid-galeria-lelong-parte-1\/#breadcrumb","itemListElement":[{"@type":"ListItem","position":1,"name":"Home","item":"https:\/\/www.info.valladolid.es\/blog\/"},{"@type":"ListItem","position":2,"name":"De Par\u00eds a Valladolid. Galerie Lelong -parte 1-"}]},{"@type":"WebSite","@id":"https:\/\/www.info.valladolid.es\/blog\/#website","url":"https:\/\/www.info.valladolid.es\/blog\/","name":"Blog Cultura y Turismo","description":"","potentialAction":[{"@type":"SearchAction","target":{"@type":"EntryPoint","urlTemplate":"https:\/\/www.info.valladolid.es\/blog\/?s={search_term_string}"},"query-input":{"@type":"PropertyValueSpecification","valueRequired":true,"valueName":"search_term_string"}}],"inLanguage":"es"},{"@type":"Person","@id":"https:\/\/www.info.valladolid.es\/blog\/#\/schema\/person\/845cac97e6156a5a9c5abd68b7b9a5d5","name":"administrador","image":{"@type":"ImageObject","inLanguage":"es","@id":"https:\/\/secure.gravatar.com\/avatar\/418161d2f95196597e2d305bd301c850afab7f4b284a344fb2d759f048b71c61?s=96&d=mm&r=g","url":"https:\/\/secure.gravatar.com\/avatar\/418161d2f95196597e2d305bd301c850afab7f4b284a344fb2d759f048b71c61?s=96&d=mm&r=g","contentUrl":"https:\/\/secure.gravatar.com\/avatar\/418161d2f95196597e2d305bd301c850afab7f4b284a344fb2d759f048b71c61?s=96&d=mm&r=g","caption":"administrador"},"url":"https:\/\/www.info.valladolid.es\/blog\/author\/administrador\/"}]}},"_links":{"self":[{"href":"https:\/\/www.info.valladolid.es\/blog\/wp-json\/wp\/v2\/posts\/528","targetHints":{"allow":["GET"]}}],"collection":[{"href":"https:\/\/www.info.valladolid.es\/blog\/wp-json\/wp\/v2\/posts"}],"about":[{"href":"https:\/\/www.info.valladolid.es\/blog\/wp-json\/wp\/v2\/types\/post"}],"author":[{"embeddable":true,"href":"https:\/\/www.info.valladolid.es\/blog\/wp-json\/wp\/v2\/users\/1"}],"replies":[{"embeddable":true,"href":"https:\/\/www.info.valladolid.es\/blog\/wp-json\/wp\/v2\/comments?post=528"}],"version-history":[{"count":5,"href":"https:\/\/www.info.valladolid.es\/blog\/wp-json\/wp\/v2\/posts\/528\/revisions"}],"predecessor-version":[{"id":3148,"href":"https:\/\/www.info.valladolid.es\/blog\/wp-json\/wp\/v2\/posts\/528\/revisions\/3148"}],"wp:featuredmedia":[{"embeddable":true,"href":"https:\/\/www.info.valladolid.es\/blog\/wp-json\/wp\/v2\/media\/3147"}],"wp:attachment":[{"href":"https:\/\/www.info.valladolid.es\/blog\/wp-json\/wp\/v2\/media?parent=528"}],"wp:term":[{"taxonomy":"category","embeddable":true,"href":"https:\/\/www.info.valladolid.es\/blog\/wp-json\/wp\/v2\/categories?post=528"},{"taxonomy":"post_tag","embeddable":true,"href":"https:\/\/www.info.valladolid.es\/blog\/wp-json\/wp\/v2\/tags?post=528"}],"curies":[{"name":"wp","href":"https:\/\/api.w.org\/{rel}","templated":true}]}}