{"id":509,"date":"2015-07-07T09:39:23","date_gmt":"2015-07-07T09:39:23","guid":{"rendered":"http:\/\/www.info.valladolid.es\/blog\/?p=509"},"modified":"2019-02-13T13:56:23","modified_gmt":"2019-02-13T13:56:23","slug":"reloj-floral-valladolid","status":"publish","type":"post","link":"https:\/\/www.info.valladolid.es\/blog\/reloj-floral-valladolid\/","title":{"rendered":"Valladolid vuelve a dar la hora con flores"},"content":{"rendered":"<div id=\"attachment_513\" style=\"width: 210px\" class=\"wp-caption alignleft\"><a href=\"http:\/\/www.info.valladolid.es\/blog\/wp-content\/uploads\/2015\/07\/dibujoreloj1966.png\"><img loading=\"lazy\" decoding=\"async\" aria-describedby=\"caption-attachment-513\" class=\"size-full wp-image-513\" src=\"http:\/\/www.info.valladolid.es\/blog\/wp-content\/uploads\/2015\/07\/dibujoreloj1966.png\" alt=\"Reloj-floral-Valladolid-1966\" width=\"200\" height=\"203\" \/><\/a><p id=\"caption-attachment-513\" class=\"wp-caption-text\">Dibujo del reloj floral aprobado en 1966<\/p><\/div>\n<p>Hace casi medio siglo El Norte de Castilla plasmaba en su cr\u00f3nica municipal una rotunda opini\u00f3n: <em><strong>\u201cEl reloj floral ha de ser uno de los conjuntos m\u00e1s interesantes de este paraje\u201d.<\/strong><\/em> El paraje al que se refiere el decano de la prensa vallisoletana, el entorno del Campo Grande. El protagonista, una instalaci\u00f3n que combinaba un mosaico de p\u00e9talos y tallos con un mecanismo de relojer\u00eda. El a\u00f1o, 1966.<\/p>\n<p>Cuarenta y nueve a\u00f1os despu\u00e9s y m\u00e1s de dos d\u00e9cadas desde su desmantelamiento, el c\u00e9ntrico paraje vuelve a dar la hora. El proyecto final poco tiene que ver con el aprobado por el Consistorio de Mart\u00edn Santos Romero en<strong> febrero de 1966<\/strong>, m\u00e1s all\u00e1 de la idea, que se recupera, y la zona de <strong>Valladolid<\/strong> que le da cabida \u2013aunque la ubicaci\u00f3n actual no coincide de forma exacta con la original-.<\/p>\n<p>Lo que hoy es el <strong>Paseo Central del Campo Grande<\/strong>, colindante con la calle Acera de Recoletos, fue la <strong>ubicaci\u00f3n del primer reloj floral de Valladolid.<\/strong><\/p>\n<p>En el escrito que aprueba la ejecuci\u00f3n de la obra se urg\u00eda a <em>\u201cembellecer la zona del derribo del auditorio del Campo Grande\u201d<\/em> de cara a la celebraci\u00f3n de la Semana Santa, que ese a\u00f1o comenzaba el 23 de febrero, Mi\u00e9rcoles de Ceniza. El ornamento pudo haber sido una fuente luminosa \u2013descartada por su elevado coste- o una columna con term\u00f3metro, bar\u00f3metro, calendario y reloj. Se opt\u00f3, sin embargo, por la instalaci\u00f3n de un reloj floral, acorde con una moda europe\u00edsta como declara el propio escrito, que lo considera una opci\u00f3n <em>\u201cde gran aceptaci\u00f3n en las principales capitales europeas\u201d<\/em>.<\/p>\n<div id=\"attachment_514\" style=\"width: 827px\" class=\"wp-caption aligncenter\"><a href=\"http:\/\/www.info.valladolid.es\/blog\/wp-content\/uploads\/2015\/07\/reloj-comparacion.png\"><img loading=\"lazy\" decoding=\"async\" aria-describedby=\"caption-attachment-514\" class=\"size-full wp-image-514\" src=\"http:\/\/www.info.valladolid.es\/blog\/wp-content\/uploads\/2015\/07\/reloj-comparacion.png\" alt=\"Comparaci\u00f3n del reloj floral en 1966 y el actual\" width=\"817\" height=\"310\" srcset=\"https:\/\/www.info.valladolid.es\/blog\/wp-content\/uploads\/2015\/07\/reloj-comparacion.png 817w, https:\/\/www.info.valladolid.es\/blog\/wp-content\/uploads\/2015\/07\/reloj-comparacion-300x113.png 300w, https:\/\/www.info.valladolid.es\/blog\/wp-content\/uploads\/2015\/07\/reloj-comparacion-550x210.png 550w, https:\/\/www.info.valladolid.es\/blog\/wp-content\/uploads\/2015\/07\/reloj-comparacion-265x100.png 265w\" sizes=\"auto, (max-width: 817px) 100vw, 817px\" \/><\/a><p id=\"caption-attachment-514\" class=\"wp-caption-text\">Comparaci\u00f3n del reloj floral en 1966 y el actual<\/p><\/div>\n<p>El reloj coronaba una zona ajardinada de forma circular de m\u00e1s de cien metros cuadrados. Sus cinco metros de di\u00e1metro eran el continente de una gran aguja minutero, con 1,75 metros de longitud. Todo el conjunto estaba enmarcado por el gris de las santolinas en contraste con el verde del \u201cpuchello\u201d y el rojo oscuro de las bego\u00f1as.<br \/>\n<strong>La remodelaci\u00f3n de la zona, en los a\u00f1os ochenta del pasado siglo XX, puso fin al tic tac de sus agujas.<\/strong><\/p>\n<p>Pocos metros separan al actual reloj floral del emplazamiento de su antecesor. Similares pero sustancialmente diferentes, este gui\u00f1o a los a\u00f1os sesenta no resulta extempor\u00e1neo gracias a un lavado de cara en su est\u00e9tica y a la incorporaci\u00f3n de tecnolog\u00eda puntera.<\/p>\n<div id=\"attachment_517\" style=\"width: 310px\" class=\"wp-caption alignright\"><a href=\"http:\/\/www.info.valladolid.es\/blog\/wp-content\/uploads\/2015\/07\/relojflorarl2015.png\"><img loading=\"lazy\" decoding=\"async\" aria-describedby=\"caption-attachment-517\" class=\"size-full wp-image-517\" src=\"http:\/\/www.info.valladolid.es\/blog\/wp-content\/uploads\/2015\/07\/relojflorarl2015.png\" alt=\"Boceto del nuevo reloj floral \" width=\"300\" height=\"194\" \/><\/a><p id=\"caption-attachment-517\" class=\"wp-caption-text\">Boceto del nuevo reloj floral<\/p><\/div>\n<p>La esfera dej\u00f3 en el vestidor los tonos apagados y ahora se engalana con los vivos colores de las plantas de temporada y <strong>cuatro mosaicos que representan motivos de Valladolid.<\/strong> En la zona superior, <strong>la Casa Consistorial <\/strong>y una letra e\u00f1e \u2013en referencia a la fama del buen espa\u00f1ol que se habla en la ciudad-, y un<strong> vi\u00f1edo y tres copas de vino<\/strong> \u2013 para recordar a los paseantes que Valladolid es capital de una tierra en la que confluyen cinco Denominaciones de Origen vitivin\u00edcolas-. En la inferior, tradici\u00f3n y modernidad: la <strong>Semana Santa<\/strong> y la iglesia de Santa Mar\u00eda de la Antigua en una de las esferas, y el avance representado por el <strong>Museo de la Ciencia de Valladolid, la C\u00fapula del Milenio<\/strong> y el coche el\u00e9ctrico.<\/p>\n<p>Tambi\u00e9n es considerable el aumento en el tama\u00f1o del reloj, tanto en la esfera, que pasa de cinco a ocho metros de di\u00e1metro; como en las agujas, que ahora miden 2,76 y 3,48 metros, con un peso, cada una, de unos cuarenta kilogramos.<\/p>\n<p>El medio siglo que separa ambos proyectos se hace notar, sobre todo, en la tecnolog\u00eda incorporada. El que otrora fuese un mecanismo de relojer\u00eda a secas cuenta ahora con una <strong>antena v\u00eda sat\u00e9lite<\/strong> que permitir\u00e1 marcar la hora de forma totalmente exacta. El conjunto incluye tambi\u00e9n una placa con un<strong> c\u00f3digo bidi<\/strong> que ofrece informaci\u00f3n sobre ambos relojes florales y sus agujas est\u00e1n lacadas con el tratamiento que reciben las aspas de los aerogeneradores.<\/p>\n<p>Ciudades como Ginebra (Suiza), Kiev (Ucrania), Neuch\u00e2tel a Le Locle (Francia), Lineo (Suecia), o Timisoara (Rumania) encarnan una moda europea con la que<strong> Valladolid<\/strong>\u00a0se reencuentra despu\u00e9s de medio siglo, haciendo gala de su pasado\u00a0y, sin embargo, lejos de resultar un\u00a0anacronismo.<\/p>\n","protected":false},"excerpt":{"rendered":"<p>Hace casi medio siglo El Norte de Castilla plasmaba en su cr\u00f3nica municipal una rotunda opini\u00f3n: \u201cEl reloj floral ha de ser uno de los conjuntos m\u00e1s interesantes de este paraje\u201d. El paraje al que se refiere el decano de la prensa vallisoletana, el entorno del Campo Grande. El protagonista, una instalaci\u00f3n que combinaba un mosaico de p\u00e9talos y tallos con un mecanismo de relojer\u00eda. El a\u00f1o, 1966. Cuarenta y nueve a\u00f1os despu\u00e9s y m\u00e1s de dos d\u00e9cadas desde su desmantelamiento, el c\u00e9ntrico paraje vuelve a dar la hora. El proyecto final poco tiene que ver con el aprobado por el Consistorio de Mart\u00edn Santos Romero en febrero de 1966, m\u00e1s all\u00e1 de la idea, que se recupera, y la zona de Valladolid que le da cabida \u2013aunque la ubicaci\u00f3n actual no coincide de forma exacta con la original-. Lo que hoy es el Paseo Central del Campo Grande, colindante con la calle Acera de Recoletos, fue la ubicaci\u00f3n del primer reloj floral de Valladolid. En el escrito que aprueba la ejecuci\u00f3n de la obra se urg\u00eda a \u201cembellecer la zona del derribo del auditorio del Campo Grande\u201d de cara a la celebraci\u00f3n de la Semana Santa, que ese a\u00f1o [&hellip;]<\/p>\n","protected":false},"author":1,"featured_media":3153,"comment_status":"open","ping_status":"open","sticky":false,"template":"","format":"standard","meta":{"footnotes":""},"categories":[6,7,131],"tags":[],"class_list":["post-509","post","type-post","status-publish","format-standard","has-post-thumbnail","hentry","category-arte-y-museos","category-personajes_e_historia","category-que-ver-en-valladolid"],"yoast_head":"<!-- This site is optimized with the Yoast SEO plugin v27.5 - https:\/\/yoast.com\/product\/yoast-seo-wordpress\/ -->\n<title>Valladolid vuelve a dar la hora con flores - Blog Cultura y Turismo<\/title>\n<meta name=\"robots\" content=\"index, follow, max-snippet:-1, max-image-preview:large, max-video-preview:-1\" \/>\n<link rel=\"canonical\" href=\"https:\/\/www.info.valladolid.es\/blog\/reloj-floral-valladolid\/\" \/>\n<meta property=\"og:locale\" content=\"es_ES\" \/>\n<meta property=\"og:type\" content=\"article\" \/>\n<meta property=\"og:title\" content=\"Valladolid vuelve a dar la hora con flores - Blog Cultura y Turismo\" \/>\n<meta property=\"og:description\" content=\"Hace casi medio siglo El Norte de Castilla plasmaba en su cr\u00f3nica municipal una rotunda opini\u00f3n: \u201cEl reloj floral ha de ser uno de los conjuntos m\u00e1s interesantes de este paraje\u201d. El paraje al que se refiere el decano de la prensa vallisoletana, el entorno del Campo Grande. El protagonista, una instalaci\u00f3n que combinaba un mosaico de p\u00e9talos y tallos con un mecanismo de relojer\u00eda. El a\u00f1o, 1966. Cuarenta y nueve a\u00f1os despu\u00e9s y m\u00e1s de dos d\u00e9cadas desde su desmantelamiento, el c\u00e9ntrico paraje vuelve a dar la hora. El proyecto final poco tiene que ver con el aprobado por el Consistorio de Mart\u00edn Santos Romero en febrero de 1966, m\u00e1s all\u00e1 de la idea, que se recupera, y la zona de Valladolid que le da cabida \u2013aunque la ubicaci\u00f3n actual no coincide de forma exacta con la original-. Lo que hoy es el Paseo Central del Campo Grande, colindante con la calle Acera de Recoletos, fue la ubicaci\u00f3n del primer reloj floral de Valladolid. En el escrito que aprueba la ejecuci\u00f3n de la obra se urg\u00eda a \u201cembellecer la zona del derribo del auditorio del Campo Grande\u201d de cara a la celebraci\u00f3n de la Semana Santa, que ese a\u00f1o [&hellip;]\" \/>\n<meta property=\"og:url\" content=\"https:\/\/www.info.valladolid.es\/blog\/reloj-floral-valladolid\/\" \/>\n<meta property=\"og:site_name\" content=\"Blog Cultura y Turismo\" \/>\n<meta property=\"article:published_time\" content=\"2015-07-07T09:39:23+00:00\" \/>\n<meta property=\"article:modified_time\" content=\"2019-02-13T13:56:23+00:00\" \/>\n<meta property=\"og:image\" content=\"https:\/\/www.info.valladolid.es\/blog\/wp-content\/uploads\/2015\/07\/reloj-floral.jpg\" \/>\n\t<meta property=\"og:image:width\" content=\"520\" \/>\n\t<meta property=\"og:image:height\" content=\"400\" \/>\n\t<meta property=\"og:image:type\" content=\"image\/jpeg\" \/>\n<meta name=\"author\" content=\"administrador\" \/>\n<meta name=\"twitter:card\" content=\"summary_large_image\" \/>\n<meta name=\"twitter:label1\" content=\"Escrito por\" \/>\n\t<meta name=\"twitter:data1\" content=\"administrador\" \/>\n\t<meta name=\"twitter:label2\" content=\"Tiempo de lectura\" \/>\n\t<meta name=\"twitter:data2\" content=\"4 minutos\" \/>\n<script type=\"application\/ld+json\" class=\"yoast-schema-graph\">{\"@context\":\"https:\\\/\\\/schema.org\",\"@graph\":[{\"@type\":\"Article\",\"@id\":\"https:\\\/\\\/www.info.valladolid.es\\\/blog\\\/reloj-floral-valladolid\\\/#article\",\"isPartOf\":{\"@id\":\"https:\\\/\\\/www.info.valladolid.es\\\/blog\\\/reloj-floral-valladolid\\\/\"},\"author\":{\"name\":\"administrador\",\"@id\":\"https:\\\/\\\/www.info.valladolid.es\\\/blog\\\/#\\\/schema\\\/person\\\/845cac97e6156a5a9c5abd68b7b9a5d5\"},\"headline\":\"Valladolid vuelve a dar la hora con flores\",\"datePublished\":\"2015-07-07T09:39:23+00:00\",\"dateModified\":\"2019-02-13T13:56:23+00:00\",\"mainEntityOfPage\":{\"@id\":\"https:\\\/\\\/www.info.valladolid.es\\\/blog\\\/reloj-floral-valladolid\\\/\"},\"wordCount\":773,\"commentCount\":4,\"image\":{\"@id\":\"https:\\\/\\\/www.info.valladolid.es\\\/blog\\\/reloj-floral-valladolid\\\/#primaryimage\"},\"thumbnailUrl\":\"https:\\\/\\\/www.info.valladolid.es\\\/blog\\\/wp-content\\\/uploads\\\/2015\\\/07\\\/reloj-floral.jpg\",\"articleSection\":[\"Arte y Museos\",\"Personajes e historia\",\"Qu\u00e9 ver en Valladolid\"],\"inLanguage\":\"es\",\"potentialAction\":[{\"@type\":\"CommentAction\",\"name\":\"Comment\",\"target\":[\"https:\\\/\\\/www.info.valladolid.es\\\/blog\\\/reloj-floral-valladolid\\\/#respond\"]}]},{\"@type\":\"WebPage\",\"@id\":\"https:\\\/\\\/www.info.valladolid.es\\\/blog\\\/reloj-floral-valladolid\\\/\",\"url\":\"https:\\\/\\\/www.info.valladolid.es\\\/blog\\\/reloj-floral-valladolid\\\/\",\"name\":\"Valladolid vuelve a dar la hora con flores - Blog Cultura y Turismo\",\"isPartOf\":{\"@id\":\"https:\\\/\\\/www.info.valladolid.es\\\/blog\\\/#website\"},\"primaryImageOfPage\":{\"@id\":\"https:\\\/\\\/www.info.valladolid.es\\\/blog\\\/reloj-floral-valladolid\\\/#primaryimage\"},\"image\":{\"@id\":\"https:\\\/\\\/www.info.valladolid.es\\\/blog\\\/reloj-floral-valladolid\\\/#primaryimage\"},\"thumbnailUrl\":\"https:\\\/\\\/www.info.valladolid.es\\\/blog\\\/wp-content\\\/uploads\\\/2015\\\/07\\\/reloj-floral.jpg\",\"datePublished\":\"2015-07-07T09:39:23+00:00\",\"dateModified\":\"2019-02-13T13:56:23+00:00\",\"author\":{\"@id\":\"https:\\\/\\\/www.info.valladolid.es\\\/blog\\\/#\\\/schema\\\/person\\\/845cac97e6156a5a9c5abd68b7b9a5d5\"},\"breadcrumb\":{\"@id\":\"https:\\\/\\\/www.info.valladolid.es\\\/blog\\\/reloj-floral-valladolid\\\/#breadcrumb\"},\"inLanguage\":\"es\",\"potentialAction\":[{\"@type\":\"ReadAction\",\"target\":[\"https:\\\/\\\/www.info.valladolid.es\\\/blog\\\/reloj-floral-valladolid\\\/\"]}]},{\"@type\":\"ImageObject\",\"inLanguage\":\"es\",\"@id\":\"https:\\\/\\\/www.info.valladolid.es\\\/blog\\\/reloj-floral-valladolid\\\/#primaryimage\",\"url\":\"https:\\\/\\\/www.info.valladolid.es\\\/blog\\\/wp-content\\\/uploads\\\/2015\\\/07\\\/reloj-floral.jpg\",\"contentUrl\":\"https:\\\/\\\/www.info.valladolid.es\\\/blog\\\/wp-content\\\/uploads\\\/2015\\\/07\\\/reloj-floral.jpg\",\"width\":520,\"height\":400},{\"@type\":\"BreadcrumbList\",\"@id\":\"https:\\\/\\\/www.info.valladolid.es\\\/blog\\\/reloj-floral-valladolid\\\/#breadcrumb\",\"itemListElement\":[{\"@type\":\"ListItem\",\"position\":1,\"name\":\"Home\",\"item\":\"https:\\\/\\\/www.info.valladolid.es\\\/blog\\\/\"},{\"@type\":\"ListItem\",\"position\":2,\"name\":\"Valladolid vuelve a dar la hora con flores\"}]},{\"@type\":\"WebSite\",\"@id\":\"https:\\\/\\\/www.info.valladolid.es\\\/blog\\\/#website\",\"url\":\"https:\\\/\\\/www.info.valladolid.es\\\/blog\\\/\",\"name\":\"Blog Cultura y Turismo\",\"description\":\"\",\"potentialAction\":[{\"@type\":\"SearchAction\",\"target\":{\"@type\":\"EntryPoint\",\"urlTemplate\":\"https:\\\/\\\/www.info.valladolid.es\\\/blog\\\/?s={search_term_string}\"},\"query-input\":{\"@type\":\"PropertyValueSpecification\",\"valueRequired\":true,\"valueName\":\"search_term_string\"}}],\"inLanguage\":\"es\"},{\"@type\":\"Person\",\"@id\":\"https:\\\/\\\/www.info.valladolid.es\\\/blog\\\/#\\\/schema\\\/person\\\/845cac97e6156a5a9c5abd68b7b9a5d5\",\"name\":\"administrador\",\"image\":{\"@type\":\"ImageObject\",\"inLanguage\":\"es\",\"@id\":\"https:\\\/\\\/secure.gravatar.com\\\/avatar\\\/418161d2f95196597e2d305bd301c850afab7f4b284a344fb2d759f048b71c61?s=96&d=mm&r=g\",\"url\":\"https:\\\/\\\/secure.gravatar.com\\\/avatar\\\/418161d2f95196597e2d305bd301c850afab7f4b284a344fb2d759f048b71c61?s=96&d=mm&r=g\",\"contentUrl\":\"https:\\\/\\\/secure.gravatar.com\\\/avatar\\\/418161d2f95196597e2d305bd301c850afab7f4b284a344fb2d759f048b71c61?s=96&d=mm&r=g\",\"caption\":\"administrador\"},\"url\":\"https:\\\/\\\/www.info.valladolid.es\\\/blog\\\/author\\\/administrador\\\/\"}]}<\/script>\n<!-- \/ Yoast SEO plugin. -->","yoast_head_json":{"title":"Valladolid vuelve a dar la hora con flores - Blog Cultura y Turismo","robots":{"index":"index","follow":"follow","max-snippet":"max-snippet:-1","max-image-preview":"max-image-preview:large","max-video-preview":"max-video-preview:-1"},"canonical":"https:\/\/www.info.valladolid.es\/blog\/reloj-floral-valladolid\/","og_locale":"es_ES","og_type":"article","og_title":"Valladolid vuelve a dar la hora con flores - Blog Cultura y Turismo","og_description":"Hace casi medio siglo El Norte de Castilla plasmaba en su cr\u00f3nica municipal una rotunda opini\u00f3n: \u201cEl reloj floral ha de ser uno de los conjuntos m\u00e1s interesantes de este paraje\u201d. El paraje al que se refiere el decano de la prensa vallisoletana, el entorno del Campo Grande. El protagonista, una instalaci\u00f3n que combinaba un mosaico de p\u00e9talos y tallos con un mecanismo de relojer\u00eda. El a\u00f1o, 1966. Cuarenta y nueve a\u00f1os despu\u00e9s y m\u00e1s de dos d\u00e9cadas desde su desmantelamiento, el c\u00e9ntrico paraje vuelve a dar la hora. El proyecto final poco tiene que ver con el aprobado por el Consistorio de Mart\u00edn Santos Romero en febrero de 1966, m\u00e1s all\u00e1 de la idea, que se recupera, y la zona de Valladolid que le da cabida \u2013aunque la ubicaci\u00f3n actual no coincide de forma exacta con la original-. Lo que hoy es el Paseo Central del Campo Grande, colindante con la calle Acera de Recoletos, fue la ubicaci\u00f3n del primer reloj floral de Valladolid. En el escrito que aprueba la ejecuci\u00f3n de la obra se urg\u00eda a \u201cembellecer la zona del derribo del auditorio del Campo Grande\u201d de cara a la celebraci\u00f3n de la Semana Santa, que ese a\u00f1o [&hellip;]","og_url":"https:\/\/www.info.valladolid.es\/blog\/reloj-floral-valladolid\/","og_site_name":"Blog Cultura y Turismo","article_published_time":"2015-07-07T09:39:23+00:00","article_modified_time":"2019-02-13T13:56:23+00:00","og_image":[{"width":520,"height":400,"url":"https:\/\/www.info.valladolid.es\/blog\/wp-content\/uploads\/2015\/07\/reloj-floral.jpg","type":"image\/jpeg"}],"author":"administrador","twitter_card":"summary_large_image","twitter_misc":{"Escrito por":"administrador","Tiempo de lectura":"4 minutos"},"schema":{"@context":"https:\/\/schema.org","@graph":[{"@type":"Article","@id":"https:\/\/www.info.valladolid.es\/blog\/reloj-floral-valladolid\/#article","isPartOf":{"@id":"https:\/\/www.info.valladolid.es\/blog\/reloj-floral-valladolid\/"},"author":{"name":"administrador","@id":"https:\/\/www.info.valladolid.es\/blog\/#\/schema\/person\/845cac97e6156a5a9c5abd68b7b9a5d5"},"headline":"Valladolid vuelve a dar la hora con flores","datePublished":"2015-07-07T09:39:23+00:00","dateModified":"2019-02-13T13:56:23+00:00","mainEntityOfPage":{"@id":"https:\/\/www.info.valladolid.es\/blog\/reloj-floral-valladolid\/"},"wordCount":773,"commentCount":4,"image":{"@id":"https:\/\/www.info.valladolid.es\/blog\/reloj-floral-valladolid\/#primaryimage"},"thumbnailUrl":"https:\/\/www.info.valladolid.es\/blog\/wp-content\/uploads\/2015\/07\/reloj-floral.jpg","articleSection":["Arte y Museos","Personajes e historia","Qu\u00e9 ver en Valladolid"],"inLanguage":"es","potentialAction":[{"@type":"CommentAction","name":"Comment","target":["https:\/\/www.info.valladolid.es\/blog\/reloj-floral-valladolid\/#respond"]}]},{"@type":"WebPage","@id":"https:\/\/www.info.valladolid.es\/blog\/reloj-floral-valladolid\/","url":"https:\/\/www.info.valladolid.es\/blog\/reloj-floral-valladolid\/","name":"Valladolid vuelve a dar la hora con flores - Blog Cultura y Turismo","isPartOf":{"@id":"https:\/\/www.info.valladolid.es\/blog\/#website"},"primaryImageOfPage":{"@id":"https:\/\/www.info.valladolid.es\/blog\/reloj-floral-valladolid\/#primaryimage"},"image":{"@id":"https:\/\/www.info.valladolid.es\/blog\/reloj-floral-valladolid\/#primaryimage"},"thumbnailUrl":"https:\/\/www.info.valladolid.es\/blog\/wp-content\/uploads\/2015\/07\/reloj-floral.jpg","datePublished":"2015-07-07T09:39:23+00:00","dateModified":"2019-02-13T13:56:23+00:00","author":{"@id":"https:\/\/www.info.valladolid.es\/blog\/#\/schema\/person\/845cac97e6156a5a9c5abd68b7b9a5d5"},"breadcrumb":{"@id":"https:\/\/www.info.valladolid.es\/blog\/reloj-floral-valladolid\/#breadcrumb"},"inLanguage":"es","potentialAction":[{"@type":"ReadAction","target":["https:\/\/www.info.valladolid.es\/blog\/reloj-floral-valladolid\/"]}]},{"@type":"ImageObject","inLanguage":"es","@id":"https:\/\/www.info.valladolid.es\/blog\/reloj-floral-valladolid\/#primaryimage","url":"https:\/\/www.info.valladolid.es\/blog\/wp-content\/uploads\/2015\/07\/reloj-floral.jpg","contentUrl":"https:\/\/www.info.valladolid.es\/blog\/wp-content\/uploads\/2015\/07\/reloj-floral.jpg","width":520,"height":400},{"@type":"BreadcrumbList","@id":"https:\/\/www.info.valladolid.es\/blog\/reloj-floral-valladolid\/#breadcrumb","itemListElement":[{"@type":"ListItem","position":1,"name":"Home","item":"https:\/\/www.info.valladolid.es\/blog\/"},{"@type":"ListItem","position":2,"name":"Valladolid vuelve a dar la hora con flores"}]},{"@type":"WebSite","@id":"https:\/\/www.info.valladolid.es\/blog\/#website","url":"https:\/\/www.info.valladolid.es\/blog\/","name":"Blog Cultura y Turismo","description":"","potentialAction":[{"@type":"SearchAction","target":{"@type":"EntryPoint","urlTemplate":"https:\/\/www.info.valladolid.es\/blog\/?s={search_term_string}"},"query-input":{"@type":"PropertyValueSpecification","valueRequired":true,"valueName":"search_term_string"}}],"inLanguage":"es"},{"@type":"Person","@id":"https:\/\/www.info.valladolid.es\/blog\/#\/schema\/person\/845cac97e6156a5a9c5abd68b7b9a5d5","name":"administrador","image":{"@type":"ImageObject","inLanguage":"es","@id":"https:\/\/secure.gravatar.com\/avatar\/418161d2f95196597e2d305bd301c850afab7f4b284a344fb2d759f048b71c61?s=96&d=mm&r=g","url":"https:\/\/secure.gravatar.com\/avatar\/418161d2f95196597e2d305bd301c850afab7f4b284a344fb2d759f048b71c61?s=96&d=mm&r=g","contentUrl":"https:\/\/secure.gravatar.com\/avatar\/418161d2f95196597e2d305bd301c850afab7f4b284a344fb2d759f048b71c61?s=96&d=mm&r=g","caption":"administrador"},"url":"https:\/\/www.info.valladolid.es\/blog\/author\/administrador\/"}]}},"_links":{"self":[{"href":"https:\/\/www.info.valladolid.es\/blog\/wp-json\/wp\/v2\/posts\/509","targetHints":{"allow":["GET"]}}],"collection":[{"href":"https:\/\/www.info.valladolid.es\/blog\/wp-json\/wp\/v2\/posts"}],"about":[{"href":"https:\/\/www.info.valladolid.es\/blog\/wp-json\/wp\/v2\/types\/post"}],"author":[{"embeddable":true,"href":"https:\/\/www.info.valladolid.es\/blog\/wp-json\/wp\/v2\/users\/1"}],"replies":[{"embeddable":true,"href":"https:\/\/www.info.valladolid.es\/blog\/wp-json\/wp\/v2\/comments?post=509"}],"version-history":[{"count":6,"href":"https:\/\/www.info.valladolid.es\/blog\/wp-json\/wp\/v2\/posts\/509\/revisions"}],"predecessor-version":[{"id":3657,"href":"https:\/\/www.info.valladolid.es\/blog\/wp-json\/wp\/v2\/posts\/509\/revisions\/3657"}],"wp:featuredmedia":[{"embeddable":true,"href":"https:\/\/www.info.valladolid.es\/blog\/wp-json\/wp\/v2\/media\/3153"}],"wp:attachment":[{"href":"https:\/\/www.info.valladolid.es\/blog\/wp-json\/wp\/v2\/media?parent=509"}],"wp:term":[{"taxonomy":"category","embeddable":true,"href":"https:\/\/www.info.valladolid.es\/blog\/wp-json\/wp\/v2\/categories?post=509"},{"taxonomy":"post_tag","embeddable":true,"href":"https:\/\/www.info.valladolid.es\/blog\/wp-json\/wp\/v2\/tags?post=509"}],"curies":[{"name":"wp","href":"https:\/\/api.w.org\/{rel}","templated":true}]}}