{"id":4878,"date":"2020-12-09T12:24:27","date_gmt":"2020-12-09T12:24:27","guid":{"rendered":"https:\/\/www.info.valladolid.es\/blog\/?p=4878"},"modified":"2020-12-10T08:24:38","modified_gmt":"2020-12-10T08:24:38","slug":"salon-otono-2020","status":"publish","type":"post","link":"https:\/\/www.info.valladolid.es\/blog\/salon-otono-2020\/","title":{"rendered":"Sal\u00f3n de oto\u00f1o 2020"},"content":{"rendered":"\n<p>La Uni\u00f3n Art\u00edstica Vallisoletana presenta en la Casa Revilla las obras que concurren a su Sal\u00f3n de oto\u00f1o 2020. Este a\u00f1o, como novedad, incorpora una peque\u00f1a muestra de artistas que han participado en su taller de oto\u00f1o.<\/p>\n\n\n\n<p>Son, en total, 35 las piezas que se exhiben, en representaci\u00f3n de 35 artistas asociados a la Uni\u00f3n. <\/p>\n\n\n\n<p>La exposici\u00f3n puede visitarse hasta el 10 de enero de 2021, de martes a domingo y festivos, en horario de 12 a 14 y de 18 a 21 horas, y con entrada gratuita. <\/p>\n\n\n\n<p>Descarga el dossier para conocer las obras y los artistas presentes en el Sal\u00f3n de oto\u00f1o 2020; una gu\u00eda para descubrir el talento que tiene Valladolid.<\/p>\n\n\n\n<div class=\"wp-block-button\"><a class=\"wp-block-button__link has-background has-vivid-cyan-blue-background-color\" href=\"https:\/\/www.info.valladolid.es\/blog\/wp-content\/uploads\/2020\/12\/Salon-de-oto\u00f1o-valladolid-2020_compressed.pdf\">Descarga &#8211; gu\u00eda para visitar el Sal\u00f3n de oto\u00f1o 2020 (.pdf)<\/a><\/div>\n\n\n\n<blockquote class=\"wp-block-quote is-layout-flow wp-block-quote-is-layout-flow\"><p>El Sal\u00f3n de oto\u00f1o de la Uni\u00f3n Art\u00edstica Vallisoletana se consigue celebrar en un a\u00f1o at\u00edpico, lleno de incertidumbres y miedos, pero con la mayor de las seguridades para participantes y visitantes. La asociaci\u00f3n ha luchado con ilusi\u00f3n y tes\u00f3n porque no se pierda este a\u00f1o nuestra ciudad una de las muestras culturales m\u00e1s significativas. En esta ocasi\u00f3n, se vuelve a presentar en la Sala de Exposiciones de la Casa Revilla, un lugar hist\u00f3rico e id\u00f3neo para la puesta en escena de las obras.<br> Y, como algo excepcional en esta edici\u00f3n, <strong>os presentamos dos muestras conjuntas<\/strong>,  diferenciadas por ser dos cert\u00e1menes individuales, si bien hoy comparten espacio.<strong> Incorporamos un peque\u00f1o n\u00famero de participantes del &#8216;Taller de oto\u00f1o 2020&#8217;<\/strong>.  Los artistas que se presentan a estos cert\u00e1menes cuentan con una trayectoria profesional notable, gracias a lo cual muchos est\u00e1n consiguiendo grandes \u00e9xitos individuales en sus exposiciones y en otros cert\u00e1menes de pintura a nivel nacional e internacional.<br> Os mostramos una pintura actual -obra in\u00e9dita realizada para la ocasi\u00f3n- por cada uno de los creadores. <br> Esperamos que el p\u00fablico que acuda salga satisfecho de lo que en esta muestra ha encontrado, y agradecemos un a\u00f1o m\u00e1s el apoyo y colaboraci\u00f3n de la Fundaci\u00f3n Municipal de Cultura de nuestro Ayuntamiento para la realizaci\u00f3n de esta exposici\u00f3n, en nombre de mis compa\u00f1eros y en el m\u00edo propio. <\/p><cite> <br>Helen Fern\u00e1ndez Camaz\u00f3n. Presidenta de Uni\u00f3n Art\u00edstica Vallisoletana <\/cite><\/blockquote>\n","protected":false},"excerpt":{"rendered":"<p>La Uni\u00f3n Art\u00edstica Vallisoletana presenta en la Casa Revilla las obras que concurren a su Sal\u00f3n de oto\u00f1o 2020. Este a\u00f1o, como novedad, incorpora una peque\u00f1a muestra de artistas que han participado en su taller de oto\u00f1o. Son, en total, 35 las piezas que se exhiben, en representaci\u00f3n de 35 artistas asociados a la Uni\u00f3n. La exposici\u00f3n puede visitarse hasta el 10 de enero de 2021, de martes a domingo y festivos, en horario de 12 a 14 y de 18 a 21 horas, y con entrada gratuita. Descarga el dossier para conocer las obras y los artistas presentes en el Sal\u00f3n de oto\u00f1o 2020; una gu\u00eda para descubrir el talento que tiene Valladolid. El Sal\u00f3n de oto\u00f1o de la Uni\u00f3n Art\u00edstica Vallisoletana se consigue celebrar en un a\u00f1o at\u00edpico, lleno de incertidumbres y miedos, pero con la mayor de las seguridades para participantes y visitantes. La asociaci\u00f3n ha luchado con ilusi\u00f3n y tes\u00f3n porque no se pierda este a\u00f1o nuestra ciudad una de las muestras culturales m\u00e1s significativas. En esta ocasi\u00f3n, se vuelve a presentar en la Sala de Exposiciones de la Casa Revilla, un lugar hist\u00f3rico e id\u00f3neo para la puesta en escena de las obras. Y, como [&hellip;]<\/p>\n","protected":false},"author":1,"featured_media":4886,"comment_status":"open","ping_status":"open","sticky":false,"template":"","format":"standard","meta":{"footnotes":""},"categories":[6],"tags":[37],"class_list":["post-4878","post","type-post","status-publish","format-standard","has-post-thumbnail","hentry","category-arte-y-museos","tag-exposiciones-en-valladolid"],"yoast_head":"<!-- This site is optimized with the Yoast SEO plugin v27.5 - https:\/\/yoast.com\/product\/yoast-seo-wordpress\/ -->\n<title>Sal\u00f3n de oto\u00f1o 2020 - Cultura y Turismo Valladolid<\/title>\n<meta name=\"description\" content=\"La Casa Revilla presenta las obras del Sal\u00f3n de oto\u00f1o 2020 de la Uni\u00f3n Art\u00edstica Vallisoletana. Descarga el dossier y visita la muestra hasta el 10 de enero\" \/>\n<meta name=\"robots\" content=\"index, follow, max-snippet:-1, max-image-preview:large, max-video-preview:-1\" \/>\n<link rel=\"canonical\" href=\"https:\/\/www.info.valladolid.es\/blog\/salon-otono-2020\/\" \/>\n<meta property=\"og:locale\" content=\"es_ES\" \/>\n<meta property=\"og:type\" content=\"article\" \/>\n<meta property=\"og:title\" content=\"Sal\u00f3n de oto\u00f1o 2020 - Cultura y Turismo Valladolid\" \/>\n<meta property=\"og:description\" content=\"La Casa Revilla presenta las obras del Sal\u00f3n de oto\u00f1o 2020 de la Uni\u00f3n Art\u00edstica Vallisoletana. Descarga el dossier y visita la muestra hasta el 10 de enero\" \/>\n<meta property=\"og:url\" content=\"https:\/\/www.info.valladolid.es\/blog\/salon-otono-2020\/\" \/>\n<meta property=\"og:site_name\" content=\"Blog Cultura y Turismo\" \/>\n<meta property=\"article:published_time\" content=\"2020-12-09T12:24:27+00:00\" \/>\n<meta property=\"article:modified_time\" content=\"2020-12-10T08:24:38+00:00\" \/>\n<meta property=\"og:image\" content=\"https:\/\/www.info.valladolid.es\/blog\/wp-content\/uploads\/2020\/12\/salon-oto\u00f1o-2020.jpg\" \/>\n\t<meta property=\"og:image:width\" content=\"854\" \/>\n\t<meta property=\"og:image:height\" content=\"563\" \/>\n\t<meta property=\"og:image:type\" content=\"image\/jpeg\" \/>\n<meta name=\"author\" content=\"administrador\" \/>\n<meta name=\"twitter:card\" content=\"summary_large_image\" \/>\n<meta name=\"twitter:label1\" content=\"Escrito por\" \/>\n\t<meta name=\"twitter:data1\" content=\"administrador\" \/>\n\t<meta name=\"twitter:label2\" content=\"Tiempo de lectura\" \/>\n\t<meta name=\"twitter:data2\" content=\"2 minutos\" \/>\n<script type=\"application\/ld+json\" class=\"yoast-schema-graph\">{\"@context\":\"https:\\\/\\\/schema.org\",\"@graph\":[{\"@type\":\"Article\",\"@id\":\"https:\\\/\\\/www.info.valladolid.es\\\/blog\\\/salon-otono-2020\\\/#article\",\"isPartOf\":{\"@id\":\"https:\\\/\\\/www.info.valladolid.es\\\/blog\\\/salon-otono-2020\\\/\"},\"author\":{\"name\":\"administrador\",\"@id\":\"https:\\\/\\\/www.info.valladolid.es\\\/blog\\\/#\\\/schema\\\/person\\\/845cac97e6156a5a9c5abd68b7b9a5d5\"},\"headline\":\"Sal\u00f3n de oto\u00f1o 2020\",\"datePublished\":\"2020-12-09T12:24:27+00:00\",\"dateModified\":\"2020-12-10T08:24:38+00:00\",\"mainEntityOfPage\":{\"@id\":\"https:\\\/\\\/www.info.valladolid.es\\\/blog\\\/salon-otono-2020\\\/\"},\"wordCount\":403,\"commentCount\":0,\"image\":{\"@id\":\"https:\\\/\\\/www.info.valladolid.es\\\/blog\\\/salon-otono-2020\\\/#primaryimage\"},\"thumbnailUrl\":\"https:\\\/\\\/www.info.valladolid.es\\\/blog\\\/wp-content\\\/uploads\\\/2020\\\/12\\\/salon-oto\u00f1o-2020.jpg\",\"keywords\":[\"Exposiciones en Valladolid\"],\"articleSection\":[\"Arte y Museos\"],\"inLanguage\":\"es\",\"potentialAction\":[{\"@type\":\"CommentAction\",\"name\":\"Comment\",\"target\":[\"https:\\\/\\\/www.info.valladolid.es\\\/blog\\\/salon-otono-2020\\\/#respond\"]}]},{\"@type\":\"WebPage\",\"@id\":\"https:\\\/\\\/www.info.valladolid.es\\\/blog\\\/salon-otono-2020\\\/\",\"url\":\"https:\\\/\\\/www.info.valladolid.es\\\/blog\\\/salon-otono-2020\\\/\",\"name\":\"Sal\u00f3n de oto\u00f1o 2020 - Cultura y Turismo Valladolid\",\"isPartOf\":{\"@id\":\"https:\\\/\\\/www.info.valladolid.es\\\/blog\\\/#website\"},\"primaryImageOfPage\":{\"@id\":\"https:\\\/\\\/www.info.valladolid.es\\\/blog\\\/salon-otono-2020\\\/#primaryimage\"},\"image\":{\"@id\":\"https:\\\/\\\/www.info.valladolid.es\\\/blog\\\/salon-otono-2020\\\/#primaryimage\"},\"thumbnailUrl\":\"https:\\\/\\\/www.info.valladolid.es\\\/blog\\\/wp-content\\\/uploads\\\/2020\\\/12\\\/salon-oto\u00f1o-2020.jpg\",\"datePublished\":\"2020-12-09T12:24:27+00:00\",\"dateModified\":\"2020-12-10T08:24:38+00:00\",\"author\":{\"@id\":\"https:\\\/\\\/www.info.valladolid.es\\\/blog\\\/#\\\/schema\\\/person\\\/845cac97e6156a5a9c5abd68b7b9a5d5\"},\"description\":\"La Casa Revilla presenta las obras del Sal\u00f3n de oto\u00f1o 2020 de la Uni\u00f3n Art\u00edstica Vallisoletana. Descarga el dossier y visita la muestra hasta el 10 de enero\",\"breadcrumb\":{\"@id\":\"https:\\\/\\\/www.info.valladolid.es\\\/blog\\\/salon-otono-2020\\\/#breadcrumb\"},\"inLanguage\":\"es\",\"potentialAction\":[{\"@type\":\"ReadAction\",\"target\":[\"https:\\\/\\\/www.info.valladolid.es\\\/blog\\\/salon-otono-2020\\\/\"]}]},{\"@type\":\"ImageObject\",\"inLanguage\":\"es\",\"@id\":\"https:\\\/\\\/www.info.valladolid.es\\\/blog\\\/salon-otono-2020\\\/#primaryimage\",\"url\":\"https:\\\/\\\/www.info.valladolid.es\\\/blog\\\/wp-content\\\/uploads\\\/2020\\\/12\\\/salon-oto\u00f1o-2020.jpg\",\"contentUrl\":\"https:\\\/\\\/www.info.valladolid.es\\\/blog\\\/wp-content\\\/uploads\\\/2020\\\/12\\\/salon-oto\u00f1o-2020.jpg\",\"width\":854,\"height\":563},{\"@type\":\"BreadcrumbList\",\"@id\":\"https:\\\/\\\/www.info.valladolid.es\\\/blog\\\/salon-otono-2020\\\/#breadcrumb\",\"itemListElement\":[{\"@type\":\"ListItem\",\"position\":1,\"name\":\"Home\",\"item\":\"https:\\\/\\\/www.info.valladolid.es\\\/blog\\\/\"},{\"@type\":\"ListItem\",\"position\":2,\"name\":\"Sal\u00f3n de oto\u00f1o 2020\"}]},{\"@type\":\"WebSite\",\"@id\":\"https:\\\/\\\/www.info.valladolid.es\\\/blog\\\/#website\",\"url\":\"https:\\\/\\\/www.info.valladolid.es\\\/blog\\\/\",\"name\":\"Blog Cultura y Turismo\",\"description\":\"\",\"potentialAction\":[{\"@type\":\"SearchAction\",\"target\":{\"@type\":\"EntryPoint\",\"urlTemplate\":\"https:\\\/\\\/www.info.valladolid.es\\\/blog\\\/?s={search_term_string}\"},\"query-input\":{\"@type\":\"PropertyValueSpecification\",\"valueRequired\":true,\"valueName\":\"search_term_string\"}}],\"inLanguage\":\"es\"},{\"@type\":\"Person\",\"@id\":\"https:\\\/\\\/www.info.valladolid.es\\\/blog\\\/#\\\/schema\\\/person\\\/845cac97e6156a5a9c5abd68b7b9a5d5\",\"name\":\"administrador\",\"image\":{\"@type\":\"ImageObject\",\"inLanguage\":\"es\",\"@id\":\"https:\\\/\\\/secure.gravatar.com\\\/avatar\\\/418161d2f95196597e2d305bd301c850afab7f4b284a344fb2d759f048b71c61?s=96&d=mm&r=g\",\"url\":\"https:\\\/\\\/secure.gravatar.com\\\/avatar\\\/418161d2f95196597e2d305bd301c850afab7f4b284a344fb2d759f048b71c61?s=96&d=mm&r=g\",\"contentUrl\":\"https:\\\/\\\/secure.gravatar.com\\\/avatar\\\/418161d2f95196597e2d305bd301c850afab7f4b284a344fb2d759f048b71c61?s=96&d=mm&r=g\",\"caption\":\"administrador\"},\"url\":\"https:\\\/\\\/www.info.valladolid.es\\\/blog\\\/author\\\/administrador\\\/\"}]}<\/script>\n<!-- \/ Yoast SEO plugin. -->","yoast_head_json":{"title":"Sal\u00f3n de oto\u00f1o 2020 - Cultura y Turismo Valladolid","description":"La Casa Revilla presenta las obras del Sal\u00f3n de oto\u00f1o 2020 de la Uni\u00f3n Art\u00edstica Vallisoletana. Descarga el dossier y visita la muestra hasta el 10 de enero","robots":{"index":"index","follow":"follow","max-snippet":"max-snippet:-1","max-image-preview":"max-image-preview:large","max-video-preview":"max-video-preview:-1"},"canonical":"https:\/\/www.info.valladolid.es\/blog\/salon-otono-2020\/","og_locale":"es_ES","og_type":"article","og_title":"Sal\u00f3n de oto\u00f1o 2020 - Cultura y Turismo Valladolid","og_description":"La Casa Revilla presenta las obras del Sal\u00f3n de oto\u00f1o 2020 de la Uni\u00f3n Art\u00edstica Vallisoletana. Descarga el dossier y visita la muestra hasta el 10 de enero","og_url":"https:\/\/www.info.valladolid.es\/blog\/salon-otono-2020\/","og_site_name":"Blog Cultura y Turismo","article_published_time":"2020-12-09T12:24:27+00:00","article_modified_time":"2020-12-10T08:24:38+00:00","og_image":[{"width":854,"height":563,"url":"https:\/\/www.info.valladolid.es\/blog\/wp-content\/uploads\/2020\/12\/salon-oto\u00f1o-2020.jpg","type":"image\/jpeg"}],"author":"administrador","twitter_card":"summary_large_image","twitter_misc":{"Escrito por":"administrador","Tiempo de lectura":"2 minutos"},"schema":{"@context":"https:\/\/schema.org","@graph":[{"@type":"Article","@id":"https:\/\/www.info.valladolid.es\/blog\/salon-otono-2020\/#article","isPartOf":{"@id":"https:\/\/www.info.valladolid.es\/blog\/salon-otono-2020\/"},"author":{"name":"administrador","@id":"https:\/\/www.info.valladolid.es\/blog\/#\/schema\/person\/845cac97e6156a5a9c5abd68b7b9a5d5"},"headline":"Sal\u00f3n de oto\u00f1o 2020","datePublished":"2020-12-09T12:24:27+00:00","dateModified":"2020-12-10T08:24:38+00:00","mainEntityOfPage":{"@id":"https:\/\/www.info.valladolid.es\/blog\/salon-otono-2020\/"},"wordCount":403,"commentCount":0,"image":{"@id":"https:\/\/www.info.valladolid.es\/blog\/salon-otono-2020\/#primaryimage"},"thumbnailUrl":"https:\/\/www.info.valladolid.es\/blog\/wp-content\/uploads\/2020\/12\/salon-oto\u00f1o-2020.jpg","keywords":["Exposiciones en Valladolid"],"articleSection":["Arte y Museos"],"inLanguage":"es","potentialAction":[{"@type":"CommentAction","name":"Comment","target":["https:\/\/www.info.valladolid.es\/blog\/salon-otono-2020\/#respond"]}]},{"@type":"WebPage","@id":"https:\/\/www.info.valladolid.es\/blog\/salon-otono-2020\/","url":"https:\/\/www.info.valladolid.es\/blog\/salon-otono-2020\/","name":"Sal\u00f3n de oto\u00f1o 2020 - Cultura y Turismo Valladolid","isPartOf":{"@id":"https:\/\/www.info.valladolid.es\/blog\/#website"},"primaryImageOfPage":{"@id":"https:\/\/www.info.valladolid.es\/blog\/salon-otono-2020\/#primaryimage"},"image":{"@id":"https:\/\/www.info.valladolid.es\/blog\/salon-otono-2020\/#primaryimage"},"thumbnailUrl":"https:\/\/www.info.valladolid.es\/blog\/wp-content\/uploads\/2020\/12\/salon-oto\u00f1o-2020.jpg","datePublished":"2020-12-09T12:24:27+00:00","dateModified":"2020-12-10T08:24:38+00:00","author":{"@id":"https:\/\/www.info.valladolid.es\/blog\/#\/schema\/person\/845cac97e6156a5a9c5abd68b7b9a5d5"},"description":"La Casa Revilla presenta las obras del Sal\u00f3n de oto\u00f1o 2020 de la Uni\u00f3n Art\u00edstica Vallisoletana. Descarga el dossier y visita la muestra hasta el 10 de enero","breadcrumb":{"@id":"https:\/\/www.info.valladolid.es\/blog\/salon-otono-2020\/#breadcrumb"},"inLanguage":"es","potentialAction":[{"@type":"ReadAction","target":["https:\/\/www.info.valladolid.es\/blog\/salon-otono-2020\/"]}]},{"@type":"ImageObject","inLanguage":"es","@id":"https:\/\/www.info.valladolid.es\/blog\/salon-otono-2020\/#primaryimage","url":"https:\/\/www.info.valladolid.es\/blog\/wp-content\/uploads\/2020\/12\/salon-oto\u00f1o-2020.jpg","contentUrl":"https:\/\/www.info.valladolid.es\/blog\/wp-content\/uploads\/2020\/12\/salon-oto\u00f1o-2020.jpg","width":854,"height":563},{"@type":"BreadcrumbList","@id":"https:\/\/www.info.valladolid.es\/blog\/salon-otono-2020\/#breadcrumb","itemListElement":[{"@type":"ListItem","position":1,"name":"Home","item":"https:\/\/www.info.valladolid.es\/blog\/"},{"@type":"ListItem","position":2,"name":"Sal\u00f3n de oto\u00f1o 2020"}]},{"@type":"WebSite","@id":"https:\/\/www.info.valladolid.es\/blog\/#website","url":"https:\/\/www.info.valladolid.es\/blog\/","name":"Blog Cultura y Turismo","description":"","potentialAction":[{"@type":"SearchAction","target":{"@type":"EntryPoint","urlTemplate":"https:\/\/www.info.valladolid.es\/blog\/?s={search_term_string}"},"query-input":{"@type":"PropertyValueSpecification","valueRequired":true,"valueName":"search_term_string"}}],"inLanguage":"es"},{"@type":"Person","@id":"https:\/\/www.info.valladolid.es\/blog\/#\/schema\/person\/845cac97e6156a5a9c5abd68b7b9a5d5","name":"administrador","image":{"@type":"ImageObject","inLanguage":"es","@id":"https:\/\/secure.gravatar.com\/avatar\/418161d2f95196597e2d305bd301c850afab7f4b284a344fb2d759f048b71c61?s=96&d=mm&r=g","url":"https:\/\/secure.gravatar.com\/avatar\/418161d2f95196597e2d305bd301c850afab7f4b284a344fb2d759f048b71c61?s=96&d=mm&r=g","contentUrl":"https:\/\/secure.gravatar.com\/avatar\/418161d2f95196597e2d305bd301c850afab7f4b284a344fb2d759f048b71c61?s=96&d=mm&r=g","caption":"administrador"},"url":"https:\/\/www.info.valladolid.es\/blog\/author\/administrador\/"}]}},"_links":{"self":[{"href":"https:\/\/www.info.valladolid.es\/blog\/wp-json\/wp\/v2\/posts\/4878","targetHints":{"allow":["GET"]}}],"collection":[{"href":"https:\/\/www.info.valladolid.es\/blog\/wp-json\/wp\/v2\/posts"}],"about":[{"href":"https:\/\/www.info.valladolid.es\/blog\/wp-json\/wp\/v2\/types\/post"}],"author":[{"embeddable":true,"href":"https:\/\/www.info.valladolid.es\/blog\/wp-json\/wp\/v2\/users\/1"}],"replies":[{"embeddable":true,"href":"https:\/\/www.info.valladolid.es\/blog\/wp-json\/wp\/v2\/comments?post=4878"}],"version-history":[{"count":6,"href":"https:\/\/www.info.valladolid.es\/blog\/wp-json\/wp\/v2\/posts\/4878\/revisions"}],"predecessor-version":[{"id":4887,"href":"https:\/\/www.info.valladolid.es\/blog\/wp-json\/wp\/v2\/posts\/4878\/revisions\/4887"}],"wp:featuredmedia":[{"embeddable":true,"href":"https:\/\/www.info.valladolid.es\/blog\/wp-json\/wp\/v2\/media\/4886"}],"wp:attachment":[{"href":"https:\/\/www.info.valladolid.es\/blog\/wp-json\/wp\/v2\/media?parent=4878"}],"wp:term":[{"taxonomy":"category","embeddable":true,"href":"https:\/\/www.info.valladolid.es\/blog\/wp-json\/wp\/v2\/categories?post=4878"},{"taxonomy":"post_tag","embeddable":true,"href":"https:\/\/www.info.valladolid.es\/blog\/wp-json\/wp\/v2\/tags?post=4878"}],"curies":[{"name":"wp","href":"https:\/\/api.w.org\/{rel}","templated":true}]}}