{"id":4812,"date":"2020-11-17T11:58:47","date_gmt":"2020-11-17T11:58:47","guid":{"rendered":"https:\/\/www.info.valladolid.es\/blog\/?p=4812"},"modified":"2021-04-12T12:16:52","modified_gmt":"2021-04-12T12:16:52","slug":"controversia-de-valladolid","status":"publish","type":"post","link":"https:\/\/www.info.valladolid.es\/blog\/controversia-de-valladolid\/","title":{"rendered":"Valladolid, cuna de los Derechos Humanos. La controversia de Valladolid"},"content":{"rendered":"\n<p>Valladolid fue escenario de un in\u00e9dito debate sobre los derechos y la dignidad del hombre en el siglo XVI, casi 400 a\u00f1os antes de la firma de la Declaraci\u00f3n Universal de Derechos Humanos (1948). La conocida como <strong>Controversia de Valladolid <\/strong>fue un hito de tal calado que puede ser considerada como la cuna de los Derechos Humanos.<\/p>\n\n\n\n<p><strong>Los antecedentes<\/strong><\/p>\n\n\n\n<p>El descubrimiento de Am\u00e9rica constata la existencia de otros territorios y otras culturas. Si bien la reina Isabel la Cat\u00f3lica firm\u00f3 en 1503 una Real Provisi\u00f3n para otorgar protecci\u00f3n a los pueblos ind\u00edgenas -en la que, adem\u00e1s, los defin\u00eda como \u00abpersonas libres, como lo son, y no siervos\u00bb-, los gobernadores tomaron de forma laxa estos deseos en la aplicaci\u00f3n de las llamadas &#8216;encomiendas&#8217;. <\/p>\n\n\n\n<p>Esta figura permit\u00eda &#8216;encomendar&#8217; a un grupo de ind\u00edgenas a un &#8216;encomendero&#8217;, que pasaba a tener la obligaci\u00f3n de pagar un tributo a la Corona, representada en Am\u00e9rica por dicho &#8216;encomendero&#8217;. Pese a la voluntad de la reina, la distancia era una barrera insalvable en el control de los abusos que se cometieron. <br><\/p>\n\n\n\n<p>Los primeros en alzar la voz y denunciar la situaci\u00f3n fueron los dominicos. La congregaci\u00f3n lleg\u00f3 a Santo Domingo, en la isla de La Espa\u00f1ola, en septiembre de 1510. Los religiosos no tardaron en armar una cr\u00edtica abierta que alcanz\u00f3 punto \u00e1lgido en <strong>la Navidad de 1511, cuando Antonio de Montesinos pronunci\u00f3 un serm\u00f3n en defensa de los pueblos ind\u00edgenas. <\/strong>Pocos d\u00edas despu\u00e9s, ante la estupefacci\u00f3n de los espa\u00f1oles, convencidos de que el religioso har\u00eda p\u00fablicas sus disculpas, Montesinos dej\u00f3 pasmado a su auditorio con un discurso m\u00e1s en\u00e9rgico en el que lleg\u00f3, incluso, a amenazar con negar la confesi\u00f3n y la absoluci\u00f3n. <\/p>\n\n\n\n<p>Estos sermones<strong> manifestaron por primera vez las denuncias de los dominicos.<\/strong> Por un lado, la orden religiosa cerr\u00f3 filas en torno a la defensa de la libertad y los derechos de los ind\u00edgenas. Por otro, los miembros del Consejo Real justificaban la legitimidad de las encomiendas bajo el argumento de que aquellos pueblos no pod\u00edan ser titulares de derechos. <\/p>\n\n\n\n<p><strong>La Controversia de Valladolid<\/strong><\/p>\n\n\n\n<p>La confrontaci\u00f3n definitiva entre ambas tesis tuvo lugar en la llamada <strong>Controversia de Valladolid, un intenso debate de ra\u00edces filos\u00f3ficas, teol\u00f3gicas y jur\u00eddicas celebrado entre 1550 y 1551<\/strong> en el <strong><a rel=\"noreferrer noopener\" aria-label=\"Colegio de San Gregorio.  (abre en una nueva pesta\u00f1a)\" href=\"https:\/\/www.info.valladolid.es\/detalle-monumento\/-\/asset_publisher\/YazOkPDbnVzD\/content\/lugares-monumentos-colegio-de-san-gregorio?_com_liferay_asset_publisher_web_portlet_AssetPublisherPortlet_INSTANCE_8aODTfn1k2yW\" target=\"_blank\">Colegio de San Gregorio. <\/a><\/strong><\/p>\n\n\n\n<hr class=\"wp-block-separator\"\/>\n\n\n\n<a href=\"https:\/\/www.info.valladolid.es\/blog\/museo_nacional_escultura_fachada\/\">\n\n\n\n<div class=\"wp-block-media-text alignwide has-media-on-the-right\"><figure class=\"wp-block-media-text__media\"><img loading=\"lazy\" decoding=\"async\" width=\"448\" height=\"260\" src=\"https:\/\/www.info.valladolid.es\/blog\/wp-content\/uploads\/2020\/11\/blog-fachada-onu-2.jpg\" alt=\"\" class=\"wp-image-4837\" srcset=\"https:\/\/www.info.valladolid.es\/blog\/wp-content\/uploads\/2020\/11\/blog-fachada-onu-2.jpg 448w, https:\/\/www.info.valladolid.es\/blog\/wp-content\/uploads\/2020\/11\/blog-fachada-onu-2-300x174.jpg 300w\" sizes=\"auto, (max-width: 448px) 100vw, 448px\" \/><\/figure><div class=\"wp-block-media-text__content\">\n<p style=\"text-align:left\" class=\"has-large-font-size\">Te sugerimos&#8230;<\/p>\n<\/div><\/div>\n\n\n\n<\/a>\n\n\n\n<hr class=\"wp-block-separator\"\/>\n\n\n\n<p><\/p>\n\n\n\n<p>Fray Bartolom\u00e9 de las Casas se postul\u00f3 como defensor de los derechos de los ind\u00edgenas. Sus apasionados alegatos en favor de la igualdad de estos pueblos, que deb\u00edan ser considerados personas y, por extensi\u00f3n, portadores de derechos y receptores de un trato digno.<\/p>\n\n\n\n<p>Frente a \u00e9l se posicion\u00f3 Juan Gin\u00e9s de Sep\u00falveda, valedor de los derecho de los encomendadores.<\/p>\n\n\n\n<p>El discurso del dominico en la Controversia de Valladolid es el primer alegato p\u00fablico y de calado pol\u00edtico a favor de lo que hoy conocemos como derechos humanos, aquellos m\u00ednimos que deben reconocerse a toda persona por el hecho de serlo. Porque los ind\u00edgenas americanos, sentenci\u00f3 el fraile, ten\u00edan tanta humanidad como los europeos; y por ello no eran inferiores, sino iguales, y, por tanto, libres.<\/p>\n\n\n\n<p><strong>El resultado de la Controversia de Valladolid<\/strong><\/p>\n\n\n\n<p>La Junta de Valladolid se sald\u00f3 sin una sentencia firme que elevar al emperador. Cada cual se proclam\u00f3 como vencedor y cada facci\u00f3n se encarg\u00f3 de presentar su intervenci\u00f3n como un logro para sus valedores. <\/p>\n\n\n\n<p><strong>\u00bfCu\u00e1l es, entonces la importancia de la Controversia de Valladolid? Que existi\u00f3.<\/strong> Que en plena conquista de Am\u00e9rica un reino se plante\u00f3 la legitimidad moral de sus ocupaciones -y fue el \u00fanico de todos los que pugnaban pro el territorio americano que asumi\u00f3 esta idea- . <\/p>\n\n\n\n<p>Que puso, por primera vez en la historia, en el foco p\u00fablico, pol\u00edtico, jur\u00eddico y filos\u00f3fico, a la vez, el debate sobre los derechos humanos.<\/p>\n\n\n\n<a href=\"https:\/\/www.info.valladolid.es\/-\/calendario-2020-75-aniversario-de-la-onu?inheritRedirect=true&#038;redirect=%2F\" target=\"_blank\">\n\n\n\n<hr class=\"wp-block-separator\"\/>\n\n\n\n<div class=\"wp-block-media-text alignwide has-media-on-the-right\"><figure class=\"wp-block-media-text__media\"><img loading=\"lazy\" decoding=\"async\" width=\"450\" height=\"245\" src=\"https:\/\/www.info.valladolid.es\/blog\/wp-content\/uploads\/2020\/11\/blog-75-onu.jpg\" alt=\"\" class=\"wp-image-4839\" srcset=\"https:\/\/www.info.valladolid.es\/blog\/wp-content\/uploads\/2020\/11\/blog-75-onu.jpg 450w, https:\/\/www.info.valladolid.es\/blog\/wp-content\/uploads\/2020\/11\/blog-75-onu-300x163.jpg 300w\" sizes=\"auto, (max-width: 450px) 100vw, 450px\" \/><\/figure><div class=\"wp-block-media-text__content\">\n<p class=\"has-large-font-size\">Te sugerimos&#8230;<\/p>\n<\/div><\/div>\n\n\n\n<\/a>\n\n\n\n<hr class=\"wp-block-separator\"\/>\n\n\n\n<ul class=\"wp-block-list\"><li>\u00bfSab\u00edas que Valladolid, como cuna de los derechos humanos, conmemora el 75 aniversario de Naciones Unidas este 2020? Puedes sumarte a la celebraci\u00f3n: toma nota de las <strong><a href=\"https:\/\/www.info.valladolid.es\/-\/calendario-2020-75-aniversario-de-la-onu?inheritRedirect=true&amp;redirect=%2F\" target=\"_blank\" rel=\"noreferrer noopener\" aria-label=\"actividades programadas. (abre en una nueva pesta\u00f1a)\">actividades programadas.<\/a><\/strong> <\/li><li>\u00bfSab\u00edas que la Controversia de Valladolid es protagonista de una pel\u00edcula francesas de los a\u00f1os 90? En 1992, Jean-Claude Carriere realiza un filme basado en las palabras de Sep\u00falveda y de Las Casas. El audiovisual es habitual en los centros educativos del pa\u00eds vecino.<\/li><\/ul>\n","protected":false},"excerpt":{"rendered":"<p>Valladolid fue escenario de un in\u00e9dito debate sobre los derechos y la dignidad del hombre en el siglo XVI, casi 400 a\u00f1os antes de la firma de la Declaraci\u00f3n Universal de Derechos Humanos (1948). La conocida como Controversia de Valladolid fue un hito de tal calado que puede ser considerada como la cuna de los Derechos Humanos. Los antecedentes El descubrimiento de Am\u00e9rica constata la existencia de otros territorios y otras culturas. Si bien la reina Isabel la Cat\u00f3lica firm\u00f3 en 1503 una Real Provisi\u00f3n para otorgar protecci\u00f3n a los pueblos ind\u00edgenas -en la que, adem\u00e1s, los defin\u00eda como \u00abpersonas libres, como lo son, y no siervos\u00bb-, los gobernadores tomaron de forma laxa estos deseos en la aplicaci\u00f3n de las llamadas &#8216;encomiendas&#8217;. Esta figura permit\u00eda &#8216;encomendar&#8217; a un grupo de ind\u00edgenas a un &#8216;encomendero&#8217;, que pasaba a tener la obligaci\u00f3n de pagar un tributo a la Corona, representada en Am\u00e9rica por dicho &#8216;encomendero&#8217;. Pese a la voluntad de la reina, la distancia era una barrera insalvable en el control de los abusos que se cometieron. Los primeros en alzar la voz y denunciar la situaci\u00f3n fueron los dominicos. La congregaci\u00f3n lleg\u00f3 a Santo Domingo, en la isla de La Espa\u00f1ola, [&hellip;]<\/p>\n","protected":false},"author":1,"featured_media":4823,"comment_status":"open","ping_status":"open","sticky":false,"template":"","format":"standard","meta":{"footnotes":""},"categories":[7],"tags":[3],"class_list":["post-4812","post","type-post","status-publish","format-standard","has-post-thumbnail","hentry","category-personajes_e_historia","tag-historia-de-valladolid"],"yoast_head":"<!-- This site is optimized with the Yoast SEO plugin v27.5 - https:\/\/yoast.com\/product\/yoast-seo-wordpress\/ -->\n<title>Valladolid, cuna de los Derechos Humanos. La controversia de Valladolid<\/title>\n<meta name=\"description\" content=\"Valladolid fue escenario de un in\u00e9dito debate sobre los derechos en el siglo XVI, 400 a\u00f1os antes de la Declaraci\u00f3n Universal de Derechos Humanos (1948).\" \/>\n<meta name=\"robots\" content=\"index, follow, max-snippet:-1, max-image-preview:large, max-video-preview:-1\" \/>\n<link rel=\"canonical\" href=\"https:\/\/www.info.valladolid.es\/blog\/controversia-de-valladolid\/\" \/>\n<meta property=\"og:locale\" content=\"es_ES\" \/>\n<meta property=\"og:type\" content=\"article\" \/>\n<meta property=\"og:title\" content=\"Valladolid, cuna de los Derechos Humanos. La controversia de Valladolid\" \/>\n<meta property=\"og:description\" content=\"Valladolid fue escenario de un in\u00e9dito debate sobre los derechos en el siglo XVI, 400 a\u00f1os antes de la Declaraci\u00f3n Universal de Derechos Humanos (1948).\" \/>\n<meta property=\"og:url\" content=\"https:\/\/www.info.valladolid.es\/blog\/controversia-de-valladolid\/\" \/>\n<meta property=\"og:site_name\" content=\"Blog Cultura y Turismo\" \/>\n<meta property=\"article:published_time\" content=\"2020-11-17T11:58:47+00:00\" \/>\n<meta property=\"article:modified_time\" content=\"2021-04-12T12:16:52+00:00\" \/>\n<meta property=\"og:image\" content=\"https:\/\/www.info.valladolid.es\/blog\/wp-content\/uploads\/2020\/11\/controversia-de-valladolid.jpg\" \/>\n\t<meta property=\"og:image:width\" content=\"900\" \/>\n\t<meta property=\"og:image:height\" content=\"517\" \/>\n\t<meta property=\"og:image:type\" content=\"image\/jpeg\" \/>\n<meta name=\"author\" content=\"administrador\" \/>\n<meta name=\"twitter:card\" content=\"summary_large_image\" \/>\n<meta name=\"twitter:label1\" content=\"Escrito por\" \/>\n\t<meta name=\"twitter:data1\" content=\"administrador\" \/>\n\t<meta name=\"twitter:label2\" content=\"Tiempo de lectura\" \/>\n\t<meta name=\"twitter:data2\" content=\"4 minutos\" \/>\n<script type=\"application\/ld+json\" class=\"yoast-schema-graph\">{\"@context\":\"https:\\\/\\\/schema.org\",\"@graph\":[{\"@type\":\"Article\",\"@id\":\"https:\\\/\\\/www.info.valladolid.es\\\/blog\\\/controversia-de-valladolid\\\/#article\",\"isPartOf\":{\"@id\":\"https:\\\/\\\/www.info.valladolid.es\\\/blog\\\/controversia-de-valladolid\\\/\"},\"author\":{\"name\":\"administrador\",\"@id\":\"https:\\\/\\\/www.info.valladolid.es\\\/blog\\\/#\\\/schema\\\/person\\\/845cac97e6156a5a9c5abd68b7b9a5d5\"},\"headline\":\"Valladolid, cuna de los Derechos Humanos. La controversia de Valladolid\",\"datePublished\":\"2020-11-17T11:58:47+00:00\",\"dateModified\":\"2021-04-12T12:16:52+00:00\",\"mainEntityOfPage\":{\"@id\":\"https:\\\/\\\/www.info.valladolid.es\\\/blog\\\/controversia-de-valladolid\\\/\"},\"wordCount\":752,\"commentCount\":3,\"image\":{\"@id\":\"https:\\\/\\\/www.info.valladolid.es\\\/blog\\\/controversia-de-valladolid\\\/#primaryimage\"},\"thumbnailUrl\":\"https:\\\/\\\/www.info.valladolid.es\\\/blog\\\/wp-content\\\/uploads\\\/2020\\\/11\\\/controversia-de-valladolid.jpg\",\"keywords\":[\"Historia de Valladolid\"],\"articleSection\":[\"Personajes e historia\"],\"inLanguage\":\"es\",\"potentialAction\":[{\"@type\":\"CommentAction\",\"name\":\"Comment\",\"target\":[\"https:\\\/\\\/www.info.valladolid.es\\\/blog\\\/controversia-de-valladolid\\\/#respond\"]}]},{\"@type\":\"WebPage\",\"@id\":\"https:\\\/\\\/www.info.valladolid.es\\\/blog\\\/controversia-de-valladolid\\\/\",\"url\":\"https:\\\/\\\/www.info.valladolid.es\\\/blog\\\/controversia-de-valladolid\\\/\",\"name\":\"Valladolid, cuna de los Derechos Humanos. La controversia de Valladolid\",\"isPartOf\":{\"@id\":\"https:\\\/\\\/www.info.valladolid.es\\\/blog\\\/#website\"},\"primaryImageOfPage\":{\"@id\":\"https:\\\/\\\/www.info.valladolid.es\\\/blog\\\/controversia-de-valladolid\\\/#primaryimage\"},\"image\":{\"@id\":\"https:\\\/\\\/www.info.valladolid.es\\\/blog\\\/controversia-de-valladolid\\\/#primaryimage\"},\"thumbnailUrl\":\"https:\\\/\\\/www.info.valladolid.es\\\/blog\\\/wp-content\\\/uploads\\\/2020\\\/11\\\/controversia-de-valladolid.jpg\",\"datePublished\":\"2020-11-17T11:58:47+00:00\",\"dateModified\":\"2021-04-12T12:16:52+00:00\",\"author\":{\"@id\":\"https:\\\/\\\/www.info.valladolid.es\\\/blog\\\/#\\\/schema\\\/person\\\/845cac97e6156a5a9c5abd68b7b9a5d5\"},\"description\":\"Valladolid fue escenario de un in\u00e9dito debate sobre los derechos en el siglo XVI, 400 a\u00f1os antes de la Declaraci\u00f3n Universal de Derechos Humanos (1948).\",\"breadcrumb\":{\"@id\":\"https:\\\/\\\/www.info.valladolid.es\\\/blog\\\/controversia-de-valladolid\\\/#breadcrumb\"},\"inLanguage\":\"es\",\"potentialAction\":[{\"@type\":\"ReadAction\",\"target\":[\"https:\\\/\\\/www.info.valladolid.es\\\/blog\\\/controversia-de-valladolid\\\/\"]}]},{\"@type\":\"ImageObject\",\"inLanguage\":\"es\",\"@id\":\"https:\\\/\\\/www.info.valladolid.es\\\/blog\\\/controversia-de-valladolid\\\/#primaryimage\",\"url\":\"https:\\\/\\\/www.info.valladolid.es\\\/blog\\\/wp-content\\\/uploads\\\/2020\\\/11\\\/controversia-de-valladolid.jpg\",\"contentUrl\":\"https:\\\/\\\/www.info.valladolid.es\\\/blog\\\/wp-content\\\/uploads\\\/2020\\\/11\\\/controversia-de-valladolid.jpg\",\"width\":900,\"height\":517},{\"@type\":\"BreadcrumbList\",\"@id\":\"https:\\\/\\\/www.info.valladolid.es\\\/blog\\\/controversia-de-valladolid\\\/#breadcrumb\",\"itemListElement\":[{\"@type\":\"ListItem\",\"position\":1,\"name\":\"Home\",\"item\":\"https:\\\/\\\/www.info.valladolid.es\\\/blog\\\/\"},{\"@type\":\"ListItem\",\"position\":2,\"name\":\"Valladolid, cuna de los Derechos Humanos. La controversia de Valladolid\"}]},{\"@type\":\"WebSite\",\"@id\":\"https:\\\/\\\/www.info.valladolid.es\\\/blog\\\/#website\",\"url\":\"https:\\\/\\\/www.info.valladolid.es\\\/blog\\\/\",\"name\":\"Blog Cultura y Turismo\",\"description\":\"\",\"potentialAction\":[{\"@type\":\"SearchAction\",\"target\":{\"@type\":\"EntryPoint\",\"urlTemplate\":\"https:\\\/\\\/www.info.valladolid.es\\\/blog\\\/?s={search_term_string}\"},\"query-input\":{\"@type\":\"PropertyValueSpecification\",\"valueRequired\":true,\"valueName\":\"search_term_string\"}}],\"inLanguage\":\"es\"},{\"@type\":\"Person\",\"@id\":\"https:\\\/\\\/www.info.valladolid.es\\\/blog\\\/#\\\/schema\\\/person\\\/845cac97e6156a5a9c5abd68b7b9a5d5\",\"name\":\"administrador\",\"image\":{\"@type\":\"ImageObject\",\"inLanguage\":\"es\",\"@id\":\"https:\\\/\\\/secure.gravatar.com\\\/avatar\\\/418161d2f95196597e2d305bd301c850afab7f4b284a344fb2d759f048b71c61?s=96&d=mm&r=g\",\"url\":\"https:\\\/\\\/secure.gravatar.com\\\/avatar\\\/418161d2f95196597e2d305bd301c850afab7f4b284a344fb2d759f048b71c61?s=96&d=mm&r=g\",\"contentUrl\":\"https:\\\/\\\/secure.gravatar.com\\\/avatar\\\/418161d2f95196597e2d305bd301c850afab7f4b284a344fb2d759f048b71c61?s=96&d=mm&r=g\",\"caption\":\"administrador\"},\"url\":\"https:\\\/\\\/www.info.valladolid.es\\\/blog\\\/author\\\/administrador\\\/\"}]}<\/script>\n<!-- \/ Yoast SEO plugin. -->","yoast_head_json":{"title":"Valladolid, cuna de los Derechos Humanos. La controversia de Valladolid","description":"Valladolid fue escenario de un in\u00e9dito debate sobre los derechos en el siglo XVI, 400 a\u00f1os antes de la Declaraci\u00f3n Universal de Derechos Humanos (1948).","robots":{"index":"index","follow":"follow","max-snippet":"max-snippet:-1","max-image-preview":"max-image-preview:large","max-video-preview":"max-video-preview:-1"},"canonical":"https:\/\/www.info.valladolid.es\/blog\/controversia-de-valladolid\/","og_locale":"es_ES","og_type":"article","og_title":"Valladolid, cuna de los Derechos Humanos. La controversia de Valladolid","og_description":"Valladolid fue escenario de un in\u00e9dito debate sobre los derechos en el siglo XVI, 400 a\u00f1os antes de la Declaraci\u00f3n Universal de Derechos Humanos (1948).","og_url":"https:\/\/www.info.valladolid.es\/blog\/controversia-de-valladolid\/","og_site_name":"Blog Cultura y Turismo","article_published_time":"2020-11-17T11:58:47+00:00","article_modified_time":"2021-04-12T12:16:52+00:00","og_image":[{"width":900,"height":517,"url":"https:\/\/www.info.valladolid.es\/blog\/wp-content\/uploads\/2020\/11\/controversia-de-valladolid.jpg","type":"image\/jpeg"}],"author":"administrador","twitter_card":"summary_large_image","twitter_misc":{"Escrito por":"administrador","Tiempo de lectura":"4 minutos"},"schema":{"@context":"https:\/\/schema.org","@graph":[{"@type":"Article","@id":"https:\/\/www.info.valladolid.es\/blog\/controversia-de-valladolid\/#article","isPartOf":{"@id":"https:\/\/www.info.valladolid.es\/blog\/controversia-de-valladolid\/"},"author":{"name":"administrador","@id":"https:\/\/www.info.valladolid.es\/blog\/#\/schema\/person\/845cac97e6156a5a9c5abd68b7b9a5d5"},"headline":"Valladolid, cuna de los Derechos Humanos. La controversia de Valladolid","datePublished":"2020-11-17T11:58:47+00:00","dateModified":"2021-04-12T12:16:52+00:00","mainEntityOfPage":{"@id":"https:\/\/www.info.valladolid.es\/blog\/controversia-de-valladolid\/"},"wordCount":752,"commentCount":3,"image":{"@id":"https:\/\/www.info.valladolid.es\/blog\/controversia-de-valladolid\/#primaryimage"},"thumbnailUrl":"https:\/\/www.info.valladolid.es\/blog\/wp-content\/uploads\/2020\/11\/controversia-de-valladolid.jpg","keywords":["Historia de Valladolid"],"articleSection":["Personajes e historia"],"inLanguage":"es","potentialAction":[{"@type":"CommentAction","name":"Comment","target":["https:\/\/www.info.valladolid.es\/blog\/controversia-de-valladolid\/#respond"]}]},{"@type":"WebPage","@id":"https:\/\/www.info.valladolid.es\/blog\/controversia-de-valladolid\/","url":"https:\/\/www.info.valladolid.es\/blog\/controversia-de-valladolid\/","name":"Valladolid, cuna de los Derechos Humanos. La controversia de Valladolid","isPartOf":{"@id":"https:\/\/www.info.valladolid.es\/blog\/#website"},"primaryImageOfPage":{"@id":"https:\/\/www.info.valladolid.es\/blog\/controversia-de-valladolid\/#primaryimage"},"image":{"@id":"https:\/\/www.info.valladolid.es\/blog\/controversia-de-valladolid\/#primaryimage"},"thumbnailUrl":"https:\/\/www.info.valladolid.es\/blog\/wp-content\/uploads\/2020\/11\/controversia-de-valladolid.jpg","datePublished":"2020-11-17T11:58:47+00:00","dateModified":"2021-04-12T12:16:52+00:00","author":{"@id":"https:\/\/www.info.valladolid.es\/blog\/#\/schema\/person\/845cac97e6156a5a9c5abd68b7b9a5d5"},"description":"Valladolid fue escenario de un in\u00e9dito debate sobre los derechos en el siglo XVI, 400 a\u00f1os antes de la Declaraci\u00f3n Universal de Derechos Humanos (1948).","breadcrumb":{"@id":"https:\/\/www.info.valladolid.es\/blog\/controversia-de-valladolid\/#breadcrumb"},"inLanguage":"es","potentialAction":[{"@type":"ReadAction","target":["https:\/\/www.info.valladolid.es\/blog\/controversia-de-valladolid\/"]}]},{"@type":"ImageObject","inLanguage":"es","@id":"https:\/\/www.info.valladolid.es\/blog\/controversia-de-valladolid\/#primaryimage","url":"https:\/\/www.info.valladolid.es\/blog\/wp-content\/uploads\/2020\/11\/controversia-de-valladolid.jpg","contentUrl":"https:\/\/www.info.valladolid.es\/blog\/wp-content\/uploads\/2020\/11\/controversia-de-valladolid.jpg","width":900,"height":517},{"@type":"BreadcrumbList","@id":"https:\/\/www.info.valladolid.es\/blog\/controversia-de-valladolid\/#breadcrumb","itemListElement":[{"@type":"ListItem","position":1,"name":"Home","item":"https:\/\/www.info.valladolid.es\/blog\/"},{"@type":"ListItem","position":2,"name":"Valladolid, cuna de los Derechos Humanos. La controversia de Valladolid"}]},{"@type":"WebSite","@id":"https:\/\/www.info.valladolid.es\/blog\/#website","url":"https:\/\/www.info.valladolid.es\/blog\/","name":"Blog Cultura y Turismo","description":"","potentialAction":[{"@type":"SearchAction","target":{"@type":"EntryPoint","urlTemplate":"https:\/\/www.info.valladolid.es\/blog\/?s={search_term_string}"},"query-input":{"@type":"PropertyValueSpecification","valueRequired":true,"valueName":"search_term_string"}}],"inLanguage":"es"},{"@type":"Person","@id":"https:\/\/www.info.valladolid.es\/blog\/#\/schema\/person\/845cac97e6156a5a9c5abd68b7b9a5d5","name":"administrador","image":{"@type":"ImageObject","inLanguage":"es","@id":"https:\/\/secure.gravatar.com\/avatar\/418161d2f95196597e2d305bd301c850afab7f4b284a344fb2d759f048b71c61?s=96&d=mm&r=g","url":"https:\/\/secure.gravatar.com\/avatar\/418161d2f95196597e2d305bd301c850afab7f4b284a344fb2d759f048b71c61?s=96&d=mm&r=g","contentUrl":"https:\/\/secure.gravatar.com\/avatar\/418161d2f95196597e2d305bd301c850afab7f4b284a344fb2d759f048b71c61?s=96&d=mm&r=g","caption":"administrador"},"url":"https:\/\/www.info.valladolid.es\/blog\/author\/administrador\/"}]}},"_links":{"self":[{"href":"https:\/\/www.info.valladolid.es\/blog\/wp-json\/wp\/v2\/posts\/4812","targetHints":{"allow":["GET"]}}],"collection":[{"href":"https:\/\/www.info.valladolid.es\/blog\/wp-json\/wp\/v2\/posts"}],"about":[{"href":"https:\/\/www.info.valladolid.es\/blog\/wp-json\/wp\/v2\/types\/post"}],"author":[{"embeddable":true,"href":"https:\/\/www.info.valladolid.es\/blog\/wp-json\/wp\/v2\/users\/1"}],"replies":[{"embeddable":true,"href":"https:\/\/www.info.valladolid.es\/blog\/wp-json\/wp\/v2\/comments?post=4812"}],"version-history":[{"count":17,"href":"https:\/\/www.info.valladolid.es\/blog\/wp-json\/wp\/v2\/posts\/4812\/revisions"}],"predecessor-version":[{"id":7618,"href":"https:\/\/www.info.valladolid.es\/blog\/wp-json\/wp\/v2\/posts\/4812\/revisions\/7618"}],"wp:featuredmedia":[{"embeddable":true,"href":"https:\/\/www.info.valladolid.es\/blog\/wp-json\/wp\/v2\/media\/4823"}],"wp:attachment":[{"href":"https:\/\/www.info.valladolid.es\/blog\/wp-json\/wp\/v2\/media?parent=4812"}],"wp:term":[{"taxonomy":"category","embeddable":true,"href":"https:\/\/www.info.valladolid.es\/blog\/wp-json\/wp\/v2\/categories?post=4812"},{"taxonomy":"post_tag","embeddable":true,"href":"https:\/\/www.info.valladolid.es\/blog\/wp-json\/wp\/v2\/tags?post=4812"}],"curies":[{"name":"wp","href":"https:\/\/api.w.org\/{rel}","templated":true}]}}