{"id":4424,"date":"2020-11-04T09:51:33","date_gmt":"2020-11-04T09:51:33","guid":{"rendered":"https:\/\/www.info.valladolid.es\/blog\/?p=4424"},"modified":"2020-11-08T20:00:50","modified_gmt":"2020-11-08T20:00:50","slug":"exposicion-el-arte-de-la-innovacion","status":"publish","type":"post","link":"https:\/\/www.info.valladolid.es\/blog\/exposicion-el-arte-de-la-innovacion\/","title":{"rendered":"El arte de la innovaci\u00f3n: carteles que anunciaron el futuro"},"content":{"rendered":"\n<p>La exposici\u00f3n &#8216;El arte de la innovaci\u00f3n: carteles que anunciaron el futuro&#8217; re\u00fane 80 obras de los m\u00e1s destacados cartelistas desde finales del siglo XIX y hasta nuestros d\u00edas. Una selecci\u00f3n que permite no solo seguir la evoluci\u00f3n del cartel, sino tambi\u00e9n descubrir las tendencias que han marcado el arte del \u00faltimo siglo: el dec\u00f3, el modernismo, la abstracci\u00f3n, el pop art&#8230;<\/p>\n\n\n\n<p>En la exposici\u00f3n est\u00e1n presentes cartelistas como Jules Cheret, considerado el padre del arte del cartel; Ram\u00f3n Casas, Cassandre (creador del logo de Yves Sant Laurent), Paul Rand (autor del logo de IBM), el m\u00edtico Andy Warhol o David Hockney (quien en 2018 se consagr\u00f3 como el artista vivo m\u00e1s caro del mundo).<\/p>\n\n\n\n<p>&#8216;El arte de la innovaci\u00f3n&#8217; puede visitarse en la Sala Municipal de Exposiciones de Las Francesas hasta el 13 de diciembre. El horario es de martes a domingo y festivos, de 12 a 14 y de 18 a 21 horas.  <\/p>\n\n\n\n<p>Texto de Aymara Garciga del R\u00edo para la exposici\u00f3n:  <\/p>\n\n\n\n<blockquote class=\"wp-block-quote is-layout-flow wp-block-quote-is-layout-flow\"><p>Desde finales del siglo XIX cuando el cartel se convirti\u00f3 en un soporte de comunicaci\u00f3n popular y masivo, todos los inventos, artefactos o ingenios, han tenido un cartel que los anunci\u00f3.<\/p><p>El cartel nace a la vez que el cine o el tel\u00e9fono, y cualquier innovaci\u00f3n posterior ha sido motivo de inspiraci\u00f3n para que industriales y artistas, se sirvieran de ese arte multiplicado\/r, y lo fijaran en paredes, medianas, vallas o ki\u00f3skos publicitarios.<\/p><p>De una manera regular junto a los nuevos avances en los reproductores fonogr\u00e1ficos, en las c\u00e1maras de fotos (fotogr\u00e1ficos), en la televisi\u00f3n (televisivos), en las m\u00e1quinas o dispositivos para escribir, en los ordenadores o en los modernos medios de transporte, los carteles han telegrafiado las novedades. Y junto a las im\u00e1genes y las tipograf\u00edas, podemos seguir tambi\u00e9n la evoluci\u00f3n del arte en estos \u00faltimos 125 a\u00f1os.<br><\/p><p>El&nbsp;nouveau&nbsp;sirvi\u00f3 para anunciar las primeras proyecciones de im\u00e1genes en un cine todav\u00eda sin animar, las primeras l\u00e1mparas de iluminaci\u00f3n dom\u00e9stica o las grandes exposiciones industriales de fin de siglo.<br>Con el&nbsp;dec\u00f3&nbsp;nos llegaron los gram\u00f3fonos, las m\u00e1quinas de escribir, las radios de baquelita o los trenes, que parec\u00edan m\u00e1s veloces en las litograf\u00edas de Cassandre que en la vida real.<\/p><p>La abstracci\u00f3n nos trajo la energ\u00eda o los avances en las imprentas gr\u00e1ficas y el&nbsp;pop, la televisi\u00f3n, los scaners, la llegada del hombre a la luna, la inform\u00e1tica o las ultimas Expos Universales.<\/p><p>Todav\u00eda hoy con el lanzamiento de un nuevo gadget (ipod) el paisaje urbano se llena de carteles o lonas serigrafiadas que nos invitan a poseer parte de esa ilusi\u00f3n que es el futuro.<\/p><p>Junto a tantas luces, tambi\u00e9n han existido las grandes sombras, pandemias que asolaron el final del siglo XIX como la s\u00edfilis, la mal llamada gripe espa\u00f1ola en los estertores de la I Guerra Mundial, la tuberculosis, el sida y en este mismo a\u00f1o el Covid-19, y ante todas ellas la humanidad se ha defendido innovando con descubrimientos como la penicilina, tratamientos o vacunas como la que ahora se ensaya contra el coronavirus. Bajo las t\u00e9cnicas originales o las digitales, los carteles seguir\u00e1n telegrafiando cada instante de este recorrido hacia el futuro.<\/p><p>Esta exposici\u00f3n en la Sala de las Francesas de Valladolid pretende recrear cualquier calle de cualquier ciudad del mundo, donde esos&nbsp;affiches&nbsp;estuvieron antes expuestos. Algunos son an\u00f3nimos,<br>pero la mayor\u00eda son obra de grandes artistas, que, desde la pintura, la escultura o el dise\u00f1o gr\u00e1fico, consiguieron trasmitir la modernidad que los productos o los eventos pretend\u00edan.<\/p><p>Desde Jules Cheret (el padre del cartelismo) hasta Paul Rand (el autor de la imagen de la muestra), los muros del museo, tendr\u00e1n \u201cpegados\u201d a Eugene Grasset, Alexander Calder, Emilio Vil\u00e1, Ram\u00f3n Casas, Paul Colin, A. Cassandre, Libero Patrignani, Raymond Savignac, Manolo Prieto, Peter Max, David Hockney, Err\u00f3 o Andy Warhol.<\/p><p>Esos carteles que anunciaron el futuro, ordenados cronol\u00f3gicamente nos van dando noticia de la velocidad con que en el curso de seis generaciones, nuestra civilizaci\u00f3n ha vivido una sucesi\u00f3n de<br>gestas tecnol\u00f3gicas que podr\u00edan, parafraseando al bar\u00f3n Coubertin,&nbsp; convertirnos en la centuria del&nbsp;citius, minimus, facilis.<\/p><p>Que todo tenga hoy y aqu\u00ed un car\u00e1cter expositivo, no hace m\u00e1s que confirmar que la INNOVACION es en s\u00ed misma ARTE.<\/p><cite>Aymara Garciga del R\u00edo <\/cite><\/blockquote>\n\n\n\n<p><\/p>\n","protected":false},"excerpt":{"rendered":"<p>La exposici\u00f3n &#8216;El arte de la innovaci\u00f3n: carteles que anunciaron el futuro&#8217; re\u00fane 80 obras de los m\u00e1s destacados cartelistas desde finales del siglo XIX y hasta nuestros d\u00edas. Una selecci\u00f3n que permite no solo seguir la evoluci\u00f3n del cartel, sino tambi\u00e9n descubrir las tendencias que han marcado el arte del \u00faltimo siglo: el dec\u00f3, el modernismo, la abstracci\u00f3n, el pop art&#8230; En la exposici\u00f3n est\u00e1n presentes cartelistas como Jules Cheret, considerado el padre del arte del cartel; Ram\u00f3n Casas, Cassandre (creador del logo de Yves Sant Laurent), Paul Rand (autor del logo de IBM), el m\u00edtico Andy Warhol o David Hockney (quien en 2018 se consagr\u00f3 como el artista vivo m\u00e1s caro del mundo). &#8216;El arte de la innovaci\u00f3n&#8217; puede visitarse en la Sala Municipal de Exposiciones de Las Francesas hasta el 13 de diciembre. El horario es de martes a domingo y festivos, de 12 a 14 y de 18 a 21 horas. Texto de Aymara Garciga del R\u00edo para la exposici\u00f3n: Desde finales del siglo XIX cuando el cartel se convirti\u00f3 en un soporte de comunicaci\u00f3n popular y masivo, todos los inventos, artefactos o ingenios, han tenido un cartel que los anunci\u00f3. El cartel nace a la [&hellip;]<\/p>\n","protected":false},"author":1,"featured_media":4426,"comment_status":"open","ping_status":"open","sticky":false,"template":"","format":"standard","meta":{"footnotes":""},"categories":[6],"tags":[],"class_list":["post-4424","post","type-post","status-publish","format-standard","has-post-thumbnail","hentry","category-arte-y-museos"],"yoast_head":"<!-- This site is optimized with the Yoast SEO plugin v27.5 - https:\/\/yoast.com\/product\/yoast-seo-wordpress\/ -->\n<title>&#039;El arte de la innovaci\u00f3n: carteles que anunciaron el futuro&#039; en Valladolid.<\/title>\n<meta name=\"description\" content=\"Consulta el dossier de la exposici\u00f3n &#039;El arte de la innovaci\u00f3n: carteles que anunciaron el futuro&#039;, muestra que aborda el di\u00e1logo entre arte y publicidad.\" \/>\n<meta name=\"robots\" content=\"index, follow, max-snippet:-1, max-image-preview:large, max-video-preview:-1\" \/>\n<link rel=\"canonical\" href=\"https:\/\/www.info.valladolid.es\/blog\/exposicion-el-arte-de-la-innovacion\/\" \/>\n<meta property=\"og:locale\" content=\"es_ES\" \/>\n<meta property=\"og:type\" content=\"article\" \/>\n<meta property=\"og:title\" content=\"&#039;El arte de la innovaci\u00f3n: carteles que anunciaron el futuro&#039; en Valladolid.\" \/>\n<meta property=\"og:description\" content=\"Consulta el dossier de la exposici\u00f3n &#039;El arte de la innovaci\u00f3n: carteles que anunciaron el futuro&#039;, muestra que aborda el di\u00e1logo entre arte y publicidad.\" \/>\n<meta property=\"og:url\" content=\"https:\/\/www.info.valladolid.es\/blog\/exposicion-el-arte-de-la-innovacion\/\" \/>\n<meta property=\"og:site_name\" content=\"Blog Cultura y Turismo\" \/>\n<meta property=\"article:published_time\" content=\"2020-11-04T09:51:33+00:00\" \/>\n<meta property=\"article:modified_time\" content=\"2020-11-08T20:00:50+00:00\" \/>\n<meta property=\"og:image\" content=\"https:\/\/www.info.valladolid.es\/blog\/wp-content\/uploads\/2020\/11\/expo-carteles.png\" \/>\n\t<meta property=\"og:image:width\" content=\"777\" \/>\n\t<meta property=\"og:image:height\" content=\"388\" \/>\n\t<meta property=\"og:image:type\" content=\"image\/png\" \/>\n<meta name=\"author\" content=\"administrador\" \/>\n<meta name=\"twitter:card\" content=\"summary_large_image\" \/>\n<meta name=\"twitter:label1\" content=\"Escrito por\" \/>\n\t<meta name=\"twitter:data1\" content=\"administrador\" \/>\n\t<meta name=\"twitter:label2\" content=\"Tiempo de lectura\" \/>\n\t<meta name=\"twitter:data2\" content=\"4 minutos\" \/>\n<script type=\"application\/ld+json\" class=\"yoast-schema-graph\">{\"@context\":\"https:\\\/\\\/schema.org\",\"@graph\":[{\"@type\":\"Article\",\"@id\":\"https:\\\/\\\/www.info.valladolid.es\\\/blog\\\/exposicion-el-arte-de-la-innovacion\\\/#article\",\"isPartOf\":{\"@id\":\"https:\\\/\\\/www.info.valladolid.es\\\/blog\\\/exposicion-el-arte-de-la-innovacion\\\/\"},\"author\":{\"name\":\"administrador\",\"@id\":\"https:\\\/\\\/www.info.valladolid.es\\\/blog\\\/#\\\/schema\\\/person\\\/845cac97e6156a5a9c5abd68b7b9a5d5\"},\"headline\":\"El arte de la innovaci\u00f3n: carteles que anunciaron el futuro\",\"datePublished\":\"2020-11-04T09:51:33+00:00\",\"dateModified\":\"2020-11-08T20:00:50+00:00\",\"mainEntityOfPage\":{\"@id\":\"https:\\\/\\\/www.info.valladolid.es\\\/blog\\\/exposicion-el-arte-de-la-innovacion\\\/\"},\"wordCount\":788,\"commentCount\":0,\"image\":{\"@id\":\"https:\\\/\\\/www.info.valladolid.es\\\/blog\\\/exposicion-el-arte-de-la-innovacion\\\/#primaryimage\"},\"thumbnailUrl\":\"https:\\\/\\\/www.info.valladolid.es\\\/blog\\\/wp-content\\\/uploads\\\/2020\\\/11\\\/expo-carteles.png\",\"articleSection\":[\"Arte y Museos\"],\"inLanguage\":\"es\",\"potentialAction\":[{\"@type\":\"CommentAction\",\"name\":\"Comment\",\"target\":[\"https:\\\/\\\/www.info.valladolid.es\\\/blog\\\/exposicion-el-arte-de-la-innovacion\\\/#respond\"]}]},{\"@type\":\"WebPage\",\"@id\":\"https:\\\/\\\/www.info.valladolid.es\\\/blog\\\/exposicion-el-arte-de-la-innovacion\\\/\",\"url\":\"https:\\\/\\\/www.info.valladolid.es\\\/blog\\\/exposicion-el-arte-de-la-innovacion\\\/\",\"name\":\"'El arte de la innovaci\u00f3n: carteles que anunciaron el futuro' en Valladolid.\",\"isPartOf\":{\"@id\":\"https:\\\/\\\/www.info.valladolid.es\\\/blog\\\/#website\"},\"primaryImageOfPage\":{\"@id\":\"https:\\\/\\\/www.info.valladolid.es\\\/blog\\\/exposicion-el-arte-de-la-innovacion\\\/#primaryimage\"},\"image\":{\"@id\":\"https:\\\/\\\/www.info.valladolid.es\\\/blog\\\/exposicion-el-arte-de-la-innovacion\\\/#primaryimage\"},\"thumbnailUrl\":\"https:\\\/\\\/www.info.valladolid.es\\\/blog\\\/wp-content\\\/uploads\\\/2020\\\/11\\\/expo-carteles.png\",\"datePublished\":\"2020-11-04T09:51:33+00:00\",\"dateModified\":\"2020-11-08T20:00:50+00:00\",\"author\":{\"@id\":\"https:\\\/\\\/www.info.valladolid.es\\\/blog\\\/#\\\/schema\\\/person\\\/845cac97e6156a5a9c5abd68b7b9a5d5\"},\"description\":\"Consulta el dossier de la exposici\u00f3n 'El arte de la innovaci\u00f3n: carteles que anunciaron el futuro', muestra que aborda el di\u00e1logo entre arte y publicidad.\",\"breadcrumb\":{\"@id\":\"https:\\\/\\\/www.info.valladolid.es\\\/blog\\\/exposicion-el-arte-de-la-innovacion\\\/#breadcrumb\"},\"inLanguage\":\"es\",\"potentialAction\":[{\"@type\":\"ReadAction\",\"target\":[\"https:\\\/\\\/www.info.valladolid.es\\\/blog\\\/exposicion-el-arte-de-la-innovacion\\\/\"]}]},{\"@type\":\"ImageObject\",\"inLanguage\":\"es\",\"@id\":\"https:\\\/\\\/www.info.valladolid.es\\\/blog\\\/exposicion-el-arte-de-la-innovacion\\\/#primaryimage\",\"url\":\"https:\\\/\\\/www.info.valladolid.es\\\/blog\\\/wp-content\\\/uploads\\\/2020\\\/11\\\/expo-carteles.png\",\"contentUrl\":\"https:\\\/\\\/www.info.valladolid.es\\\/blog\\\/wp-content\\\/uploads\\\/2020\\\/11\\\/expo-carteles.png\",\"width\":777,\"height\":388},{\"@type\":\"BreadcrumbList\",\"@id\":\"https:\\\/\\\/www.info.valladolid.es\\\/blog\\\/exposicion-el-arte-de-la-innovacion\\\/#breadcrumb\",\"itemListElement\":[{\"@type\":\"ListItem\",\"position\":1,\"name\":\"Home\",\"item\":\"https:\\\/\\\/www.info.valladolid.es\\\/blog\\\/\"},{\"@type\":\"ListItem\",\"position\":2,\"name\":\"El arte de la innovaci\u00f3n: carteles que anunciaron el futuro\"}]},{\"@type\":\"WebSite\",\"@id\":\"https:\\\/\\\/www.info.valladolid.es\\\/blog\\\/#website\",\"url\":\"https:\\\/\\\/www.info.valladolid.es\\\/blog\\\/\",\"name\":\"Blog Cultura y Turismo\",\"description\":\"\",\"potentialAction\":[{\"@type\":\"SearchAction\",\"target\":{\"@type\":\"EntryPoint\",\"urlTemplate\":\"https:\\\/\\\/www.info.valladolid.es\\\/blog\\\/?s={search_term_string}\"},\"query-input\":{\"@type\":\"PropertyValueSpecification\",\"valueRequired\":true,\"valueName\":\"search_term_string\"}}],\"inLanguage\":\"es\"},{\"@type\":\"Person\",\"@id\":\"https:\\\/\\\/www.info.valladolid.es\\\/blog\\\/#\\\/schema\\\/person\\\/845cac97e6156a5a9c5abd68b7b9a5d5\",\"name\":\"administrador\",\"image\":{\"@type\":\"ImageObject\",\"inLanguage\":\"es\",\"@id\":\"https:\\\/\\\/secure.gravatar.com\\\/avatar\\\/418161d2f95196597e2d305bd301c850afab7f4b284a344fb2d759f048b71c61?s=96&d=mm&r=g\",\"url\":\"https:\\\/\\\/secure.gravatar.com\\\/avatar\\\/418161d2f95196597e2d305bd301c850afab7f4b284a344fb2d759f048b71c61?s=96&d=mm&r=g\",\"contentUrl\":\"https:\\\/\\\/secure.gravatar.com\\\/avatar\\\/418161d2f95196597e2d305bd301c850afab7f4b284a344fb2d759f048b71c61?s=96&d=mm&r=g\",\"caption\":\"administrador\"},\"url\":\"https:\\\/\\\/www.info.valladolid.es\\\/blog\\\/author\\\/administrador\\\/\"}]}<\/script>\n<!-- \/ Yoast SEO plugin. -->","yoast_head_json":{"title":"'El arte de la innovaci\u00f3n: carteles que anunciaron el futuro' en Valladolid.","description":"Consulta el dossier de la exposici\u00f3n 'El arte de la innovaci\u00f3n: carteles que anunciaron el futuro', muestra que aborda el di\u00e1logo entre arte y publicidad.","robots":{"index":"index","follow":"follow","max-snippet":"max-snippet:-1","max-image-preview":"max-image-preview:large","max-video-preview":"max-video-preview:-1"},"canonical":"https:\/\/www.info.valladolid.es\/blog\/exposicion-el-arte-de-la-innovacion\/","og_locale":"es_ES","og_type":"article","og_title":"'El arte de la innovaci\u00f3n: carteles que anunciaron el futuro' en Valladolid.","og_description":"Consulta el dossier de la exposici\u00f3n 'El arte de la innovaci\u00f3n: carteles que anunciaron el futuro', muestra que aborda el di\u00e1logo entre arte y publicidad.","og_url":"https:\/\/www.info.valladolid.es\/blog\/exposicion-el-arte-de-la-innovacion\/","og_site_name":"Blog Cultura y Turismo","article_published_time":"2020-11-04T09:51:33+00:00","article_modified_time":"2020-11-08T20:00:50+00:00","og_image":[{"width":777,"height":388,"url":"https:\/\/www.info.valladolid.es\/blog\/wp-content\/uploads\/2020\/11\/expo-carteles.png","type":"image\/png"}],"author":"administrador","twitter_card":"summary_large_image","twitter_misc":{"Escrito por":"administrador","Tiempo de lectura":"4 minutos"},"schema":{"@context":"https:\/\/schema.org","@graph":[{"@type":"Article","@id":"https:\/\/www.info.valladolid.es\/blog\/exposicion-el-arte-de-la-innovacion\/#article","isPartOf":{"@id":"https:\/\/www.info.valladolid.es\/blog\/exposicion-el-arte-de-la-innovacion\/"},"author":{"name":"administrador","@id":"https:\/\/www.info.valladolid.es\/blog\/#\/schema\/person\/845cac97e6156a5a9c5abd68b7b9a5d5"},"headline":"El arte de la innovaci\u00f3n: carteles que anunciaron el futuro","datePublished":"2020-11-04T09:51:33+00:00","dateModified":"2020-11-08T20:00:50+00:00","mainEntityOfPage":{"@id":"https:\/\/www.info.valladolid.es\/blog\/exposicion-el-arte-de-la-innovacion\/"},"wordCount":788,"commentCount":0,"image":{"@id":"https:\/\/www.info.valladolid.es\/blog\/exposicion-el-arte-de-la-innovacion\/#primaryimage"},"thumbnailUrl":"https:\/\/www.info.valladolid.es\/blog\/wp-content\/uploads\/2020\/11\/expo-carteles.png","articleSection":["Arte y Museos"],"inLanguage":"es","potentialAction":[{"@type":"CommentAction","name":"Comment","target":["https:\/\/www.info.valladolid.es\/blog\/exposicion-el-arte-de-la-innovacion\/#respond"]}]},{"@type":"WebPage","@id":"https:\/\/www.info.valladolid.es\/blog\/exposicion-el-arte-de-la-innovacion\/","url":"https:\/\/www.info.valladolid.es\/blog\/exposicion-el-arte-de-la-innovacion\/","name":"'El arte de la innovaci\u00f3n: carteles que anunciaron el futuro' en Valladolid.","isPartOf":{"@id":"https:\/\/www.info.valladolid.es\/blog\/#website"},"primaryImageOfPage":{"@id":"https:\/\/www.info.valladolid.es\/blog\/exposicion-el-arte-de-la-innovacion\/#primaryimage"},"image":{"@id":"https:\/\/www.info.valladolid.es\/blog\/exposicion-el-arte-de-la-innovacion\/#primaryimage"},"thumbnailUrl":"https:\/\/www.info.valladolid.es\/blog\/wp-content\/uploads\/2020\/11\/expo-carteles.png","datePublished":"2020-11-04T09:51:33+00:00","dateModified":"2020-11-08T20:00:50+00:00","author":{"@id":"https:\/\/www.info.valladolid.es\/blog\/#\/schema\/person\/845cac97e6156a5a9c5abd68b7b9a5d5"},"description":"Consulta el dossier de la exposici\u00f3n 'El arte de la innovaci\u00f3n: carteles que anunciaron el futuro', muestra que aborda el di\u00e1logo entre arte y publicidad.","breadcrumb":{"@id":"https:\/\/www.info.valladolid.es\/blog\/exposicion-el-arte-de-la-innovacion\/#breadcrumb"},"inLanguage":"es","potentialAction":[{"@type":"ReadAction","target":["https:\/\/www.info.valladolid.es\/blog\/exposicion-el-arte-de-la-innovacion\/"]}]},{"@type":"ImageObject","inLanguage":"es","@id":"https:\/\/www.info.valladolid.es\/blog\/exposicion-el-arte-de-la-innovacion\/#primaryimage","url":"https:\/\/www.info.valladolid.es\/blog\/wp-content\/uploads\/2020\/11\/expo-carteles.png","contentUrl":"https:\/\/www.info.valladolid.es\/blog\/wp-content\/uploads\/2020\/11\/expo-carteles.png","width":777,"height":388},{"@type":"BreadcrumbList","@id":"https:\/\/www.info.valladolid.es\/blog\/exposicion-el-arte-de-la-innovacion\/#breadcrumb","itemListElement":[{"@type":"ListItem","position":1,"name":"Home","item":"https:\/\/www.info.valladolid.es\/blog\/"},{"@type":"ListItem","position":2,"name":"El arte de la innovaci\u00f3n: carteles que anunciaron el futuro"}]},{"@type":"WebSite","@id":"https:\/\/www.info.valladolid.es\/blog\/#website","url":"https:\/\/www.info.valladolid.es\/blog\/","name":"Blog Cultura y Turismo","description":"","potentialAction":[{"@type":"SearchAction","target":{"@type":"EntryPoint","urlTemplate":"https:\/\/www.info.valladolid.es\/blog\/?s={search_term_string}"},"query-input":{"@type":"PropertyValueSpecification","valueRequired":true,"valueName":"search_term_string"}}],"inLanguage":"es"},{"@type":"Person","@id":"https:\/\/www.info.valladolid.es\/blog\/#\/schema\/person\/845cac97e6156a5a9c5abd68b7b9a5d5","name":"administrador","image":{"@type":"ImageObject","inLanguage":"es","@id":"https:\/\/secure.gravatar.com\/avatar\/418161d2f95196597e2d305bd301c850afab7f4b284a344fb2d759f048b71c61?s=96&d=mm&r=g","url":"https:\/\/secure.gravatar.com\/avatar\/418161d2f95196597e2d305bd301c850afab7f4b284a344fb2d759f048b71c61?s=96&d=mm&r=g","contentUrl":"https:\/\/secure.gravatar.com\/avatar\/418161d2f95196597e2d305bd301c850afab7f4b284a344fb2d759f048b71c61?s=96&d=mm&r=g","caption":"administrador"},"url":"https:\/\/www.info.valladolid.es\/blog\/author\/administrador\/"}]}},"_links":{"self":[{"href":"https:\/\/www.info.valladolid.es\/blog\/wp-json\/wp\/v2\/posts\/4424","targetHints":{"allow":["GET"]}}],"collection":[{"href":"https:\/\/www.info.valladolid.es\/blog\/wp-json\/wp\/v2\/posts"}],"about":[{"href":"https:\/\/www.info.valladolid.es\/blog\/wp-json\/wp\/v2\/types\/post"}],"author":[{"embeddable":true,"href":"https:\/\/www.info.valladolid.es\/blog\/wp-json\/wp\/v2\/users\/1"}],"replies":[{"embeddable":true,"href":"https:\/\/www.info.valladolid.es\/blog\/wp-json\/wp\/v2\/comments?post=4424"}],"version-history":[{"count":3,"href":"https:\/\/www.info.valladolid.es\/blog\/wp-json\/wp\/v2\/posts\/4424\/revisions"}],"predecessor-version":[{"id":4442,"href":"https:\/\/www.info.valladolid.es\/blog\/wp-json\/wp\/v2\/posts\/4424\/revisions\/4442"}],"wp:featuredmedia":[{"embeddable":true,"href":"https:\/\/www.info.valladolid.es\/blog\/wp-json\/wp\/v2\/media\/4426"}],"wp:attachment":[{"href":"https:\/\/www.info.valladolid.es\/blog\/wp-json\/wp\/v2\/media?parent=4424"}],"wp:term":[{"taxonomy":"category","embeddable":true,"href":"https:\/\/www.info.valladolid.es\/blog\/wp-json\/wp\/v2\/categories?post=4424"},{"taxonomy":"post_tag","embeddable":true,"href":"https:\/\/www.info.valladolid.es\/blog\/wp-json\/wp\/v2\/tags?post=4424"}],"curies":[{"name":"wp","href":"https:\/\/api.w.org\/{rel}","templated":true}]}}