{"id":4281,"date":"2020-08-18T11:05:21","date_gmt":"2020-08-18T11:05:21","guid":{"rendered":"https:\/\/www.info.valladolid.es\/blog\/?p=4281"},"modified":"2020-08-28T06:48:41","modified_gmt":"2020-08-28T06:48:41","slug":"nadia-lee-cohen","status":"publish","type":"post","link":"https:\/\/www.info.valladolid.es\/blog\/nadia-lee-cohen\/","title":{"rendered":"Not a retrospective. Primera muestra de Nadia Lee Cohen en Valladolid"},"content":{"rendered":"\n<blockquote class=\"wp-block-quote is-layout-flow wp-block-quote-is-layout-flow\"><p>Estoy magn\u00e9ticamente atra\u00edda por Am\u00e9rica; es el \u00fanico sitio que me estimula y me repele al mismo tiempo de la manera m\u00e1s encantadora<\/p><cite>Nadia Lee Cohen<br><br><\/cite><\/blockquote>\n\n\n\n<p><strong>Llega a Valladolid la gran exposici\u00f3n hasta la fecha de la joven fot\u00f3grafa inglesa Nadia Lee Cohen, \u201cNot A Retrospective\u201d, con medio centenar de im\u00e1genes en grandes formatos y de brillante e impeccable ejecuci\u00f3n.<\/strong><\/p>\n\n\n\n<ul class=\"wp-block-list\"><li>En la Sala Municipal de Exposiciones de La Pasi\u00f3n hasta el 8 de noviembre.<\/li><li>De martes a domingo y festivos, de 12 a 14 y de 18.30 a 21.30 horas.<\/li><li>Entrada gratuita.<\/li><\/ul>\n\n\n\n<div aria-live=\"polite\" id=\"soliloquy-container-4284_1\" class=\"soliloquy-container soliloquy-transition-fade  soliloquy-theme-base\" style=\"max-width:960px;max-height:500px;\"><ul id=\"soliloquy-4284_1\" class=\"soliloquy-slider soliloquy-slides soliloquy-wrap soliloquy-clear\"><li aria-hidden=\"true\" class=\"soliloquy-item soliloquy-item-1 soliloquy-image-slide\" draggable=\"false\" style=\"list-style:none\"><img decoding=\"async\" id=\"soliloquy-image-4285\" class=\"soliloquy-image soliloquy-image-1\" src=\"https:\/\/www.info.valladolid.es\/blog\/wp-content\/uploads\/2020\/08\/Nadia-Lee-Cohen-1-960x500_c.jpg\" alt=\"Nadia Lee Cohen 1\" \/><\/li><li aria-hidden=\"true\" class=\"soliloquy-item soliloquy-item-2 soliloquy-image-slide\" draggable=\"false\" style=\"list-style:none\"><img decoding=\"async\" id=\"soliloquy-image-4286\" class=\"soliloquy-image soliloquy-image-2\" src=\"https:\/\/www.info.valladolid.es\/blog\/wp-content\/uploads\/2020\/08\/Nadia-Lee-Cohen-2-960x500_c.jpg\" alt=\"Nadia Lee Cohen 2\" \/><\/li><li aria-hidden=\"true\" class=\"soliloquy-item soliloquy-item-3 soliloquy-image-slide\" draggable=\"false\" style=\"list-style:none\"><img decoding=\"async\" id=\"soliloquy-image-4287\" class=\"soliloquy-image soliloquy-image-3\" src=\"https:\/\/www.info.valladolid.es\/blog\/wp-content\/uploads\/2020\/08\/Nadia-Lee-Cohen-3-960x500_c.jpg\" alt=\"Nadia Lee Cohen 3\" \/><\/li><li aria-hidden=\"true\" class=\"soliloquy-item soliloquy-item-4 soliloquy-image-slide\" draggable=\"false\" style=\"list-style:none\"><img decoding=\"async\" id=\"soliloquy-image-4288\" class=\"soliloquy-image soliloquy-image-4\" src=\"https:\/\/www.info.valladolid.es\/blog\/wp-content\/uploads\/2020\/08\/Nadia-Lee-Cohen-4-960x500_c.jpg\" alt=\"Nadia Lee Cohen 4\" \/><\/li><\/ul><\/div><noscript><style type=\"text\/css\">#soliloquy-container-4284_1{opacity:1}<\/style><\/noscript>\n\n\n\n<p><strong> <\/strong><\/p>\n\n\n\n<p><strong>Palabras de Yigit Turhan.&nbsp;Director&nbsp;de&nbsp;Branding&nbsp;en&nbsp;Valentino<\/strong><\/p>\n\n\n\n<p><em>\u201cCuando observas los trabajos de Cohen, ves ese negro agujero m\u00e1gico que incluye todo, desde Stanley Kubrick hasta Cindy Sherman. Esas obras con sus colores saturados, de toques surrealistas, a veces macabros y personajes raros que crean una nueva base para la representaci\u00f3n perfecta de c\u00f3mo los millennials ven el mundo hoy d\u00eda: un imaginario paisaje de oportunidades con una pizca de pesadilla en tiempos de problem\u00e1ticas pol\u00edticas, sociales y econ\u00f3micas.<\/em><\/p>\n\n\n\n<p><em>En el contexto de la moda, donde al final\nse disfruta de espect\u00e1culos que incluyen a hombres y mujeres y donde vemos que\nlos castings inclusivos nos representan m\u00e1s en las pasarelas, el eclecticismo\nanacr\u00f3nico de aptitudes y referencias de Nadia es un soplo de aire fresco. No\nsolo es considerada la nueva chica de la ciudad que inmortalizar\u00e1 cantidad de rostros\ny tendencias en ic\u00f3nicas im\u00e1genes para nuestra generaci\u00f3n en constante\nmarcha\/ritmo, sino tambi\u00e9n el modelo a seguir para todos aquellos polifac\u00e9ticos\na los que les resulta dif\u00edcil encajar en una categor\u00eda. Mientras nos perdemos\nen el imaginario de Cohen, no podemos dejar de preguntarnos: \u00bfestamos\nexperimentando un momento hist\u00f3rico en la fotograf\u00eda en el que somos testigos\ndel nacimiento de uno de los talentos m\u00e1s ecl\u00e9cticos del futuro?\u201d<\/em><\/p>\n\n\n\n<div aria-live=\"polite\" id=\"soliloquy-container-4290_2\" class=\"soliloquy-container soliloquy-transition-fade  soliloquy-theme-base\" style=\"max-width:960px;max-height:500px;\"><ul id=\"soliloquy-4290_2\" class=\"soliloquy-slider soliloquy-slides soliloquy-wrap soliloquy-clear\"><li aria-hidden=\"true\" class=\"soliloquy-item soliloquy-item-1 soliloquy-image-slide\" draggable=\"false\" style=\"list-style:none\"><img decoding=\"async\" id=\"soliloquy-image-4291\" class=\"soliloquy-image soliloquy-image-1\" src=\"https:\/\/www.info.valladolid.es\/blog\/wp-content\/uploads\/2020\/08\/Nadia-Lee-Cohen-5-960x500_c.jpg\" alt=\"Nadia Lee Cohen 5\" \/><\/li><li aria-hidden=\"true\" class=\"soliloquy-item soliloquy-item-2 soliloquy-image-slide\" draggable=\"false\" style=\"list-style:none\"><img decoding=\"async\" id=\"soliloquy-image-4292\" class=\"soliloquy-image soliloquy-image-2\" src=\"https:\/\/www.info.valladolid.es\/blog\/wp-content\/uploads\/2020\/08\/Nadia-Lee-Cohen-6-960x500_c.jpg\" alt=\"Nadia Lee Cohen 6\" \/><\/li><li aria-hidden=\"true\" class=\"soliloquy-item soliloquy-item-3 soliloquy-image-slide\" draggable=\"false\" style=\"list-style:none\"><img decoding=\"async\" id=\"soliloquy-image-4293\" class=\"soliloquy-image soliloquy-image-3\" src=\"https:\/\/www.info.valladolid.es\/blog\/wp-content\/uploads\/2020\/08\/Nadia-Lee-Cohen-7-960x500_c.jpg\" alt=\"Nadia Lee Cohen 7\" \/><\/li><\/ul><\/div><noscript><style type=\"text\/css\">#soliloquy-container-4290_2{opacity:1}<\/style><\/noscript>\n\n\n\n<p><strong>Palabras de Mario Mart\u00edn Pareja. Comisario de la muestra.<\/strong><\/p>\n\n\n\n<p><em>Nadia\nLee Cohen es una fot\u00f3grafa, cineasta y artista de autorretrato inglesa que\nreside en Los \u00c1ngeles (EEUU), ciudad donde encuentra la inspiraci\u00f3n y que nutre\nsu eterna fascinaci\u00f3n por la <\/em>Americana<em> y\npor la conformista vida en sus suburbios. Es, precisamente, el ambiente de\nestas zonas residenciales que transmiten la idea de perfecci\u00f3n, el id\u00f3neo para\nrealizar una punci\u00f3n directa de la que Nadia obtiene siempre una biopsia muy\nparticular. Ella nos cuenta historias tanto en el interior de estas casas en\nlas que los protagonistas femeninos combaten el sofocante conformismo con\nescapismo sexual, como en los exteriores, donde los cameos protagonizados por\nlos r\u00f3tulos y luminosos de las grandes marcas de consumo dominan las escenas,\nalimentando junto a la comida basura, las referencias culturales de la\nnarraci\u00f3n.<\/em><\/p>\n\n\n\n<p><em>A\nprimera vista, las fotograf\u00edas son llamativas, glamurosas y llenas de colores\nsaturados, pero en una inspecci\u00f3n m\u00e1s cercana se detecta un elemento\nmelanc\u00f3lico. Es precisamente esta yuxtaposici\u00f3n lo que le interesa a Nadia y\nnos da la clave de gran parte de su trabajo. Aunque se expresa sin tab\u00faes, ella\nprefiere un enfoque m\u00e1s sutil en lugar de crear im\u00e1genes que tengan como\nobjetivo sorprender al espectador. De esa manera, anima a la audiencia a\nabsorber y contemplar la narrativa detr\u00e1s de la imagen que aparece ante sus\nojos. <\/em><\/p>\n\n\n\n<p><em>Sus\nfotograf\u00edas enturbian los l\u00edmites entre la fantas\u00eda y la realidad, lo animado y\nlo inanimado, desafiando la l\u00f3gica con un toque de iron\u00eda y humor. Nada es lo\nque parece. Nadia se esfuerza en construir contenidos reconocibles para el\nespectador a los que a\u00f1ade algo que interfiere dicha familiaridad sugiriendo\nque hay algo fuera de lugar. De este modo, modifica la atm\u00f3sfera para que esta\nsea un poco m\u00e1s sombr\u00eda y rara, y pone a prueba la sensaci\u00f3n de seguridad del\nespectador. <\/em><\/p>\n\n\n\n<p><em>En\ndichas situaciones ficticias, y en el centro de este universo iconogr\u00e1fico, se\nhallan las mujeres, su sujeto favorito. En cada una de las im\u00e1genes sus modelos\ntrascienden el papel de actrices y encarnan los caracteres del personaje\nasignado. Nadia prefiere fotografiar gente real a modelos profesionales:\nrotundas, sensuales e irreales, lejos de la belleza convencional, y que, a\npesar de parecernos, a primera vista, cosificadas o hipersexualizadas, la\nactitud de estas nunca puede ser descrita como pasiva ni fr\u00e1gil. Lee Cohen las\nempodera en las fotograf\u00edas. <\/em><\/p>\n\n\n\n<p><em>Si\nbien hemos visto anteriormente la primera ruptura de Nadia con el mundo de la\nmoda negando el ideal de belleza de esta, la segunda y definitiva proviene de\nsu principal fuente de inspiraci\u00f3n. No es, como podr\u00eda parecer, la fotograf\u00eda\nde moda -ella estuvo cinco a\u00f1os estudiando en la Fashion School de Londres-.\nSon el cine y la llamada fotograf\u00eda cinematogr\u00e1fica.&nbsp; <\/em><\/p>\n\n\n\n<p><em>Nadia\nsaca mucho m\u00e1s de la escena de una pel\u00edcula que cualquier cosa que pudiera ver\nen una revista de moda. Antes de hacer una foto imagina a las protagonistas en\nsituaciones falsas, como robadas de un film; hace capturas de fotogramas y\nanaliza el color; cuida los escenarios y localizaciones para que las chicas se\nmetan en el papel sinti\u00e9ndose actrices\u2026<\/em><\/p>\n\n\n\n<p><em>Y, sin duda, <\/em>Not a Retrospective<em> es la gran \u00abpel\u00edcula\u00bb de Nadia Lee Cohen; secuencias que conforman una historia de mujeres cuyo esbozado guion nos permite, como activos observadores, imaginar las escenas que faltan.<\/em><\/p>\n\n\n\n<p><strong>BIO<\/strong><\/p>\n\n\n\n<p>Nadia\nLee Cohen (Reino Unido, 1990) es una fot\u00f3grafa, cineasta y artista de\nautorretrato inglesa que reside en Los Angeles (EEUU). En 2011, Lee Cohen\nasiste al London College of Fashion y comienza a estudiar fotograf\u00eda. En 2012\nes inclu\u00edda en el prestigioso premio Taylor Wessing Portrait y expone su obra\nen la National Portrait Gallery de Londres. Adem\u00e1s de su trabajo art\u00edstico\npersonal ha realizado trabajos publicitarios (Miu Miu, Adidas, MAC Cosmetics\u2026)\ny videoclips musicales y cortometrajes con celebridades como Sof\u00eda Loren,\nPamela Anderson, Katy Perry, Danny Trejo, A$AP Rocky, Tyler the Creator o\nBootsy Collins, entre otros. Sus fotograf\u00edas han sido publicadas en revistas\ncomo New York Magazine, Vogue Magazine, Marie Claire, Interview magazine, Paper\nmagazine y The Sunday Times, y en numerosas revistas digitales especializadas.<\/p>\n","protected":false},"excerpt":{"rendered":"<p>Estoy magn\u00e9ticamente atra\u00edda por Am\u00e9rica; es el \u00fanico sitio que me estimula y me repele al mismo tiempo de la manera m\u00e1s encantadora Nadia Lee Cohen Llega a Valladolid la gran exposici\u00f3n hasta la fecha de la joven fot\u00f3grafa inglesa Nadia Lee Cohen, \u201cNot A Retrospective\u201d, con medio centenar de im\u00e1genes en grandes formatos y de brillante e impeccable ejecuci\u00f3n. En la Sala Municipal de Exposiciones de La Pasi\u00f3n hasta el 8 de noviembre. De martes a domingo y festivos, de 12 a 14 y de 18.30 a 21.30 horas. Entrada gratuita. Palabras de Yigit Turhan.&nbsp;Director&nbsp;de&nbsp;Branding&nbsp;en&nbsp;Valentino \u201cCuando observas los trabajos de Cohen, ves ese negro agujero m\u00e1gico que incluye todo, desde Stanley Kubrick hasta Cindy Sherman. Esas obras con sus colores saturados, de toques surrealistas, a veces macabros y personajes raros que crean una nueva base para la representaci\u00f3n perfecta de c\u00f3mo los millennials ven el mundo hoy d\u00eda: un imaginario paisaje de oportunidades con una pizca de pesadilla en tiempos de problem\u00e1ticas pol\u00edticas, sociales y econ\u00f3micas. En el contexto de la moda, donde al final se disfruta de espect\u00e1culos que incluyen a hombres y mujeres y donde vemos que los castings inclusivos nos representan m\u00e1s en las pasarelas, el [&hellip;]<\/p>\n","protected":false},"author":1,"featured_media":4285,"comment_status":"open","ping_status":"open","sticky":false,"template":"","format":"standard","meta":{"footnotes":""},"categories":[6],"tags":[],"class_list":["post-4281","post","type-post","status-publish","format-standard","has-post-thumbnail","hentry","category-arte-y-museos"],"yoast_head":"<!-- This site is optimized with the Yoast SEO plugin v27.4 - https:\/\/yoast.com\/product\/yoast-seo-wordpress\/ -->\n<title>Not a retrospective. Primera muestra de Nadia Lee Cohen en Valladolid - Blog Cultura y Turismo<\/title>\n<meta name=\"robots\" content=\"index, follow, max-snippet:-1, max-image-preview:large, max-video-preview:-1\" \/>\n<link rel=\"canonical\" href=\"https:\/\/www.info.valladolid.es\/blog\/nadia-lee-cohen\/\" \/>\n<meta property=\"og:locale\" content=\"es_ES\" \/>\n<meta property=\"og:type\" content=\"article\" \/>\n<meta property=\"og:title\" content=\"Not a retrospective. Primera muestra de Nadia Lee Cohen en Valladolid - Blog Cultura y Turismo\" \/>\n<meta property=\"og:description\" content=\"Estoy magn\u00e9ticamente atra\u00edda por Am\u00e9rica; es el \u00fanico sitio que me estimula y me repele al mismo tiempo de la manera m\u00e1s encantadora Nadia Lee Cohen Llega a Valladolid la gran exposici\u00f3n hasta la fecha de la joven fot\u00f3grafa inglesa Nadia Lee Cohen, \u201cNot A Retrospective\u201d, con medio centenar de im\u00e1genes en grandes formatos y de brillante e impeccable ejecuci\u00f3n. En la Sala Municipal de Exposiciones de La Pasi\u00f3n hasta el 8 de noviembre. De martes a domingo y festivos, de 12 a 14 y de 18.30 a 21.30 horas. Entrada gratuita. Palabras de Yigit Turhan.&nbsp;Director&nbsp;de&nbsp;Branding&nbsp;en&nbsp;Valentino \u201cCuando observas los trabajos de Cohen, ves ese negro agujero m\u00e1gico que incluye todo, desde Stanley Kubrick hasta Cindy Sherman. Esas obras con sus colores saturados, de toques surrealistas, a veces macabros y personajes raros que crean una nueva base para la representaci\u00f3n perfecta de c\u00f3mo los millennials ven el mundo hoy d\u00eda: un imaginario paisaje de oportunidades con una pizca de pesadilla en tiempos de problem\u00e1ticas pol\u00edticas, sociales y econ\u00f3micas. En el contexto de la moda, donde al final se disfruta de espect\u00e1culos que incluyen a hombres y mujeres y donde vemos que los castings inclusivos nos representan m\u00e1s en las pasarelas, el [&hellip;]\" \/>\n<meta property=\"og:url\" content=\"https:\/\/www.info.valladolid.es\/blog\/nadia-lee-cohen\/\" \/>\n<meta property=\"og:site_name\" content=\"Blog Cultura y Turismo\" \/>\n<meta property=\"article:published_time\" content=\"2020-08-18T11:05:21+00:00\" \/>\n<meta property=\"article:modified_time\" content=\"2020-08-28T06:48:41+00:00\" \/>\n<meta property=\"og:image\" content=\"https:\/\/www.info.valladolid.es\/blog\/wp-content\/uploads\/2020\/08\/Nadia-Lee-Cohen-1.jpg\" \/>\n\t<meta property=\"og:image:width\" content=\"900\" \/>\n\t<meta property=\"og:image:height\" content=\"600\" \/>\n\t<meta property=\"og:image:type\" content=\"image\/jpeg\" \/>\n<meta name=\"author\" content=\"administrador\" \/>\n<meta name=\"twitter:card\" content=\"summary_large_image\" \/>\n<meta name=\"twitter:label1\" content=\"Escrito por\" \/>\n\t<meta name=\"twitter:data1\" content=\"administrador\" \/>\n\t<meta name=\"twitter:label2\" content=\"Tiempo de lectura\" \/>\n\t<meta name=\"twitter:data2\" content=\"5 minutos\" \/>\n<script type=\"application\/ld+json\" class=\"yoast-schema-graph\">{\"@context\":\"https:\\\/\\\/schema.org\",\"@graph\":[{\"@type\":\"Article\",\"@id\":\"https:\\\/\\\/www.info.valladolid.es\\\/blog\\\/nadia-lee-cohen\\\/#article\",\"isPartOf\":{\"@id\":\"https:\\\/\\\/www.info.valladolid.es\\\/blog\\\/nadia-lee-cohen\\\/\"},\"author\":{\"name\":\"administrador\",\"@id\":\"https:\\\/\\\/www.info.valladolid.es\\\/blog\\\/#\\\/schema\\\/person\\\/845cac97e6156a5a9c5abd68b7b9a5d5\"},\"headline\":\"Not a retrospective. Primera muestra de Nadia Lee Cohen en Valladolid\",\"datePublished\":\"2020-08-18T11:05:21+00:00\",\"dateModified\":\"2020-08-28T06:48:41+00:00\",\"mainEntityOfPage\":{\"@id\":\"https:\\\/\\\/www.info.valladolid.es\\\/blog\\\/nadia-lee-cohen\\\/\"},\"wordCount\":1081,\"commentCount\":0,\"image\":{\"@id\":\"https:\\\/\\\/www.info.valladolid.es\\\/blog\\\/nadia-lee-cohen\\\/#primaryimage\"},\"thumbnailUrl\":\"https:\\\/\\\/www.info.valladolid.es\\\/blog\\\/wp-content\\\/uploads\\\/2020\\\/08\\\/Nadia-Lee-Cohen-1.jpg\",\"articleSection\":[\"Arte y Museos\"],\"inLanguage\":\"es\",\"potentialAction\":[{\"@type\":\"CommentAction\",\"name\":\"Comment\",\"target\":[\"https:\\\/\\\/www.info.valladolid.es\\\/blog\\\/nadia-lee-cohen\\\/#respond\"]}]},{\"@type\":\"WebPage\",\"@id\":\"https:\\\/\\\/www.info.valladolid.es\\\/blog\\\/nadia-lee-cohen\\\/\",\"url\":\"https:\\\/\\\/www.info.valladolid.es\\\/blog\\\/nadia-lee-cohen\\\/\",\"name\":\"Not a retrospective. Primera muestra de Nadia Lee Cohen en Valladolid - Blog Cultura y Turismo\",\"isPartOf\":{\"@id\":\"https:\\\/\\\/www.info.valladolid.es\\\/blog\\\/#website\"},\"primaryImageOfPage\":{\"@id\":\"https:\\\/\\\/www.info.valladolid.es\\\/blog\\\/nadia-lee-cohen\\\/#primaryimage\"},\"image\":{\"@id\":\"https:\\\/\\\/www.info.valladolid.es\\\/blog\\\/nadia-lee-cohen\\\/#primaryimage\"},\"thumbnailUrl\":\"https:\\\/\\\/www.info.valladolid.es\\\/blog\\\/wp-content\\\/uploads\\\/2020\\\/08\\\/Nadia-Lee-Cohen-1.jpg\",\"datePublished\":\"2020-08-18T11:05:21+00:00\",\"dateModified\":\"2020-08-28T06:48:41+00:00\",\"author\":{\"@id\":\"https:\\\/\\\/www.info.valladolid.es\\\/blog\\\/#\\\/schema\\\/person\\\/845cac97e6156a5a9c5abd68b7b9a5d5\"},\"breadcrumb\":{\"@id\":\"https:\\\/\\\/www.info.valladolid.es\\\/blog\\\/nadia-lee-cohen\\\/#breadcrumb\"},\"inLanguage\":\"es\",\"potentialAction\":[{\"@type\":\"ReadAction\",\"target\":[\"https:\\\/\\\/www.info.valladolid.es\\\/blog\\\/nadia-lee-cohen\\\/\"]}]},{\"@type\":\"ImageObject\",\"inLanguage\":\"es\",\"@id\":\"https:\\\/\\\/www.info.valladolid.es\\\/blog\\\/nadia-lee-cohen\\\/#primaryimage\",\"url\":\"https:\\\/\\\/www.info.valladolid.es\\\/blog\\\/wp-content\\\/uploads\\\/2020\\\/08\\\/Nadia-Lee-Cohen-1.jpg\",\"contentUrl\":\"https:\\\/\\\/www.info.valladolid.es\\\/blog\\\/wp-content\\\/uploads\\\/2020\\\/08\\\/Nadia-Lee-Cohen-1.jpg\",\"width\":900,\"height\":600},{\"@type\":\"BreadcrumbList\",\"@id\":\"https:\\\/\\\/www.info.valladolid.es\\\/blog\\\/nadia-lee-cohen\\\/#breadcrumb\",\"itemListElement\":[{\"@type\":\"ListItem\",\"position\":1,\"name\":\"Home\",\"item\":\"https:\\\/\\\/www.info.valladolid.es\\\/blog\\\/\"},{\"@type\":\"ListItem\",\"position\":2,\"name\":\"Not a retrospective. Primera muestra de Nadia Lee Cohen en Valladolid\"}]},{\"@type\":\"WebSite\",\"@id\":\"https:\\\/\\\/www.info.valladolid.es\\\/blog\\\/#website\",\"url\":\"https:\\\/\\\/www.info.valladolid.es\\\/blog\\\/\",\"name\":\"Blog Cultura y Turismo\",\"description\":\"\",\"potentialAction\":[{\"@type\":\"SearchAction\",\"target\":{\"@type\":\"EntryPoint\",\"urlTemplate\":\"https:\\\/\\\/www.info.valladolid.es\\\/blog\\\/?s={search_term_string}\"},\"query-input\":{\"@type\":\"PropertyValueSpecification\",\"valueRequired\":true,\"valueName\":\"search_term_string\"}}],\"inLanguage\":\"es\"},{\"@type\":\"Person\",\"@id\":\"https:\\\/\\\/www.info.valladolid.es\\\/blog\\\/#\\\/schema\\\/person\\\/845cac97e6156a5a9c5abd68b7b9a5d5\",\"name\":\"administrador\",\"image\":{\"@type\":\"ImageObject\",\"inLanguage\":\"es\",\"@id\":\"https:\\\/\\\/secure.gravatar.com\\\/avatar\\\/418161d2f95196597e2d305bd301c850afab7f4b284a344fb2d759f048b71c61?s=96&d=mm&r=g\",\"url\":\"https:\\\/\\\/secure.gravatar.com\\\/avatar\\\/418161d2f95196597e2d305bd301c850afab7f4b284a344fb2d759f048b71c61?s=96&d=mm&r=g\",\"contentUrl\":\"https:\\\/\\\/secure.gravatar.com\\\/avatar\\\/418161d2f95196597e2d305bd301c850afab7f4b284a344fb2d759f048b71c61?s=96&d=mm&r=g\",\"caption\":\"administrador\"},\"url\":\"https:\\\/\\\/www.info.valladolid.es\\\/blog\\\/author\\\/administrador\\\/\"}]}<\/script>\n<!-- \/ Yoast SEO plugin. -->","yoast_head_json":{"title":"Not a retrospective. Primera muestra de Nadia Lee Cohen en Valladolid - Blog Cultura y Turismo","robots":{"index":"index","follow":"follow","max-snippet":"max-snippet:-1","max-image-preview":"max-image-preview:large","max-video-preview":"max-video-preview:-1"},"canonical":"https:\/\/www.info.valladolid.es\/blog\/nadia-lee-cohen\/","og_locale":"es_ES","og_type":"article","og_title":"Not a retrospective. Primera muestra de Nadia Lee Cohen en Valladolid - Blog Cultura y Turismo","og_description":"Estoy magn\u00e9ticamente atra\u00edda por Am\u00e9rica; es el \u00fanico sitio que me estimula y me repele al mismo tiempo de la manera m\u00e1s encantadora Nadia Lee Cohen Llega a Valladolid la gran exposici\u00f3n hasta la fecha de la joven fot\u00f3grafa inglesa Nadia Lee Cohen, \u201cNot A Retrospective\u201d, con medio centenar de im\u00e1genes en grandes formatos y de brillante e impeccable ejecuci\u00f3n. En la Sala Municipal de Exposiciones de La Pasi\u00f3n hasta el 8 de noviembre. De martes a domingo y festivos, de 12 a 14 y de 18.30 a 21.30 horas. Entrada gratuita. Palabras de Yigit Turhan.&nbsp;Director&nbsp;de&nbsp;Branding&nbsp;en&nbsp;Valentino \u201cCuando observas los trabajos de Cohen, ves ese negro agujero m\u00e1gico que incluye todo, desde Stanley Kubrick hasta Cindy Sherman. Esas obras con sus colores saturados, de toques surrealistas, a veces macabros y personajes raros que crean una nueva base para la representaci\u00f3n perfecta de c\u00f3mo los millennials ven el mundo hoy d\u00eda: un imaginario paisaje de oportunidades con una pizca de pesadilla en tiempos de problem\u00e1ticas pol\u00edticas, sociales y econ\u00f3micas. En el contexto de la moda, donde al final se disfruta de espect\u00e1culos que incluyen a hombres y mujeres y donde vemos que los castings inclusivos nos representan m\u00e1s en las pasarelas, el [&hellip;]","og_url":"https:\/\/www.info.valladolid.es\/blog\/nadia-lee-cohen\/","og_site_name":"Blog Cultura y Turismo","article_published_time":"2020-08-18T11:05:21+00:00","article_modified_time":"2020-08-28T06:48:41+00:00","og_image":[{"width":900,"height":600,"url":"https:\/\/www.info.valladolid.es\/blog\/wp-content\/uploads\/2020\/08\/Nadia-Lee-Cohen-1.jpg","type":"image\/jpeg"}],"author":"administrador","twitter_card":"summary_large_image","twitter_misc":{"Escrito por":"administrador","Tiempo de lectura":"5 minutos"},"schema":{"@context":"https:\/\/schema.org","@graph":[{"@type":"Article","@id":"https:\/\/www.info.valladolid.es\/blog\/nadia-lee-cohen\/#article","isPartOf":{"@id":"https:\/\/www.info.valladolid.es\/blog\/nadia-lee-cohen\/"},"author":{"name":"administrador","@id":"https:\/\/www.info.valladolid.es\/blog\/#\/schema\/person\/845cac97e6156a5a9c5abd68b7b9a5d5"},"headline":"Not a retrospective. Primera muestra de Nadia Lee Cohen en Valladolid","datePublished":"2020-08-18T11:05:21+00:00","dateModified":"2020-08-28T06:48:41+00:00","mainEntityOfPage":{"@id":"https:\/\/www.info.valladolid.es\/blog\/nadia-lee-cohen\/"},"wordCount":1081,"commentCount":0,"image":{"@id":"https:\/\/www.info.valladolid.es\/blog\/nadia-lee-cohen\/#primaryimage"},"thumbnailUrl":"https:\/\/www.info.valladolid.es\/blog\/wp-content\/uploads\/2020\/08\/Nadia-Lee-Cohen-1.jpg","articleSection":["Arte y Museos"],"inLanguage":"es","potentialAction":[{"@type":"CommentAction","name":"Comment","target":["https:\/\/www.info.valladolid.es\/blog\/nadia-lee-cohen\/#respond"]}]},{"@type":"WebPage","@id":"https:\/\/www.info.valladolid.es\/blog\/nadia-lee-cohen\/","url":"https:\/\/www.info.valladolid.es\/blog\/nadia-lee-cohen\/","name":"Not a retrospective. Primera muestra de Nadia Lee Cohen en Valladolid - Blog Cultura y Turismo","isPartOf":{"@id":"https:\/\/www.info.valladolid.es\/blog\/#website"},"primaryImageOfPage":{"@id":"https:\/\/www.info.valladolid.es\/blog\/nadia-lee-cohen\/#primaryimage"},"image":{"@id":"https:\/\/www.info.valladolid.es\/blog\/nadia-lee-cohen\/#primaryimage"},"thumbnailUrl":"https:\/\/www.info.valladolid.es\/blog\/wp-content\/uploads\/2020\/08\/Nadia-Lee-Cohen-1.jpg","datePublished":"2020-08-18T11:05:21+00:00","dateModified":"2020-08-28T06:48:41+00:00","author":{"@id":"https:\/\/www.info.valladolid.es\/blog\/#\/schema\/person\/845cac97e6156a5a9c5abd68b7b9a5d5"},"breadcrumb":{"@id":"https:\/\/www.info.valladolid.es\/blog\/nadia-lee-cohen\/#breadcrumb"},"inLanguage":"es","potentialAction":[{"@type":"ReadAction","target":["https:\/\/www.info.valladolid.es\/blog\/nadia-lee-cohen\/"]}]},{"@type":"ImageObject","inLanguage":"es","@id":"https:\/\/www.info.valladolid.es\/blog\/nadia-lee-cohen\/#primaryimage","url":"https:\/\/www.info.valladolid.es\/blog\/wp-content\/uploads\/2020\/08\/Nadia-Lee-Cohen-1.jpg","contentUrl":"https:\/\/www.info.valladolid.es\/blog\/wp-content\/uploads\/2020\/08\/Nadia-Lee-Cohen-1.jpg","width":900,"height":600},{"@type":"BreadcrumbList","@id":"https:\/\/www.info.valladolid.es\/blog\/nadia-lee-cohen\/#breadcrumb","itemListElement":[{"@type":"ListItem","position":1,"name":"Home","item":"https:\/\/www.info.valladolid.es\/blog\/"},{"@type":"ListItem","position":2,"name":"Not a retrospective. Primera muestra de Nadia Lee Cohen en Valladolid"}]},{"@type":"WebSite","@id":"https:\/\/www.info.valladolid.es\/blog\/#website","url":"https:\/\/www.info.valladolid.es\/blog\/","name":"Blog Cultura y Turismo","description":"","potentialAction":[{"@type":"SearchAction","target":{"@type":"EntryPoint","urlTemplate":"https:\/\/www.info.valladolid.es\/blog\/?s={search_term_string}"},"query-input":{"@type":"PropertyValueSpecification","valueRequired":true,"valueName":"search_term_string"}}],"inLanguage":"es"},{"@type":"Person","@id":"https:\/\/www.info.valladolid.es\/blog\/#\/schema\/person\/845cac97e6156a5a9c5abd68b7b9a5d5","name":"administrador","image":{"@type":"ImageObject","inLanguage":"es","@id":"https:\/\/secure.gravatar.com\/avatar\/418161d2f95196597e2d305bd301c850afab7f4b284a344fb2d759f048b71c61?s=96&d=mm&r=g","url":"https:\/\/secure.gravatar.com\/avatar\/418161d2f95196597e2d305bd301c850afab7f4b284a344fb2d759f048b71c61?s=96&d=mm&r=g","contentUrl":"https:\/\/secure.gravatar.com\/avatar\/418161d2f95196597e2d305bd301c850afab7f4b284a344fb2d759f048b71c61?s=96&d=mm&r=g","caption":"administrador"},"url":"https:\/\/www.info.valladolid.es\/blog\/author\/administrador\/"}]}},"_links":{"self":[{"href":"https:\/\/www.info.valladolid.es\/blog\/wp-json\/wp\/v2\/posts\/4281","targetHints":{"allow":["GET"]}}],"collection":[{"href":"https:\/\/www.info.valladolid.es\/blog\/wp-json\/wp\/v2\/posts"}],"about":[{"href":"https:\/\/www.info.valladolid.es\/blog\/wp-json\/wp\/v2\/types\/post"}],"author":[{"embeddable":true,"href":"https:\/\/www.info.valladolid.es\/blog\/wp-json\/wp\/v2\/users\/1"}],"replies":[{"embeddable":true,"href":"https:\/\/www.info.valladolid.es\/blog\/wp-json\/wp\/v2\/comments?post=4281"}],"version-history":[{"count":4,"href":"https:\/\/www.info.valladolid.es\/blog\/wp-json\/wp\/v2\/posts\/4281\/revisions"}],"predecessor-version":[{"id":4308,"href":"https:\/\/www.info.valladolid.es\/blog\/wp-json\/wp\/v2\/posts\/4281\/revisions\/4308"}],"wp:featuredmedia":[{"embeddable":true,"href":"https:\/\/www.info.valladolid.es\/blog\/wp-json\/wp\/v2\/media\/4285"}],"wp:attachment":[{"href":"https:\/\/www.info.valladolid.es\/blog\/wp-json\/wp\/v2\/media?parent=4281"}],"wp:term":[{"taxonomy":"category","embeddable":true,"href":"https:\/\/www.info.valladolid.es\/blog\/wp-json\/wp\/v2\/categories?post=4281"},{"taxonomy":"post_tag","embeddable":true,"href":"https:\/\/www.info.valladolid.es\/blog\/wp-json\/wp\/v2\/tags?post=4281"}],"curies":[{"name":"wp","href":"https:\/\/api.w.org\/{rel}","templated":true}]}}