{"id":4169,"date":"2020-06-16T10:42:31","date_gmt":"2020-06-16T10:42:31","guid":{"rendered":"https:\/\/www.info.valladolid.es\/blog\/?p=4169"},"modified":"2020-06-19T07:35:30","modified_gmt":"2020-06-19T07:35:30","slug":"fotografias-javier-porto","status":"publish","type":"post","link":"https:\/\/www.info.valladolid.es\/blog\/fotografias-javier-porto\/","title":{"rendered":"Exposici\u00f3n &#8216;Los a\u00f1os vividos&#8217;. Fotograf\u00edas de Javier Porto."},"content":{"rendered":"\n<p><img loading=\"lazy\" decoding=\"async\" width=\"316\" height=\"459\" class=\"wp-image-4186\" style=\"width: 150px; float: left\" src=\"https:\/\/www.info.valladolid.es\/blog\/wp-content\/uploads\/2020\/06\/JAVIER-PORTO.-ALmod\u00f3var-y-cruces-1982-1.jpg\" alt=\"\" srcset=\"https:\/\/www.info.valladolid.es\/blog\/wp-content\/uploads\/2020\/06\/JAVIER-PORTO.-ALmod\u00f3var-y-cruces-1982-1.jpg 316w, https:\/\/www.info.valladolid.es\/blog\/wp-content\/uploads\/2020\/06\/JAVIER-PORTO.-ALmod\u00f3var-y-cruces-1982-1-207x300.jpg 207w\" sizes=\"auto, (max-width: 316px) 100vw, 316px\" \/>En la Sala Municipal de Exposiciones de Las Francesas. De martes a domingo y festivos, de 12 a 14 y de 18.30 a 21.30 horas. Entrada gratuita. <\/p>\n\n\n\n<p>Comisariada por Pablo Sycet Torres.<\/p>\n\n\n\n<p>Entrada gratuita.<\/p>\n\n\n\n<p><\/p>\n\n\n\n<p><\/p>\n\n\n\n<p>Llega a Valladolid la exposici\u00f3n \u201cLos a\u00f1os vividos\u201d; medio centenar de instant\u00e1neas, a modo de cr\u00f3nica de un tiempo pasado desde la lente del fot\u00f3grafo madrile\u00f1o Javier Porto.<\/p>\n\n\n\n<blockquote class=\"wp-block-quote is-layout-flow wp-block-quote-is-layout-flow\"><p>Precisamente por esos cuestionamientos del propio presente reducido a mero espect\u00e1culo alejado de \u00abla realidad\u00bb, por esa pura espectacularizaci\u00f3n y mascadara de la \u00abjoven\u00bb y \u00abnueva\u00bb Espa\u00f1a, democr\u00e1tica y cosmopolita en sus renovadas aspiraciones, y por la utilizaci\u00f3n de las mismas por parte de la oficialidad del momento,<br>precisamente, como \u00abnueva imagen de Espa\u00f1a\u00bb, a nivel documental, estas fotograf\u00edas, desarticuladas de la historia del medio y de la historia pol\u00edtica y social de la Espa\u00f1a de la Transici\u00f3n no pueden presentarse sino, citando a Barthes, como \u00abcertificados de presencia\u00bb o, lo que viene a ser lo mismo, de ausencia; de los \u00abya muertos (muertos ayer)\u00bb, que no pueden ser vistos \u2014como la Movida misma, tambi\u00e9n imagen irreal,<br>puro espect\u00e1culo y m\u00e1scara vac\u00eda de una supuesta \u00abidentidad espa\u00f1ola\u00bb\u2014, sino como verdaderos fantasmas.<\/p><p>Como sucede con los muertos a los que no se ha dejado marchar, tratando de devolverlos a la vida una y otra vez, cont\u00e1ndoles lo que fueron o lo que deber\u00edan haber sido y quiz\u00e1 no llegaron a ser, llam\u00e1ndolos y reclam\u00e1ndolos sin intentar escuchar lo que estos quisieron o quieren seguir contando sobre s\u00ed mismos, estos no<br>pueden ser sino eso: fantasmas que aparecen recurrentemente entre nosotros, para susurrarnos al o\u00eddo lo que fuimos, lo que somos, lo que pudimos ser o lo que nunca llegamos a ser perdidos en warholianas esperanzas de \u00abser santas, ser beatas\u00bb, o tan solo \u00abun bote de Col\u00f3n\u00bb\u2026 para salir anunciados por la televisi\u00f3n \u2014ectoplasma fotogr\u00e1fico donde los haya\u2014.<\/p><cite>  Julio P\u00e9rez Manzanares <\/cite><\/blockquote>\n\n\n\n<div aria-live=\"polite\" id=\"soliloquy-container-4171_1\" class=\"soliloquy-container soliloquy-transition-fade  soliloquy-theme-base\" style=\"max-width:600px;max-height:400px;\"><ul id=\"soliloquy-4171_1\" class=\"soliloquy-slider soliloquy-slides soliloquy-wrap soliloquy-clear\"><li aria-hidden=\"true\" class=\"soliloquy-item soliloquy-item-1 soliloquy-image-slide\" draggable=\"false\" style=\"list-style:none\"><img decoding=\"async\" id=\"soliloquy-image-4176\" class=\"soliloquy-image soliloquy-image-1\" src=\"https:\/\/www.info.valladolid.es\/blog\/wp-content\/uploads\/2020\/06\/Javier-Porto-alaska-1-600x400_c.jpg\" alt=\"Javier Porto alaska\" \/><div class=\"soliloquy-caption\"><div class=\"soliloquy-caption-inside\">Alaska.<\/div><\/div><\/li><li aria-hidden=\"true\" class=\"soliloquy-item soliloquy-item-2 soliloquy-image-slide\" draggable=\"false\" style=\"list-style:none\"><img decoding=\"async\" id=\"soliloquy-image-4177\" class=\"soliloquy-image soliloquy-image-2\" src=\"https:\/\/www.info.valladolid.es\/blog\/wp-content\/uploads\/2020\/06\/JAVIER-PORTO.-Blanca-y-Pedro-1-600x400_c.jpg\" alt=\"JAVIER PORTO. Blanca y Pedro\" \/><\/li><li aria-hidden=\"true\" class=\"soliloquy-item soliloquy-item-3 soliloquy-image-slide\" draggable=\"false\" style=\"list-style:none\"><img decoding=\"async\" id=\"soliloquy-image-4178\" class=\"soliloquy-image soliloquy-image-3\" src=\"https:\/\/www.info.valladolid.es\/blog\/wp-content\/uploads\/2020\/06\/JAVIER-PORTO.-Javier-Ojeda-y-su-danza-invisible-1-600x400_c.jpg\" alt=\"JAVIER PORTO. Javier Ojeda y su danza invisible\" \/><\/li><li aria-hidden=\"true\" class=\"soliloquy-item soliloquy-item-4 soliloquy-image-slide\" draggable=\"false\" style=\"list-style:none\"><img decoding=\"async\" id=\"soliloquy-image-4179\" class=\"soliloquy-image soliloquy-image-4\" src=\"https:\/\/www.info.valladolid.es\/blog\/wp-content\/uploads\/2020\/06\/JAVIER-PORTO.-Nacho-Canut-y-Ana-Curra-600x400_c.jpg\" alt=\"JAVIER PORTO. Nacho Canut y Ana Curra\" \/><div class=\"soliloquy-caption\"><div class=\"soliloquy-caption-inside\">Nacho Canut y Ana Curra<\/div><\/div><\/li><\/ul><\/div><noscript><style type=\"text\/css\">#soliloquy-container-4171_1{opacity:1}<\/style><\/noscript>\n\n\n\n<h2>JAVIER PORTO. LOS A\u00d1OS VIVIDOS<\/h2>\n\n\n\n<p>Comisariada por Pablo Sycet Torres, La Fundaci\u00f3n Municipal de Cultura del Ayuntamiento de Valladolid y Contempor\u00e1nea presentan la exposici\u00f3n \u201cLos a\u00f1os vividos\u201d del fot\u00f3grafo Javier Porto.<\/p>\n\n\n\n<p>En el arranque de los a\u00f1os 80, Javier Gonz\u00e1lez Porto (Madrid, 1960)\nconjug\u00f3 su vocaci\u00f3n de fot\u00f3grafo callejero por las esquinas de su ciudad con el\nacceso a los salones capitalinos del glamour y del dinero. Y para cuando se\nmarch\u00f3 a Nueva York en el 84, donde fue asistente de Robert Mapplethorpe,\nMadrid parec\u00eda ser el centro del mundo -si nos atenemos a la expectaci\u00f3n que\ndespertaba por entonces su vitalidad en la prensa internacional- pero ya para\nentonces Porto y algunos otros protagonistas de aquellos a\u00f1os notaron que la\nmovida comenzaba a perder pulso a la par que, como movimiento cultural y social,\nconsegu\u00eda consolidarse y se institucionalizaba.<\/p>\n\n\n\n<p>La extensa trayectoria profesional de Javier Porto y su relaci\u00f3n con la cultura espa\u00f1ola de las \u00faltimas d\u00e9cadas ha sido tan imprevisible como una larga historia de amor no siempre bien avenida, con frecuentes altibajos, con algunos desenga\u00f1os cuando mejor parec\u00eda pintar el romance, y con reencuentros felices como el de esta \u00faltima d\u00e9cada, en que su trabajo ha sido reivindicado como pieza clave en la fotograf\u00eda espa\u00f1ola contempor\u00e1nea y recientemente incorporado a importantes colecciones privadas y p\u00fablicas.<\/p>\n\n\n\n<blockquote class=\"wp-block-quote is-layout-flow wp-block-quote-is-layout-flow\"><p>Javi andaba por todos esos lugares \u2013con mucha fiesta y mucha juerga-<br> c\u00e1mara en mano (un fot\u00f3grafo nato) dando testimonio de tantos excesos<br> generosos. Sus fotos son muy distintas a las de P\u00e9rez M\u00ednguez o a las de<br> Garc\u00eda-Alix; las de Javi Porto, por decirlo de alguna manera, son mucho m\u00e1s  espont\u00e1neas. En ellas vemos a un Almod\u00f3var todav\u00eda muy poco famoso,  extravagante y sencillo, y a todos los que andaban de movida en movida:  Fabio McNamara (despelot\u00e1ndose en el escenario), Carlitos Berlanga, Alaska, Ana Curra, Carmen Maura \u2013m\u00e1s de paso\u2013, Bernardo Bonezzi, Paloma  Chamorro o Jaime Urrutia, entre desconocidos que eran, verdaderamente, el color de la salsa. <\/p><p>Y un color llamativo y picante. Una de las fotos m\u00e1s sencillas  (de 1984) muestra al galerista entonces de moda, Fernando Vijande, acompa\u00f1ado por Robert Mapplethorpe, el fot\u00f3grafo. En efecto Robert (como un par de<br> a\u00f1os antes Warhol) vino a Madrid para la inauguraci\u00f3n de una retrospectiva de su obra. <\/p><p>En ese acto \u2013al que fue Javi- los presentaron y de alguna manera  Mapplethorpe se prend\u00f3 de aquel chico que \u2013dec\u00edan- ten\u00eda aires de \u201cbad boy\u201d  y se lo llev\u00f3 con \u00e9l a Nueva York.<br><\/p><cite>  Luis Antonio de Villena <\/cite><\/blockquote>\n\n\n\n<div aria-live=\"polite\" id=\"soliloquy-container-4180_2\" class=\"soliloquy-container soliloquy-transition-fade  soliloquy-theme-base\" style=\"max-width:600px;max-height:400px;\"><ul id=\"soliloquy-4180_2\" class=\"soliloquy-slider soliloquy-slides soliloquy-wrap soliloquy-clear\"><li aria-hidden=\"true\" class=\"soliloquy-item soliloquy-item-1 soliloquy-image-slide\" draggable=\"false\" style=\"list-style:none\"><img decoding=\"async\" id=\"soliloquy-image-4181\" class=\"soliloquy-image soliloquy-image-1\" src=\"https:\/\/www.info.valladolid.es\/blog\/wp-content\/uploads\/2020\/06\/JAVIER-PORTO.-Almod\u00f3var-y-Fabio-1-600x400_c.jpg\" alt=\"JAVIER PORTO. Almod\u00f3var y Fabio\" \/><\/li><li aria-hidden=\"true\" class=\"soliloquy-item soliloquy-item-2 soliloquy-image-slide\" draggable=\"false\" style=\"list-style:none\"><img decoding=\"async\" id=\"soliloquy-image-4182\" class=\"soliloquy-image soliloquy-image-2\" src=\"https:\/\/www.info.valladolid.es\/blog\/wp-content\/uploads\/2020\/06\/JAVIER-PORTO.-Keith-Haring-1985-600x400_c.jpg\" alt=\"JAVIER PORTO. Keith Haring, 1985\" \/><\/li><li aria-hidden=\"true\" class=\"soliloquy-item soliloquy-item-3 soliloquy-image-slide\" draggable=\"false\" style=\"list-style:none\"><img decoding=\"async\" id=\"soliloquy-image-4183\" class=\"soliloquy-image soliloquy-image-3\" src=\"https:\/\/www.info.valladolid.es\/blog\/wp-content\/uploads\/2020\/06\/JAVIER-PORTO.-May-Paredes-y-Bernardo-Bonezzi1982-600x400_c.jpg\" alt=\"JAVIER PORTO. May Paredes y Bernardo Bonezzi,1982\" \/><\/li><li aria-hidden=\"true\" class=\"soliloquy-item soliloquy-item-4 soliloquy-image-slide\" draggable=\"false\" style=\"list-style:none\"><img decoding=\"async\" id=\"soliloquy-image-4184\" class=\"soliloquy-image soliloquy-image-4\" src=\"https:\/\/www.info.valladolid.es\/blog\/wp-content\/uploads\/2020\/06\/JAVIER-PORTO.-Noche-de-fiesta-1982-600x400_c.jpg\" alt=\"JAVIER PORTO. Noche de fiesta, 1982\" \/><div class=\"soliloquy-caption\"><div class=\"soliloquy-caption-inside\">Noche de fiesta<\/div><\/div><\/li><\/ul><\/div><noscript><style type=\"text\/css\">#soliloquy-container-4180_2{opacity:1}<\/style><\/noscript>\n\n\n\n<h2>LA EXPOSICI\u00d3N<\/h2>\n\n\n\n<p>Consecuencia y reflejo de aquella aventura art\u00edstica y personal en la\nd\u00e9cada de los 80 es la presente exposici\u00f3n, \u201cLos a\u00f1os vividos\u201d, que se divide\nen dos bloques de caracter\u00edsticas muy distintas: \u201cLa noche se mueve\u201d y la suite\n\u201cGrace, Andy, Keith, Robert y c\u00eda.\u201d.<\/p>\n\n\n\n<p>\u201cLa noche se mueve\u201d es una cr\u00f3nica apasionada del Madrid de aquellos\na\u00f1os, cuando la ciudad parec\u00eda vivir al comp\u00e1s de lo que ocurr\u00eda en sus calles\ny garitos desde que se pon\u00eda el sol hasta el amanecer, ya libre de complejos\ntras varias d\u00e9cadas de dictadura y dispuesta a ponerse el mundo por montera.<\/p>\n\n\n\n<p>En el tr\u00e1nsito entre la incierta y triste d\u00e9cada de los 70 y la muy\nbulliciosa y descarnada de los 80, cuando nuestro pa\u00eds sali\u00f3 del letargo\npostfranquista y se abri\u00f3 a nuevos usos y costumbres, Madrid pareci\u00f3\nconvertirse en un inquieto referente de modernidad para el resto de un mundo\ncuya capitalidad art\u00edstica y pol\u00edtica ya estaba asentada en Nueva York desde\nvarias d\u00e9cadas atr\u00e1s. Por eso, y porque eran a\u00f1os de inquietud irrefrenable,\nhacia all\u00e1 se fue Javier cuando arrancaba la nueva d\u00e9cada, para poder correr la\naventura de sus a\u00f1os j\u00f3venes y tratar de encontrar su lugar en el mundo, muy\nlejos de casa. Y aunque por entonces Madrid ya empezaba a ofrecer oportunidades\nreales a los j\u00f3venes artistas emergentes y la fotograf\u00eda hab\u00eda conseguido su\nmayor\u00eda de edad como disciplina, consolidando su presencia en museos y\ncolecciones p\u00fablicas o privadas, Porto decidi\u00f3 apostar por el riesgo que\nsupon\u00eda marcharse a Nueva York sin un s\u00f3lido bagaje y a la aventura, pero con\nla suerte claramente de su lado. Poco tiempo despu\u00e9s ya era ayudante y\nconfidente de un fot\u00f3grafo americano de tanto carisma y prestigio como el muy\ncontrovertido Robert Mapplethorpe, hac\u00eda carrera en Manhattan y se codeaba con\nlo m\u00e1s granado del arte neoyorkino. Y en sus regresos a nuestro pa\u00eds ya llegaba\nsiempre con el aura de quien consigue abrirse camino en un terreno y una\ndisciplina tan dif\u00edciles como eran el de Nueva York de los 80 y la fotograf\u00eda\nentendida como arte de riesgo.<\/p>\n\n\n\n<p>De resultas de ese trabajo a la sombra de Mapplethorpe, Porto pudo\nconjugar su presencia como ayudante y testigo en sesiones hist\u00f3ricas con su\ntrabajo como fot\u00f3grafo a la b\u00fasqueda de una identidad propia, sin olvidar nunca\nsus ra\u00edces espa\u00f1olas.<\/p>\n\n\n\n<p>La suite \u201cGrace, Andy, Keith, Robert y c\u00eda.\u201d recoge los preliminares y el <em>making-of<\/em> de una sesi\u00f3n fotogr\u00e1fica que tuvo lugar el 28 de julio de 1984, precisamente el d\u00eda del cumplea\u00f1os de Javier Porto, en el estudio que Mapplethorpe ten\u00eda en el n\u00famero 24 de Bond Street a lo largo de catorce horas, organizada por el propio Warhol para publicarla en su ya entonces m\u00edtica Interview a la mayor gloria de Grace Jones, por entonces icono gay de las noches de Manhattan y due\u00f1a de las pistas de baile de medio mundo; y de Keith Haring, que de la mano de Andy hab\u00eda saltado del metro neoyorkino, en cuyos pasillos y estaciones realizaba sus dibujos con tizas, a las mejores galer\u00edas como la gran esperanza del arte americano de finales del siglo XX, si su prematura muerte no hubiera segado esas grandes expectativas.<\/p>\n\n\n\n<blockquote class=\"wp-block-quote is-layout-flow wp-block-quote-is-layout-flow\"><p>Javier Porto vivi\u00f3 pr\u00e1cticamente cuatro a\u00f1os en Nueva York, aprendiendo  fotograf\u00eda, fotografiando, siendo ocasional modelo de Robert, y tratando  como amigo a toda aquella panda que estaba en su agon\u00eda sin saberlo:  Susan Sontag, Robert Mapplethorpe, Andy Warhol, Grace Jones, Keith  Haring y un largo etc\u00e9tera\u2026 <\/p><p>Cuando Javier Porto regres\u00f3 a Espa\u00f1a en  el verano de 1988 tra\u00eda un enorme material de fotos y recuerdos de ese  tiempo. \u00c9l era consciente de lo que ello significaba, pero tambi\u00e9n era  consciente de que se trataba de un pedazo de su vida con el que, de  entrada, no quer\u00eda mercadear.<\/p><p>Es meritoria la labor de Pablo Sycet al montar esta exposici\u00f3n, \u201cLos a\u00f1os<br> vividos\u201d, que en dos partes quiere descubrir o redescubrir con el material  localizado, la carrera fotogr\u00e1fica espl\u00e9ndida de Javier Porto, entre la  \u201cMovida\u201d (esa parte se titula \u201cLa noche se mueve\u201d) y la etapa neoyorquina  \u2013\u201cGrace, Andy, Keith, Robert &amp; c\u00eda\u201d\u2013. El conjunto, ciertamente vale mucho  la pena y nos ense\u00f1a no s\u00f3lo a un gran fot\u00f3grafo [\u2026], sino al \u00fanico espa\u00f1ol  que trabaj\u00f3 codo a codo, en esos a\u00f1os finales, con Warhol y con  Mapplethorpe, ambos hace tiempo desaparecidos y casi mitos.<br><\/p><cite>  Luis Antonio de Villena <\/cite><\/blockquote>\n","protected":false},"excerpt":{"rendered":"<p>En la Sala Municipal de Exposiciones de Las Francesas. De martes a domingo y festivos, de 12 a 14 y de 18.30 a 21.30 horas. Entrada gratuita. Comisariada por Pablo Sycet Torres. Entrada gratuita. Llega a Valladolid la exposici\u00f3n \u201cLos a\u00f1os vividos\u201d; medio centenar de instant\u00e1neas, a modo de cr\u00f3nica de un tiempo pasado desde la lente del fot\u00f3grafo madrile\u00f1o Javier Porto. Precisamente por esos cuestionamientos del propio presente reducido a mero espect\u00e1culo alejado de \u00abla realidad\u00bb, por esa pura espectacularizaci\u00f3n y mascadara de la \u00abjoven\u00bb y \u00abnueva\u00bb Espa\u00f1a, democr\u00e1tica y cosmopolita en sus renovadas aspiraciones, y por la utilizaci\u00f3n de las mismas por parte de la oficialidad del momento,precisamente, como \u00abnueva imagen de Espa\u00f1a\u00bb, a nivel documental, estas fotograf\u00edas, desarticuladas de la historia del medio y de la historia pol\u00edtica y social de la Espa\u00f1a de la Transici\u00f3n no pueden presentarse sino, citando a Barthes, como \u00abcertificados de presencia\u00bb o, lo que viene a ser lo mismo, de ausencia; de los \u00abya muertos (muertos ayer)\u00bb, que no pueden ser vistos \u2014como la Movida misma, tambi\u00e9n imagen irreal,puro espect\u00e1culo y m\u00e1scara vac\u00eda de una supuesta \u00abidentidad espa\u00f1ola\u00bb\u2014, sino como verdaderos fantasmas. Como sucede con los muertos a los que no [&hellip;]<\/p>\n","protected":false},"author":1,"featured_media":4174,"comment_status":"open","ping_status":"open","sticky":false,"template":"","format":"standard","meta":{"footnotes":""},"categories":[6],"tags":[],"class_list":["post-4169","post","type-post","status-publish","format-standard","has-post-thumbnail","hentry","category-arte-y-museos"],"yoast_head":"<!-- This site is optimized with the Yoast SEO plugin v27.5 - https:\/\/yoast.com\/product\/yoast-seo-wordpress\/ -->\n<title>Exposici\u00f3n &#039;Los a\u00f1os vividos&#039;. Fotograf\u00edas de Javier Porto. - Blog Cultura y Turismo<\/title>\n<meta name=\"robots\" content=\"index, follow, max-snippet:-1, max-image-preview:large, max-video-preview:-1\" \/>\n<link rel=\"canonical\" href=\"https:\/\/www.info.valladolid.es\/blog\/fotografias-javier-porto\/\" \/>\n<meta property=\"og:locale\" content=\"es_ES\" \/>\n<meta property=\"og:type\" content=\"article\" \/>\n<meta property=\"og:title\" content=\"Exposici\u00f3n &#039;Los a\u00f1os vividos&#039;. Fotograf\u00edas de Javier Porto. - Blog Cultura y Turismo\" \/>\n<meta property=\"og:description\" content=\"En la Sala Municipal de Exposiciones de Las Francesas. De martes a domingo y festivos, de 12 a 14 y de 18.30 a 21.30 horas. Entrada gratuita. Comisariada por Pablo Sycet Torres. Entrada gratuita. Llega a Valladolid la exposici\u00f3n \u201cLos a\u00f1os vividos\u201d; medio centenar de instant\u00e1neas, a modo de cr\u00f3nica de un tiempo pasado desde la lente del fot\u00f3grafo madrile\u00f1o Javier Porto. Precisamente por esos cuestionamientos del propio presente reducido a mero espect\u00e1culo alejado de \u00abla realidad\u00bb, por esa pura espectacularizaci\u00f3n y mascadara de la \u00abjoven\u00bb y \u00abnueva\u00bb Espa\u00f1a, democr\u00e1tica y cosmopolita en sus renovadas aspiraciones, y por la utilizaci\u00f3n de las mismas por parte de la oficialidad del momento,precisamente, como \u00abnueva imagen de Espa\u00f1a\u00bb, a nivel documental, estas fotograf\u00edas, desarticuladas de la historia del medio y de la historia pol\u00edtica y social de la Espa\u00f1a de la Transici\u00f3n no pueden presentarse sino, citando a Barthes, como \u00abcertificados de presencia\u00bb o, lo que viene a ser lo mismo, de ausencia; de los \u00abya muertos (muertos ayer)\u00bb, que no pueden ser vistos \u2014como la Movida misma, tambi\u00e9n imagen irreal,puro espect\u00e1culo y m\u00e1scara vac\u00eda de una supuesta \u00abidentidad espa\u00f1ola\u00bb\u2014, sino como verdaderos fantasmas. Como sucede con los muertos a los que no [&hellip;]\" \/>\n<meta property=\"og:url\" content=\"https:\/\/www.info.valladolid.es\/blog\/fotografias-javier-porto\/\" \/>\n<meta property=\"og:site_name\" content=\"Blog Cultura y Turismo\" \/>\n<meta property=\"article:published_time\" content=\"2020-06-16T10:42:31+00:00\" \/>\n<meta property=\"article:modified_time\" content=\"2020-06-19T07:35:30+00:00\" \/>\n<meta property=\"og:image\" content=\"https:\/\/www.info.valladolid.es\/blog\/wp-content\/uploads\/2020\/06\/JAVIER-PORTO.-Blanca-y-Pedro.jpg\" \/>\n\t<meta property=\"og:image:width\" content=\"600\" \/>\n\t<meta property=\"og:image:height\" content=\"398\" \/>\n\t<meta property=\"og:image:type\" content=\"image\/jpeg\" \/>\n<meta name=\"author\" content=\"administrador\" \/>\n<meta name=\"twitter:card\" content=\"summary_large_image\" \/>\n<meta name=\"twitter:label1\" content=\"Escrito por\" \/>\n\t<meta name=\"twitter:data1\" content=\"administrador\" \/>\n\t<meta name=\"twitter:label2\" content=\"Tiempo de lectura\" \/>\n\t<meta name=\"twitter:data2\" content=\"8 minutos\" \/>\n<script type=\"application\/ld+json\" class=\"yoast-schema-graph\">{\"@context\":\"https:\\\/\\\/schema.org\",\"@graph\":[{\"@type\":\"Article\",\"@id\":\"https:\\\/\\\/www.info.valladolid.es\\\/blog\\\/fotografias-javier-porto\\\/#article\",\"isPartOf\":{\"@id\":\"https:\\\/\\\/www.info.valladolid.es\\\/blog\\\/fotografias-javier-porto\\\/\"},\"author\":{\"name\":\"administrador\",\"@id\":\"https:\\\/\\\/www.info.valladolid.es\\\/blog\\\/#\\\/schema\\\/person\\\/845cac97e6156a5a9c5abd68b7b9a5d5\"},\"headline\":\"Exposici\u00f3n &#8216;Los a\u00f1os vividos&#8217;. Fotograf\u00edas de Javier Porto.\",\"datePublished\":\"2020-06-16T10:42:31+00:00\",\"dateModified\":\"2020-06-19T07:35:30+00:00\",\"mainEntityOfPage\":{\"@id\":\"https:\\\/\\\/www.info.valladolid.es\\\/blog\\\/fotografias-javier-porto\\\/\"},\"wordCount\":1608,\"commentCount\":0,\"image\":{\"@id\":\"https:\\\/\\\/www.info.valladolid.es\\\/blog\\\/fotografias-javier-porto\\\/#primaryimage\"},\"thumbnailUrl\":\"https:\\\/\\\/www.info.valladolid.es\\\/blog\\\/wp-content\\\/uploads\\\/2020\\\/06\\\/JAVIER-PORTO.-Blanca-y-Pedro.jpg\",\"articleSection\":[\"Arte y Museos\"],\"inLanguage\":\"es\",\"potentialAction\":[{\"@type\":\"CommentAction\",\"name\":\"Comment\",\"target\":[\"https:\\\/\\\/www.info.valladolid.es\\\/blog\\\/fotografias-javier-porto\\\/#respond\"]}]},{\"@type\":\"WebPage\",\"@id\":\"https:\\\/\\\/www.info.valladolid.es\\\/blog\\\/fotografias-javier-porto\\\/\",\"url\":\"https:\\\/\\\/www.info.valladolid.es\\\/blog\\\/fotografias-javier-porto\\\/\",\"name\":\"Exposici\u00f3n 'Los a\u00f1os vividos'. Fotograf\u00edas de Javier Porto. - Blog Cultura y Turismo\",\"isPartOf\":{\"@id\":\"https:\\\/\\\/www.info.valladolid.es\\\/blog\\\/#website\"},\"primaryImageOfPage\":{\"@id\":\"https:\\\/\\\/www.info.valladolid.es\\\/blog\\\/fotografias-javier-porto\\\/#primaryimage\"},\"image\":{\"@id\":\"https:\\\/\\\/www.info.valladolid.es\\\/blog\\\/fotografias-javier-porto\\\/#primaryimage\"},\"thumbnailUrl\":\"https:\\\/\\\/www.info.valladolid.es\\\/blog\\\/wp-content\\\/uploads\\\/2020\\\/06\\\/JAVIER-PORTO.-Blanca-y-Pedro.jpg\",\"datePublished\":\"2020-06-16T10:42:31+00:00\",\"dateModified\":\"2020-06-19T07:35:30+00:00\",\"author\":{\"@id\":\"https:\\\/\\\/www.info.valladolid.es\\\/blog\\\/#\\\/schema\\\/person\\\/845cac97e6156a5a9c5abd68b7b9a5d5\"},\"breadcrumb\":{\"@id\":\"https:\\\/\\\/www.info.valladolid.es\\\/blog\\\/fotografias-javier-porto\\\/#breadcrumb\"},\"inLanguage\":\"es\",\"potentialAction\":[{\"@type\":\"ReadAction\",\"target\":[\"https:\\\/\\\/www.info.valladolid.es\\\/blog\\\/fotografias-javier-porto\\\/\"]}]},{\"@type\":\"ImageObject\",\"inLanguage\":\"es\",\"@id\":\"https:\\\/\\\/www.info.valladolid.es\\\/blog\\\/fotografias-javier-porto\\\/#primaryimage\",\"url\":\"https:\\\/\\\/www.info.valladolid.es\\\/blog\\\/wp-content\\\/uploads\\\/2020\\\/06\\\/JAVIER-PORTO.-Blanca-y-Pedro.jpg\",\"contentUrl\":\"https:\\\/\\\/www.info.valladolid.es\\\/blog\\\/wp-content\\\/uploads\\\/2020\\\/06\\\/JAVIER-PORTO.-Blanca-y-Pedro.jpg\",\"width\":600,\"height\":398},{\"@type\":\"BreadcrumbList\",\"@id\":\"https:\\\/\\\/www.info.valladolid.es\\\/blog\\\/fotografias-javier-porto\\\/#breadcrumb\",\"itemListElement\":[{\"@type\":\"ListItem\",\"position\":1,\"name\":\"Home\",\"item\":\"https:\\\/\\\/www.info.valladolid.es\\\/blog\\\/\"},{\"@type\":\"ListItem\",\"position\":2,\"name\":\"Exposici\u00f3n &#8216;Los a\u00f1os vividos&#8217;. Fotograf\u00edas de Javier Porto.\"}]},{\"@type\":\"WebSite\",\"@id\":\"https:\\\/\\\/www.info.valladolid.es\\\/blog\\\/#website\",\"url\":\"https:\\\/\\\/www.info.valladolid.es\\\/blog\\\/\",\"name\":\"Blog Cultura y Turismo\",\"description\":\"\",\"potentialAction\":[{\"@type\":\"SearchAction\",\"target\":{\"@type\":\"EntryPoint\",\"urlTemplate\":\"https:\\\/\\\/www.info.valladolid.es\\\/blog\\\/?s={search_term_string}\"},\"query-input\":{\"@type\":\"PropertyValueSpecification\",\"valueRequired\":true,\"valueName\":\"search_term_string\"}}],\"inLanguage\":\"es\"},{\"@type\":\"Person\",\"@id\":\"https:\\\/\\\/www.info.valladolid.es\\\/blog\\\/#\\\/schema\\\/person\\\/845cac97e6156a5a9c5abd68b7b9a5d5\",\"name\":\"administrador\",\"image\":{\"@type\":\"ImageObject\",\"inLanguage\":\"es\",\"@id\":\"https:\\\/\\\/secure.gravatar.com\\\/avatar\\\/418161d2f95196597e2d305bd301c850afab7f4b284a344fb2d759f048b71c61?s=96&d=mm&r=g\",\"url\":\"https:\\\/\\\/secure.gravatar.com\\\/avatar\\\/418161d2f95196597e2d305bd301c850afab7f4b284a344fb2d759f048b71c61?s=96&d=mm&r=g\",\"contentUrl\":\"https:\\\/\\\/secure.gravatar.com\\\/avatar\\\/418161d2f95196597e2d305bd301c850afab7f4b284a344fb2d759f048b71c61?s=96&d=mm&r=g\",\"caption\":\"administrador\"},\"url\":\"https:\\\/\\\/www.info.valladolid.es\\\/blog\\\/author\\\/administrador\\\/\"}]}<\/script>\n<!-- \/ Yoast SEO plugin. -->","yoast_head_json":{"title":"Exposici\u00f3n 'Los a\u00f1os vividos'. Fotograf\u00edas de Javier Porto. - Blog Cultura y Turismo","robots":{"index":"index","follow":"follow","max-snippet":"max-snippet:-1","max-image-preview":"max-image-preview:large","max-video-preview":"max-video-preview:-1"},"canonical":"https:\/\/www.info.valladolid.es\/blog\/fotografias-javier-porto\/","og_locale":"es_ES","og_type":"article","og_title":"Exposici\u00f3n 'Los a\u00f1os vividos'. Fotograf\u00edas de Javier Porto. - Blog Cultura y Turismo","og_description":"En la Sala Municipal de Exposiciones de Las Francesas. De martes a domingo y festivos, de 12 a 14 y de 18.30 a 21.30 horas. Entrada gratuita. Comisariada por Pablo Sycet Torres. Entrada gratuita. Llega a Valladolid la exposici\u00f3n \u201cLos a\u00f1os vividos\u201d; medio centenar de instant\u00e1neas, a modo de cr\u00f3nica de un tiempo pasado desde la lente del fot\u00f3grafo madrile\u00f1o Javier Porto. Precisamente por esos cuestionamientos del propio presente reducido a mero espect\u00e1culo alejado de \u00abla realidad\u00bb, por esa pura espectacularizaci\u00f3n y mascadara de la \u00abjoven\u00bb y \u00abnueva\u00bb Espa\u00f1a, democr\u00e1tica y cosmopolita en sus renovadas aspiraciones, y por la utilizaci\u00f3n de las mismas por parte de la oficialidad del momento,precisamente, como \u00abnueva imagen de Espa\u00f1a\u00bb, a nivel documental, estas fotograf\u00edas, desarticuladas de la historia del medio y de la historia pol\u00edtica y social de la Espa\u00f1a de la Transici\u00f3n no pueden presentarse sino, citando a Barthes, como \u00abcertificados de presencia\u00bb o, lo que viene a ser lo mismo, de ausencia; de los \u00abya muertos (muertos ayer)\u00bb, que no pueden ser vistos \u2014como la Movida misma, tambi\u00e9n imagen irreal,puro espect\u00e1culo y m\u00e1scara vac\u00eda de una supuesta \u00abidentidad espa\u00f1ola\u00bb\u2014, sino como verdaderos fantasmas. Como sucede con los muertos a los que no [&hellip;]","og_url":"https:\/\/www.info.valladolid.es\/blog\/fotografias-javier-porto\/","og_site_name":"Blog Cultura y Turismo","article_published_time":"2020-06-16T10:42:31+00:00","article_modified_time":"2020-06-19T07:35:30+00:00","og_image":[{"width":600,"height":398,"url":"https:\/\/www.info.valladolid.es\/blog\/wp-content\/uploads\/2020\/06\/JAVIER-PORTO.-Blanca-y-Pedro.jpg","type":"image\/jpeg"}],"author":"administrador","twitter_card":"summary_large_image","twitter_misc":{"Escrito por":"administrador","Tiempo de lectura":"8 minutos"},"schema":{"@context":"https:\/\/schema.org","@graph":[{"@type":"Article","@id":"https:\/\/www.info.valladolid.es\/blog\/fotografias-javier-porto\/#article","isPartOf":{"@id":"https:\/\/www.info.valladolid.es\/blog\/fotografias-javier-porto\/"},"author":{"name":"administrador","@id":"https:\/\/www.info.valladolid.es\/blog\/#\/schema\/person\/845cac97e6156a5a9c5abd68b7b9a5d5"},"headline":"Exposici\u00f3n &#8216;Los a\u00f1os vividos&#8217;. Fotograf\u00edas de Javier Porto.","datePublished":"2020-06-16T10:42:31+00:00","dateModified":"2020-06-19T07:35:30+00:00","mainEntityOfPage":{"@id":"https:\/\/www.info.valladolid.es\/blog\/fotografias-javier-porto\/"},"wordCount":1608,"commentCount":0,"image":{"@id":"https:\/\/www.info.valladolid.es\/blog\/fotografias-javier-porto\/#primaryimage"},"thumbnailUrl":"https:\/\/www.info.valladolid.es\/blog\/wp-content\/uploads\/2020\/06\/JAVIER-PORTO.-Blanca-y-Pedro.jpg","articleSection":["Arte y Museos"],"inLanguage":"es","potentialAction":[{"@type":"CommentAction","name":"Comment","target":["https:\/\/www.info.valladolid.es\/blog\/fotografias-javier-porto\/#respond"]}]},{"@type":"WebPage","@id":"https:\/\/www.info.valladolid.es\/blog\/fotografias-javier-porto\/","url":"https:\/\/www.info.valladolid.es\/blog\/fotografias-javier-porto\/","name":"Exposici\u00f3n 'Los a\u00f1os vividos'. Fotograf\u00edas de Javier Porto. - Blog Cultura y Turismo","isPartOf":{"@id":"https:\/\/www.info.valladolid.es\/blog\/#website"},"primaryImageOfPage":{"@id":"https:\/\/www.info.valladolid.es\/blog\/fotografias-javier-porto\/#primaryimage"},"image":{"@id":"https:\/\/www.info.valladolid.es\/blog\/fotografias-javier-porto\/#primaryimage"},"thumbnailUrl":"https:\/\/www.info.valladolid.es\/blog\/wp-content\/uploads\/2020\/06\/JAVIER-PORTO.-Blanca-y-Pedro.jpg","datePublished":"2020-06-16T10:42:31+00:00","dateModified":"2020-06-19T07:35:30+00:00","author":{"@id":"https:\/\/www.info.valladolid.es\/blog\/#\/schema\/person\/845cac97e6156a5a9c5abd68b7b9a5d5"},"breadcrumb":{"@id":"https:\/\/www.info.valladolid.es\/blog\/fotografias-javier-porto\/#breadcrumb"},"inLanguage":"es","potentialAction":[{"@type":"ReadAction","target":["https:\/\/www.info.valladolid.es\/blog\/fotografias-javier-porto\/"]}]},{"@type":"ImageObject","inLanguage":"es","@id":"https:\/\/www.info.valladolid.es\/blog\/fotografias-javier-porto\/#primaryimage","url":"https:\/\/www.info.valladolid.es\/blog\/wp-content\/uploads\/2020\/06\/JAVIER-PORTO.-Blanca-y-Pedro.jpg","contentUrl":"https:\/\/www.info.valladolid.es\/blog\/wp-content\/uploads\/2020\/06\/JAVIER-PORTO.-Blanca-y-Pedro.jpg","width":600,"height":398},{"@type":"BreadcrumbList","@id":"https:\/\/www.info.valladolid.es\/blog\/fotografias-javier-porto\/#breadcrumb","itemListElement":[{"@type":"ListItem","position":1,"name":"Home","item":"https:\/\/www.info.valladolid.es\/blog\/"},{"@type":"ListItem","position":2,"name":"Exposici\u00f3n &#8216;Los a\u00f1os vividos&#8217;. Fotograf\u00edas de Javier Porto."}]},{"@type":"WebSite","@id":"https:\/\/www.info.valladolid.es\/blog\/#website","url":"https:\/\/www.info.valladolid.es\/blog\/","name":"Blog Cultura y Turismo","description":"","potentialAction":[{"@type":"SearchAction","target":{"@type":"EntryPoint","urlTemplate":"https:\/\/www.info.valladolid.es\/blog\/?s={search_term_string}"},"query-input":{"@type":"PropertyValueSpecification","valueRequired":true,"valueName":"search_term_string"}}],"inLanguage":"es"},{"@type":"Person","@id":"https:\/\/www.info.valladolid.es\/blog\/#\/schema\/person\/845cac97e6156a5a9c5abd68b7b9a5d5","name":"administrador","image":{"@type":"ImageObject","inLanguage":"es","@id":"https:\/\/secure.gravatar.com\/avatar\/418161d2f95196597e2d305bd301c850afab7f4b284a344fb2d759f048b71c61?s=96&d=mm&r=g","url":"https:\/\/secure.gravatar.com\/avatar\/418161d2f95196597e2d305bd301c850afab7f4b284a344fb2d759f048b71c61?s=96&d=mm&r=g","contentUrl":"https:\/\/secure.gravatar.com\/avatar\/418161d2f95196597e2d305bd301c850afab7f4b284a344fb2d759f048b71c61?s=96&d=mm&r=g","caption":"administrador"},"url":"https:\/\/www.info.valladolid.es\/blog\/author\/administrador\/"}]}},"_links":{"self":[{"href":"https:\/\/www.info.valladolid.es\/blog\/wp-json\/wp\/v2\/posts\/4169","targetHints":{"allow":["GET"]}}],"collection":[{"href":"https:\/\/www.info.valladolid.es\/blog\/wp-json\/wp\/v2\/posts"}],"about":[{"href":"https:\/\/www.info.valladolid.es\/blog\/wp-json\/wp\/v2\/types\/post"}],"author":[{"embeddable":true,"href":"https:\/\/www.info.valladolid.es\/blog\/wp-json\/wp\/v2\/users\/1"}],"replies":[{"embeddable":true,"href":"https:\/\/www.info.valladolid.es\/blog\/wp-json\/wp\/v2\/comments?post=4169"}],"version-history":[{"count":3,"href":"https:\/\/www.info.valladolid.es\/blog\/wp-json\/wp\/v2\/posts\/4169\/revisions"}],"predecessor-version":[{"id":4188,"href":"https:\/\/www.info.valladolid.es\/blog\/wp-json\/wp\/v2\/posts\/4169\/revisions\/4188"}],"wp:featuredmedia":[{"embeddable":true,"href":"https:\/\/www.info.valladolid.es\/blog\/wp-json\/wp\/v2\/media\/4174"}],"wp:attachment":[{"href":"https:\/\/www.info.valladolid.es\/blog\/wp-json\/wp\/v2\/media?parent=4169"}],"wp:term":[{"taxonomy":"category","embeddable":true,"href":"https:\/\/www.info.valladolid.es\/blog\/wp-json\/wp\/v2\/categories?post=4169"},{"taxonomy":"post_tag","embeddable":true,"href":"https:\/\/www.info.valladolid.es\/blog\/wp-json\/wp\/v2\/tags?post=4169"}],"curies":[{"name":"wp","href":"https:\/\/api.w.org\/{rel}","templated":true}]}}