{"id":3894,"date":"2020-05-13T16:50:21","date_gmt":"2020-05-13T16:50:21","guid":{"rendered":"https:\/\/www.info.valladolid.es\/blog\/?p=3894"},"modified":"2020-06-29T06:43:46","modified_gmt":"2020-06-29T06:43:46","slug":"vallaquiz-museos","status":"publish","type":"post","link":"https:\/\/www.info.valladolid.es\/blog\/vallaquiz-museos\/","title":{"rendered":"Vallaquiz museos"},"content":{"rendered":"\n<p> El 18 de mayo celebramos el D\u00eda Internacional de los Museos. Con tan se\u00f1alada fecha tan pr\u00f3xima en el calendario te proponemos poner a prueba tus conocimientos sobre algunos museos y salas de exposiciones de nuestra ciudad. <\/p>\n\n\n\n<p>Te adelantamos que descubrir\u00e1s m\u00e1s de una curiosidad&#8230;las ganas de visitarlos \u00a1est\u00e1n aseguradas! <\/p>\n\n\n\n<ul class=\"wp-block-list\"><li><strong><a href=\"https:\/\/www.info.valladolid.es\/blog\/wp_quiz\/vallaquiz-museos-i-parte\/\">\ufeffPrimer Vallaquiz de museo<\/a>s<\/strong>: Casa de Zorrilla, Casa de la India, Casa museo de Col\u00f3n y Salas Municipales de Exposiciones de La Pasi\u00f3n, Las Francesas y Casa Revilla.<\/li><li><strong><a href=\"https:\/\/www.info.valladolid.es\/blog\/wp_quiz\/vallaquiz-museos-ii-parte\/\">Segundo Vallaquiz de museo<\/a>s<\/strong>: Museo Nacional de Escultura, Museo de la Ciencia, Museo Patio Herreriano, Museo de Valladolid y Museo Catedralicio.<\/li><li><strong><a href=\"https:\/\/www.info.valladolid.es\/blog\/wp_quiz\/vallaquiz-museos-iii-parte\/\">Tercer Vallaquiz de museo<\/a>s<\/strong>: Museo de Arte Africano, Museo Casa de Cervantes, Museo de la Academia de Caballer\u00eda, Museo del Monasterio de San Joaqu\u00edn y Santa Ana.<\/li><\/ul>\n","protected":false},"excerpt":{"rendered":"<p>El 18 de mayo celebramos el D\u00eda Internacional de los Museos. Con tan se\u00f1alada fecha tan pr\u00f3xima en el calendario te proponemos poner a prueba tus conocimientos sobre algunos museos y salas de exposiciones de nuestra ciudad. Te adelantamos que descubrir\u00e1s m\u00e1s de una curiosidad&#8230;las ganas de visitarlos \u00a1est\u00e1n aseguradas! \ufeffPrimer Vallaquiz de museos: Casa de Zorrilla, Casa de la India, Casa museo de Col\u00f3n y Salas Municipales de Exposiciones de La Pasi\u00f3n, Las Francesas y Casa Revilla. Segundo Vallaquiz de museos: Museo Nacional de Escultura, Museo de la Ciencia, Museo Patio Herreriano, Museo de Valladolid y Museo Catedralicio. Tercer Vallaquiz de museos: Museo de Arte Africano, Museo Casa de Cervantes, Museo de la Academia de Caballer\u00eda, Museo del Monasterio de San Joaqu\u00edn y Santa Ana.<\/p>\n","protected":false},"author":1,"featured_media":3876,"comment_status":"open","ping_status":"open","sticky":false,"template":"","format":"standard","meta":{"footnotes":""},"categories":[6],"tags":[68,147],"class_list":["post-3894","post","type-post","status-publish","format-standard","has-post-thumbnail","hentry","category-arte-y-museos","tag-museos-de-valladolid","tag-vallaquiz"],"yoast_head":"<!-- This site is optimized with the Yoast SEO plugin v27.5 - https:\/\/yoast.com\/product\/yoast-seo-wordpress\/ -->\n<title>Vallaquiz museos - Blog Cultura y Turismo<\/title>\n<meta name=\"robots\" content=\"index, follow, max-snippet:-1, max-image-preview:large, max-video-preview:-1\" \/>\n<link rel=\"canonical\" href=\"https:\/\/www.info.valladolid.es\/blog\/vallaquiz-museos\/\" \/>\n<meta property=\"og:locale\" content=\"es_ES\" \/>\n<meta property=\"og:type\" content=\"article\" \/>\n<meta property=\"og:title\" content=\"Vallaquiz museos - Blog Cultura y Turismo\" \/>\n<meta property=\"og:description\" content=\"El 18 de mayo celebramos el D\u00eda Internacional de los Museos. Con tan se\u00f1alada fecha tan pr\u00f3xima en el calendario te proponemos poner a prueba tus conocimientos sobre algunos museos y salas de exposiciones de nuestra ciudad. Te adelantamos que descubrir\u00e1s m\u00e1s de una curiosidad&#8230;las ganas de visitarlos \u00a1est\u00e1n aseguradas! \ufeffPrimer Vallaquiz de museos: Casa de Zorrilla, Casa de la India, Casa museo de Col\u00f3n y Salas Municipales de Exposiciones de La Pasi\u00f3n, Las Francesas y Casa Revilla. Segundo Vallaquiz de museos: Museo Nacional de Escultura, Museo de la Ciencia, Museo Patio Herreriano, Museo de Valladolid y Museo Catedralicio. Tercer Vallaquiz de museos: Museo de Arte Africano, Museo Casa de Cervantes, Museo de la Academia de Caballer\u00eda, Museo del Monasterio de San Joaqu\u00edn y Santa Ana.\" \/>\n<meta property=\"og:url\" content=\"https:\/\/www.info.valladolid.es\/blog\/vallaquiz-museos\/\" \/>\n<meta property=\"og:site_name\" content=\"Blog Cultura y Turismo\" \/>\n<meta property=\"article:published_time\" content=\"2020-05-13T16:50:21+00:00\" \/>\n<meta property=\"article:modified_time\" content=\"2020-06-29T06:43:46+00:00\" \/>\n<meta property=\"og:image\" content=\"https:\/\/www.info.valladolid.es\/blog\/wp-content\/uploads\/2020\/05\/quiz-mph.jpg\" \/>\n\t<meta property=\"og:image:width\" content=\"770\" \/>\n\t<meta property=\"og:image:height\" content=\"440\" \/>\n\t<meta property=\"og:image:type\" content=\"image\/jpeg\" \/>\n<meta name=\"author\" content=\"administrador\" \/>\n<meta name=\"twitter:card\" content=\"summary_large_image\" \/>\n<meta name=\"twitter:label1\" content=\"Escrito por\" \/>\n\t<meta name=\"twitter:data1\" content=\"administrador\" \/>\n\t<meta name=\"twitter:label2\" content=\"Tiempo de lectura\" \/>\n\t<meta name=\"twitter:data2\" content=\"1 minuto\" \/>\n<script type=\"application\/ld+json\" class=\"yoast-schema-graph\">{\"@context\":\"https:\\\/\\\/schema.org\",\"@graph\":[{\"@type\":\"Article\",\"@id\":\"https:\\\/\\\/www.info.valladolid.es\\\/blog\\\/vallaquiz-museos\\\/#article\",\"isPartOf\":{\"@id\":\"https:\\\/\\\/www.info.valladolid.es\\\/blog\\\/vallaquiz-museos\\\/\"},\"author\":{\"name\":\"administrador\",\"@id\":\"https:\\\/\\\/www.info.valladolid.es\\\/blog\\\/#\\\/schema\\\/person\\\/845cac97e6156a5a9c5abd68b7b9a5d5\"},\"headline\":\"Vallaquiz museos\",\"datePublished\":\"2020-05-13T16:50:21+00:00\",\"dateModified\":\"2020-06-29T06:43:46+00:00\",\"mainEntityOfPage\":{\"@id\":\"https:\\\/\\\/www.info.valladolid.es\\\/blog\\\/vallaquiz-museos\\\/\"},\"wordCount\":138,\"commentCount\":0,\"image\":{\"@id\":\"https:\\\/\\\/www.info.valladolid.es\\\/blog\\\/vallaquiz-museos\\\/#primaryimage\"},\"thumbnailUrl\":\"https:\\\/\\\/www.info.valladolid.es\\\/blog\\\/wp-content\\\/uploads\\\/2020\\\/05\\\/quiz-mph.jpg\",\"keywords\":[\"museos de Valladolid\",\"Vallaquiz\"],\"articleSection\":[\"Arte y Museos\"],\"inLanguage\":\"es\",\"potentialAction\":[{\"@type\":\"CommentAction\",\"name\":\"Comment\",\"target\":[\"https:\\\/\\\/www.info.valladolid.es\\\/blog\\\/vallaquiz-museos\\\/#respond\"]}]},{\"@type\":\"WebPage\",\"@id\":\"https:\\\/\\\/www.info.valladolid.es\\\/blog\\\/vallaquiz-museos\\\/\",\"url\":\"https:\\\/\\\/www.info.valladolid.es\\\/blog\\\/vallaquiz-museos\\\/\",\"name\":\"Vallaquiz museos - Blog Cultura y Turismo\",\"isPartOf\":{\"@id\":\"https:\\\/\\\/www.info.valladolid.es\\\/blog\\\/#website\"},\"primaryImageOfPage\":{\"@id\":\"https:\\\/\\\/www.info.valladolid.es\\\/blog\\\/vallaquiz-museos\\\/#primaryimage\"},\"image\":{\"@id\":\"https:\\\/\\\/www.info.valladolid.es\\\/blog\\\/vallaquiz-museos\\\/#primaryimage\"},\"thumbnailUrl\":\"https:\\\/\\\/www.info.valladolid.es\\\/blog\\\/wp-content\\\/uploads\\\/2020\\\/05\\\/quiz-mph.jpg\",\"datePublished\":\"2020-05-13T16:50:21+00:00\",\"dateModified\":\"2020-06-29T06:43:46+00:00\",\"author\":{\"@id\":\"https:\\\/\\\/www.info.valladolid.es\\\/blog\\\/#\\\/schema\\\/person\\\/845cac97e6156a5a9c5abd68b7b9a5d5\"},\"breadcrumb\":{\"@id\":\"https:\\\/\\\/www.info.valladolid.es\\\/blog\\\/vallaquiz-museos\\\/#breadcrumb\"},\"inLanguage\":\"es\",\"potentialAction\":[{\"@type\":\"ReadAction\",\"target\":[\"https:\\\/\\\/www.info.valladolid.es\\\/blog\\\/vallaquiz-museos\\\/\"]}]},{\"@type\":\"ImageObject\",\"inLanguage\":\"es\",\"@id\":\"https:\\\/\\\/www.info.valladolid.es\\\/blog\\\/vallaquiz-museos\\\/#primaryimage\",\"url\":\"https:\\\/\\\/www.info.valladolid.es\\\/blog\\\/wp-content\\\/uploads\\\/2020\\\/05\\\/quiz-mph.jpg\",\"contentUrl\":\"https:\\\/\\\/www.info.valladolid.es\\\/blog\\\/wp-content\\\/uploads\\\/2020\\\/05\\\/quiz-mph.jpg\",\"width\":770,\"height\":440},{\"@type\":\"BreadcrumbList\",\"@id\":\"https:\\\/\\\/www.info.valladolid.es\\\/blog\\\/vallaquiz-museos\\\/#breadcrumb\",\"itemListElement\":[{\"@type\":\"ListItem\",\"position\":1,\"name\":\"Home\",\"item\":\"https:\\\/\\\/www.info.valladolid.es\\\/blog\\\/\"},{\"@type\":\"ListItem\",\"position\":2,\"name\":\"Vallaquiz museos\"}]},{\"@type\":\"WebSite\",\"@id\":\"https:\\\/\\\/www.info.valladolid.es\\\/blog\\\/#website\",\"url\":\"https:\\\/\\\/www.info.valladolid.es\\\/blog\\\/\",\"name\":\"Blog Cultura y Turismo\",\"description\":\"\",\"potentialAction\":[{\"@type\":\"SearchAction\",\"target\":{\"@type\":\"EntryPoint\",\"urlTemplate\":\"https:\\\/\\\/www.info.valladolid.es\\\/blog\\\/?s={search_term_string}\"},\"query-input\":{\"@type\":\"PropertyValueSpecification\",\"valueRequired\":true,\"valueName\":\"search_term_string\"}}],\"inLanguage\":\"es\"},{\"@type\":\"Person\",\"@id\":\"https:\\\/\\\/www.info.valladolid.es\\\/blog\\\/#\\\/schema\\\/person\\\/845cac97e6156a5a9c5abd68b7b9a5d5\",\"name\":\"administrador\",\"image\":{\"@type\":\"ImageObject\",\"inLanguage\":\"es\",\"@id\":\"https:\\\/\\\/secure.gravatar.com\\\/avatar\\\/418161d2f95196597e2d305bd301c850afab7f4b284a344fb2d759f048b71c61?s=96&d=mm&r=g\",\"url\":\"https:\\\/\\\/secure.gravatar.com\\\/avatar\\\/418161d2f95196597e2d305bd301c850afab7f4b284a344fb2d759f048b71c61?s=96&d=mm&r=g\",\"contentUrl\":\"https:\\\/\\\/secure.gravatar.com\\\/avatar\\\/418161d2f95196597e2d305bd301c850afab7f4b284a344fb2d759f048b71c61?s=96&d=mm&r=g\",\"caption\":\"administrador\"},\"url\":\"https:\\\/\\\/www.info.valladolid.es\\\/blog\\\/author\\\/administrador\\\/\"}]}<\/script>\n<!-- \/ Yoast SEO plugin. -->","yoast_head_json":{"title":"Vallaquiz museos - Blog Cultura y Turismo","robots":{"index":"index","follow":"follow","max-snippet":"max-snippet:-1","max-image-preview":"max-image-preview:large","max-video-preview":"max-video-preview:-1"},"canonical":"https:\/\/www.info.valladolid.es\/blog\/vallaquiz-museos\/","og_locale":"es_ES","og_type":"article","og_title":"Vallaquiz museos - Blog Cultura y Turismo","og_description":"El 18 de mayo celebramos el D\u00eda Internacional de los Museos. Con tan se\u00f1alada fecha tan pr\u00f3xima en el calendario te proponemos poner a prueba tus conocimientos sobre algunos museos y salas de exposiciones de nuestra ciudad. Te adelantamos que descubrir\u00e1s m\u00e1s de una curiosidad&#8230;las ganas de visitarlos \u00a1est\u00e1n aseguradas! \ufeffPrimer Vallaquiz de museos: Casa de Zorrilla, Casa de la India, Casa museo de Col\u00f3n y Salas Municipales de Exposiciones de La Pasi\u00f3n, Las Francesas y Casa Revilla. Segundo Vallaquiz de museos: Museo Nacional de Escultura, Museo de la Ciencia, Museo Patio Herreriano, Museo de Valladolid y Museo Catedralicio. Tercer Vallaquiz de museos: Museo de Arte Africano, Museo Casa de Cervantes, Museo de la Academia de Caballer\u00eda, Museo del Monasterio de San Joaqu\u00edn y Santa Ana.","og_url":"https:\/\/www.info.valladolid.es\/blog\/vallaquiz-museos\/","og_site_name":"Blog Cultura y Turismo","article_published_time":"2020-05-13T16:50:21+00:00","article_modified_time":"2020-06-29T06:43:46+00:00","og_image":[{"width":770,"height":440,"url":"https:\/\/www.info.valladolid.es\/blog\/wp-content\/uploads\/2020\/05\/quiz-mph.jpg","type":"image\/jpeg"}],"author":"administrador","twitter_card":"summary_large_image","twitter_misc":{"Escrito por":"administrador","Tiempo de lectura":"1 minuto"},"schema":{"@context":"https:\/\/schema.org","@graph":[{"@type":"Article","@id":"https:\/\/www.info.valladolid.es\/blog\/vallaquiz-museos\/#article","isPartOf":{"@id":"https:\/\/www.info.valladolid.es\/blog\/vallaquiz-museos\/"},"author":{"name":"administrador","@id":"https:\/\/www.info.valladolid.es\/blog\/#\/schema\/person\/845cac97e6156a5a9c5abd68b7b9a5d5"},"headline":"Vallaquiz museos","datePublished":"2020-05-13T16:50:21+00:00","dateModified":"2020-06-29T06:43:46+00:00","mainEntityOfPage":{"@id":"https:\/\/www.info.valladolid.es\/blog\/vallaquiz-museos\/"},"wordCount":138,"commentCount":0,"image":{"@id":"https:\/\/www.info.valladolid.es\/blog\/vallaquiz-museos\/#primaryimage"},"thumbnailUrl":"https:\/\/www.info.valladolid.es\/blog\/wp-content\/uploads\/2020\/05\/quiz-mph.jpg","keywords":["museos de Valladolid","Vallaquiz"],"articleSection":["Arte y Museos"],"inLanguage":"es","potentialAction":[{"@type":"CommentAction","name":"Comment","target":["https:\/\/www.info.valladolid.es\/blog\/vallaquiz-museos\/#respond"]}]},{"@type":"WebPage","@id":"https:\/\/www.info.valladolid.es\/blog\/vallaquiz-museos\/","url":"https:\/\/www.info.valladolid.es\/blog\/vallaquiz-museos\/","name":"Vallaquiz museos - Blog Cultura y Turismo","isPartOf":{"@id":"https:\/\/www.info.valladolid.es\/blog\/#website"},"primaryImageOfPage":{"@id":"https:\/\/www.info.valladolid.es\/blog\/vallaquiz-museos\/#primaryimage"},"image":{"@id":"https:\/\/www.info.valladolid.es\/blog\/vallaquiz-museos\/#primaryimage"},"thumbnailUrl":"https:\/\/www.info.valladolid.es\/blog\/wp-content\/uploads\/2020\/05\/quiz-mph.jpg","datePublished":"2020-05-13T16:50:21+00:00","dateModified":"2020-06-29T06:43:46+00:00","author":{"@id":"https:\/\/www.info.valladolid.es\/blog\/#\/schema\/person\/845cac97e6156a5a9c5abd68b7b9a5d5"},"breadcrumb":{"@id":"https:\/\/www.info.valladolid.es\/blog\/vallaquiz-museos\/#breadcrumb"},"inLanguage":"es","potentialAction":[{"@type":"ReadAction","target":["https:\/\/www.info.valladolid.es\/blog\/vallaquiz-museos\/"]}]},{"@type":"ImageObject","inLanguage":"es","@id":"https:\/\/www.info.valladolid.es\/blog\/vallaquiz-museos\/#primaryimage","url":"https:\/\/www.info.valladolid.es\/blog\/wp-content\/uploads\/2020\/05\/quiz-mph.jpg","contentUrl":"https:\/\/www.info.valladolid.es\/blog\/wp-content\/uploads\/2020\/05\/quiz-mph.jpg","width":770,"height":440},{"@type":"BreadcrumbList","@id":"https:\/\/www.info.valladolid.es\/blog\/vallaquiz-museos\/#breadcrumb","itemListElement":[{"@type":"ListItem","position":1,"name":"Home","item":"https:\/\/www.info.valladolid.es\/blog\/"},{"@type":"ListItem","position":2,"name":"Vallaquiz museos"}]},{"@type":"WebSite","@id":"https:\/\/www.info.valladolid.es\/blog\/#website","url":"https:\/\/www.info.valladolid.es\/blog\/","name":"Blog Cultura y Turismo","description":"","potentialAction":[{"@type":"SearchAction","target":{"@type":"EntryPoint","urlTemplate":"https:\/\/www.info.valladolid.es\/blog\/?s={search_term_string}"},"query-input":{"@type":"PropertyValueSpecification","valueRequired":true,"valueName":"search_term_string"}}],"inLanguage":"es"},{"@type":"Person","@id":"https:\/\/www.info.valladolid.es\/blog\/#\/schema\/person\/845cac97e6156a5a9c5abd68b7b9a5d5","name":"administrador","image":{"@type":"ImageObject","inLanguage":"es","@id":"https:\/\/secure.gravatar.com\/avatar\/418161d2f95196597e2d305bd301c850afab7f4b284a344fb2d759f048b71c61?s=96&d=mm&r=g","url":"https:\/\/secure.gravatar.com\/avatar\/418161d2f95196597e2d305bd301c850afab7f4b284a344fb2d759f048b71c61?s=96&d=mm&r=g","contentUrl":"https:\/\/secure.gravatar.com\/avatar\/418161d2f95196597e2d305bd301c850afab7f4b284a344fb2d759f048b71c61?s=96&d=mm&r=g","caption":"administrador"},"url":"https:\/\/www.info.valladolid.es\/blog\/author\/administrador\/"}]}},"_links":{"self":[{"href":"https:\/\/www.info.valladolid.es\/blog\/wp-json\/wp\/v2\/posts\/3894","targetHints":{"allow":["GET"]}}],"collection":[{"href":"https:\/\/www.info.valladolid.es\/blog\/wp-json\/wp\/v2\/posts"}],"about":[{"href":"https:\/\/www.info.valladolid.es\/blog\/wp-json\/wp\/v2\/types\/post"}],"author":[{"embeddable":true,"href":"https:\/\/www.info.valladolid.es\/blog\/wp-json\/wp\/v2\/users\/1"}],"replies":[{"embeddable":true,"href":"https:\/\/www.info.valladolid.es\/blog\/wp-json\/wp\/v2\/comments?post=3894"}],"version-history":[{"count":2,"href":"https:\/\/www.info.valladolid.es\/blog\/wp-json\/wp\/v2\/posts\/3894\/revisions"}],"predecessor-version":[{"id":3897,"href":"https:\/\/www.info.valladolid.es\/blog\/wp-json\/wp\/v2\/posts\/3894\/revisions\/3897"}],"wp:featuredmedia":[{"embeddable":true,"href":"https:\/\/www.info.valladolid.es\/blog\/wp-json\/wp\/v2\/media\/3876"}],"wp:attachment":[{"href":"https:\/\/www.info.valladolid.es\/blog\/wp-json\/wp\/v2\/media?parent=3894"}],"wp:term":[{"taxonomy":"category","embeddable":true,"href":"https:\/\/www.info.valladolid.es\/blog\/wp-json\/wp\/v2\/categories?post=3894"},{"taxonomy":"post_tag","embeddable":true,"href":"https:\/\/www.info.valladolid.es\/blog\/wp-json\/wp\/v2\/tags?post=3894"}],"curies":[{"name":"wp","href":"https:\/\/api.w.org\/{rel}","templated":true}]}}