{"id":3846,"date":"2020-06-29T08:28:20","date_gmt":"2020-06-29T08:28:20","guid":{"rendered":"https:\/\/www.info.valladolid.es\/blog\/?p=3846"},"modified":"2020-10-27T11:18:55","modified_gmt":"2020-10-27T11:18:55","slug":"diez-libros-ambientados-en-valladolid","status":"publish","type":"post","link":"https:\/\/www.info.valladolid.es\/blog\/diez-libros-ambientados-en-valladolid\/","title":{"rendered":"Diez libros ambientados en Valladolid"},"content":{"rendered":"\n<p>\u00bfSin libro entre las manos? \u00a1Es hora de decidir en qu\u00e9 historia te zambullir\u00e1s estos d\u00edas !<\/p>\n\n\n\n<p>Imagina abrir las p\u00e1ginas de un libro y encontrarte con Valladolid como escenario. Viaja hasta el Valladolid de la Corte o de los a\u00f1os 80, sigue de cerca la investigaci\u00f3n sobre un misterioso robo o estrem\u00e9cete con uno de los relatos m\u00e1s oscuros de nuestra historia. <\/p>\n\n\n\n<p>Si esta lista de sugerencias te sabe a poco, aqu\u00ed tienes otras <a href=\"https:\/\/www.info.valladolid.es\/blog\/libros-ambientados-valladolid\/\">quince lecturas ambientadas en Valladolid. <\/a><\/p>\n\n\n\n<p><\/p>\n\n\n\n<ol class=\"wp-block-list\"><li><strong>A fuego lento (2015), de Germ\u00e1n D\u00edez Barrio. <\/strong>Mientras el alcalde debate acerca de la seguridad ciudadana en un pleno, se produce un robo en su despacho. Es el punto de partida de una novela que nos regala una vista panor\u00e1mica de nuestra ciudad.<\/li><li><strong>El sill\u00f3n del diablo (2016), V\u00edctor M. del Pozo.<\/strong> La novela parte de una de las leyendas m\u00e1s oscuras que ha conocido Valladolid. \u00bfConoces la <u><a href=\"https:\/\/www.info.valladolid.es\/blog\/la-leyenda-del-sillon-del-diablo\/\">leyenda del sill\u00f3n del diablo<\/a><\/u>? Sigue los pasos de un psic\u00f3pata en el siglo XVI.<\/li><li><strong>La emparedada del Corral de Campanas( 2004 ) de Jos\u00e9 Luis Guerra Fern\u00e1ndez.<\/strong> Un pe\u00f3n de la construcci\u00f3n, antiguo militante antifascista, descubre una momia mientras trabaja en unas obras en la plaza de la Comedia en el Valladolid de los 80. A partir de este hallazgo se construye una trama que repasa la historia de nuestra ciudad.<\/li><li><strong>Los ojos de Dios (2016), de Rafaela Cano.<\/strong> Si te sobrecogi\u00f3 el periodo hist\u00f3rico en el que Delibes ambienta El hereje, no te puedes perder esta novela. Pocos d\u00edas antes de que se celebren en Valladolid los Autos de Fe de 1559, un inquisidor descubre un documento que pone en peligro su propia vida<\/li><li>La mirada del Caf\u00e9 (2008 ) de Juan Manuel Olcese de la editorial El Libro Azul<\/li><li><strong>El manuscrito de Homero (2009)<\/strong>, de \u00c1ngel Mar\u00eda Gonz\u00e1lez. La Odisea vertebra esta historia de misterio ambientada en nuestra ciudad. La vida de un joven se ve sacudida cuando un anciano le entrega un manuscrito escrito por Homero.<\/li><li><strong>Y los \u00e1ngeles aparecer\u00e1n, de Eliseo Parra<\/strong>. Dos casos sin resolver se reabren, a\u00f1os despu\u00e9s, por la aparici\u00f3n de nuevas pistas. Muchos interrogantes y pocas respuestas llevar\u00e1n al inspector Maldonado al l\u00edmite.<\/li><li><strong>El mercenario del Dux, de Vicente \u00c1lvarez de la Viuda<\/strong>. Premio Destino Guion, sigue los pasos de un asesino espa\u00f1ol que traiciona a su patria para aliarse con la rival Venecia y ambienta sus \u00faltimos cap\u00edtulos en la Valladolid de 1605.<\/li><li><strong>Transilvania( 2014 ), de Miguel Cornejo<\/strong>. A\u00f1o 2013. Paro juvenil disparado. Un joven reci\u00e9n licenciado en Historia del Arte reflexiona sobre la \u00e9poca que le ha tocado vivir, sobre la situaci\u00f3n pol\u00edtica y social, sobre las preocupaciones que le quitan el sue\u00f1o, mientras corre por las calles de una Valladolid a la que compara con Transilvania.<\/li><li><strong>Una semana muy negra, de Miguel Asensio<\/strong>. Divertida novela negra de ficci\u00f3n que incluye personajes reales, muy reconocibles por los vecinos.<\/li><\/ol>\n","protected":false},"excerpt":{"rendered":"<p>\u00bfSin libro entre las manos? \u00a1Es hora de decidir en qu\u00e9 historia te zambullir\u00e1s estos d\u00edas ! Imagina abrir las p\u00e1ginas de un libro y encontrarte con Valladolid como escenario. Viaja hasta el Valladolid de la Corte o de los a\u00f1os 80, sigue de cerca la investigaci\u00f3n sobre un misterioso robo o estrem\u00e9cete con uno de los relatos m\u00e1s oscuros de nuestra historia. Si esta lista de sugerencias te sabe a poco, aqu\u00ed tienes otras quince lecturas ambientadas en Valladolid. A fuego lento (2015), de Germ\u00e1n D\u00edez Barrio. Mientras el alcalde debate acerca de la seguridad ciudadana en un pleno, se produce un robo en su despacho. Es el punto de partida de una novela que nos regala una vista panor\u00e1mica de nuestra ciudad. El sill\u00f3n del diablo (2016), V\u00edctor M. del Pozo. La novela parte de una de las leyendas m\u00e1s oscuras que ha conocido Valladolid. \u00bfConoces la leyenda del sill\u00f3n del diablo? Sigue los pasos de un psic\u00f3pata en el siglo XVI. La emparedada del Corral de Campanas( 2004 ) de Jos\u00e9 Luis Guerra Fern\u00e1ndez. Un pe\u00f3n de la construcci\u00f3n, antiguo militante antifascista, descubre una momia mientras trabaja en unas obras en la plaza de la Comedia en [&hellip;]<\/p>\n","protected":false},"author":1,"featured_media":3976,"comment_status":"open","ping_status":"open","sticky":false,"template":"","format":"standard","meta":{"footnotes":""},"categories":[5],"tags":[],"class_list":["post-3846","post","type-post","status-publish","format-standard","has-post-thumbnail","hentry","category-curiosidades_y_leyendas"],"yoast_head":"<!-- This site is optimized with the Yoast SEO plugin v27.4 - https:\/\/yoast.com\/product\/yoast-seo-wordpress\/ -->\n<title>Diez libros ambientados en Valladolid - Blog Cultura y Turismo<\/title>\n<meta name=\"robots\" content=\"index, follow, max-snippet:-1, max-image-preview:large, max-video-preview:-1\" \/>\n<link rel=\"canonical\" href=\"https:\/\/www.info.valladolid.es\/blog\/diez-libros-ambientados-en-valladolid\/\" \/>\n<meta property=\"og:locale\" content=\"es_ES\" \/>\n<meta property=\"og:type\" content=\"article\" \/>\n<meta property=\"og:title\" content=\"Diez libros ambientados en Valladolid - Blog Cultura y Turismo\" \/>\n<meta property=\"og:description\" content=\"\u00bfSin libro entre las manos? \u00a1Es hora de decidir en qu\u00e9 historia te zambullir\u00e1s estos d\u00edas ! Imagina abrir las p\u00e1ginas de un libro y encontrarte con Valladolid como escenario. Viaja hasta el Valladolid de la Corte o de los a\u00f1os 80, sigue de cerca la investigaci\u00f3n sobre un misterioso robo o estrem\u00e9cete con uno de los relatos m\u00e1s oscuros de nuestra historia. Si esta lista de sugerencias te sabe a poco, aqu\u00ed tienes otras quince lecturas ambientadas en Valladolid. A fuego lento (2015), de Germ\u00e1n D\u00edez Barrio. Mientras el alcalde debate acerca de la seguridad ciudadana en un pleno, se produce un robo en su despacho. Es el punto de partida de una novela que nos regala una vista panor\u00e1mica de nuestra ciudad. El sill\u00f3n del diablo (2016), V\u00edctor M. del Pozo. La novela parte de una de las leyendas m\u00e1s oscuras que ha conocido Valladolid. \u00bfConoces la leyenda del sill\u00f3n del diablo? Sigue los pasos de un psic\u00f3pata en el siglo XVI. La emparedada del Corral de Campanas( 2004 ) de Jos\u00e9 Luis Guerra Fern\u00e1ndez. Un pe\u00f3n de la construcci\u00f3n, antiguo militante antifascista, descubre una momia mientras trabaja en unas obras en la plaza de la Comedia en [&hellip;]\" \/>\n<meta property=\"og:url\" content=\"https:\/\/www.info.valladolid.es\/blog\/diez-libros-ambientados-en-valladolid\/\" \/>\n<meta property=\"og:site_name\" content=\"Blog Cultura y Turismo\" \/>\n<meta property=\"article:published_time\" content=\"2020-06-29T08:28:20+00:00\" \/>\n<meta property=\"article:modified_time\" content=\"2020-10-27T11:18:55+00:00\" \/>\n<meta property=\"og:image\" content=\"https:\/\/www.info.valladolid.es\/blog\/wp-content\/uploads\/2020\/06\/academia-caballeria-recortada.jpg\" \/>\n\t<meta property=\"og:image:width\" content=\"900\" \/>\n\t<meta property=\"og:image:height\" content=\"537\" \/>\n\t<meta property=\"og:image:type\" content=\"image\/jpeg\" \/>\n<meta name=\"author\" content=\"administrador\" \/>\n<meta name=\"twitter:card\" content=\"summary_large_image\" \/>\n<meta name=\"twitter:label1\" content=\"Escrito por\" \/>\n\t<meta name=\"twitter:data1\" content=\"administrador\" \/>\n\t<meta name=\"twitter:label2\" content=\"Tiempo de lectura\" \/>\n\t<meta name=\"twitter:data2\" content=\"2 minutos\" \/>\n<script type=\"application\/ld+json\" class=\"yoast-schema-graph\">{\"@context\":\"https:\\\/\\\/schema.org\",\"@graph\":[{\"@type\":\"Article\",\"@id\":\"https:\\\/\\\/www.info.valladolid.es\\\/blog\\\/diez-libros-ambientados-en-valladolid\\\/#article\",\"isPartOf\":{\"@id\":\"https:\\\/\\\/www.info.valladolid.es\\\/blog\\\/diez-libros-ambientados-en-valladolid\\\/\"},\"author\":{\"name\":\"administrador\",\"@id\":\"https:\\\/\\\/www.info.valladolid.es\\\/blog\\\/#\\\/schema\\\/person\\\/845cac97e6156a5a9c5abd68b7b9a5d5\"},\"headline\":\"Diez libros ambientados en Valladolid\",\"datePublished\":\"2020-06-29T08:28:20+00:00\",\"dateModified\":\"2020-10-27T11:18:55+00:00\",\"mainEntityOfPage\":{\"@id\":\"https:\\\/\\\/www.info.valladolid.es\\\/blog\\\/diez-libros-ambientados-en-valladolid\\\/\"},\"wordCount\":504,\"commentCount\":10,\"image\":{\"@id\":\"https:\\\/\\\/www.info.valladolid.es\\\/blog\\\/diez-libros-ambientados-en-valladolid\\\/#primaryimage\"},\"thumbnailUrl\":\"https:\\\/\\\/www.info.valladolid.es\\\/blog\\\/wp-content\\\/uploads\\\/2020\\\/06\\\/academia-caballeria-recortada.jpg\",\"articleSection\":[\"Curiosidades y leyendas\"],\"inLanguage\":\"es\",\"potentialAction\":[{\"@type\":\"CommentAction\",\"name\":\"Comment\",\"target\":[\"https:\\\/\\\/www.info.valladolid.es\\\/blog\\\/diez-libros-ambientados-en-valladolid\\\/#respond\"]}]},{\"@type\":\"WebPage\",\"@id\":\"https:\\\/\\\/www.info.valladolid.es\\\/blog\\\/diez-libros-ambientados-en-valladolid\\\/\",\"url\":\"https:\\\/\\\/www.info.valladolid.es\\\/blog\\\/diez-libros-ambientados-en-valladolid\\\/\",\"name\":\"Diez libros ambientados en Valladolid - Blog Cultura y Turismo\",\"isPartOf\":{\"@id\":\"https:\\\/\\\/www.info.valladolid.es\\\/blog\\\/#website\"},\"primaryImageOfPage\":{\"@id\":\"https:\\\/\\\/www.info.valladolid.es\\\/blog\\\/diez-libros-ambientados-en-valladolid\\\/#primaryimage\"},\"image\":{\"@id\":\"https:\\\/\\\/www.info.valladolid.es\\\/blog\\\/diez-libros-ambientados-en-valladolid\\\/#primaryimage\"},\"thumbnailUrl\":\"https:\\\/\\\/www.info.valladolid.es\\\/blog\\\/wp-content\\\/uploads\\\/2020\\\/06\\\/academia-caballeria-recortada.jpg\",\"datePublished\":\"2020-06-29T08:28:20+00:00\",\"dateModified\":\"2020-10-27T11:18:55+00:00\",\"author\":{\"@id\":\"https:\\\/\\\/www.info.valladolid.es\\\/blog\\\/#\\\/schema\\\/person\\\/845cac97e6156a5a9c5abd68b7b9a5d5\"},\"breadcrumb\":{\"@id\":\"https:\\\/\\\/www.info.valladolid.es\\\/blog\\\/diez-libros-ambientados-en-valladolid\\\/#breadcrumb\"},\"inLanguage\":\"es\",\"potentialAction\":[{\"@type\":\"ReadAction\",\"target\":[\"https:\\\/\\\/www.info.valladolid.es\\\/blog\\\/diez-libros-ambientados-en-valladolid\\\/\"]}]},{\"@type\":\"ImageObject\",\"inLanguage\":\"es\",\"@id\":\"https:\\\/\\\/www.info.valladolid.es\\\/blog\\\/diez-libros-ambientados-en-valladolid\\\/#primaryimage\",\"url\":\"https:\\\/\\\/www.info.valladolid.es\\\/blog\\\/wp-content\\\/uploads\\\/2020\\\/06\\\/academia-caballeria-recortada.jpg\",\"contentUrl\":\"https:\\\/\\\/www.info.valladolid.es\\\/blog\\\/wp-content\\\/uploads\\\/2020\\\/06\\\/academia-caballeria-recortada.jpg\",\"width\":900,\"height\":537},{\"@type\":\"BreadcrumbList\",\"@id\":\"https:\\\/\\\/www.info.valladolid.es\\\/blog\\\/diez-libros-ambientados-en-valladolid\\\/#breadcrumb\",\"itemListElement\":[{\"@type\":\"ListItem\",\"position\":1,\"name\":\"Home\",\"item\":\"https:\\\/\\\/www.info.valladolid.es\\\/blog\\\/\"},{\"@type\":\"ListItem\",\"position\":2,\"name\":\"Diez libros ambientados en Valladolid\"}]},{\"@type\":\"WebSite\",\"@id\":\"https:\\\/\\\/www.info.valladolid.es\\\/blog\\\/#website\",\"url\":\"https:\\\/\\\/www.info.valladolid.es\\\/blog\\\/\",\"name\":\"Blog Cultura y Turismo\",\"description\":\"\",\"potentialAction\":[{\"@type\":\"SearchAction\",\"target\":{\"@type\":\"EntryPoint\",\"urlTemplate\":\"https:\\\/\\\/www.info.valladolid.es\\\/blog\\\/?s={search_term_string}\"},\"query-input\":{\"@type\":\"PropertyValueSpecification\",\"valueRequired\":true,\"valueName\":\"search_term_string\"}}],\"inLanguage\":\"es\"},{\"@type\":\"Person\",\"@id\":\"https:\\\/\\\/www.info.valladolid.es\\\/blog\\\/#\\\/schema\\\/person\\\/845cac97e6156a5a9c5abd68b7b9a5d5\",\"name\":\"administrador\",\"image\":{\"@type\":\"ImageObject\",\"inLanguage\":\"es\",\"@id\":\"https:\\\/\\\/secure.gravatar.com\\\/avatar\\\/418161d2f95196597e2d305bd301c850afab7f4b284a344fb2d759f048b71c61?s=96&d=mm&r=g\",\"url\":\"https:\\\/\\\/secure.gravatar.com\\\/avatar\\\/418161d2f95196597e2d305bd301c850afab7f4b284a344fb2d759f048b71c61?s=96&d=mm&r=g\",\"contentUrl\":\"https:\\\/\\\/secure.gravatar.com\\\/avatar\\\/418161d2f95196597e2d305bd301c850afab7f4b284a344fb2d759f048b71c61?s=96&d=mm&r=g\",\"caption\":\"administrador\"},\"url\":\"https:\\\/\\\/www.info.valladolid.es\\\/blog\\\/author\\\/administrador\\\/\"}]}<\/script>\n<!-- \/ Yoast SEO plugin. -->","yoast_head_json":{"title":"Diez libros ambientados en Valladolid - Blog Cultura y Turismo","robots":{"index":"index","follow":"follow","max-snippet":"max-snippet:-1","max-image-preview":"max-image-preview:large","max-video-preview":"max-video-preview:-1"},"canonical":"https:\/\/www.info.valladolid.es\/blog\/diez-libros-ambientados-en-valladolid\/","og_locale":"es_ES","og_type":"article","og_title":"Diez libros ambientados en Valladolid - Blog Cultura y Turismo","og_description":"\u00bfSin libro entre las manos? \u00a1Es hora de decidir en qu\u00e9 historia te zambullir\u00e1s estos d\u00edas ! Imagina abrir las p\u00e1ginas de un libro y encontrarte con Valladolid como escenario. Viaja hasta el Valladolid de la Corte o de los a\u00f1os 80, sigue de cerca la investigaci\u00f3n sobre un misterioso robo o estrem\u00e9cete con uno de los relatos m\u00e1s oscuros de nuestra historia. Si esta lista de sugerencias te sabe a poco, aqu\u00ed tienes otras quince lecturas ambientadas en Valladolid. A fuego lento (2015), de Germ\u00e1n D\u00edez Barrio. Mientras el alcalde debate acerca de la seguridad ciudadana en un pleno, se produce un robo en su despacho. Es el punto de partida de una novela que nos regala una vista panor\u00e1mica de nuestra ciudad. El sill\u00f3n del diablo (2016), V\u00edctor M. del Pozo. La novela parte de una de las leyendas m\u00e1s oscuras que ha conocido Valladolid. \u00bfConoces la leyenda del sill\u00f3n del diablo? Sigue los pasos de un psic\u00f3pata en el siglo XVI. La emparedada del Corral de Campanas( 2004 ) de Jos\u00e9 Luis Guerra Fern\u00e1ndez. Un pe\u00f3n de la construcci\u00f3n, antiguo militante antifascista, descubre una momia mientras trabaja en unas obras en la plaza de la Comedia en [&hellip;]","og_url":"https:\/\/www.info.valladolid.es\/blog\/diez-libros-ambientados-en-valladolid\/","og_site_name":"Blog Cultura y Turismo","article_published_time":"2020-06-29T08:28:20+00:00","article_modified_time":"2020-10-27T11:18:55+00:00","og_image":[{"width":900,"height":537,"url":"https:\/\/www.info.valladolid.es\/blog\/wp-content\/uploads\/2020\/06\/academia-caballeria-recortada.jpg","type":"image\/jpeg"}],"author":"administrador","twitter_card":"summary_large_image","twitter_misc":{"Escrito por":"administrador","Tiempo de lectura":"2 minutos"},"schema":{"@context":"https:\/\/schema.org","@graph":[{"@type":"Article","@id":"https:\/\/www.info.valladolid.es\/blog\/diez-libros-ambientados-en-valladolid\/#article","isPartOf":{"@id":"https:\/\/www.info.valladolid.es\/blog\/diez-libros-ambientados-en-valladolid\/"},"author":{"name":"administrador","@id":"https:\/\/www.info.valladolid.es\/blog\/#\/schema\/person\/845cac97e6156a5a9c5abd68b7b9a5d5"},"headline":"Diez libros ambientados en Valladolid","datePublished":"2020-06-29T08:28:20+00:00","dateModified":"2020-10-27T11:18:55+00:00","mainEntityOfPage":{"@id":"https:\/\/www.info.valladolid.es\/blog\/diez-libros-ambientados-en-valladolid\/"},"wordCount":504,"commentCount":10,"image":{"@id":"https:\/\/www.info.valladolid.es\/blog\/diez-libros-ambientados-en-valladolid\/#primaryimage"},"thumbnailUrl":"https:\/\/www.info.valladolid.es\/blog\/wp-content\/uploads\/2020\/06\/academia-caballeria-recortada.jpg","articleSection":["Curiosidades y leyendas"],"inLanguage":"es","potentialAction":[{"@type":"CommentAction","name":"Comment","target":["https:\/\/www.info.valladolid.es\/blog\/diez-libros-ambientados-en-valladolid\/#respond"]}]},{"@type":"WebPage","@id":"https:\/\/www.info.valladolid.es\/blog\/diez-libros-ambientados-en-valladolid\/","url":"https:\/\/www.info.valladolid.es\/blog\/diez-libros-ambientados-en-valladolid\/","name":"Diez libros ambientados en Valladolid - Blog Cultura y Turismo","isPartOf":{"@id":"https:\/\/www.info.valladolid.es\/blog\/#website"},"primaryImageOfPage":{"@id":"https:\/\/www.info.valladolid.es\/blog\/diez-libros-ambientados-en-valladolid\/#primaryimage"},"image":{"@id":"https:\/\/www.info.valladolid.es\/blog\/diez-libros-ambientados-en-valladolid\/#primaryimage"},"thumbnailUrl":"https:\/\/www.info.valladolid.es\/blog\/wp-content\/uploads\/2020\/06\/academia-caballeria-recortada.jpg","datePublished":"2020-06-29T08:28:20+00:00","dateModified":"2020-10-27T11:18:55+00:00","author":{"@id":"https:\/\/www.info.valladolid.es\/blog\/#\/schema\/person\/845cac97e6156a5a9c5abd68b7b9a5d5"},"breadcrumb":{"@id":"https:\/\/www.info.valladolid.es\/blog\/diez-libros-ambientados-en-valladolid\/#breadcrumb"},"inLanguage":"es","potentialAction":[{"@type":"ReadAction","target":["https:\/\/www.info.valladolid.es\/blog\/diez-libros-ambientados-en-valladolid\/"]}]},{"@type":"ImageObject","inLanguage":"es","@id":"https:\/\/www.info.valladolid.es\/blog\/diez-libros-ambientados-en-valladolid\/#primaryimage","url":"https:\/\/www.info.valladolid.es\/blog\/wp-content\/uploads\/2020\/06\/academia-caballeria-recortada.jpg","contentUrl":"https:\/\/www.info.valladolid.es\/blog\/wp-content\/uploads\/2020\/06\/academia-caballeria-recortada.jpg","width":900,"height":537},{"@type":"BreadcrumbList","@id":"https:\/\/www.info.valladolid.es\/blog\/diez-libros-ambientados-en-valladolid\/#breadcrumb","itemListElement":[{"@type":"ListItem","position":1,"name":"Home","item":"https:\/\/www.info.valladolid.es\/blog\/"},{"@type":"ListItem","position":2,"name":"Diez libros ambientados en Valladolid"}]},{"@type":"WebSite","@id":"https:\/\/www.info.valladolid.es\/blog\/#website","url":"https:\/\/www.info.valladolid.es\/blog\/","name":"Blog Cultura y Turismo","description":"","potentialAction":[{"@type":"SearchAction","target":{"@type":"EntryPoint","urlTemplate":"https:\/\/www.info.valladolid.es\/blog\/?s={search_term_string}"},"query-input":{"@type":"PropertyValueSpecification","valueRequired":true,"valueName":"search_term_string"}}],"inLanguage":"es"},{"@type":"Person","@id":"https:\/\/www.info.valladolid.es\/blog\/#\/schema\/person\/845cac97e6156a5a9c5abd68b7b9a5d5","name":"administrador","image":{"@type":"ImageObject","inLanguage":"es","@id":"https:\/\/secure.gravatar.com\/avatar\/418161d2f95196597e2d305bd301c850afab7f4b284a344fb2d759f048b71c61?s=96&d=mm&r=g","url":"https:\/\/secure.gravatar.com\/avatar\/418161d2f95196597e2d305bd301c850afab7f4b284a344fb2d759f048b71c61?s=96&d=mm&r=g","contentUrl":"https:\/\/secure.gravatar.com\/avatar\/418161d2f95196597e2d305bd301c850afab7f4b284a344fb2d759f048b71c61?s=96&d=mm&r=g","caption":"administrador"},"url":"https:\/\/www.info.valladolid.es\/blog\/author\/administrador\/"}]}},"_links":{"self":[{"href":"https:\/\/www.info.valladolid.es\/blog\/wp-json\/wp\/v2\/posts\/3846","targetHints":{"allow":["GET"]}}],"collection":[{"href":"https:\/\/www.info.valladolid.es\/blog\/wp-json\/wp\/v2\/posts"}],"about":[{"href":"https:\/\/www.info.valladolid.es\/blog\/wp-json\/wp\/v2\/types\/post"}],"author":[{"embeddable":true,"href":"https:\/\/www.info.valladolid.es\/blog\/wp-json\/wp\/v2\/users\/1"}],"replies":[{"embeddable":true,"href":"https:\/\/www.info.valladolid.es\/blog\/wp-json\/wp\/v2\/comments?post=3846"}],"version-history":[{"count":4,"href":"https:\/\/www.info.valladolid.es\/blog\/wp-json\/wp\/v2\/posts\/3846\/revisions"}],"predecessor-version":[{"id":4360,"href":"https:\/\/www.info.valladolid.es\/blog\/wp-json\/wp\/v2\/posts\/3846\/revisions\/4360"}],"wp:featuredmedia":[{"embeddable":true,"href":"https:\/\/www.info.valladolid.es\/blog\/wp-json\/wp\/v2\/media\/3976"}],"wp:attachment":[{"href":"https:\/\/www.info.valladolid.es\/blog\/wp-json\/wp\/v2\/media?parent=3846"}],"wp:term":[{"taxonomy":"category","embeddable":true,"href":"https:\/\/www.info.valladolid.es\/blog\/wp-json\/wp\/v2\/categories?post=3846"},{"taxonomy":"post_tag","embeddable":true,"href":"https:\/\/www.info.valladolid.es\/blog\/wp-json\/wp\/v2\/tags?post=3846"}],"curies":[{"name":"wp","href":"https:\/\/api.w.org\/{rel}","templated":true}]}}