{"id":3844,"date":"2020-05-02T09:57:46","date_gmt":"2020-05-02T09:57:46","guid":{"rendered":"https:\/\/www.info.valladolid.es\/blog\/?p=3844"},"modified":"2020-10-27T11:21:03","modified_gmt":"2020-10-27T11:21:03","slug":"la-leyenda-del-sillon-del-diablo","status":"publish","type":"post","link":"https:\/\/www.info.valladolid.es\/blog\/la-leyenda-del-sillon-del-diablo\/","title":{"rendered":"La leyenda del sill\u00f3n del diablo"},"content":{"rendered":"\n<p>Uno de los\nacontecimientos m\u00e1s relevantes en la historia de la Medicina de nuestro pa\u00eds\ntuvo lugar en Valladolid. La Universidad de la ciudad recibi\u00f3 en 1550 al m\u00e9dico\nAlfonso Rodr\u00edguez de Guevara, quien hab\u00eda aprendido anatom\u00eda en Italia, para\nofrecer un curso acerca de esta materia. <\/p>\n\n\n\n<p>Contaba entre\nsus estudiantes con el joven portugu\u00e9s Andr\u00e9s de Proaza, quien manifestaba un\ndesmedido inter\u00e9s por el estudio del cuerpo humano. Dice la leyenda que pronto\ndemostr\u00f3 unas dotes superiores, incluso, a las de su maestro. <\/p>\n\n\n\n<p>Pese a la\nadmiraci\u00f3n de la que era objeto en la universidad, los vecinos del portugu\u00e9s\nrecelaban de sus pr\u00e1cticas. Se rumoreaba que practicaba la magia negra. Pronto\ncomenz\u00f3 a decirse que por las noches se o\u00edan extra\u00f1os lamentos y gemidos provenientes\nde su habitaci\u00f3n. <\/p>\n\n\n\n<p>En este tiempo\ndesapareci\u00f3 en la villa un ni\u00f1o de nueve a\u00f1os. Preocupados, los vecinos\nalertaron de los llantos que escuchaban y de que el agua que esa casa vert\u00eda al\ncauce del Esgueva ten\u00eda un peculiar color rojizo.<\/p>\n\n\n\n<p>Las autoridades\ntoparon con una de las escenas m\u00e1s macabras que recuerda la ciudad. Baste decir\nque el pobre ni\u00f1o fue utilizado para el estudio anat\u00f3mico del portugu\u00e9s.<\/p>\n\n\n\n<p>El Tribunal del\nSanto Oficio asumi\u00f3 el juicio. Durante unas delirantes declaraciones, el joven\nafirm\u00f3 tener un pacto con el mism\u00edsimo diablo, con quien se comunicaba a trav\u00e9s\nde un sill\u00f3n. Dec\u00eda que cuando se sentaba en el mueble se le desvelaban los\nsecretos de la nigromancia. Que el diablo le susurraba terribles ideas, pero\nque tambi\u00e9n le obsequiaba con avanzados conocimientos de medicina. <\/p>\n\n\n\n<p>Pero tambi\u00e9n\nlanz\u00f3 una advertencia: solo los estudiosos de la medicina pod\u00edan descansar en\nel sill\u00f3n; quien no cumpliera con el requisito o quien osara a intentar destruirlo,\nmorir\u00eda en tres d\u00edas. <\/p>\n\n\n\n<p>Andr\u00e9s fue\ncondenado a muerte. Nadie quiso adquirir los objetos relacionados con el s\u00e1dico\nasesino, mucho menos aquel sill\u00f3n maldito. Finalmente pasaron a ser propiedad\nde la Universidad, donde fueron olvidados. <\/p>\n\n\n\n<p>Pasaron los\na\u00f1os. El polvo cubri\u00f3 la piel del sill\u00f3n y el tiempo desdibuj\u00f3 aquellos temores\nque anta\u00f1o sobrecogieron la memoria de la villa. &nbsp;<\/p>\n\n\n\n<p><strong><u>Una leyenda recordada<\/u><\/strong><\/p>\n\n\n\n<p>Ya nadie\nrecordaba aquella historia de maldiciones y confesiones sat\u00e1nicas. El sill\u00f3n\nhab\u00eda pasado a ser un trasto m\u00e1s que estorbaba en los trasteros de la facultad.\n<\/p>\n\n\n\n<p>En estas, un\nbedel dio con la silla. No deb\u00eda de tener mala pinta: realizada en madera de\nnogal y tapizada con cuero de calidad, \u00bfqu\u00e9 hac\u00eda aqu\u00e9l sill\u00f3n all\u00ed abandonado?<\/p>\n\n\n\n<p>Decidi\u00f3 usarlo para descansar entre clase y clase. Tres d\u00edas despu\u00e9s el conserje muri\u00f3, al parecer, por causas naturales. Cuando su sustito corri\u00f3 la misma suerte, alguien record\u00f3 las palabras prof\u00e9ticas de Andr\u00e9s de Proaza. Se decidi\u00f3, entonces, colgar la silla boca abajo de un techo para que nadie pudiera volver a usarla. <\/p>\n\n\n\n<p>Y all\u00ed\npermaneci\u00f3 hasta que en 1890 pas\u00f3 a formar parte de los fondos del Museo de\nValladolid, donde a d\u00eda de hoy se expone. Eso s\u00ed, un cord\u00f3n evita que los\ncuriosos sientan la tentaci\u00f3n de sentarse\u2026por si acaso. <\/p>\n","protected":false},"excerpt":{"rendered":"<p>Uno de los acontecimientos m\u00e1s relevantes en la historia de la Medicina de nuestro pa\u00eds tuvo lugar en Valladolid. La Universidad de la ciudad recibi\u00f3 en 1550 al m\u00e9dico Alfonso Rodr\u00edguez de Guevara, quien hab\u00eda aprendido anatom\u00eda en Italia, para ofrecer un curso acerca de esta materia. Contaba entre sus estudiantes con el joven portugu\u00e9s Andr\u00e9s de Proaza, quien manifestaba un desmedido inter\u00e9s por el estudio del cuerpo humano. Dice la leyenda que pronto demostr\u00f3 unas dotes superiores, incluso, a las de su maestro. Pese a la admiraci\u00f3n de la que era objeto en la universidad, los vecinos del portugu\u00e9s recelaban de sus pr\u00e1cticas. Se rumoreaba que practicaba la magia negra. Pronto comenz\u00f3 a decirse que por las noches se o\u00edan extra\u00f1os lamentos y gemidos provenientes de su habitaci\u00f3n. En este tiempo desapareci\u00f3 en la villa un ni\u00f1o de nueve a\u00f1os. Preocupados, los vecinos alertaron de los llantos que escuchaban y de que el agua que esa casa vert\u00eda al cauce del Esgueva ten\u00eda un peculiar color rojizo. Las autoridades toparon con una de las escenas m\u00e1s macabras que recuerda la ciudad. Baste decir que el pobre ni\u00f1o fue utilizado para el estudio anat\u00f3mico del portugu\u00e9s. El Tribunal del Santo [&hellip;]<\/p>\n","protected":false},"author":1,"featured_media":3848,"comment_status":"open","ping_status":"open","sticky":false,"template":"","format":"standard","meta":{"footnotes":""},"categories":[5],"tags":[66],"class_list":["post-3844","post","type-post","status-publish","format-standard","has-post-thumbnail","hentry","category-curiosidades_y_leyendas","tag-leyendas"],"yoast_head":"<!-- This site is optimized with the Yoast SEO plugin v27.5 - https:\/\/yoast.com\/product\/yoast-seo-wordpress\/ -->\n<title>La leyenda del sill\u00f3n del diablo - Blog Cultura y Turismo<\/title>\n<meta name=\"robots\" content=\"index, follow, max-snippet:-1, max-image-preview:large, max-video-preview:-1\" \/>\n<link rel=\"canonical\" href=\"https:\/\/www.info.valladolid.es\/blog\/la-leyenda-del-sillon-del-diablo\/\" \/>\n<meta property=\"og:locale\" content=\"es_ES\" \/>\n<meta property=\"og:type\" content=\"article\" \/>\n<meta property=\"og:title\" content=\"La leyenda del sill\u00f3n del diablo - Blog Cultura y Turismo\" \/>\n<meta property=\"og:description\" content=\"Uno de los acontecimientos m\u00e1s relevantes en la historia de la Medicina de nuestro pa\u00eds tuvo lugar en Valladolid. La Universidad de la ciudad recibi\u00f3 en 1550 al m\u00e9dico Alfonso Rodr\u00edguez de Guevara, quien hab\u00eda aprendido anatom\u00eda en Italia, para ofrecer un curso acerca de esta materia. Contaba entre sus estudiantes con el joven portugu\u00e9s Andr\u00e9s de Proaza, quien manifestaba un desmedido inter\u00e9s por el estudio del cuerpo humano. Dice la leyenda que pronto demostr\u00f3 unas dotes superiores, incluso, a las de su maestro. Pese a la admiraci\u00f3n de la que era objeto en la universidad, los vecinos del portugu\u00e9s recelaban de sus pr\u00e1cticas. Se rumoreaba que practicaba la magia negra. Pronto comenz\u00f3 a decirse que por las noches se o\u00edan extra\u00f1os lamentos y gemidos provenientes de su habitaci\u00f3n. En este tiempo desapareci\u00f3 en la villa un ni\u00f1o de nueve a\u00f1os. Preocupados, los vecinos alertaron de los llantos que escuchaban y de que el agua que esa casa vert\u00eda al cauce del Esgueva ten\u00eda un peculiar color rojizo. Las autoridades toparon con una de las escenas m\u00e1s macabras que recuerda la ciudad. Baste decir que el pobre ni\u00f1o fue utilizado para el estudio anat\u00f3mico del portugu\u00e9s. El Tribunal del Santo [&hellip;]\" \/>\n<meta property=\"og:url\" content=\"https:\/\/www.info.valladolid.es\/blog\/la-leyenda-del-sillon-del-diablo\/\" \/>\n<meta property=\"og:site_name\" content=\"Blog Cultura y Turismo\" \/>\n<meta property=\"article:published_time\" content=\"2020-05-02T09:57:46+00:00\" \/>\n<meta property=\"article:modified_time\" content=\"2020-10-27T11:21:03+00:00\" \/>\n<meta property=\"og:image\" content=\"https:\/\/www.info.valladolid.es\/blog\/wp-content\/uploads\/2020\/05\/blog-sillon-diablo.jpg\" \/>\n\t<meta property=\"og:image:width\" content=\"900\" \/>\n\t<meta property=\"og:image:height\" content=\"675\" \/>\n\t<meta property=\"og:image:type\" content=\"image\/jpeg\" \/>\n<meta name=\"author\" content=\"administrador\" \/>\n<meta name=\"twitter:card\" content=\"summary_large_image\" \/>\n<meta name=\"twitter:label1\" content=\"Escrito por\" \/>\n\t<meta name=\"twitter:data1\" content=\"administrador\" \/>\n\t<meta name=\"twitter:label2\" content=\"Tiempo de lectura\" \/>\n\t<meta name=\"twitter:data2\" content=\"3 minutos\" \/>\n<script type=\"application\/ld+json\" class=\"yoast-schema-graph\">{\"@context\":\"https:\\\/\\\/schema.org\",\"@graph\":[{\"@type\":\"Article\",\"@id\":\"https:\\\/\\\/www.info.valladolid.es\\\/blog\\\/la-leyenda-del-sillon-del-diablo\\\/#article\",\"isPartOf\":{\"@id\":\"https:\\\/\\\/www.info.valladolid.es\\\/blog\\\/la-leyenda-del-sillon-del-diablo\\\/\"},\"author\":{\"name\":\"administrador\",\"@id\":\"https:\\\/\\\/www.info.valladolid.es\\\/blog\\\/#\\\/schema\\\/person\\\/845cac97e6156a5a9c5abd68b7b9a5d5\"},\"headline\":\"La leyenda del sill\u00f3n del diablo\",\"datePublished\":\"2020-05-02T09:57:46+00:00\",\"dateModified\":\"2020-10-27T11:21:03+00:00\",\"mainEntityOfPage\":{\"@id\":\"https:\\\/\\\/www.info.valladolid.es\\\/blog\\\/la-leyenda-del-sillon-del-diablo\\\/\"},\"wordCount\":562,\"commentCount\":1,\"image\":{\"@id\":\"https:\\\/\\\/www.info.valladolid.es\\\/blog\\\/la-leyenda-del-sillon-del-diablo\\\/#primaryimage\"},\"thumbnailUrl\":\"https:\\\/\\\/www.info.valladolid.es\\\/blog\\\/wp-content\\\/uploads\\\/2020\\\/05\\\/blog-sillon-diablo.jpg\",\"keywords\":[\"leyendas\"],\"articleSection\":[\"Curiosidades y leyendas\"],\"inLanguage\":\"es\",\"potentialAction\":[{\"@type\":\"CommentAction\",\"name\":\"Comment\",\"target\":[\"https:\\\/\\\/www.info.valladolid.es\\\/blog\\\/la-leyenda-del-sillon-del-diablo\\\/#respond\"]}]},{\"@type\":\"WebPage\",\"@id\":\"https:\\\/\\\/www.info.valladolid.es\\\/blog\\\/la-leyenda-del-sillon-del-diablo\\\/\",\"url\":\"https:\\\/\\\/www.info.valladolid.es\\\/blog\\\/la-leyenda-del-sillon-del-diablo\\\/\",\"name\":\"La leyenda del sill\u00f3n del diablo - Blog Cultura y Turismo\",\"isPartOf\":{\"@id\":\"https:\\\/\\\/www.info.valladolid.es\\\/blog\\\/#website\"},\"primaryImageOfPage\":{\"@id\":\"https:\\\/\\\/www.info.valladolid.es\\\/blog\\\/la-leyenda-del-sillon-del-diablo\\\/#primaryimage\"},\"image\":{\"@id\":\"https:\\\/\\\/www.info.valladolid.es\\\/blog\\\/la-leyenda-del-sillon-del-diablo\\\/#primaryimage\"},\"thumbnailUrl\":\"https:\\\/\\\/www.info.valladolid.es\\\/blog\\\/wp-content\\\/uploads\\\/2020\\\/05\\\/blog-sillon-diablo.jpg\",\"datePublished\":\"2020-05-02T09:57:46+00:00\",\"dateModified\":\"2020-10-27T11:21:03+00:00\",\"author\":{\"@id\":\"https:\\\/\\\/www.info.valladolid.es\\\/blog\\\/#\\\/schema\\\/person\\\/845cac97e6156a5a9c5abd68b7b9a5d5\"},\"breadcrumb\":{\"@id\":\"https:\\\/\\\/www.info.valladolid.es\\\/blog\\\/la-leyenda-del-sillon-del-diablo\\\/#breadcrumb\"},\"inLanguage\":\"es\",\"potentialAction\":[{\"@type\":\"ReadAction\",\"target\":[\"https:\\\/\\\/www.info.valladolid.es\\\/blog\\\/la-leyenda-del-sillon-del-diablo\\\/\"]}]},{\"@type\":\"ImageObject\",\"inLanguage\":\"es\",\"@id\":\"https:\\\/\\\/www.info.valladolid.es\\\/blog\\\/la-leyenda-del-sillon-del-diablo\\\/#primaryimage\",\"url\":\"https:\\\/\\\/www.info.valladolid.es\\\/blog\\\/wp-content\\\/uploads\\\/2020\\\/05\\\/blog-sillon-diablo.jpg\",\"contentUrl\":\"https:\\\/\\\/www.info.valladolid.es\\\/blog\\\/wp-content\\\/uploads\\\/2020\\\/05\\\/blog-sillon-diablo.jpg\",\"width\":900,\"height\":675},{\"@type\":\"BreadcrumbList\",\"@id\":\"https:\\\/\\\/www.info.valladolid.es\\\/blog\\\/la-leyenda-del-sillon-del-diablo\\\/#breadcrumb\",\"itemListElement\":[{\"@type\":\"ListItem\",\"position\":1,\"name\":\"Home\",\"item\":\"https:\\\/\\\/www.info.valladolid.es\\\/blog\\\/\"},{\"@type\":\"ListItem\",\"position\":2,\"name\":\"La leyenda del sill\u00f3n del diablo\"}]},{\"@type\":\"WebSite\",\"@id\":\"https:\\\/\\\/www.info.valladolid.es\\\/blog\\\/#website\",\"url\":\"https:\\\/\\\/www.info.valladolid.es\\\/blog\\\/\",\"name\":\"Blog Cultura y Turismo\",\"description\":\"\",\"potentialAction\":[{\"@type\":\"SearchAction\",\"target\":{\"@type\":\"EntryPoint\",\"urlTemplate\":\"https:\\\/\\\/www.info.valladolid.es\\\/blog\\\/?s={search_term_string}\"},\"query-input\":{\"@type\":\"PropertyValueSpecification\",\"valueRequired\":true,\"valueName\":\"search_term_string\"}}],\"inLanguage\":\"es\"},{\"@type\":\"Person\",\"@id\":\"https:\\\/\\\/www.info.valladolid.es\\\/blog\\\/#\\\/schema\\\/person\\\/845cac97e6156a5a9c5abd68b7b9a5d5\",\"name\":\"administrador\",\"image\":{\"@type\":\"ImageObject\",\"inLanguage\":\"es\",\"@id\":\"https:\\\/\\\/secure.gravatar.com\\\/avatar\\\/418161d2f95196597e2d305bd301c850afab7f4b284a344fb2d759f048b71c61?s=96&d=mm&r=g\",\"url\":\"https:\\\/\\\/secure.gravatar.com\\\/avatar\\\/418161d2f95196597e2d305bd301c850afab7f4b284a344fb2d759f048b71c61?s=96&d=mm&r=g\",\"contentUrl\":\"https:\\\/\\\/secure.gravatar.com\\\/avatar\\\/418161d2f95196597e2d305bd301c850afab7f4b284a344fb2d759f048b71c61?s=96&d=mm&r=g\",\"caption\":\"administrador\"},\"url\":\"https:\\\/\\\/www.info.valladolid.es\\\/blog\\\/author\\\/administrador\\\/\"}]}<\/script>\n<!-- \/ Yoast SEO plugin. -->","yoast_head_json":{"title":"La leyenda del sill\u00f3n del diablo - Blog Cultura y Turismo","robots":{"index":"index","follow":"follow","max-snippet":"max-snippet:-1","max-image-preview":"max-image-preview:large","max-video-preview":"max-video-preview:-1"},"canonical":"https:\/\/www.info.valladolid.es\/blog\/la-leyenda-del-sillon-del-diablo\/","og_locale":"es_ES","og_type":"article","og_title":"La leyenda del sill\u00f3n del diablo - Blog Cultura y Turismo","og_description":"Uno de los acontecimientos m\u00e1s relevantes en la historia de la Medicina de nuestro pa\u00eds tuvo lugar en Valladolid. La Universidad de la ciudad recibi\u00f3 en 1550 al m\u00e9dico Alfonso Rodr\u00edguez de Guevara, quien hab\u00eda aprendido anatom\u00eda en Italia, para ofrecer un curso acerca de esta materia. Contaba entre sus estudiantes con el joven portugu\u00e9s Andr\u00e9s de Proaza, quien manifestaba un desmedido inter\u00e9s por el estudio del cuerpo humano. Dice la leyenda que pronto demostr\u00f3 unas dotes superiores, incluso, a las de su maestro. Pese a la admiraci\u00f3n de la que era objeto en la universidad, los vecinos del portugu\u00e9s recelaban de sus pr\u00e1cticas. Se rumoreaba que practicaba la magia negra. Pronto comenz\u00f3 a decirse que por las noches se o\u00edan extra\u00f1os lamentos y gemidos provenientes de su habitaci\u00f3n. En este tiempo desapareci\u00f3 en la villa un ni\u00f1o de nueve a\u00f1os. Preocupados, los vecinos alertaron de los llantos que escuchaban y de que el agua que esa casa vert\u00eda al cauce del Esgueva ten\u00eda un peculiar color rojizo. Las autoridades toparon con una de las escenas m\u00e1s macabras que recuerda la ciudad. Baste decir que el pobre ni\u00f1o fue utilizado para el estudio anat\u00f3mico del portugu\u00e9s. El Tribunal del Santo [&hellip;]","og_url":"https:\/\/www.info.valladolid.es\/blog\/la-leyenda-del-sillon-del-diablo\/","og_site_name":"Blog Cultura y Turismo","article_published_time":"2020-05-02T09:57:46+00:00","article_modified_time":"2020-10-27T11:21:03+00:00","og_image":[{"width":900,"height":675,"url":"https:\/\/www.info.valladolid.es\/blog\/wp-content\/uploads\/2020\/05\/blog-sillon-diablo.jpg","type":"image\/jpeg"}],"author":"administrador","twitter_card":"summary_large_image","twitter_misc":{"Escrito por":"administrador","Tiempo de lectura":"3 minutos"},"schema":{"@context":"https:\/\/schema.org","@graph":[{"@type":"Article","@id":"https:\/\/www.info.valladolid.es\/blog\/la-leyenda-del-sillon-del-diablo\/#article","isPartOf":{"@id":"https:\/\/www.info.valladolid.es\/blog\/la-leyenda-del-sillon-del-diablo\/"},"author":{"name":"administrador","@id":"https:\/\/www.info.valladolid.es\/blog\/#\/schema\/person\/845cac97e6156a5a9c5abd68b7b9a5d5"},"headline":"La leyenda del sill\u00f3n del diablo","datePublished":"2020-05-02T09:57:46+00:00","dateModified":"2020-10-27T11:21:03+00:00","mainEntityOfPage":{"@id":"https:\/\/www.info.valladolid.es\/blog\/la-leyenda-del-sillon-del-diablo\/"},"wordCount":562,"commentCount":1,"image":{"@id":"https:\/\/www.info.valladolid.es\/blog\/la-leyenda-del-sillon-del-diablo\/#primaryimage"},"thumbnailUrl":"https:\/\/www.info.valladolid.es\/blog\/wp-content\/uploads\/2020\/05\/blog-sillon-diablo.jpg","keywords":["leyendas"],"articleSection":["Curiosidades y leyendas"],"inLanguage":"es","potentialAction":[{"@type":"CommentAction","name":"Comment","target":["https:\/\/www.info.valladolid.es\/blog\/la-leyenda-del-sillon-del-diablo\/#respond"]}]},{"@type":"WebPage","@id":"https:\/\/www.info.valladolid.es\/blog\/la-leyenda-del-sillon-del-diablo\/","url":"https:\/\/www.info.valladolid.es\/blog\/la-leyenda-del-sillon-del-diablo\/","name":"La leyenda del sill\u00f3n del diablo - Blog Cultura y Turismo","isPartOf":{"@id":"https:\/\/www.info.valladolid.es\/blog\/#website"},"primaryImageOfPage":{"@id":"https:\/\/www.info.valladolid.es\/blog\/la-leyenda-del-sillon-del-diablo\/#primaryimage"},"image":{"@id":"https:\/\/www.info.valladolid.es\/blog\/la-leyenda-del-sillon-del-diablo\/#primaryimage"},"thumbnailUrl":"https:\/\/www.info.valladolid.es\/blog\/wp-content\/uploads\/2020\/05\/blog-sillon-diablo.jpg","datePublished":"2020-05-02T09:57:46+00:00","dateModified":"2020-10-27T11:21:03+00:00","author":{"@id":"https:\/\/www.info.valladolid.es\/blog\/#\/schema\/person\/845cac97e6156a5a9c5abd68b7b9a5d5"},"breadcrumb":{"@id":"https:\/\/www.info.valladolid.es\/blog\/la-leyenda-del-sillon-del-diablo\/#breadcrumb"},"inLanguage":"es","potentialAction":[{"@type":"ReadAction","target":["https:\/\/www.info.valladolid.es\/blog\/la-leyenda-del-sillon-del-diablo\/"]}]},{"@type":"ImageObject","inLanguage":"es","@id":"https:\/\/www.info.valladolid.es\/blog\/la-leyenda-del-sillon-del-diablo\/#primaryimage","url":"https:\/\/www.info.valladolid.es\/blog\/wp-content\/uploads\/2020\/05\/blog-sillon-diablo.jpg","contentUrl":"https:\/\/www.info.valladolid.es\/blog\/wp-content\/uploads\/2020\/05\/blog-sillon-diablo.jpg","width":900,"height":675},{"@type":"BreadcrumbList","@id":"https:\/\/www.info.valladolid.es\/blog\/la-leyenda-del-sillon-del-diablo\/#breadcrumb","itemListElement":[{"@type":"ListItem","position":1,"name":"Home","item":"https:\/\/www.info.valladolid.es\/blog\/"},{"@type":"ListItem","position":2,"name":"La leyenda del sill\u00f3n del diablo"}]},{"@type":"WebSite","@id":"https:\/\/www.info.valladolid.es\/blog\/#website","url":"https:\/\/www.info.valladolid.es\/blog\/","name":"Blog Cultura y Turismo","description":"","potentialAction":[{"@type":"SearchAction","target":{"@type":"EntryPoint","urlTemplate":"https:\/\/www.info.valladolid.es\/blog\/?s={search_term_string}"},"query-input":{"@type":"PropertyValueSpecification","valueRequired":true,"valueName":"search_term_string"}}],"inLanguage":"es"},{"@type":"Person","@id":"https:\/\/www.info.valladolid.es\/blog\/#\/schema\/person\/845cac97e6156a5a9c5abd68b7b9a5d5","name":"administrador","image":{"@type":"ImageObject","inLanguage":"es","@id":"https:\/\/secure.gravatar.com\/avatar\/418161d2f95196597e2d305bd301c850afab7f4b284a344fb2d759f048b71c61?s=96&d=mm&r=g","url":"https:\/\/secure.gravatar.com\/avatar\/418161d2f95196597e2d305bd301c850afab7f4b284a344fb2d759f048b71c61?s=96&d=mm&r=g","contentUrl":"https:\/\/secure.gravatar.com\/avatar\/418161d2f95196597e2d305bd301c850afab7f4b284a344fb2d759f048b71c61?s=96&d=mm&r=g","caption":"administrador"},"url":"https:\/\/www.info.valladolid.es\/blog\/author\/administrador\/"}]}},"_links":{"self":[{"href":"https:\/\/www.info.valladolid.es\/blog\/wp-json\/wp\/v2\/posts\/3844","targetHints":{"allow":["GET"]}}],"collection":[{"href":"https:\/\/www.info.valladolid.es\/blog\/wp-json\/wp\/v2\/posts"}],"about":[{"href":"https:\/\/www.info.valladolid.es\/blog\/wp-json\/wp\/v2\/types\/post"}],"author":[{"embeddable":true,"href":"https:\/\/www.info.valladolid.es\/blog\/wp-json\/wp\/v2\/users\/1"}],"replies":[{"embeddable":true,"href":"https:\/\/www.info.valladolid.es\/blog\/wp-json\/wp\/v2\/comments?post=3844"}],"version-history":[{"count":3,"href":"https:\/\/www.info.valladolid.es\/blog\/wp-json\/wp\/v2\/posts\/3844\/revisions"}],"predecessor-version":[{"id":3850,"href":"https:\/\/www.info.valladolid.es\/blog\/wp-json\/wp\/v2\/posts\/3844\/revisions\/3850"}],"wp:featuredmedia":[{"embeddable":true,"href":"https:\/\/www.info.valladolid.es\/blog\/wp-json\/wp\/v2\/media\/3848"}],"wp:attachment":[{"href":"https:\/\/www.info.valladolid.es\/blog\/wp-json\/wp\/v2\/media?parent=3844"}],"wp:term":[{"taxonomy":"category","embeddable":true,"href":"https:\/\/www.info.valladolid.es\/blog\/wp-json\/wp\/v2\/categories?post=3844"},{"taxonomy":"post_tag","embeddable":true,"href":"https:\/\/www.info.valladolid.es\/blog\/wp-json\/wp\/v2\/tags?post=3844"}],"curies":[{"name":"wp","href":"https:\/\/api.w.org\/{rel}","templated":true}]}}