{"id":3656,"date":"2020-03-24T08:26:51","date_gmt":"2020-03-24T08:26:51","guid":{"rendered":"https:\/\/www.info.valladolid.es\/blog\/?p=3656"},"modified":"2020-03-20T16:53:00","modified_gmt":"2020-03-20T16:53:00","slug":"la-leyenda-de-la-plaza-de-los-ciegos","status":"publish","type":"post","link":"https:\/\/www.info.valladolid.es\/blog\/la-leyenda-de-la-plaza-de-los-ciegos\/","title":{"rendered":"La leyenda de la plaza de los Ciegos"},"content":{"rendered":"\n<p>En la antigua juder\u00eda de Valladolid se esconde la llamada plaza de los Ciegos. Su curioso nombre responde a la leyenda que se teji\u00f3 en la ciudad acerca de la joven jud\u00eda Susana.<\/p>\n\n\n\n<p>Cuenta la tradici\u00f3n oral que aqu\u00ed se encontraba la casa de un acaudalado jud\u00edo, Salom\u00f3n, conocido, adem\u00e1s de por sus negocios, por la belleza de su hija Susana. <\/p>\n\n\n\n<p>La joven pronto dio qu\u00e9 hablar en la ciudad. Sus ojos, se dec\u00eda que de color violeta, despertaban la curiosidad de muchos. Tantos fueron los pretendientes que atosigaban a Salom\u00f3n,  incluidos herederos de algunas de las m\u00e1s nobles familias de la villa, que el comerciante decidi\u00f3 tomar medidas. <\/p>\n\n\n\n<p>Despu\u00e9s de perder a su mujer, Susana era el m\u00e1s preciado tesoro de Salom\u00f3n y, ante el acoso al que se vio sometido por la fama de la joven, la orden\u00f3 que no abandonara la casa sin cubrirse de tal modo que nadie pudiera verle el rostro. <\/p>\n\n\n\n<p>La medida solo aviv\u00f3 la curiosidad de los vecinos. Un grupo de cuatro jud\u00edos, conocedores de que Salom\u00f3n hab\u00eda dejado parte de su cuidado jard\u00edn a la vista, como orgullo del que presum\u00eda; se las idearon para espiar a la joven a trav\u00e9s de sus rejas. <\/p>\n\n\n\n<p>Y all\u00ed hicieron guardia. En estas, Susana sali\u00f3 al patio con la intenci\u00f3n de ba\u00f1arse. Cuando se desnud\u00f3, quiz\u00e1 por la intensidad de su belleza, quiz\u00e1 por castigo divino, se dice que los cuatro j\u00f3venes quedaron ciegos. <\/p>\n\n\n\n<ul class=\"wp-block-list\"><li>La leyenda  est\u00e1 recogida en el libro <em>Rincones\u00a0con\u00a0fantasma.\u00a0Un\u00a0paseo\u00a0por\u00a0el\u00a0Valladolid\u00a0desaparecido<\/em>, escrito por Juan Carlos Urue\u00f1a y editado por el Ayuntamiento de Valladolid. <\/li><\/ul>\n","protected":false},"excerpt":{"rendered":"<p>En la antigua juder\u00eda de Valladolid se esconde la llamada plaza de los Ciegos. Su curioso nombre responde a la leyenda que se teji\u00f3 en la ciudad acerca de la joven jud\u00eda Susana. Cuenta la tradici\u00f3n oral que aqu\u00ed se encontraba la casa de un acaudalado jud\u00edo, Salom\u00f3n, conocido, adem\u00e1s de por sus negocios, por la belleza de su hija Susana. La joven pronto dio qu\u00e9 hablar en la ciudad. Sus ojos, se dec\u00eda que de color violeta, despertaban la curiosidad de muchos. Tantos fueron los pretendientes que atosigaban a Salom\u00f3n, incluidos herederos de algunas de las m\u00e1s nobles familias de la villa, que el comerciante decidi\u00f3 tomar medidas. Despu\u00e9s de perder a su mujer, Susana era el m\u00e1s preciado tesoro de Salom\u00f3n y, ante el acoso al que se vio sometido por la fama de la joven, la orden\u00f3 que no abandonara la casa sin cubrirse de tal modo que nadie pudiera verle el rostro. La medida solo aviv\u00f3 la curiosidad de los vecinos. Un grupo de cuatro jud\u00edos, conocedores de que Salom\u00f3n hab\u00eda dejado parte de su cuidado jard\u00edn a la vista, como orgullo del que presum\u00eda; se las idearon para espiar a la joven a trav\u00e9s de [&hellip;]<\/p>\n","protected":false},"author":1,"featured_media":3665,"comment_status":"open","ping_status":"open","sticky":false,"template":"","format":"standard","meta":{"footnotes":""},"categories":[5],"tags":[66],"class_list":["post-3656","post","type-post","status-publish","format-standard","has-post-thumbnail","hentry","category-curiosidades_y_leyendas","tag-leyendas"],"yoast_head":"<!-- This site is optimized with the Yoast SEO plugin v27.4 - https:\/\/yoast.com\/product\/yoast-seo-wordpress\/ -->\n<title>La leyenda de la plaza de los Ciegos - Blog Cultura y Turismo<\/title>\n<meta name=\"robots\" content=\"index, follow, max-snippet:-1, max-image-preview:large, max-video-preview:-1\" \/>\n<link rel=\"canonical\" href=\"https:\/\/www.info.valladolid.es\/blog\/la-leyenda-de-la-plaza-de-los-ciegos\/\" \/>\n<meta property=\"og:locale\" content=\"es_ES\" \/>\n<meta property=\"og:type\" content=\"article\" \/>\n<meta property=\"og:title\" content=\"La leyenda de la plaza de los Ciegos - Blog Cultura y Turismo\" \/>\n<meta property=\"og:description\" content=\"En la antigua juder\u00eda de Valladolid se esconde la llamada plaza de los Ciegos. Su curioso nombre responde a la leyenda que se teji\u00f3 en la ciudad acerca de la joven jud\u00eda Susana. Cuenta la tradici\u00f3n oral que aqu\u00ed se encontraba la casa de un acaudalado jud\u00edo, Salom\u00f3n, conocido, adem\u00e1s de por sus negocios, por la belleza de su hija Susana. La joven pronto dio qu\u00e9 hablar en la ciudad. Sus ojos, se dec\u00eda que de color violeta, despertaban la curiosidad de muchos. Tantos fueron los pretendientes que atosigaban a Salom\u00f3n, incluidos herederos de algunas de las m\u00e1s nobles familias de la villa, que el comerciante decidi\u00f3 tomar medidas. Despu\u00e9s de perder a su mujer, Susana era el m\u00e1s preciado tesoro de Salom\u00f3n y, ante el acoso al que se vio sometido por la fama de la joven, la orden\u00f3 que no abandonara la casa sin cubrirse de tal modo que nadie pudiera verle el rostro. La medida solo aviv\u00f3 la curiosidad de los vecinos. Un grupo de cuatro jud\u00edos, conocedores de que Salom\u00f3n hab\u00eda dejado parte de su cuidado jard\u00edn a la vista, como orgullo del que presum\u00eda; se las idearon para espiar a la joven a trav\u00e9s de [&hellip;]\" \/>\n<meta property=\"og:url\" content=\"https:\/\/www.info.valladolid.es\/blog\/la-leyenda-de-la-plaza-de-los-ciegos\/\" \/>\n<meta property=\"og:site_name\" content=\"Blog Cultura y Turismo\" \/>\n<meta property=\"article:published_time\" content=\"2020-03-24T08:26:51+00:00\" \/>\n<meta property=\"og:image\" content=\"https:\/\/www.info.valladolid.es\/blog\/wp-content\/uploads\/2020\/03\/plaza-ciegos-blos-1024x768.jpg\" \/>\n\t<meta property=\"og:image:width\" content=\"1024\" \/>\n\t<meta property=\"og:image:height\" content=\"768\" \/>\n\t<meta property=\"og:image:type\" content=\"image\/jpeg\" \/>\n<meta name=\"author\" content=\"administrador\" \/>\n<meta name=\"twitter:card\" content=\"summary_large_image\" \/>\n<meta name=\"twitter:label1\" content=\"Escrito por\" \/>\n\t<meta name=\"twitter:data1\" content=\"administrador\" \/>\n\t<meta name=\"twitter:label2\" content=\"Tiempo de lectura\" \/>\n\t<meta name=\"twitter:data2\" content=\"1 minuto\" \/>\n<script type=\"application\/ld+json\" class=\"yoast-schema-graph\">{\"@context\":\"https:\\\/\\\/schema.org\",\"@graph\":[{\"@type\":\"Article\",\"@id\":\"https:\\\/\\\/www.info.valladolid.es\\\/blog\\\/la-leyenda-de-la-plaza-de-los-ciegos\\\/#article\",\"isPartOf\":{\"@id\":\"https:\\\/\\\/www.info.valladolid.es\\\/blog\\\/la-leyenda-de-la-plaza-de-los-ciegos\\\/\"},\"author\":{\"name\":\"administrador\",\"@id\":\"https:\\\/\\\/www.info.valladolid.es\\\/blog\\\/#\\\/schema\\\/person\\\/845cac97e6156a5a9c5abd68b7b9a5d5\"},\"headline\":\"La leyenda de la plaza de los Ciegos\",\"datePublished\":\"2020-03-24T08:26:51+00:00\",\"mainEntityOfPage\":{\"@id\":\"https:\\\/\\\/www.info.valladolid.es\\\/blog\\\/la-leyenda-de-la-plaza-de-los-ciegos\\\/\"},\"wordCount\":297,\"commentCount\":5,\"image\":{\"@id\":\"https:\\\/\\\/www.info.valladolid.es\\\/blog\\\/la-leyenda-de-la-plaza-de-los-ciegos\\\/#primaryimage\"},\"thumbnailUrl\":\"https:\\\/\\\/www.info.valladolid.es\\\/blog\\\/wp-content\\\/uploads\\\/2020\\\/03\\\/plaza-ciegos-blos.jpg\",\"keywords\":[\"leyendas\"],\"articleSection\":[\"Curiosidades y leyendas\"],\"inLanguage\":\"es\",\"potentialAction\":[{\"@type\":\"CommentAction\",\"name\":\"Comment\",\"target\":[\"https:\\\/\\\/www.info.valladolid.es\\\/blog\\\/la-leyenda-de-la-plaza-de-los-ciegos\\\/#respond\"]}]},{\"@type\":\"WebPage\",\"@id\":\"https:\\\/\\\/www.info.valladolid.es\\\/blog\\\/la-leyenda-de-la-plaza-de-los-ciegos\\\/\",\"url\":\"https:\\\/\\\/www.info.valladolid.es\\\/blog\\\/la-leyenda-de-la-plaza-de-los-ciegos\\\/\",\"name\":\"La leyenda de la plaza de los Ciegos - Blog Cultura y Turismo\",\"isPartOf\":{\"@id\":\"https:\\\/\\\/www.info.valladolid.es\\\/blog\\\/#website\"},\"primaryImageOfPage\":{\"@id\":\"https:\\\/\\\/www.info.valladolid.es\\\/blog\\\/la-leyenda-de-la-plaza-de-los-ciegos\\\/#primaryimage\"},\"image\":{\"@id\":\"https:\\\/\\\/www.info.valladolid.es\\\/blog\\\/la-leyenda-de-la-plaza-de-los-ciegos\\\/#primaryimage\"},\"thumbnailUrl\":\"https:\\\/\\\/www.info.valladolid.es\\\/blog\\\/wp-content\\\/uploads\\\/2020\\\/03\\\/plaza-ciegos-blos.jpg\",\"datePublished\":\"2020-03-24T08:26:51+00:00\",\"author\":{\"@id\":\"https:\\\/\\\/www.info.valladolid.es\\\/blog\\\/#\\\/schema\\\/person\\\/845cac97e6156a5a9c5abd68b7b9a5d5\"},\"breadcrumb\":{\"@id\":\"https:\\\/\\\/www.info.valladolid.es\\\/blog\\\/la-leyenda-de-la-plaza-de-los-ciegos\\\/#breadcrumb\"},\"inLanguage\":\"es\",\"potentialAction\":[{\"@type\":\"ReadAction\",\"target\":[\"https:\\\/\\\/www.info.valladolid.es\\\/blog\\\/la-leyenda-de-la-plaza-de-los-ciegos\\\/\"]}]},{\"@type\":\"ImageObject\",\"inLanguage\":\"es\",\"@id\":\"https:\\\/\\\/www.info.valladolid.es\\\/blog\\\/la-leyenda-de-la-plaza-de-los-ciegos\\\/#primaryimage\",\"url\":\"https:\\\/\\\/www.info.valladolid.es\\\/blog\\\/wp-content\\\/uploads\\\/2020\\\/03\\\/plaza-ciegos-blos.jpg\",\"contentUrl\":\"https:\\\/\\\/www.info.valladolid.es\\\/blog\\\/wp-content\\\/uploads\\\/2020\\\/03\\\/plaza-ciegos-blos.jpg\",\"width\":4000,\"height\":3000},{\"@type\":\"BreadcrumbList\",\"@id\":\"https:\\\/\\\/www.info.valladolid.es\\\/blog\\\/la-leyenda-de-la-plaza-de-los-ciegos\\\/#breadcrumb\",\"itemListElement\":[{\"@type\":\"ListItem\",\"position\":1,\"name\":\"Home\",\"item\":\"https:\\\/\\\/www.info.valladolid.es\\\/blog\\\/\"},{\"@type\":\"ListItem\",\"position\":2,\"name\":\"La leyenda de la plaza de los Ciegos\"}]},{\"@type\":\"WebSite\",\"@id\":\"https:\\\/\\\/www.info.valladolid.es\\\/blog\\\/#website\",\"url\":\"https:\\\/\\\/www.info.valladolid.es\\\/blog\\\/\",\"name\":\"Blog Cultura y Turismo\",\"description\":\"\",\"potentialAction\":[{\"@type\":\"SearchAction\",\"target\":{\"@type\":\"EntryPoint\",\"urlTemplate\":\"https:\\\/\\\/www.info.valladolid.es\\\/blog\\\/?s={search_term_string}\"},\"query-input\":{\"@type\":\"PropertyValueSpecification\",\"valueRequired\":true,\"valueName\":\"search_term_string\"}}],\"inLanguage\":\"es\"},{\"@type\":\"Person\",\"@id\":\"https:\\\/\\\/www.info.valladolid.es\\\/blog\\\/#\\\/schema\\\/person\\\/845cac97e6156a5a9c5abd68b7b9a5d5\",\"name\":\"administrador\",\"image\":{\"@type\":\"ImageObject\",\"inLanguage\":\"es\",\"@id\":\"https:\\\/\\\/secure.gravatar.com\\\/avatar\\\/418161d2f95196597e2d305bd301c850afab7f4b284a344fb2d759f048b71c61?s=96&d=mm&r=g\",\"url\":\"https:\\\/\\\/secure.gravatar.com\\\/avatar\\\/418161d2f95196597e2d305bd301c850afab7f4b284a344fb2d759f048b71c61?s=96&d=mm&r=g\",\"contentUrl\":\"https:\\\/\\\/secure.gravatar.com\\\/avatar\\\/418161d2f95196597e2d305bd301c850afab7f4b284a344fb2d759f048b71c61?s=96&d=mm&r=g\",\"caption\":\"administrador\"},\"url\":\"https:\\\/\\\/www.info.valladolid.es\\\/blog\\\/author\\\/administrador\\\/\"}]}<\/script>\n<!-- \/ Yoast SEO plugin. -->","yoast_head_json":{"title":"La leyenda de la plaza de los Ciegos - Blog Cultura y Turismo","robots":{"index":"index","follow":"follow","max-snippet":"max-snippet:-1","max-image-preview":"max-image-preview:large","max-video-preview":"max-video-preview:-1"},"canonical":"https:\/\/www.info.valladolid.es\/blog\/la-leyenda-de-la-plaza-de-los-ciegos\/","og_locale":"es_ES","og_type":"article","og_title":"La leyenda de la plaza de los Ciegos - Blog Cultura y Turismo","og_description":"En la antigua juder\u00eda de Valladolid se esconde la llamada plaza de los Ciegos. Su curioso nombre responde a la leyenda que se teji\u00f3 en la ciudad acerca de la joven jud\u00eda Susana. Cuenta la tradici\u00f3n oral que aqu\u00ed se encontraba la casa de un acaudalado jud\u00edo, Salom\u00f3n, conocido, adem\u00e1s de por sus negocios, por la belleza de su hija Susana. La joven pronto dio qu\u00e9 hablar en la ciudad. Sus ojos, se dec\u00eda que de color violeta, despertaban la curiosidad de muchos. Tantos fueron los pretendientes que atosigaban a Salom\u00f3n, incluidos herederos de algunas de las m\u00e1s nobles familias de la villa, que el comerciante decidi\u00f3 tomar medidas. Despu\u00e9s de perder a su mujer, Susana era el m\u00e1s preciado tesoro de Salom\u00f3n y, ante el acoso al que se vio sometido por la fama de la joven, la orden\u00f3 que no abandonara la casa sin cubrirse de tal modo que nadie pudiera verle el rostro. La medida solo aviv\u00f3 la curiosidad de los vecinos. Un grupo de cuatro jud\u00edos, conocedores de que Salom\u00f3n hab\u00eda dejado parte de su cuidado jard\u00edn a la vista, como orgullo del que presum\u00eda; se las idearon para espiar a la joven a trav\u00e9s de [&hellip;]","og_url":"https:\/\/www.info.valladolid.es\/blog\/la-leyenda-de-la-plaza-de-los-ciegos\/","og_site_name":"Blog Cultura y Turismo","article_published_time":"2020-03-24T08:26:51+00:00","og_image":[{"width":1024,"height":768,"url":"https:\/\/www.info.valladolid.es\/blog\/wp-content\/uploads\/2020\/03\/plaza-ciegos-blos-1024x768.jpg","type":"image\/jpeg"}],"author":"administrador","twitter_card":"summary_large_image","twitter_misc":{"Escrito por":"administrador","Tiempo de lectura":"1 minuto"},"schema":{"@context":"https:\/\/schema.org","@graph":[{"@type":"Article","@id":"https:\/\/www.info.valladolid.es\/blog\/la-leyenda-de-la-plaza-de-los-ciegos\/#article","isPartOf":{"@id":"https:\/\/www.info.valladolid.es\/blog\/la-leyenda-de-la-plaza-de-los-ciegos\/"},"author":{"name":"administrador","@id":"https:\/\/www.info.valladolid.es\/blog\/#\/schema\/person\/845cac97e6156a5a9c5abd68b7b9a5d5"},"headline":"La leyenda de la plaza de los Ciegos","datePublished":"2020-03-24T08:26:51+00:00","mainEntityOfPage":{"@id":"https:\/\/www.info.valladolid.es\/blog\/la-leyenda-de-la-plaza-de-los-ciegos\/"},"wordCount":297,"commentCount":5,"image":{"@id":"https:\/\/www.info.valladolid.es\/blog\/la-leyenda-de-la-plaza-de-los-ciegos\/#primaryimage"},"thumbnailUrl":"https:\/\/www.info.valladolid.es\/blog\/wp-content\/uploads\/2020\/03\/plaza-ciegos-blos.jpg","keywords":["leyendas"],"articleSection":["Curiosidades y leyendas"],"inLanguage":"es","potentialAction":[{"@type":"CommentAction","name":"Comment","target":["https:\/\/www.info.valladolid.es\/blog\/la-leyenda-de-la-plaza-de-los-ciegos\/#respond"]}]},{"@type":"WebPage","@id":"https:\/\/www.info.valladolid.es\/blog\/la-leyenda-de-la-plaza-de-los-ciegos\/","url":"https:\/\/www.info.valladolid.es\/blog\/la-leyenda-de-la-plaza-de-los-ciegos\/","name":"La leyenda de la plaza de los Ciegos - Blog Cultura y Turismo","isPartOf":{"@id":"https:\/\/www.info.valladolid.es\/blog\/#website"},"primaryImageOfPage":{"@id":"https:\/\/www.info.valladolid.es\/blog\/la-leyenda-de-la-plaza-de-los-ciegos\/#primaryimage"},"image":{"@id":"https:\/\/www.info.valladolid.es\/blog\/la-leyenda-de-la-plaza-de-los-ciegos\/#primaryimage"},"thumbnailUrl":"https:\/\/www.info.valladolid.es\/blog\/wp-content\/uploads\/2020\/03\/plaza-ciegos-blos.jpg","datePublished":"2020-03-24T08:26:51+00:00","author":{"@id":"https:\/\/www.info.valladolid.es\/blog\/#\/schema\/person\/845cac97e6156a5a9c5abd68b7b9a5d5"},"breadcrumb":{"@id":"https:\/\/www.info.valladolid.es\/blog\/la-leyenda-de-la-plaza-de-los-ciegos\/#breadcrumb"},"inLanguage":"es","potentialAction":[{"@type":"ReadAction","target":["https:\/\/www.info.valladolid.es\/blog\/la-leyenda-de-la-plaza-de-los-ciegos\/"]}]},{"@type":"ImageObject","inLanguage":"es","@id":"https:\/\/www.info.valladolid.es\/blog\/la-leyenda-de-la-plaza-de-los-ciegos\/#primaryimage","url":"https:\/\/www.info.valladolid.es\/blog\/wp-content\/uploads\/2020\/03\/plaza-ciegos-blos.jpg","contentUrl":"https:\/\/www.info.valladolid.es\/blog\/wp-content\/uploads\/2020\/03\/plaza-ciegos-blos.jpg","width":4000,"height":3000},{"@type":"BreadcrumbList","@id":"https:\/\/www.info.valladolid.es\/blog\/la-leyenda-de-la-plaza-de-los-ciegos\/#breadcrumb","itemListElement":[{"@type":"ListItem","position":1,"name":"Home","item":"https:\/\/www.info.valladolid.es\/blog\/"},{"@type":"ListItem","position":2,"name":"La leyenda de la plaza de los Ciegos"}]},{"@type":"WebSite","@id":"https:\/\/www.info.valladolid.es\/blog\/#website","url":"https:\/\/www.info.valladolid.es\/blog\/","name":"Blog Cultura y Turismo","description":"","potentialAction":[{"@type":"SearchAction","target":{"@type":"EntryPoint","urlTemplate":"https:\/\/www.info.valladolid.es\/blog\/?s={search_term_string}"},"query-input":{"@type":"PropertyValueSpecification","valueRequired":true,"valueName":"search_term_string"}}],"inLanguage":"es"},{"@type":"Person","@id":"https:\/\/www.info.valladolid.es\/blog\/#\/schema\/person\/845cac97e6156a5a9c5abd68b7b9a5d5","name":"administrador","image":{"@type":"ImageObject","inLanguage":"es","@id":"https:\/\/secure.gravatar.com\/avatar\/418161d2f95196597e2d305bd301c850afab7f4b284a344fb2d759f048b71c61?s=96&d=mm&r=g","url":"https:\/\/secure.gravatar.com\/avatar\/418161d2f95196597e2d305bd301c850afab7f4b284a344fb2d759f048b71c61?s=96&d=mm&r=g","contentUrl":"https:\/\/secure.gravatar.com\/avatar\/418161d2f95196597e2d305bd301c850afab7f4b284a344fb2d759f048b71c61?s=96&d=mm&r=g","caption":"administrador"},"url":"https:\/\/www.info.valladolid.es\/blog\/author\/administrador\/"}]}},"_links":{"self":[{"href":"https:\/\/www.info.valladolid.es\/blog\/wp-json\/wp\/v2\/posts\/3656","targetHints":{"allow":["GET"]}}],"collection":[{"href":"https:\/\/www.info.valladolid.es\/blog\/wp-json\/wp\/v2\/posts"}],"about":[{"href":"https:\/\/www.info.valladolid.es\/blog\/wp-json\/wp\/v2\/types\/post"}],"author":[{"embeddable":true,"href":"https:\/\/www.info.valladolid.es\/blog\/wp-json\/wp\/v2\/users\/1"}],"replies":[{"embeddable":true,"href":"https:\/\/www.info.valladolid.es\/blog\/wp-json\/wp\/v2\/comments?post=3656"}],"version-history":[{"count":2,"href":"https:\/\/www.info.valladolid.es\/blog\/wp-json\/wp\/v2\/posts\/3656\/revisions"}],"predecessor-version":[{"id":3688,"href":"https:\/\/www.info.valladolid.es\/blog\/wp-json\/wp\/v2\/posts\/3656\/revisions\/3688"}],"wp:featuredmedia":[{"embeddable":true,"href":"https:\/\/www.info.valladolid.es\/blog\/wp-json\/wp\/v2\/media\/3665"}],"wp:attachment":[{"href":"https:\/\/www.info.valladolid.es\/blog\/wp-json\/wp\/v2\/media?parent=3656"}],"wp:term":[{"taxonomy":"category","embeddable":true,"href":"https:\/\/www.info.valladolid.es\/blog\/wp-json\/wp\/v2\/categories?post=3656"},{"taxonomy":"post_tag","embeddable":true,"href":"https:\/\/www.info.valladolid.es\/blog\/wp-json\/wp\/v2\/tags?post=3656"}],"curies":[{"name":"wp","href":"https:\/\/api.w.org\/{rel}","templated":true}]}}