{"id":3617,"date":"2020-04-05T09:05:26","date_gmt":"2020-04-05T09:05:26","guid":{"rendered":"https:\/\/www.info.valladolid.es\/blog\/?p=3617"},"modified":"2020-10-27T11:21:15","modified_gmt":"2020-10-27T11:21:15","slug":"historia-pavos-reales-en-valladolid","status":"publish","type":"post","link":"https:\/\/www.info.valladolid.es\/blog\/historia-pavos-reales-en-valladolid\/","title":{"rendered":"90 primaveras de pavos reales en Valladolid"},"content":{"rendered":"\n<blockquote class=\"wp-block-quote is-layout-flow wp-block-quote-is-layout-flow\"><p>Tomemos un d\u00eda menos se\u00f1alado y m\u00e1s corriente, tambi\u00e9n por la ma\u00f1ana. Los pavos reales, ahora, llevan con parsimonia y dignidad, o quien sabe si con refinad\u00edsima iron\u00eda, su doble vida diurna.(&#8230;) Ahora se pasean, m\u00e1s ornamentales que discretos, entre los ni\u00f1os y sus mam\u00e1s (&#8230;) se extas\u00edan fantasiosas ante el esplendor de los p\u00e1jaros <em>vedette.<\/em> <\/p><cite>Texto de Rosa Chacel recogido en el libro <em>Valladolid.&nbsp;Vivencias&nbsp;y&nbsp;fotograf\u00edas<\/em><\/cite><\/blockquote>\n\n\n\n<p>Los pavos reales que habitan el Campo Grande son &#8230; Verlos exhibir sus plumas, volar hasta lo alto de los cedros o, incluso, aventurarse a salir hasta la vecina calle Acera de Recoletos es tan habitual para los vecinos que parece que siempre han formado parte del parque&#8230;<\/p>\n\n\n\n<p>Este abril se cumplen 90 a\u00f1os de su llegada a Valladolid. Fue en la primavera de 1930, cuando Isabel Aranguren, viuda de Zuazagoitia, regal\u00f3 al Ayuntamiento de Valladolid una pareja de estas aves. <\/p>\n\n\n\n<p>El Norte de Castilla recogi\u00f3 la noticia. En sus p\u00e1ginas explic\u00f3 que los pavos reales, desconocidos hasta entonces en la ciudad, ser\u00edan instaladas en los jardines cuando se dispusiera de un refugio adecuado a su tama\u00f1o.<\/p>\n\n\n\n<p>Poco despu\u00e9s el Ayuntamiento decidi\u00f3 ampliar la poblaci\u00f3n de pavos reales en el Campo Grande y compr\u00f3 varias parejas. Lleg\u00f3, incluso, a haber ejemplares albinos. <\/p>\n\n\n\n<p>Hubo, de hecho, tantos pavos, que incluso algunos se regalaron a otros Ayuntamientos, como el de Madrid, o se donaron al zoo de Matapozuelos. En la actualidad, aunque no hay censo oficial, se calcula que m\u00e1s de 40 pavos reales habitan en el Campo Grande de Valladolid. <\/p>\n\n\n\n<p><strong>\u00bfSab\u00edas que el pavo real&#8230;<\/strong><\/p>\n\n\n\n<ul class=\"wp-block-list\"><li>&#8230;es original de la India?<\/li><li>&#8230;es, de hecho, el &#8216;ave nacional&#8217; del pa\u00eds asi\u00e1tico?<\/li><li>&#8230;en el hinduismo es la montura del dios de la guerra?<\/li><li>&#8230;fue introducido en Europa por los romanos, a trav\u00e9s de Alejandro Magno, quien los trajo de sus conquistas?<\/li><li>&#8230;seg\u00fan la mitolog\u00eda griega, la diosa Hera le puso mil ojos en las plumas para que vigilara a su infiel marido, Zeus, y de ah\u00ed las curiosas formas que tiene en su plumaje? <\/li><li>&#8230;era un plato muy apreciado en los festines romanos? <\/li><li>&#8230;vive entre 10 y 25 a\u00f1os?<\/li><li>&#8230;cuando es macho mide hasta 20 cent\u00edmetros m\u00e1s que la hembra y puede pesar hasta el doble?<\/li><li> &#8230;solo tiene el vistoso y colorido plumaje que le da fama si es macho?<\/li><li>&#8230;cuenta con variedades de color blanco, marr\u00f3n, bronce, gris o p\u00farpura?<\/li><\/ul>\n\n\n\n<p><\/p>\n","protected":false},"excerpt":{"rendered":"<p>Tomemos un d\u00eda menos se\u00f1alado y m\u00e1s corriente, tambi\u00e9n por la ma\u00f1ana. Los pavos reales, ahora, llevan con parsimonia y dignidad, o quien sabe si con refinad\u00edsima iron\u00eda, su doble vida diurna.(&#8230;) Ahora se pasean, m\u00e1s ornamentales que discretos, entre los ni\u00f1os y sus mam\u00e1s (&#8230;) se extas\u00edan fantasiosas ante el esplendor de los p\u00e1jaros vedette. Texto de Rosa Chacel recogido en el libro Valladolid.&nbsp;Vivencias&nbsp;y&nbsp;fotograf\u00edas Los pavos reales que habitan el Campo Grande son &#8230; Verlos exhibir sus plumas, volar hasta lo alto de los cedros o, incluso, aventurarse a salir hasta la vecina calle Acera de Recoletos es tan habitual para los vecinos que parece que siempre han formado parte del parque&#8230; Este abril se cumplen 90 a\u00f1os de su llegada a Valladolid. Fue en la primavera de 1930, cuando Isabel Aranguren, viuda de Zuazagoitia, regal\u00f3 al Ayuntamiento de Valladolid una pareja de estas aves. El Norte de Castilla recogi\u00f3 la noticia. En sus p\u00e1ginas explic\u00f3 que los pavos reales, desconocidos hasta entonces en la ciudad, ser\u00edan instaladas en los jardines cuando se dispusiera de un refugio adecuado a su tama\u00f1o. Poco despu\u00e9s el Ayuntamiento decidi\u00f3 ampliar la poblaci\u00f3n de pavos reales en el Campo Grande y compr\u00f3 varias [&hellip;]<\/p>\n","protected":false},"author":1,"featured_media":3690,"comment_status":"open","ping_status":"open","sticky":false,"template":"","format":"standard","meta":{"footnotes":""},"categories":[7,131,1],"tags":[115],"class_list":["post-3617","post","type-post","status-publish","format-standard","has-post-thumbnail","hentry","category-personajes_e_historia","category-que-ver-en-valladolid","category-sin-categoria","tag-campo-grande"],"yoast_head":"<!-- This site is optimized with the Yoast SEO plugin v27.5 - https:\/\/yoast.com\/product\/yoast-seo-wordpress\/ -->\n<title>90 primaveras de pavos reales en Valladolid - Blog Cultura y Turismo<\/title>\n<meta name=\"robots\" content=\"index, follow, max-snippet:-1, max-image-preview:large, max-video-preview:-1\" \/>\n<link rel=\"canonical\" href=\"https:\/\/www.info.valladolid.es\/blog\/historia-pavos-reales-en-valladolid\/\" \/>\n<meta property=\"og:locale\" content=\"es_ES\" \/>\n<meta property=\"og:type\" content=\"article\" \/>\n<meta property=\"og:title\" content=\"90 primaveras de pavos reales en Valladolid - Blog Cultura y Turismo\" \/>\n<meta property=\"og:description\" content=\"Tomemos un d\u00eda menos se\u00f1alado y m\u00e1s corriente, tambi\u00e9n por la ma\u00f1ana. Los pavos reales, ahora, llevan con parsimonia y dignidad, o quien sabe si con refinad\u00edsima iron\u00eda, su doble vida diurna.(&#8230;) Ahora se pasean, m\u00e1s ornamentales que discretos, entre los ni\u00f1os y sus mam\u00e1s (&#8230;) se extas\u00edan fantasiosas ante el esplendor de los p\u00e1jaros vedette. Texto de Rosa Chacel recogido en el libro Valladolid.&nbsp;Vivencias&nbsp;y&nbsp;fotograf\u00edas Los pavos reales que habitan el Campo Grande son &#8230; Verlos exhibir sus plumas, volar hasta lo alto de los cedros o, incluso, aventurarse a salir hasta la vecina calle Acera de Recoletos es tan habitual para los vecinos que parece que siempre han formado parte del parque&#8230; Este abril se cumplen 90 a\u00f1os de su llegada a Valladolid. Fue en la primavera de 1930, cuando Isabel Aranguren, viuda de Zuazagoitia, regal\u00f3 al Ayuntamiento de Valladolid una pareja de estas aves. El Norte de Castilla recogi\u00f3 la noticia. En sus p\u00e1ginas explic\u00f3 que los pavos reales, desconocidos hasta entonces en la ciudad, ser\u00edan instaladas en los jardines cuando se dispusiera de un refugio adecuado a su tama\u00f1o. Poco despu\u00e9s el Ayuntamiento decidi\u00f3 ampliar la poblaci\u00f3n de pavos reales en el Campo Grande y compr\u00f3 varias [&hellip;]\" \/>\n<meta property=\"og:url\" content=\"https:\/\/www.info.valladolid.es\/blog\/historia-pavos-reales-en-valladolid\/\" \/>\n<meta property=\"og:site_name\" content=\"Blog Cultura y Turismo\" \/>\n<meta property=\"article:published_time\" content=\"2020-04-05T09:05:26+00:00\" \/>\n<meta property=\"article:modified_time\" content=\"2020-10-27T11:21:15+00:00\" \/>\n<meta property=\"og:image\" content=\"https:\/\/www.info.valladolid.es\/blog\/wp-content\/uploads\/2020\/03\/blog-pavos-reales.jpg\" \/>\n\t<meta property=\"og:image:width\" content=\"900\" \/>\n\t<meta property=\"og:image:height\" content=\"520\" \/>\n\t<meta property=\"og:image:type\" content=\"image\/jpeg\" \/>\n<meta name=\"author\" content=\"administrador\" \/>\n<meta name=\"twitter:card\" content=\"summary_large_image\" \/>\n<meta name=\"twitter:label1\" content=\"Escrito por\" \/>\n\t<meta name=\"twitter:data1\" content=\"administrador\" \/>\n\t<meta name=\"twitter:label2\" content=\"Tiempo de lectura\" \/>\n\t<meta name=\"twitter:data2\" content=\"2 minutos\" \/>\n<script type=\"application\/ld+json\" class=\"yoast-schema-graph\">{\"@context\":\"https:\\\/\\\/schema.org\",\"@graph\":[{\"@type\":\"Article\",\"@id\":\"https:\\\/\\\/www.info.valladolid.es\\\/blog\\\/historia-pavos-reales-en-valladolid\\\/#article\",\"isPartOf\":{\"@id\":\"https:\\\/\\\/www.info.valladolid.es\\\/blog\\\/historia-pavos-reales-en-valladolid\\\/\"},\"author\":{\"name\":\"administrador\",\"@id\":\"https:\\\/\\\/www.info.valladolid.es\\\/blog\\\/#\\\/schema\\\/person\\\/845cac97e6156a5a9c5abd68b7b9a5d5\"},\"headline\":\"90 primaveras de pavos reales en Valladolid\",\"datePublished\":\"2020-04-05T09:05:26+00:00\",\"dateModified\":\"2020-10-27T11:21:15+00:00\",\"mainEntityOfPage\":{\"@id\":\"https:\\\/\\\/www.info.valladolid.es\\\/blog\\\/historia-pavos-reales-en-valladolid\\\/\"},\"wordCount\":427,\"commentCount\":3,\"image\":{\"@id\":\"https:\\\/\\\/www.info.valladolid.es\\\/blog\\\/historia-pavos-reales-en-valladolid\\\/#primaryimage\"},\"thumbnailUrl\":\"https:\\\/\\\/www.info.valladolid.es\\\/blog\\\/wp-content\\\/uploads\\\/2020\\\/03\\\/blog-pavos-reales.jpg\",\"keywords\":[\"campo grande\"],\"articleSection\":[\"Personajes e historia\",\"Qu\u00e9 ver en Valladolid\"],\"inLanguage\":\"es\",\"potentialAction\":[{\"@type\":\"CommentAction\",\"name\":\"Comment\",\"target\":[\"https:\\\/\\\/www.info.valladolid.es\\\/blog\\\/historia-pavos-reales-en-valladolid\\\/#respond\"]}]},{\"@type\":\"WebPage\",\"@id\":\"https:\\\/\\\/www.info.valladolid.es\\\/blog\\\/historia-pavos-reales-en-valladolid\\\/\",\"url\":\"https:\\\/\\\/www.info.valladolid.es\\\/blog\\\/historia-pavos-reales-en-valladolid\\\/\",\"name\":\"90 primaveras de pavos reales en Valladolid - Blog Cultura y Turismo\",\"isPartOf\":{\"@id\":\"https:\\\/\\\/www.info.valladolid.es\\\/blog\\\/#website\"},\"primaryImageOfPage\":{\"@id\":\"https:\\\/\\\/www.info.valladolid.es\\\/blog\\\/historia-pavos-reales-en-valladolid\\\/#primaryimage\"},\"image\":{\"@id\":\"https:\\\/\\\/www.info.valladolid.es\\\/blog\\\/historia-pavos-reales-en-valladolid\\\/#primaryimage\"},\"thumbnailUrl\":\"https:\\\/\\\/www.info.valladolid.es\\\/blog\\\/wp-content\\\/uploads\\\/2020\\\/03\\\/blog-pavos-reales.jpg\",\"datePublished\":\"2020-04-05T09:05:26+00:00\",\"dateModified\":\"2020-10-27T11:21:15+00:00\",\"author\":{\"@id\":\"https:\\\/\\\/www.info.valladolid.es\\\/blog\\\/#\\\/schema\\\/person\\\/845cac97e6156a5a9c5abd68b7b9a5d5\"},\"breadcrumb\":{\"@id\":\"https:\\\/\\\/www.info.valladolid.es\\\/blog\\\/historia-pavos-reales-en-valladolid\\\/#breadcrumb\"},\"inLanguage\":\"es\",\"potentialAction\":[{\"@type\":\"ReadAction\",\"target\":[\"https:\\\/\\\/www.info.valladolid.es\\\/blog\\\/historia-pavos-reales-en-valladolid\\\/\"]}]},{\"@type\":\"ImageObject\",\"inLanguage\":\"es\",\"@id\":\"https:\\\/\\\/www.info.valladolid.es\\\/blog\\\/historia-pavos-reales-en-valladolid\\\/#primaryimage\",\"url\":\"https:\\\/\\\/www.info.valladolid.es\\\/blog\\\/wp-content\\\/uploads\\\/2020\\\/03\\\/blog-pavos-reales.jpg\",\"contentUrl\":\"https:\\\/\\\/www.info.valladolid.es\\\/blog\\\/wp-content\\\/uploads\\\/2020\\\/03\\\/blog-pavos-reales.jpg\",\"width\":900,\"height\":520},{\"@type\":\"BreadcrumbList\",\"@id\":\"https:\\\/\\\/www.info.valladolid.es\\\/blog\\\/historia-pavos-reales-en-valladolid\\\/#breadcrumb\",\"itemListElement\":[{\"@type\":\"ListItem\",\"position\":1,\"name\":\"Home\",\"item\":\"https:\\\/\\\/www.info.valladolid.es\\\/blog\\\/\"},{\"@type\":\"ListItem\",\"position\":2,\"name\":\"90 primaveras de pavos reales en Valladolid\"}]},{\"@type\":\"WebSite\",\"@id\":\"https:\\\/\\\/www.info.valladolid.es\\\/blog\\\/#website\",\"url\":\"https:\\\/\\\/www.info.valladolid.es\\\/blog\\\/\",\"name\":\"Blog Cultura y Turismo\",\"description\":\"\",\"potentialAction\":[{\"@type\":\"SearchAction\",\"target\":{\"@type\":\"EntryPoint\",\"urlTemplate\":\"https:\\\/\\\/www.info.valladolid.es\\\/blog\\\/?s={search_term_string}\"},\"query-input\":{\"@type\":\"PropertyValueSpecification\",\"valueRequired\":true,\"valueName\":\"search_term_string\"}}],\"inLanguage\":\"es\"},{\"@type\":\"Person\",\"@id\":\"https:\\\/\\\/www.info.valladolid.es\\\/blog\\\/#\\\/schema\\\/person\\\/845cac97e6156a5a9c5abd68b7b9a5d5\",\"name\":\"administrador\",\"image\":{\"@type\":\"ImageObject\",\"inLanguage\":\"es\",\"@id\":\"https:\\\/\\\/secure.gravatar.com\\\/avatar\\\/418161d2f95196597e2d305bd301c850afab7f4b284a344fb2d759f048b71c61?s=96&d=mm&r=g\",\"url\":\"https:\\\/\\\/secure.gravatar.com\\\/avatar\\\/418161d2f95196597e2d305bd301c850afab7f4b284a344fb2d759f048b71c61?s=96&d=mm&r=g\",\"contentUrl\":\"https:\\\/\\\/secure.gravatar.com\\\/avatar\\\/418161d2f95196597e2d305bd301c850afab7f4b284a344fb2d759f048b71c61?s=96&d=mm&r=g\",\"caption\":\"administrador\"},\"url\":\"https:\\\/\\\/www.info.valladolid.es\\\/blog\\\/author\\\/administrador\\\/\"}]}<\/script>\n<!-- \/ Yoast SEO plugin. -->","yoast_head_json":{"title":"90 primaveras de pavos reales en Valladolid - Blog Cultura y Turismo","robots":{"index":"index","follow":"follow","max-snippet":"max-snippet:-1","max-image-preview":"max-image-preview:large","max-video-preview":"max-video-preview:-1"},"canonical":"https:\/\/www.info.valladolid.es\/blog\/historia-pavos-reales-en-valladolid\/","og_locale":"es_ES","og_type":"article","og_title":"90 primaveras de pavos reales en Valladolid - Blog Cultura y Turismo","og_description":"Tomemos un d\u00eda menos se\u00f1alado y m\u00e1s corriente, tambi\u00e9n por la ma\u00f1ana. Los pavos reales, ahora, llevan con parsimonia y dignidad, o quien sabe si con refinad\u00edsima iron\u00eda, su doble vida diurna.(&#8230;) Ahora se pasean, m\u00e1s ornamentales que discretos, entre los ni\u00f1os y sus mam\u00e1s (&#8230;) se extas\u00edan fantasiosas ante el esplendor de los p\u00e1jaros vedette. Texto de Rosa Chacel recogido en el libro Valladolid.&nbsp;Vivencias&nbsp;y&nbsp;fotograf\u00edas Los pavos reales que habitan el Campo Grande son &#8230; Verlos exhibir sus plumas, volar hasta lo alto de los cedros o, incluso, aventurarse a salir hasta la vecina calle Acera de Recoletos es tan habitual para los vecinos que parece que siempre han formado parte del parque&#8230; Este abril se cumplen 90 a\u00f1os de su llegada a Valladolid. Fue en la primavera de 1930, cuando Isabel Aranguren, viuda de Zuazagoitia, regal\u00f3 al Ayuntamiento de Valladolid una pareja de estas aves. El Norte de Castilla recogi\u00f3 la noticia. En sus p\u00e1ginas explic\u00f3 que los pavos reales, desconocidos hasta entonces en la ciudad, ser\u00edan instaladas en los jardines cuando se dispusiera de un refugio adecuado a su tama\u00f1o. Poco despu\u00e9s el Ayuntamiento decidi\u00f3 ampliar la poblaci\u00f3n de pavos reales en el Campo Grande y compr\u00f3 varias [&hellip;]","og_url":"https:\/\/www.info.valladolid.es\/blog\/historia-pavos-reales-en-valladolid\/","og_site_name":"Blog Cultura y Turismo","article_published_time":"2020-04-05T09:05:26+00:00","article_modified_time":"2020-10-27T11:21:15+00:00","og_image":[{"width":900,"height":520,"url":"https:\/\/www.info.valladolid.es\/blog\/wp-content\/uploads\/2020\/03\/blog-pavos-reales.jpg","type":"image\/jpeg"}],"author":"administrador","twitter_card":"summary_large_image","twitter_misc":{"Escrito por":"administrador","Tiempo de lectura":"2 minutos"},"schema":{"@context":"https:\/\/schema.org","@graph":[{"@type":"Article","@id":"https:\/\/www.info.valladolid.es\/blog\/historia-pavos-reales-en-valladolid\/#article","isPartOf":{"@id":"https:\/\/www.info.valladolid.es\/blog\/historia-pavos-reales-en-valladolid\/"},"author":{"name":"administrador","@id":"https:\/\/www.info.valladolid.es\/blog\/#\/schema\/person\/845cac97e6156a5a9c5abd68b7b9a5d5"},"headline":"90 primaveras de pavos reales en Valladolid","datePublished":"2020-04-05T09:05:26+00:00","dateModified":"2020-10-27T11:21:15+00:00","mainEntityOfPage":{"@id":"https:\/\/www.info.valladolid.es\/blog\/historia-pavos-reales-en-valladolid\/"},"wordCount":427,"commentCount":3,"image":{"@id":"https:\/\/www.info.valladolid.es\/blog\/historia-pavos-reales-en-valladolid\/#primaryimage"},"thumbnailUrl":"https:\/\/www.info.valladolid.es\/blog\/wp-content\/uploads\/2020\/03\/blog-pavos-reales.jpg","keywords":["campo grande"],"articleSection":["Personajes e historia","Qu\u00e9 ver en Valladolid"],"inLanguage":"es","potentialAction":[{"@type":"CommentAction","name":"Comment","target":["https:\/\/www.info.valladolid.es\/blog\/historia-pavos-reales-en-valladolid\/#respond"]}]},{"@type":"WebPage","@id":"https:\/\/www.info.valladolid.es\/blog\/historia-pavos-reales-en-valladolid\/","url":"https:\/\/www.info.valladolid.es\/blog\/historia-pavos-reales-en-valladolid\/","name":"90 primaveras de pavos reales en Valladolid - Blog Cultura y Turismo","isPartOf":{"@id":"https:\/\/www.info.valladolid.es\/blog\/#website"},"primaryImageOfPage":{"@id":"https:\/\/www.info.valladolid.es\/blog\/historia-pavos-reales-en-valladolid\/#primaryimage"},"image":{"@id":"https:\/\/www.info.valladolid.es\/blog\/historia-pavos-reales-en-valladolid\/#primaryimage"},"thumbnailUrl":"https:\/\/www.info.valladolid.es\/blog\/wp-content\/uploads\/2020\/03\/blog-pavos-reales.jpg","datePublished":"2020-04-05T09:05:26+00:00","dateModified":"2020-10-27T11:21:15+00:00","author":{"@id":"https:\/\/www.info.valladolid.es\/blog\/#\/schema\/person\/845cac97e6156a5a9c5abd68b7b9a5d5"},"breadcrumb":{"@id":"https:\/\/www.info.valladolid.es\/blog\/historia-pavos-reales-en-valladolid\/#breadcrumb"},"inLanguage":"es","potentialAction":[{"@type":"ReadAction","target":["https:\/\/www.info.valladolid.es\/blog\/historia-pavos-reales-en-valladolid\/"]}]},{"@type":"ImageObject","inLanguage":"es","@id":"https:\/\/www.info.valladolid.es\/blog\/historia-pavos-reales-en-valladolid\/#primaryimage","url":"https:\/\/www.info.valladolid.es\/blog\/wp-content\/uploads\/2020\/03\/blog-pavos-reales.jpg","contentUrl":"https:\/\/www.info.valladolid.es\/blog\/wp-content\/uploads\/2020\/03\/blog-pavos-reales.jpg","width":900,"height":520},{"@type":"BreadcrumbList","@id":"https:\/\/www.info.valladolid.es\/blog\/historia-pavos-reales-en-valladolid\/#breadcrumb","itemListElement":[{"@type":"ListItem","position":1,"name":"Home","item":"https:\/\/www.info.valladolid.es\/blog\/"},{"@type":"ListItem","position":2,"name":"90 primaveras de pavos reales en Valladolid"}]},{"@type":"WebSite","@id":"https:\/\/www.info.valladolid.es\/blog\/#website","url":"https:\/\/www.info.valladolid.es\/blog\/","name":"Blog Cultura y Turismo","description":"","potentialAction":[{"@type":"SearchAction","target":{"@type":"EntryPoint","urlTemplate":"https:\/\/www.info.valladolid.es\/blog\/?s={search_term_string}"},"query-input":{"@type":"PropertyValueSpecification","valueRequired":true,"valueName":"search_term_string"}}],"inLanguage":"es"},{"@type":"Person","@id":"https:\/\/www.info.valladolid.es\/blog\/#\/schema\/person\/845cac97e6156a5a9c5abd68b7b9a5d5","name":"administrador","image":{"@type":"ImageObject","inLanguage":"es","@id":"https:\/\/secure.gravatar.com\/avatar\/418161d2f95196597e2d305bd301c850afab7f4b284a344fb2d759f048b71c61?s=96&d=mm&r=g","url":"https:\/\/secure.gravatar.com\/avatar\/418161d2f95196597e2d305bd301c850afab7f4b284a344fb2d759f048b71c61?s=96&d=mm&r=g","contentUrl":"https:\/\/secure.gravatar.com\/avatar\/418161d2f95196597e2d305bd301c850afab7f4b284a344fb2d759f048b71c61?s=96&d=mm&r=g","caption":"administrador"},"url":"https:\/\/www.info.valladolid.es\/blog\/author\/administrador\/"}]}},"_links":{"self":[{"href":"https:\/\/www.info.valladolid.es\/blog\/wp-json\/wp\/v2\/posts\/3617","targetHints":{"allow":["GET"]}}],"collection":[{"href":"https:\/\/www.info.valladolid.es\/blog\/wp-json\/wp\/v2\/posts"}],"about":[{"href":"https:\/\/www.info.valladolid.es\/blog\/wp-json\/wp\/v2\/types\/post"}],"author":[{"embeddable":true,"href":"https:\/\/www.info.valladolid.es\/blog\/wp-json\/wp\/v2\/users\/1"}],"replies":[{"embeddable":true,"href":"https:\/\/www.info.valladolid.es\/blog\/wp-json\/wp\/v2\/comments?post=3617"}],"version-history":[{"count":3,"href":"https:\/\/www.info.valladolid.es\/blog\/wp-json\/wp\/v2\/posts\/3617\/revisions"}],"predecessor-version":[{"id":3776,"href":"https:\/\/www.info.valladolid.es\/blog\/wp-json\/wp\/v2\/posts\/3617\/revisions\/3776"}],"wp:featuredmedia":[{"embeddable":true,"href":"https:\/\/www.info.valladolid.es\/blog\/wp-json\/wp\/v2\/media\/3690"}],"wp:attachment":[{"href":"https:\/\/www.info.valladolid.es\/blog\/wp-json\/wp\/v2\/media?parent=3617"}],"wp:term":[{"taxonomy":"category","embeddable":true,"href":"https:\/\/www.info.valladolid.es\/blog\/wp-json\/wp\/v2\/categories?post=3617"},{"taxonomy":"post_tag","embeddable":true,"href":"https:\/\/www.info.valladolid.es\/blog\/wp-json\/wp\/v2\/tags?post=3617"}],"curies":[{"name":"wp","href":"https:\/\/api.w.org\/{rel}","templated":true}]}}