{"id":3325,"date":"2019-09-24T10:10:18","date_gmt":"2019-09-24T10:10:18","guid":{"rendered":"http:\/\/www.info.valladolid.es\/blog\/?p=3325"},"modified":"2020-11-20T09:13:23","modified_gmt":"2020-11-20T09:13:23","slug":"valladolid-ciudad-creativa-cine-unesco","status":"publish","type":"post","link":"https:\/\/www.info.valladolid.es\/blog\/valladolid-ciudad-creativa-cine-unesco\/","title":{"rendered":"Nueve razones por las que Valladolid es una ciudad de cine"},"content":{"rendered":"\n<p><strong>Valladolid es una ciudad de cine<\/strong>. Lo saben sus vecinos, amantes del s\u00e9ptimo arte; las instituciones, comprometidas con una oferta \u2018de pel\u00edcula\u2019 y la Comisi\u00f3n Nacional Espa\u00f1ola de Cooperaci\u00f3n con UNESCO: el 26 de junio de 2019 anunci\u00f3 su apoyo oficial a la candidatura de <strong><a rel=\"noreferrer noopener\" aria-label=\"Valladolid a la Red de Ciudades Creativas de UNESCO en la categor\u00eda de Cine (abre en una nueva pesta\u00f1a)\" href=\"http:\/\/valladolidcityoffilm.com\" target=\"_blank\">Valladolid a la Red de Ciudades Creativas de UNESCO en la categor\u00eda de Cine<\/a>.<\/strong> <\/p>\n\n\n\n<p>Se trata del primer paso para cumplir con el deseo lanzado desde el Ayuntamiento en febrero de 2018. Habr\u00e1 que esperar a finales de este a\u00f1o para conocer la decisi\u00f3n de UNESCO. Mientras tanto, recordamos nueve razones por las que Valladolid es una ciudad de cine:<\/p>\n\n\n\n<figure class=\"wp-block-image\"><img loading=\"lazy\" decoding=\"async\" width=\"650\" height=\"380\" src=\"http:\/\/www.info.valladolid.es\/blog\/wp-content\/uploads\/2019\/09\/blog-seminci.jpg\" alt=\"\" class=\"wp-image-3358\" srcset=\"https:\/\/www.info.valladolid.es\/blog\/wp-content\/uploads\/2019\/09\/blog-seminci.jpg 650w, https:\/\/www.info.valladolid.es\/blog\/wp-content\/uploads\/2019\/09\/blog-seminci-300x175.jpg 300w\" sizes=\"auto, (max-width: 650px) 100vw, 650px\" \/><\/figure>\n\n\n\n<ul class=\"wp-block-list\"><li><strong>Capital del cine de autor:&nbsp;la&nbsp;Seminci<\/strong><\/li><\/ul>\n\n\n\n<p>La Semana Internacional de Cine de Valladolid (Seminci) es\nel altavoz a nivel mundial de nuestra pasi\u00f3n por el s\u00e9ptimo arte. El festival\nse ha ganado a pulso ser una de las mecas europeas del cine de autor e\nindependiente. <\/p>\n\n\n\n<p>M\u00e1s de sesenta a\u00f1os lo convierten en uno de los cert\u00e1menes m\u00e1s antiguos y consolidados de nuestro entorno. A esto contribuye un palmar\u00e9s ejemplar que ha ensalzado a cineastas como <strong>Federico Fellini, Akira Kurosawa, Abbas Kiarostami, Goran Paskaljevic o los hermanos Dardenne<\/strong>. Ha sido, adem\u00e1s, trampol\u00edn para estrellas de la talla de <strong>Ingmar Bergman<\/strong>, firme defensor de la cita vallisoletana (un idilio que te contamos <a rel=\"noreferrer noopener\" aria-label=\"aqu\u00ed (abre en una nueva pesta\u00f1a)\" href=\"http:\/\/www.info.valladolid.es\/blog\/bergman-y-la-seminci\/\" target=\"_blank\">aqu\u00ed<\/a>).  <\/p>\n\n\n\n<p>A nivel nacional, son pocos quienes no han sucumbido al encanto de la Seminci \u2013<strong>Pedro Almod\u00f3var, Jos\u00e9 Luis Cuerda, Iciar Bolla\u00edn, Isabel Coixet, Pilar Mir\u00f3<\/strong> y otros muchos han desfilado por su alfombra-. <\/p>\n\n\n\n<p>Aut\u00e9nticas estrellas de Hollywood \u2013<strong>Brad Pitt o Matt Dillon<\/strong>&#8211; tambi\u00e9n se han acercado a un festival que bien merece su aplaudida cr\u00edtica. &nbsp;<\/p>\n\n\n\n<ul class=\"wp-block-list\"><li><strong>Una apretada agenda: ciclos y festivales<\/strong><\/li><\/ul>\n\n\n\n<p>Aunque los amantes del cine tienen grabado el mes de octubre en su agenda \u2013la Seminci es cita ineludible para ellos- la ciudad tiene muchos m\u00e1s ciclos en su oferta habitual. Ejemplo de una agenda consolidad son el <strong>Festival Rodinia<\/strong>, con m\u00e1s de una d\u00e9cada dedicada al cortometraje, o <strong>CinHomo<\/strong>, a punto de cumplir 20 a\u00f1os como \u00fanica cita en la regi\u00f3n atenta al reflejo de la realidad LGBTI en el cine. <\/p>\n\n\n\n<p>Museos como el Patio Herreriano y el Nacional de Escultura programan <strong>ciclos tem\u00e1ticos<\/strong> de forma habitual, en muchos casos, con la vista puesta en los peque\u00f1os espectadores del ma\u00f1ana.<\/p>\n\n\n\n<p><strong>En verano las salas se cambian por escenarios abiertos<\/strong>: el Patio de San Benito, ocasi\u00f3n para disfrutar de buenos t\u00edtulos en un entorno monumental; o el jard\u00edn rom\u00e1ntico de la Casa de Zorrilla, entre otros. <\/p>\n\n\n\n<figure class=\"wp-block-image\"><img loading=\"lazy\" decoding=\"async\" width=\"650\" height=\"379\" src=\"http:\/\/www.info.valladolid.es\/blog\/wp-content\/uploads\/2019\/09\/blog-cine-aire-libre.jpg\" alt=\"\" class=\"wp-image-3363\" srcset=\"https:\/\/www.info.valladolid.es\/blog\/wp-content\/uploads\/2019\/09\/blog-cine-aire-libre.jpg 650w, https:\/\/www.info.valladolid.es\/blog\/wp-content\/uploads\/2019\/09\/blog-cine-aire-libre-300x175.jpg 300w\" sizes=\"auto, (max-width: 650px) 100vw, 650px\" \/><\/figure>\n\n\n\n<ul class=\"wp-block-list\"><li><strong>Escenario de rodajes internacionales\u2026<\/strong><\/li><\/ul>\n\n\n\n<p>Hasta el mism\u00edsimo <strong>Orson Welles<\/strong> se fij\u00f3 en el potencial de Valladolid como escenario. El considerado uno de los mejores directores de la historia del cine eligi\u00f3 nuestro Colegio de San Gregorio para rodar <strong><em>Mr.Arkadin&nbsp;<\/em><\/strong>(\u00bf<a rel=\"noreferrer noopener\" aria-label=\"Sab\u00edas que Miguel Delibes fue 'extra' en esta pel\u00edcula (abre en una nueva pesta\u00f1a)\" href=\"http:\/\/www.info.valladolid.es\/blog\/orson_welles_valladolid\/\" target=\"_blank\">Sab\u00edas que Miguel Delibes fue &#8216;extra&#8217; en esta pel\u00edcula<\/a>?). El idilio de las producciones extranjeras con la ciudad se ha mantenido hasta la actualidad: en el \u00faltimo a\u00f1o, la capital del Pisuerga ha sido escenario de la serie japonesa para Amazon <strong><em>Magi<\/em><\/strong> y de la pel\u00edcula de Bollywood<strong><em> Devil in Palace. <\/em><\/strong><\/p>\n\n\n\n<ul class=\"wp-block-list\"><li><strong> y nacionales<\/strong><\/li><\/ul>\n\n\n\n<p>Atento a los fotogramas de las siguientes pel\u00edculas, porque en ellos podr\u00e1s identificar algunos enclaves vallisoletanos: <strong><em>Una muchachita de Valladolid<\/em><\/strong> (Luis C\u00e9sar Amadori, 1958), <strong><em>Los farsantes<\/em><\/strong> (Mario Camus, 1963), <strong><em>Memorias de Leticia Valle <\/em><\/strong>(Miguel \u00c1ngel Rivas, 1979), <strong><em>Soldados de plomo<\/em> <\/strong>(Jos\u00e9 Sacrist\u00e1n, 1983, )<strong><em>Un buen d\u00eda lo tiene cualquiera<\/em><\/strong> (Santiago Lorenzo, 2007), <strong><em>Aficionados<\/em><\/strong> (Arturo Due\u00f1as, 2010), y alguna otra que <a href=\"http:\/\/www.info.valladolid.es\/blog\/peliculas-rodadas-en-valladolid-diez-momentos-de-cine\/\" target=\"_blank\" rel=\"noreferrer noopener\" aria-label=\"recordamos aqu\u00ed.  (abre en una nueva pesta\u00f1a)\">recordamos aqu\u00ed. <\/a><\/p>\n\n\n\n<ul class=\"wp-block-list\"><li><strong>La VAFO: apoyo a la creaci\u00f3n <\/strong><\/li><\/ul>\n\n\n\n<p>La <strong>Valladolid Film Office (<a href=\"http:\/\/www.info.valladolid.es\/vafo\">VAFO<\/a>) <\/strong>es una oficina t\u00e9cnica de apoyo a los rodajes que, desde 2014, trabaja para facilitar las producciones audiovisuales en la provincia. Si tienes un proyecto de cine, televisi\u00f3n, publicidad, v\u00eddeo musical\u2026\u00a1lo que se te ocurra! Y no sabes por d\u00f3nde empezar, la VAFO te asiste en todas las etapas del rodaje. Gu\u00eda en los tr\u00e1mites y permisos, ofrece informaci\u00f3n log\u00edstica, cuenta con una interesante agenda de contactos y acompa\u00f1a en la b\u00fasqueda de localizaciones. <\/p>\n\n\n\n<p>Es, en definitiva, la\nmaterializaci\u00f3n del compromiso de la ciudad con el s\u00e9ptimo arte tambi\u00e9n desde\nel punto de vista m\u00e1s institucional. <\/p>\n\n\n\n<figure class=\"wp-block-image\"><img loading=\"lazy\" decoding=\"async\" width=\"650\" height=\"381\" src=\"http:\/\/www.info.valladolid.es\/blog\/wp-content\/uploads\/2019\/09\/blog-ruta-cine.jpg\" alt=\"\" class=\"wp-image-3359\" srcset=\"https:\/\/www.info.valladolid.es\/blog\/wp-content\/uploads\/2019\/09\/blog-ruta-cine.jpg 650w, https:\/\/www.info.valladolid.es\/blog\/wp-content\/uploads\/2019\/09\/blog-ruta-cine-300x176.jpg 300w\" sizes=\"auto, (max-width: 650px) 100vw, 650px\" \/><\/figure>\n\n\n\n<ul class=\"wp-block-list\"><li><strong>Turismo y cine<\/strong><\/li><\/ul>\n\n\n\n<p>La Spain Film Commission encomienda a Valladolid la gesti\u00f3n\ndel turismo cinematogr\u00e1fico. Tendencia en alza dentro de la demanda en viajes,\na trav\u00e9s de la VAFO, la entidad nacional busca la promoci\u00f3n de este nuevo tipo\nde turismo. Valladolid es tambi\u00e9n, gracias a su Casa de la India \u2013\u00fanica en\nEspa\u00f1a-, la puerta de entrada en nuestro pa\u00eds a las producciones de Bollywood. <\/p>\n\n\n\n<p>\u00a1No hace falta recorrer miles de kil\u00f3metros para sumarte a la tendencia del turismo cinematogr\u00e1fico! Ap\u00fantate a la ruta <strong><a href=\"http:\/\/info.valladolid.es\/rutas-teatralizadas-y-visitas-guiadas\" target=\"_blank\" rel=\"noreferrer noopener\" aria-label=\"Valladolid, una ciudad de cine  (abre en una nueva pesta\u00f1a)\">Valladolid, una ciudad de cine <\/a><\/strong>y disfruta de una experiencia teatralizada \u00a1de pel\u00edcula!<\/p>\n\n\n\n<ul class=\"wp-block-list\"><li><strong>Primera C\u00e1tedra de Cine en Espa\u00f1a<\/strong><\/li><\/ul>\n\n\n\n<p>La Universidad de Valladolid fue la primera en Espa\u00f1a en apostar por una <strong><a href=\"https:\/\/www.catedradecineuva.es\/\" target=\"_blank\" rel=\"noreferrer noopener\" aria-label=\"C\u00e1tedra de Historia y Est\u00e9tica de la Cinematograf\u00eda (abre en una nueva pesta\u00f1a)\">C\u00e1tedra de Historia y Est\u00e9tica de la Cinematograf\u00eda<\/a><\/strong>: nada m\u00e1s y nada menos que \u00a1desde 1962! Adem\u00e1s de la primera en su pa\u00eds es la segunda en Europa, despu\u00e9s de la de Pisa, creada apenas tres a\u00f1os antes. <\/p>\n\n\n\n<p>Son ya casi seis d\u00e9cadas al servicio del\nestudio de la cinematograf\u00eda y de su difusi\u00f3n, de compromiso con la formaci\u00f3n\nen la materia y de apoyo a todo tipo de iniciativas en la ciudad. <\/p>\n\n\n\n<figure class=\"wp-block-image\"><img loading=\"lazy\" decoding=\"async\" width=\"650\" height=\"380\" src=\"http:\/\/www.info.valladolid.es\/blog\/wp-content\/uploads\/2019\/09\/blog-fernando-cayo.jpg\" alt=\"\" class=\"wp-image-3361\" srcset=\"https:\/\/www.info.valladolid.es\/blog\/wp-content\/uploads\/2019\/09\/blog-fernando-cayo.jpg 650w, https:\/\/www.info.valladolid.es\/blog\/wp-content\/uploads\/2019\/09\/blog-fernando-cayo-300x175.jpg 300w\" sizes=\"auto, (max-width: 650px) 100vw, 650px\" \/><\/figure>\n\n\n\n<ul class=\"wp-block-list\"><li><strong>Cantera de actores<\/strong><\/li><\/ul>\n\n\n\n<p>\u00bfQu\u00e9 tienen en com\u00fan <strong>Roberto Enr\u00edquez, Ana Otero o Fernando Cayo<\/strong>? Todos estudiaron en la Escuela de Arte Dram\u00e1tico de Valladolid. La relaci\u00f3n con la ciudad tambi\u00e9n une a<strong> Lola Herrera, Concha Velasco<\/strong> o los m\u00e1s j\u00f3venes D<strong>aniel Muriel y Nacho L\u00f3pez<\/strong>, por poner m\u00e1s ejemplos: todos son vallisoletanos de pura cepa.<\/p>\n\n\n\n<p>En cuanto a los directores que se han criado en la ciudad de la Seminci no podemos olvidar a <strong>Francisco Regueiro, Alberto Morais, Arturo Due\u00f1as o Enrique Gato.<\/strong><\/p>\n\n\n\n<ul class=\"wp-block-list\"><li><strong>Tejido creativo <\/strong><\/li><\/ul>\n\n\n\n<p>La inspiraci\u00f3n puede surgir en cualquier momento. Bien lo sabe el mundo del cine. Y bien lo sabe Valladolid. La ciudad apuesta por la creatividad y la cultura. Porque las musas pueden venir del teatro \u2013contamos con siete salas activas- o visitarnos en un museo \u2013tenemos m\u00e1s de <strong><a href=\"http:\/\/www.info.valladolid.es\/museos-y-salas-de-exposiciones\" target=\"_blank\" rel=\"noreferrer noopener\" aria-label=\"20 museos y centros de exposiciones (abre en una nueva pesta\u00f1a)\">20 museos y centros de exposiciones<\/a><\/strong> -. Inspira tanto la literatura \u2013es cuna de <strong>Miguel Delibes, Rosa Chacel, Jorge Guill\u00e9n&#8230;<\/strong>&#8211; como la creaci\u00f3n pl\u00e1stica \u2013nuestro Ayuntamiento lidera la <strong><a rel=\"noreferrer noopener\" aria-label=\"Red Europea de Ciudades por la Creaci\u00f3n Art\u00edstica (abre en una nueva pesta\u00f1a)\" href=\"https:\/\/creart2-eu.org\" target=\"_blank\">Red Europea de Ciudades por la Creaci\u00f3n Art\u00edstica<\/a><\/strong>-. O la gastronom\u00eda \u2013somos sede del <strong>Concurso Nacional de Pinchos y Tapas<\/strong>-. Venga de donde venga la inspiraci\u00f3n, seguro que hace un alto en Valladolid. &nbsp;<\/p>\n\n\n\n<blockquote class=\"wp-block-quote is-layout-flow wp-block-quote-is-layout-flow\"><p><strong>Te mantenemos al d\u00eda de la candidatura de Valladolid a la Red de Ciudades Creativas de la Unesco en la p\u00e1gina web<\/strong> <strong><a rel=\"noreferrer noopener\" aria-label=\"'Valladolid City of Film' (abre en una nueva pesta\u00f1a)\" href=\"https:\/\/valladolidcityoffilm.com\/\" target=\"_blank\">&#8216;Valladolid City of Film&#8217;<\/a><\/strong><\/p><\/blockquote>\n","protected":false},"excerpt":{"rendered":"<p>Valladolid es una ciudad de cine. Lo saben sus vecinos, amantes del s\u00e9ptimo arte; las instituciones, comprometidas con una oferta \u2018de pel\u00edcula\u2019 y la Comisi\u00f3n Nacional Espa\u00f1ola de Cooperaci\u00f3n con UNESCO: el 26 de junio de 2019 anunci\u00f3 su apoyo oficial a la candidatura de Valladolid a la Red de Ciudades Creativas de UNESCO en la categor\u00eda de Cine. Se trata del primer paso para cumplir con el deseo lanzado desde el Ayuntamiento en febrero de 2018. Habr\u00e1 que esperar a finales de este a\u00f1o para conocer la decisi\u00f3n de UNESCO. Mientras tanto, recordamos nueve razones por las que Valladolid es una ciudad de cine: Capital del cine de autor:&nbsp;la&nbsp;Seminci La Semana Internacional de Cine de Valladolid (Seminci) es el altavoz a nivel mundial de nuestra pasi\u00f3n por el s\u00e9ptimo arte. El festival se ha ganado a pulso ser una de las mecas europeas del cine de autor e independiente. M\u00e1s de sesenta a\u00f1os lo convierten en uno de los cert\u00e1menes m\u00e1s antiguos y consolidados de nuestro entorno. A esto contribuye un palmar\u00e9s ejemplar que ha ensalzado a cineastas como Federico Fellini, Akira Kurosawa, Abbas Kiarostami, Goran Paskaljevic o los hermanos Dardenne. Ha sido, adem\u00e1s, trampol\u00edn para estrellas de la [&hellip;]<\/p>\n","protected":false},"author":1,"featured_media":3366,"comment_status":"open","ping_status":"open","sticky":false,"template":"","format":"standard","meta":{"footnotes":""},"categories":[9],"tags":[32,30,31,70,137,138],"class_list":["post-3325","post","type-post","status-publish","format-standard","has-post-thumbnail","hentry","category-eventos_y_festejos","tag-cine-en-valladolid","tag-semana-internacional-de-cine-de-valladolid","tag-seminci","tag-seminci-valladolid","tag-vafo","tag-valladolid-film-office"],"yoast_head":"<!-- This site is optimized with the Yoast SEO plugin v27.5 - https:\/\/yoast.com\/product\/yoast-seo-wordpress\/ -->\n<title>Nueve razones por las que Valladolid es una ciudad de cine - Blog Cultura y Turismo<\/title>\n<meta name=\"robots\" content=\"index, follow, max-snippet:-1, max-image-preview:large, max-video-preview:-1\" \/>\n<link rel=\"canonical\" href=\"https:\/\/www.info.valladolid.es\/blog\/valladolid-ciudad-creativa-cine-unesco\/\" \/>\n<meta property=\"og:locale\" content=\"es_ES\" \/>\n<meta property=\"og:type\" content=\"article\" \/>\n<meta property=\"og:title\" content=\"Nueve razones por las que Valladolid es una ciudad de cine - Blog Cultura y Turismo\" \/>\n<meta property=\"og:description\" content=\"Valladolid es una ciudad de cine. Lo saben sus vecinos, amantes del s\u00e9ptimo arte; las instituciones, comprometidas con una oferta \u2018de pel\u00edcula\u2019 y la Comisi\u00f3n Nacional Espa\u00f1ola de Cooperaci\u00f3n con UNESCO: el 26 de junio de 2019 anunci\u00f3 su apoyo oficial a la candidatura de Valladolid a la Red de Ciudades Creativas de UNESCO en la categor\u00eda de Cine. Se trata del primer paso para cumplir con el deseo lanzado desde el Ayuntamiento en febrero de 2018. Habr\u00e1 que esperar a finales de este a\u00f1o para conocer la decisi\u00f3n de UNESCO. Mientras tanto, recordamos nueve razones por las que Valladolid es una ciudad de cine: Capital del cine de autor:&nbsp;la&nbsp;Seminci La Semana Internacional de Cine de Valladolid (Seminci) es el altavoz a nivel mundial de nuestra pasi\u00f3n por el s\u00e9ptimo arte. El festival se ha ganado a pulso ser una de las mecas europeas del cine de autor e independiente. M\u00e1s de sesenta a\u00f1os lo convierten en uno de los cert\u00e1menes m\u00e1s antiguos y consolidados de nuestro entorno. A esto contribuye un palmar\u00e9s ejemplar que ha ensalzado a cineastas como Federico Fellini, Akira Kurosawa, Abbas Kiarostami, Goran Paskaljevic o los hermanos Dardenne. Ha sido, adem\u00e1s, trampol\u00edn para estrellas de la [&hellip;]\" \/>\n<meta property=\"og:url\" content=\"https:\/\/www.info.valladolid.es\/blog\/valladolid-ciudad-creativa-cine-unesco\/\" \/>\n<meta property=\"og:site_name\" content=\"Blog Cultura y Turismo\" \/>\n<meta property=\"article:published_time\" content=\"2019-09-24T10:10:18+00:00\" \/>\n<meta property=\"article:modified_time\" content=\"2020-11-20T09:13:23+00:00\" \/>\n<meta property=\"og:image\" content=\"https:\/\/www.info.valladolid.es\/blog\/wp-content\/uploads\/2019\/09\/blog-cine-grande.jpg\" \/>\n\t<meta property=\"og:image:width\" content=\"973\" \/>\n\t<meta property=\"og:image:height\" content=\"540\" \/>\n\t<meta property=\"og:image:type\" content=\"image\/jpeg\" \/>\n<meta name=\"author\" content=\"administrador\" \/>\n<meta name=\"twitter:card\" content=\"summary_large_image\" \/>\n<meta name=\"twitter:label1\" content=\"Escrito por\" \/>\n\t<meta name=\"twitter:data1\" content=\"administrador\" \/>\n\t<meta name=\"twitter:label2\" content=\"Tiempo de lectura\" \/>\n\t<meta name=\"twitter:data2\" content=\"6 minutos\" \/>\n<script type=\"application\/ld+json\" class=\"yoast-schema-graph\">{\"@context\":\"https:\\\/\\\/schema.org\",\"@graph\":[{\"@type\":\"Article\",\"@id\":\"https:\\\/\\\/www.info.valladolid.es\\\/blog\\\/valladolid-ciudad-creativa-cine-unesco\\\/#article\",\"isPartOf\":{\"@id\":\"https:\\\/\\\/www.info.valladolid.es\\\/blog\\\/valladolid-ciudad-creativa-cine-unesco\\\/\"},\"author\":{\"name\":\"administrador\",\"@id\":\"https:\\\/\\\/www.info.valladolid.es\\\/blog\\\/#\\\/schema\\\/person\\\/845cac97e6156a5a9c5abd68b7b9a5d5\"},\"headline\":\"Nueve razones por las que Valladolid es una ciudad de cine\",\"datePublished\":\"2019-09-24T10:10:18+00:00\",\"dateModified\":\"2020-11-20T09:13:23+00:00\",\"mainEntityOfPage\":{\"@id\":\"https:\\\/\\\/www.info.valladolid.es\\\/blog\\\/valladolid-ciudad-creativa-cine-unesco\\\/\"},\"wordCount\":1200,\"commentCount\":0,\"image\":{\"@id\":\"https:\\\/\\\/www.info.valladolid.es\\\/blog\\\/valladolid-ciudad-creativa-cine-unesco\\\/#primaryimage\"},\"thumbnailUrl\":\"https:\\\/\\\/www.info.valladolid.es\\\/blog\\\/wp-content\\\/uploads\\\/2019\\\/09\\\/blog-cine-grande.jpg\",\"keywords\":[\"cine en Valladolid\",\"semana internacional de cine de Valladolid\",\"Seminci\",\"Seminci Valladolid\",\"vafo\",\"valladolid film office\"],\"articleSection\":[\"Eventos y festejos\"],\"inLanguage\":\"es\",\"potentialAction\":[{\"@type\":\"CommentAction\",\"name\":\"Comment\",\"target\":[\"https:\\\/\\\/www.info.valladolid.es\\\/blog\\\/valladolid-ciudad-creativa-cine-unesco\\\/#respond\"]}]},{\"@type\":\"WebPage\",\"@id\":\"https:\\\/\\\/www.info.valladolid.es\\\/blog\\\/valladolid-ciudad-creativa-cine-unesco\\\/\",\"url\":\"https:\\\/\\\/www.info.valladolid.es\\\/blog\\\/valladolid-ciudad-creativa-cine-unesco\\\/\",\"name\":\"Nueve razones por las que Valladolid es una ciudad de cine - Blog Cultura y Turismo\",\"isPartOf\":{\"@id\":\"https:\\\/\\\/www.info.valladolid.es\\\/blog\\\/#website\"},\"primaryImageOfPage\":{\"@id\":\"https:\\\/\\\/www.info.valladolid.es\\\/blog\\\/valladolid-ciudad-creativa-cine-unesco\\\/#primaryimage\"},\"image\":{\"@id\":\"https:\\\/\\\/www.info.valladolid.es\\\/blog\\\/valladolid-ciudad-creativa-cine-unesco\\\/#primaryimage\"},\"thumbnailUrl\":\"https:\\\/\\\/www.info.valladolid.es\\\/blog\\\/wp-content\\\/uploads\\\/2019\\\/09\\\/blog-cine-grande.jpg\",\"datePublished\":\"2019-09-24T10:10:18+00:00\",\"dateModified\":\"2020-11-20T09:13:23+00:00\",\"author\":{\"@id\":\"https:\\\/\\\/www.info.valladolid.es\\\/blog\\\/#\\\/schema\\\/person\\\/845cac97e6156a5a9c5abd68b7b9a5d5\"},\"breadcrumb\":{\"@id\":\"https:\\\/\\\/www.info.valladolid.es\\\/blog\\\/valladolid-ciudad-creativa-cine-unesco\\\/#breadcrumb\"},\"inLanguage\":\"es\",\"potentialAction\":[{\"@type\":\"ReadAction\",\"target\":[\"https:\\\/\\\/www.info.valladolid.es\\\/blog\\\/valladolid-ciudad-creativa-cine-unesco\\\/\"]}]},{\"@type\":\"ImageObject\",\"inLanguage\":\"es\",\"@id\":\"https:\\\/\\\/www.info.valladolid.es\\\/blog\\\/valladolid-ciudad-creativa-cine-unesco\\\/#primaryimage\",\"url\":\"https:\\\/\\\/www.info.valladolid.es\\\/blog\\\/wp-content\\\/uploads\\\/2019\\\/09\\\/blog-cine-grande.jpg\",\"contentUrl\":\"https:\\\/\\\/www.info.valladolid.es\\\/blog\\\/wp-content\\\/uploads\\\/2019\\\/09\\\/blog-cine-grande.jpg\",\"width\":973,\"height\":540},{\"@type\":\"BreadcrumbList\",\"@id\":\"https:\\\/\\\/www.info.valladolid.es\\\/blog\\\/valladolid-ciudad-creativa-cine-unesco\\\/#breadcrumb\",\"itemListElement\":[{\"@type\":\"ListItem\",\"position\":1,\"name\":\"Home\",\"item\":\"https:\\\/\\\/www.info.valladolid.es\\\/blog\\\/\"},{\"@type\":\"ListItem\",\"position\":2,\"name\":\"Nueve razones por las que Valladolid es una ciudad de cine\"}]},{\"@type\":\"WebSite\",\"@id\":\"https:\\\/\\\/www.info.valladolid.es\\\/blog\\\/#website\",\"url\":\"https:\\\/\\\/www.info.valladolid.es\\\/blog\\\/\",\"name\":\"Blog Cultura y Turismo\",\"description\":\"\",\"potentialAction\":[{\"@type\":\"SearchAction\",\"target\":{\"@type\":\"EntryPoint\",\"urlTemplate\":\"https:\\\/\\\/www.info.valladolid.es\\\/blog\\\/?s={search_term_string}\"},\"query-input\":{\"@type\":\"PropertyValueSpecification\",\"valueRequired\":true,\"valueName\":\"search_term_string\"}}],\"inLanguage\":\"es\"},{\"@type\":\"Person\",\"@id\":\"https:\\\/\\\/www.info.valladolid.es\\\/blog\\\/#\\\/schema\\\/person\\\/845cac97e6156a5a9c5abd68b7b9a5d5\",\"name\":\"administrador\",\"image\":{\"@type\":\"ImageObject\",\"inLanguage\":\"es\",\"@id\":\"https:\\\/\\\/secure.gravatar.com\\\/avatar\\\/418161d2f95196597e2d305bd301c850afab7f4b284a344fb2d759f048b71c61?s=96&d=mm&r=g\",\"url\":\"https:\\\/\\\/secure.gravatar.com\\\/avatar\\\/418161d2f95196597e2d305bd301c850afab7f4b284a344fb2d759f048b71c61?s=96&d=mm&r=g\",\"contentUrl\":\"https:\\\/\\\/secure.gravatar.com\\\/avatar\\\/418161d2f95196597e2d305bd301c850afab7f4b284a344fb2d759f048b71c61?s=96&d=mm&r=g\",\"caption\":\"administrador\"},\"url\":\"https:\\\/\\\/www.info.valladolid.es\\\/blog\\\/author\\\/administrador\\\/\"}]}<\/script>\n<!-- \/ Yoast SEO plugin. -->","yoast_head_json":{"title":"Nueve razones por las que Valladolid es una ciudad de cine - Blog Cultura y Turismo","robots":{"index":"index","follow":"follow","max-snippet":"max-snippet:-1","max-image-preview":"max-image-preview:large","max-video-preview":"max-video-preview:-1"},"canonical":"https:\/\/www.info.valladolid.es\/blog\/valladolid-ciudad-creativa-cine-unesco\/","og_locale":"es_ES","og_type":"article","og_title":"Nueve razones por las que Valladolid es una ciudad de cine - Blog Cultura y Turismo","og_description":"Valladolid es una ciudad de cine. Lo saben sus vecinos, amantes del s\u00e9ptimo arte; las instituciones, comprometidas con una oferta \u2018de pel\u00edcula\u2019 y la Comisi\u00f3n Nacional Espa\u00f1ola de Cooperaci\u00f3n con UNESCO: el 26 de junio de 2019 anunci\u00f3 su apoyo oficial a la candidatura de Valladolid a la Red de Ciudades Creativas de UNESCO en la categor\u00eda de Cine. Se trata del primer paso para cumplir con el deseo lanzado desde el Ayuntamiento en febrero de 2018. Habr\u00e1 que esperar a finales de este a\u00f1o para conocer la decisi\u00f3n de UNESCO. Mientras tanto, recordamos nueve razones por las que Valladolid es una ciudad de cine: Capital del cine de autor:&nbsp;la&nbsp;Seminci La Semana Internacional de Cine de Valladolid (Seminci) es el altavoz a nivel mundial de nuestra pasi\u00f3n por el s\u00e9ptimo arte. El festival se ha ganado a pulso ser una de las mecas europeas del cine de autor e independiente. M\u00e1s de sesenta a\u00f1os lo convierten en uno de los cert\u00e1menes m\u00e1s antiguos y consolidados de nuestro entorno. A esto contribuye un palmar\u00e9s ejemplar que ha ensalzado a cineastas como Federico Fellini, Akira Kurosawa, Abbas Kiarostami, Goran Paskaljevic o los hermanos Dardenne. Ha sido, adem\u00e1s, trampol\u00edn para estrellas de la [&hellip;]","og_url":"https:\/\/www.info.valladolid.es\/blog\/valladolid-ciudad-creativa-cine-unesco\/","og_site_name":"Blog Cultura y Turismo","article_published_time":"2019-09-24T10:10:18+00:00","article_modified_time":"2020-11-20T09:13:23+00:00","og_image":[{"width":973,"height":540,"url":"https:\/\/www.info.valladolid.es\/blog\/wp-content\/uploads\/2019\/09\/blog-cine-grande.jpg","type":"image\/jpeg"}],"author":"administrador","twitter_card":"summary_large_image","twitter_misc":{"Escrito por":"administrador","Tiempo de lectura":"6 minutos"},"schema":{"@context":"https:\/\/schema.org","@graph":[{"@type":"Article","@id":"https:\/\/www.info.valladolid.es\/blog\/valladolid-ciudad-creativa-cine-unesco\/#article","isPartOf":{"@id":"https:\/\/www.info.valladolid.es\/blog\/valladolid-ciudad-creativa-cine-unesco\/"},"author":{"name":"administrador","@id":"https:\/\/www.info.valladolid.es\/blog\/#\/schema\/person\/845cac97e6156a5a9c5abd68b7b9a5d5"},"headline":"Nueve razones por las que Valladolid es una ciudad de cine","datePublished":"2019-09-24T10:10:18+00:00","dateModified":"2020-11-20T09:13:23+00:00","mainEntityOfPage":{"@id":"https:\/\/www.info.valladolid.es\/blog\/valladolid-ciudad-creativa-cine-unesco\/"},"wordCount":1200,"commentCount":0,"image":{"@id":"https:\/\/www.info.valladolid.es\/blog\/valladolid-ciudad-creativa-cine-unesco\/#primaryimage"},"thumbnailUrl":"https:\/\/www.info.valladolid.es\/blog\/wp-content\/uploads\/2019\/09\/blog-cine-grande.jpg","keywords":["cine en Valladolid","semana internacional de cine de Valladolid","Seminci","Seminci Valladolid","vafo","valladolid film office"],"articleSection":["Eventos y festejos"],"inLanguage":"es","potentialAction":[{"@type":"CommentAction","name":"Comment","target":["https:\/\/www.info.valladolid.es\/blog\/valladolid-ciudad-creativa-cine-unesco\/#respond"]}]},{"@type":"WebPage","@id":"https:\/\/www.info.valladolid.es\/blog\/valladolid-ciudad-creativa-cine-unesco\/","url":"https:\/\/www.info.valladolid.es\/blog\/valladolid-ciudad-creativa-cine-unesco\/","name":"Nueve razones por las que Valladolid es una ciudad de cine - Blog Cultura y Turismo","isPartOf":{"@id":"https:\/\/www.info.valladolid.es\/blog\/#website"},"primaryImageOfPage":{"@id":"https:\/\/www.info.valladolid.es\/blog\/valladolid-ciudad-creativa-cine-unesco\/#primaryimage"},"image":{"@id":"https:\/\/www.info.valladolid.es\/blog\/valladolid-ciudad-creativa-cine-unesco\/#primaryimage"},"thumbnailUrl":"https:\/\/www.info.valladolid.es\/blog\/wp-content\/uploads\/2019\/09\/blog-cine-grande.jpg","datePublished":"2019-09-24T10:10:18+00:00","dateModified":"2020-11-20T09:13:23+00:00","author":{"@id":"https:\/\/www.info.valladolid.es\/blog\/#\/schema\/person\/845cac97e6156a5a9c5abd68b7b9a5d5"},"breadcrumb":{"@id":"https:\/\/www.info.valladolid.es\/blog\/valladolid-ciudad-creativa-cine-unesco\/#breadcrumb"},"inLanguage":"es","potentialAction":[{"@type":"ReadAction","target":["https:\/\/www.info.valladolid.es\/blog\/valladolid-ciudad-creativa-cine-unesco\/"]}]},{"@type":"ImageObject","inLanguage":"es","@id":"https:\/\/www.info.valladolid.es\/blog\/valladolid-ciudad-creativa-cine-unesco\/#primaryimage","url":"https:\/\/www.info.valladolid.es\/blog\/wp-content\/uploads\/2019\/09\/blog-cine-grande.jpg","contentUrl":"https:\/\/www.info.valladolid.es\/blog\/wp-content\/uploads\/2019\/09\/blog-cine-grande.jpg","width":973,"height":540},{"@type":"BreadcrumbList","@id":"https:\/\/www.info.valladolid.es\/blog\/valladolid-ciudad-creativa-cine-unesco\/#breadcrumb","itemListElement":[{"@type":"ListItem","position":1,"name":"Home","item":"https:\/\/www.info.valladolid.es\/blog\/"},{"@type":"ListItem","position":2,"name":"Nueve razones por las que Valladolid es una ciudad de cine"}]},{"@type":"WebSite","@id":"https:\/\/www.info.valladolid.es\/blog\/#website","url":"https:\/\/www.info.valladolid.es\/blog\/","name":"Blog Cultura y Turismo","description":"","potentialAction":[{"@type":"SearchAction","target":{"@type":"EntryPoint","urlTemplate":"https:\/\/www.info.valladolid.es\/blog\/?s={search_term_string}"},"query-input":{"@type":"PropertyValueSpecification","valueRequired":true,"valueName":"search_term_string"}}],"inLanguage":"es"},{"@type":"Person","@id":"https:\/\/www.info.valladolid.es\/blog\/#\/schema\/person\/845cac97e6156a5a9c5abd68b7b9a5d5","name":"administrador","image":{"@type":"ImageObject","inLanguage":"es","@id":"https:\/\/secure.gravatar.com\/avatar\/418161d2f95196597e2d305bd301c850afab7f4b284a344fb2d759f048b71c61?s=96&d=mm&r=g","url":"https:\/\/secure.gravatar.com\/avatar\/418161d2f95196597e2d305bd301c850afab7f4b284a344fb2d759f048b71c61?s=96&d=mm&r=g","contentUrl":"https:\/\/secure.gravatar.com\/avatar\/418161d2f95196597e2d305bd301c850afab7f4b284a344fb2d759f048b71c61?s=96&d=mm&r=g","caption":"administrador"},"url":"https:\/\/www.info.valladolid.es\/blog\/author\/administrador\/"}]}},"_links":{"self":[{"href":"https:\/\/www.info.valladolid.es\/blog\/wp-json\/wp\/v2\/posts\/3325","targetHints":{"allow":["GET"]}}],"collection":[{"href":"https:\/\/www.info.valladolid.es\/blog\/wp-json\/wp\/v2\/posts"}],"about":[{"href":"https:\/\/www.info.valladolid.es\/blog\/wp-json\/wp\/v2\/types\/post"}],"author":[{"embeddable":true,"href":"https:\/\/www.info.valladolid.es\/blog\/wp-json\/wp\/v2\/users\/1"}],"replies":[{"embeddable":true,"href":"https:\/\/www.info.valladolid.es\/blog\/wp-json\/wp\/v2\/comments?post=3325"}],"version-history":[{"count":11,"href":"https:\/\/www.info.valladolid.es\/blog\/wp-json\/wp\/v2\/posts\/3325\/revisions"}],"predecessor-version":[{"id":4253,"href":"https:\/\/www.info.valladolid.es\/blog\/wp-json\/wp\/v2\/posts\/3325\/revisions\/4253"}],"wp:featuredmedia":[{"embeddable":true,"href":"https:\/\/www.info.valladolid.es\/blog\/wp-json\/wp\/v2\/media\/3366"}],"wp:attachment":[{"href":"https:\/\/www.info.valladolid.es\/blog\/wp-json\/wp\/v2\/media?parent=3325"}],"wp:term":[{"taxonomy":"category","embeddable":true,"href":"https:\/\/www.info.valladolid.es\/blog\/wp-json\/wp\/v2\/categories?post=3325"},{"taxonomy":"post_tag","embeddable":true,"href":"https:\/\/www.info.valladolid.es\/blog\/wp-json\/wp\/v2\/tags?post=3325"}],"curies":[{"name":"wp","href":"https:\/\/api.w.org\/{rel}","templated":true}]}}