{"id":3238,"date":"2019-05-08T07:34:09","date_gmt":"2019-05-08T07:34:09","guid":{"rendered":"http:\/\/www.info.valladolid.es\/blog\/?p=3238"},"modified":"2019-03-19T10:51:48","modified_gmt":"2019-03-19T10:51:48","slug":"aqui-nacio-san-pedro-regalado","status":"publish","type":"post","link":"https:\/\/www.info.valladolid.es\/blog\/aqui-nacio-san-pedro-regalado\/","title":{"rendered":"Aqu\u00ed naci\u00f3 San Pedro Regalado"},"content":{"rendered":"\n<p>\u00abEste gran santo, honra de la cat\u00f3lica Espa\u00f1a y gloria de Valladolid, naci\u00f3 aqu\u00ed el a\u00f1o de 1390. Muri\u00f3 en la paz del Se\u00f1or el d\u00eda 30 de marzo de 1456. Sigamos su ejemplo imitando sus virtudes\u00bb.<\/p>\n\n\n\n<p>Estas l\u00edneas recuerdan que San Pedro Regalado, patr\u00f3n de Valladolid, cuya festividad celebramos el 13 de mayo, naci\u00f3 en la calle Plater\u00edas de la capital del Pisuerga. Puedes encontrar el edificio, actual n\u00famero 2, al principio de la v\u00eda, en el acceso desde la plaza del Ochavo. <\/p>\n\n\n\n<p>Pese a las investigaciones que han tratado de esclarecer la fecha exacta del nacimiento del santo, no se conoce ni el d\u00eda ni el mes de tal acontecimiento. Tan solo sabemos que ocurri\u00f3 en 1390 y que poco despu\u00e9s recibi\u00f3 el primer sacramento en la actual Iglesia del Salvador -como nos recuerda una estatua del santo y una placa sobre la pila bautismal, que a\u00fan se conserva-. <\/p>\n\n\n\n<p>Tambi\u00e9n conocemos el nombre de sus padres: Pedro Regalado y do\u00f1a Mar\u00eda de la Costanilla (nombre que por aquel entonces ten\u00eda la calle), ambos de linaje y fortuna. El hoy patr\u00f3n de Valladolid, en sustituci\u00f3n de San Miguel, fue, en su tiempo, conocido como Pedro de Costanilla -as\u00ed figura en los documentos firmados por su compa\u00f1ero fray Lope de Salinas-, pero tambi\u00e9n como Pedro Regalado y, sobre todo, como Pedro de Valladolid.<\/p>\n\n\n\n<p>Pocos m\u00e1s datos manejamos sobre la infancia del santo. Podemos a\u00f1adir, seg\u00fan se cuenta, que demostr\u00f3 una intensa devoci\u00f3n religiosa desde bien ni\u00f1o y que su fe desemboc\u00f3 en su ingreso en el convento de San Francisco en 1404, cuando contaba con 13 o 14 a\u00f1os de edad. El resto, <a href=\"http:\/\/www.info.valladolid.es\/blog\/san-pedro-regalado-patron-valladolid\/\">como te contamos aqu\u00ed<\/a>, es historia. <\/p>\n\n\n\n<p><\/p>\n","protected":false},"excerpt":{"rendered":"<p>\u00abEste gran santo, honra de la cat\u00f3lica Espa\u00f1a y gloria de Valladolid, naci\u00f3 aqu\u00ed el a\u00f1o de 1390. Muri\u00f3 en la paz del Se\u00f1or el d\u00eda 30 de marzo de 1456. Sigamos su ejemplo imitando sus virtudes\u00bb. Estas l\u00edneas recuerdan que San Pedro Regalado, patr\u00f3n de Valladolid, cuya festividad celebramos el 13 de mayo, naci\u00f3 en la calle Plater\u00edas de la capital del Pisuerga. Puedes encontrar el edificio, actual n\u00famero 2, al principio de la v\u00eda, en el acceso desde la plaza del Ochavo. Pese a las investigaciones que han tratado de esclarecer la fecha exacta del nacimiento del santo, no se conoce ni el d\u00eda ni el mes de tal acontecimiento. Tan solo sabemos que ocurri\u00f3 en 1390 y que poco despu\u00e9s recibi\u00f3 el primer sacramento en la actual Iglesia del Salvador -como nos recuerda una estatua del santo y una placa sobre la pila bautismal, que a\u00fan se conserva-. Tambi\u00e9n conocemos el nombre de sus padres: Pedro Regalado y do\u00f1a Mar\u00eda de la Costanilla (nombre que por aquel entonces ten\u00eda la calle), ambos de linaje y fortuna. El hoy patr\u00f3n de Valladolid, en sustituci\u00f3n de San Miguel, fue, en su tiempo, conocido como Pedro de Costanilla -as\u00ed figura [&hellip;]<\/p>\n","protected":false},"author":1,"featured_media":3239,"comment_status":"open","ping_status":"open","sticky":false,"template":"","format":"standard","meta":{"footnotes":""},"categories":[7],"tags":[],"class_list":["post-3238","post","type-post","status-publish","format-standard","has-post-thumbnail","hentry","category-personajes_e_historia"],"yoast_head":"<!-- This site is optimized with the Yoast SEO plugin v27.5 - https:\/\/yoast.com\/product\/yoast-seo-wordpress\/ -->\n<title>Aqu\u00ed naci\u00f3 San Pedro Regalado - Blog Cultura y Turismo<\/title>\n<meta name=\"robots\" content=\"index, follow, max-snippet:-1, max-image-preview:large, max-video-preview:-1\" \/>\n<link rel=\"canonical\" href=\"https:\/\/www.info.valladolid.es\/blog\/aqui-nacio-san-pedro-regalado\/\" \/>\n<meta property=\"og:locale\" content=\"es_ES\" \/>\n<meta property=\"og:type\" content=\"article\" \/>\n<meta property=\"og:title\" content=\"Aqu\u00ed naci\u00f3 San Pedro Regalado - Blog Cultura y Turismo\" \/>\n<meta property=\"og:description\" content=\"\u00abEste gran santo, honra de la cat\u00f3lica Espa\u00f1a y gloria de Valladolid, naci\u00f3 aqu\u00ed el a\u00f1o de 1390. Muri\u00f3 en la paz del Se\u00f1or el d\u00eda 30 de marzo de 1456. Sigamos su ejemplo imitando sus virtudes\u00bb. Estas l\u00edneas recuerdan que San Pedro Regalado, patr\u00f3n de Valladolid, cuya festividad celebramos el 13 de mayo, naci\u00f3 en la calle Plater\u00edas de la capital del Pisuerga. Puedes encontrar el edificio, actual n\u00famero 2, al principio de la v\u00eda, en el acceso desde la plaza del Ochavo. Pese a las investigaciones que han tratado de esclarecer la fecha exacta del nacimiento del santo, no se conoce ni el d\u00eda ni el mes de tal acontecimiento. Tan solo sabemos que ocurri\u00f3 en 1390 y que poco despu\u00e9s recibi\u00f3 el primer sacramento en la actual Iglesia del Salvador -como nos recuerda una estatua del santo y una placa sobre la pila bautismal, que a\u00fan se conserva-. Tambi\u00e9n conocemos el nombre de sus padres: Pedro Regalado y do\u00f1a Mar\u00eda de la Costanilla (nombre que por aquel entonces ten\u00eda la calle), ambos de linaje y fortuna. El hoy patr\u00f3n de Valladolid, en sustituci\u00f3n de San Miguel, fue, en su tiempo, conocido como Pedro de Costanilla -as\u00ed figura [&hellip;]\" \/>\n<meta property=\"og:url\" content=\"https:\/\/www.info.valladolid.es\/blog\/aqui-nacio-san-pedro-regalado\/\" \/>\n<meta property=\"og:site_name\" content=\"Blog Cultura y Turismo\" \/>\n<meta property=\"article:published_time\" content=\"2019-05-08T07:34:09+00:00\" \/>\n<meta property=\"og:image\" content=\"https:\/\/www.info.valladolid.es\/blog\/wp-content\/uploads\/2019\/03\/casa-natal-san-pedro-regalado.jpg\" \/>\n\t<meta property=\"og:image:width\" content=\"950\" \/>\n\t<meta property=\"og:image:height\" content=\"495\" \/>\n\t<meta property=\"og:image:type\" content=\"image\/jpeg\" \/>\n<meta name=\"author\" content=\"administrador\" \/>\n<meta name=\"twitter:card\" content=\"summary_large_image\" \/>\n<meta name=\"twitter:label1\" content=\"Escrito por\" \/>\n\t<meta name=\"twitter:data1\" content=\"administrador\" \/>\n\t<meta name=\"twitter:label2\" content=\"Tiempo de lectura\" \/>\n\t<meta name=\"twitter:data2\" content=\"1 minuto\" \/>\n<script type=\"application\/ld+json\" class=\"yoast-schema-graph\">{\"@context\":\"https:\\\/\\\/schema.org\",\"@graph\":[{\"@type\":\"Article\",\"@id\":\"https:\\\/\\\/www.info.valladolid.es\\\/blog\\\/aqui-nacio-san-pedro-regalado\\\/#article\",\"isPartOf\":{\"@id\":\"https:\\\/\\\/www.info.valladolid.es\\\/blog\\\/aqui-nacio-san-pedro-regalado\\\/\"},\"author\":{\"name\":\"administrador\",\"@id\":\"https:\\\/\\\/www.info.valladolid.es\\\/blog\\\/#\\\/schema\\\/person\\\/845cac97e6156a5a9c5abd68b7b9a5d5\"},\"headline\":\"Aqu\u00ed naci\u00f3 San Pedro Regalado\",\"datePublished\":\"2019-05-08T07:34:09+00:00\",\"mainEntityOfPage\":{\"@id\":\"https:\\\/\\\/www.info.valladolid.es\\\/blog\\\/aqui-nacio-san-pedro-regalado\\\/\"},\"wordCount\":302,\"commentCount\":0,\"image\":{\"@id\":\"https:\\\/\\\/www.info.valladolid.es\\\/blog\\\/aqui-nacio-san-pedro-regalado\\\/#primaryimage\"},\"thumbnailUrl\":\"https:\\\/\\\/www.info.valladolid.es\\\/blog\\\/wp-content\\\/uploads\\\/2019\\\/03\\\/casa-natal-san-pedro-regalado.jpg\",\"articleSection\":[\"Personajes e historia\"],\"inLanguage\":\"es\",\"potentialAction\":[{\"@type\":\"CommentAction\",\"name\":\"Comment\",\"target\":[\"https:\\\/\\\/www.info.valladolid.es\\\/blog\\\/aqui-nacio-san-pedro-regalado\\\/#respond\"]}]},{\"@type\":\"WebPage\",\"@id\":\"https:\\\/\\\/www.info.valladolid.es\\\/blog\\\/aqui-nacio-san-pedro-regalado\\\/\",\"url\":\"https:\\\/\\\/www.info.valladolid.es\\\/blog\\\/aqui-nacio-san-pedro-regalado\\\/\",\"name\":\"Aqu\u00ed naci\u00f3 San Pedro Regalado - Blog Cultura y Turismo\",\"isPartOf\":{\"@id\":\"https:\\\/\\\/www.info.valladolid.es\\\/blog\\\/#website\"},\"primaryImageOfPage\":{\"@id\":\"https:\\\/\\\/www.info.valladolid.es\\\/blog\\\/aqui-nacio-san-pedro-regalado\\\/#primaryimage\"},\"image\":{\"@id\":\"https:\\\/\\\/www.info.valladolid.es\\\/blog\\\/aqui-nacio-san-pedro-regalado\\\/#primaryimage\"},\"thumbnailUrl\":\"https:\\\/\\\/www.info.valladolid.es\\\/blog\\\/wp-content\\\/uploads\\\/2019\\\/03\\\/casa-natal-san-pedro-regalado.jpg\",\"datePublished\":\"2019-05-08T07:34:09+00:00\",\"author\":{\"@id\":\"https:\\\/\\\/www.info.valladolid.es\\\/blog\\\/#\\\/schema\\\/person\\\/845cac97e6156a5a9c5abd68b7b9a5d5\"},\"breadcrumb\":{\"@id\":\"https:\\\/\\\/www.info.valladolid.es\\\/blog\\\/aqui-nacio-san-pedro-regalado\\\/#breadcrumb\"},\"inLanguage\":\"es\",\"potentialAction\":[{\"@type\":\"ReadAction\",\"target\":[\"https:\\\/\\\/www.info.valladolid.es\\\/blog\\\/aqui-nacio-san-pedro-regalado\\\/\"]}]},{\"@type\":\"ImageObject\",\"inLanguage\":\"es\",\"@id\":\"https:\\\/\\\/www.info.valladolid.es\\\/blog\\\/aqui-nacio-san-pedro-regalado\\\/#primaryimage\",\"url\":\"https:\\\/\\\/www.info.valladolid.es\\\/blog\\\/wp-content\\\/uploads\\\/2019\\\/03\\\/casa-natal-san-pedro-regalado.jpg\",\"contentUrl\":\"https:\\\/\\\/www.info.valladolid.es\\\/blog\\\/wp-content\\\/uploads\\\/2019\\\/03\\\/casa-natal-san-pedro-regalado.jpg\",\"width\":950,\"height\":495},{\"@type\":\"BreadcrumbList\",\"@id\":\"https:\\\/\\\/www.info.valladolid.es\\\/blog\\\/aqui-nacio-san-pedro-regalado\\\/#breadcrumb\",\"itemListElement\":[{\"@type\":\"ListItem\",\"position\":1,\"name\":\"Home\",\"item\":\"https:\\\/\\\/www.info.valladolid.es\\\/blog\\\/\"},{\"@type\":\"ListItem\",\"position\":2,\"name\":\"Aqu\u00ed naci\u00f3 San Pedro Regalado\"}]},{\"@type\":\"WebSite\",\"@id\":\"https:\\\/\\\/www.info.valladolid.es\\\/blog\\\/#website\",\"url\":\"https:\\\/\\\/www.info.valladolid.es\\\/blog\\\/\",\"name\":\"Blog Cultura y Turismo\",\"description\":\"\",\"potentialAction\":[{\"@type\":\"SearchAction\",\"target\":{\"@type\":\"EntryPoint\",\"urlTemplate\":\"https:\\\/\\\/www.info.valladolid.es\\\/blog\\\/?s={search_term_string}\"},\"query-input\":{\"@type\":\"PropertyValueSpecification\",\"valueRequired\":true,\"valueName\":\"search_term_string\"}}],\"inLanguage\":\"es\"},{\"@type\":\"Person\",\"@id\":\"https:\\\/\\\/www.info.valladolid.es\\\/blog\\\/#\\\/schema\\\/person\\\/845cac97e6156a5a9c5abd68b7b9a5d5\",\"name\":\"administrador\",\"image\":{\"@type\":\"ImageObject\",\"inLanguage\":\"es\",\"@id\":\"https:\\\/\\\/secure.gravatar.com\\\/avatar\\\/418161d2f95196597e2d305bd301c850afab7f4b284a344fb2d759f048b71c61?s=96&d=mm&r=g\",\"url\":\"https:\\\/\\\/secure.gravatar.com\\\/avatar\\\/418161d2f95196597e2d305bd301c850afab7f4b284a344fb2d759f048b71c61?s=96&d=mm&r=g\",\"contentUrl\":\"https:\\\/\\\/secure.gravatar.com\\\/avatar\\\/418161d2f95196597e2d305bd301c850afab7f4b284a344fb2d759f048b71c61?s=96&d=mm&r=g\",\"caption\":\"administrador\"},\"url\":\"https:\\\/\\\/www.info.valladolid.es\\\/blog\\\/author\\\/administrador\\\/\"}]}<\/script>\n<!-- \/ Yoast SEO plugin. -->","yoast_head_json":{"title":"Aqu\u00ed naci\u00f3 San Pedro Regalado - Blog Cultura y Turismo","robots":{"index":"index","follow":"follow","max-snippet":"max-snippet:-1","max-image-preview":"max-image-preview:large","max-video-preview":"max-video-preview:-1"},"canonical":"https:\/\/www.info.valladolid.es\/blog\/aqui-nacio-san-pedro-regalado\/","og_locale":"es_ES","og_type":"article","og_title":"Aqu\u00ed naci\u00f3 San Pedro Regalado - Blog Cultura y Turismo","og_description":"\u00abEste gran santo, honra de la cat\u00f3lica Espa\u00f1a y gloria de Valladolid, naci\u00f3 aqu\u00ed el a\u00f1o de 1390. Muri\u00f3 en la paz del Se\u00f1or el d\u00eda 30 de marzo de 1456. Sigamos su ejemplo imitando sus virtudes\u00bb. Estas l\u00edneas recuerdan que San Pedro Regalado, patr\u00f3n de Valladolid, cuya festividad celebramos el 13 de mayo, naci\u00f3 en la calle Plater\u00edas de la capital del Pisuerga. Puedes encontrar el edificio, actual n\u00famero 2, al principio de la v\u00eda, en el acceso desde la plaza del Ochavo. Pese a las investigaciones que han tratado de esclarecer la fecha exacta del nacimiento del santo, no se conoce ni el d\u00eda ni el mes de tal acontecimiento. Tan solo sabemos que ocurri\u00f3 en 1390 y que poco despu\u00e9s recibi\u00f3 el primer sacramento en la actual Iglesia del Salvador -como nos recuerda una estatua del santo y una placa sobre la pila bautismal, que a\u00fan se conserva-. Tambi\u00e9n conocemos el nombre de sus padres: Pedro Regalado y do\u00f1a Mar\u00eda de la Costanilla (nombre que por aquel entonces ten\u00eda la calle), ambos de linaje y fortuna. El hoy patr\u00f3n de Valladolid, en sustituci\u00f3n de San Miguel, fue, en su tiempo, conocido como Pedro de Costanilla -as\u00ed figura [&hellip;]","og_url":"https:\/\/www.info.valladolid.es\/blog\/aqui-nacio-san-pedro-regalado\/","og_site_name":"Blog Cultura y Turismo","article_published_time":"2019-05-08T07:34:09+00:00","og_image":[{"width":950,"height":495,"url":"https:\/\/www.info.valladolid.es\/blog\/wp-content\/uploads\/2019\/03\/casa-natal-san-pedro-regalado.jpg","type":"image\/jpeg"}],"author":"administrador","twitter_card":"summary_large_image","twitter_misc":{"Escrito por":"administrador","Tiempo de lectura":"1 minuto"},"schema":{"@context":"https:\/\/schema.org","@graph":[{"@type":"Article","@id":"https:\/\/www.info.valladolid.es\/blog\/aqui-nacio-san-pedro-regalado\/#article","isPartOf":{"@id":"https:\/\/www.info.valladolid.es\/blog\/aqui-nacio-san-pedro-regalado\/"},"author":{"name":"administrador","@id":"https:\/\/www.info.valladolid.es\/blog\/#\/schema\/person\/845cac97e6156a5a9c5abd68b7b9a5d5"},"headline":"Aqu\u00ed naci\u00f3 San Pedro Regalado","datePublished":"2019-05-08T07:34:09+00:00","mainEntityOfPage":{"@id":"https:\/\/www.info.valladolid.es\/blog\/aqui-nacio-san-pedro-regalado\/"},"wordCount":302,"commentCount":0,"image":{"@id":"https:\/\/www.info.valladolid.es\/blog\/aqui-nacio-san-pedro-regalado\/#primaryimage"},"thumbnailUrl":"https:\/\/www.info.valladolid.es\/blog\/wp-content\/uploads\/2019\/03\/casa-natal-san-pedro-regalado.jpg","articleSection":["Personajes e historia"],"inLanguage":"es","potentialAction":[{"@type":"CommentAction","name":"Comment","target":["https:\/\/www.info.valladolid.es\/blog\/aqui-nacio-san-pedro-regalado\/#respond"]}]},{"@type":"WebPage","@id":"https:\/\/www.info.valladolid.es\/blog\/aqui-nacio-san-pedro-regalado\/","url":"https:\/\/www.info.valladolid.es\/blog\/aqui-nacio-san-pedro-regalado\/","name":"Aqu\u00ed naci\u00f3 San Pedro Regalado - Blog Cultura y Turismo","isPartOf":{"@id":"https:\/\/www.info.valladolid.es\/blog\/#website"},"primaryImageOfPage":{"@id":"https:\/\/www.info.valladolid.es\/blog\/aqui-nacio-san-pedro-regalado\/#primaryimage"},"image":{"@id":"https:\/\/www.info.valladolid.es\/blog\/aqui-nacio-san-pedro-regalado\/#primaryimage"},"thumbnailUrl":"https:\/\/www.info.valladolid.es\/blog\/wp-content\/uploads\/2019\/03\/casa-natal-san-pedro-regalado.jpg","datePublished":"2019-05-08T07:34:09+00:00","author":{"@id":"https:\/\/www.info.valladolid.es\/blog\/#\/schema\/person\/845cac97e6156a5a9c5abd68b7b9a5d5"},"breadcrumb":{"@id":"https:\/\/www.info.valladolid.es\/blog\/aqui-nacio-san-pedro-regalado\/#breadcrumb"},"inLanguage":"es","potentialAction":[{"@type":"ReadAction","target":["https:\/\/www.info.valladolid.es\/blog\/aqui-nacio-san-pedro-regalado\/"]}]},{"@type":"ImageObject","inLanguage":"es","@id":"https:\/\/www.info.valladolid.es\/blog\/aqui-nacio-san-pedro-regalado\/#primaryimage","url":"https:\/\/www.info.valladolid.es\/blog\/wp-content\/uploads\/2019\/03\/casa-natal-san-pedro-regalado.jpg","contentUrl":"https:\/\/www.info.valladolid.es\/blog\/wp-content\/uploads\/2019\/03\/casa-natal-san-pedro-regalado.jpg","width":950,"height":495},{"@type":"BreadcrumbList","@id":"https:\/\/www.info.valladolid.es\/blog\/aqui-nacio-san-pedro-regalado\/#breadcrumb","itemListElement":[{"@type":"ListItem","position":1,"name":"Home","item":"https:\/\/www.info.valladolid.es\/blog\/"},{"@type":"ListItem","position":2,"name":"Aqu\u00ed naci\u00f3 San Pedro Regalado"}]},{"@type":"WebSite","@id":"https:\/\/www.info.valladolid.es\/blog\/#website","url":"https:\/\/www.info.valladolid.es\/blog\/","name":"Blog Cultura y Turismo","description":"","potentialAction":[{"@type":"SearchAction","target":{"@type":"EntryPoint","urlTemplate":"https:\/\/www.info.valladolid.es\/blog\/?s={search_term_string}"},"query-input":{"@type":"PropertyValueSpecification","valueRequired":true,"valueName":"search_term_string"}}],"inLanguage":"es"},{"@type":"Person","@id":"https:\/\/www.info.valladolid.es\/blog\/#\/schema\/person\/845cac97e6156a5a9c5abd68b7b9a5d5","name":"administrador","image":{"@type":"ImageObject","inLanguage":"es","@id":"https:\/\/secure.gravatar.com\/avatar\/418161d2f95196597e2d305bd301c850afab7f4b284a344fb2d759f048b71c61?s=96&d=mm&r=g","url":"https:\/\/secure.gravatar.com\/avatar\/418161d2f95196597e2d305bd301c850afab7f4b284a344fb2d759f048b71c61?s=96&d=mm&r=g","contentUrl":"https:\/\/secure.gravatar.com\/avatar\/418161d2f95196597e2d305bd301c850afab7f4b284a344fb2d759f048b71c61?s=96&d=mm&r=g","caption":"administrador"},"url":"https:\/\/www.info.valladolid.es\/blog\/author\/administrador\/"}]}},"_links":{"self":[{"href":"https:\/\/www.info.valladolid.es\/blog\/wp-json\/wp\/v2\/posts\/3238","targetHints":{"allow":["GET"]}}],"collection":[{"href":"https:\/\/www.info.valladolid.es\/blog\/wp-json\/wp\/v2\/posts"}],"about":[{"href":"https:\/\/www.info.valladolid.es\/blog\/wp-json\/wp\/v2\/types\/post"}],"author":[{"embeddable":true,"href":"https:\/\/www.info.valladolid.es\/blog\/wp-json\/wp\/v2\/users\/1"}],"replies":[{"embeddable":true,"href":"https:\/\/www.info.valladolid.es\/blog\/wp-json\/wp\/v2\/comments?post=3238"}],"version-history":[{"count":2,"href":"https:\/\/www.info.valladolid.es\/blog\/wp-json\/wp\/v2\/posts\/3238\/revisions"}],"predecessor-version":[{"id":3242,"href":"https:\/\/www.info.valladolid.es\/blog\/wp-json\/wp\/v2\/posts\/3238\/revisions\/3242"}],"wp:featuredmedia":[{"embeddable":true,"href":"https:\/\/www.info.valladolid.es\/blog\/wp-json\/wp\/v2\/media\/3239"}],"wp:attachment":[{"href":"https:\/\/www.info.valladolid.es\/blog\/wp-json\/wp\/v2\/media?parent=3238"}],"wp:term":[{"taxonomy":"category","embeddable":true,"href":"https:\/\/www.info.valladolid.es\/blog\/wp-json\/wp\/v2\/categories?post=3238"},{"taxonomy":"post_tag","embeddable":true,"href":"https:\/\/www.info.valladolid.es\/blog\/wp-json\/wp\/v2\/tags?post=3238"}],"curies":[{"name":"wp","href":"https:\/\/api.w.org\/{rel}","templated":true}]}}