{"id":284,"date":"2015-02-26T17:06:06","date_gmt":"2015-02-26T17:06:06","guid":{"rendered":"http:\/\/www.info.valladolid.es\/blog\/?p=284"},"modified":"2019-02-19T08:30:15","modified_gmt":"2019-02-19T08:30:15","slug":"tango-de-luces-y-sombras","status":"publish","type":"post","link":"https:\/\/www.info.valladolid.es\/blog\/tango-de-luces-y-sombras\/","title":{"rendered":"Tango de luces y sombras"},"content":{"rendered":"<p><strong>Andr\u00e9 Kertesz<\/strong> es uno de esos artistas dotados con la genialidad imprescindible para vestir la calidad con el atuendo de la sencillez. Una calidad de composici\u00f3n y t\u00e9cnica que le ha valido el t\u00edtulo de maestro de la fotograf\u00eda para artistas del objetivo de la talla de <strong>Henri Cartier-Bresson<\/strong>. Si el nombre de Kertesz es menos conocido entre el gran p\u00fablico, se debe tan solo a esos avatares que tejen la historia con agujas de injusticia.<\/p>\n<div id=\"attachment_289\" style=\"width: 270px\" class=\"wp-caption alignright\"><a href=\"http:\/\/www.info.valladolid.es\/exposiciones\"><img loading=\"lazy\" decoding=\"async\" aria-describedby=\"caption-attachment-289\" class=\"wp-image-289 size-full\" src=\"http:\/\/www.info.valladolid.es\/blog\/wp-content\/uploads\/2015\/02\/andrekertesz-hungria.jpg\" alt=\"Andre Kertesz - primera Guerra Mundial \" width=\"260\" height=\"194\" \/><\/a><p id=\"caption-attachment-289\" class=\"wp-caption-text\">Durante la I Guerra Mundial retrat\u00f3 el d\u00eda a d\u00eda de sus compa\u00f1eros soldados<\/p><\/div>\n<p>Porque la magnitud de la obra de Kertesz es incontestable. Quiz\u00e1 su talento innato fuese condici\u00f3n sine qua non para que, ante el reto de ser autodidacta, llegase a ser uno de los filtros de la realidad m\u00e1s imitados de todos los tiempos. Si en su historia el talento fue\u00a0papel, la paciencia fue la tinta que dibuj\u00f3 con trazos de una simplicidad\u00a0estudiada las composiciones que marcaron una nueva forma de elevar la fotograf\u00eda documental a la categor\u00eda de arte. Paciencia para captar\u00a0el instante en el que la cotidianidad se vuelve belleza.<\/p>\n<p><span style=\"text-decoration: underline;\"><strong>Nacer en el Danubio, triunfar en el Sena<\/strong><\/span><\/p>\n<p>La vida, siempre intr\u00ednseca a la creaci\u00f3n del artista, hizo que aunque h\u00fangaro de de origen,<strong> Kert\u00e9sz\u00a0<\/strong>viese en Francia su patria art\u00edstica. Nacido en Budapest en 1894 e interesado en la fotograf\u00eda desde su infancia, debuta en\u00a0las calles y campi\u00f1as de la capital del Danubio\u00a0con\u00a0su primera c\u00e1mara ICA 4.5&#215;6.<\/p>\n<div id=\"attachment_290\" style=\"width: 310px\" class=\"wp-caption alignleft\"><a href=\"http:\/\/www.info.valladolid.es\/exposiciones\"><img loading=\"lazy\" decoding=\"async\" aria-describedby=\"caption-attachment-290\" class=\"wp-image-290 size-medium\" src=\"http:\/\/www.info.valladolid.es\/blog\/wp-content\/uploads\/2015\/02\/Las-gafas-y-la-pipa-de-Mondrian-1926-300x235.jpg\" alt=\"Las gafas y la pipa de Mondrian (1926)\" width=\"300\" height=\"235\" srcset=\"https:\/\/www.info.valladolid.es\/blog\/wp-content\/uploads\/2015\/02\/Las-gafas-y-la-pipa-de-Mondrian-1926-300x235.jpg 300w, https:\/\/www.info.valladolid.es\/blog\/wp-content\/uploads\/2015\/02\/Las-gafas-y-la-pipa-de-Mondrian-1926-1024x804.jpg 1024w, https:\/\/www.info.valladolid.es\/blog\/wp-content\/uploads\/2015\/02\/Las-gafas-y-la-pipa-de-Mondrian-1926.jpg 1600w\" sizes=\"auto, (max-width: 300px) 100vw, 300px\" \/><\/a><p id=\"caption-attachment-290\" class=\"wp-caption-text\">Las gafas y la pipa de Mondrian (1926), de la serie que realiza en el estudio del pintor vanguardista<\/p><\/div>\n<p>Su estilo po\u00e9tico e incluso c\u00e1ndido despunta\u00a0durante la Gran Guerra. Fue llamado a filas y supo evitar caer en el discurso dram\u00e1tico de las trincheras. Se convirti\u00f3, sin embargo, en un\u00a0reportero gr\u00e1fico de la rutina de los soldados.<\/p>\n<p>Su traslado a Par\u00eds fue\u00a0un segundo nacimiento. En 1925 naci\u00f3 el artista may\u00fasculo, el que frecuentaba el caf\u00e9 de D\u00f4me, el que beb\u00eda con Brassa\u00ef, el que instruy\u00f3 a Cartier-Bresson, el que fotografiaba el estudio de Mondrian. Era el alter ego\u00a0de la firma<strong> &#8216;A.Kert\u00e9sz&#8217;,<\/strong>\u00a0 el objetivo codiciado por revistas de media Europa. Se estrena en las galer\u00edas con una exposici\u00f3n en Au Sacre de Printemps tan solo dos a\u00f1os despu\u00e9s de su llegada a tierras galas y se revela como un interesado\u00a0por la\u00a0experimentaci\u00f3n\u00a0-en composiciones, perspectivas y encuadres-. Un campo abonado\u00a0para las vanguardias.<\/p>\n<p>Tambi\u00e9n fue\u00a0Par\u00eds la cuna de sus m\u00e1s apreciadas colecciones. Entre ellas se impone <strong><em>Distorsiones<\/em><\/strong> (1933), publicada en la revista <em>Sourire.<\/em> Los cuerpos desnudos, desencajados a antojo del artista mediante espejos c\u00f3ncavos y convexos, en comuni\u00f3n con las vanguardias europeas, supusieron un nuevo cap\u00edtulo en la historia de la fotograf\u00eda surrealista.<\/p>\n<div id=\"attachment_291\" style=\"width: 209px\" class=\"wp-caption alignright\"><a href=\"http:\/\/www.info.valladolid.es\/exposiciones\"><img loading=\"lazy\" decoding=\"async\" aria-describedby=\"caption-attachment-291\" class=\"wp-image-291 size-medium\" src=\"http:\/\/www.info.valladolid.es\/blog\/wp-content\/uploads\/2015\/02\/Nube-perdida-Nueva-York-1937-199x300.jpg\" alt=\"'Nube perdida' (1937)\" width=\"199\" height=\"300\" srcset=\"https:\/\/www.info.valladolid.es\/blog\/wp-content\/uploads\/2015\/02\/Nube-perdida-Nueva-York-1937-199x300.jpg 199w, https:\/\/www.info.valladolid.es\/blog\/wp-content\/uploads\/2015\/02\/Nube-perdida-Nueva-York-1937.jpg 666w\" sizes=\"auto, (max-width: 199px) 100vw, 199px\" \/><\/a><p id=\"caption-attachment-291\" class=\"wp-caption-text\">En Nueva York, el artista comienza a experimentar con los edificios<\/p><\/div>\n<p>Se cas\u00f3 con Elizabeth Saly, firm\u00f3 contrato con la agencia<em> Keystone<\/em> y se mud\u00f3 a Nueva York en 1936 sin saber que estaba por llegar otra guerra mundial y la silenciosa Guerra Fr\u00eda. Pese a\u00a0publicar importantes reportajes para <em>Vogue<\/em> o <em>Harper\u00b4s Bazaar<\/em>, la ciudad que nunca duerme no sali\u00f3 de su letargo ante la obra de Kert\u00e9sz sometida a una f\u00e9rrea discriminaci\u00f3n\u00a0por su origen h\u00fangaro hasta casi tres d\u00e9cadas despu\u00e9s.<\/p>\n<p>El reconocimiento que se le negaba se abri\u00f3 camino a borbollones\u00a0cuando expuso, en 1964, en el Museo de Arte Contermpor\u00e1neo de Nueva York, el MOMA. Y lleg\u00f3 la ratificaci\u00f3n del artista a nivel mundial.<\/p>\n<p>Siempre sediento de novedad, releg\u00f3 el papel de la emoci\u00f3n humana a un plano menor ante la fascinaci\u00f3n que sinti\u00f3 entre esos edificios que parec\u00edan rozar el cielo y que su c\u00e1mara distorsionaba\u00a0a voluntad. Nunca olvidar\u00eda la sugesti\u00f3n que para \u00e9l supusieron las construcciones, hasta el punto de que su \u00faltima serie, <em>\u2018Desde mi ventana\u2019<\/em>, retrata la ciudad que tanto le cost\u00f3 conquistar y en la que morir\u00eda en 1985.<\/p>\n<p><span style=\"text-decoration: underline;\"><strong>Descubrir a Kert\u00e9sz<\/strong><\/span><\/p>\n<p>Su obra es poes\u00eda gr\u00e1fica. Es honesta, es aut\u00e9ntica, es el leg\u00edtimo testimonio de un tiempo en el que documentalismo y surrealismo pod\u00edan convivir en un mismo artista. Y aun as\u00ed qued\u00f3 hueco para coqueteos con el constructivismo y el humanismo porque su af\u00e1n de experimentaci\u00f3n fue el tim\u00f3n de una carrera \u00fanica que no puede encasillarse en ning\u00fan movimiento.<\/p>\n<p>La muestra que<strong> se expone en Valladolid<\/strong> recoge de forma impecable la esencia de la totalidad de su obra. Es una acotaci\u00f3n protagonizada por el blanco y negro (123 fotograf\u00edas frente a las 17\u00a0en color que se incluyen en la colecci\u00f3n), acorde a la relevancia que el binomio tuvo para Kertesz. Fue tambi\u00e9n la t\u00e9cnica que mejor supo manejar, con la la elegancia quien lleva el paso en un tango de luces y sombras.<\/p>\n<div id=\"attachment_292\" style=\"width: 255px\" class=\"wp-caption alignleft\"><a href=\"http:\/\/www.info.valladolid.es\/exposiciones\"><img loading=\"lazy\" decoding=\"async\" aria-describedby=\"caption-attachment-292\" class=\"wp-image-292 size-medium\" src=\"http:\/\/www.info.valladolid.es\/blog\/wp-content\/uploads\/2015\/02\/La-bailarina-sat\u00edtica-1926-245x300.jpg\" alt=\"'La bailarina sat\u00edtica', 1926,\" width=\"245\" height=\"300\" srcset=\"https:\/\/www.info.valladolid.es\/blog\/wp-content\/uploads\/2015\/02\/La-bailarina-sat\u00edtica-1926-245x300.jpg 245w, https:\/\/www.info.valladolid.es\/blog\/wp-content\/uploads\/2015\/02\/La-bailarina-sat\u00edtica-1926.jpg 666w\" sizes=\"auto, (max-width: 245px) 100vw, 245px\" \/><\/a><p id=\"caption-attachment-292\" class=\"wp-caption-text\">&#8216;La bailarina sat\u00edtica&#8217;, 1926, es una de las instant\u00e1neas m\u00e1s reconocibles de K\u00e9rtesz<\/p><\/div>\n<p>El orden cronol\u00f3gico que ordena las <strong>cuatro series<\/strong> que se muestran permite comprender c\u00f3mo su evoluci\u00f3n personal provoc\u00f3 su evoluci\u00f3n art\u00edstica (\u00bfo fue al rev\u00e9s?): sus inicios en Hungr\u00eda (1912-1925), la exaltaci\u00f3n de su talento en Par\u00eds inmortalizado en <em>Distorsiones<\/em> (1925-1936), su clausura ante el reticente p\u00fablico neoyorquino (1936-1962) y su \u00faltima \u00e9poca de reconocimiento profesional, coincidiendo con el acercamiento al color \u00a0(1962-1985).<\/p>\n<p><strong>Andr\u00e9 Kert\u00e9sz. El doble de una vida<\/strong>, diChroma photography y el Jeu de Paume de Par\u00eds ofrece 198 razones en forma de fotograf\u00eda para convencer al m\u00e1s esc\u00e9ptico de por qu\u00e9 Kert\u00e9sz es uno de los artistas m\u00e1s importante del pasado siglo. Con un discurso sin palabras.<\/p>\n<p><strong>Andr\u00e9 Kert\u00e9sz. El doble de una vida<\/strong> puede visitarse en la <strong>sala de exposiciones de la Iglesia de San Benito de Valladolid<\/strong> de martes a domingo, de 12 a 14 y de 16 a 21.30 horas, de forma gratuita, hasta el 15 de marzo.<\/p>\n","protected":false},"excerpt":{"rendered":"<p>Andr\u00e9 Kertesz es uno de esos artistas dotados con la genialidad imprescindible para vestir la calidad con el atuendo de la sencillez. Una calidad de composici\u00f3n y t\u00e9cnica que le ha valido el t\u00edtulo de maestro de la fotograf\u00eda para artistas del objetivo de la talla de Henri Cartier-Bresson. Si el nombre de Kertesz es menos conocido entre el gran p\u00fablico, se debe tan solo a esos avatares que tejen la historia con agujas de injusticia. Porque la magnitud de la obra de Kertesz es incontestable. Quiz\u00e1 su talento innato fuese condici\u00f3n sine qua non para que, ante el reto de ser autodidacta, llegase a ser uno de los filtros de la realidad m\u00e1s imitados de todos los tiempos. Si en su historia el talento fue\u00a0papel, la paciencia fue la tinta que dibuj\u00f3 con trazos de una simplicidad\u00a0estudiada las composiciones que marcaron una nueva forma de elevar la fotograf\u00eda documental a la categor\u00eda de arte. Paciencia para captar\u00a0el instante en el que la cotidianidad se vuelve belleza. Nacer en el Danubio, triunfar en el Sena La vida, siempre intr\u00ednseca a la creaci\u00f3n del artista, hizo que aunque h\u00fangaro de de origen, Kert\u00e9sz\u00a0viese en Francia su patria art\u00edstica. Nacido en Budapest [&hellip;]<\/p>\n","protected":false},"author":1,"featured_media":3196,"comment_status":"open","ping_status":"open","sticky":false,"template":"","format":"standard","meta":{"footnotes":""},"categories":[6],"tags":[36,37],"class_list":["post-284","post","type-post","status-publish","format-standard","has-post-thumbnail","hentry","category-arte-y-museos","tag-exposicion","tag-exposiciones-en-valladolid"],"yoast_head":"<!-- This site is optimized with the Yoast SEO plugin v27.5 - https:\/\/yoast.com\/product\/yoast-seo-wordpress\/ -->\n<title>Tango de luces y sombras - Blog Cultura y Turismo<\/title>\n<meta name=\"robots\" content=\"index, follow, max-snippet:-1, max-image-preview:large, max-video-preview:-1\" \/>\n<link rel=\"canonical\" href=\"https:\/\/www.info.valladolid.es\/blog\/tango-de-luces-y-sombras\/\" \/>\n<meta property=\"og:locale\" content=\"es_ES\" \/>\n<meta property=\"og:type\" content=\"article\" \/>\n<meta property=\"og:title\" content=\"Tango de luces y sombras - Blog Cultura y Turismo\" \/>\n<meta property=\"og:description\" content=\"Andr\u00e9 Kertesz es uno de esos artistas dotados con la genialidad imprescindible para vestir la calidad con el atuendo de la sencillez. Una calidad de composici\u00f3n y t\u00e9cnica que le ha valido el t\u00edtulo de maestro de la fotograf\u00eda para artistas del objetivo de la talla de Henri Cartier-Bresson. Si el nombre de Kertesz es menos conocido entre el gran p\u00fablico, se debe tan solo a esos avatares que tejen la historia con agujas de injusticia. Porque la magnitud de la obra de Kertesz es incontestable. Quiz\u00e1 su talento innato fuese condici\u00f3n sine qua non para que, ante el reto de ser autodidacta, llegase a ser uno de los filtros de la realidad m\u00e1s imitados de todos los tiempos. Si en su historia el talento fue\u00a0papel, la paciencia fue la tinta que dibuj\u00f3 con trazos de una simplicidad\u00a0estudiada las composiciones que marcaron una nueva forma de elevar la fotograf\u00eda documental a la categor\u00eda de arte. Paciencia para captar\u00a0el instante en el que la cotidianidad se vuelve belleza. Nacer en el Danubio, triunfar en el Sena La vida, siempre intr\u00ednseca a la creaci\u00f3n del artista, hizo que aunque h\u00fangaro de de origen, Kert\u00e9sz\u00a0viese en Francia su patria art\u00edstica. Nacido en Budapest [&hellip;]\" \/>\n<meta property=\"og:url\" content=\"https:\/\/www.info.valladolid.es\/blog\/tango-de-luces-y-sombras\/\" \/>\n<meta property=\"og:site_name\" content=\"Blog Cultura y Turismo\" \/>\n<meta property=\"article:published_time\" content=\"2015-02-26T17:06:06+00:00\" \/>\n<meta property=\"article:modified_time\" content=\"2019-02-19T08:30:15+00:00\" \/>\n<meta property=\"og:image\" content=\"https:\/\/www.info.valladolid.es\/blog\/wp-content\/uploads\/2015\/02\/kertesz-valladolid.jpg\" \/>\n\t<meta property=\"og:image:width\" content=\"520\" \/>\n\t<meta property=\"og:image:height\" content=\"400\" \/>\n\t<meta property=\"og:image:type\" content=\"image\/jpeg\" \/>\n<meta name=\"author\" content=\"administrador\" \/>\n<meta name=\"twitter:card\" content=\"summary_large_image\" \/>\n<meta name=\"twitter:label1\" content=\"Escrito por\" \/>\n\t<meta name=\"twitter:data1\" content=\"administrador\" \/>\n\t<meta name=\"twitter:label2\" content=\"Tiempo de lectura\" \/>\n\t<meta name=\"twitter:data2\" content=\"5 minutos\" \/>\n<script type=\"application\/ld+json\" class=\"yoast-schema-graph\">{\"@context\":\"https:\\\/\\\/schema.org\",\"@graph\":[{\"@type\":\"Article\",\"@id\":\"https:\\\/\\\/www.info.valladolid.es\\\/blog\\\/tango-de-luces-y-sombras\\\/#article\",\"isPartOf\":{\"@id\":\"https:\\\/\\\/www.info.valladolid.es\\\/blog\\\/tango-de-luces-y-sombras\\\/\"},\"author\":{\"name\":\"administrador\",\"@id\":\"https:\\\/\\\/www.info.valladolid.es\\\/blog\\\/#\\\/schema\\\/person\\\/845cac97e6156a5a9c5abd68b7b9a5d5\"},\"headline\":\"Tango de luces y sombras\",\"datePublished\":\"2015-02-26T17:06:06+00:00\",\"dateModified\":\"2019-02-19T08:30:15+00:00\",\"mainEntityOfPage\":{\"@id\":\"https:\\\/\\\/www.info.valladolid.es\\\/blog\\\/tango-de-luces-y-sombras\\\/\"},\"wordCount\":1060,\"commentCount\":0,\"image\":{\"@id\":\"https:\\\/\\\/www.info.valladolid.es\\\/blog\\\/tango-de-luces-y-sombras\\\/#primaryimage\"},\"thumbnailUrl\":\"https:\\\/\\\/www.info.valladolid.es\\\/blog\\\/wp-content\\\/uploads\\\/2015\\\/02\\\/kertesz-valladolid.jpg\",\"keywords\":[\"Exposici\u00f3n\",\"Exposiciones en Valladolid\"],\"articleSection\":[\"Arte y Museos\"],\"inLanguage\":\"es\",\"potentialAction\":[{\"@type\":\"CommentAction\",\"name\":\"Comment\",\"target\":[\"https:\\\/\\\/www.info.valladolid.es\\\/blog\\\/tango-de-luces-y-sombras\\\/#respond\"]}]},{\"@type\":\"WebPage\",\"@id\":\"https:\\\/\\\/www.info.valladolid.es\\\/blog\\\/tango-de-luces-y-sombras\\\/\",\"url\":\"https:\\\/\\\/www.info.valladolid.es\\\/blog\\\/tango-de-luces-y-sombras\\\/\",\"name\":\"Tango de luces y sombras - Blog Cultura y Turismo\",\"isPartOf\":{\"@id\":\"https:\\\/\\\/www.info.valladolid.es\\\/blog\\\/#website\"},\"primaryImageOfPage\":{\"@id\":\"https:\\\/\\\/www.info.valladolid.es\\\/blog\\\/tango-de-luces-y-sombras\\\/#primaryimage\"},\"image\":{\"@id\":\"https:\\\/\\\/www.info.valladolid.es\\\/blog\\\/tango-de-luces-y-sombras\\\/#primaryimage\"},\"thumbnailUrl\":\"https:\\\/\\\/www.info.valladolid.es\\\/blog\\\/wp-content\\\/uploads\\\/2015\\\/02\\\/kertesz-valladolid.jpg\",\"datePublished\":\"2015-02-26T17:06:06+00:00\",\"dateModified\":\"2019-02-19T08:30:15+00:00\",\"author\":{\"@id\":\"https:\\\/\\\/www.info.valladolid.es\\\/blog\\\/#\\\/schema\\\/person\\\/845cac97e6156a5a9c5abd68b7b9a5d5\"},\"breadcrumb\":{\"@id\":\"https:\\\/\\\/www.info.valladolid.es\\\/blog\\\/tango-de-luces-y-sombras\\\/#breadcrumb\"},\"inLanguage\":\"es\",\"potentialAction\":[{\"@type\":\"ReadAction\",\"target\":[\"https:\\\/\\\/www.info.valladolid.es\\\/blog\\\/tango-de-luces-y-sombras\\\/\"]}]},{\"@type\":\"ImageObject\",\"inLanguage\":\"es\",\"@id\":\"https:\\\/\\\/www.info.valladolid.es\\\/blog\\\/tango-de-luces-y-sombras\\\/#primaryimage\",\"url\":\"https:\\\/\\\/www.info.valladolid.es\\\/blog\\\/wp-content\\\/uploads\\\/2015\\\/02\\\/kertesz-valladolid.jpg\",\"contentUrl\":\"https:\\\/\\\/www.info.valladolid.es\\\/blog\\\/wp-content\\\/uploads\\\/2015\\\/02\\\/kertesz-valladolid.jpg\",\"width\":520,\"height\":400},{\"@type\":\"BreadcrumbList\",\"@id\":\"https:\\\/\\\/www.info.valladolid.es\\\/blog\\\/tango-de-luces-y-sombras\\\/#breadcrumb\",\"itemListElement\":[{\"@type\":\"ListItem\",\"position\":1,\"name\":\"Home\",\"item\":\"https:\\\/\\\/www.info.valladolid.es\\\/blog\\\/\"},{\"@type\":\"ListItem\",\"position\":2,\"name\":\"Tango de luces y sombras\"}]},{\"@type\":\"WebSite\",\"@id\":\"https:\\\/\\\/www.info.valladolid.es\\\/blog\\\/#website\",\"url\":\"https:\\\/\\\/www.info.valladolid.es\\\/blog\\\/\",\"name\":\"Blog Cultura y Turismo\",\"description\":\"\",\"potentialAction\":[{\"@type\":\"SearchAction\",\"target\":{\"@type\":\"EntryPoint\",\"urlTemplate\":\"https:\\\/\\\/www.info.valladolid.es\\\/blog\\\/?s={search_term_string}\"},\"query-input\":{\"@type\":\"PropertyValueSpecification\",\"valueRequired\":true,\"valueName\":\"search_term_string\"}}],\"inLanguage\":\"es\"},{\"@type\":\"Person\",\"@id\":\"https:\\\/\\\/www.info.valladolid.es\\\/blog\\\/#\\\/schema\\\/person\\\/845cac97e6156a5a9c5abd68b7b9a5d5\",\"name\":\"administrador\",\"image\":{\"@type\":\"ImageObject\",\"inLanguage\":\"es\",\"@id\":\"https:\\\/\\\/secure.gravatar.com\\\/avatar\\\/418161d2f95196597e2d305bd301c850afab7f4b284a344fb2d759f048b71c61?s=96&d=mm&r=g\",\"url\":\"https:\\\/\\\/secure.gravatar.com\\\/avatar\\\/418161d2f95196597e2d305bd301c850afab7f4b284a344fb2d759f048b71c61?s=96&d=mm&r=g\",\"contentUrl\":\"https:\\\/\\\/secure.gravatar.com\\\/avatar\\\/418161d2f95196597e2d305bd301c850afab7f4b284a344fb2d759f048b71c61?s=96&d=mm&r=g\",\"caption\":\"administrador\"},\"url\":\"https:\\\/\\\/www.info.valladolid.es\\\/blog\\\/author\\\/administrador\\\/\"}]}<\/script>\n<!-- \/ Yoast SEO plugin. -->","yoast_head_json":{"title":"Tango de luces y sombras - Blog Cultura y Turismo","robots":{"index":"index","follow":"follow","max-snippet":"max-snippet:-1","max-image-preview":"max-image-preview:large","max-video-preview":"max-video-preview:-1"},"canonical":"https:\/\/www.info.valladolid.es\/blog\/tango-de-luces-y-sombras\/","og_locale":"es_ES","og_type":"article","og_title":"Tango de luces y sombras - Blog Cultura y Turismo","og_description":"Andr\u00e9 Kertesz es uno de esos artistas dotados con la genialidad imprescindible para vestir la calidad con el atuendo de la sencillez. Una calidad de composici\u00f3n y t\u00e9cnica que le ha valido el t\u00edtulo de maestro de la fotograf\u00eda para artistas del objetivo de la talla de Henri Cartier-Bresson. Si el nombre de Kertesz es menos conocido entre el gran p\u00fablico, se debe tan solo a esos avatares que tejen la historia con agujas de injusticia. Porque la magnitud de la obra de Kertesz es incontestable. Quiz\u00e1 su talento innato fuese condici\u00f3n sine qua non para que, ante el reto de ser autodidacta, llegase a ser uno de los filtros de la realidad m\u00e1s imitados de todos los tiempos. Si en su historia el talento fue\u00a0papel, la paciencia fue la tinta que dibuj\u00f3 con trazos de una simplicidad\u00a0estudiada las composiciones que marcaron una nueva forma de elevar la fotograf\u00eda documental a la categor\u00eda de arte. Paciencia para captar\u00a0el instante en el que la cotidianidad se vuelve belleza. Nacer en el Danubio, triunfar en el Sena La vida, siempre intr\u00ednseca a la creaci\u00f3n del artista, hizo que aunque h\u00fangaro de de origen, Kert\u00e9sz\u00a0viese en Francia su patria art\u00edstica. Nacido en Budapest [&hellip;]","og_url":"https:\/\/www.info.valladolid.es\/blog\/tango-de-luces-y-sombras\/","og_site_name":"Blog Cultura y Turismo","article_published_time":"2015-02-26T17:06:06+00:00","article_modified_time":"2019-02-19T08:30:15+00:00","og_image":[{"width":520,"height":400,"url":"https:\/\/www.info.valladolid.es\/blog\/wp-content\/uploads\/2015\/02\/kertesz-valladolid.jpg","type":"image\/jpeg"}],"author":"administrador","twitter_card":"summary_large_image","twitter_misc":{"Escrito por":"administrador","Tiempo de lectura":"5 minutos"},"schema":{"@context":"https:\/\/schema.org","@graph":[{"@type":"Article","@id":"https:\/\/www.info.valladolid.es\/blog\/tango-de-luces-y-sombras\/#article","isPartOf":{"@id":"https:\/\/www.info.valladolid.es\/blog\/tango-de-luces-y-sombras\/"},"author":{"name":"administrador","@id":"https:\/\/www.info.valladolid.es\/blog\/#\/schema\/person\/845cac97e6156a5a9c5abd68b7b9a5d5"},"headline":"Tango de luces y sombras","datePublished":"2015-02-26T17:06:06+00:00","dateModified":"2019-02-19T08:30:15+00:00","mainEntityOfPage":{"@id":"https:\/\/www.info.valladolid.es\/blog\/tango-de-luces-y-sombras\/"},"wordCount":1060,"commentCount":0,"image":{"@id":"https:\/\/www.info.valladolid.es\/blog\/tango-de-luces-y-sombras\/#primaryimage"},"thumbnailUrl":"https:\/\/www.info.valladolid.es\/blog\/wp-content\/uploads\/2015\/02\/kertesz-valladolid.jpg","keywords":["Exposici\u00f3n","Exposiciones en Valladolid"],"articleSection":["Arte y Museos"],"inLanguage":"es","potentialAction":[{"@type":"CommentAction","name":"Comment","target":["https:\/\/www.info.valladolid.es\/blog\/tango-de-luces-y-sombras\/#respond"]}]},{"@type":"WebPage","@id":"https:\/\/www.info.valladolid.es\/blog\/tango-de-luces-y-sombras\/","url":"https:\/\/www.info.valladolid.es\/blog\/tango-de-luces-y-sombras\/","name":"Tango de luces y sombras - Blog Cultura y Turismo","isPartOf":{"@id":"https:\/\/www.info.valladolid.es\/blog\/#website"},"primaryImageOfPage":{"@id":"https:\/\/www.info.valladolid.es\/blog\/tango-de-luces-y-sombras\/#primaryimage"},"image":{"@id":"https:\/\/www.info.valladolid.es\/blog\/tango-de-luces-y-sombras\/#primaryimage"},"thumbnailUrl":"https:\/\/www.info.valladolid.es\/blog\/wp-content\/uploads\/2015\/02\/kertesz-valladolid.jpg","datePublished":"2015-02-26T17:06:06+00:00","dateModified":"2019-02-19T08:30:15+00:00","author":{"@id":"https:\/\/www.info.valladolid.es\/blog\/#\/schema\/person\/845cac97e6156a5a9c5abd68b7b9a5d5"},"breadcrumb":{"@id":"https:\/\/www.info.valladolid.es\/blog\/tango-de-luces-y-sombras\/#breadcrumb"},"inLanguage":"es","potentialAction":[{"@type":"ReadAction","target":["https:\/\/www.info.valladolid.es\/blog\/tango-de-luces-y-sombras\/"]}]},{"@type":"ImageObject","inLanguage":"es","@id":"https:\/\/www.info.valladolid.es\/blog\/tango-de-luces-y-sombras\/#primaryimage","url":"https:\/\/www.info.valladolid.es\/blog\/wp-content\/uploads\/2015\/02\/kertesz-valladolid.jpg","contentUrl":"https:\/\/www.info.valladolid.es\/blog\/wp-content\/uploads\/2015\/02\/kertesz-valladolid.jpg","width":520,"height":400},{"@type":"BreadcrumbList","@id":"https:\/\/www.info.valladolid.es\/blog\/tango-de-luces-y-sombras\/#breadcrumb","itemListElement":[{"@type":"ListItem","position":1,"name":"Home","item":"https:\/\/www.info.valladolid.es\/blog\/"},{"@type":"ListItem","position":2,"name":"Tango de luces y sombras"}]},{"@type":"WebSite","@id":"https:\/\/www.info.valladolid.es\/blog\/#website","url":"https:\/\/www.info.valladolid.es\/blog\/","name":"Blog Cultura y Turismo","description":"","potentialAction":[{"@type":"SearchAction","target":{"@type":"EntryPoint","urlTemplate":"https:\/\/www.info.valladolid.es\/blog\/?s={search_term_string}"},"query-input":{"@type":"PropertyValueSpecification","valueRequired":true,"valueName":"search_term_string"}}],"inLanguage":"es"},{"@type":"Person","@id":"https:\/\/www.info.valladolid.es\/blog\/#\/schema\/person\/845cac97e6156a5a9c5abd68b7b9a5d5","name":"administrador","image":{"@type":"ImageObject","inLanguage":"es","@id":"https:\/\/secure.gravatar.com\/avatar\/418161d2f95196597e2d305bd301c850afab7f4b284a344fb2d759f048b71c61?s=96&d=mm&r=g","url":"https:\/\/secure.gravatar.com\/avatar\/418161d2f95196597e2d305bd301c850afab7f4b284a344fb2d759f048b71c61?s=96&d=mm&r=g","contentUrl":"https:\/\/secure.gravatar.com\/avatar\/418161d2f95196597e2d305bd301c850afab7f4b284a344fb2d759f048b71c61?s=96&d=mm&r=g","caption":"administrador"},"url":"https:\/\/www.info.valladolid.es\/blog\/author\/administrador\/"}]}},"_links":{"self":[{"href":"https:\/\/www.info.valladolid.es\/blog\/wp-json\/wp\/v2\/posts\/284","targetHints":{"allow":["GET"]}}],"collection":[{"href":"https:\/\/www.info.valladolid.es\/blog\/wp-json\/wp\/v2\/posts"}],"about":[{"href":"https:\/\/www.info.valladolid.es\/blog\/wp-json\/wp\/v2\/types\/post"}],"author":[{"embeddable":true,"href":"https:\/\/www.info.valladolid.es\/blog\/wp-json\/wp\/v2\/users\/1"}],"replies":[{"embeddable":true,"href":"https:\/\/www.info.valladolid.es\/blog\/wp-json\/wp\/v2\/comments?post=284"}],"version-history":[{"count":7,"href":"https:\/\/www.info.valladolid.es\/blog\/wp-json\/wp\/v2\/posts\/284\/revisions"}],"predecessor-version":[{"id":3197,"href":"https:\/\/www.info.valladolid.es\/blog\/wp-json\/wp\/v2\/posts\/284\/revisions\/3197"}],"wp:featuredmedia":[{"embeddable":true,"href":"https:\/\/www.info.valladolid.es\/blog\/wp-json\/wp\/v2\/media\/3196"}],"wp:attachment":[{"href":"https:\/\/www.info.valladolid.es\/blog\/wp-json\/wp\/v2\/media?parent=284"}],"wp:term":[{"taxonomy":"category","embeddable":true,"href":"https:\/\/www.info.valladolid.es\/blog\/wp-json\/wp\/v2\/categories?post=284"},{"taxonomy":"post_tag","embeddable":true,"href":"https:\/\/www.info.valladolid.es\/blog\/wp-json\/wp\/v2\/tags?post=284"}],"curies":[{"name":"wp","href":"https:\/\/api.w.org\/{rel}","templated":true}]}}