{"id":2573,"date":"2018-09-04T10:52:03","date_gmt":"2018-09-04T10:52:03","guid":{"rendered":"http:\/\/www.info.valladolid.es\/blog\/?p=2573"},"modified":"2022-10-06T11:15:47","modified_gmt":"2022-10-06T11:15:47","slug":"recuerdos-fiestas-san-mateo","status":"publish","type":"post","link":"https:\/\/www.info.valladolid.es\/blog\/recuerdos-fiestas-san-mateo\/","title":{"rendered":"\u00bfQu\u00e9 recuerdas de las fiestas de San Mateo?"},"content":{"rendered":"<p>Fueron las principales fiestas de Valladolid durante d\u00e9cadas, desde que en 1959 el Pleno del Ayuntamiento aprobase su inicio el tercer domingo de septiembre \u2013aunque ven\u00eda celebr\u00e1ndose sin fecha estable desde hac\u00eda d\u00e9cadas- y hasta que en 2001 los festejos se adelantaron casi 20 d\u00edas y pasaron a ser de la Virgen de San Lorenzo. El motivo, por todos sabido, fue el tiempo, m\u00e1s agradable a principios de mes, como ya reclam\u00f3 un grupo de comerciantes en 1910 aunque entonces la petici\u00f3n no prosper\u00f3.<\/p>\n<div id=\"attachment_2578\" style=\"width: 2296px\" class=\"wp-caption aligncenter\"><img loading=\"lazy\" decoding=\"async\" aria-describedby=\"caption-attachment-2578\" class=\"size-full wp-image-2578\" src=\"http:\/\/www.info.valladolid.es\/blog\/wp-content\/uploads\/2018\/09\/carteles-san-mateo-a\u00f1os-60-y-70.jpg\" alt=\"carteles san mateo a\u00f1os 60 y 70\" width=\"2286\" height=\"786\" srcset=\"https:\/\/www.info.valladolid.es\/blog\/wp-content\/uploads\/2018\/09\/carteles-san-mateo-a\u00f1os-60-y-70.jpg 2286w, https:\/\/www.info.valladolid.es\/blog\/wp-content\/uploads\/2018\/09\/carteles-san-mateo-a\u00f1os-60-y-70-300x103.jpg 300w, https:\/\/www.info.valladolid.es\/blog\/wp-content\/uploads\/2018\/09\/carteles-san-mateo-a\u00f1os-60-y-70-768x264.jpg 768w, https:\/\/www.info.valladolid.es\/blog\/wp-content\/uploads\/2018\/09\/carteles-san-mateo-a\u00f1os-60-y-70-1024x352.jpg 1024w\" sizes=\"auto, (max-width: 2286px) 100vw, 2286px\" \/><p id=\"caption-attachment-2578\" class=\"wp-caption-text\">Carteles de las fiestas de San Mateo. A\u00f1os 60 y 70.<\/p><\/div>\n<p>\u00bfTe acuerdas de la primera edici\u00f3n de la Feria del Folclore y la Gastronom\u00eda? La animada feria que hoy ocupa el Real de la Feria debut\u00f3 en 1982 con apenas cinco casetas en la plaza del Poniente. Con la representaci\u00f3n tan solo de Andaluc\u00eda, Asturias, Galicia, Navarra y Segovia comenz\u00f3 la andadura de lo que hoy es una de las m\u00e1s importantes citas gastron\u00f3micas de la ciudad.<\/p>\n<p>La otra, la Feria de D\u00eda, fue una de las \u00faltimas incorporaciones en las fiestas de San Mateo, apenas un a\u00f1o antes del cambio a las actuares fiestas de la Virgen de San Lorenzo.<\/p>\n<div id=\"attachment_2579\" style=\"width: 2334px\" class=\"wp-caption aligncenter\"><img loading=\"lazy\" decoding=\"async\" aria-describedby=\"caption-attachment-2579\" class=\"size-full wp-image-2579\" src=\"http:\/\/www.info.valladolid.es\/blog\/wp-content\/uploads\/2018\/09\/carteles-san-mateo-a\u00f1os-80-y-90.jpg\" alt=\"carteles san mateo a\u00f1os 80 y 90\" width=\"2324\" height=\"784\" srcset=\"https:\/\/www.info.valladolid.es\/blog\/wp-content\/uploads\/2018\/09\/carteles-san-mateo-a\u00f1os-80-y-90.jpg 2324w, https:\/\/www.info.valladolid.es\/blog\/wp-content\/uploads\/2018\/09\/carteles-san-mateo-a\u00f1os-80-y-90-300x101.jpg 300w, https:\/\/www.info.valladolid.es\/blog\/wp-content\/uploads\/2018\/09\/carteles-san-mateo-a\u00f1os-80-y-90-768x259.jpg 768w, https:\/\/www.info.valladolid.es\/blog\/wp-content\/uploads\/2018\/09\/carteles-san-mateo-a\u00f1os-80-y-90-1024x345.jpg 1024w\" sizes=\"auto, (max-width: 2324px) 100vw, 2324px\" \/><p id=\"caption-attachment-2579\" class=\"wp-caption-text\">Carteles de las fiestas de San Mateo. A\u00f1os 80 y 90.<\/p><\/div>\n<p>Habr\u00e1 quien a\u00fan recuerde que atracciones del Real de la Feria pasaron por el paseo de las Moreras (hasta 1969), la Ca\u00f1ada de Puente Duero y los jardines de la Rubia hasta desembarcar, de forma definitiva en su actual ubicaci\u00f3n, el Paraje del Ca\u00f1o Hondo, junto al Estadio Jos\u00e9 Zorrilla.<\/p>\n<div id=\"attachment_2577\" style=\"width: 2310px\" class=\"wp-caption aligncenter\"><img loading=\"lazy\" decoding=\"async\" aria-describedby=\"caption-attachment-2577\" class=\"size-full wp-image-2577\" src=\"http:\/\/www.info.valladolid.es\/blog\/wp-content\/uploads\/2018\/09\/real-de-la-feria-en-la-rubia-a\u00f1os-70.jpg\" alt=\"real de la feria en la rubia a\u00f1os 70\" width=\"2300\" height=\"472\" srcset=\"https:\/\/www.info.valladolid.es\/blog\/wp-content\/uploads\/2018\/09\/real-de-la-feria-en-la-rubia-a\u00f1os-70.jpg 2300w, https:\/\/www.info.valladolid.es\/blog\/wp-content\/uploads\/2018\/09\/real-de-la-feria-en-la-rubia-a\u00f1os-70-300x62.jpg 300w, https:\/\/www.info.valladolid.es\/blog\/wp-content\/uploads\/2018\/09\/real-de-la-feria-en-la-rubia-a\u00f1os-70-768x158.jpg 768w, https:\/\/www.info.valladolid.es\/blog\/wp-content\/uploads\/2018\/09\/real-de-la-feria-en-la-rubia-a\u00f1os-70-1024x210.jpg 1024w\" sizes=\"auto, (max-width: 2300px) 100vw, 2300px\" \/><p id=\"caption-attachment-2577\" class=\"wp-caption-text\">Real de La Feria en La Rubia. A\u00f1os 70.<\/p><\/div>\n<p>\u00a1Y qu\u00e9 distintos eran los actos que acog\u00eda la Plaza Mayor durante las fiestas! Siempre escenario de conciertos con algunos de los artistas m\u00e1s importantes del pa\u00eds, tambi\u00e9n lo fue, anta\u00f1o, de desfiles de carrozas (durante los a\u00f1os 60 y principios de los 70), de majoretes y de los equilibrios imposibles de los hermanos Bordini. Cientos de vallisoletanos conten\u00edan la respiraci\u00f3n mientras los intr\u00e9pidos funambulistas paseaban sobre estrechos cables, uno de los atractivos principales de las fiestas de San Mateo durante a\u00f1os.<\/p>\n<p>Vecinos y visitantes se congregaban aqu\u00ed para contemplar otros actos ya desaparecidos de las fiestas: el saludo de la reina de las fiestas y sus damas, los torneos medievales de caballeros&#8230;Otros, permanecen, como&nbsp;el cierre de fiestas con Candeal, una tradici\u00f3n que comenz\u00f3 por aquella \u00e9poca.<\/p>\n<div id=\"attachment_2580\" style=\"width: 1746px\" class=\"wp-caption aligncenter\"><img loading=\"lazy\" decoding=\"async\" aria-describedby=\"caption-attachment-2580\" class=\"size-full wp-image-2580\" src=\"http:\/\/www.info.valladolid.es\/blog\/wp-content\/uploads\/2018\/09\/actos-san-mateo.jpg\" alt=\"fiestas san mateo \" width=\"1736\" height=\"358\" srcset=\"https:\/\/www.info.valladolid.es\/blog\/wp-content\/uploads\/2018\/09\/actos-san-mateo.jpg 1736w, https:\/\/www.info.valladolid.es\/blog\/wp-content\/uploads\/2018\/09\/actos-san-mateo-300x62.jpg 300w, https:\/\/www.info.valladolid.es\/blog\/wp-content\/uploads\/2018\/09\/actos-san-mateo-768x158.jpg 768w, https:\/\/www.info.valladolid.es\/blog\/wp-content\/uploads\/2018\/09\/actos-san-mateo-1024x211.jpg 1024w\" sizes=\"auto, (max-width: 1736px) 100vw, 1736px\" \/><p id=\"caption-attachment-2580\" class=\"wp-caption-text\">Desfile de majorettes, reinas de las fiestas y actuaci\u00f3n de los Bordini.<\/p><\/div>\n<p>Cerramos este nost\u00e1lgico repaso con las pe\u00f1as. Hoy responsables de actos de tanto peso en el programa como el record Guinness, estas agrupaciones llegadas de la tradici\u00f3n de los pueblos no existieron en la capital hasta 1992.<\/p>\n<p>&nbsp;<\/p>\n<p>&nbsp;<\/p>\n<p><a href=\"https:\/\/2.bp.blogspot.com\/_lPX7ZO73pzU\/TC5Acv1fn4I\/AAAAAAAADw0\/TqSV-PHmCOY\/s1600\/cartel2008.jpg\">&nbsp;<\/a><\/p>\n","protected":false},"excerpt":{"rendered":"<p>Fueron las principales fiestas de Valladolid durante d\u00e9cadas, desde que en 1959 el Pleno del Ayuntamiento aprobase su inicio el tercer domingo de septiembre \u2013aunque ven\u00eda celebr\u00e1ndose sin fecha estable desde hac\u00eda d\u00e9cadas- y hasta que en 2001 los festejos se adelantaron casi 20 d\u00edas y pasaron a ser de la Virgen de San Lorenzo. El motivo, por todos sabido, fue el tiempo, m\u00e1s agradable a principios de mes, como ya reclam\u00f3 un grupo de comerciantes en 1910 aunque entonces la petici\u00f3n no prosper\u00f3. \u00bfTe acuerdas de la primera edici\u00f3n de la Feria del Folclore y la Gastronom\u00eda? La animada feria que hoy ocupa el Real de la Feria debut\u00f3 en 1982 con apenas cinco casetas en la plaza del Poniente. Con la representaci\u00f3n tan solo de Andaluc\u00eda, Asturias, Galicia, Navarra y Segovia comenz\u00f3 la andadura de lo que hoy es una de las m\u00e1s importantes citas gastron\u00f3micas de la ciudad. La otra, la Feria de D\u00eda, fue una de las \u00faltimas incorporaciones en las fiestas de San Mateo, apenas un a\u00f1o antes del cambio a las actuares fiestas de la Virgen de San Lorenzo. Habr\u00e1 quien a\u00fan recuerde que atracciones del Real de la Feria pasaron por el paseo [&hellip;]<\/p>\n","protected":false},"author":1,"featured_media":2775,"comment_status":"open","ping_status":"open","sticky":false,"template":"","format":"standard","meta":{"footnotes":""},"categories":[9,7],"tags":[29],"class_list":["post-2573","post","type-post","status-publish","format-standard","has-post-thumbnail","hentry","category-eventos_y_festejos","category-personajes_e_historia","tag-fiestas-patronales"],"yoast_head":"<!-- This site is optimized with the Yoast SEO plugin v27.5 - https:\/\/yoast.com\/product\/yoast-seo-wordpress\/ -->\n<title>\u00bfQu\u00e9 recuerdas de las fiestas de San Mateo? - Blog Cultura y Turismo<\/title>\n<meta name=\"robots\" content=\"index, follow, max-snippet:-1, max-image-preview:large, max-video-preview:-1\" \/>\n<link rel=\"canonical\" href=\"https:\/\/www.info.valladolid.es\/blog\/recuerdos-fiestas-san-mateo\/\" \/>\n<meta property=\"og:locale\" content=\"es_ES\" \/>\n<meta property=\"og:type\" content=\"article\" \/>\n<meta property=\"og:title\" content=\"\u00bfQu\u00e9 recuerdas de las fiestas de San Mateo? - Blog Cultura y Turismo\" \/>\n<meta property=\"og:description\" content=\"Fueron las principales fiestas de Valladolid durante d\u00e9cadas, desde que en 1959 el Pleno del Ayuntamiento aprobase su inicio el tercer domingo de septiembre \u2013aunque ven\u00eda celebr\u00e1ndose sin fecha estable desde hac\u00eda d\u00e9cadas- y hasta que en 2001 los festejos se adelantaron casi 20 d\u00edas y pasaron a ser de la Virgen de San Lorenzo. El motivo, por todos sabido, fue el tiempo, m\u00e1s agradable a principios de mes, como ya reclam\u00f3 un grupo de comerciantes en 1910 aunque entonces la petici\u00f3n no prosper\u00f3. \u00bfTe acuerdas de la primera edici\u00f3n de la Feria del Folclore y la Gastronom\u00eda? La animada feria que hoy ocupa el Real de la Feria debut\u00f3 en 1982 con apenas cinco casetas en la plaza del Poniente. Con la representaci\u00f3n tan solo de Andaluc\u00eda, Asturias, Galicia, Navarra y Segovia comenz\u00f3 la andadura de lo que hoy es una de las m\u00e1s importantes citas gastron\u00f3micas de la ciudad. La otra, la Feria de D\u00eda, fue una de las \u00faltimas incorporaciones en las fiestas de San Mateo, apenas un a\u00f1o antes del cambio a las actuares fiestas de la Virgen de San Lorenzo. Habr\u00e1 quien a\u00fan recuerde que atracciones del Real de la Feria pasaron por el paseo [&hellip;]\" \/>\n<meta property=\"og:url\" content=\"https:\/\/www.info.valladolid.es\/blog\/recuerdos-fiestas-san-mateo\/\" \/>\n<meta property=\"og:site_name\" content=\"Blog Cultura y Turismo\" \/>\n<meta property=\"article:published_time\" content=\"2018-09-04T10:52:03+00:00\" \/>\n<meta property=\"article:modified_time\" content=\"2022-10-06T11:15:47+00:00\" \/>\n<meta property=\"og:image\" content=\"https:\/\/www.info.valladolid.es\/blog\/wp-content\/uploads\/2018\/09\/blog-destacado-san-mateo.jpg\" \/>\n\t<meta property=\"og:image:width\" content=\"934\" \/>\n\t<meta property=\"og:image:height\" content=\"750\" \/>\n\t<meta property=\"og:image:type\" content=\"image\/jpeg\" \/>\n<meta name=\"author\" content=\"administrador\" \/>\n<meta name=\"twitter:card\" content=\"summary_large_image\" \/>\n<meta name=\"twitter:label1\" content=\"Escrito por\" \/>\n\t<meta name=\"twitter:data1\" content=\"administrador\" \/>\n\t<meta name=\"twitter:label2\" content=\"Tiempo de lectura\" \/>\n\t<meta name=\"twitter:data2\" content=\"3 minutos\" \/>\n<script type=\"application\/ld+json\" class=\"yoast-schema-graph\">{\"@context\":\"https:\\\/\\\/schema.org\",\"@graph\":[{\"@type\":\"Article\",\"@id\":\"https:\\\/\\\/www.info.valladolid.es\\\/blog\\\/recuerdos-fiestas-san-mateo\\\/#article\",\"isPartOf\":{\"@id\":\"https:\\\/\\\/www.info.valladolid.es\\\/blog\\\/recuerdos-fiestas-san-mateo\\\/\"},\"author\":{\"name\":\"administrador\",\"@id\":\"https:\\\/\\\/www.info.valladolid.es\\\/blog\\\/#\\\/schema\\\/person\\\/845cac97e6156a5a9c5abd68b7b9a5d5\"},\"headline\":\"\u00bfQu\u00e9 recuerdas de las fiestas de San Mateo?\",\"datePublished\":\"2018-09-04T10:52:03+00:00\",\"dateModified\":\"2022-10-06T11:15:47+00:00\",\"mainEntityOfPage\":{\"@id\":\"https:\\\/\\\/www.info.valladolid.es\\\/blog\\\/recuerdos-fiestas-san-mateo\\\/\"},\"wordCount\":508,\"commentCount\":1,\"image\":{\"@id\":\"https:\\\/\\\/www.info.valladolid.es\\\/blog\\\/recuerdos-fiestas-san-mateo\\\/#primaryimage\"},\"thumbnailUrl\":\"https:\\\/\\\/www.info.valladolid.es\\\/blog\\\/wp-content\\\/uploads\\\/2018\\\/09\\\/blog-destacado-san-mateo.jpg\",\"keywords\":[\"fiestas patronales\"],\"articleSection\":[\"Eventos y festejos\",\"Personajes e historia\"],\"inLanguage\":\"es\",\"potentialAction\":[{\"@type\":\"CommentAction\",\"name\":\"Comment\",\"target\":[\"https:\\\/\\\/www.info.valladolid.es\\\/blog\\\/recuerdos-fiestas-san-mateo\\\/#respond\"]}]},{\"@type\":\"WebPage\",\"@id\":\"https:\\\/\\\/www.info.valladolid.es\\\/blog\\\/recuerdos-fiestas-san-mateo\\\/\",\"url\":\"https:\\\/\\\/www.info.valladolid.es\\\/blog\\\/recuerdos-fiestas-san-mateo\\\/\",\"name\":\"\u00bfQu\u00e9 recuerdas de las fiestas de San Mateo? - Blog Cultura y Turismo\",\"isPartOf\":{\"@id\":\"https:\\\/\\\/www.info.valladolid.es\\\/blog\\\/#website\"},\"primaryImageOfPage\":{\"@id\":\"https:\\\/\\\/www.info.valladolid.es\\\/blog\\\/recuerdos-fiestas-san-mateo\\\/#primaryimage\"},\"image\":{\"@id\":\"https:\\\/\\\/www.info.valladolid.es\\\/blog\\\/recuerdos-fiestas-san-mateo\\\/#primaryimage\"},\"thumbnailUrl\":\"https:\\\/\\\/www.info.valladolid.es\\\/blog\\\/wp-content\\\/uploads\\\/2018\\\/09\\\/blog-destacado-san-mateo.jpg\",\"datePublished\":\"2018-09-04T10:52:03+00:00\",\"dateModified\":\"2022-10-06T11:15:47+00:00\",\"author\":{\"@id\":\"https:\\\/\\\/www.info.valladolid.es\\\/blog\\\/#\\\/schema\\\/person\\\/845cac97e6156a5a9c5abd68b7b9a5d5\"},\"breadcrumb\":{\"@id\":\"https:\\\/\\\/www.info.valladolid.es\\\/blog\\\/recuerdos-fiestas-san-mateo\\\/#breadcrumb\"},\"inLanguage\":\"es\",\"potentialAction\":[{\"@type\":\"ReadAction\",\"target\":[\"https:\\\/\\\/www.info.valladolid.es\\\/blog\\\/recuerdos-fiestas-san-mateo\\\/\"]}]},{\"@type\":\"ImageObject\",\"inLanguage\":\"es\",\"@id\":\"https:\\\/\\\/www.info.valladolid.es\\\/blog\\\/recuerdos-fiestas-san-mateo\\\/#primaryimage\",\"url\":\"https:\\\/\\\/www.info.valladolid.es\\\/blog\\\/wp-content\\\/uploads\\\/2018\\\/09\\\/blog-destacado-san-mateo.jpg\",\"contentUrl\":\"https:\\\/\\\/www.info.valladolid.es\\\/blog\\\/wp-content\\\/uploads\\\/2018\\\/09\\\/blog-destacado-san-mateo.jpg\",\"width\":934,\"height\":750},{\"@type\":\"BreadcrumbList\",\"@id\":\"https:\\\/\\\/www.info.valladolid.es\\\/blog\\\/recuerdos-fiestas-san-mateo\\\/#breadcrumb\",\"itemListElement\":[{\"@type\":\"ListItem\",\"position\":1,\"name\":\"Home\",\"item\":\"https:\\\/\\\/www.info.valladolid.es\\\/blog\\\/\"},{\"@type\":\"ListItem\",\"position\":2,\"name\":\"\u00bfQu\u00e9 recuerdas de las fiestas de San Mateo?\"}]},{\"@type\":\"WebSite\",\"@id\":\"https:\\\/\\\/www.info.valladolid.es\\\/blog\\\/#website\",\"url\":\"https:\\\/\\\/www.info.valladolid.es\\\/blog\\\/\",\"name\":\"Blog Cultura y Turismo\",\"description\":\"\",\"potentialAction\":[{\"@type\":\"SearchAction\",\"target\":{\"@type\":\"EntryPoint\",\"urlTemplate\":\"https:\\\/\\\/www.info.valladolid.es\\\/blog\\\/?s={search_term_string}\"},\"query-input\":{\"@type\":\"PropertyValueSpecification\",\"valueRequired\":true,\"valueName\":\"search_term_string\"}}],\"inLanguage\":\"es\"},{\"@type\":\"Person\",\"@id\":\"https:\\\/\\\/www.info.valladolid.es\\\/blog\\\/#\\\/schema\\\/person\\\/845cac97e6156a5a9c5abd68b7b9a5d5\",\"name\":\"administrador\",\"image\":{\"@type\":\"ImageObject\",\"inLanguage\":\"es\",\"@id\":\"https:\\\/\\\/secure.gravatar.com\\\/avatar\\\/418161d2f95196597e2d305bd301c850afab7f4b284a344fb2d759f048b71c61?s=96&d=mm&r=g\",\"url\":\"https:\\\/\\\/secure.gravatar.com\\\/avatar\\\/418161d2f95196597e2d305bd301c850afab7f4b284a344fb2d759f048b71c61?s=96&d=mm&r=g\",\"contentUrl\":\"https:\\\/\\\/secure.gravatar.com\\\/avatar\\\/418161d2f95196597e2d305bd301c850afab7f4b284a344fb2d759f048b71c61?s=96&d=mm&r=g\",\"caption\":\"administrador\"},\"url\":\"https:\\\/\\\/www.info.valladolid.es\\\/blog\\\/author\\\/administrador\\\/\"}]}<\/script>\n<!-- \/ Yoast SEO plugin. -->","yoast_head_json":{"title":"\u00bfQu\u00e9 recuerdas de las fiestas de San Mateo? - Blog Cultura y Turismo","robots":{"index":"index","follow":"follow","max-snippet":"max-snippet:-1","max-image-preview":"max-image-preview:large","max-video-preview":"max-video-preview:-1"},"canonical":"https:\/\/www.info.valladolid.es\/blog\/recuerdos-fiestas-san-mateo\/","og_locale":"es_ES","og_type":"article","og_title":"\u00bfQu\u00e9 recuerdas de las fiestas de San Mateo? - Blog Cultura y Turismo","og_description":"Fueron las principales fiestas de Valladolid durante d\u00e9cadas, desde que en 1959 el Pleno del Ayuntamiento aprobase su inicio el tercer domingo de septiembre \u2013aunque ven\u00eda celebr\u00e1ndose sin fecha estable desde hac\u00eda d\u00e9cadas- y hasta que en 2001 los festejos se adelantaron casi 20 d\u00edas y pasaron a ser de la Virgen de San Lorenzo. El motivo, por todos sabido, fue el tiempo, m\u00e1s agradable a principios de mes, como ya reclam\u00f3 un grupo de comerciantes en 1910 aunque entonces la petici\u00f3n no prosper\u00f3. \u00bfTe acuerdas de la primera edici\u00f3n de la Feria del Folclore y la Gastronom\u00eda? La animada feria que hoy ocupa el Real de la Feria debut\u00f3 en 1982 con apenas cinco casetas en la plaza del Poniente. Con la representaci\u00f3n tan solo de Andaluc\u00eda, Asturias, Galicia, Navarra y Segovia comenz\u00f3 la andadura de lo que hoy es una de las m\u00e1s importantes citas gastron\u00f3micas de la ciudad. La otra, la Feria de D\u00eda, fue una de las \u00faltimas incorporaciones en las fiestas de San Mateo, apenas un a\u00f1o antes del cambio a las actuares fiestas de la Virgen de San Lorenzo. Habr\u00e1 quien a\u00fan recuerde que atracciones del Real de la Feria pasaron por el paseo [&hellip;]","og_url":"https:\/\/www.info.valladolid.es\/blog\/recuerdos-fiestas-san-mateo\/","og_site_name":"Blog Cultura y Turismo","article_published_time":"2018-09-04T10:52:03+00:00","article_modified_time":"2022-10-06T11:15:47+00:00","og_image":[{"width":934,"height":750,"url":"https:\/\/www.info.valladolid.es\/blog\/wp-content\/uploads\/2018\/09\/blog-destacado-san-mateo.jpg","type":"image\/jpeg"}],"author":"administrador","twitter_card":"summary_large_image","twitter_misc":{"Escrito por":"administrador","Tiempo de lectura":"3 minutos"},"schema":{"@context":"https:\/\/schema.org","@graph":[{"@type":"Article","@id":"https:\/\/www.info.valladolid.es\/blog\/recuerdos-fiestas-san-mateo\/#article","isPartOf":{"@id":"https:\/\/www.info.valladolid.es\/blog\/recuerdos-fiestas-san-mateo\/"},"author":{"name":"administrador","@id":"https:\/\/www.info.valladolid.es\/blog\/#\/schema\/person\/845cac97e6156a5a9c5abd68b7b9a5d5"},"headline":"\u00bfQu\u00e9 recuerdas de las fiestas de San Mateo?","datePublished":"2018-09-04T10:52:03+00:00","dateModified":"2022-10-06T11:15:47+00:00","mainEntityOfPage":{"@id":"https:\/\/www.info.valladolid.es\/blog\/recuerdos-fiestas-san-mateo\/"},"wordCount":508,"commentCount":1,"image":{"@id":"https:\/\/www.info.valladolid.es\/blog\/recuerdos-fiestas-san-mateo\/#primaryimage"},"thumbnailUrl":"https:\/\/www.info.valladolid.es\/blog\/wp-content\/uploads\/2018\/09\/blog-destacado-san-mateo.jpg","keywords":["fiestas patronales"],"articleSection":["Eventos y festejos","Personajes e historia"],"inLanguage":"es","potentialAction":[{"@type":"CommentAction","name":"Comment","target":["https:\/\/www.info.valladolid.es\/blog\/recuerdos-fiestas-san-mateo\/#respond"]}]},{"@type":"WebPage","@id":"https:\/\/www.info.valladolid.es\/blog\/recuerdos-fiestas-san-mateo\/","url":"https:\/\/www.info.valladolid.es\/blog\/recuerdos-fiestas-san-mateo\/","name":"\u00bfQu\u00e9 recuerdas de las fiestas de San Mateo? - Blog Cultura y Turismo","isPartOf":{"@id":"https:\/\/www.info.valladolid.es\/blog\/#website"},"primaryImageOfPage":{"@id":"https:\/\/www.info.valladolid.es\/blog\/recuerdos-fiestas-san-mateo\/#primaryimage"},"image":{"@id":"https:\/\/www.info.valladolid.es\/blog\/recuerdos-fiestas-san-mateo\/#primaryimage"},"thumbnailUrl":"https:\/\/www.info.valladolid.es\/blog\/wp-content\/uploads\/2018\/09\/blog-destacado-san-mateo.jpg","datePublished":"2018-09-04T10:52:03+00:00","dateModified":"2022-10-06T11:15:47+00:00","author":{"@id":"https:\/\/www.info.valladolid.es\/blog\/#\/schema\/person\/845cac97e6156a5a9c5abd68b7b9a5d5"},"breadcrumb":{"@id":"https:\/\/www.info.valladolid.es\/blog\/recuerdos-fiestas-san-mateo\/#breadcrumb"},"inLanguage":"es","potentialAction":[{"@type":"ReadAction","target":["https:\/\/www.info.valladolid.es\/blog\/recuerdos-fiestas-san-mateo\/"]}]},{"@type":"ImageObject","inLanguage":"es","@id":"https:\/\/www.info.valladolid.es\/blog\/recuerdos-fiestas-san-mateo\/#primaryimage","url":"https:\/\/www.info.valladolid.es\/blog\/wp-content\/uploads\/2018\/09\/blog-destacado-san-mateo.jpg","contentUrl":"https:\/\/www.info.valladolid.es\/blog\/wp-content\/uploads\/2018\/09\/blog-destacado-san-mateo.jpg","width":934,"height":750},{"@type":"BreadcrumbList","@id":"https:\/\/www.info.valladolid.es\/blog\/recuerdos-fiestas-san-mateo\/#breadcrumb","itemListElement":[{"@type":"ListItem","position":1,"name":"Home","item":"https:\/\/www.info.valladolid.es\/blog\/"},{"@type":"ListItem","position":2,"name":"\u00bfQu\u00e9 recuerdas de las fiestas de San Mateo?"}]},{"@type":"WebSite","@id":"https:\/\/www.info.valladolid.es\/blog\/#website","url":"https:\/\/www.info.valladolid.es\/blog\/","name":"Blog Cultura y Turismo","description":"","potentialAction":[{"@type":"SearchAction","target":{"@type":"EntryPoint","urlTemplate":"https:\/\/www.info.valladolid.es\/blog\/?s={search_term_string}"},"query-input":{"@type":"PropertyValueSpecification","valueRequired":true,"valueName":"search_term_string"}}],"inLanguage":"es"},{"@type":"Person","@id":"https:\/\/www.info.valladolid.es\/blog\/#\/schema\/person\/845cac97e6156a5a9c5abd68b7b9a5d5","name":"administrador","image":{"@type":"ImageObject","inLanguage":"es","@id":"https:\/\/secure.gravatar.com\/avatar\/418161d2f95196597e2d305bd301c850afab7f4b284a344fb2d759f048b71c61?s=96&d=mm&r=g","url":"https:\/\/secure.gravatar.com\/avatar\/418161d2f95196597e2d305bd301c850afab7f4b284a344fb2d759f048b71c61?s=96&d=mm&r=g","contentUrl":"https:\/\/secure.gravatar.com\/avatar\/418161d2f95196597e2d305bd301c850afab7f4b284a344fb2d759f048b71c61?s=96&d=mm&r=g","caption":"administrador"},"url":"https:\/\/www.info.valladolid.es\/blog\/author\/administrador\/"}]}},"_links":{"self":[{"href":"https:\/\/www.info.valladolid.es\/blog\/wp-json\/wp\/v2\/posts\/2573","targetHints":{"allow":["GET"]}}],"collection":[{"href":"https:\/\/www.info.valladolid.es\/blog\/wp-json\/wp\/v2\/posts"}],"about":[{"href":"https:\/\/www.info.valladolid.es\/blog\/wp-json\/wp\/v2\/types\/post"}],"author":[{"embeddable":true,"href":"https:\/\/www.info.valladolid.es\/blog\/wp-json\/wp\/v2\/users\/1"}],"replies":[{"embeddable":true,"href":"https:\/\/www.info.valladolid.es\/blog\/wp-json\/wp\/v2\/comments?post=2573"}],"version-history":[{"count":4,"href":"https:\/\/www.info.valladolid.es\/blog\/wp-json\/wp\/v2\/posts\/2573\/revisions"}],"predecessor-version":[{"id":3341,"href":"https:\/\/www.info.valladolid.es\/blog\/wp-json\/wp\/v2\/posts\/2573\/revisions\/3341"}],"wp:featuredmedia":[{"embeddable":true,"href":"https:\/\/www.info.valladolid.es\/blog\/wp-json\/wp\/v2\/media\/2775"}],"wp:attachment":[{"href":"https:\/\/www.info.valladolid.es\/blog\/wp-json\/wp\/v2\/media?parent=2573"}],"wp:term":[{"taxonomy":"category","embeddable":true,"href":"https:\/\/www.info.valladolid.es\/blog\/wp-json\/wp\/v2\/categories?post=2573"},{"taxonomy":"post_tag","embeddable":true,"href":"https:\/\/www.info.valladolid.es\/blog\/wp-json\/wp\/v2\/tags?post=2573"}],"curies":[{"name":"wp","href":"https:\/\/api.w.org\/{rel}","templated":true}]}}