{"id":2436,"date":"2018-04-03T09:13:03","date_gmt":"2018-04-03T09:13:03","guid":{"rendered":"http:\/\/www.info.valladolid.es\/blog\/?p=2436"},"modified":"2018-12-03T12:26:16","modified_gmt":"2018-12-03T12:26:16","slug":"mirillas-plaza-mayor-valladolid","status":"publish","type":"post","link":"https:\/\/www.info.valladolid.es\/blog\/mirillas-plaza-mayor-valladolid\/","title":{"rendered":"&#8216;Mirillas&#8217; al pasado gremial de Valladolid"},"content":{"rendered":"<div id=\"attachment_2437\" style=\"width: 351px\" class=\"wp-caption alignleft\"><img loading=\"lazy\" decoding=\"async\" aria-describedby=\"caption-attachment-2437\" class=\" wp-image-2437\" src=\"http:\/\/www.info.valladolid.es\/blog\/wp-content\/uploads\/2018\/04\/mirillas-plaza-mayor-valladolid-704x1024.jpg\" alt=\"mirillas plaza mayor valladolid\" width=\"341\" height=\"497\" srcset=\"https:\/\/www.info.valladolid.es\/blog\/wp-content\/uploads\/2018\/04\/mirillas-plaza-mayor-valladolid-704x1024.jpg 704w, https:\/\/www.info.valladolid.es\/blog\/wp-content\/uploads\/2018\/04\/mirillas-plaza-mayor-valladolid-206x300.jpg 206w, https:\/\/www.info.valladolid.es\/blog\/wp-content\/uploads\/2018\/04\/mirillas-plaza-mayor-valladolid-768x1117.jpg 768w, https:\/\/www.info.valladolid.es\/blog\/wp-content\/uploads\/2018\/04\/mirillas-plaza-mayor-valladolid.jpg 900w\" sizes=\"auto, (max-width: 341px) 100vw, 341px\" \/><p id=\"caption-attachment-2437\" class=\"wp-caption-text\">Soportales en la plaza de la Fuente Dorada<\/p><\/div>\n<p>Los vestigios de la \u00e9poca gremial que atesora el centro de Valladolid se salpican, desapercibidos para la mayor\u00eda, en rincones cuyos nombres recuerdan a la organizaci\u00f3n econ\u00f3mica de la villa durante el medievo. Es el caso de la calle Lencer\u00eda, junto a la que fue plaza del Mercado, de la calle de la Plater\u00eda, donde se establecieron los poderosos orfebres y plateros, o de <a href=\"http:\/\/www.info.valladolid.es\/blog\/la-calle-de-torneros-memoria-de-los-gremios-en-valladolid\/\">callejones como el de Tornetos<\/a>, que sobrevive como una huella casi intacta de siglos pasados.<\/p>\n<p><strong>A mediados del siglo XIII se establece la plaza del Mercado, hoy Plaza Mayor<\/strong>, en la villa vallisoletana. A pocos metros de este epicentro comercial tom\u00f3 forma otra plazuela, que hoy conocemos como de la Fuente Dorada, pero que fue apodada por los vecinos como \u2018galliner\u00eda vieja\u2019, denominaci\u00f3n que, cuenta Agapito y Revilla, a\u00fan exist\u00eda en los primeros a\u00f1os del siglo XVII.<\/p>\n<p>Y es, precisamente, entre estos dos centros mercantiles donde pervive otra de las reliquias que evoca la intensa actividad artesana y comercial que bull\u00eda en este espacio siglos atr\u00e1s: las mirillas que se abren en los techos de los soportales de la Plaza Mayor, la calle de Ferrari y la plaza de la Fuente Dorada.<\/p>\n<p>Son pocos los \u2018ojos\u2019 que han sobrevivido a las restauraciones de la zona y que permiten al viandante hacerse una imagen de lo que, anta\u00f1o, fueron t\u00edpicas viviendas de maestros artesanos y de comerciantes. A pie de calle estaba el taller, visible al p\u00fablico, seg\u00fan las normas que reg\u00edan los oficios. Este espacio, en no pocas ocasiones, ejerc\u00eda tambi\u00e9n de tienda. Los pisos superiores eran el hogar del maestro propietario del negocio y de su familia, pero tambi\u00e9n de los aprendices a los que deb\u00edan alojar, alimentar y ense\u00f1ar la doctrina cristiana durante su formaci\u00f3n, un periodo que se extend\u00eda varios a\u00f1os.<\/p>\n<p><strong>Esta mirilla abierta en el piso permit\u00eda<\/strong>, as\u00ed, <strong>un control del acceso a la tienda-taller<\/strong> en todo momento y la atenci\u00f3n a todo aquel que llamase a su puerta sin necesidad de abandonar la casa.<\/p>\n<p>El esquema de taller o comercio bajo la vivienda del propietario se mantuvo tiempo despu\u00e9s de la hegemon\u00eda gremial, como demuestra la existencia de estas mirillas en los bloques que se levantaron tras la demolici\u00f3n del convento de San Francisco (en 1836) donde hoy se encuentra el Teatro de Zorrilla.<\/p>\n<p>&nbsp;<\/p>\n","protected":false},"excerpt":{"rendered":"<p>Los vestigios de la \u00e9poca gremial que atesora el centro de Valladolid se salpican, desapercibidos para la mayor\u00eda, en rincones cuyos nombres recuerdan a la organizaci\u00f3n econ\u00f3mica de la villa durante el medievo. Es el caso de la calle Lencer\u00eda, junto a la que fue plaza del Mercado, de la calle de la Plater\u00eda, donde se establecieron los poderosos orfebres y plateros, o de callejones como el de Tornetos, que sobrevive como una huella casi intacta de siglos pasados. A mediados del siglo XIII se establece la plaza del Mercado, hoy Plaza Mayor, en la villa vallisoletana. A pocos metros de este epicentro comercial tom\u00f3 forma otra plazuela, que hoy conocemos como de la Fuente Dorada, pero que fue apodada por los vecinos como \u2018galliner\u00eda vieja\u2019, denominaci\u00f3n que, cuenta Agapito y Revilla, a\u00fan exist\u00eda en los primeros a\u00f1os del siglo XVII. Y es, precisamente, entre estos dos centros mercantiles donde pervive otra de las reliquias que evoca la intensa actividad artesana y comercial que bull\u00eda en este espacio siglos atr\u00e1s: las mirillas que se abren en los techos de los soportales de la Plaza Mayor, la calle de Ferrari y la plaza de la Fuente Dorada. Son pocos los \u2018ojos\u2019 [&hellip;]<\/p>\n","protected":false},"author":1,"featured_media":2793,"comment_status":"open","ping_status":"open","sticky":false,"template":"","format":"standard","meta":{"footnotes":""},"categories":[5,122,7],"tags":[3,127],"class_list":["post-2436","post","type-post","status-publish","format-standard","has-post-thumbnail","hentry","category-curiosidades_y_leyendas","category-edificios-desaparecidos","category-personajes_e_historia","tag-historia-de-valladolid","tag-plaza-mayor-de-valladolid"],"yoast_head":"<!-- This site is optimized with the Yoast SEO plugin v27.5 - https:\/\/yoast.com\/product\/yoast-seo-wordpress\/ -->\n<title>&#039;Mirillas&#039; al pasado gremial de Valladolid - Blog Cultura y Turismo<\/title>\n<meta name=\"robots\" content=\"index, follow, max-snippet:-1, max-image-preview:large, max-video-preview:-1\" \/>\n<link rel=\"canonical\" href=\"https:\/\/www.info.valladolid.es\/blog\/mirillas-plaza-mayor-valladolid\/\" \/>\n<meta property=\"og:locale\" content=\"es_ES\" \/>\n<meta property=\"og:type\" content=\"article\" \/>\n<meta property=\"og:title\" content=\"&#039;Mirillas&#039; al pasado gremial de Valladolid - Blog Cultura y Turismo\" \/>\n<meta property=\"og:description\" content=\"Los vestigios de la \u00e9poca gremial que atesora el centro de Valladolid se salpican, desapercibidos para la mayor\u00eda, en rincones cuyos nombres recuerdan a la organizaci\u00f3n econ\u00f3mica de la villa durante el medievo. Es el caso de la calle Lencer\u00eda, junto a la que fue plaza del Mercado, de la calle de la Plater\u00eda, donde se establecieron los poderosos orfebres y plateros, o de callejones como el de Tornetos, que sobrevive como una huella casi intacta de siglos pasados. A mediados del siglo XIII se establece la plaza del Mercado, hoy Plaza Mayor, en la villa vallisoletana. A pocos metros de este epicentro comercial tom\u00f3 forma otra plazuela, que hoy conocemos como de la Fuente Dorada, pero que fue apodada por los vecinos como \u2018galliner\u00eda vieja\u2019, denominaci\u00f3n que, cuenta Agapito y Revilla, a\u00fan exist\u00eda en los primeros a\u00f1os del siglo XVII. Y es, precisamente, entre estos dos centros mercantiles donde pervive otra de las reliquias que evoca la intensa actividad artesana y comercial que bull\u00eda en este espacio siglos atr\u00e1s: las mirillas que se abren en los techos de los soportales de la Plaza Mayor, la calle de Ferrari y la plaza de la Fuente Dorada. Son pocos los \u2018ojos\u2019 [&hellip;]\" \/>\n<meta property=\"og:url\" content=\"https:\/\/www.info.valladolid.es\/blog\/mirillas-plaza-mayor-valladolid\/\" \/>\n<meta property=\"og:site_name\" content=\"Blog Cultura y Turismo\" \/>\n<meta property=\"article:published_time\" content=\"2018-04-03T09:13:03+00:00\" \/>\n<meta property=\"article:modified_time\" content=\"2018-12-03T12:26:16+00:00\" \/>\n<meta property=\"og:image\" content=\"https:\/\/www.info.valladolid.es\/blog\/wp-content\/uploads\/2018\/04\/blog-mirillas.jpg\" \/>\n\t<meta property=\"og:image:width\" content=\"652\" \/>\n\t<meta property=\"og:image:height\" content=\"526\" \/>\n\t<meta property=\"og:image:type\" content=\"image\/jpeg\" \/>\n<meta name=\"author\" content=\"administrador\" \/>\n<meta name=\"twitter:card\" content=\"summary_large_image\" \/>\n<meta name=\"twitter:label1\" content=\"Escrito por\" \/>\n\t<meta name=\"twitter:data1\" content=\"administrador\" \/>\n\t<meta name=\"twitter:label2\" content=\"Tiempo de lectura\" \/>\n\t<meta name=\"twitter:data2\" content=\"2 minutos\" \/>\n<script type=\"application\/ld+json\" class=\"yoast-schema-graph\">{\"@context\":\"https:\\\/\\\/schema.org\",\"@graph\":[{\"@type\":\"Article\",\"@id\":\"https:\\\/\\\/www.info.valladolid.es\\\/blog\\\/mirillas-plaza-mayor-valladolid\\\/#article\",\"isPartOf\":{\"@id\":\"https:\\\/\\\/www.info.valladolid.es\\\/blog\\\/mirillas-plaza-mayor-valladolid\\\/\"},\"author\":{\"name\":\"administrador\",\"@id\":\"https:\\\/\\\/www.info.valladolid.es\\\/blog\\\/#\\\/schema\\\/person\\\/845cac97e6156a5a9c5abd68b7b9a5d5\"},\"headline\":\"&#8216;Mirillas&#8217; al pasado gremial de Valladolid\",\"datePublished\":\"2018-04-03T09:13:03+00:00\",\"dateModified\":\"2018-12-03T12:26:16+00:00\",\"mainEntityOfPage\":{\"@id\":\"https:\\\/\\\/www.info.valladolid.es\\\/blog\\\/mirillas-plaza-mayor-valladolid\\\/\"},\"wordCount\":434,\"commentCount\":0,\"image\":{\"@id\":\"https:\\\/\\\/www.info.valladolid.es\\\/blog\\\/mirillas-plaza-mayor-valladolid\\\/#primaryimage\"},\"thumbnailUrl\":\"https:\\\/\\\/www.info.valladolid.es\\\/blog\\\/wp-content\\\/uploads\\\/2018\\\/04\\\/blog-mirillas.jpg\",\"keywords\":[\"Historia de Valladolid\",\"Plaza Mayor de Valladolid\"],\"articleSection\":[\"Curiosidades y leyendas\",\"Edificios desaparecidos\",\"Personajes e historia\"],\"inLanguage\":\"es\",\"potentialAction\":[{\"@type\":\"CommentAction\",\"name\":\"Comment\",\"target\":[\"https:\\\/\\\/www.info.valladolid.es\\\/blog\\\/mirillas-plaza-mayor-valladolid\\\/#respond\"]}]},{\"@type\":\"WebPage\",\"@id\":\"https:\\\/\\\/www.info.valladolid.es\\\/blog\\\/mirillas-plaza-mayor-valladolid\\\/\",\"url\":\"https:\\\/\\\/www.info.valladolid.es\\\/blog\\\/mirillas-plaza-mayor-valladolid\\\/\",\"name\":\"'Mirillas' al pasado gremial de Valladolid - Blog Cultura y Turismo\",\"isPartOf\":{\"@id\":\"https:\\\/\\\/www.info.valladolid.es\\\/blog\\\/#website\"},\"primaryImageOfPage\":{\"@id\":\"https:\\\/\\\/www.info.valladolid.es\\\/blog\\\/mirillas-plaza-mayor-valladolid\\\/#primaryimage\"},\"image\":{\"@id\":\"https:\\\/\\\/www.info.valladolid.es\\\/blog\\\/mirillas-plaza-mayor-valladolid\\\/#primaryimage\"},\"thumbnailUrl\":\"https:\\\/\\\/www.info.valladolid.es\\\/blog\\\/wp-content\\\/uploads\\\/2018\\\/04\\\/blog-mirillas.jpg\",\"datePublished\":\"2018-04-03T09:13:03+00:00\",\"dateModified\":\"2018-12-03T12:26:16+00:00\",\"author\":{\"@id\":\"https:\\\/\\\/www.info.valladolid.es\\\/blog\\\/#\\\/schema\\\/person\\\/845cac97e6156a5a9c5abd68b7b9a5d5\"},\"breadcrumb\":{\"@id\":\"https:\\\/\\\/www.info.valladolid.es\\\/blog\\\/mirillas-plaza-mayor-valladolid\\\/#breadcrumb\"},\"inLanguage\":\"es\",\"potentialAction\":[{\"@type\":\"ReadAction\",\"target\":[\"https:\\\/\\\/www.info.valladolid.es\\\/blog\\\/mirillas-plaza-mayor-valladolid\\\/\"]}]},{\"@type\":\"ImageObject\",\"inLanguage\":\"es\",\"@id\":\"https:\\\/\\\/www.info.valladolid.es\\\/blog\\\/mirillas-plaza-mayor-valladolid\\\/#primaryimage\",\"url\":\"https:\\\/\\\/www.info.valladolid.es\\\/blog\\\/wp-content\\\/uploads\\\/2018\\\/04\\\/blog-mirillas.jpg\",\"contentUrl\":\"https:\\\/\\\/www.info.valladolid.es\\\/blog\\\/wp-content\\\/uploads\\\/2018\\\/04\\\/blog-mirillas.jpg\",\"width\":652,\"height\":526},{\"@type\":\"BreadcrumbList\",\"@id\":\"https:\\\/\\\/www.info.valladolid.es\\\/blog\\\/mirillas-plaza-mayor-valladolid\\\/#breadcrumb\",\"itemListElement\":[{\"@type\":\"ListItem\",\"position\":1,\"name\":\"Home\",\"item\":\"https:\\\/\\\/www.info.valladolid.es\\\/blog\\\/\"},{\"@type\":\"ListItem\",\"position\":2,\"name\":\"&#8216;Mirillas&#8217; al pasado gremial de Valladolid\"}]},{\"@type\":\"WebSite\",\"@id\":\"https:\\\/\\\/www.info.valladolid.es\\\/blog\\\/#website\",\"url\":\"https:\\\/\\\/www.info.valladolid.es\\\/blog\\\/\",\"name\":\"Blog Cultura y Turismo\",\"description\":\"\",\"potentialAction\":[{\"@type\":\"SearchAction\",\"target\":{\"@type\":\"EntryPoint\",\"urlTemplate\":\"https:\\\/\\\/www.info.valladolid.es\\\/blog\\\/?s={search_term_string}\"},\"query-input\":{\"@type\":\"PropertyValueSpecification\",\"valueRequired\":true,\"valueName\":\"search_term_string\"}}],\"inLanguage\":\"es\"},{\"@type\":\"Person\",\"@id\":\"https:\\\/\\\/www.info.valladolid.es\\\/blog\\\/#\\\/schema\\\/person\\\/845cac97e6156a5a9c5abd68b7b9a5d5\",\"name\":\"administrador\",\"image\":{\"@type\":\"ImageObject\",\"inLanguage\":\"es\",\"@id\":\"https:\\\/\\\/secure.gravatar.com\\\/avatar\\\/418161d2f95196597e2d305bd301c850afab7f4b284a344fb2d759f048b71c61?s=96&d=mm&r=g\",\"url\":\"https:\\\/\\\/secure.gravatar.com\\\/avatar\\\/418161d2f95196597e2d305bd301c850afab7f4b284a344fb2d759f048b71c61?s=96&d=mm&r=g\",\"contentUrl\":\"https:\\\/\\\/secure.gravatar.com\\\/avatar\\\/418161d2f95196597e2d305bd301c850afab7f4b284a344fb2d759f048b71c61?s=96&d=mm&r=g\",\"caption\":\"administrador\"},\"url\":\"https:\\\/\\\/www.info.valladolid.es\\\/blog\\\/author\\\/administrador\\\/\"}]}<\/script>\n<!-- \/ Yoast SEO plugin. -->","yoast_head_json":{"title":"'Mirillas' al pasado gremial de Valladolid - Blog Cultura y Turismo","robots":{"index":"index","follow":"follow","max-snippet":"max-snippet:-1","max-image-preview":"max-image-preview:large","max-video-preview":"max-video-preview:-1"},"canonical":"https:\/\/www.info.valladolid.es\/blog\/mirillas-plaza-mayor-valladolid\/","og_locale":"es_ES","og_type":"article","og_title":"'Mirillas' al pasado gremial de Valladolid - Blog Cultura y Turismo","og_description":"Los vestigios de la \u00e9poca gremial que atesora el centro de Valladolid se salpican, desapercibidos para la mayor\u00eda, en rincones cuyos nombres recuerdan a la organizaci\u00f3n econ\u00f3mica de la villa durante el medievo. Es el caso de la calle Lencer\u00eda, junto a la que fue plaza del Mercado, de la calle de la Plater\u00eda, donde se establecieron los poderosos orfebres y plateros, o de callejones como el de Tornetos, que sobrevive como una huella casi intacta de siglos pasados. A mediados del siglo XIII se establece la plaza del Mercado, hoy Plaza Mayor, en la villa vallisoletana. A pocos metros de este epicentro comercial tom\u00f3 forma otra plazuela, que hoy conocemos como de la Fuente Dorada, pero que fue apodada por los vecinos como \u2018galliner\u00eda vieja\u2019, denominaci\u00f3n que, cuenta Agapito y Revilla, a\u00fan exist\u00eda en los primeros a\u00f1os del siglo XVII. Y es, precisamente, entre estos dos centros mercantiles donde pervive otra de las reliquias que evoca la intensa actividad artesana y comercial que bull\u00eda en este espacio siglos atr\u00e1s: las mirillas que se abren en los techos de los soportales de la Plaza Mayor, la calle de Ferrari y la plaza de la Fuente Dorada. Son pocos los \u2018ojos\u2019 [&hellip;]","og_url":"https:\/\/www.info.valladolid.es\/blog\/mirillas-plaza-mayor-valladolid\/","og_site_name":"Blog Cultura y Turismo","article_published_time":"2018-04-03T09:13:03+00:00","article_modified_time":"2018-12-03T12:26:16+00:00","og_image":[{"width":652,"height":526,"url":"https:\/\/www.info.valladolid.es\/blog\/wp-content\/uploads\/2018\/04\/blog-mirillas.jpg","type":"image\/jpeg"}],"author":"administrador","twitter_card":"summary_large_image","twitter_misc":{"Escrito por":"administrador","Tiempo de lectura":"2 minutos"},"schema":{"@context":"https:\/\/schema.org","@graph":[{"@type":"Article","@id":"https:\/\/www.info.valladolid.es\/blog\/mirillas-plaza-mayor-valladolid\/#article","isPartOf":{"@id":"https:\/\/www.info.valladolid.es\/blog\/mirillas-plaza-mayor-valladolid\/"},"author":{"name":"administrador","@id":"https:\/\/www.info.valladolid.es\/blog\/#\/schema\/person\/845cac97e6156a5a9c5abd68b7b9a5d5"},"headline":"&#8216;Mirillas&#8217; al pasado gremial de Valladolid","datePublished":"2018-04-03T09:13:03+00:00","dateModified":"2018-12-03T12:26:16+00:00","mainEntityOfPage":{"@id":"https:\/\/www.info.valladolid.es\/blog\/mirillas-plaza-mayor-valladolid\/"},"wordCount":434,"commentCount":0,"image":{"@id":"https:\/\/www.info.valladolid.es\/blog\/mirillas-plaza-mayor-valladolid\/#primaryimage"},"thumbnailUrl":"https:\/\/www.info.valladolid.es\/blog\/wp-content\/uploads\/2018\/04\/blog-mirillas.jpg","keywords":["Historia de Valladolid","Plaza Mayor de Valladolid"],"articleSection":["Curiosidades y leyendas","Edificios desaparecidos","Personajes e historia"],"inLanguage":"es","potentialAction":[{"@type":"CommentAction","name":"Comment","target":["https:\/\/www.info.valladolid.es\/blog\/mirillas-plaza-mayor-valladolid\/#respond"]}]},{"@type":"WebPage","@id":"https:\/\/www.info.valladolid.es\/blog\/mirillas-plaza-mayor-valladolid\/","url":"https:\/\/www.info.valladolid.es\/blog\/mirillas-plaza-mayor-valladolid\/","name":"'Mirillas' al pasado gremial de Valladolid - Blog Cultura y Turismo","isPartOf":{"@id":"https:\/\/www.info.valladolid.es\/blog\/#website"},"primaryImageOfPage":{"@id":"https:\/\/www.info.valladolid.es\/blog\/mirillas-plaza-mayor-valladolid\/#primaryimage"},"image":{"@id":"https:\/\/www.info.valladolid.es\/blog\/mirillas-plaza-mayor-valladolid\/#primaryimage"},"thumbnailUrl":"https:\/\/www.info.valladolid.es\/blog\/wp-content\/uploads\/2018\/04\/blog-mirillas.jpg","datePublished":"2018-04-03T09:13:03+00:00","dateModified":"2018-12-03T12:26:16+00:00","author":{"@id":"https:\/\/www.info.valladolid.es\/blog\/#\/schema\/person\/845cac97e6156a5a9c5abd68b7b9a5d5"},"breadcrumb":{"@id":"https:\/\/www.info.valladolid.es\/blog\/mirillas-plaza-mayor-valladolid\/#breadcrumb"},"inLanguage":"es","potentialAction":[{"@type":"ReadAction","target":["https:\/\/www.info.valladolid.es\/blog\/mirillas-plaza-mayor-valladolid\/"]}]},{"@type":"ImageObject","inLanguage":"es","@id":"https:\/\/www.info.valladolid.es\/blog\/mirillas-plaza-mayor-valladolid\/#primaryimage","url":"https:\/\/www.info.valladolid.es\/blog\/wp-content\/uploads\/2018\/04\/blog-mirillas.jpg","contentUrl":"https:\/\/www.info.valladolid.es\/blog\/wp-content\/uploads\/2018\/04\/blog-mirillas.jpg","width":652,"height":526},{"@type":"BreadcrumbList","@id":"https:\/\/www.info.valladolid.es\/blog\/mirillas-plaza-mayor-valladolid\/#breadcrumb","itemListElement":[{"@type":"ListItem","position":1,"name":"Home","item":"https:\/\/www.info.valladolid.es\/blog\/"},{"@type":"ListItem","position":2,"name":"&#8216;Mirillas&#8217; al pasado gremial de Valladolid"}]},{"@type":"WebSite","@id":"https:\/\/www.info.valladolid.es\/blog\/#website","url":"https:\/\/www.info.valladolid.es\/blog\/","name":"Blog Cultura y Turismo","description":"","potentialAction":[{"@type":"SearchAction","target":{"@type":"EntryPoint","urlTemplate":"https:\/\/www.info.valladolid.es\/blog\/?s={search_term_string}"},"query-input":{"@type":"PropertyValueSpecification","valueRequired":true,"valueName":"search_term_string"}}],"inLanguage":"es"},{"@type":"Person","@id":"https:\/\/www.info.valladolid.es\/blog\/#\/schema\/person\/845cac97e6156a5a9c5abd68b7b9a5d5","name":"administrador","image":{"@type":"ImageObject","inLanguage":"es","@id":"https:\/\/secure.gravatar.com\/avatar\/418161d2f95196597e2d305bd301c850afab7f4b284a344fb2d759f048b71c61?s=96&d=mm&r=g","url":"https:\/\/secure.gravatar.com\/avatar\/418161d2f95196597e2d305bd301c850afab7f4b284a344fb2d759f048b71c61?s=96&d=mm&r=g","contentUrl":"https:\/\/secure.gravatar.com\/avatar\/418161d2f95196597e2d305bd301c850afab7f4b284a344fb2d759f048b71c61?s=96&d=mm&r=g","caption":"administrador"},"url":"https:\/\/www.info.valladolid.es\/blog\/author\/administrador\/"}]}},"_links":{"self":[{"href":"https:\/\/www.info.valladolid.es\/blog\/wp-json\/wp\/v2\/posts\/2436","targetHints":{"allow":["GET"]}}],"collection":[{"href":"https:\/\/www.info.valladolid.es\/blog\/wp-json\/wp\/v2\/posts"}],"about":[{"href":"https:\/\/www.info.valladolid.es\/blog\/wp-json\/wp\/v2\/types\/post"}],"author":[{"embeddable":true,"href":"https:\/\/www.info.valladolid.es\/blog\/wp-json\/wp\/v2\/users\/1"}],"replies":[{"embeddable":true,"href":"https:\/\/www.info.valladolid.es\/blog\/wp-json\/wp\/v2\/comments?post=2436"}],"version-history":[{"count":4,"href":"https:\/\/www.info.valladolid.es\/blog\/wp-json\/wp\/v2\/posts\/2436\/revisions"}],"predecessor-version":[{"id":2441,"href":"https:\/\/www.info.valladolid.es\/blog\/wp-json\/wp\/v2\/posts\/2436\/revisions\/2441"}],"wp:featuredmedia":[{"embeddable":true,"href":"https:\/\/www.info.valladolid.es\/blog\/wp-json\/wp\/v2\/media\/2793"}],"wp:attachment":[{"href":"https:\/\/www.info.valladolid.es\/blog\/wp-json\/wp\/v2\/media?parent=2436"}],"wp:term":[{"taxonomy":"category","embeddable":true,"href":"https:\/\/www.info.valladolid.es\/blog\/wp-json\/wp\/v2\/categories?post=2436"},{"taxonomy":"post_tag","embeddable":true,"href":"https:\/\/www.info.valladolid.es\/blog\/wp-json\/wp\/v2\/tags?post=2436"}],"curies":[{"name":"wp","href":"https:\/\/api.w.org\/{rel}","templated":true}]}}