{"id":2411,"date":"2018-03-13T11:29:16","date_gmt":"2018-03-13T11:29:16","guid":{"rendered":"http:\/\/www.info.valladolid.es\/blog\/?p=2411"},"modified":"2018-12-03T12:28:07","modified_gmt":"2018-12-03T12:28:07","slug":"exposicion_fronteras_patio_herreriano","status":"publish","type":"post","link":"https:\/\/www.info.valladolid.es\/blog\/exposicion_fronteras_patio_herreriano\/","title":{"rendered":"M\u00e1s all\u00e1 de las fronteras"},"content":{"rendered":"<div id=\"attachment_2412\" style=\"width: 310px\" class=\"wp-caption alignright\"><a href=\"http:\/\/www.info.valladolid.es\/blog\/wp-content\/uploads\/2018\/03\/artistas_presentacion_fronteras.jpg\"><img loading=\"lazy\" decoding=\"async\" aria-describedby=\"caption-attachment-2412\" class=\"wp-image-2412 size-medium\" src=\"http:\/\/www.info.valladolid.es\/blog\/wp-content\/uploads\/2018\/03\/artistas_presentacion_fronteras-300x249.jpg\" alt=\"artistas_presentacion_fronteras\" width=\"300\" height=\"249\" srcset=\"https:\/\/www.info.valladolid.es\/blog\/wp-content\/uploads\/2018\/03\/artistas_presentacion_fronteras-300x249.jpg 300w, https:\/\/www.info.valladolid.es\/blog\/wp-content\/uploads\/2018\/03\/artistas_presentacion_fronteras.jpg 387w\" sizes=\"auto, (max-width: 300px) 100vw, 300px\" \/><\/a><p id=\"caption-attachment-2412\" class=\"wp-caption-text\">De izquierda a derecha: Ana Kovacic, Bettina Geisselmann y Naiara Valdano.<\/p><\/div>\n<p>&nbsp;<\/p>\n<p>\u00bfConfiguran nuestros l\u00edmites individuales las fronteras colectivas? \u00bfHasta qu\u00e9 punto somos c\u00f3mplices en su creaci\u00f3n? \u00bfC\u00f3mo afectan a los ciudadanos en su idea de hogar? Son algunas de las preguntas que se plantean <strong>las artistas Bettina Geisselmann y Ana Kovacic y la comisaria Naiara Valdano<\/strong> en <strong>\u00bfFronteras?<\/strong>, la primera exposici\u00f3n dual del a\u00f1o que presenta la <a href=\"http:\/\/www.creart-eu.org\/presentation\" target=\"_blank\" rel=\"noopener\">Red Europea de Ciudades por la Creaci\u00f3n Art\u00edstica<\/a> en el <strong>Museo Patio Herreriano de Valladolid.<\/strong><\/p>\n<p>El lema de la muestra fue lanzado por la comisaria en una convocatoria abierta a trece ciudades europeas para poner de manifiesto el momento tan parad\u00f3jico \u201cy confuso en el tema de las fronteras\u201d que vivimos.<strong> \u201cA pesar de la hiperconexi\u00f3n<\/strong> que tenemos gracias a las redes sociales <strong>estamos m\u00e1s alejados que nunca\u201d<\/strong>, reflexiona Valdano, que remite al visitante \u201ca las noticias sobre el auge de partidos xen\u00f3fobos, de los movimientos nacionalistas o del rechazo a los inmigrantes\u201d que son el pan de cada d\u00eda.<\/p>\n<p>A su llamada concurrieron cerca de 50 propuestas. Valdano se decant\u00f3 por las de Geisselmann, vallisoletana nacida en Alemania, y Kovacic, croata que ha residido en el pa\u00eds germano, por \u201cel di\u00e1logo entre sus muestras que muestran las fronteras geogr\u00e1ficas, sociales, mentales y generacionales que existen\u201d y c\u00f3mo estas \u201cdejan cicatrices imborrables en los ciudadanos\u201d. Como tambi\u00e9n destaca la comisaria \u201cellas mismas tienen una historia como migrantes\u201d que enriquece la perspectiva desde la que lanzan su reflexi\u00f3n sobre los muros \u2013f\u00edsicos e inmateriales- que nos separan.<\/p>\n<p><span style=\"text-decoration: underline;\"><strong>Horizontes transitables<\/strong><\/span><\/p>\n<p>Los <strong>\u2018Horizontes transitables\u2019 de Bettina Geisselmann<\/strong>, nombre de su instalaci\u00f3n, desconfiguran la cartograf\u00eda pol\u00edtica de \u2018los 28\u2019 de la Uni\u00f3n Europea en un ejercicio de abstracci\u00f3n que invita al visitante a cuestionarse \u201cel concepto de fronteras tanto interiores como exteriores, las vigentes y las latentes, las administrativas y las culturales, las objetivas y las subjetivas\u201d, explica la artista.<\/p>\n<p><a href=\"http:\/\/www.info.valladolid.es\/blog\/wp-content\/uploads\/2018\/03\/exposicion_fronteras_patio_herreriano2.jpg\"><img loading=\"lazy\" decoding=\"async\" class=\"aligncenter wp-image-2419 size-full\" src=\"http:\/\/www.info.valladolid.es\/blog\/wp-content\/uploads\/2018\/03\/exposicion_fronteras_patio_herreriano2.jpg\" alt=\"exposicion_fronteras_patio_herreriano\" width=\"543\" height=\"318\" srcset=\"https:\/\/www.info.valladolid.es\/blog\/wp-content\/uploads\/2018\/03\/exposicion_fronteras_patio_herreriano2.jpg 543w, https:\/\/www.info.valladolid.es\/blog\/wp-content\/uploads\/2018\/03\/exposicion_fronteras_patio_herreriano2-300x175.jpg 300w\" sizes=\"auto, (max-width: 543px) 100vw, 543px\" \/><\/a><\/p>\n<p>La Sala 0 del Patio Herreriano se convierte en un enorme mapa imposible de identificar. El concepto de territorialidad que conocemos pierde su sentido con la alteraci\u00f3n del orden espacio-temporal que escenifica Geisselmann: <strong>las 28 piezas de vidrio que cuelgan del techo son pedazos de cada uno de estos pa\u00edses en alg\u00fan momento de su historia<\/strong>. Las fronteras de la \u00e9poca elegida \u2013no especificada por la artista- est\u00e1n marcadas con soldadura de esta\u00f1o; un l\u00edmite que serpentea entre otras marcas, m\u00e1s tenues, que delimitan fronteras a\u00fan anteriores. Son huellas imborrables que, pese a su honda impronta, <strong>\u201cson resultado de unos l\u00edmites fugaces y fr\u00e1giles\u201d<\/strong>.<\/p>\n<p>Geisselmann invita al espectador a recorrer los senderos abiertos entre estas <strong>\u201ccicatrices que forman, de alguna manera, parte de la Europa que hoy conocemos\u201d<\/strong>. Es la pieza clave. Sobre su reflexi\u00f3n pivota el sentido de la instalaci\u00f3n: \u201cComo elemento de la sociedad, <strong>\u00bfen qu\u00e9 medida las fronteras individuales configuran las fronteras colectivas?<\/strong> \u00bfHasta qu\u00e9 punto nos han impuesto las fronteras? \u00bfO somos c\u00f3mplices de ellas?\u201d.<\/p>\n<p><span style=\"text-decoration: underline;\"><strong>Where is home?<\/strong><\/span><\/p>\n<p>\u201cSoy algo entre medias, no soy ni de Croacia ni de Alemania\u201d, \u201cQuieren que sean conscientes de que pertenecen a otro lugar\u201d, \u201cNo pens\u00e9 que me fuera quedar aqu\u00ed para siempre\u201d: son algunos de los <strong>testimonios recogidos por Kovacic a croatas, como ella, que emigraron al pa\u00eds teut\u00f3n<\/strong>.<\/p>\n<p>Algunos dejaron su patria por motivos pol\u00edticos, otros, por necesidad econ\u00f3mica, y otros tantos nacieron en territorio germano, pero <strong>todos se preguntan \u2018\u00bfd\u00f3nde est\u00e1 mi hogar?\u2019<\/strong>. \u201cAhora creo que est\u00e1 dentro de m\u00ed\u201d, responde una de las j\u00f3venes entrevistadas en el audiovisual que se proyecta sobre el fondo de la Sala 0.<\/p>\n<p><a href=\"http:\/\/www.info.valladolid.es\/blog\/wp-content\/uploads\/2018\/03\/exposicion_fronteras_video.jpg\"><img loading=\"lazy\" decoding=\"async\" class=\"aligncenter size-full wp-image-2420\" src=\"http:\/\/www.info.valladolid.es\/blog\/wp-content\/uploads\/2018\/03\/exposicion_fronteras_video.jpg\" alt=\"exposicion_fronteras_video\" width=\"515\" height=\"303\" srcset=\"https:\/\/www.info.valladolid.es\/blog\/wp-content\/uploads\/2018\/03\/exposicion_fronteras_video.jpg 515w, https:\/\/www.info.valladolid.es\/blog\/wp-content\/uploads\/2018\/03\/exposicion_fronteras_video-300x176.jpg 300w\" sizes=\"auto, (max-width: 515px) 100vw, 515px\" \/><\/a><\/p>\n<p>Kovacic profundiza en los conceptos de identidad y pertenencia a trav\u00e9s de la comunidad croata de Sttugart, la mayor de Alemania, asentada y creciendo desde los a\u00f1os 60. \u201cHablamos, en definitiva, sobre d\u00f3nde est\u00e1 el hogar\u201d de esas personas que han dejado su patria o que han nacido en una familia extranjera, que quieren adaptarse al pa\u00eds en el que se encuentran sin renunciar a su propia cultura y que se enfrentan, d\u00eda a d\u00eda, a los conflictos interiores que surgen de esta dualidad.<\/p>\n<p>Esta l\u00ednea de investigaci\u00f3n casa con la trayectoria de Kovacic. \u201cSuelo estudiar la conexi\u00f3n entre la memoria individual y la memoria social y c\u00f3mo esta se inscribe en sus mentes y sus cuerpos\u201d, explica la artista.<strong> \u201cExploro el v\u00ednculo entre el individuo y la memoria social y c\u00f3mo esta afecta a las personas\u201d<\/strong>, como si se tratasen, concluye Kovacic, \u201cde <strong>manuscritos borrados y sobrescritos: de palimpsestos<\/strong>\u201d.<\/p>\n<p>El recuerdo y sus huellas, materializados por Gerisselmann y Kovacic, se cuelan as\u00ed en <strong>\u2018\u00bfFronteras?\u2019<\/strong> siguiendo una reflexi\u00f3n lanzada por Naiara Valdano que empapa la muestra: \u201cNuestro pasado y nuestro presente, nuestra memoria hist\u00f3rica y nuestras vivencias actuales, marcan nuestra forma de relacionarnos con el mundo\u201d.<\/p>\n<ul>\n<li><strong>\u00bfFronteras?<\/strong> Hasta el 15 de abril en la Sala 0 del <strong>Museo Patio Herreriano de Valladolid<\/strong>.<\/li>\n<li>De martes a viernes, de 11 a 14 y de 17 a 20 horas; s\u00e1bados de 11 a 20 horas (ininterrumpido) y domingos de 11 a 15 horas.<\/li>\n<li>Entrada gratuita.<\/li>\n<\/ul>\n","protected":false},"excerpt":{"rendered":"<p>&nbsp; \u00bfConfiguran nuestros l\u00edmites individuales las fronteras colectivas? \u00bfHasta qu\u00e9 punto somos c\u00f3mplices en su creaci\u00f3n? \u00bfC\u00f3mo afectan a los ciudadanos en su idea de hogar? Son algunas de las preguntas que se plantean las artistas Bettina Geisselmann y Ana Kovacic y la comisaria Naiara Valdano en \u00bfFronteras?, la primera exposici\u00f3n dual del a\u00f1o que presenta la Red Europea de Ciudades por la Creaci\u00f3n Art\u00edstica en el Museo Patio Herreriano de Valladolid. El lema de la muestra fue lanzado por la comisaria en una convocatoria abierta a trece ciudades europeas para poner de manifiesto el momento tan parad\u00f3jico \u201cy confuso en el tema de las fronteras\u201d que vivimos. \u201cA pesar de la hiperconexi\u00f3n que tenemos gracias a las redes sociales estamos m\u00e1s alejados que nunca\u201d, reflexiona Valdano, que remite al visitante \u201ca las noticias sobre el auge de partidos xen\u00f3fobos, de los movimientos nacionalistas o del rechazo a los inmigrantes\u201d que son el pan de cada d\u00eda. A su llamada concurrieron cerca de 50 propuestas. Valdano se decant\u00f3 por las de Geisselmann, vallisoletana nacida en Alemania, y Kovacic, croata que ha residido en el pa\u00eds germano, por \u201cel di\u00e1logo entre sus muestras que muestran las fronteras geogr\u00e1ficas, sociales, mentales y [&hellip;]<\/p>\n","protected":false},"author":1,"featured_media":2794,"comment_status":"open","ping_status":"open","sticky":false,"template":"","format":"standard","meta":{"footnotes":""},"categories":[6],"tags":[25,11,37,27],"class_list":["post-2411","post","type-post","status-publish","format-standard","has-post-thumbnail","hentry","category-arte-y-museos","tag-arte-en-valladolid","tag-exposiciones","tag-exposiciones-en-valladolid","tag-museo-patio-herreriano"],"yoast_head":"<!-- This site is optimized with the Yoast SEO plugin v27.5 - https:\/\/yoast.com\/product\/yoast-seo-wordpress\/ -->\n<title>M\u00e1s all\u00e1 de las fronteras - Blog Cultura y Turismo<\/title>\n<meta name=\"robots\" content=\"index, follow, max-snippet:-1, max-image-preview:large, max-video-preview:-1\" \/>\n<link rel=\"canonical\" href=\"https:\/\/www.info.valladolid.es\/blog\/exposicion_fronteras_patio_herreriano\/\" \/>\n<meta property=\"og:locale\" content=\"es_ES\" \/>\n<meta property=\"og:type\" content=\"article\" \/>\n<meta property=\"og:title\" content=\"M\u00e1s all\u00e1 de las fronteras - Blog Cultura y Turismo\" \/>\n<meta property=\"og:description\" content=\"&nbsp; \u00bfConfiguran nuestros l\u00edmites individuales las fronteras colectivas? \u00bfHasta qu\u00e9 punto somos c\u00f3mplices en su creaci\u00f3n? \u00bfC\u00f3mo afectan a los ciudadanos en su idea de hogar? Son algunas de las preguntas que se plantean las artistas Bettina Geisselmann y Ana Kovacic y la comisaria Naiara Valdano en \u00bfFronteras?, la primera exposici\u00f3n dual del a\u00f1o que presenta la Red Europea de Ciudades por la Creaci\u00f3n Art\u00edstica en el Museo Patio Herreriano de Valladolid. El lema de la muestra fue lanzado por la comisaria en una convocatoria abierta a trece ciudades europeas para poner de manifiesto el momento tan parad\u00f3jico \u201cy confuso en el tema de las fronteras\u201d que vivimos. \u201cA pesar de la hiperconexi\u00f3n que tenemos gracias a las redes sociales estamos m\u00e1s alejados que nunca\u201d, reflexiona Valdano, que remite al visitante \u201ca las noticias sobre el auge de partidos xen\u00f3fobos, de los movimientos nacionalistas o del rechazo a los inmigrantes\u201d que son el pan de cada d\u00eda. A su llamada concurrieron cerca de 50 propuestas. Valdano se decant\u00f3 por las de Geisselmann, vallisoletana nacida en Alemania, y Kovacic, croata que ha residido en el pa\u00eds germano, por \u201cel di\u00e1logo entre sus muestras que muestran las fronteras geogr\u00e1ficas, sociales, mentales y [&hellip;]\" \/>\n<meta property=\"og:url\" content=\"https:\/\/www.info.valladolid.es\/blog\/exposicion_fronteras_patio_herreriano\/\" \/>\n<meta property=\"og:site_name\" content=\"Blog Cultura y Turismo\" \/>\n<meta property=\"article:published_time\" content=\"2018-03-13T11:29:16+00:00\" \/>\n<meta property=\"article:modified_time\" content=\"2018-12-03T12:28:07+00:00\" \/>\n<meta property=\"og:image\" content=\"https:\/\/www.info.valladolid.es\/blog\/wp-content\/uploads\/2018\/03\/blog-creatividad-artistia.jpg\" \/>\n\t<meta property=\"og:image:width\" content=\"390\" \/>\n\t<meta property=\"og:image:height\" content=\"315\" \/>\n\t<meta property=\"og:image:type\" content=\"image\/jpeg\" \/>\n<meta name=\"author\" content=\"administrador\" \/>\n<meta name=\"twitter:card\" content=\"summary_large_image\" \/>\n<meta name=\"twitter:label1\" content=\"Escrito por\" \/>\n\t<meta name=\"twitter:data1\" content=\"administrador\" \/>\n\t<meta name=\"twitter:label2\" content=\"Tiempo de lectura\" \/>\n\t<meta name=\"twitter:data2\" content=\"4 minutos\" \/>\n<script type=\"application\/ld+json\" class=\"yoast-schema-graph\">{\"@context\":\"https:\\\/\\\/schema.org\",\"@graph\":[{\"@type\":\"Article\",\"@id\":\"https:\\\/\\\/www.info.valladolid.es\\\/blog\\\/exposicion_fronteras_patio_herreriano\\\/#article\",\"isPartOf\":{\"@id\":\"https:\\\/\\\/www.info.valladolid.es\\\/blog\\\/exposicion_fronteras_patio_herreriano\\\/\"},\"author\":{\"name\":\"administrador\",\"@id\":\"https:\\\/\\\/www.info.valladolid.es\\\/blog\\\/#\\\/schema\\\/person\\\/845cac97e6156a5a9c5abd68b7b9a5d5\"},\"headline\":\"M\u00e1s all\u00e1 de las fronteras\",\"datePublished\":\"2018-03-13T11:29:16+00:00\",\"dateModified\":\"2018-12-03T12:28:07+00:00\",\"mainEntityOfPage\":{\"@id\":\"https:\\\/\\\/www.info.valladolid.es\\\/blog\\\/exposicion_fronteras_patio_herreriano\\\/\"},\"wordCount\":884,\"commentCount\":0,\"image\":{\"@id\":\"https:\\\/\\\/www.info.valladolid.es\\\/blog\\\/exposicion_fronteras_patio_herreriano\\\/#primaryimage\"},\"thumbnailUrl\":\"https:\\\/\\\/www.info.valladolid.es\\\/blog\\\/wp-content\\\/uploads\\\/2018\\\/03\\\/blog-creatividad-artistia.jpg\",\"keywords\":[\"arte en Valladolid\",\"Exposiciones\",\"Exposiciones en Valladolid\",\"Museo Patio Herreriano\"],\"articleSection\":[\"Arte y Museos\"],\"inLanguage\":\"es\",\"potentialAction\":[{\"@type\":\"CommentAction\",\"name\":\"Comment\",\"target\":[\"https:\\\/\\\/www.info.valladolid.es\\\/blog\\\/exposicion_fronteras_patio_herreriano\\\/#respond\"]}]},{\"@type\":\"WebPage\",\"@id\":\"https:\\\/\\\/www.info.valladolid.es\\\/blog\\\/exposicion_fronteras_patio_herreriano\\\/\",\"url\":\"https:\\\/\\\/www.info.valladolid.es\\\/blog\\\/exposicion_fronteras_patio_herreriano\\\/\",\"name\":\"M\u00e1s all\u00e1 de las fronteras - Blog Cultura y Turismo\",\"isPartOf\":{\"@id\":\"https:\\\/\\\/www.info.valladolid.es\\\/blog\\\/#website\"},\"primaryImageOfPage\":{\"@id\":\"https:\\\/\\\/www.info.valladolid.es\\\/blog\\\/exposicion_fronteras_patio_herreriano\\\/#primaryimage\"},\"image\":{\"@id\":\"https:\\\/\\\/www.info.valladolid.es\\\/blog\\\/exposicion_fronteras_patio_herreriano\\\/#primaryimage\"},\"thumbnailUrl\":\"https:\\\/\\\/www.info.valladolid.es\\\/blog\\\/wp-content\\\/uploads\\\/2018\\\/03\\\/blog-creatividad-artistia.jpg\",\"datePublished\":\"2018-03-13T11:29:16+00:00\",\"dateModified\":\"2018-12-03T12:28:07+00:00\",\"author\":{\"@id\":\"https:\\\/\\\/www.info.valladolid.es\\\/blog\\\/#\\\/schema\\\/person\\\/845cac97e6156a5a9c5abd68b7b9a5d5\"},\"breadcrumb\":{\"@id\":\"https:\\\/\\\/www.info.valladolid.es\\\/blog\\\/exposicion_fronteras_patio_herreriano\\\/#breadcrumb\"},\"inLanguage\":\"es\",\"potentialAction\":[{\"@type\":\"ReadAction\",\"target\":[\"https:\\\/\\\/www.info.valladolid.es\\\/blog\\\/exposicion_fronteras_patio_herreriano\\\/\"]}]},{\"@type\":\"ImageObject\",\"inLanguage\":\"es\",\"@id\":\"https:\\\/\\\/www.info.valladolid.es\\\/blog\\\/exposicion_fronteras_patio_herreriano\\\/#primaryimage\",\"url\":\"https:\\\/\\\/www.info.valladolid.es\\\/blog\\\/wp-content\\\/uploads\\\/2018\\\/03\\\/blog-creatividad-artistia.jpg\",\"contentUrl\":\"https:\\\/\\\/www.info.valladolid.es\\\/blog\\\/wp-content\\\/uploads\\\/2018\\\/03\\\/blog-creatividad-artistia.jpg\",\"width\":390,\"height\":315},{\"@type\":\"BreadcrumbList\",\"@id\":\"https:\\\/\\\/www.info.valladolid.es\\\/blog\\\/exposicion_fronteras_patio_herreriano\\\/#breadcrumb\",\"itemListElement\":[{\"@type\":\"ListItem\",\"position\":1,\"name\":\"Home\",\"item\":\"https:\\\/\\\/www.info.valladolid.es\\\/blog\\\/\"},{\"@type\":\"ListItem\",\"position\":2,\"name\":\"M\u00e1s all\u00e1 de las fronteras\"}]},{\"@type\":\"WebSite\",\"@id\":\"https:\\\/\\\/www.info.valladolid.es\\\/blog\\\/#website\",\"url\":\"https:\\\/\\\/www.info.valladolid.es\\\/blog\\\/\",\"name\":\"Blog Cultura y Turismo\",\"description\":\"\",\"potentialAction\":[{\"@type\":\"SearchAction\",\"target\":{\"@type\":\"EntryPoint\",\"urlTemplate\":\"https:\\\/\\\/www.info.valladolid.es\\\/blog\\\/?s={search_term_string}\"},\"query-input\":{\"@type\":\"PropertyValueSpecification\",\"valueRequired\":true,\"valueName\":\"search_term_string\"}}],\"inLanguage\":\"es\"},{\"@type\":\"Person\",\"@id\":\"https:\\\/\\\/www.info.valladolid.es\\\/blog\\\/#\\\/schema\\\/person\\\/845cac97e6156a5a9c5abd68b7b9a5d5\",\"name\":\"administrador\",\"image\":{\"@type\":\"ImageObject\",\"inLanguage\":\"es\",\"@id\":\"https:\\\/\\\/secure.gravatar.com\\\/avatar\\\/418161d2f95196597e2d305bd301c850afab7f4b284a344fb2d759f048b71c61?s=96&d=mm&r=g\",\"url\":\"https:\\\/\\\/secure.gravatar.com\\\/avatar\\\/418161d2f95196597e2d305bd301c850afab7f4b284a344fb2d759f048b71c61?s=96&d=mm&r=g\",\"contentUrl\":\"https:\\\/\\\/secure.gravatar.com\\\/avatar\\\/418161d2f95196597e2d305bd301c850afab7f4b284a344fb2d759f048b71c61?s=96&d=mm&r=g\",\"caption\":\"administrador\"},\"url\":\"https:\\\/\\\/www.info.valladolid.es\\\/blog\\\/author\\\/administrador\\\/\"}]}<\/script>\n<!-- \/ Yoast SEO plugin. -->","yoast_head_json":{"title":"M\u00e1s all\u00e1 de las fronteras - Blog Cultura y Turismo","robots":{"index":"index","follow":"follow","max-snippet":"max-snippet:-1","max-image-preview":"max-image-preview:large","max-video-preview":"max-video-preview:-1"},"canonical":"https:\/\/www.info.valladolid.es\/blog\/exposicion_fronteras_patio_herreriano\/","og_locale":"es_ES","og_type":"article","og_title":"M\u00e1s all\u00e1 de las fronteras - Blog Cultura y Turismo","og_description":"&nbsp; \u00bfConfiguran nuestros l\u00edmites individuales las fronteras colectivas? \u00bfHasta qu\u00e9 punto somos c\u00f3mplices en su creaci\u00f3n? \u00bfC\u00f3mo afectan a los ciudadanos en su idea de hogar? Son algunas de las preguntas que se plantean las artistas Bettina Geisselmann y Ana Kovacic y la comisaria Naiara Valdano en \u00bfFronteras?, la primera exposici\u00f3n dual del a\u00f1o que presenta la Red Europea de Ciudades por la Creaci\u00f3n Art\u00edstica en el Museo Patio Herreriano de Valladolid. El lema de la muestra fue lanzado por la comisaria en una convocatoria abierta a trece ciudades europeas para poner de manifiesto el momento tan parad\u00f3jico \u201cy confuso en el tema de las fronteras\u201d que vivimos. \u201cA pesar de la hiperconexi\u00f3n que tenemos gracias a las redes sociales estamos m\u00e1s alejados que nunca\u201d, reflexiona Valdano, que remite al visitante \u201ca las noticias sobre el auge de partidos xen\u00f3fobos, de los movimientos nacionalistas o del rechazo a los inmigrantes\u201d que son el pan de cada d\u00eda. A su llamada concurrieron cerca de 50 propuestas. Valdano se decant\u00f3 por las de Geisselmann, vallisoletana nacida en Alemania, y Kovacic, croata que ha residido en el pa\u00eds germano, por \u201cel di\u00e1logo entre sus muestras que muestran las fronteras geogr\u00e1ficas, sociales, mentales y [&hellip;]","og_url":"https:\/\/www.info.valladolid.es\/blog\/exposicion_fronteras_patio_herreriano\/","og_site_name":"Blog Cultura y Turismo","article_published_time":"2018-03-13T11:29:16+00:00","article_modified_time":"2018-12-03T12:28:07+00:00","og_image":[{"width":390,"height":315,"url":"https:\/\/www.info.valladolid.es\/blog\/wp-content\/uploads\/2018\/03\/blog-creatividad-artistia.jpg","type":"image\/jpeg"}],"author":"administrador","twitter_card":"summary_large_image","twitter_misc":{"Escrito por":"administrador","Tiempo de lectura":"4 minutos"},"schema":{"@context":"https:\/\/schema.org","@graph":[{"@type":"Article","@id":"https:\/\/www.info.valladolid.es\/blog\/exposicion_fronteras_patio_herreriano\/#article","isPartOf":{"@id":"https:\/\/www.info.valladolid.es\/blog\/exposicion_fronteras_patio_herreriano\/"},"author":{"name":"administrador","@id":"https:\/\/www.info.valladolid.es\/blog\/#\/schema\/person\/845cac97e6156a5a9c5abd68b7b9a5d5"},"headline":"M\u00e1s all\u00e1 de las fronteras","datePublished":"2018-03-13T11:29:16+00:00","dateModified":"2018-12-03T12:28:07+00:00","mainEntityOfPage":{"@id":"https:\/\/www.info.valladolid.es\/blog\/exposicion_fronteras_patio_herreriano\/"},"wordCount":884,"commentCount":0,"image":{"@id":"https:\/\/www.info.valladolid.es\/blog\/exposicion_fronteras_patio_herreriano\/#primaryimage"},"thumbnailUrl":"https:\/\/www.info.valladolid.es\/blog\/wp-content\/uploads\/2018\/03\/blog-creatividad-artistia.jpg","keywords":["arte en Valladolid","Exposiciones","Exposiciones en Valladolid","Museo Patio Herreriano"],"articleSection":["Arte y Museos"],"inLanguage":"es","potentialAction":[{"@type":"CommentAction","name":"Comment","target":["https:\/\/www.info.valladolid.es\/blog\/exposicion_fronteras_patio_herreriano\/#respond"]}]},{"@type":"WebPage","@id":"https:\/\/www.info.valladolid.es\/blog\/exposicion_fronteras_patio_herreriano\/","url":"https:\/\/www.info.valladolid.es\/blog\/exposicion_fronteras_patio_herreriano\/","name":"M\u00e1s all\u00e1 de las fronteras - Blog Cultura y Turismo","isPartOf":{"@id":"https:\/\/www.info.valladolid.es\/blog\/#website"},"primaryImageOfPage":{"@id":"https:\/\/www.info.valladolid.es\/blog\/exposicion_fronteras_patio_herreriano\/#primaryimage"},"image":{"@id":"https:\/\/www.info.valladolid.es\/blog\/exposicion_fronteras_patio_herreriano\/#primaryimage"},"thumbnailUrl":"https:\/\/www.info.valladolid.es\/blog\/wp-content\/uploads\/2018\/03\/blog-creatividad-artistia.jpg","datePublished":"2018-03-13T11:29:16+00:00","dateModified":"2018-12-03T12:28:07+00:00","author":{"@id":"https:\/\/www.info.valladolid.es\/blog\/#\/schema\/person\/845cac97e6156a5a9c5abd68b7b9a5d5"},"breadcrumb":{"@id":"https:\/\/www.info.valladolid.es\/blog\/exposicion_fronteras_patio_herreriano\/#breadcrumb"},"inLanguage":"es","potentialAction":[{"@type":"ReadAction","target":["https:\/\/www.info.valladolid.es\/blog\/exposicion_fronteras_patio_herreriano\/"]}]},{"@type":"ImageObject","inLanguage":"es","@id":"https:\/\/www.info.valladolid.es\/blog\/exposicion_fronteras_patio_herreriano\/#primaryimage","url":"https:\/\/www.info.valladolid.es\/blog\/wp-content\/uploads\/2018\/03\/blog-creatividad-artistia.jpg","contentUrl":"https:\/\/www.info.valladolid.es\/blog\/wp-content\/uploads\/2018\/03\/blog-creatividad-artistia.jpg","width":390,"height":315},{"@type":"BreadcrumbList","@id":"https:\/\/www.info.valladolid.es\/blog\/exposicion_fronteras_patio_herreriano\/#breadcrumb","itemListElement":[{"@type":"ListItem","position":1,"name":"Home","item":"https:\/\/www.info.valladolid.es\/blog\/"},{"@type":"ListItem","position":2,"name":"M\u00e1s all\u00e1 de las fronteras"}]},{"@type":"WebSite","@id":"https:\/\/www.info.valladolid.es\/blog\/#website","url":"https:\/\/www.info.valladolid.es\/blog\/","name":"Blog Cultura y Turismo","description":"","potentialAction":[{"@type":"SearchAction","target":{"@type":"EntryPoint","urlTemplate":"https:\/\/www.info.valladolid.es\/blog\/?s={search_term_string}"},"query-input":{"@type":"PropertyValueSpecification","valueRequired":true,"valueName":"search_term_string"}}],"inLanguage":"es"},{"@type":"Person","@id":"https:\/\/www.info.valladolid.es\/blog\/#\/schema\/person\/845cac97e6156a5a9c5abd68b7b9a5d5","name":"administrador","image":{"@type":"ImageObject","inLanguage":"es","@id":"https:\/\/secure.gravatar.com\/avatar\/418161d2f95196597e2d305bd301c850afab7f4b284a344fb2d759f048b71c61?s=96&d=mm&r=g","url":"https:\/\/secure.gravatar.com\/avatar\/418161d2f95196597e2d305bd301c850afab7f4b284a344fb2d759f048b71c61?s=96&d=mm&r=g","contentUrl":"https:\/\/secure.gravatar.com\/avatar\/418161d2f95196597e2d305bd301c850afab7f4b284a344fb2d759f048b71c61?s=96&d=mm&r=g","caption":"administrador"},"url":"https:\/\/www.info.valladolid.es\/blog\/author\/administrador\/"}]}},"_links":{"self":[{"href":"https:\/\/www.info.valladolid.es\/blog\/wp-json\/wp\/v2\/posts\/2411","targetHints":{"allow":["GET"]}}],"collection":[{"href":"https:\/\/www.info.valladolid.es\/blog\/wp-json\/wp\/v2\/posts"}],"about":[{"href":"https:\/\/www.info.valladolid.es\/blog\/wp-json\/wp\/v2\/types\/post"}],"author":[{"embeddable":true,"href":"https:\/\/www.info.valladolid.es\/blog\/wp-json\/wp\/v2\/users\/1"}],"replies":[{"embeddable":true,"href":"https:\/\/www.info.valladolid.es\/blog\/wp-json\/wp\/v2\/comments?post=2411"}],"version-history":[{"count":8,"href":"https:\/\/www.info.valladolid.es\/blog\/wp-json\/wp\/v2\/posts\/2411\/revisions"}],"predecessor-version":[{"id":2795,"href":"https:\/\/www.info.valladolid.es\/blog\/wp-json\/wp\/v2\/posts\/2411\/revisions\/2795"}],"wp:featuredmedia":[{"embeddable":true,"href":"https:\/\/www.info.valladolid.es\/blog\/wp-json\/wp\/v2\/media\/2794"}],"wp:attachment":[{"href":"https:\/\/www.info.valladolid.es\/blog\/wp-json\/wp\/v2\/media?parent=2411"}],"wp:term":[{"taxonomy":"category","embeddable":true,"href":"https:\/\/www.info.valladolid.es\/blog\/wp-json\/wp\/v2\/categories?post=2411"},{"taxonomy":"post_tag","embeddable":true,"href":"https:\/\/www.info.valladolid.es\/blog\/wp-json\/wp\/v2\/tags?post=2411"}],"curies":[{"name":"wp","href":"https:\/\/api.w.org\/{rel}","templated":true}]}}