{"id":2149,"date":"2017-03-24T11:18:54","date_gmt":"2017-03-24T11:18:54","guid":{"rendered":"http:\/\/www.info.valladolid.es\/blog\/?p=2149"},"modified":"2019-02-11T11:11:23","modified_gmt":"2019-02-11T11:11:23","slug":"shadi_ghadirian","status":"publish","type":"post","link":"https:\/\/www.info.valladolid.es\/blog\/shadi_ghadirian\/","title":{"rendered":"Shadi Ghadirian. Palabra de mujer."},"content":{"rendered":"<blockquote><p>\u201cLos temas de mis primeros trabajos fueron, por accidente, las mujeres; y, sin embargo, desde entonces, cada vez que pienso en una nueva serie, de alguna manera est\u00e1 relacionada con las mujeres\u201d<\/p><\/blockquote>\n<p><strong>Valladolid<\/strong> presenta,<strong> por primera vez en Espa\u00f1a<\/strong>, una muestra individual de la fot\u00f3grafa <strong>Shadi Ghadirian<\/strong>, convertida en altavoz de la mujer en Ir\u00e1n y representante de la fusi\u00f3n entre tradici\u00f3n y modernidad.<\/p>\n<p>Despu\u00e9s de dos d\u00e9cadas exponiendo en importantes centros de Europa, Asia y Am\u00e9rica, la artista recala en nuestro pa\u00eds con la muestra <strong>Como todos los d\u00edas<\/strong>, t\u00edtulo de su segunda serie (Like Everyday, 2000). Desde un punto de vista totalmente subversivo, la artista denuncia el peso de la tradici\u00f3n del hogar, que puede llegar a aplastar la propia personalidad de la mujer. \u201cLa mujer es forzada a atender los deseos y gustos de \u201clos dem\u00e1s\u201d, tanto que, a veces, ni siquiera pueden mostrar su propia cara\u201d, cuenta Ghadirian. En un original giro, cubre los rostros de las modelos con los utensilios dom\u00e9sticos que marcan cada jornada, \u2018como todos los d\u00edas\u2019.<\/p>\n<div id=\"attachment_2151\" style=\"width: 435px\" class=\"wp-caption aligncenter\"><a href=\"http:\/\/www.info.valladolid.es\/blog\/wp-content\/uploads\/2017\/03\/shadi3.png\"><img loading=\"lazy\" decoding=\"async\" aria-describedby=\"caption-attachment-2151\" class=\"size-full wp-image-2151\" src=\"http:\/\/www.info.valladolid.es\/blog\/wp-content\/uploads\/2017\/03\/shadi3.png\" alt=\"Serie Like Everyday \" width=\"425\" height=\"244\" srcset=\"https:\/\/www.info.valladolid.es\/blog\/wp-content\/uploads\/2017\/03\/shadi3.png 425w, https:\/\/www.info.valladolid.es\/blog\/wp-content\/uploads\/2017\/03\/shadi3-300x172.png 300w\" sizes=\"auto, (max-width: 425px) 100vw, 425px\" \/><\/a><p id=\"caption-attachment-2151\" class=\"wp-caption-text\">Serie Like Everyday<\/p><\/div>\n<p>&nbsp;<\/p>\n<p>Consolida la vertiente cr\u00edtica de su creaci\u00f3n en favor de la mujer. Y, sin embargo, durante largo tiempo fue desacreditada por los sectores m\u00e1s reaccionarios de Ir\u00e1n, tambi\u00e9n por parte de las mujeres de avanzada edad, en contraposici\u00f3n a la nueva ola de j\u00f3venes que ve en la fot\u00f3grafa un faro hacia la modernidad.<\/p>\n<div id=\"attachment_2150\" style=\"width: 241px\" class=\"wp-caption alignleft\"><a href=\"http:\/\/www.info.valladolid.es\/blog\/wp-content\/uploads\/2017\/03\/shadi1.png\"><img loading=\"lazy\" decoding=\"async\" aria-describedby=\"caption-attachment-2150\" class=\" wp-image-2150\" src=\"http:\/\/www.info.valladolid.es\/blog\/wp-content\/uploads\/2017\/03\/shadi1.png\" alt=\"Serie Qajar\" width=\"231\" height=\"363\" srcset=\"https:\/\/www.info.valladolid.es\/blog\/wp-content\/uploads\/2017\/03\/shadi1.png 369w, https:\/\/www.info.valladolid.es\/blog\/wp-content\/uploads\/2017\/03\/shadi1-190x300.png 190w\" sizes=\"auto, (max-width: 231px) 100vw, 231px\" \/><\/a><p id=\"caption-attachment-2150\" class=\"wp-caption-text\">Serie Qajar<\/p><\/div>\n<p>Con Like everyday, Ghadirian planta el germen de la controversia y de la cr\u00edtica ante las responsabilidades que recaen sobre la mujer en su pa\u00eds. Es la continuidad, fluida y natural, de su debut, <strong>Qajar<\/strong> (1998), que la catapult\u00f3 a la primera divisi\u00f3n de la fotograf\u00eda en Occidente.<\/p>\n<p>Para su puesta de largo como fot\u00f3grafa, se inspira en los retratos del periodo Qajar, dinast\u00eda persa que domin\u00f3 Ir\u00e1n hasta principios del siglo XX. Recupera los posados orgullosos y hogare\u00f1os, ahora, totalmente descontextualizados por la introducci\u00f3n de elementos contempor\u00e1neos. \u201cLas contradicciones de la vida en ese momento me dieron el motivo\u201d, dice sobre la serie que marc\u00f3 su proyecci\u00f3n internacional. Una de las piezas m\u00e1s ic\u00f3nicas es la imagen de una joven cubierta con un hijab en actitud <em>gansta<\/em>, con un radio-cassette de los a\u00f1os 80, que evidencia el estado de muchas mujeres iran\u00edes atrapadas fuera de su \u00e9poca.<\/p>\n<p><span style=\"text-decoration: underline;\"><strong>El peso de la historia<\/strong><\/span><\/p>\n<p>Shadi ten\u00eda cinco a\u00f1os cuando estall\u00f3 la Revoluci\u00f3n Isl\u00e1mica en su pa\u00eds. El hijab se impuso, a la fuerza, entre las mujeres. \u201cLas im\u00e1genes de las mujeres en las revistas extranjeras que se venden en Ir\u00e1n son tratadas de igual manera: son tintadas por las autoridades competentes encargadas de proteger a la poblaci\u00f3n de los peligros provocados por dichos cuerpos\u201d, explica la artista. En su serie <strong>West by East<\/strong> (2004) se atreve a plantar cara a esta acci\u00f3n retr\u00f3grada al retratar a j\u00f3venes persas a la manera occidental, retocando las instant\u00e1neas tal y como lo hace la censura de su pa\u00eds con las revistas europeas.<\/p>\n<p>El esp\u00edritu cr\u00edtico de Ghadirian analiza tambi\u00e9n el asalto de las nuevas tecnolog\u00edas a la identidad del individuo. En <strong>Ctrl + Alt + Del<\/strong> (2006) su reflexi\u00f3n vira hacia el modo en que \u201cnos transforman. Nos organizan. Nos leen y nos escriben\u201d: se refiere a los min\u00fasculos iconos del ordenador, del Smartphone, a c\u00f3mo toman las riendas de nuestra vida y, con un simple comando (el que forman las teclas Ctrl, Alt y Del) nos anulan.<\/p>\n<p>Pese a este par\u00e9ntesis dedicado al an\u00e1lisis de la revoluci\u00f3n tecnol\u00f3gica, la creaci\u00f3n de la iran\u00ed sigue centr\u00e1ndose en su sociedad. Con una infancia y una adolescencia marcadas por la Revoluci\u00f3n Isl\u00e1mica de 1979 y la guerra con Irak (1980-1988) conoce, de primera mano, algunos de los episodios m\u00e1s oscuros de la antigua Persia. Series como <strong>White Square<\/strong> (2008) son su terapia, la terapia de las mujeres de su generaci\u00f3n, ante estos acontecimientos. Su objetivo apunta ahora a enseres de uso militar decorados con lazos de seda roja: apartados de su h\u00e1bitat natural parecen elementos delicados. Inspirada, seg\u00fan cuenta la artista en el tema Imagine de John Lennon, \u201cTuve la sensaci\u00f3n de que me estaba acercando al tema que quer\u00eda mostrar en mis fotograf\u00edas, tuve que encontrar las im\u00e1genes para estas palabras\u201d.<\/p>\n<div id=\"attachment_2154\" style=\"width: 510px\" class=\"wp-caption aligncenter\"><a href=\"http:\/\/www.info.valladolid.es\/blog\/wp-content\/uploads\/2017\/03\/shadi4.png\"><img loading=\"lazy\" decoding=\"async\" aria-describedby=\"caption-attachment-2154\" class=\"wp-image-2154 size-full\" src=\"http:\/\/www.info.valladolid.es\/blog\/wp-content\/uploads\/2017\/03\/shadi4.png\" alt=\"Serie Miss Butterfly\" width=\"500\" height=\"333\" srcset=\"https:\/\/www.info.valladolid.es\/blog\/wp-content\/uploads\/2017\/03\/shadi4.png 500w, https:\/\/www.info.valladolid.es\/blog\/wp-content\/uploads\/2017\/03\/shadi4-300x199.png 300w\" sizes=\"auto, (max-width: 500px) 100vw, 500px\" \/><\/a><p id=\"caption-attachment-2154\" class=\"wp-caption-text\">Serie Miss Butterfly<\/p><\/div>\n<p>La serie fotogr\u00e1fica m\u00e1s reciente de las que se exhiben en Valladolid, <strong>Miss Butterfly<\/strong> (2011) retoma, una vez m\u00e1s, la situaci\u00f3n pol\u00edtica de Ir\u00e1n. El universo paranoico y angustioso que recrea nace tras su confinamiento forzoso por el miedo a ser arrestada en los d\u00edas cercanos a las elecciones presidenciales de 2009. El instinto de conservaci\u00f3n, de supervivencia, la necesidad desesperada de protecci\u00f3n despierta de una bofetada ante un sistema social que se ha derrumbado. Da paso a la incertidumbre y al miedo, a la lucha de Miss Butterfly (Se\u00f1orita Mariposa) por mantener viva la esperanza pese a la opresi\u00f3n y los peligros que acechan, incluso aunque esto suponga abandonar el hogar y a los seres queridos.<\/p>\n<p>Superpuesta a la presencia de su entorno y de la sociedad que la ha mecido desde ni\u00f1a est\u00e1, omnipresente y m\u00e1s all\u00e1 de las sutilidades, su condici\u00f3n de mujer:<\/p>\n<blockquote><p>\u00abDeseo continuar hablando de las mujeres porque todav\u00eda tengo mucho que decir. Estas son mis palabras como mujer y las palabras de todas las otras mujeres que viven en Ir\u00e1n, en donde el ser mujer tiene su propio sistema\u00bb.<\/p><\/blockquote>\n","protected":false},"excerpt":{"rendered":"<p>\u201cLos temas de mis primeros trabajos fueron, por accidente, las mujeres; y, sin embargo, desde entonces, cada vez que pienso en una nueva serie, de alguna manera est\u00e1 relacionada con las mujeres\u201d Valladolid presenta, por primera vez en Espa\u00f1a, una muestra individual de la fot\u00f3grafa Shadi Ghadirian, convertida en altavoz de la mujer en Ir\u00e1n y representante de la fusi\u00f3n entre tradici\u00f3n y modernidad. Despu\u00e9s de dos d\u00e9cadas exponiendo en importantes centros de Europa, Asia y Am\u00e9rica, la artista recala en nuestro pa\u00eds con la muestra Como todos los d\u00edas, t\u00edtulo de su segunda serie (Like Everyday, 2000). Desde un punto de vista totalmente subversivo, la artista denuncia el peso de la tradici\u00f3n del hogar, que puede llegar a aplastar la propia personalidad de la mujer. \u201cLa mujer es forzada a atender los deseos y gustos de \u201clos dem\u00e1s\u201d, tanto que, a veces, ni siquiera pueden mostrar su propia cara\u201d, cuenta Ghadirian. En un original giro, cubre los rostros de las modelos con los utensilios dom\u00e9sticos que marcan cada jornada, \u2018como todos los d\u00edas\u2019. &nbsp; Consolida la vertiente cr\u00edtica de su creaci\u00f3n en favor de la mujer. Y, sin embargo, durante largo tiempo fue desacreditada por los sectores m\u00e1s reaccionarios [&hellip;]<\/p>\n","protected":false},"author":1,"featured_media":2949,"comment_status":"open","ping_status":"open","sticky":false,"template":"","format":"standard","meta":{"footnotes":""},"categories":[1],"tags":[36,11],"class_list":["post-2149","post","type-post","status-publish","format-standard","has-post-thumbnail","hentry","category-sin-categoria","tag-exposicion","tag-exposiciones"],"yoast_head":"<!-- This site is optimized with the Yoast SEO plugin v27.5 - https:\/\/yoast.com\/product\/yoast-seo-wordpress\/ -->\n<title>Shadi Ghadirian. Palabra de mujer. - Blog Cultura y Turismo<\/title>\n<meta name=\"robots\" content=\"index, follow, max-snippet:-1, max-image-preview:large, max-video-preview:-1\" \/>\n<link rel=\"canonical\" href=\"https:\/\/www.info.valladolid.es\/blog\/shadi_ghadirian\/\" \/>\n<meta property=\"og:locale\" content=\"es_ES\" \/>\n<meta property=\"og:type\" content=\"article\" \/>\n<meta property=\"og:title\" content=\"Shadi Ghadirian. Palabra de mujer. - Blog Cultura y Turismo\" \/>\n<meta property=\"og:description\" content=\"\u201cLos temas de mis primeros trabajos fueron, por accidente, las mujeres; y, sin embargo, desde entonces, cada vez que pienso en una nueva serie, de alguna manera est\u00e1 relacionada con las mujeres\u201d Valladolid presenta, por primera vez en Espa\u00f1a, una muestra individual de la fot\u00f3grafa Shadi Ghadirian, convertida en altavoz de la mujer en Ir\u00e1n y representante de la fusi\u00f3n entre tradici\u00f3n y modernidad. Despu\u00e9s de dos d\u00e9cadas exponiendo en importantes centros de Europa, Asia y Am\u00e9rica, la artista recala en nuestro pa\u00eds con la muestra Como todos los d\u00edas, t\u00edtulo de su segunda serie (Like Everyday, 2000). Desde un punto de vista totalmente subversivo, la artista denuncia el peso de la tradici\u00f3n del hogar, que puede llegar a aplastar la propia personalidad de la mujer. \u201cLa mujer es forzada a atender los deseos y gustos de \u201clos dem\u00e1s\u201d, tanto que, a veces, ni siquiera pueden mostrar su propia cara\u201d, cuenta Ghadirian. En un original giro, cubre los rostros de las modelos con los utensilios dom\u00e9sticos que marcan cada jornada, \u2018como todos los d\u00edas\u2019. &nbsp; Consolida la vertiente cr\u00edtica de su creaci\u00f3n en favor de la mujer. Y, sin embargo, durante largo tiempo fue desacreditada por los sectores m\u00e1s reaccionarios [&hellip;]\" \/>\n<meta property=\"og:url\" content=\"https:\/\/www.info.valladolid.es\/blog\/shadi_ghadirian\/\" \/>\n<meta property=\"og:site_name\" content=\"Blog Cultura y Turismo\" \/>\n<meta property=\"article:published_time\" content=\"2017-03-24T11:18:54+00:00\" \/>\n<meta property=\"article:modified_time\" content=\"2019-02-11T11:11:23+00:00\" \/>\n<meta property=\"og:image\" content=\"https:\/\/www.info.valladolid.es\/blog\/wp-content\/uploads\/2017\/03\/gadirian.jpg\" \/>\n\t<meta property=\"og:image:width\" content=\"520\" \/>\n\t<meta property=\"og:image:height\" content=\"400\" \/>\n\t<meta property=\"og:image:type\" content=\"image\/jpeg\" \/>\n<meta name=\"author\" content=\"administrador\" \/>\n<meta name=\"twitter:card\" content=\"summary_large_image\" \/>\n<meta name=\"twitter:label1\" content=\"Escrito por\" \/>\n\t<meta name=\"twitter:data1\" content=\"administrador\" \/>\n\t<meta name=\"twitter:label2\" content=\"Tiempo de lectura\" \/>\n\t<meta name=\"twitter:data2\" content=\"5 minutos\" \/>\n<script type=\"application\/ld+json\" class=\"yoast-schema-graph\">{\"@context\":\"https:\\\/\\\/schema.org\",\"@graph\":[{\"@type\":\"Article\",\"@id\":\"https:\\\/\\\/www.info.valladolid.es\\\/blog\\\/shadi_ghadirian\\\/#article\",\"isPartOf\":{\"@id\":\"https:\\\/\\\/www.info.valladolid.es\\\/blog\\\/shadi_ghadirian\\\/\"},\"author\":{\"name\":\"administrador\",\"@id\":\"https:\\\/\\\/www.info.valladolid.es\\\/blog\\\/#\\\/schema\\\/person\\\/845cac97e6156a5a9c5abd68b7b9a5d5\"},\"headline\":\"Shadi Ghadirian. Palabra de mujer.\",\"datePublished\":\"2017-03-24T11:18:54+00:00\",\"dateModified\":\"2019-02-11T11:11:23+00:00\",\"mainEntityOfPage\":{\"@id\":\"https:\\\/\\\/www.info.valladolid.es\\\/blog\\\/shadi_ghadirian\\\/\"},\"wordCount\":993,\"commentCount\":0,\"image\":{\"@id\":\"https:\\\/\\\/www.info.valladolid.es\\\/blog\\\/shadi_ghadirian\\\/#primaryimage\"},\"thumbnailUrl\":\"https:\\\/\\\/www.info.valladolid.es\\\/blog\\\/wp-content\\\/uploads\\\/2017\\\/03\\\/gadirian.jpg\",\"keywords\":[\"Exposici\u00f3n\",\"Exposiciones\"],\"inLanguage\":\"es\",\"potentialAction\":[{\"@type\":\"CommentAction\",\"name\":\"Comment\",\"target\":[\"https:\\\/\\\/www.info.valladolid.es\\\/blog\\\/shadi_ghadirian\\\/#respond\"]}]},{\"@type\":\"WebPage\",\"@id\":\"https:\\\/\\\/www.info.valladolid.es\\\/blog\\\/shadi_ghadirian\\\/\",\"url\":\"https:\\\/\\\/www.info.valladolid.es\\\/blog\\\/shadi_ghadirian\\\/\",\"name\":\"Shadi Ghadirian. Palabra de mujer. - Blog Cultura y Turismo\",\"isPartOf\":{\"@id\":\"https:\\\/\\\/www.info.valladolid.es\\\/blog\\\/#website\"},\"primaryImageOfPage\":{\"@id\":\"https:\\\/\\\/www.info.valladolid.es\\\/blog\\\/shadi_ghadirian\\\/#primaryimage\"},\"image\":{\"@id\":\"https:\\\/\\\/www.info.valladolid.es\\\/blog\\\/shadi_ghadirian\\\/#primaryimage\"},\"thumbnailUrl\":\"https:\\\/\\\/www.info.valladolid.es\\\/blog\\\/wp-content\\\/uploads\\\/2017\\\/03\\\/gadirian.jpg\",\"datePublished\":\"2017-03-24T11:18:54+00:00\",\"dateModified\":\"2019-02-11T11:11:23+00:00\",\"author\":{\"@id\":\"https:\\\/\\\/www.info.valladolid.es\\\/blog\\\/#\\\/schema\\\/person\\\/845cac97e6156a5a9c5abd68b7b9a5d5\"},\"breadcrumb\":{\"@id\":\"https:\\\/\\\/www.info.valladolid.es\\\/blog\\\/shadi_ghadirian\\\/#breadcrumb\"},\"inLanguage\":\"es\",\"potentialAction\":[{\"@type\":\"ReadAction\",\"target\":[\"https:\\\/\\\/www.info.valladolid.es\\\/blog\\\/shadi_ghadirian\\\/\"]}]},{\"@type\":\"ImageObject\",\"inLanguage\":\"es\",\"@id\":\"https:\\\/\\\/www.info.valladolid.es\\\/blog\\\/shadi_ghadirian\\\/#primaryimage\",\"url\":\"https:\\\/\\\/www.info.valladolid.es\\\/blog\\\/wp-content\\\/uploads\\\/2017\\\/03\\\/gadirian.jpg\",\"contentUrl\":\"https:\\\/\\\/www.info.valladolid.es\\\/blog\\\/wp-content\\\/uploads\\\/2017\\\/03\\\/gadirian.jpg\",\"width\":520,\"height\":400},{\"@type\":\"BreadcrumbList\",\"@id\":\"https:\\\/\\\/www.info.valladolid.es\\\/blog\\\/shadi_ghadirian\\\/#breadcrumb\",\"itemListElement\":[{\"@type\":\"ListItem\",\"position\":1,\"name\":\"Home\",\"item\":\"https:\\\/\\\/www.info.valladolid.es\\\/blog\\\/\"},{\"@type\":\"ListItem\",\"position\":2,\"name\":\"Shadi Ghadirian. Palabra de mujer.\"}]},{\"@type\":\"WebSite\",\"@id\":\"https:\\\/\\\/www.info.valladolid.es\\\/blog\\\/#website\",\"url\":\"https:\\\/\\\/www.info.valladolid.es\\\/blog\\\/\",\"name\":\"Blog Cultura y Turismo\",\"description\":\"\",\"potentialAction\":[{\"@type\":\"SearchAction\",\"target\":{\"@type\":\"EntryPoint\",\"urlTemplate\":\"https:\\\/\\\/www.info.valladolid.es\\\/blog\\\/?s={search_term_string}\"},\"query-input\":{\"@type\":\"PropertyValueSpecification\",\"valueRequired\":true,\"valueName\":\"search_term_string\"}}],\"inLanguage\":\"es\"},{\"@type\":\"Person\",\"@id\":\"https:\\\/\\\/www.info.valladolid.es\\\/blog\\\/#\\\/schema\\\/person\\\/845cac97e6156a5a9c5abd68b7b9a5d5\",\"name\":\"administrador\",\"image\":{\"@type\":\"ImageObject\",\"inLanguage\":\"es\",\"@id\":\"https:\\\/\\\/secure.gravatar.com\\\/avatar\\\/418161d2f95196597e2d305bd301c850afab7f4b284a344fb2d759f048b71c61?s=96&d=mm&r=g\",\"url\":\"https:\\\/\\\/secure.gravatar.com\\\/avatar\\\/418161d2f95196597e2d305bd301c850afab7f4b284a344fb2d759f048b71c61?s=96&d=mm&r=g\",\"contentUrl\":\"https:\\\/\\\/secure.gravatar.com\\\/avatar\\\/418161d2f95196597e2d305bd301c850afab7f4b284a344fb2d759f048b71c61?s=96&d=mm&r=g\",\"caption\":\"administrador\"},\"url\":\"https:\\\/\\\/www.info.valladolid.es\\\/blog\\\/author\\\/administrador\\\/\"}]}<\/script>\n<!-- \/ Yoast SEO plugin. -->","yoast_head_json":{"title":"Shadi Ghadirian. Palabra de mujer. - Blog Cultura y Turismo","robots":{"index":"index","follow":"follow","max-snippet":"max-snippet:-1","max-image-preview":"max-image-preview:large","max-video-preview":"max-video-preview:-1"},"canonical":"https:\/\/www.info.valladolid.es\/blog\/shadi_ghadirian\/","og_locale":"es_ES","og_type":"article","og_title":"Shadi Ghadirian. Palabra de mujer. - Blog Cultura y Turismo","og_description":"\u201cLos temas de mis primeros trabajos fueron, por accidente, las mujeres; y, sin embargo, desde entonces, cada vez que pienso en una nueva serie, de alguna manera est\u00e1 relacionada con las mujeres\u201d Valladolid presenta, por primera vez en Espa\u00f1a, una muestra individual de la fot\u00f3grafa Shadi Ghadirian, convertida en altavoz de la mujer en Ir\u00e1n y representante de la fusi\u00f3n entre tradici\u00f3n y modernidad. Despu\u00e9s de dos d\u00e9cadas exponiendo en importantes centros de Europa, Asia y Am\u00e9rica, la artista recala en nuestro pa\u00eds con la muestra Como todos los d\u00edas, t\u00edtulo de su segunda serie (Like Everyday, 2000). Desde un punto de vista totalmente subversivo, la artista denuncia el peso de la tradici\u00f3n del hogar, que puede llegar a aplastar la propia personalidad de la mujer. \u201cLa mujer es forzada a atender los deseos y gustos de \u201clos dem\u00e1s\u201d, tanto que, a veces, ni siquiera pueden mostrar su propia cara\u201d, cuenta Ghadirian. En un original giro, cubre los rostros de las modelos con los utensilios dom\u00e9sticos que marcan cada jornada, \u2018como todos los d\u00edas\u2019. &nbsp; Consolida la vertiente cr\u00edtica de su creaci\u00f3n en favor de la mujer. Y, sin embargo, durante largo tiempo fue desacreditada por los sectores m\u00e1s reaccionarios [&hellip;]","og_url":"https:\/\/www.info.valladolid.es\/blog\/shadi_ghadirian\/","og_site_name":"Blog Cultura y Turismo","article_published_time":"2017-03-24T11:18:54+00:00","article_modified_time":"2019-02-11T11:11:23+00:00","og_image":[{"width":520,"height":400,"url":"https:\/\/www.info.valladolid.es\/blog\/wp-content\/uploads\/2017\/03\/gadirian.jpg","type":"image\/jpeg"}],"author":"administrador","twitter_card":"summary_large_image","twitter_misc":{"Escrito por":"administrador","Tiempo de lectura":"5 minutos"},"schema":{"@context":"https:\/\/schema.org","@graph":[{"@type":"Article","@id":"https:\/\/www.info.valladolid.es\/blog\/shadi_ghadirian\/#article","isPartOf":{"@id":"https:\/\/www.info.valladolid.es\/blog\/shadi_ghadirian\/"},"author":{"name":"administrador","@id":"https:\/\/www.info.valladolid.es\/blog\/#\/schema\/person\/845cac97e6156a5a9c5abd68b7b9a5d5"},"headline":"Shadi Ghadirian. Palabra de mujer.","datePublished":"2017-03-24T11:18:54+00:00","dateModified":"2019-02-11T11:11:23+00:00","mainEntityOfPage":{"@id":"https:\/\/www.info.valladolid.es\/blog\/shadi_ghadirian\/"},"wordCount":993,"commentCount":0,"image":{"@id":"https:\/\/www.info.valladolid.es\/blog\/shadi_ghadirian\/#primaryimage"},"thumbnailUrl":"https:\/\/www.info.valladolid.es\/blog\/wp-content\/uploads\/2017\/03\/gadirian.jpg","keywords":["Exposici\u00f3n","Exposiciones"],"inLanguage":"es","potentialAction":[{"@type":"CommentAction","name":"Comment","target":["https:\/\/www.info.valladolid.es\/blog\/shadi_ghadirian\/#respond"]}]},{"@type":"WebPage","@id":"https:\/\/www.info.valladolid.es\/blog\/shadi_ghadirian\/","url":"https:\/\/www.info.valladolid.es\/blog\/shadi_ghadirian\/","name":"Shadi Ghadirian. Palabra de mujer. - Blog Cultura y Turismo","isPartOf":{"@id":"https:\/\/www.info.valladolid.es\/blog\/#website"},"primaryImageOfPage":{"@id":"https:\/\/www.info.valladolid.es\/blog\/shadi_ghadirian\/#primaryimage"},"image":{"@id":"https:\/\/www.info.valladolid.es\/blog\/shadi_ghadirian\/#primaryimage"},"thumbnailUrl":"https:\/\/www.info.valladolid.es\/blog\/wp-content\/uploads\/2017\/03\/gadirian.jpg","datePublished":"2017-03-24T11:18:54+00:00","dateModified":"2019-02-11T11:11:23+00:00","author":{"@id":"https:\/\/www.info.valladolid.es\/blog\/#\/schema\/person\/845cac97e6156a5a9c5abd68b7b9a5d5"},"breadcrumb":{"@id":"https:\/\/www.info.valladolid.es\/blog\/shadi_ghadirian\/#breadcrumb"},"inLanguage":"es","potentialAction":[{"@type":"ReadAction","target":["https:\/\/www.info.valladolid.es\/blog\/shadi_ghadirian\/"]}]},{"@type":"ImageObject","inLanguage":"es","@id":"https:\/\/www.info.valladolid.es\/blog\/shadi_ghadirian\/#primaryimage","url":"https:\/\/www.info.valladolid.es\/blog\/wp-content\/uploads\/2017\/03\/gadirian.jpg","contentUrl":"https:\/\/www.info.valladolid.es\/blog\/wp-content\/uploads\/2017\/03\/gadirian.jpg","width":520,"height":400},{"@type":"BreadcrumbList","@id":"https:\/\/www.info.valladolid.es\/blog\/shadi_ghadirian\/#breadcrumb","itemListElement":[{"@type":"ListItem","position":1,"name":"Home","item":"https:\/\/www.info.valladolid.es\/blog\/"},{"@type":"ListItem","position":2,"name":"Shadi Ghadirian. Palabra de mujer."}]},{"@type":"WebSite","@id":"https:\/\/www.info.valladolid.es\/blog\/#website","url":"https:\/\/www.info.valladolid.es\/blog\/","name":"Blog Cultura y Turismo","description":"","potentialAction":[{"@type":"SearchAction","target":{"@type":"EntryPoint","urlTemplate":"https:\/\/www.info.valladolid.es\/blog\/?s={search_term_string}"},"query-input":{"@type":"PropertyValueSpecification","valueRequired":true,"valueName":"search_term_string"}}],"inLanguage":"es"},{"@type":"Person","@id":"https:\/\/www.info.valladolid.es\/blog\/#\/schema\/person\/845cac97e6156a5a9c5abd68b7b9a5d5","name":"administrador","image":{"@type":"ImageObject","inLanguage":"es","@id":"https:\/\/secure.gravatar.com\/avatar\/418161d2f95196597e2d305bd301c850afab7f4b284a344fb2d759f048b71c61?s=96&d=mm&r=g","url":"https:\/\/secure.gravatar.com\/avatar\/418161d2f95196597e2d305bd301c850afab7f4b284a344fb2d759f048b71c61?s=96&d=mm&r=g","contentUrl":"https:\/\/secure.gravatar.com\/avatar\/418161d2f95196597e2d305bd301c850afab7f4b284a344fb2d759f048b71c61?s=96&d=mm&r=g","caption":"administrador"},"url":"https:\/\/www.info.valladolid.es\/blog\/author\/administrador\/"}]}},"_links":{"self":[{"href":"https:\/\/www.info.valladolid.es\/blog\/wp-json\/wp\/v2\/posts\/2149","targetHints":{"allow":["GET"]}}],"collection":[{"href":"https:\/\/www.info.valladolid.es\/blog\/wp-json\/wp\/v2\/posts"}],"about":[{"href":"https:\/\/www.info.valladolid.es\/blog\/wp-json\/wp\/v2\/types\/post"}],"author":[{"embeddable":true,"href":"https:\/\/www.info.valladolid.es\/blog\/wp-json\/wp\/v2\/users\/1"}],"replies":[{"embeddable":true,"href":"https:\/\/www.info.valladolid.es\/blog\/wp-json\/wp\/v2\/comments?post=2149"}],"version-history":[{"count":5,"href":"https:\/\/www.info.valladolid.es\/blog\/wp-json\/wp\/v2\/posts\/2149\/revisions"}],"predecessor-version":[{"id":2950,"href":"https:\/\/www.info.valladolid.es\/blog\/wp-json\/wp\/v2\/posts\/2149\/revisions\/2950"}],"wp:featuredmedia":[{"embeddable":true,"href":"https:\/\/www.info.valladolid.es\/blog\/wp-json\/wp\/v2\/media\/2949"}],"wp:attachment":[{"href":"https:\/\/www.info.valladolid.es\/blog\/wp-json\/wp\/v2\/media?parent=2149"}],"wp:term":[{"taxonomy":"category","embeddable":true,"href":"https:\/\/www.info.valladolid.es\/blog\/wp-json\/wp\/v2\/categories?post=2149"},{"taxonomy":"post_tag","embeddable":true,"href":"https:\/\/www.info.valladolid.es\/blog\/wp-json\/wp\/v2\/tags?post=2149"}],"curies":[{"name":"wp","href":"https:\/\/api.w.org\/{rel}","templated":true}]}}