{"id":2001,"date":"2017-03-07T08:32:32","date_gmt":"2017-03-07T08:32:32","guid":{"rendered":"http:\/\/www.info.valladolid.es\/blog\/?p=2001"},"modified":"2019-02-11T11:19:32","modified_gmt":"2019-02-11T11:19:32","slug":"la-edad-dorada-de-la-escultura-berruguete-y-juan-de-juni-referentes-del-siglo-xvi-visita-al-museo-nacional-de-escultura-iii","status":"publish","type":"post","link":"https:\/\/www.info.valladolid.es\/blog\/la-edad-dorada-de-la-escultura-berruguete-y-juan-de-juni-referentes-del-siglo-xvi-visita-al-museo-nacional-de-escultura-iii\/","title":{"rendered":"La Edad dorada de la escultura: Berruguete y Juan de Juni, referentes del siglo XVI. Visita al Museo Nacional de Escultura (III)"},"content":{"rendered":"<p><a title=\"Los albores de la Edad de Oro de la escultura espa\u00f1ola. Visita al Museo Nacional de Escultura (II).\" href=\"http:\/\/www.info.valladolid.es\/blog\/los-albores-de-la-edad-de-oro-de-la-escultura-espanola-visita-al-museo-nacional-de-escultura-ii\/\"><span style=\"text-decoration: underline;\">Volver: Los albores de la Edad de Oro de la Escultura.<\/span><\/a><\/p>\n<p>Un retablo de colosales dimensiones nos abre las puertas al Renacimiento espa\u00f1ol en el Museo Nacional de Escultura: es el que Alonso Berruguete cre\u00f3 para la iglesia de San Benito, de un tama\u00f1o tal que, desmontado, ocupa tres salas.<\/p>\n<p>(Clic en cada imagen para ampliar)<\/p>\n\n\t\t<style type=\"text\/css\">\n\t\t\t#gallery-1 {\n\t\t\t\tmargin: auto;\n\t\t\t}\n\t\t\t#gallery-1 .gallery-item {\n\t\t\t\tfloat: left;\n\t\t\t\tmargin-top: 10px;\n\t\t\t\ttext-align: center;\n\t\t\t\twidth: 33%;\n\t\t\t}\n\t\t\t#gallery-1 img {\n\t\t\t\tborder: 2px solid #cfcfcf;\n\t\t\t}\n\t\t\t#gallery-1 .gallery-caption {\n\t\t\t\tmargin-left: 0;\n\t\t\t}\n\t\t\t\/* see gallery_shortcode() in wp-includes\/media.php *\/\n\t\t<\/style>\n\t\t<div id='gallery-1' class='gallery galleryid-2001 gallery-columns-3 gallery-size-thumbnail'><dl class='gallery-item'>\n\t\t\t<dt class='gallery-icon landscape'>\n\t\t\t\t<a href='https:\/\/www.info.valladolid.es\/blog\/la-edad-dorada-de-la-escultura-berruguete-y-juan-de-juni-referentes-del-siglo-xvi-visita-al-museo-nacional-de-escultura-iii\/dsc_0188\/'><img loading=\"lazy\" decoding=\"async\" width=\"150\" height=\"150\" src=\"https:\/\/www.info.valladolid.es\/blog\/wp-content\/uploads\/2017\/02\/DSC_0188-150x150.jpg\" class=\"attachment-thumbnail size-thumbnail\" alt=\"\" aria-describedby=\"gallery-1-2058\" srcset=\"https:\/\/www.info.valladolid.es\/blog\/wp-content\/uploads\/2017\/02\/DSC_0188-150x150.jpg 150w, https:\/\/www.info.valladolid.es\/blog\/wp-content\/uploads\/2017\/02\/DSC_0188-160x160.jpg 160w\" sizes=\"auto, (max-width: 150px) 100vw, 150px\" \/><\/a>\n\t\t\t<\/dt>\n\t\t\t\t<dd class='wp-caption-text gallery-caption' id='gallery-1-2058'>\n\t\t\t\tRetablo de San Benito El Real. Alonso Berruguete.\n\t\t\t\t<\/dd><\/dl><dl class='gallery-item'>\n\t\t\t<dt class='gallery-icon portrait'>\n\t\t\t\t<a href='https:\/\/www.info.valladolid.es\/blog\/la-edad-dorada-de-la-escultura-berruguete-y-juan-de-juni-referentes-del-siglo-xvi-visita-al-museo-nacional-de-escultura-iii\/dsc_0193\/'><img loading=\"lazy\" decoding=\"async\" width=\"150\" height=\"150\" src=\"https:\/\/www.info.valladolid.es\/blog\/wp-content\/uploads\/2017\/02\/DSC_0193-e1487692469384-150x150.jpg\" class=\"attachment-thumbnail size-thumbnail\" alt=\"\" aria-describedby=\"gallery-1-2062\" srcset=\"https:\/\/www.info.valladolid.es\/blog\/wp-content\/uploads\/2017\/02\/DSC_0193-e1487692469384-150x150.jpg 150w, https:\/\/www.info.valladolid.es\/blog\/wp-content\/uploads\/2017\/02\/DSC_0193-e1487692469384-160x160.jpg 160w\" sizes=\"auto, (max-width: 150px) 100vw, 150px\" \/><\/a>\n\t\t\t<\/dt>\n\t\t\t\t<dd class='wp-caption-text gallery-caption' id='gallery-1-2062'>\n\t\t\t\tRetablo de San Benito El Real . Figura. \n\t\t\t\t<\/dd><\/dl><dl class='gallery-item'>\n\t\t\t<dt class='gallery-icon landscape'>\n\t\t\t\t<a href='https:\/\/www.info.valladolid.es\/blog\/la-edad-dorada-de-la-escultura-berruguete-y-juan-de-juni-referentes-del-siglo-xvi-visita-al-museo-nacional-de-escultura-iii\/dsc_0192\/'><img loading=\"lazy\" decoding=\"async\" width=\"150\" height=\"150\" src=\"https:\/\/www.info.valladolid.es\/blog\/wp-content\/uploads\/2017\/02\/DSC_0192-150x150.jpg\" class=\"attachment-thumbnail size-thumbnail\" alt=\"\" aria-describedby=\"gallery-1-2061\" srcset=\"https:\/\/www.info.valladolid.es\/blog\/wp-content\/uploads\/2017\/02\/DSC_0192-150x150.jpg 150w, https:\/\/www.info.valladolid.es\/blog\/wp-content\/uploads\/2017\/02\/DSC_0192-160x160.jpg 160w\" sizes=\"auto, (max-width: 150px) 100vw, 150px\" \/><\/a>\n\t\t\t<\/dt>\n\t\t\t\t<dd class='wp-caption-text gallery-caption' id='gallery-1-2061'>\n\t\t\t\tRetablo de San Benito El Real. Pintura sobre tabla.\n\t\t\t\t<\/dd><\/dl><br style=\"clear: both\" \/>\n\t\t<\/div>\n\n<p>Estamos ante una de las mayores empresas que acometi\u00f3 el genial escultor y la mejor gu\u00eda para comprender su peculiar estilo, influenciado por su estancia en Italia, donde bebi\u00f3 de un clasicismo que supo conjugar con el estilo castellano: los putti (angelillos t\u00edpicos de la decoraci\u00f3n clasicista italiana), el uso del dorado, la vista de perfil de mujeres emparejadas\u2026 . No en vano, Berruguete residi\u00f3 en Roma justo cuando Miguel \u00c1ngel conclu\u00eda la Capilla Sixtina.<\/p>\n<p>Si observamos de cerca la escena de la Adoraci\u00f3n, podemos percatarnos de las distintas fases de la \u2018t\u00e9cnica del estofado\u2019. El rostro de Mar\u00eda aparece salpicado por peque\u00f1as manchas blancas: es la capa de yeso que se aplicaba sobre la madera que, mezclado con pegamento, permit\u00eda la aplicaci\u00f3n de l\u00e1minas de pan de oro.<\/p>\n<div id=\"attachment_2065\" style=\"width: 592px\" class=\"wp-caption aligncenter\"><a href=\"http:\/\/www.info.valladolid.es\/blog\/wp-content\/uploads\/2017\/02\/detalle_retablo_berruguete.png\"><img loading=\"lazy\" decoding=\"async\" aria-describedby=\"caption-attachment-2065\" class=\" wp-image-2065\" src=\"http:\/\/www.info.valladolid.es\/blog\/wp-content\/uploads\/2017\/02\/detalle_retablo_berruguete-1024x560.png\" alt=\"Detalle del retablo. En el rostro se puede apreciar la t\u00e9cnica del estofado.\" width=\"582\" height=\"319\" srcset=\"https:\/\/www.info.valladolid.es\/blog\/wp-content\/uploads\/2017\/02\/detalle_retablo_berruguete-1024x560.png 1024w, https:\/\/www.info.valladolid.es\/blog\/wp-content\/uploads\/2017\/02\/detalle_retablo_berruguete-300x164.png 300w, https:\/\/www.info.valladolid.es\/blog\/wp-content\/uploads\/2017\/02\/detalle_retablo_berruguete.png 1500w\" sizes=\"auto, (max-width: 582px) 100vw, 582px\" \/><\/a><p id=\"caption-attachment-2065\" class=\"wp-caption-text\">Detalle del retablo. En el rostro se puede apreciar la t\u00e9cnica del estofado.<\/p><\/div>\n<p>Otra de las joyas que abandonaron el Monasterio de San Benito a causa de la desamortizaci\u00f3n es la imponente siller\u00eda que se exhibe en la primera planta (1525-1529). Cada asiento tiene sus propias escenas talladas, algunas, con maderas que se engarzan en la de nogal para crear policrom\u00eda.<\/p>\n<div id=\"attachment_2067\" style=\"width: 582px\" class=\"wp-caption aligncenter\"><a href=\"http:\/\/www.info.valladolid.es\/blog\/wp-content\/uploads\/2017\/02\/DSC_0198-e1487693207944.jpg\"><img loading=\"lazy\" decoding=\"async\" aria-describedby=\"caption-attachment-2067\" class=\"wp-image-2067 \" src=\"http:\/\/www.info.valladolid.es\/blog\/wp-content\/uploads\/2017\/02\/DSC_0198-e1487693207944-1024x552.jpg\" alt=\"Siller\u00eda de San Benito. Andr\u00e9s de N\u00e1jera y otros  1525 - 1529 \" width=\"572\" height=\"308\" srcset=\"https:\/\/www.info.valladolid.es\/blog\/wp-content\/uploads\/2017\/02\/DSC_0198-e1487693207944-1024x552.jpg 1024w, https:\/\/www.info.valladolid.es\/blog\/wp-content\/uploads\/2017\/02\/DSC_0198-e1487693207944-300x161.jpg 300w\" sizes=\"auto, (max-width: 572px) 100vw, 572px\" \/><\/a><p id=\"caption-attachment-2067\" class=\"wp-caption-text\">Siller\u00eda de San Benito.<br \/> Andr\u00e9s de N\u00e1jera y otros 1525 &#8211; 1529<\/p><\/div>\n<p>Nuestro recorrido&nbsp;por el Renacimiento castellano contin\u00faa en la Sala 8 con otro de los maestros de la talla en madera, el franc\u00e9s Juan de Juni. Una de sus obras cumbres es el Santo Entierro que realiz\u00f3 para el desaparecido convento de San Francisco y que hoy se expone en el Museo Nacional de Escultura. Su marcado car\u00e1cter escenogr\u00e1fico recae sobre las figuras que rodean el cuerpo de Jes\u00fas, que imprimen un intenso dramatismo a trav\u00e9s de&nbsp;sus rostros y sus manos: Jos\u00e9 de Arimatea nos muestra una espina, San Juan sujeta a una Mar\u00eda que quiere abalanzarse sobre su hijo muerto, Mar\u00eda Magdalena y Nicodemo cierran la tr\u00e1gica narraci\u00f3n. Nos detenemos un segundo en esta \u00faltima figura, porque tiene&nbsp;un curioso detalle que puede pasar desapercibido: la parte de su ropaje m\u00e1s ajada es la zona que conserva la&nbsp;pintura del siglo XVI.&nbsp;Es un acertado gui\u00f1o de los restauradores que quieren&nbsp;dejar constancia de la ornamentaci\u00f3n original.<\/p>\n<div id=\"attachment_2071\" style=\"width: 574px\" class=\"wp-caption aligncenter\"><a href=\"http:\/\/www.info.valladolid.es\/blog\/wp-content\/uploads\/2017\/02\/DSC_0200-e1487694083493.jpg\"><img loading=\"lazy\" decoding=\"async\" aria-describedby=\"caption-attachment-2071\" class=\" wp-image-2071\" src=\"http:\/\/www.info.valladolid.es\/blog\/wp-content\/uploads\/2017\/02\/DSC_0200-e1487694083493-1024x574.jpg\" alt=\"Santo Entierro. Juan de Juni 1541 - 1544\" width=\"564\" height=\"316\" srcset=\"https:\/\/www.info.valladolid.es\/blog\/wp-content\/uploads\/2017\/02\/DSC_0200-e1487694083493-1024x574.jpg 1024w, https:\/\/www.info.valladolid.es\/blog\/wp-content\/uploads\/2017\/02\/DSC_0200-e1487694083493-300x168.jpg 300w\" sizes=\"auto, (max-width: 564px) 100vw, 564px\" \/><\/a><p id=\"caption-attachment-2071\" class=\"wp-caption-text\">Santo Entierro. Juan de Juni 1541 &#8211; 1544<\/p><\/div>\n<p>&nbsp;<\/p>\n<p>La siguiente composici\u00f3n, un Calvario, tambi\u00e9n de Juan de Juni, insiste en esta intenci\u00f3n de expresividad y teatralidad y en los poderosos vol\u00famenes propios del autor galo. Las figuras inferiores, sin pintura, son unas de las piezas del Museo que mejor permiten apreciar el trato de la madera.<\/p>\n<div id=\"attachment_2074\" style=\"width: 310px\" class=\"wp-caption aligncenter\"><a href=\"http:\/\/www.info.valladolid.es\/blog\/wp-content\/uploads\/2017\/02\/DSC_0203.jpg\"><img loading=\"lazy\" decoding=\"async\" aria-describedby=\"caption-attachment-2074\" class=\"size-medium wp-image-2074\" src=\"http:\/\/www.info.valladolid.es\/blog\/wp-content\/uploads\/2017\/02\/DSC_0203-300x200.jpg\" alt=\"Calvario de la capilla de los \u00c1guila. Juan de Juni, 1556 - 1557\" width=\"300\" height=\"200\" srcset=\"https:\/\/www.info.valladolid.es\/blog\/wp-content\/uploads\/2017\/02\/DSC_0203-300x200.jpg 300w, https:\/\/www.info.valladolid.es\/blog\/wp-content\/uploads\/2017\/02\/DSC_0203-1024x682.jpg 1024w\" sizes=\"auto, (max-width: 300px) 100vw, 300px\" \/><\/a><p id=\"caption-attachment-2074\" class=\"wp-caption-text\">Calvario de la capilla de los \u00c1guila. Juan de Juni, 1556 &#8211; 1557<\/p><\/div>\n<p>Nos acercamos a la mitad del siglo XVI. Con el reinado de Felipe II, desde 1556, se imponen unos&nbsp;c\u00e1nones cercanos&nbsp;al estilo italiano y autores que hasta entonces hab\u00edan sido referentes, como el propio Juan de Juni, entran en declive. El dramatismo castellano cede ante la serenidad y el clasicismo que llegan desde Italia.<\/p>\n<p>El contraste, como vemos en la siguiente sala, es evidente. Aparecen escenas carentes de sentimiento y rostros con una expresividad casi nula. Es palpable en la enorme pintura de Antonio Moro, en el relieve de Pedro de la Cuadra o en el Calvario de Pompeo Leoni, &nbsp;que reflejan el influjo que tuvo esta moda en el Renacimiento espa\u00f1ol y en su transici\u00f3n a un nuevo estilo.<\/p>\n<p>&nbsp;<\/p>\n\n\t\t<style type=\"text\/css\">\n\t\t\t#gallery-2 {\n\t\t\t\tmargin: auto;\n\t\t\t}\n\t\t\t#gallery-2 .gallery-item {\n\t\t\t\tfloat: left;\n\t\t\t\tmargin-top: 10px;\n\t\t\t\ttext-align: center;\n\t\t\t\twidth: 33%;\n\t\t\t}\n\t\t\t#gallery-2 img {\n\t\t\t\tborder: 2px solid #cfcfcf;\n\t\t\t}\n\t\t\t#gallery-2 .gallery-caption {\n\t\t\t\tmargin-left: 0;\n\t\t\t}\n\t\t\t\/* see gallery_shortcode() in wp-includes\/media.php *\/\n\t\t<\/style>\n\t\t<div id='gallery-2' class='gallery galleryid-2001 gallery-columns-3 gallery-size-thumbnail'><dl class='gallery-item'>\n\t\t\t<dt class='gallery-icon landscape'>\n\t\t\t\t<a href='https:\/\/www.info.valladolid.es\/blog\/la-edad-dorada-de-la-escultura-berruguete-y-juan-de-juni-referentes-del-siglo-xvi-visita-al-museo-nacional-de-escultura-iii\/dsc_0207\/'><img loading=\"lazy\" decoding=\"async\" width=\"150\" height=\"150\" src=\"https:\/\/www.info.valladolid.es\/blog\/wp-content\/uploads\/2017\/02\/DSC_0207-150x150.jpg\" class=\"attachment-thumbnail size-thumbnail\" alt=\"\" aria-describedby=\"gallery-2-2078\" srcset=\"https:\/\/www.info.valladolid.es\/blog\/wp-content\/uploads\/2017\/02\/DSC_0207-150x150.jpg 150w, https:\/\/www.info.valladolid.es\/blog\/wp-content\/uploads\/2017\/02\/DSC_0207-160x160.jpg 160w\" sizes=\"auto, (max-width: 150px) 100vw, 150px\" \/><\/a>\n\t\t\t<\/dt>\n\t\t\t\t<dd class='wp-caption-text gallery-caption' id='gallery-2-2078'>\n\t\t\t\tCalvario de Pompeo Leoni\n\t\t\t\t<\/dd><\/dl><dl class='gallery-item'>\n\t\t\t<dt class='gallery-icon portrait'>\n\t\t\t\t<a href='https:\/\/www.info.valladolid.es\/blog\/la-edad-dorada-de-la-escultura-berruguete-y-juan-de-juni-referentes-del-siglo-xvi-visita-al-museo-nacional-de-escultura-iii\/dsc_0206\/'><img loading=\"lazy\" decoding=\"async\" width=\"150\" height=\"150\" src=\"https:\/\/www.info.valladolid.es\/blog\/wp-content\/uploads\/2017\/02\/DSC_0206-e1487694629765-150x150.jpg\" class=\"attachment-thumbnail size-thumbnail\" alt=\"\" aria-describedby=\"gallery-2-2077\" srcset=\"https:\/\/www.info.valladolid.es\/blog\/wp-content\/uploads\/2017\/02\/DSC_0206-e1487694629765-150x150.jpg 150w, https:\/\/www.info.valladolid.es\/blog\/wp-content\/uploads\/2017\/02\/DSC_0206-e1487694629765-160x160.jpg 160w\" sizes=\"auto, (max-width: 150px) 100vw, 150px\" \/><\/a>\n\t\t\t<\/dt>\n\t\t\t\t<dd class='wp-caption-text gallery-caption' id='gallery-2-2077'>\n\t\t\t\tTabla de  Pedro de la Cuadra.\n\t\t\t\t<\/dd><\/dl><dl class='gallery-item'>\n\t\t\t<dt class='gallery-icon landscape'>\n\t\t\t\t<a href='https:\/\/www.info.valladolid.es\/blog\/la-edad-dorada-de-la-escultura-berruguete-y-juan-de-juni-referentes-del-siglo-xvi-visita-al-museo-nacional-de-escultura-iii\/dsc_0205\/'><img loading=\"lazy\" decoding=\"async\" width=\"150\" height=\"150\" src=\"https:\/\/www.info.valladolid.es\/blog\/wp-content\/uploads\/2017\/02\/DSC_0205-e1487694553871-150x150.jpg\" class=\"attachment-thumbnail size-thumbnail\" alt=\"\" aria-describedby=\"gallery-2-2076\" srcset=\"https:\/\/www.info.valladolid.es\/blog\/wp-content\/uploads\/2017\/02\/DSC_0205-e1487694553871-150x150.jpg 150w, https:\/\/www.info.valladolid.es\/blog\/wp-content\/uploads\/2017\/02\/DSC_0205-e1487694553871-160x160.jpg 160w\" sizes=\"auto, (max-width: 150px) 100vw, 150px\" \/><\/a>\n\t\t\t<\/dt>\n\t\t\t\t<dd class='wp-caption-text gallery-caption' id='gallery-2-2076'>\n\t\t\t\tLos rostros inexpresivos del cuadro de Antonio Moro, un cambio en la tendencia art\u00edstica.\n\t\t\t\t<\/dd><\/dl><br style=\"clear: both\" \/>\n\t\t<\/div>\n\n<p>&nbsp;<\/p>\n","protected":false},"excerpt":{"rendered":"<p>Volver: Los albores de la Edad de Oro de la Escultura. Un retablo de colosales dimensiones nos abre las puertas al Renacimiento espa\u00f1ol en el Museo Nacional de Escultura: es el que Alonso Berruguete cre\u00f3 para la iglesia de San Benito, de un tama\u00f1o tal que, desmontado, ocupa tres salas. (Clic en cada imagen para ampliar) Estamos ante una de las mayores empresas que acometi\u00f3 el genial escultor y la mejor gu\u00eda para comprender su peculiar estilo, influenciado por su estancia en Italia, donde bebi\u00f3 de un clasicismo que supo conjugar con el estilo castellano: los putti (angelillos t\u00edpicos de la decoraci\u00f3n clasicista italiana), el uso del dorado, la vista de perfil de mujeres emparejadas\u2026 . No en vano, Berruguete residi\u00f3 en Roma justo cuando Miguel \u00c1ngel conclu\u00eda la Capilla Sixtina. Si observamos de cerca la escena de la Adoraci\u00f3n, podemos percatarnos de las distintas fases de la \u2018t\u00e9cnica del estofado\u2019. El rostro de Mar\u00eda aparece salpicado por peque\u00f1as manchas blancas: es la capa de yeso que se aplicaba sobre la madera que, mezclado con pegamento, permit\u00eda la aplicaci\u00f3n de l\u00e1minas de pan de oro. Otra de las joyas que abandonaron el Monasterio de San Benito a causa de la [&hellip;]<\/p>\n","protected":false},"author":1,"featured_media":2955,"comment_status":"open","ping_status":"open","sticky":false,"template":"","format":"standard","meta":{"footnotes":""},"categories":[6],"tags":[121,68],"class_list":["post-2001","post","type-post","status-publish","format-standard","has-post-thumbnail","hentry","category-arte-y-museos","tag-museo-nacional-de-escultura","tag-museos-de-valladolid"],"yoast_head":"<!-- This site is optimized with the Yoast SEO plugin v27.5 - https:\/\/yoast.com\/product\/yoast-seo-wordpress\/ -->\n<title>La Edad dorada de la escultura: Berruguete y Juan de Juni, referentes del siglo XVI. Visita al Museo Nacional de Escultura (III) - Blog Cultura y Turismo<\/title>\n<meta name=\"robots\" content=\"index, follow, max-snippet:-1, max-image-preview:large, max-video-preview:-1\" \/>\n<link rel=\"canonical\" href=\"https:\/\/www.info.valladolid.es\/blog\/la-edad-dorada-de-la-escultura-berruguete-y-juan-de-juni-referentes-del-siglo-xvi-visita-al-museo-nacional-de-escultura-iii\/\" \/>\n<meta property=\"og:locale\" content=\"es_ES\" \/>\n<meta property=\"og:type\" content=\"article\" \/>\n<meta property=\"og:title\" content=\"La Edad dorada de la escultura: Berruguete y Juan de Juni, referentes del siglo XVI. Visita al Museo Nacional de Escultura (III) - Blog Cultura y Turismo\" \/>\n<meta property=\"og:description\" content=\"Volver: Los albores de la Edad de Oro de la Escultura. Un retablo de colosales dimensiones nos abre las puertas al Renacimiento espa\u00f1ol en el Museo Nacional de Escultura: es el que Alonso Berruguete cre\u00f3 para la iglesia de San Benito, de un tama\u00f1o tal que, desmontado, ocupa tres salas. (Clic en cada imagen para ampliar) Estamos ante una de las mayores empresas que acometi\u00f3 el genial escultor y la mejor gu\u00eda para comprender su peculiar estilo, influenciado por su estancia en Italia, donde bebi\u00f3 de un clasicismo que supo conjugar con el estilo castellano: los putti (angelillos t\u00edpicos de la decoraci\u00f3n clasicista italiana), el uso del dorado, la vista de perfil de mujeres emparejadas\u2026 . No en vano, Berruguete residi\u00f3 en Roma justo cuando Miguel \u00c1ngel conclu\u00eda la Capilla Sixtina. Si observamos de cerca la escena de la Adoraci\u00f3n, podemos percatarnos de las distintas fases de la \u2018t\u00e9cnica del estofado\u2019. El rostro de Mar\u00eda aparece salpicado por peque\u00f1as manchas blancas: es la capa de yeso que se aplicaba sobre la madera que, mezclado con pegamento, permit\u00eda la aplicaci\u00f3n de l\u00e1minas de pan de oro. Otra de las joyas que abandonaron el Monasterio de San Benito a causa de la [&hellip;]\" \/>\n<meta property=\"og:url\" content=\"https:\/\/www.info.valladolid.es\/blog\/la-edad-dorada-de-la-escultura-berruguete-y-juan-de-juni-referentes-del-siglo-xvi-visita-al-museo-nacional-de-escultura-iii\/\" \/>\n<meta property=\"og:site_name\" content=\"Blog Cultura y Turismo\" \/>\n<meta property=\"article:published_time\" content=\"2017-03-07T08:32:32+00:00\" \/>\n<meta property=\"article:modified_time\" content=\"2019-02-11T11:19:32+00:00\" \/>\n<meta property=\"og:image\" content=\"https:\/\/www.info.valladolid.es\/blog\/wp-content\/uploads\/2017\/03\/retablo-museo-nacional-de-escultura.jpg\" \/>\n\t<meta property=\"og:image:width\" content=\"519\" \/>\n\t<meta property=\"og:image:height\" content=\"400\" \/>\n\t<meta property=\"og:image:type\" content=\"image\/jpeg\" \/>\n<meta name=\"author\" content=\"administrador\" \/>\n<meta name=\"twitter:card\" content=\"summary_large_image\" \/>\n<meta name=\"twitter:label1\" content=\"Escrito por\" \/>\n\t<meta name=\"twitter:data1\" content=\"administrador\" \/>\n\t<meta name=\"twitter:label2\" content=\"Tiempo de lectura\" \/>\n\t<meta name=\"twitter:data2\" content=\"3 minutos\" \/>\n<script type=\"application\/ld+json\" class=\"yoast-schema-graph\">{\"@context\":\"https:\\\/\\\/schema.org\",\"@graph\":[{\"@type\":\"Article\",\"@id\":\"https:\\\/\\\/www.info.valladolid.es\\\/blog\\\/la-edad-dorada-de-la-escultura-berruguete-y-juan-de-juni-referentes-del-siglo-xvi-visita-al-museo-nacional-de-escultura-iii\\\/#article\",\"isPartOf\":{\"@id\":\"https:\\\/\\\/www.info.valladolid.es\\\/blog\\\/la-edad-dorada-de-la-escultura-berruguete-y-juan-de-juni-referentes-del-siglo-xvi-visita-al-museo-nacional-de-escultura-iii\\\/\"},\"author\":{\"name\":\"administrador\",\"@id\":\"https:\\\/\\\/www.info.valladolid.es\\\/blog\\\/#\\\/schema\\\/person\\\/845cac97e6156a5a9c5abd68b7b9a5d5\"},\"headline\":\"La Edad dorada de la escultura: Berruguete y Juan de Juni, referentes del siglo XVI. Visita al Museo Nacional de Escultura (III)\",\"datePublished\":\"2017-03-07T08:32:32+00:00\",\"dateModified\":\"2019-02-11T11:19:32+00:00\",\"mainEntityOfPage\":{\"@id\":\"https:\\\/\\\/www.info.valladolid.es\\\/blog\\\/la-edad-dorada-de-la-escultura-berruguete-y-juan-de-juni-referentes-del-siglo-xvi-visita-al-museo-nacional-de-escultura-iii\\\/\"},\"wordCount\":705,\"commentCount\":2,\"image\":{\"@id\":\"https:\\\/\\\/www.info.valladolid.es\\\/blog\\\/la-edad-dorada-de-la-escultura-berruguete-y-juan-de-juni-referentes-del-siglo-xvi-visita-al-museo-nacional-de-escultura-iii\\\/#primaryimage\"},\"thumbnailUrl\":\"https:\\\/\\\/www.info.valladolid.es\\\/blog\\\/wp-content\\\/uploads\\\/2017\\\/03\\\/retablo-museo-nacional-de-escultura.jpg\",\"keywords\":[\"Museo Nacional de Escultura\",\"museos de Valladolid\"],\"articleSection\":[\"Arte y Museos\"],\"inLanguage\":\"es\",\"potentialAction\":[{\"@type\":\"CommentAction\",\"name\":\"Comment\",\"target\":[\"https:\\\/\\\/www.info.valladolid.es\\\/blog\\\/la-edad-dorada-de-la-escultura-berruguete-y-juan-de-juni-referentes-del-siglo-xvi-visita-al-museo-nacional-de-escultura-iii\\\/#respond\"]}]},{\"@type\":\"WebPage\",\"@id\":\"https:\\\/\\\/www.info.valladolid.es\\\/blog\\\/la-edad-dorada-de-la-escultura-berruguete-y-juan-de-juni-referentes-del-siglo-xvi-visita-al-museo-nacional-de-escultura-iii\\\/\",\"url\":\"https:\\\/\\\/www.info.valladolid.es\\\/blog\\\/la-edad-dorada-de-la-escultura-berruguete-y-juan-de-juni-referentes-del-siglo-xvi-visita-al-museo-nacional-de-escultura-iii\\\/\",\"name\":\"La Edad dorada de la escultura: Berruguete y Juan de Juni, referentes del siglo XVI. Visita al Museo Nacional de Escultura (III) - Blog Cultura y Turismo\",\"isPartOf\":{\"@id\":\"https:\\\/\\\/www.info.valladolid.es\\\/blog\\\/#website\"},\"primaryImageOfPage\":{\"@id\":\"https:\\\/\\\/www.info.valladolid.es\\\/blog\\\/la-edad-dorada-de-la-escultura-berruguete-y-juan-de-juni-referentes-del-siglo-xvi-visita-al-museo-nacional-de-escultura-iii\\\/#primaryimage\"},\"image\":{\"@id\":\"https:\\\/\\\/www.info.valladolid.es\\\/blog\\\/la-edad-dorada-de-la-escultura-berruguete-y-juan-de-juni-referentes-del-siglo-xvi-visita-al-museo-nacional-de-escultura-iii\\\/#primaryimage\"},\"thumbnailUrl\":\"https:\\\/\\\/www.info.valladolid.es\\\/blog\\\/wp-content\\\/uploads\\\/2017\\\/03\\\/retablo-museo-nacional-de-escultura.jpg\",\"datePublished\":\"2017-03-07T08:32:32+00:00\",\"dateModified\":\"2019-02-11T11:19:32+00:00\",\"author\":{\"@id\":\"https:\\\/\\\/www.info.valladolid.es\\\/blog\\\/#\\\/schema\\\/person\\\/845cac97e6156a5a9c5abd68b7b9a5d5\"},\"breadcrumb\":{\"@id\":\"https:\\\/\\\/www.info.valladolid.es\\\/blog\\\/la-edad-dorada-de-la-escultura-berruguete-y-juan-de-juni-referentes-del-siglo-xvi-visita-al-museo-nacional-de-escultura-iii\\\/#breadcrumb\"},\"inLanguage\":\"es\",\"potentialAction\":[{\"@type\":\"ReadAction\",\"target\":[\"https:\\\/\\\/www.info.valladolid.es\\\/blog\\\/la-edad-dorada-de-la-escultura-berruguete-y-juan-de-juni-referentes-del-siglo-xvi-visita-al-museo-nacional-de-escultura-iii\\\/\"]}]},{\"@type\":\"ImageObject\",\"inLanguage\":\"es\",\"@id\":\"https:\\\/\\\/www.info.valladolid.es\\\/blog\\\/la-edad-dorada-de-la-escultura-berruguete-y-juan-de-juni-referentes-del-siglo-xvi-visita-al-museo-nacional-de-escultura-iii\\\/#primaryimage\",\"url\":\"https:\\\/\\\/www.info.valladolid.es\\\/blog\\\/wp-content\\\/uploads\\\/2017\\\/03\\\/retablo-museo-nacional-de-escultura.jpg\",\"contentUrl\":\"https:\\\/\\\/www.info.valladolid.es\\\/blog\\\/wp-content\\\/uploads\\\/2017\\\/03\\\/retablo-museo-nacional-de-escultura.jpg\",\"width\":519,\"height\":400},{\"@type\":\"BreadcrumbList\",\"@id\":\"https:\\\/\\\/www.info.valladolid.es\\\/blog\\\/la-edad-dorada-de-la-escultura-berruguete-y-juan-de-juni-referentes-del-siglo-xvi-visita-al-museo-nacional-de-escultura-iii\\\/#breadcrumb\",\"itemListElement\":[{\"@type\":\"ListItem\",\"position\":1,\"name\":\"Home\",\"item\":\"https:\\\/\\\/www.info.valladolid.es\\\/blog\\\/\"},{\"@type\":\"ListItem\",\"position\":2,\"name\":\"La Edad dorada de la escultura: Berruguete y Juan de Juni, referentes del siglo XVI. Visita al Museo Nacional de Escultura (III)\"}]},{\"@type\":\"WebSite\",\"@id\":\"https:\\\/\\\/www.info.valladolid.es\\\/blog\\\/#website\",\"url\":\"https:\\\/\\\/www.info.valladolid.es\\\/blog\\\/\",\"name\":\"Blog Cultura y Turismo\",\"description\":\"\",\"potentialAction\":[{\"@type\":\"SearchAction\",\"target\":{\"@type\":\"EntryPoint\",\"urlTemplate\":\"https:\\\/\\\/www.info.valladolid.es\\\/blog\\\/?s={search_term_string}\"},\"query-input\":{\"@type\":\"PropertyValueSpecification\",\"valueRequired\":true,\"valueName\":\"search_term_string\"}}],\"inLanguage\":\"es\"},{\"@type\":\"Person\",\"@id\":\"https:\\\/\\\/www.info.valladolid.es\\\/blog\\\/#\\\/schema\\\/person\\\/845cac97e6156a5a9c5abd68b7b9a5d5\",\"name\":\"administrador\",\"image\":{\"@type\":\"ImageObject\",\"inLanguage\":\"es\",\"@id\":\"https:\\\/\\\/secure.gravatar.com\\\/avatar\\\/418161d2f95196597e2d305bd301c850afab7f4b284a344fb2d759f048b71c61?s=96&d=mm&r=g\",\"url\":\"https:\\\/\\\/secure.gravatar.com\\\/avatar\\\/418161d2f95196597e2d305bd301c850afab7f4b284a344fb2d759f048b71c61?s=96&d=mm&r=g\",\"contentUrl\":\"https:\\\/\\\/secure.gravatar.com\\\/avatar\\\/418161d2f95196597e2d305bd301c850afab7f4b284a344fb2d759f048b71c61?s=96&d=mm&r=g\",\"caption\":\"administrador\"},\"url\":\"https:\\\/\\\/www.info.valladolid.es\\\/blog\\\/author\\\/administrador\\\/\"}]}<\/script>\n<!-- \/ Yoast SEO plugin. -->","yoast_head_json":{"title":"La Edad dorada de la escultura: Berruguete y Juan de Juni, referentes del siglo XVI. Visita al Museo Nacional de Escultura (III) - Blog Cultura y Turismo","robots":{"index":"index","follow":"follow","max-snippet":"max-snippet:-1","max-image-preview":"max-image-preview:large","max-video-preview":"max-video-preview:-1"},"canonical":"https:\/\/www.info.valladolid.es\/blog\/la-edad-dorada-de-la-escultura-berruguete-y-juan-de-juni-referentes-del-siglo-xvi-visita-al-museo-nacional-de-escultura-iii\/","og_locale":"es_ES","og_type":"article","og_title":"La Edad dorada de la escultura: Berruguete y Juan de Juni, referentes del siglo XVI. Visita al Museo Nacional de Escultura (III) - Blog Cultura y Turismo","og_description":"Volver: Los albores de la Edad de Oro de la Escultura. Un retablo de colosales dimensiones nos abre las puertas al Renacimiento espa\u00f1ol en el Museo Nacional de Escultura: es el que Alonso Berruguete cre\u00f3 para la iglesia de San Benito, de un tama\u00f1o tal que, desmontado, ocupa tres salas. (Clic en cada imagen para ampliar) Estamos ante una de las mayores empresas que acometi\u00f3 el genial escultor y la mejor gu\u00eda para comprender su peculiar estilo, influenciado por su estancia en Italia, donde bebi\u00f3 de un clasicismo que supo conjugar con el estilo castellano: los putti (angelillos t\u00edpicos de la decoraci\u00f3n clasicista italiana), el uso del dorado, la vista de perfil de mujeres emparejadas\u2026 . No en vano, Berruguete residi\u00f3 en Roma justo cuando Miguel \u00c1ngel conclu\u00eda la Capilla Sixtina. Si observamos de cerca la escena de la Adoraci\u00f3n, podemos percatarnos de las distintas fases de la \u2018t\u00e9cnica del estofado\u2019. El rostro de Mar\u00eda aparece salpicado por peque\u00f1as manchas blancas: es la capa de yeso que se aplicaba sobre la madera que, mezclado con pegamento, permit\u00eda la aplicaci\u00f3n de l\u00e1minas de pan de oro. Otra de las joyas que abandonaron el Monasterio de San Benito a causa de la [&hellip;]","og_url":"https:\/\/www.info.valladolid.es\/blog\/la-edad-dorada-de-la-escultura-berruguete-y-juan-de-juni-referentes-del-siglo-xvi-visita-al-museo-nacional-de-escultura-iii\/","og_site_name":"Blog Cultura y Turismo","article_published_time":"2017-03-07T08:32:32+00:00","article_modified_time":"2019-02-11T11:19:32+00:00","og_image":[{"width":519,"height":400,"url":"https:\/\/www.info.valladolid.es\/blog\/wp-content\/uploads\/2017\/03\/retablo-museo-nacional-de-escultura.jpg","type":"image\/jpeg"}],"author":"administrador","twitter_card":"summary_large_image","twitter_misc":{"Escrito por":"administrador","Tiempo de lectura":"3 minutos"},"schema":{"@context":"https:\/\/schema.org","@graph":[{"@type":"Article","@id":"https:\/\/www.info.valladolid.es\/blog\/la-edad-dorada-de-la-escultura-berruguete-y-juan-de-juni-referentes-del-siglo-xvi-visita-al-museo-nacional-de-escultura-iii\/#article","isPartOf":{"@id":"https:\/\/www.info.valladolid.es\/blog\/la-edad-dorada-de-la-escultura-berruguete-y-juan-de-juni-referentes-del-siglo-xvi-visita-al-museo-nacional-de-escultura-iii\/"},"author":{"name":"administrador","@id":"https:\/\/www.info.valladolid.es\/blog\/#\/schema\/person\/845cac97e6156a5a9c5abd68b7b9a5d5"},"headline":"La Edad dorada de la escultura: Berruguete y Juan de Juni, referentes del siglo XVI. Visita al Museo Nacional de Escultura (III)","datePublished":"2017-03-07T08:32:32+00:00","dateModified":"2019-02-11T11:19:32+00:00","mainEntityOfPage":{"@id":"https:\/\/www.info.valladolid.es\/blog\/la-edad-dorada-de-la-escultura-berruguete-y-juan-de-juni-referentes-del-siglo-xvi-visita-al-museo-nacional-de-escultura-iii\/"},"wordCount":705,"commentCount":2,"image":{"@id":"https:\/\/www.info.valladolid.es\/blog\/la-edad-dorada-de-la-escultura-berruguete-y-juan-de-juni-referentes-del-siglo-xvi-visita-al-museo-nacional-de-escultura-iii\/#primaryimage"},"thumbnailUrl":"https:\/\/www.info.valladolid.es\/blog\/wp-content\/uploads\/2017\/03\/retablo-museo-nacional-de-escultura.jpg","keywords":["Museo Nacional de Escultura","museos de Valladolid"],"articleSection":["Arte y Museos"],"inLanguage":"es","potentialAction":[{"@type":"CommentAction","name":"Comment","target":["https:\/\/www.info.valladolid.es\/blog\/la-edad-dorada-de-la-escultura-berruguete-y-juan-de-juni-referentes-del-siglo-xvi-visita-al-museo-nacional-de-escultura-iii\/#respond"]}]},{"@type":"WebPage","@id":"https:\/\/www.info.valladolid.es\/blog\/la-edad-dorada-de-la-escultura-berruguete-y-juan-de-juni-referentes-del-siglo-xvi-visita-al-museo-nacional-de-escultura-iii\/","url":"https:\/\/www.info.valladolid.es\/blog\/la-edad-dorada-de-la-escultura-berruguete-y-juan-de-juni-referentes-del-siglo-xvi-visita-al-museo-nacional-de-escultura-iii\/","name":"La Edad dorada de la escultura: Berruguete y Juan de Juni, referentes del siglo XVI. Visita al Museo Nacional de Escultura (III) - Blog Cultura y Turismo","isPartOf":{"@id":"https:\/\/www.info.valladolid.es\/blog\/#website"},"primaryImageOfPage":{"@id":"https:\/\/www.info.valladolid.es\/blog\/la-edad-dorada-de-la-escultura-berruguete-y-juan-de-juni-referentes-del-siglo-xvi-visita-al-museo-nacional-de-escultura-iii\/#primaryimage"},"image":{"@id":"https:\/\/www.info.valladolid.es\/blog\/la-edad-dorada-de-la-escultura-berruguete-y-juan-de-juni-referentes-del-siglo-xvi-visita-al-museo-nacional-de-escultura-iii\/#primaryimage"},"thumbnailUrl":"https:\/\/www.info.valladolid.es\/blog\/wp-content\/uploads\/2017\/03\/retablo-museo-nacional-de-escultura.jpg","datePublished":"2017-03-07T08:32:32+00:00","dateModified":"2019-02-11T11:19:32+00:00","author":{"@id":"https:\/\/www.info.valladolid.es\/blog\/#\/schema\/person\/845cac97e6156a5a9c5abd68b7b9a5d5"},"breadcrumb":{"@id":"https:\/\/www.info.valladolid.es\/blog\/la-edad-dorada-de-la-escultura-berruguete-y-juan-de-juni-referentes-del-siglo-xvi-visita-al-museo-nacional-de-escultura-iii\/#breadcrumb"},"inLanguage":"es","potentialAction":[{"@type":"ReadAction","target":["https:\/\/www.info.valladolid.es\/blog\/la-edad-dorada-de-la-escultura-berruguete-y-juan-de-juni-referentes-del-siglo-xvi-visita-al-museo-nacional-de-escultura-iii\/"]}]},{"@type":"ImageObject","inLanguage":"es","@id":"https:\/\/www.info.valladolid.es\/blog\/la-edad-dorada-de-la-escultura-berruguete-y-juan-de-juni-referentes-del-siglo-xvi-visita-al-museo-nacional-de-escultura-iii\/#primaryimage","url":"https:\/\/www.info.valladolid.es\/blog\/wp-content\/uploads\/2017\/03\/retablo-museo-nacional-de-escultura.jpg","contentUrl":"https:\/\/www.info.valladolid.es\/blog\/wp-content\/uploads\/2017\/03\/retablo-museo-nacional-de-escultura.jpg","width":519,"height":400},{"@type":"BreadcrumbList","@id":"https:\/\/www.info.valladolid.es\/blog\/la-edad-dorada-de-la-escultura-berruguete-y-juan-de-juni-referentes-del-siglo-xvi-visita-al-museo-nacional-de-escultura-iii\/#breadcrumb","itemListElement":[{"@type":"ListItem","position":1,"name":"Home","item":"https:\/\/www.info.valladolid.es\/blog\/"},{"@type":"ListItem","position":2,"name":"La Edad dorada de la escultura: Berruguete y Juan de Juni, referentes del siglo XVI. Visita al Museo Nacional de Escultura (III)"}]},{"@type":"WebSite","@id":"https:\/\/www.info.valladolid.es\/blog\/#website","url":"https:\/\/www.info.valladolid.es\/blog\/","name":"Blog Cultura y Turismo","description":"","potentialAction":[{"@type":"SearchAction","target":{"@type":"EntryPoint","urlTemplate":"https:\/\/www.info.valladolid.es\/blog\/?s={search_term_string}"},"query-input":{"@type":"PropertyValueSpecification","valueRequired":true,"valueName":"search_term_string"}}],"inLanguage":"es"},{"@type":"Person","@id":"https:\/\/www.info.valladolid.es\/blog\/#\/schema\/person\/845cac97e6156a5a9c5abd68b7b9a5d5","name":"administrador","image":{"@type":"ImageObject","inLanguage":"es","@id":"https:\/\/secure.gravatar.com\/avatar\/418161d2f95196597e2d305bd301c850afab7f4b284a344fb2d759f048b71c61?s=96&d=mm&r=g","url":"https:\/\/secure.gravatar.com\/avatar\/418161d2f95196597e2d305bd301c850afab7f4b284a344fb2d759f048b71c61?s=96&d=mm&r=g","contentUrl":"https:\/\/secure.gravatar.com\/avatar\/418161d2f95196597e2d305bd301c850afab7f4b284a344fb2d759f048b71c61?s=96&d=mm&r=g","caption":"administrador"},"url":"https:\/\/www.info.valladolid.es\/blog\/author\/administrador\/"}]}},"_links":{"self":[{"href":"https:\/\/www.info.valladolid.es\/blog\/wp-json\/wp\/v2\/posts\/2001","targetHints":{"allow":["GET"]}}],"collection":[{"href":"https:\/\/www.info.valladolid.es\/blog\/wp-json\/wp\/v2\/posts"}],"about":[{"href":"https:\/\/www.info.valladolid.es\/blog\/wp-json\/wp\/v2\/types\/post"}],"author":[{"embeddable":true,"href":"https:\/\/www.info.valladolid.es\/blog\/wp-json\/wp\/v2\/users\/1"}],"replies":[{"embeddable":true,"href":"https:\/\/www.info.valladolid.es\/blog\/wp-json\/wp\/v2\/comments?post=2001"}],"version-history":[{"count":14,"href":"https:\/\/www.info.valladolid.es\/blog\/wp-json\/wp\/v2\/posts\/2001\/revisions"}],"predecessor-version":[{"id":2956,"href":"https:\/\/www.info.valladolid.es\/blog\/wp-json\/wp\/v2\/posts\/2001\/revisions\/2956"}],"wp:featuredmedia":[{"embeddable":true,"href":"https:\/\/www.info.valladolid.es\/blog\/wp-json\/wp\/v2\/media\/2955"}],"wp:attachment":[{"href":"https:\/\/www.info.valladolid.es\/blog\/wp-json\/wp\/v2\/media?parent=2001"}],"wp:term":[{"taxonomy":"category","embeddable":true,"href":"https:\/\/www.info.valladolid.es\/blog\/wp-json\/wp\/v2\/categories?post=2001"},{"taxonomy":"post_tag","embeddable":true,"href":"https:\/\/www.info.valladolid.es\/blog\/wp-json\/wp\/v2\/tags?post=2001"}],"curies":[{"name":"wp","href":"https:\/\/api.w.org\/{rel}","templated":true}]}}