{"id":1997,"date":"2017-02-28T14:09:59","date_gmt":"2017-02-28T14:09:59","guid":{"rendered":"http:\/\/www.info.valladolid.es\/blog\/?p=1997"},"modified":"2019-02-11T11:24:34","modified_gmt":"2019-02-11T11:24:34","slug":"museo_nacional_escultura_fachada","status":"publish","type":"post","link":"https:\/\/www.info.valladolid.es\/blog\/museo_nacional_escultura_fachada\/","title":{"rendered":"Una fachada enigm\u00e1tica. Visita al Museo Nacional de Escultura (I)."},"content":{"rendered":"<p>La fachada\u00a0del Colegio de San Gregorio, tan enigm\u00e1tica como hermosa, es una de las vistas m\u00e1s apreciadas de Valladolid. La profusi\u00f3n de detalles y la destreza demostrada en la creaci\u00f3n de cada figura la asemeja a un retablo tallado en piedra.<\/p>\n<p>Impregnada de simbolismo, ha sido objeto de numerosas interpretaciones y controversias. Los interrogantes a\u00fan se mantienen latentes. \u00bfQu\u00e9 significan los hombres peludos? \u00bfEs la fuente s\u00edmbolo de juventud o de sabidur\u00eda? Vayamos por partes.<\/p>\n<p>En el primer cuerpo,\u00a0 justo sobre la puerta y delimitado por arcos, aparece representado San Gregorio recibiendo una ofrenda de Fray Alonso de Burgos, fundador del Colegio y confesor personal de Isabel la Cat\u00f3lica; mientras observan la escena San Pablo y Santo Domingo. La fachada nos recuerda constantemente la aportaci\u00f3n de Alonso de Burgos al colegio a trav\u00e9s de la flor de lis, el emblema del fraile, que aparece repetida hasta la saciedad.<\/p>\n<p><a href=\"http:\/\/www.info.valladolid.es\/blog\/wp-content\/uploads\/2017\/02\/DSC_0321-e1487765103662.jpg\"><img loading=\"lazy\" decoding=\"async\" class=\"aligncenter wp-image-2083\" src=\"http:\/\/www.info.valladolid.es\/blog\/wp-content\/uploads\/2017\/02\/DSC_0321-e1487765159614.jpg\" alt=\"Primer cuerpo fachada Museo Nacional Escultura Valladolid\" width=\"582\" height=\"425\" \/><\/a><\/p>\n<p>La parte central est\u00e1 ocupada por una gran fuente o pil\u00f3n \u2013seguramente, la fuente de la eterna juventud- a cuyo alrededor revolotean infinidad de angelillos italianos o <em>puttis<\/em>, un elemento ornamental t\u00edpico del Renacimiento. Del agua brota un granado que ha dado lugar a diferentes interpretaciones: podr\u00eda ser el \u00e1rbol de la sabidur\u00eda o el \u00e1rbol de la ciencia, pero, dada la fecha (finales del siglo XV), tambi\u00e9n puede hacer alusi\u00f3n a la conquista de Granada por los Reyes Cat\u00f3licos.<\/p>\n<p>La exaltaci\u00f3n pol\u00edtica se remata con el escudo de los monarcas sostenido por dos leones (se ha contemplado la idea de que sea una representaci\u00f3n de Isabel y Fernando) y por el \u00e1guila de San Juan. Bien podr\u00eda ser un elemento de propaganda o una sincera dedicatoria a Isabel, a quien el fraile nombr\u00f3 patrona del colegio.<\/p>\n<p><a href=\"http:\/\/www.info.valladolid.es\/blog\/wp-content\/uploads\/2017\/02\/DSC_0323-e1487765487754.jpg\"><img loading=\"lazy\" decoding=\"async\" class=\"aligncenter  wp-image-2086\" src=\"http:\/\/www.info.valladolid.es\/blog\/wp-content\/uploads\/2017\/02\/DSC_0323-e1487765487754.jpg\" alt=\"DSC_0323\" width=\"564\" height=\"805\" srcset=\"https:\/\/www.info.valladolid.es\/blog\/wp-content\/uploads\/2017\/02\/DSC_0323-e1487765487754.jpg 3064w, https:\/\/www.info.valladolid.es\/blog\/wp-content\/uploads\/2017\/02\/DSC_0323-e1487765487754-210x300.jpg 210w\" sizes=\"auto, (max-width: 564px) 100vw, 564px\" \/><\/a><\/p>\n<p><img loading=\"lazy\" decoding=\"async\" class=\"alignleft  wp-image-2088\" src=\"http:\/\/www.info.valladolid.es\/blog\/wp-content\/uploads\/2017\/02\/salvajes_mne-300x275.png\" alt=\"salvajes_mne\" width=\"300\" height=\"301\" srcset=\"https:\/\/www.info.valladolid.es\/blog\/wp-content\/uploads\/2017\/02\/salvajes_mne-150x150.png 150w, https:\/\/www.info.valladolid.es\/blog\/wp-content\/uploads\/2017\/02\/salvajes_mne-160x160.png 160w\" sizes=\"auto, (max-width: 300px) 100vw, 300px\" \/>Quiz\u00e1 la mayor controversia en la interpretaci\u00f3n simb\u00f3lica de la fachada\u00a0sea la relacionada con los seres\u00a0que aparecen de pie a ambos lados de las escenas. La teor\u00eda m\u00e1s mantenida sostiene que podr\u00eda hacer referencia a la costumbre cortesana de disfrazar a los escuderos en las fiestas, presentados como \u2018salvajes\u2019, a la imagen de las novelas de caballer\u00eda. Esta idea se refuerza con la contraposici\u00f3n de figuras engalanadas con armaduras, lanzas y escudos, una representaci\u00f3n de la Virtud. Pero hay otras interpretaciones, como una alusi\u00f3n a la imagen m\u00edtica del hombre puro en la naturaleza o, simplemente, guardianes que custodian la entrada al edificio.<\/p>\n<p>Como curiosidad, uno de los salvajes de la parte baja se distingue del resto por su escudo: \u00a0el suyo est\u00e1 decorado con una cruz de Calatrava, la misma que aparece en los escudos de los soldados del cuerpo superior, en contraposici\u00f3n con las\u00a0apariciones demon\u00edacas que aparecen en los dem\u00e1s escudos.<\/p>\n<p><img loading=\"lazy\" decoding=\"async\" class=\"alignright size-medium wp-image-2092\" src=\"http:\/\/www.info.valladolid.es\/blog\/wp-content\/uploads\/2017\/02\/indigenas_mne-e1487765846600-226x300.png\" alt=\"indigenas_mne\" width=\"226\" height=\"300\" srcset=\"https:\/\/www.info.valladolid.es\/blog\/wp-content\/uploads\/2017\/02\/indigenas_mne-e1487765846600-226x300.png 226w, https:\/\/www.info.valladolid.es\/blog\/wp-content\/uploads\/2017\/02\/indigenas_mne-e1487765846600-774x1024.png 774w, https:\/\/www.info.valladolid.es\/blog\/wp-content\/uploads\/2017\/02\/indigenas_mne-e1487765846600.png 1239w\" sizes=\"auto, (max-width: 226px) 100vw, 226px\" \/>Atenci\u00f3n a las figuras que aparecen en las jambas del cuerpo superior, similares a los salvajes pero sin vello en el cuerpo \u2013alguno, incluso, es lampi\u00f1o-: son las representaciones m\u00e1s antiguas en Castilla de los ind\u00edgenas americanos. No olvidemos que en este mismo escenario tuvo lugar la Controversia de Valladolid, el acalorado e hist\u00f3rico debate entre fray Bartolom\u00e9 de las Casas, quien defend\u00eda los derechos de los pueblos del Nuevo Mundo, contra Juan Gin\u00e9s de Sep\u00falveda, que los consideraba seres inferiores y sin alma.<\/p>\n<p>En esta zona tambi\u00e9n hay numerosas referencias a la vagancia, la pereza y la ignorancia, que deben vencerse a trav\u00e9s del estudio y el esfuerzo. Una de ellas, un caracol, es\u00a0el equivalente a la famosa rana\u00a0dela Universidad de Salamanca. Te retamos a encontrarlo, \u00a1dicen que trae buena suerte!.<\/p>\n<p>Siguiente: <a title=\"Los albores de la Edad de Oro de la escultura espa\u00f1ola. Visita al Museo Nacional de Escultura (II).\" href=\"http:\/\/www.info.valladolid.es\/blog\/los-albores-de-la-edad-de-oro-de-la-escultura-espanola-visita-al-museo-nacional-de-escultura-ii\/\"><span style=\"text-decoration: underline;\">los albores de la Edad de Oro de la escultura espa\u00f1ola.\u00a0<\/span><\/a><\/p>\n","protected":false},"excerpt":{"rendered":"<p>La fachada\u00a0del Colegio de San Gregorio, tan enigm\u00e1tica como hermosa, es una de las vistas m\u00e1s apreciadas de Valladolid. La profusi\u00f3n de detalles y la destreza demostrada en la creaci\u00f3n de cada figura la asemeja a un retablo tallado en piedra. Impregnada de simbolismo, ha sido objeto de numerosas interpretaciones y controversias. Los interrogantes a\u00fan se mantienen latentes. \u00bfQu\u00e9 significan los hombres peludos? \u00bfEs la fuente s\u00edmbolo de juventud o de sabidur\u00eda? Vayamos por partes. En el primer cuerpo,\u00a0 justo sobre la puerta y delimitado por arcos, aparece representado San Gregorio recibiendo una ofrenda de Fray Alonso de Burgos, fundador del Colegio y confesor personal de Isabel la Cat\u00f3lica; mientras observan la escena San Pablo y Santo Domingo. La fachada nos recuerda constantemente la aportaci\u00f3n de Alonso de Burgos al colegio a trav\u00e9s de la flor de lis, el emblema del fraile, que aparece repetida hasta la saciedad. La parte central est\u00e1 ocupada por una gran fuente o pil\u00f3n \u2013seguramente, la fuente de la eterna juventud- a cuyo alrededor revolotean infinidad de angelillos italianos o puttis, un elemento ornamental t\u00edpico del Renacimiento. Del agua brota un granado que ha dado lugar a diferentes interpretaciones: podr\u00eda ser el \u00e1rbol de la [&hellip;]<\/p>\n","protected":false},"author":1,"featured_media":2960,"comment_status":"open","ping_status":"open","sticky":false,"template":"","format":"standard","meta":{"footnotes":""},"categories":[6,89],"tags":[113,121],"class_list":["post-1997","post","type-post","status-publish","format-standard","has-post-thumbnail","hentry","category-arte-y-museos","category-monumentos","tag-monumentos-3","tag-museo-nacional-de-escultura"],"yoast_head":"<!-- This site is optimized with the Yoast SEO plugin v27.4 - https:\/\/yoast.com\/product\/yoast-seo-wordpress\/ -->\n<title>Una fachada enigm\u00e1tica. Visita al Museo Nacional de Escultura (I). - Blog Cultura y Turismo<\/title>\n<meta name=\"robots\" content=\"index, follow, max-snippet:-1, max-image-preview:large, max-video-preview:-1\" \/>\n<link rel=\"canonical\" href=\"https:\/\/www.info.valladolid.es\/blog\/museo_nacional_escultura_fachada\/\" \/>\n<meta property=\"og:locale\" content=\"es_ES\" \/>\n<meta property=\"og:type\" content=\"article\" \/>\n<meta property=\"og:title\" content=\"Una fachada enigm\u00e1tica. Visita al Museo Nacional de Escultura (I). - Blog Cultura y Turismo\" \/>\n<meta property=\"og:description\" content=\"La fachada\u00a0del Colegio de San Gregorio, tan enigm\u00e1tica como hermosa, es una de las vistas m\u00e1s apreciadas de Valladolid. La profusi\u00f3n de detalles y la destreza demostrada en la creaci\u00f3n de cada figura la asemeja a un retablo tallado en piedra. Impregnada de simbolismo, ha sido objeto de numerosas interpretaciones y controversias. Los interrogantes a\u00fan se mantienen latentes. \u00bfQu\u00e9 significan los hombres peludos? \u00bfEs la fuente s\u00edmbolo de juventud o de sabidur\u00eda? Vayamos por partes. En el primer cuerpo,\u00a0 justo sobre la puerta y delimitado por arcos, aparece representado San Gregorio recibiendo una ofrenda de Fray Alonso de Burgos, fundador del Colegio y confesor personal de Isabel la Cat\u00f3lica; mientras observan la escena San Pablo y Santo Domingo. La fachada nos recuerda constantemente la aportaci\u00f3n de Alonso de Burgos al colegio a trav\u00e9s de la flor de lis, el emblema del fraile, que aparece repetida hasta la saciedad. La parte central est\u00e1 ocupada por una gran fuente o pil\u00f3n \u2013seguramente, la fuente de la eterna juventud- a cuyo alrededor revolotean infinidad de angelillos italianos o puttis, un elemento ornamental t\u00edpico del Renacimiento. Del agua brota un granado que ha dado lugar a diferentes interpretaciones: podr\u00eda ser el \u00e1rbol de la [&hellip;]\" \/>\n<meta property=\"og:url\" content=\"https:\/\/www.info.valladolid.es\/blog\/museo_nacional_escultura_fachada\/\" \/>\n<meta property=\"og:site_name\" content=\"Blog Cultura y Turismo\" \/>\n<meta property=\"article:published_time\" content=\"2017-02-28T14:09:59+00:00\" \/>\n<meta property=\"article:modified_time\" content=\"2019-02-11T11:24:34+00:00\" \/>\n<meta property=\"og:image\" content=\"https:\/\/www.info.valladolid.es\/blog\/wp-content\/uploads\/2017\/02\/fachada-museo-nacional-de-escultura.jpg\" \/>\n\t<meta property=\"og:image:width\" content=\"520\" \/>\n\t<meta property=\"og:image:height\" content=\"400\" \/>\n\t<meta property=\"og:image:type\" content=\"image\/jpeg\" \/>\n<meta name=\"author\" content=\"administrador\" \/>\n<meta name=\"twitter:card\" content=\"summary_large_image\" \/>\n<meta name=\"twitter:label1\" content=\"Escrito por\" \/>\n\t<meta name=\"twitter:data1\" content=\"administrador\" \/>\n\t<meta name=\"twitter:label2\" content=\"Tiempo de lectura\" \/>\n\t<meta name=\"twitter:data2\" content=\"3 minutos\" \/>\n<script type=\"application\/ld+json\" class=\"yoast-schema-graph\">{\"@context\":\"https:\\\/\\\/schema.org\",\"@graph\":[{\"@type\":\"Article\",\"@id\":\"https:\\\/\\\/www.info.valladolid.es\\\/blog\\\/museo_nacional_escultura_fachada\\\/#article\",\"isPartOf\":{\"@id\":\"https:\\\/\\\/www.info.valladolid.es\\\/blog\\\/museo_nacional_escultura_fachada\\\/\"},\"author\":{\"name\":\"administrador\",\"@id\":\"https:\\\/\\\/www.info.valladolid.es\\\/blog\\\/#\\\/schema\\\/person\\\/845cac97e6156a5a9c5abd68b7b9a5d5\"},\"headline\":\"Una fachada enigm\u00e1tica. Visita al Museo Nacional de Escultura (I).\",\"datePublished\":\"2017-02-28T14:09:59+00:00\",\"dateModified\":\"2019-02-11T11:24:34+00:00\",\"mainEntityOfPage\":{\"@id\":\"https:\\\/\\\/www.info.valladolid.es\\\/blog\\\/museo_nacional_escultura_fachada\\\/\"},\"wordCount\":644,\"commentCount\":3,\"image\":{\"@id\":\"https:\\\/\\\/www.info.valladolid.es\\\/blog\\\/museo_nacional_escultura_fachada\\\/#primaryimage\"},\"thumbnailUrl\":\"https:\\\/\\\/www.info.valladolid.es\\\/blog\\\/wp-content\\\/uploads\\\/2017\\\/02\\\/fachada-museo-nacional-de-escultura.jpg\",\"keywords\":[\"monumentos\",\"Museo Nacional de Escultura\"],\"articleSection\":[\"Arte y Museos\",\"Monumentos\"],\"inLanguage\":\"es\",\"potentialAction\":[{\"@type\":\"CommentAction\",\"name\":\"Comment\",\"target\":[\"https:\\\/\\\/www.info.valladolid.es\\\/blog\\\/museo_nacional_escultura_fachada\\\/#respond\"]}]},{\"@type\":\"WebPage\",\"@id\":\"https:\\\/\\\/www.info.valladolid.es\\\/blog\\\/museo_nacional_escultura_fachada\\\/\",\"url\":\"https:\\\/\\\/www.info.valladolid.es\\\/blog\\\/museo_nacional_escultura_fachada\\\/\",\"name\":\"Una fachada enigm\u00e1tica. Visita al Museo Nacional de Escultura (I). - Blog Cultura y Turismo\",\"isPartOf\":{\"@id\":\"https:\\\/\\\/www.info.valladolid.es\\\/blog\\\/#website\"},\"primaryImageOfPage\":{\"@id\":\"https:\\\/\\\/www.info.valladolid.es\\\/blog\\\/museo_nacional_escultura_fachada\\\/#primaryimage\"},\"image\":{\"@id\":\"https:\\\/\\\/www.info.valladolid.es\\\/blog\\\/museo_nacional_escultura_fachada\\\/#primaryimage\"},\"thumbnailUrl\":\"https:\\\/\\\/www.info.valladolid.es\\\/blog\\\/wp-content\\\/uploads\\\/2017\\\/02\\\/fachada-museo-nacional-de-escultura.jpg\",\"datePublished\":\"2017-02-28T14:09:59+00:00\",\"dateModified\":\"2019-02-11T11:24:34+00:00\",\"author\":{\"@id\":\"https:\\\/\\\/www.info.valladolid.es\\\/blog\\\/#\\\/schema\\\/person\\\/845cac97e6156a5a9c5abd68b7b9a5d5\"},\"breadcrumb\":{\"@id\":\"https:\\\/\\\/www.info.valladolid.es\\\/blog\\\/museo_nacional_escultura_fachada\\\/#breadcrumb\"},\"inLanguage\":\"es\",\"potentialAction\":[{\"@type\":\"ReadAction\",\"target\":[\"https:\\\/\\\/www.info.valladolid.es\\\/blog\\\/museo_nacional_escultura_fachada\\\/\"]}]},{\"@type\":\"ImageObject\",\"inLanguage\":\"es\",\"@id\":\"https:\\\/\\\/www.info.valladolid.es\\\/blog\\\/museo_nacional_escultura_fachada\\\/#primaryimage\",\"url\":\"https:\\\/\\\/www.info.valladolid.es\\\/blog\\\/wp-content\\\/uploads\\\/2017\\\/02\\\/fachada-museo-nacional-de-escultura.jpg\",\"contentUrl\":\"https:\\\/\\\/www.info.valladolid.es\\\/blog\\\/wp-content\\\/uploads\\\/2017\\\/02\\\/fachada-museo-nacional-de-escultura.jpg\",\"width\":520,\"height\":400},{\"@type\":\"BreadcrumbList\",\"@id\":\"https:\\\/\\\/www.info.valladolid.es\\\/blog\\\/museo_nacional_escultura_fachada\\\/#breadcrumb\",\"itemListElement\":[{\"@type\":\"ListItem\",\"position\":1,\"name\":\"Home\",\"item\":\"https:\\\/\\\/www.info.valladolid.es\\\/blog\\\/\"},{\"@type\":\"ListItem\",\"position\":2,\"name\":\"Una fachada enigm\u00e1tica. Visita al Museo Nacional de Escultura (I).\"}]},{\"@type\":\"WebSite\",\"@id\":\"https:\\\/\\\/www.info.valladolid.es\\\/blog\\\/#website\",\"url\":\"https:\\\/\\\/www.info.valladolid.es\\\/blog\\\/\",\"name\":\"Blog Cultura y Turismo\",\"description\":\"\",\"potentialAction\":[{\"@type\":\"SearchAction\",\"target\":{\"@type\":\"EntryPoint\",\"urlTemplate\":\"https:\\\/\\\/www.info.valladolid.es\\\/blog\\\/?s={search_term_string}\"},\"query-input\":{\"@type\":\"PropertyValueSpecification\",\"valueRequired\":true,\"valueName\":\"search_term_string\"}}],\"inLanguage\":\"es\"},{\"@type\":\"Person\",\"@id\":\"https:\\\/\\\/www.info.valladolid.es\\\/blog\\\/#\\\/schema\\\/person\\\/845cac97e6156a5a9c5abd68b7b9a5d5\",\"name\":\"administrador\",\"image\":{\"@type\":\"ImageObject\",\"inLanguage\":\"es\",\"@id\":\"https:\\\/\\\/secure.gravatar.com\\\/avatar\\\/418161d2f95196597e2d305bd301c850afab7f4b284a344fb2d759f048b71c61?s=96&d=mm&r=g\",\"url\":\"https:\\\/\\\/secure.gravatar.com\\\/avatar\\\/418161d2f95196597e2d305bd301c850afab7f4b284a344fb2d759f048b71c61?s=96&d=mm&r=g\",\"contentUrl\":\"https:\\\/\\\/secure.gravatar.com\\\/avatar\\\/418161d2f95196597e2d305bd301c850afab7f4b284a344fb2d759f048b71c61?s=96&d=mm&r=g\",\"caption\":\"administrador\"},\"url\":\"https:\\\/\\\/www.info.valladolid.es\\\/blog\\\/author\\\/administrador\\\/\"}]}<\/script>\n<!-- \/ Yoast SEO plugin. -->","yoast_head_json":{"title":"Una fachada enigm\u00e1tica. Visita al Museo Nacional de Escultura (I). - Blog Cultura y Turismo","robots":{"index":"index","follow":"follow","max-snippet":"max-snippet:-1","max-image-preview":"max-image-preview:large","max-video-preview":"max-video-preview:-1"},"canonical":"https:\/\/www.info.valladolid.es\/blog\/museo_nacional_escultura_fachada\/","og_locale":"es_ES","og_type":"article","og_title":"Una fachada enigm\u00e1tica. Visita al Museo Nacional de Escultura (I). - Blog Cultura y Turismo","og_description":"La fachada\u00a0del Colegio de San Gregorio, tan enigm\u00e1tica como hermosa, es una de las vistas m\u00e1s apreciadas de Valladolid. La profusi\u00f3n de detalles y la destreza demostrada en la creaci\u00f3n de cada figura la asemeja a un retablo tallado en piedra. Impregnada de simbolismo, ha sido objeto de numerosas interpretaciones y controversias. Los interrogantes a\u00fan se mantienen latentes. \u00bfQu\u00e9 significan los hombres peludos? \u00bfEs la fuente s\u00edmbolo de juventud o de sabidur\u00eda? Vayamos por partes. En el primer cuerpo,\u00a0 justo sobre la puerta y delimitado por arcos, aparece representado San Gregorio recibiendo una ofrenda de Fray Alonso de Burgos, fundador del Colegio y confesor personal de Isabel la Cat\u00f3lica; mientras observan la escena San Pablo y Santo Domingo. La fachada nos recuerda constantemente la aportaci\u00f3n de Alonso de Burgos al colegio a trav\u00e9s de la flor de lis, el emblema del fraile, que aparece repetida hasta la saciedad. La parte central est\u00e1 ocupada por una gran fuente o pil\u00f3n \u2013seguramente, la fuente de la eterna juventud- a cuyo alrededor revolotean infinidad de angelillos italianos o puttis, un elemento ornamental t\u00edpico del Renacimiento. Del agua brota un granado que ha dado lugar a diferentes interpretaciones: podr\u00eda ser el \u00e1rbol de la [&hellip;]","og_url":"https:\/\/www.info.valladolid.es\/blog\/museo_nacional_escultura_fachada\/","og_site_name":"Blog Cultura y Turismo","article_published_time":"2017-02-28T14:09:59+00:00","article_modified_time":"2019-02-11T11:24:34+00:00","og_image":[{"width":520,"height":400,"url":"https:\/\/www.info.valladolid.es\/blog\/wp-content\/uploads\/2017\/02\/fachada-museo-nacional-de-escultura.jpg","type":"image\/jpeg"}],"author":"administrador","twitter_card":"summary_large_image","twitter_misc":{"Escrito por":"administrador","Tiempo de lectura":"3 minutos"},"schema":{"@context":"https:\/\/schema.org","@graph":[{"@type":"Article","@id":"https:\/\/www.info.valladolid.es\/blog\/museo_nacional_escultura_fachada\/#article","isPartOf":{"@id":"https:\/\/www.info.valladolid.es\/blog\/museo_nacional_escultura_fachada\/"},"author":{"name":"administrador","@id":"https:\/\/www.info.valladolid.es\/blog\/#\/schema\/person\/845cac97e6156a5a9c5abd68b7b9a5d5"},"headline":"Una fachada enigm\u00e1tica. Visita al Museo Nacional de Escultura (I).","datePublished":"2017-02-28T14:09:59+00:00","dateModified":"2019-02-11T11:24:34+00:00","mainEntityOfPage":{"@id":"https:\/\/www.info.valladolid.es\/blog\/museo_nacional_escultura_fachada\/"},"wordCount":644,"commentCount":3,"image":{"@id":"https:\/\/www.info.valladolid.es\/blog\/museo_nacional_escultura_fachada\/#primaryimage"},"thumbnailUrl":"https:\/\/www.info.valladolid.es\/blog\/wp-content\/uploads\/2017\/02\/fachada-museo-nacional-de-escultura.jpg","keywords":["monumentos","Museo Nacional de Escultura"],"articleSection":["Arte y Museos","Monumentos"],"inLanguage":"es","potentialAction":[{"@type":"CommentAction","name":"Comment","target":["https:\/\/www.info.valladolid.es\/blog\/museo_nacional_escultura_fachada\/#respond"]}]},{"@type":"WebPage","@id":"https:\/\/www.info.valladolid.es\/blog\/museo_nacional_escultura_fachada\/","url":"https:\/\/www.info.valladolid.es\/blog\/museo_nacional_escultura_fachada\/","name":"Una fachada enigm\u00e1tica. Visita al Museo Nacional de Escultura (I). - Blog Cultura y Turismo","isPartOf":{"@id":"https:\/\/www.info.valladolid.es\/blog\/#website"},"primaryImageOfPage":{"@id":"https:\/\/www.info.valladolid.es\/blog\/museo_nacional_escultura_fachada\/#primaryimage"},"image":{"@id":"https:\/\/www.info.valladolid.es\/blog\/museo_nacional_escultura_fachada\/#primaryimage"},"thumbnailUrl":"https:\/\/www.info.valladolid.es\/blog\/wp-content\/uploads\/2017\/02\/fachada-museo-nacional-de-escultura.jpg","datePublished":"2017-02-28T14:09:59+00:00","dateModified":"2019-02-11T11:24:34+00:00","author":{"@id":"https:\/\/www.info.valladolid.es\/blog\/#\/schema\/person\/845cac97e6156a5a9c5abd68b7b9a5d5"},"breadcrumb":{"@id":"https:\/\/www.info.valladolid.es\/blog\/museo_nacional_escultura_fachada\/#breadcrumb"},"inLanguage":"es","potentialAction":[{"@type":"ReadAction","target":["https:\/\/www.info.valladolid.es\/blog\/museo_nacional_escultura_fachada\/"]}]},{"@type":"ImageObject","inLanguage":"es","@id":"https:\/\/www.info.valladolid.es\/blog\/museo_nacional_escultura_fachada\/#primaryimage","url":"https:\/\/www.info.valladolid.es\/blog\/wp-content\/uploads\/2017\/02\/fachada-museo-nacional-de-escultura.jpg","contentUrl":"https:\/\/www.info.valladolid.es\/blog\/wp-content\/uploads\/2017\/02\/fachada-museo-nacional-de-escultura.jpg","width":520,"height":400},{"@type":"BreadcrumbList","@id":"https:\/\/www.info.valladolid.es\/blog\/museo_nacional_escultura_fachada\/#breadcrumb","itemListElement":[{"@type":"ListItem","position":1,"name":"Home","item":"https:\/\/www.info.valladolid.es\/blog\/"},{"@type":"ListItem","position":2,"name":"Una fachada enigm\u00e1tica. Visita al Museo Nacional de Escultura (I)."}]},{"@type":"WebSite","@id":"https:\/\/www.info.valladolid.es\/blog\/#website","url":"https:\/\/www.info.valladolid.es\/blog\/","name":"Blog Cultura y Turismo","description":"","potentialAction":[{"@type":"SearchAction","target":{"@type":"EntryPoint","urlTemplate":"https:\/\/www.info.valladolid.es\/blog\/?s={search_term_string}"},"query-input":{"@type":"PropertyValueSpecification","valueRequired":true,"valueName":"search_term_string"}}],"inLanguage":"es"},{"@type":"Person","@id":"https:\/\/www.info.valladolid.es\/blog\/#\/schema\/person\/845cac97e6156a5a9c5abd68b7b9a5d5","name":"administrador","image":{"@type":"ImageObject","inLanguage":"es","@id":"https:\/\/secure.gravatar.com\/avatar\/418161d2f95196597e2d305bd301c850afab7f4b284a344fb2d759f048b71c61?s=96&d=mm&r=g","url":"https:\/\/secure.gravatar.com\/avatar\/418161d2f95196597e2d305bd301c850afab7f4b284a344fb2d759f048b71c61?s=96&d=mm&r=g","contentUrl":"https:\/\/secure.gravatar.com\/avatar\/418161d2f95196597e2d305bd301c850afab7f4b284a344fb2d759f048b71c61?s=96&d=mm&r=g","caption":"administrador"},"url":"https:\/\/www.info.valladolid.es\/blog\/author\/administrador\/"}]}},"_links":{"self":[{"href":"https:\/\/www.info.valladolid.es\/blog\/wp-json\/wp\/v2\/posts\/1997","targetHints":{"allow":["GET"]}}],"collection":[{"href":"https:\/\/www.info.valladolid.es\/blog\/wp-json\/wp\/v2\/posts"}],"about":[{"href":"https:\/\/www.info.valladolid.es\/blog\/wp-json\/wp\/v2\/types\/post"}],"author":[{"embeddable":true,"href":"https:\/\/www.info.valladolid.es\/blog\/wp-json\/wp\/v2\/users\/1"}],"replies":[{"embeddable":true,"href":"https:\/\/www.info.valladolid.es\/blog\/wp-json\/wp\/v2\/comments?post=1997"}],"version-history":[{"count":18,"href":"https:\/\/www.info.valladolid.es\/blog\/wp-json\/wp\/v2\/posts\/1997\/revisions"}],"predecessor-version":[{"id":2962,"href":"https:\/\/www.info.valladolid.es\/blog\/wp-json\/wp\/v2\/posts\/1997\/revisions\/2962"}],"wp:featuredmedia":[{"embeddable":true,"href":"https:\/\/www.info.valladolid.es\/blog\/wp-json\/wp\/v2\/media\/2960"}],"wp:attachment":[{"href":"https:\/\/www.info.valladolid.es\/blog\/wp-json\/wp\/v2\/media?parent=1997"}],"wp:term":[{"taxonomy":"category","embeddable":true,"href":"https:\/\/www.info.valladolid.es\/blog\/wp-json\/wp\/v2\/categories?post=1997"},{"taxonomy":"post_tag","embeddable":true,"href":"https:\/\/www.info.valladolid.es\/blog\/wp-json\/wp\/v2\/tags?post=1997"}],"curies":[{"name":"wp","href":"https:\/\/api.w.org\/{rel}","templated":true}]}}