{"id":1977,"date":"2017-02-07T13:12:59","date_gmt":"2017-02-07T13:12:59","guid":{"rendered":"http:\/\/www.info.valladolid.es\/blog\/?p=1977"},"modified":"2019-02-11T11:31:26","modified_gmt":"2019-02-11T11:31:26","slug":"jose-zorrilla-y-el-rostro-de-las-letras-homenaje-a-escritores-y-fotografos-espanoles","status":"publish","type":"post","link":"https:\/\/www.info.valladolid.es\/blog\/jose-zorrilla-y-el-rostro-de-las-letras-homenaje-a-escritores-y-fotografos-espanoles\/","title":{"rendered":"Jos\u00e9 Zorrilla y el rostro de las letras. Homenaje a escritores y fot\u00f3grafos espa\u00f1oles."},"content":{"rendered":"<p style=\"text-align: justify;\"><a href=\"http:\/\/www.info.valladolid.es\/blog\/wp-content\/uploads\/2017\/02\/IMG_20170207_122935-e1486472863997.jpg\"><img loading=\"lazy\" decoding=\"async\" class=\"alignleft size-medium wp-image-1981\" src=\"http:\/\/www.info.valladolid.es\/blog\/wp-content\/uploads\/2017\/02\/IMG_20170207_122935-e1486472863997-268x300.jpg\" alt=\"Jos\u00e9 Zorrilla y el rostro de las letras\" width=\"268\" height=\"300\" srcset=\"https:\/\/www.info.valladolid.es\/blog\/wp-content\/uploads\/2017\/02\/IMG_20170207_122935-e1486472863997-268x300.jpg 268w, https:\/\/www.info.valladolid.es\/blog\/wp-content\/uploads\/2017\/02\/IMG_20170207_122935-e1486472863997-915x1024.jpg 915w\" sizes=\"auto, (max-width: 268px) 100vw, 268px\" \/><\/a>M\u00e1s de un siglo de historia, fotograf\u00eda y literatura resumidos en cerca de 200 objetos contextualizan la \u00e9poca en la que naci\u00f3 el ilustre poeta vallisoletano Jos\u00e9 Zorrilla en la muestra <span style=\"text-decoration: underline;\"><strong>\u2018Jos\u00e9 Zorrilla y el rostro de las letras\u2019<\/strong><\/span>, que puede visitarse en la Sala Municipal de Exposiciones de Las Francesas.<\/p>\n<p style=\"text-align: justify;\">El autor de <em>Don Juan Tenorio<\/em> es protagonista de una vitrina en la que descansan retratos, recortes de peri\u00f3dicos, un dibujo de su cortejo f\u00fanebre a su paso por la madrile\u00f1a calle de Montera o una caricatura publicada en la revista <em>Los Madriles<\/em> en 1888.<\/p>\n<p style=\"text-align: justify;\">Lejos de acaparar la colecci\u00f3n organizada por <strong>Asociaci\u00f3n Cultural Espa\u00f1ola, la Real Academia de la Lengua y el Ayuntamiento de Valladolid<\/strong>; Zorrilla es solo el punto de partida de un recorrido hist\u00f3rico que se alarga hasta los primeros a\u00f1os de la Edad de Plata y la extinci\u00f3n de la Generaci\u00f3n del 98.<\/p>\n<p style=\"text-align: justify;\">Acorde al ep\u00edgrafe de la muestra, <strong>\u2018Escritores y fot\u00f3grafos en Espa\u00f1a desde el Romanticismo hasta la Generaci\u00f3n del 14\u2019<\/strong>, la fotograf\u00eda justifica la etapa seleccionada. El hito elegido como arranque temporal es la llegada del daguerrotipo, que permiti\u00f3 capturar las primeras fotograf\u00edas, en 1839. Jos\u00e9 Zorrilla ten\u00eda 22 a\u00f1os, era la estrella literaria del momento y estrenaba Juan D\u00e1ndolo en el Teatro del Pr\u00edncipe.<\/p>\n<p style=\"text-align: justify;\">Este homenaje a los grandes fot\u00f3grafos espa\u00f1oles comienza en el siglo XIX. Aunque se exhiben im\u00e1genes m\u00e1s antiguas, algunos de los primeros retratos de escritores que encontramos son los de <strong>Clar\u00edn<\/strong> y los de <strong>Rosal\u00eda de Castro<\/strong> \u2013una de las pocas mujeres presentes en la colecci\u00f3n, junto con <strong>Emilia Pardo Baz\u00e1n<\/strong>, aunque la autora de<em> Los Pazos de Ulloa<\/em> ha sido retratada con t\u00e9cnicas palpablemente m\u00e1s modernas-.<\/p>\n<p style=\"text-align: justify;\">Una constante en todos los cap\u00edtulos de la exposici\u00f3n \u2013Los escenarios de la cultura, Los primeros retratos fotogr\u00e1ficos, Los viejos estudios fotogr\u00e1ficos, tertulias y caf\u00e9s y El siglo XX- es la <strong>comuni\u00f3n entre fotograf\u00eda y literatura.<\/strong> Aparecen curiosas im\u00e1genes que ilustran esta estrecha relaci\u00f3n y amistad, como una captura de <strong>Sorolla<\/strong> retratando a <strong>Jacinto Benavente<\/strong> (1917), los retratos de<strong> Unamuno, Baroja y Valle-Incl\u00e1n<\/strong> en el estudio del pintor <strong>Juan Echevarr\u00eda<\/strong> realizados por <strong>Vicente Moreno<\/strong> (1930), o im\u00e1genes que nos abren las puertas de los mejores estudios de la \u00e9poca: el de Pau Audourard en el paseo de Gracia, el de Antonio C\u00e1novas del Castillo, K\u00c1ULAK\u2026<\/p>\n<div id=\"attachment_1980\" style=\"width: 510px\" class=\"wp-caption aligncenter\"><a href=\"http:\/\/www.info.valladolid.es\/blog\/wp-content\/uploads\/2017\/02\/IMG_20170207_122504-e1486472935239.jpg\"><img loading=\"lazy\" decoding=\"async\" aria-describedby=\"caption-attachment-1980\" class=\"wp-image-1980 size-full\" src=\"http:\/\/www.info.valladolid.es\/blog\/wp-content\/uploads\/2017\/02\/IMG_20170207_122504-e1486472935239.jpg\" alt=\"Sorolla retratando a Jacinto Benavente\" width=\"500\" height=\"375\"><\/a><p id=\"caption-attachment-1980\" class=\"wp-caption-text\">Sorolla retratando a Jacinto Benavente<\/p><\/div>\n<p>La amistad entre fot\u00f3grafos y literatos es tan estrecha que muchas instant\u00e1neas se convierten en ventanas abiertas al hogar de los escritores m\u00e1s recordados de aquellos a\u00f1os. Las <strong>escenas privadas<\/strong> que desnudan a la persona detr\u00e1s de la firma incluyen numerosas estampas familiares, como las que muestran a<strong> Baroja<\/strong> y a <strong>Unamuno<\/strong> con sus seres queridos, a<strong> Valle-Incl\u00e1n<\/strong> en su cama, donde escribi\u00f3 la mayor parte de su obra, y, quiz\u00e1 la m\u00e1s \u00edntima de todas, la de <strong>Rub\u00e9n Dar\u00edo<\/strong> en su lecho de muerte.<\/p>\n<p><a href=\"http:\/\/www.info.valladolid.es\/blog\/wp-content\/uploads\/2017\/02\/IMG_20170207_121413-e1486472779664.jpg\"><img loading=\"lazy\" decoding=\"async\" class=\"alignleft size-medium wp-image-1979\" src=\"http:\/\/www.info.valladolid.es\/blog\/wp-content\/uploads\/2017\/02\/IMG_20170207_121413-e1486472779664-300x231.jpg\" alt=\"Tertulia literaria\" width=\"300\" height=\"231\" srcset=\"https:\/\/www.info.valladolid.es\/blog\/wp-content\/uploads\/2017\/02\/IMG_20170207_121413-e1486472779664-300x231.jpg 300w, https:\/\/www.info.valladolid.es\/blog\/wp-content\/uploads\/2017\/02\/IMG_20170207_121413-e1486472779664-1024x791.jpg 1024w\" sizes=\"auto, (max-width: 300px) 100vw, 300px\" \/><\/a>Otros testimonios igualmente intimistas plasman la amistad que uni\u00f3 a los m\u00e1s importantes genios del momento. Son las fotograf\u00edas de sus, siempre cobijados en alg\u00fan caf\u00e9. Aparecen el activo foco de conspiraciones republicanas durante el reinado de Alfonso XIII, la tertulia bautizada como la <strong>Cacharrer\u00eda del Ateneo<\/strong>; el <strong>caf\u00e9 del Pombo<\/strong>, donde cre\u00f3 su tertulia <strong>G\u00f3mez de la Serna<\/strong>, o el<strong> caf\u00e9 de las Salesas<\/strong> frecuentado por <strong>Antonio Machado<\/strong>. Quiz\u00e1 el m\u00e1s famoso de los que aparecen en la muestra sea el c\u00e9lebre caf\u00e9 <strong>La Rotonde<\/strong> en Montparnasse (Par\u00eds), lugar de encuentro de los exiliados espa\u00f1oles. En la imagen aparecen reunidos<strong> Unamuno, Ortega y Gasset, y el doctor Joaqu\u00edn de Lun<\/strong>a, entre otros, pero fue tambi\u00e9n lugar imprescindible para Picasso. Las mentes m\u00e1s f\u00e9rtiles de los primeros a\u00f1os de la Edad de Plata, juntas, inmortalizadas por los objetivos de los mejores fot\u00f3grafos del momento.<\/p>\n<p>Los amantes de la literatura, de la fotograf\u00eda y de la convulsa historia de Espa\u00f1a en los albores del siglo XX disfrutar\u00e1n de un raudal de curiosidades: portadas de la colecci\u00f3n<em> La Novela Espa\u00f1ola<\/em> \u2013recoge, entre otras, una publicaci\u00f3n de <strong>Ram\u00f3n P\u00e9rez de Ayala<\/strong>-, ejemplares de <em>Madrid C\u00f3mico<\/em>, postales dedicadas a escritores de finales del siglo XIX\u2026Una de las fotograf\u00edas m\u00e1s recientes de la muestra es, a su vez, una de las m\u00e1s curiosas. Se trata de una imagen del entierro de <strong>Blasco Ib\u00e1\u00f1ez<\/strong> y su ata\u00fad, tallado por el escultor Mariano Benlliure, y plagado de referencias a las novelas del fallecido escritor y pol\u00edtico y de simbolog\u00eda mas\u00f3nica.<\/p>\n<p><span style=\"text-decoration: underline;\"><strong>Jos\u00e9 Zorrilla y el rostro de las letras<\/strong><\/span> acerca al visitante no solo a la realidad literaria espa\u00f1ola, sino a la cultural, marcada por el Romanticismo y la Generaci\u00f3n del 98, y, adem\u00e1s, a la pol\u00edtica y a la social, de un siglo emocionante.<\/p>\n<ul>\n<li>Hasta el 28 de febrero en la Sala Municipal de Exposiciones de la Iglesia de las Francesas.<\/li>\n<li>De martes a domingo y festivos, de 12 a 14 y de 18.30 a 21.30 horas.<\/li>\n<\/ul>\n<div id=\"attachment_1983\" style=\"width: 910px\" class=\"wp-caption aligncenter\"><a href=\"http:\/\/www.info.valladolid.es\/blog\/wp-content\/uploads\/2017\/02\/IMG_20170207_121627-e1486473137170.jpg\"><img loading=\"lazy\" decoding=\"async\" aria-describedby=\"caption-attachment-1983\" class=\"size-full wp-image-1983\" src=\"http:\/\/www.info.valladolid.es\/blog\/wp-content\/uploads\/2017\/02\/IMG_20170207_121627-e1486473137170.jpg\" alt=\"Unamuno, Baroja y Valle-Incl\u00e1n en el estudio de Juan Echevarr\u00eda, retratados  por Vicente Moreno  \" width=\"900\" height=\"375\" srcset=\"https:\/\/www.info.valladolid.es\/blog\/wp-content\/uploads\/2017\/02\/IMG_20170207_121627-e1486473137170.jpg 900w, https:\/\/www.info.valladolid.es\/blog\/wp-content\/uploads\/2017\/02\/IMG_20170207_121627-e1486473137170-300x125.jpg 300w\" sizes=\"auto, (max-width: 900px) 100vw, 900px\" \/><\/a><p id=\"caption-attachment-1983\" class=\"wp-caption-text\">Unamuno, Baroja y Valle-Incl\u00e1n en el estudio de Juan Echevarr\u00eda, retratados por Vicente Moreno<\/p><\/div>\n<p>&nbsp;<\/p>\n<p>&nbsp;<\/p>\n","protected":false},"excerpt":{"rendered":"<p>M\u00e1s de un siglo de historia, fotograf\u00eda y literatura resumidos en cerca de 200 objetos contextualizan la \u00e9poca en la que naci\u00f3 el ilustre poeta vallisoletano Jos\u00e9 Zorrilla en la muestra \u2018Jos\u00e9 Zorrilla y el rostro de las letras\u2019, que puede visitarse en la Sala Municipal de Exposiciones de Las Francesas. El autor de Don Juan Tenorio es protagonista de una vitrina en la que descansan retratos, recortes de peri\u00f3dicos, un dibujo de su cortejo f\u00fanebre a su paso por la madrile\u00f1a calle de Montera o una caricatura publicada en la revista Los Madriles en 1888. Lejos de acaparar la colecci\u00f3n organizada por Asociaci\u00f3n Cultural Espa\u00f1ola, la Real Academia de la Lengua y el Ayuntamiento de Valladolid; Zorrilla es solo el punto de partida de un recorrido hist\u00f3rico que se alarga hasta los primeros a\u00f1os de la Edad de Plata y la extinci\u00f3n de la Generaci\u00f3n del 98. Acorde al ep\u00edgrafe de la muestra, \u2018Escritores y fot\u00f3grafos en Espa\u00f1a desde el Romanticismo hasta la Generaci\u00f3n del 14\u2019, la fotograf\u00eda justifica la etapa seleccionada. El hito elegido como arranque temporal es la llegada del daguerrotipo, que permiti\u00f3 capturar las primeras fotograf\u00edas, en 1839. Jos\u00e9 Zorrilla ten\u00eda 22 a\u00f1os, era la estrella [&hellip;]<\/p>\n","protected":false},"author":1,"featured_media":2971,"comment_status":"open","ping_status":"open","sticky":false,"template":"","format":"standard","meta":{"footnotes":""},"categories":[6],"tags":[36],"class_list":["post-1977","post","type-post","status-publish","format-standard","has-post-thumbnail","hentry","category-arte-y-museos","tag-exposicion"],"yoast_head":"<!-- This site is optimized with the Yoast SEO plugin v27.5 - https:\/\/yoast.com\/product\/yoast-seo-wordpress\/ -->\n<title>Jos\u00e9 Zorrilla y el rostro de las letras. Homenaje a escritores y fot\u00f3grafos espa\u00f1oles. - Blog Cultura y Turismo<\/title>\n<meta name=\"robots\" content=\"index, follow, max-snippet:-1, max-image-preview:large, max-video-preview:-1\" \/>\n<link rel=\"canonical\" href=\"https:\/\/www.info.valladolid.es\/blog\/jose-zorrilla-y-el-rostro-de-las-letras-homenaje-a-escritores-y-fotografos-espanoles\/\" \/>\n<meta property=\"og:locale\" content=\"es_ES\" \/>\n<meta property=\"og:type\" content=\"article\" \/>\n<meta property=\"og:title\" content=\"Jos\u00e9 Zorrilla y el rostro de las letras. Homenaje a escritores y fot\u00f3grafos espa\u00f1oles. - Blog Cultura y Turismo\" \/>\n<meta property=\"og:description\" content=\"M\u00e1s de un siglo de historia, fotograf\u00eda y literatura resumidos en cerca de 200 objetos contextualizan la \u00e9poca en la que naci\u00f3 el ilustre poeta vallisoletano Jos\u00e9 Zorrilla en la muestra \u2018Jos\u00e9 Zorrilla y el rostro de las letras\u2019, que puede visitarse en la Sala Municipal de Exposiciones de Las Francesas. El autor de Don Juan Tenorio es protagonista de una vitrina en la que descansan retratos, recortes de peri\u00f3dicos, un dibujo de su cortejo f\u00fanebre a su paso por la madrile\u00f1a calle de Montera o una caricatura publicada en la revista Los Madriles en 1888. Lejos de acaparar la colecci\u00f3n organizada por Asociaci\u00f3n Cultural Espa\u00f1ola, la Real Academia de la Lengua y el Ayuntamiento de Valladolid; Zorrilla es solo el punto de partida de un recorrido hist\u00f3rico que se alarga hasta los primeros a\u00f1os de la Edad de Plata y la extinci\u00f3n de la Generaci\u00f3n del 98. Acorde al ep\u00edgrafe de la muestra, \u2018Escritores y fot\u00f3grafos en Espa\u00f1a desde el Romanticismo hasta la Generaci\u00f3n del 14\u2019, la fotograf\u00eda justifica la etapa seleccionada. El hito elegido como arranque temporal es la llegada del daguerrotipo, que permiti\u00f3 capturar las primeras fotograf\u00edas, en 1839. Jos\u00e9 Zorrilla ten\u00eda 22 a\u00f1os, era la estrella [&hellip;]\" \/>\n<meta property=\"og:url\" content=\"https:\/\/www.info.valladolid.es\/blog\/jose-zorrilla-y-el-rostro-de-las-letras-homenaje-a-escritores-y-fotografos-espanoles\/\" \/>\n<meta property=\"og:site_name\" content=\"Blog Cultura y Turismo\" \/>\n<meta property=\"article:published_time\" content=\"2017-02-07T13:12:59+00:00\" \/>\n<meta property=\"article:modified_time\" content=\"2019-02-11T11:31:26+00:00\" \/>\n<meta property=\"og:image\" content=\"https:\/\/www.info.valladolid.es\/blog\/wp-content\/uploads\/2017\/02\/jose-zorrilla-y-el-rostro-de-las-letras.jpg\" \/>\n\t<meta property=\"og:image:width\" content=\"533\" \/>\n\t<meta property=\"og:image:height\" content=\"400\" \/>\n\t<meta property=\"og:image:type\" content=\"image\/jpeg\" \/>\n<meta name=\"author\" content=\"administrador\" \/>\n<meta name=\"twitter:card\" content=\"summary_large_image\" \/>\n<meta name=\"twitter:label1\" content=\"Escrito por\" \/>\n\t<meta name=\"twitter:data1\" content=\"administrador\" \/>\n\t<meta name=\"twitter:label2\" content=\"Tiempo de lectura\" \/>\n\t<meta name=\"twitter:data2\" content=\"5 minutos\" \/>\n<script type=\"application\/ld+json\" class=\"yoast-schema-graph\">{\"@context\":\"https:\\\/\\\/schema.org\",\"@graph\":[{\"@type\":\"Article\",\"@id\":\"https:\\\/\\\/www.info.valladolid.es\\\/blog\\\/jose-zorrilla-y-el-rostro-de-las-letras-homenaje-a-escritores-y-fotografos-espanoles\\\/#article\",\"isPartOf\":{\"@id\":\"https:\\\/\\\/www.info.valladolid.es\\\/blog\\\/jose-zorrilla-y-el-rostro-de-las-letras-homenaje-a-escritores-y-fotografos-espanoles\\\/\"},\"author\":{\"name\":\"administrador\",\"@id\":\"https:\\\/\\\/www.info.valladolid.es\\\/blog\\\/#\\\/schema\\\/person\\\/845cac97e6156a5a9c5abd68b7b9a5d5\"},\"headline\":\"Jos\u00e9 Zorrilla y el rostro de las letras. Homenaje a escritores y fot\u00f3grafos espa\u00f1oles.\",\"datePublished\":\"2017-02-07T13:12:59+00:00\",\"dateModified\":\"2019-02-11T11:31:26+00:00\",\"mainEntityOfPage\":{\"@id\":\"https:\\\/\\\/www.info.valladolid.es\\\/blog\\\/jose-zorrilla-y-el-rostro-de-las-letras-homenaje-a-escritores-y-fotografos-espanoles\\\/\"},\"wordCount\":930,\"commentCount\":0,\"image\":{\"@id\":\"https:\\\/\\\/www.info.valladolid.es\\\/blog\\\/jose-zorrilla-y-el-rostro-de-las-letras-homenaje-a-escritores-y-fotografos-espanoles\\\/#primaryimage\"},\"thumbnailUrl\":\"https:\\\/\\\/www.info.valladolid.es\\\/blog\\\/wp-content\\\/uploads\\\/2017\\\/02\\\/jose-zorrilla-y-el-rostro-de-las-letras.jpg\",\"keywords\":[\"Exposici\u00f3n\"],\"articleSection\":[\"Arte y Museos\"],\"inLanguage\":\"es\",\"potentialAction\":[{\"@type\":\"CommentAction\",\"name\":\"Comment\",\"target\":[\"https:\\\/\\\/www.info.valladolid.es\\\/blog\\\/jose-zorrilla-y-el-rostro-de-las-letras-homenaje-a-escritores-y-fotografos-espanoles\\\/#respond\"]}]},{\"@type\":\"WebPage\",\"@id\":\"https:\\\/\\\/www.info.valladolid.es\\\/blog\\\/jose-zorrilla-y-el-rostro-de-las-letras-homenaje-a-escritores-y-fotografos-espanoles\\\/\",\"url\":\"https:\\\/\\\/www.info.valladolid.es\\\/blog\\\/jose-zorrilla-y-el-rostro-de-las-letras-homenaje-a-escritores-y-fotografos-espanoles\\\/\",\"name\":\"Jos\u00e9 Zorrilla y el rostro de las letras. Homenaje a escritores y fot\u00f3grafos espa\u00f1oles. - Blog Cultura y Turismo\",\"isPartOf\":{\"@id\":\"https:\\\/\\\/www.info.valladolid.es\\\/blog\\\/#website\"},\"primaryImageOfPage\":{\"@id\":\"https:\\\/\\\/www.info.valladolid.es\\\/blog\\\/jose-zorrilla-y-el-rostro-de-las-letras-homenaje-a-escritores-y-fotografos-espanoles\\\/#primaryimage\"},\"image\":{\"@id\":\"https:\\\/\\\/www.info.valladolid.es\\\/blog\\\/jose-zorrilla-y-el-rostro-de-las-letras-homenaje-a-escritores-y-fotografos-espanoles\\\/#primaryimage\"},\"thumbnailUrl\":\"https:\\\/\\\/www.info.valladolid.es\\\/blog\\\/wp-content\\\/uploads\\\/2017\\\/02\\\/jose-zorrilla-y-el-rostro-de-las-letras.jpg\",\"datePublished\":\"2017-02-07T13:12:59+00:00\",\"dateModified\":\"2019-02-11T11:31:26+00:00\",\"author\":{\"@id\":\"https:\\\/\\\/www.info.valladolid.es\\\/blog\\\/#\\\/schema\\\/person\\\/845cac97e6156a5a9c5abd68b7b9a5d5\"},\"breadcrumb\":{\"@id\":\"https:\\\/\\\/www.info.valladolid.es\\\/blog\\\/jose-zorrilla-y-el-rostro-de-las-letras-homenaje-a-escritores-y-fotografos-espanoles\\\/#breadcrumb\"},\"inLanguage\":\"es\",\"potentialAction\":[{\"@type\":\"ReadAction\",\"target\":[\"https:\\\/\\\/www.info.valladolid.es\\\/blog\\\/jose-zorrilla-y-el-rostro-de-las-letras-homenaje-a-escritores-y-fotografos-espanoles\\\/\"]}]},{\"@type\":\"ImageObject\",\"inLanguage\":\"es\",\"@id\":\"https:\\\/\\\/www.info.valladolid.es\\\/blog\\\/jose-zorrilla-y-el-rostro-de-las-letras-homenaje-a-escritores-y-fotografos-espanoles\\\/#primaryimage\",\"url\":\"https:\\\/\\\/www.info.valladolid.es\\\/blog\\\/wp-content\\\/uploads\\\/2017\\\/02\\\/jose-zorrilla-y-el-rostro-de-las-letras.jpg\",\"contentUrl\":\"https:\\\/\\\/www.info.valladolid.es\\\/blog\\\/wp-content\\\/uploads\\\/2017\\\/02\\\/jose-zorrilla-y-el-rostro-de-las-letras.jpg\",\"width\":533,\"height\":400},{\"@type\":\"BreadcrumbList\",\"@id\":\"https:\\\/\\\/www.info.valladolid.es\\\/blog\\\/jose-zorrilla-y-el-rostro-de-las-letras-homenaje-a-escritores-y-fotografos-espanoles\\\/#breadcrumb\",\"itemListElement\":[{\"@type\":\"ListItem\",\"position\":1,\"name\":\"Home\",\"item\":\"https:\\\/\\\/www.info.valladolid.es\\\/blog\\\/\"},{\"@type\":\"ListItem\",\"position\":2,\"name\":\"Jos\u00e9 Zorrilla y el rostro de las letras. Homenaje a escritores y fot\u00f3grafos espa\u00f1oles.\"}]},{\"@type\":\"WebSite\",\"@id\":\"https:\\\/\\\/www.info.valladolid.es\\\/blog\\\/#website\",\"url\":\"https:\\\/\\\/www.info.valladolid.es\\\/blog\\\/\",\"name\":\"Blog Cultura y Turismo\",\"description\":\"\",\"potentialAction\":[{\"@type\":\"SearchAction\",\"target\":{\"@type\":\"EntryPoint\",\"urlTemplate\":\"https:\\\/\\\/www.info.valladolid.es\\\/blog\\\/?s={search_term_string}\"},\"query-input\":{\"@type\":\"PropertyValueSpecification\",\"valueRequired\":true,\"valueName\":\"search_term_string\"}}],\"inLanguage\":\"es\"},{\"@type\":\"Person\",\"@id\":\"https:\\\/\\\/www.info.valladolid.es\\\/blog\\\/#\\\/schema\\\/person\\\/845cac97e6156a5a9c5abd68b7b9a5d5\",\"name\":\"administrador\",\"image\":{\"@type\":\"ImageObject\",\"inLanguage\":\"es\",\"@id\":\"https:\\\/\\\/secure.gravatar.com\\\/avatar\\\/418161d2f95196597e2d305bd301c850afab7f4b284a344fb2d759f048b71c61?s=96&d=mm&r=g\",\"url\":\"https:\\\/\\\/secure.gravatar.com\\\/avatar\\\/418161d2f95196597e2d305bd301c850afab7f4b284a344fb2d759f048b71c61?s=96&d=mm&r=g\",\"contentUrl\":\"https:\\\/\\\/secure.gravatar.com\\\/avatar\\\/418161d2f95196597e2d305bd301c850afab7f4b284a344fb2d759f048b71c61?s=96&d=mm&r=g\",\"caption\":\"administrador\"},\"url\":\"https:\\\/\\\/www.info.valladolid.es\\\/blog\\\/author\\\/administrador\\\/\"}]}<\/script>\n<!-- \/ Yoast SEO plugin. -->","yoast_head_json":{"title":"Jos\u00e9 Zorrilla y el rostro de las letras. Homenaje a escritores y fot\u00f3grafos espa\u00f1oles. - Blog Cultura y Turismo","robots":{"index":"index","follow":"follow","max-snippet":"max-snippet:-1","max-image-preview":"max-image-preview:large","max-video-preview":"max-video-preview:-1"},"canonical":"https:\/\/www.info.valladolid.es\/blog\/jose-zorrilla-y-el-rostro-de-las-letras-homenaje-a-escritores-y-fotografos-espanoles\/","og_locale":"es_ES","og_type":"article","og_title":"Jos\u00e9 Zorrilla y el rostro de las letras. Homenaje a escritores y fot\u00f3grafos espa\u00f1oles. - Blog Cultura y Turismo","og_description":"M\u00e1s de un siglo de historia, fotograf\u00eda y literatura resumidos en cerca de 200 objetos contextualizan la \u00e9poca en la que naci\u00f3 el ilustre poeta vallisoletano Jos\u00e9 Zorrilla en la muestra \u2018Jos\u00e9 Zorrilla y el rostro de las letras\u2019, que puede visitarse en la Sala Municipal de Exposiciones de Las Francesas. El autor de Don Juan Tenorio es protagonista de una vitrina en la que descansan retratos, recortes de peri\u00f3dicos, un dibujo de su cortejo f\u00fanebre a su paso por la madrile\u00f1a calle de Montera o una caricatura publicada en la revista Los Madriles en 1888. Lejos de acaparar la colecci\u00f3n organizada por Asociaci\u00f3n Cultural Espa\u00f1ola, la Real Academia de la Lengua y el Ayuntamiento de Valladolid; Zorrilla es solo el punto de partida de un recorrido hist\u00f3rico que se alarga hasta los primeros a\u00f1os de la Edad de Plata y la extinci\u00f3n de la Generaci\u00f3n del 98. Acorde al ep\u00edgrafe de la muestra, \u2018Escritores y fot\u00f3grafos en Espa\u00f1a desde el Romanticismo hasta la Generaci\u00f3n del 14\u2019, la fotograf\u00eda justifica la etapa seleccionada. El hito elegido como arranque temporal es la llegada del daguerrotipo, que permiti\u00f3 capturar las primeras fotograf\u00edas, en 1839. Jos\u00e9 Zorrilla ten\u00eda 22 a\u00f1os, era la estrella [&hellip;]","og_url":"https:\/\/www.info.valladolid.es\/blog\/jose-zorrilla-y-el-rostro-de-las-letras-homenaje-a-escritores-y-fotografos-espanoles\/","og_site_name":"Blog Cultura y Turismo","article_published_time":"2017-02-07T13:12:59+00:00","article_modified_time":"2019-02-11T11:31:26+00:00","og_image":[{"width":533,"height":400,"url":"https:\/\/www.info.valladolid.es\/blog\/wp-content\/uploads\/2017\/02\/jose-zorrilla-y-el-rostro-de-las-letras.jpg","type":"image\/jpeg"}],"author":"administrador","twitter_card":"summary_large_image","twitter_misc":{"Escrito por":"administrador","Tiempo de lectura":"5 minutos"},"schema":{"@context":"https:\/\/schema.org","@graph":[{"@type":"Article","@id":"https:\/\/www.info.valladolid.es\/blog\/jose-zorrilla-y-el-rostro-de-las-letras-homenaje-a-escritores-y-fotografos-espanoles\/#article","isPartOf":{"@id":"https:\/\/www.info.valladolid.es\/blog\/jose-zorrilla-y-el-rostro-de-las-letras-homenaje-a-escritores-y-fotografos-espanoles\/"},"author":{"name":"administrador","@id":"https:\/\/www.info.valladolid.es\/blog\/#\/schema\/person\/845cac97e6156a5a9c5abd68b7b9a5d5"},"headline":"Jos\u00e9 Zorrilla y el rostro de las letras. Homenaje a escritores y fot\u00f3grafos espa\u00f1oles.","datePublished":"2017-02-07T13:12:59+00:00","dateModified":"2019-02-11T11:31:26+00:00","mainEntityOfPage":{"@id":"https:\/\/www.info.valladolid.es\/blog\/jose-zorrilla-y-el-rostro-de-las-letras-homenaje-a-escritores-y-fotografos-espanoles\/"},"wordCount":930,"commentCount":0,"image":{"@id":"https:\/\/www.info.valladolid.es\/blog\/jose-zorrilla-y-el-rostro-de-las-letras-homenaje-a-escritores-y-fotografos-espanoles\/#primaryimage"},"thumbnailUrl":"https:\/\/www.info.valladolid.es\/blog\/wp-content\/uploads\/2017\/02\/jose-zorrilla-y-el-rostro-de-las-letras.jpg","keywords":["Exposici\u00f3n"],"articleSection":["Arte y Museos"],"inLanguage":"es","potentialAction":[{"@type":"CommentAction","name":"Comment","target":["https:\/\/www.info.valladolid.es\/blog\/jose-zorrilla-y-el-rostro-de-las-letras-homenaje-a-escritores-y-fotografos-espanoles\/#respond"]}]},{"@type":"WebPage","@id":"https:\/\/www.info.valladolid.es\/blog\/jose-zorrilla-y-el-rostro-de-las-letras-homenaje-a-escritores-y-fotografos-espanoles\/","url":"https:\/\/www.info.valladolid.es\/blog\/jose-zorrilla-y-el-rostro-de-las-letras-homenaje-a-escritores-y-fotografos-espanoles\/","name":"Jos\u00e9 Zorrilla y el rostro de las letras. Homenaje a escritores y fot\u00f3grafos espa\u00f1oles. - Blog Cultura y Turismo","isPartOf":{"@id":"https:\/\/www.info.valladolid.es\/blog\/#website"},"primaryImageOfPage":{"@id":"https:\/\/www.info.valladolid.es\/blog\/jose-zorrilla-y-el-rostro-de-las-letras-homenaje-a-escritores-y-fotografos-espanoles\/#primaryimage"},"image":{"@id":"https:\/\/www.info.valladolid.es\/blog\/jose-zorrilla-y-el-rostro-de-las-letras-homenaje-a-escritores-y-fotografos-espanoles\/#primaryimage"},"thumbnailUrl":"https:\/\/www.info.valladolid.es\/blog\/wp-content\/uploads\/2017\/02\/jose-zorrilla-y-el-rostro-de-las-letras.jpg","datePublished":"2017-02-07T13:12:59+00:00","dateModified":"2019-02-11T11:31:26+00:00","author":{"@id":"https:\/\/www.info.valladolid.es\/blog\/#\/schema\/person\/845cac97e6156a5a9c5abd68b7b9a5d5"},"breadcrumb":{"@id":"https:\/\/www.info.valladolid.es\/blog\/jose-zorrilla-y-el-rostro-de-las-letras-homenaje-a-escritores-y-fotografos-espanoles\/#breadcrumb"},"inLanguage":"es","potentialAction":[{"@type":"ReadAction","target":["https:\/\/www.info.valladolid.es\/blog\/jose-zorrilla-y-el-rostro-de-las-letras-homenaje-a-escritores-y-fotografos-espanoles\/"]}]},{"@type":"ImageObject","inLanguage":"es","@id":"https:\/\/www.info.valladolid.es\/blog\/jose-zorrilla-y-el-rostro-de-las-letras-homenaje-a-escritores-y-fotografos-espanoles\/#primaryimage","url":"https:\/\/www.info.valladolid.es\/blog\/wp-content\/uploads\/2017\/02\/jose-zorrilla-y-el-rostro-de-las-letras.jpg","contentUrl":"https:\/\/www.info.valladolid.es\/blog\/wp-content\/uploads\/2017\/02\/jose-zorrilla-y-el-rostro-de-las-letras.jpg","width":533,"height":400},{"@type":"BreadcrumbList","@id":"https:\/\/www.info.valladolid.es\/blog\/jose-zorrilla-y-el-rostro-de-las-letras-homenaje-a-escritores-y-fotografos-espanoles\/#breadcrumb","itemListElement":[{"@type":"ListItem","position":1,"name":"Home","item":"https:\/\/www.info.valladolid.es\/blog\/"},{"@type":"ListItem","position":2,"name":"Jos\u00e9 Zorrilla y el rostro de las letras. Homenaje a escritores y fot\u00f3grafos espa\u00f1oles."}]},{"@type":"WebSite","@id":"https:\/\/www.info.valladolid.es\/blog\/#website","url":"https:\/\/www.info.valladolid.es\/blog\/","name":"Blog Cultura y Turismo","description":"","potentialAction":[{"@type":"SearchAction","target":{"@type":"EntryPoint","urlTemplate":"https:\/\/www.info.valladolid.es\/blog\/?s={search_term_string}"},"query-input":{"@type":"PropertyValueSpecification","valueRequired":true,"valueName":"search_term_string"}}],"inLanguage":"es"},{"@type":"Person","@id":"https:\/\/www.info.valladolid.es\/blog\/#\/schema\/person\/845cac97e6156a5a9c5abd68b7b9a5d5","name":"administrador","image":{"@type":"ImageObject","inLanguage":"es","@id":"https:\/\/secure.gravatar.com\/avatar\/418161d2f95196597e2d305bd301c850afab7f4b284a344fb2d759f048b71c61?s=96&d=mm&r=g","url":"https:\/\/secure.gravatar.com\/avatar\/418161d2f95196597e2d305bd301c850afab7f4b284a344fb2d759f048b71c61?s=96&d=mm&r=g","contentUrl":"https:\/\/secure.gravatar.com\/avatar\/418161d2f95196597e2d305bd301c850afab7f4b284a344fb2d759f048b71c61?s=96&d=mm&r=g","caption":"administrador"},"url":"https:\/\/www.info.valladolid.es\/blog\/author\/administrador\/"}]}},"_links":{"self":[{"href":"https:\/\/www.info.valladolid.es\/blog\/wp-json\/wp\/v2\/posts\/1977","targetHints":{"allow":["GET"]}}],"collection":[{"href":"https:\/\/www.info.valladolid.es\/blog\/wp-json\/wp\/v2\/posts"}],"about":[{"href":"https:\/\/www.info.valladolid.es\/blog\/wp-json\/wp\/v2\/types\/post"}],"author":[{"embeddable":true,"href":"https:\/\/www.info.valladolid.es\/blog\/wp-json\/wp\/v2\/users\/1"}],"replies":[{"embeddable":true,"href":"https:\/\/www.info.valladolid.es\/blog\/wp-json\/wp\/v2\/comments?post=1977"}],"version-history":[{"count":4,"href":"https:\/\/www.info.valladolid.es\/blog\/wp-json\/wp\/v2\/posts\/1977\/revisions"}],"predecessor-version":[{"id":2972,"href":"https:\/\/www.info.valladolid.es\/blog\/wp-json\/wp\/v2\/posts\/1977\/revisions\/2972"}],"wp:featuredmedia":[{"embeddable":true,"href":"https:\/\/www.info.valladolid.es\/blog\/wp-json\/wp\/v2\/media\/2971"}],"wp:attachment":[{"href":"https:\/\/www.info.valladolid.es\/blog\/wp-json\/wp\/v2\/media?parent=1977"}],"wp:term":[{"taxonomy":"category","embeddable":true,"href":"https:\/\/www.info.valladolid.es\/blog\/wp-json\/wp\/v2\/categories?post=1977"},{"taxonomy":"post_tag","embeddable":true,"href":"https:\/\/www.info.valladolid.es\/blog\/wp-json\/wp\/v2\/tags?post=1977"}],"curies":[{"name":"wp","href":"https:\/\/api.w.org\/{rel}","templated":true}]}}