{"id":1921,"date":"2016-12-28T12:19:20","date_gmt":"2016-12-28T12:19:20","guid":{"rendered":"http:\/\/www.info.valladolid.es\/blog\/?p=1921"},"modified":"2020-01-07T09:51:50","modified_gmt":"2020-01-07T09:51:50","slug":"belen-napolitano-museo-nacional-escultura","status":"publish","type":"post","link":"https:\/\/www.info.valladolid.es\/blog\/belen-napolitano-museo-nacional-escultura\/","title":{"rendered":"El Bel\u00e9n Napolitano del Museo Nacional de Escultura"},"content":{"rendered":"<p>&nbsp;<\/p>\n<div id=\"attachment_1932\" style=\"width: 262px\" class=\"wp-caption alignleft\"><a href=\"http:\/\/www.info.valladolid.es\/blog\/wp-content\/uploads\/2016\/12\/belen_general.png\"><img loading=\"lazy\" decoding=\"async\" aria-describedby=\"caption-attachment-1932\" class=\"wp-image-1932 size-medium\" src=\"http:\/\/www.info.valladolid.es\/blog\/wp-content\/uploads\/2016\/12\/belen_general-252x300.png\" alt=\"belen_general\" width=\"252\" height=\"300\" srcset=\"https:\/\/www.info.valladolid.es\/blog\/wp-content\/uploads\/2016\/12\/belen_general-252x300.png 252w, https:\/\/www.info.valladolid.es\/blog\/wp-content\/uploads\/2016\/12\/belen_general-863x1024.png 863w, https:\/\/www.info.valladolid.es\/blog\/wp-content\/uploads\/2016\/12\/belen_general.png 1453w\" sizes=\"auto, (max-width: 252px) 100vw, 252px\" \/><\/a><p id=\"caption-attachment-1932\" class=\"wp-caption-text\">Clic para ampliar<\/p><\/div>\n<p>&nbsp;<\/p>\n<p><strong>Valladolid<\/strong> puede presumir de atesorar el <strong>mayor bel\u00e9n napolitano de Espa\u00f1a y uno de los m\u00e1s valisosos de Europa<\/strong>,&nbsp;con 620 figuras del siglo XVIII que recrean el nacimiento de Jes\u00fas en el <strong>Museo Nacional de Escultura<\/strong>.<\/p>\n<p>El impactante montaje, obra de Ignasi Cristi\u00e1, es el perfecto testimonio hist\u00f3rico de una \u00e9poca de ostentaci\u00f3n y excesos, la encarnaci\u00f3n de la \u2018Napoletanit\u00e1\u2019, una palabra que representa la fascinante personalidad de N\u00e1poles como una de las ciudades m\u00e1s cosmopolitas de aquel momento.<\/p>\n<p>Frente al paisaje buc\u00f3lico y el ropaje palestino de la mayor\u00eda de los belenes que conocemos, la escenograf\u00eda napolitana destaca por reflejar la sociedad del siglo XVIII, cuando se puso de moda el coleccionismo de figuritas (<em>\u2018pastori\u2019<\/em>) entre la alta nobleza.<\/p>\n<p>&nbsp;<\/p>\n<p>&nbsp;<\/p>\n<p>&nbsp;<\/p>\n<p><span style=\"text-decoration: underline;\"><strong>Obras de arte a peque\u00f1a escala<\/strong><\/span><\/p>\n<p>El empe\u00f1o por&nbsp;representar todos los estratos sociales de la bulliciosa N\u00e1poles nos ha dejado un valioso testigo en peque\u00f1a escala. Por ello, los belenes napolitanos como este incorporan <em>pastori<\/em> de todo tipo: comerciantes, burgueses&nbsp;de ricos ropajes pero que, en ocasiones, aparecen ridiculizados; delicadas georgianas que acompa\u00f1an a los Reyes de Oriente, imprescindibles pastores que acuden a la Adoraci\u00f3n, e, i<strong>ncluso, personas pobres que piden limosna y enfermos de bocio<\/strong>. Si algo exist\u00eda en la N\u00e1poles de hace 200 o 300 a\u00f1os, tiene cabida aqu\u00ed.<\/p>\n<p>Las figuras tienen una <strong>estructura de alambre que permite su articulaci\u00f3n<\/strong> y daba respuesta al capricho de los nobles, que compet\u00edan por lograr el montaje m\u00e1s espectacular y realista jugando tambi\u00e9n con la postura de los personajes. &nbsp;Sobre este esqueleto hay un <strong>relleno de estopa<\/strong> que le da cuerpo, y los remates \u2013pies, piernas y manos- son de madera tallada o de terracota. Las cabezas, eso s\u00ed, son de este \u00faltimo material, esculpido siempre por grandes maestros.<\/p>\n<p><a href=\"http:\/\/www.info.valladolid.es\/blog\/wp-content\/uploads\/2016\/12\/belen_comerciante_vidrio1.jpg\"><img loading=\"lazy\" decoding=\"async\" class=\"aligncenter size-full wp-image-1933\" src=\"http:\/\/www.info.valladolid.es\/blog\/wp-content\/uploads\/2016\/12\/belen_comerciante_vidrio1.jpg\" alt=\"belen_comerciante_vidrio\" width=\"766\" height=\"500\" srcset=\"https:\/\/www.info.valladolid.es\/blog\/wp-content\/uploads\/2016\/12\/belen_comerciante_vidrio1.jpg 766w, https:\/\/www.info.valladolid.es\/blog\/wp-content\/uploads\/2016\/12\/belen_comerciante_vidrio1-300x195.jpg 300w\" sizes=\"auto, (max-width: 766px) 100vw, 766px\" \/><\/a><\/p>\n<p>Una excepci\u00f3n son los pedig\u00fce\u00f1os que aparecen semidesnudos que, realizados enteramente en terracota, se convierten en <strong>las piezas con mayor calidad art\u00edstica<\/strong>: el mostrar su cuerpo hace de ellas esculturas en peque\u00f1o formato.<\/p>\n<p>Si el detalle de los rostros maravilla al p\u00fablico, <strong>la vestimenta no se queda atr\u00e1s. El ropaje<\/strong>, realizado con material de la Real F\u00e1brica de Tela que fund\u00f3 Carlos III en N\u00e1poles, <strong>es aut\u00e9ntico<\/strong>: si hay un bot\u00f3n, puede abrocharse y desabrocharse; si hay una puntilla, est\u00e1 realizado a la escala del personaje y cosida a mano. El valor de la figura aumenta si&nbsp;conserva su traje original, algo que, por fortuna, ocurre en casi todos los personajes del Bel\u00e9n Napolitano de Valladolid, pese a que en el siglo XVIII se populariz\u00f3 coleccionar piezas de vestir y cambiar de ropa a los <em>pastori<\/em>.<\/p>\n<p>El detalle es tan ajustado a la realidad que, incluso, <strong>las figuras visten ropa interior<\/strong>. En una de las vitrinas aparece una georgiana con un espejo a sus pies en el que puede apreciarse una enagua con ricos bordados. Por cierto, este mismo personaje luce <strong>un collar de perlas aut\u00e9nticas<\/strong> engarzadas por joyeros.<\/p>\n<p><span style=\"text-decoration: underline;\"><strong>Bienvenidos a N\u00e1poles<\/strong><\/span><\/p>\n<p>Olvid\u00e9monos de los belenes con tierra, rocosas monta\u00f1as y pesebres de paja. El Bel\u00e9n Napolitano es distinguido y refinado. Es una oda a la ciudad, concebida en aquellos a\u00f1os como el gran avance. La Palestina del siglo I se convierte en el N\u00e1poles del siglo XVIII.<\/p>\n<p>La historia comienza con la Anunciaci\u00f3n a los pastores. Una peque\u00f1a concesi\u00f3n al &nbsp;mundo rural que aparece, eso s\u00ed, a la sombre de la gran urbe. Los pastores descansan, algunos duermen, entre animales realizados con un extraordinario realismo.<\/p>\n<p><a href=\"http:\/\/www.info.valladolid.es\/blog\/wp-content\/uploads\/2016\/12\/belen_misterio1.jpg\"><img loading=\"lazy\" decoding=\"async\" class=\"aligncenter size-full wp-image-1935\" src=\"http:\/\/www.info.valladolid.es\/blog\/wp-content\/uploads\/2016\/12\/belen_misterio1.jpg\" alt=\"belen_misterio\" width=\"1050\" height=\"498\" srcset=\"https:\/\/www.info.valladolid.es\/blog\/wp-content\/uploads\/2016\/12\/belen_misterio1.jpg 1050w, https:\/\/www.info.valladolid.es\/blog\/wp-content\/uploads\/2016\/12\/belen_misterio1-300x142.jpg 300w, https:\/\/www.info.valladolid.es\/blog\/wp-content\/uploads\/2016\/12\/belen_misterio1-1024x485.jpg 1024w\" sizes=\"auto, (max-width: 1050px) 100vw, 1050px\" \/><\/a><\/p>\n<p>Bajo el Vesubio que se vislumbra al fondo, comienza <strong>una jornada de mercado<\/strong>. Los comerciantes llegan a la ciudad cargando sus mercanc\u00edas \u2013como unas diminutas botellas de cristal real- y los m\u00fasicos callejeros \u2013con instrumentos perfectamente dise\u00f1ados- amenizan la ma\u00f1ana. Hay puestos ambulantes, tiendas, ni\u00f1os que juegan, animales,<strong> una taberna con parroquianos que engullen, como no, unos espagueti&nbsp;napolitanos<\/strong>&#8230; Identificar el misterio entre el barullo&nbsp;resultar\u00eda una tarea complicada si no fuese por los \u00e1ngeles que sobrevuelan la escena. Pero all\u00ed est\u00e1: en un lugar secundario, como si se tratase de algo ocasional, aparecen Jes\u00fas, Mar\u00eda y Jos\u00e9.<\/p>\n<p>Muy cerca de la escena aparece una de las figuras semidesnudas, tan pobre en la escala social como <strong>rica en calidad art\u00edstica<\/strong>. En esta ocasi\u00f3n s\u00ed que merece un primer plano: con tal detalle escult\u00f3rico no pod\u00eda ser menos. Seg\u00fan una tradici\u00f3n pagana, entre el 2 y el 6 de enero las almas del Purgatorio volv\u00edan a la vida para pedir por su salvaci\u00f3n.<\/p>\n<p>El \u00faltimo ambiente del Bel\u00e9n Napolitano es<strong> la comitiva de los Reyes de Oriente, inspirada en la visita de la embajada turca a N\u00e1poles<\/strong> en el siglo XVIII. Los trajes guardan una asombrosa fidelidad a este hecho, como puede contrastarse con otras obras coet\u00e1neas como los \u00f3leos de Giuseppe Bonito.<\/p>\n<p>La riqueza de la vestimenta alcanza su m\u00e1ximo esplendor en las ex\u00f3ticas t\u00fanicas, los delicados bordados y estampados, en la<strong> lujos\u00edsima vestimenta de las damas georgianas y de sus majestades de Oriente.<\/strong><\/p>\n<p><a href=\"http:\/\/www.info.valladolid.es\/blog\/wp-content\/uploads\/2016\/12\/belen_detalle_Gaspar1.jpg\"><img loading=\"lazy\" decoding=\"async\" class=\"aligncenter size-full wp-image-1934\" src=\"http:\/\/www.info.valladolid.es\/blog\/wp-content\/uploads\/2016\/12\/belen_detalle_Gaspar1.jpg\" alt=\"belen_detalle_Gaspar\" width=\"1058\" height=\"500\" srcset=\"https:\/\/www.info.valladolid.es\/blog\/wp-content\/uploads\/2016\/12\/belen_detalle_Gaspar1.jpg 1058w, https:\/\/www.info.valladolid.es\/blog\/wp-content\/uploads\/2016\/12\/belen_detalle_Gaspar1-300x141.jpg 300w, https:\/\/www.info.valladolid.es\/blog\/wp-content\/uploads\/2016\/12\/belen_detalle_Gaspar1-1024x483.jpg 1024w\" sizes=\"auto, (max-width: 1058px) 100vw, 1058px\" \/><\/a><\/p>\n<p><span style=\"text-decoration: underline;\"><strong>&nbsp;Una colecci\u00f3n&nbsp;impecable<\/strong><\/span><\/p>\n<p>El <strong>Bel\u00e9n Napolitano de Valladolid<\/strong> ha recuperado un lugar principal en el Museo Nacional de Escultura. Protagonista absoluto de una sala del Palacio de Villena, s<strong>e muestra al p\u00fablico de forma permanente.<\/strong><\/p>\n<p>Aunque casi toda la colecci\u00f3n perteneci\u00f3 a los <strong>hermanos Garc\u00eda de Castro<\/strong> hasta 1999, cuando pas\u00f3 a ser patrimonio nacional, incluye figuras de otras colecciones de Espa\u00f1a -Olaguer- y de Italia -Parcent, Hernani, Sert, Catello, Rothschild-<\/p>\n<p>Un&nbsp;capricho de la alta nobleza italiana que mezcla el realismo m\u00e1s abrumador con una delicada belleza para componer una obra de referencia para los aficionados al belenismo, a la escultura y a la historia.<strong>Una parada obligatoria para los nost\u00e1lgicos de la Navidad en cualquier \u00e9poca del a\u00f1o.&nbsp;<\/strong><\/p>\n<p><a href=\"http:\/\/www.info.valladolid.es\/blog\/wp-content\/uploads\/2016\/12\/belen_georgiana1.jpg\"><img loading=\"lazy\" decoding=\"async\" class=\"aligncenter size-full wp-image-1936\" src=\"http:\/\/www.info.valladolid.es\/blog\/wp-content\/uploads\/2016\/12\/belen_georgiana1.jpg\" alt=\"belen_georgiana\" width=\"1172\" height=\"444\" srcset=\"https:\/\/www.info.valladolid.es\/blog\/wp-content\/uploads\/2016\/12\/belen_georgiana1.jpg 1172w, https:\/\/www.info.valladolid.es\/blog\/wp-content\/uploads\/2016\/12\/belen_georgiana1-300x113.jpg 300w, https:\/\/www.info.valladolid.es\/blog\/wp-content\/uploads\/2016\/12\/belen_georgiana1-1024x387.jpg 1024w, https:\/\/www.info.valladolid.es\/blog\/wp-content\/uploads\/2016\/12\/belen_georgiana1-265x100.jpg 265w\" sizes=\"auto, (max-width: 1172px) 100vw, 1172px\" \/><\/a><\/p>\n<p>&nbsp;<\/p>\n","protected":false},"excerpt":{"rendered":"<p>&nbsp; &nbsp; Valladolid puede presumir de atesorar el mayor bel\u00e9n napolitano de Espa\u00f1a y uno de los m\u00e1s valisosos de Europa,&nbsp;con 620 figuras del siglo XVIII que recrean el nacimiento de Jes\u00fas en el Museo Nacional de Escultura. El impactante montaje, obra de Ignasi Cristi\u00e1, es el perfecto testimonio hist\u00f3rico de una \u00e9poca de ostentaci\u00f3n y excesos, la encarnaci\u00f3n de la \u2018Napoletanit\u00e1\u2019, una palabra que representa la fascinante personalidad de N\u00e1poles como una de las ciudades m\u00e1s cosmopolitas de aquel momento. Frente al paisaje buc\u00f3lico y el ropaje palestino de la mayor\u00eda de los belenes que conocemos, la escenograf\u00eda napolitana destaca por reflejar la sociedad del siglo XVIII, cuando se puso de moda el coleccionismo de figuritas (\u2018pastori\u2019) entre la alta nobleza. &nbsp; &nbsp; &nbsp; Obras de arte a peque\u00f1a escala El empe\u00f1o por&nbsp;representar todos los estratos sociales de la bulliciosa N\u00e1poles nos ha dejado un valioso testigo en peque\u00f1a escala. Por ello, los belenes napolitanos como este incorporan pastori de todo tipo: comerciantes, burgueses&nbsp;de ricos ropajes pero que, en ocasiones, aparecen ridiculizados; delicadas georgianas que acompa\u00f1an a los Reyes de Oriente, imprescindibles pastores que acuden a la Adoraci\u00f3n, e, incluso, personas pobres que piden limosna y enfermos de bocio. [&hellip;]<\/p>\n","protected":false},"author":1,"featured_media":2978,"comment_status":"open","ping_status":"open","sticky":false,"template":"","format":"standard","meta":{"footnotes":""},"categories":[6],"tags":[],"class_list":["post-1921","post","type-post","status-publish","format-standard","has-post-thumbnail","hentry","category-arte-y-museos"],"yoast_head":"<!-- This site is optimized with the Yoast SEO plugin v27.5 - https:\/\/yoast.com\/product\/yoast-seo-wordpress\/ -->\n<title>El Bel\u00e9n Napolitano del Museo Nacional de Escultura - Blog Cultura y Turismo<\/title>\n<meta name=\"robots\" content=\"index, follow, max-snippet:-1, max-image-preview:large, max-video-preview:-1\" \/>\n<link rel=\"canonical\" href=\"https:\/\/www.info.valladolid.es\/blog\/belen-napolitano-museo-nacional-escultura\/\" \/>\n<meta property=\"og:locale\" content=\"es_ES\" \/>\n<meta property=\"og:type\" content=\"article\" \/>\n<meta property=\"og:title\" content=\"El Bel\u00e9n Napolitano del Museo Nacional de Escultura - Blog Cultura y Turismo\" \/>\n<meta property=\"og:description\" content=\"&nbsp; &nbsp; Valladolid puede presumir de atesorar el mayor bel\u00e9n napolitano de Espa\u00f1a y uno de los m\u00e1s valisosos de Europa,&nbsp;con 620 figuras del siglo XVIII que recrean el nacimiento de Jes\u00fas en el Museo Nacional de Escultura. El impactante montaje, obra de Ignasi Cristi\u00e1, es el perfecto testimonio hist\u00f3rico de una \u00e9poca de ostentaci\u00f3n y excesos, la encarnaci\u00f3n de la \u2018Napoletanit\u00e1\u2019, una palabra que representa la fascinante personalidad de N\u00e1poles como una de las ciudades m\u00e1s cosmopolitas de aquel momento. Frente al paisaje buc\u00f3lico y el ropaje palestino de la mayor\u00eda de los belenes que conocemos, la escenograf\u00eda napolitana destaca por reflejar la sociedad del siglo XVIII, cuando se puso de moda el coleccionismo de figuritas (\u2018pastori\u2019) entre la alta nobleza. &nbsp; &nbsp; &nbsp; Obras de arte a peque\u00f1a escala El empe\u00f1o por&nbsp;representar todos los estratos sociales de la bulliciosa N\u00e1poles nos ha dejado un valioso testigo en peque\u00f1a escala. Por ello, los belenes napolitanos como este incorporan pastori de todo tipo: comerciantes, burgueses&nbsp;de ricos ropajes pero que, en ocasiones, aparecen ridiculizados; delicadas georgianas que acompa\u00f1an a los Reyes de Oriente, imprescindibles pastores que acuden a la Adoraci\u00f3n, e, incluso, personas pobres que piden limosna y enfermos de bocio. [&hellip;]\" \/>\n<meta property=\"og:url\" content=\"https:\/\/www.info.valladolid.es\/blog\/belen-napolitano-museo-nacional-escultura\/\" \/>\n<meta property=\"og:site_name\" content=\"Blog Cultura y Turismo\" \/>\n<meta property=\"article:published_time\" content=\"2016-12-28T12:19:20+00:00\" \/>\n<meta property=\"article:modified_time\" content=\"2020-01-07T09:51:50+00:00\" \/>\n<meta property=\"og:image\" content=\"https:\/\/www.info.valladolid.es\/blog\/wp-content\/uploads\/2016\/12\/belen-napolitano.jpg\" \/>\n\t<meta property=\"og:image:width\" content=\"520\" \/>\n\t<meta property=\"og:image:height\" content=\"400\" \/>\n\t<meta property=\"og:image:type\" content=\"image\/jpeg\" \/>\n<meta name=\"author\" content=\"administrador\" \/>\n<meta name=\"twitter:card\" content=\"summary_large_image\" \/>\n<meta name=\"twitter:label1\" content=\"Escrito por\" \/>\n\t<meta name=\"twitter:data1\" content=\"administrador\" \/>\n\t<meta name=\"twitter:label2\" content=\"Tiempo de lectura\" \/>\n\t<meta name=\"twitter:data2\" content=\"5 minutos\" \/>\n<script type=\"application\/ld+json\" class=\"yoast-schema-graph\">{\"@context\":\"https:\\\/\\\/schema.org\",\"@graph\":[{\"@type\":\"Article\",\"@id\":\"https:\\\/\\\/www.info.valladolid.es\\\/blog\\\/belen-napolitano-museo-nacional-escultura\\\/#article\",\"isPartOf\":{\"@id\":\"https:\\\/\\\/www.info.valladolid.es\\\/blog\\\/belen-napolitano-museo-nacional-escultura\\\/\"},\"author\":{\"name\":\"administrador\",\"@id\":\"https:\\\/\\\/www.info.valladolid.es\\\/blog\\\/#\\\/schema\\\/person\\\/845cac97e6156a5a9c5abd68b7b9a5d5\"},\"headline\":\"El Bel\u00e9n Napolitano del Museo Nacional de Escultura\",\"datePublished\":\"2016-12-28T12:19:20+00:00\",\"dateModified\":\"2020-01-07T09:51:50+00:00\",\"mainEntityOfPage\":{\"@id\":\"https:\\\/\\\/www.info.valladolid.es\\\/blog\\\/belen-napolitano-museo-nacional-escultura\\\/\"},\"wordCount\":1040,\"commentCount\":4,\"image\":{\"@id\":\"https:\\\/\\\/www.info.valladolid.es\\\/blog\\\/belen-napolitano-museo-nacional-escultura\\\/#primaryimage\"},\"thumbnailUrl\":\"https:\\\/\\\/www.info.valladolid.es\\\/blog\\\/wp-content\\\/uploads\\\/2016\\\/12\\\/belen-napolitano.jpg\",\"articleSection\":[\"Arte y Museos\"],\"inLanguage\":\"es\",\"potentialAction\":[{\"@type\":\"CommentAction\",\"name\":\"Comment\",\"target\":[\"https:\\\/\\\/www.info.valladolid.es\\\/blog\\\/belen-napolitano-museo-nacional-escultura\\\/#respond\"]}]},{\"@type\":\"WebPage\",\"@id\":\"https:\\\/\\\/www.info.valladolid.es\\\/blog\\\/belen-napolitano-museo-nacional-escultura\\\/\",\"url\":\"https:\\\/\\\/www.info.valladolid.es\\\/blog\\\/belen-napolitano-museo-nacional-escultura\\\/\",\"name\":\"El Bel\u00e9n Napolitano del Museo Nacional de Escultura - Blog Cultura y Turismo\",\"isPartOf\":{\"@id\":\"https:\\\/\\\/www.info.valladolid.es\\\/blog\\\/#website\"},\"primaryImageOfPage\":{\"@id\":\"https:\\\/\\\/www.info.valladolid.es\\\/blog\\\/belen-napolitano-museo-nacional-escultura\\\/#primaryimage\"},\"image\":{\"@id\":\"https:\\\/\\\/www.info.valladolid.es\\\/blog\\\/belen-napolitano-museo-nacional-escultura\\\/#primaryimage\"},\"thumbnailUrl\":\"https:\\\/\\\/www.info.valladolid.es\\\/blog\\\/wp-content\\\/uploads\\\/2016\\\/12\\\/belen-napolitano.jpg\",\"datePublished\":\"2016-12-28T12:19:20+00:00\",\"dateModified\":\"2020-01-07T09:51:50+00:00\",\"author\":{\"@id\":\"https:\\\/\\\/www.info.valladolid.es\\\/blog\\\/#\\\/schema\\\/person\\\/845cac97e6156a5a9c5abd68b7b9a5d5\"},\"breadcrumb\":{\"@id\":\"https:\\\/\\\/www.info.valladolid.es\\\/blog\\\/belen-napolitano-museo-nacional-escultura\\\/#breadcrumb\"},\"inLanguage\":\"es\",\"potentialAction\":[{\"@type\":\"ReadAction\",\"target\":[\"https:\\\/\\\/www.info.valladolid.es\\\/blog\\\/belen-napolitano-museo-nacional-escultura\\\/\"]}]},{\"@type\":\"ImageObject\",\"inLanguage\":\"es\",\"@id\":\"https:\\\/\\\/www.info.valladolid.es\\\/blog\\\/belen-napolitano-museo-nacional-escultura\\\/#primaryimage\",\"url\":\"https:\\\/\\\/www.info.valladolid.es\\\/blog\\\/wp-content\\\/uploads\\\/2016\\\/12\\\/belen-napolitano.jpg\",\"contentUrl\":\"https:\\\/\\\/www.info.valladolid.es\\\/blog\\\/wp-content\\\/uploads\\\/2016\\\/12\\\/belen-napolitano.jpg\",\"width\":520,\"height\":400},{\"@type\":\"BreadcrumbList\",\"@id\":\"https:\\\/\\\/www.info.valladolid.es\\\/blog\\\/belen-napolitano-museo-nacional-escultura\\\/#breadcrumb\",\"itemListElement\":[{\"@type\":\"ListItem\",\"position\":1,\"name\":\"Home\",\"item\":\"https:\\\/\\\/www.info.valladolid.es\\\/blog\\\/\"},{\"@type\":\"ListItem\",\"position\":2,\"name\":\"El Bel\u00e9n Napolitano del Museo Nacional de Escultura\"}]},{\"@type\":\"WebSite\",\"@id\":\"https:\\\/\\\/www.info.valladolid.es\\\/blog\\\/#website\",\"url\":\"https:\\\/\\\/www.info.valladolid.es\\\/blog\\\/\",\"name\":\"Blog Cultura y Turismo\",\"description\":\"\",\"potentialAction\":[{\"@type\":\"SearchAction\",\"target\":{\"@type\":\"EntryPoint\",\"urlTemplate\":\"https:\\\/\\\/www.info.valladolid.es\\\/blog\\\/?s={search_term_string}\"},\"query-input\":{\"@type\":\"PropertyValueSpecification\",\"valueRequired\":true,\"valueName\":\"search_term_string\"}}],\"inLanguage\":\"es\"},{\"@type\":\"Person\",\"@id\":\"https:\\\/\\\/www.info.valladolid.es\\\/blog\\\/#\\\/schema\\\/person\\\/845cac97e6156a5a9c5abd68b7b9a5d5\",\"name\":\"administrador\",\"image\":{\"@type\":\"ImageObject\",\"inLanguage\":\"es\",\"@id\":\"https:\\\/\\\/secure.gravatar.com\\\/avatar\\\/418161d2f95196597e2d305bd301c850afab7f4b284a344fb2d759f048b71c61?s=96&d=mm&r=g\",\"url\":\"https:\\\/\\\/secure.gravatar.com\\\/avatar\\\/418161d2f95196597e2d305bd301c850afab7f4b284a344fb2d759f048b71c61?s=96&d=mm&r=g\",\"contentUrl\":\"https:\\\/\\\/secure.gravatar.com\\\/avatar\\\/418161d2f95196597e2d305bd301c850afab7f4b284a344fb2d759f048b71c61?s=96&d=mm&r=g\",\"caption\":\"administrador\"},\"url\":\"https:\\\/\\\/www.info.valladolid.es\\\/blog\\\/author\\\/administrador\\\/\"}]}<\/script>\n<!-- \/ Yoast SEO plugin. -->","yoast_head_json":{"title":"El Bel\u00e9n Napolitano del Museo Nacional de Escultura - Blog Cultura y Turismo","robots":{"index":"index","follow":"follow","max-snippet":"max-snippet:-1","max-image-preview":"max-image-preview:large","max-video-preview":"max-video-preview:-1"},"canonical":"https:\/\/www.info.valladolid.es\/blog\/belen-napolitano-museo-nacional-escultura\/","og_locale":"es_ES","og_type":"article","og_title":"El Bel\u00e9n Napolitano del Museo Nacional de Escultura - Blog Cultura y Turismo","og_description":"&nbsp; &nbsp; Valladolid puede presumir de atesorar el mayor bel\u00e9n napolitano de Espa\u00f1a y uno de los m\u00e1s valisosos de Europa,&nbsp;con 620 figuras del siglo XVIII que recrean el nacimiento de Jes\u00fas en el Museo Nacional de Escultura. El impactante montaje, obra de Ignasi Cristi\u00e1, es el perfecto testimonio hist\u00f3rico de una \u00e9poca de ostentaci\u00f3n y excesos, la encarnaci\u00f3n de la \u2018Napoletanit\u00e1\u2019, una palabra que representa la fascinante personalidad de N\u00e1poles como una de las ciudades m\u00e1s cosmopolitas de aquel momento. Frente al paisaje buc\u00f3lico y el ropaje palestino de la mayor\u00eda de los belenes que conocemos, la escenograf\u00eda napolitana destaca por reflejar la sociedad del siglo XVIII, cuando se puso de moda el coleccionismo de figuritas (\u2018pastori\u2019) entre la alta nobleza. &nbsp; &nbsp; &nbsp; Obras de arte a peque\u00f1a escala El empe\u00f1o por&nbsp;representar todos los estratos sociales de la bulliciosa N\u00e1poles nos ha dejado un valioso testigo en peque\u00f1a escala. Por ello, los belenes napolitanos como este incorporan pastori de todo tipo: comerciantes, burgueses&nbsp;de ricos ropajes pero que, en ocasiones, aparecen ridiculizados; delicadas georgianas que acompa\u00f1an a los Reyes de Oriente, imprescindibles pastores que acuden a la Adoraci\u00f3n, e, incluso, personas pobres que piden limosna y enfermos de bocio. [&hellip;]","og_url":"https:\/\/www.info.valladolid.es\/blog\/belen-napolitano-museo-nacional-escultura\/","og_site_name":"Blog Cultura y Turismo","article_published_time":"2016-12-28T12:19:20+00:00","article_modified_time":"2020-01-07T09:51:50+00:00","og_image":[{"width":520,"height":400,"url":"https:\/\/www.info.valladolid.es\/blog\/wp-content\/uploads\/2016\/12\/belen-napolitano.jpg","type":"image\/jpeg"}],"author":"administrador","twitter_card":"summary_large_image","twitter_misc":{"Escrito por":"administrador","Tiempo de lectura":"5 minutos"},"schema":{"@context":"https:\/\/schema.org","@graph":[{"@type":"Article","@id":"https:\/\/www.info.valladolid.es\/blog\/belen-napolitano-museo-nacional-escultura\/#article","isPartOf":{"@id":"https:\/\/www.info.valladolid.es\/blog\/belen-napolitano-museo-nacional-escultura\/"},"author":{"name":"administrador","@id":"https:\/\/www.info.valladolid.es\/blog\/#\/schema\/person\/845cac97e6156a5a9c5abd68b7b9a5d5"},"headline":"El Bel\u00e9n Napolitano del Museo Nacional de Escultura","datePublished":"2016-12-28T12:19:20+00:00","dateModified":"2020-01-07T09:51:50+00:00","mainEntityOfPage":{"@id":"https:\/\/www.info.valladolid.es\/blog\/belen-napolitano-museo-nacional-escultura\/"},"wordCount":1040,"commentCount":4,"image":{"@id":"https:\/\/www.info.valladolid.es\/blog\/belen-napolitano-museo-nacional-escultura\/#primaryimage"},"thumbnailUrl":"https:\/\/www.info.valladolid.es\/blog\/wp-content\/uploads\/2016\/12\/belen-napolitano.jpg","articleSection":["Arte y Museos"],"inLanguage":"es","potentialAction":[{"@type":"CommentAction","name":"Comment","target":["https:\/\/www.info.valladolid.es\/blog\/belen-napolitano-museo-nacional-escultura\/#respond"]}]},{"@type":"WebPage","@id":"https:\/\/www.info.valladolid.es\/blog\/belen-napolitano-museo-nacional-escultura\/","url":"https:\/\/www.info.valladolid.es\/blog\/belen-napolitano-museo-nacional-escultura\/","name":"El Bel\u00e9n Napolitano del Museo Nacional de Escultura - Blog Cultura y Turismo","isPartOf":{"@id":"https:\/\/www.info.valladolid.es\/blog\/#website"},"primaryImageOfPage":{"@id":"https:\/\/www.info.valladolid.es\/blog\/belen-napolitano-museo-nacional-escultura\/#primaryimage"},"image":{"@id":"https:\/\/www.info.valladolid.es\/blog\/belen-napolitano-museo-nacional-escultura\/#primaryimage"},"thumbnailUrl":"https:\/\/www.info.valladolid.es\/blog\/wp-content\/uploads\/2016\/12\/belen-napolitano.jpg","datePublished":"2016-12-28T12:19:20+00:00","dateModified":"2020-01-07T09:51:50+00:00","author":{"@id":"https:\/\/www.info.valladolid.es\/blog\/#\/schema\/person\/845cac97e6156a5a9c5abd68b7b9a5d5"},"breadcrumb":{"@id":"https:\/\/www.info.valladolid.es\/blog\/belen-napolitano-museo-nacional-escultura\/#breadcrumb"},"inLanguage":"es","potentialAction":[{"@type":"ReadAction","target":["https:\/\/www.info.valladolid.es\/blog\/belen-napolitano-museo-nacional-escultura\/"]}]},{"@type":"ImageObject","inLanguage":"es","@id":"https:\/\/www.info.valladolid.es\/blog\/belen-napolitano-museo-nacional-escultura\/#primaryimage","url":"https:\/\/www.info.valladolid.es\/blog\/wp-content\/uploads\/2016\/12\/belen-napolitano.jpg","contentUrl":"https:\/\/www.info.valladolid.es\/blog\/wp-content\/uploads\/2016\/12\/belen-napolitano.jpg","width":520,"height":400},{"@type":"BreadcrumbList","@id":"https:\/\/www.info.valladolid.es\/blog\/belen-napolitano-museo-nacional-escultura\/#breadcrumb","itemListElement":[{"@type":"ListItem","position":1,"name":"Home","item":"https:\/\/www.info.valladolid.es\/blog\/"},{"@type":"ListItem","position":2,"name":"El Bel\u00e9n Napolitano del Museo Nacional de Escultura"}]},{"@type":"WebSite","@id":"https:\/\/www.info.valladolid.es\/blog\/#website","url":"https:\/\/www.info.valladolid.es\/blog\/","name":"Blog Cultura y Turismo","description":"","potentialAction":[{"@type":"SearchAction","target":{"@type":"EntryPoint","urlTemplate":"https:\/\/www.info.valladolid.es\/blog\/?s={search_term_string}"},"query-input":{"@type":"PropertyValueSpecification","valueRequired":true,"valueName":"search_term_string"}}],"inLanguage":"es"},{"@type":"Person","@id":"https:\/\/www.info.valladolid.es\/blog\/#\/schema\/person\/845cac97e6156a5a9c5abd68b7b9a5d5","name":"administrador","image":{"@type":"ImageObject","inLanguage":"es","@id":"https:\/\/secure.gravatar.com\/avatar\/418161d2f95196597e2d305bd301c850afab7f4b284a344fb2d759f048b71c61?s=96&d=mm&r=g","url":"https:\/\/secure.gravatar.com\/avatar\/418161d2f95196597e2d305bd301c850afab7f4b284a344fb2d759f048b71c61?s=96&d=mm&r=g","contentUrl":"https:\/\/secure.gravatar.com\/avatar\/418161d2f95196597e2d305bd301c850afab7f4b284a344fb2d759f048b71c61?s=96&d=mm&r=g","caption":"administrador"},"url":"https:\/\/www.info.valladolid.es\/blog\/author\/administrador\/"}]}},"_links":{"self":[{"href":"https:\/\/www.info.valladolid.es\/blog\/wp-json\/wp\/v2\/posts\/1921","targetHints":{"allow":["GET"]}}],"collection":[{"href":"https:\/\/www.info.valladolid.es\/blog\/wp-json\/wp\/v2\/posts"}],"about":[{"href":"https:\/\/www.info.valladolid.es\/blog\/wp-json\/wp\/v2\/types\/post"}],"author":[{"embeddable":true,"href":"https:\/\/www.info.valladolid.es\/blog\/wp-json\/wp\/v2\/users\/1"}],"replies":[{"embeddable":true,"href":"https:\/\/www.info.valladolid.es\/blog\/wp-json\/wp\/v2\/comments?post=1921"}],"version-history":[{"count":3,"href":"https:\/\/www.info.valladolid.es\/blog\/wp-json\/wp\/v2\/posts\/1921\/revisions"}],"predecessor-version":[{"id":2979,"href":"https:\/\/www.info.valladolid.es\/blog\/wp-json\/wp\/v2\/posts\/1921\/revisions\/2979"}],"wp:featuredmedia":[{"embeddable":true,"href":"https:\/\/www.info.valladolid.es\/blog\/wp-json\/wp\/v2\/media\/2978"}],"wp:attachment":[{"href":"https:\/\/www.info.valladolid.es\/blog\/wp-json\/wp\/v2\/media?parent=1921"}],"wp:term":[{"taxonomy":"category","embeddable":true,"href":"https:\/\/www.info.valladolid.es\/blog\/wp-json\/wp\/v2\/categories?post=1921"},{"taxonomy":"post_tag","embeddable":true,"href":"https:\/\/www.info.valladolid.es\/blog\/wp-json\/wp\/v2\/tags?post=1921"}],"curies":[{"name":"wp","href":"https:\/\/api.w.org\/{rel}","templated":true}]}}