{"id":1845,"date":"2016-10-21T13:03:33","date_gmt":"2016-10-21T13:03:33","guid":{"rendered":"http:\/\/www.info.valladolid.es\/blog\/?p=1845"},"modified":"2019-02-11T11:45:52","modified_gmt":"2019-02-11T11:45:52","slug":"lo-mejor-de-seminci-segun-los-espectadores","status":"publish","type":"post","link":"https:\/\/www.info.valladolid.es\/blog\/lo-mejor-de-seminci-segun-los-espectadores\/","title":{"rendered":"Lo mejor de Seminci seg\u00fan los espectadores"},"content":{"rendered":"<p>Cada a\u00f1o recibimos un torrente de opiniones acerca de la programaci\u00f3n de Seminci. A las inevitables quinielas se suelen sumar las amables discusiones que echan la vista atr\u00e1s. \u00bfCu\u00e1l es la mejor pel\u00edcula que ha pasado por la Seminci? \u00bfDe qu\u00e9 cartel te acuerdas? Recuperamos los datos de dos encuestas para conocer la opini\u00f3n de los vallisoletanos -y, de paso, comprobamos que no coinciden con la cr\u00edtica-. Y t\u00fa, \u00bfcoincides con estos &#8216;diez imprescindibles&#8217;?.<\/p>\n<ol>\n<li>En 2015 se realiz\u00f3 una encuesta para elegir la mejor pel\u00edcula proyectada en Seminci: la elegida fue&nbsp;<strong>R\u00e9quiem por un sue\u00f1o<\/strong> (<span style=\"color: #545454;\">Darren Aronofsky, 2000). Aunque arras\u00f3 en la encuesta, el jurado de ese a\u00f1o no lo tuvo tan claro:&nbsp;la pel\u00edcula comparti\u00f3 la Espiga de Oro&nbsp;con La ville est tranquille (La ciudad est\u00e1 tranquila), de Robert Gu\u00e9diguian.<\/span><\/li>\n<li>La plata en este curioso podio es, por empate, para <strong>El s\u00e9ptimo sello<\/strong> (Ingmar Bergman, 1960) e <strong>Hierro 3<\/strong> (Kim Ki-duk, 2004). El filme del sueco gan\u00f3 el L\u00e1baro de Oro, un galard\u00f3n que conviv\u00eda, por aquel entonces, con la Espiga. El del coreano, por supuesto, tambi\u00e9n logr\u00f3 &#8216;su oro&#8217; en el festival.<\/li>\n<li>El tercer puesto&nbsp;se lo lleva&nbsp;La tercera posici\u00f3n ha sido para la cinta israel\u00ed <strong>La fiesta de despedida<\/strong> (Sharon Maymon y Tal Granit, 2014). Se hizo con la Espiga de Oro y el premio ex aequo a la mejor actriz.<\/li>\n<li>Dos a\u00f1os antes, en 2013, el p\u00fablico de &nbsp;la Seminci &#8216;se moj\u00f3&#8217; en otra encuesta. En esta ocasi\u00f3n se buscaba la mejor pel\u00edcula espa\u00f1ola de todos los tiempos. Los espectadores del festival eligieron <strong>Amanece, que no es poco<\/strong> (1989, Jos\u00e9 Luis Cuerda).<strong>&nbsp;<\/strong><\/li>\n<li>El p\u00fablico de Seminci proclam\u00f3 vencedoras, en segundo y tercer puesto,&nbsp;<strong>Los santos inocentes<\/strong>&nbsp;(Mario Camus, 1984) y <strong>El verdugo<\/strong>&nbsp;(Jos\u00e9 Luis Garc\u00eda Berlanga, 1963).<\/li>\n<li>Sin embargo, los cr\u00edticos y periodistas especializados situaron en primer puesto&nbsp;<strong>El verdugo<\/strong>. Completaron el tr\u00edo con&nbsp;<strong>El esp\u00edritu de la colmena&nbsp;<\/strong>(1973,&nbsp;Victor Erice) y, empatadas, &nbsp;<strong>Pl\u00e1cido<\/strong> (Jos\u00e9 Luis Garc\u00eda Berlanga, 1961) y <strong>El sur<\/strong> (V\u00edctor Erice, 1983).<\/li>\n<li>Curiosamente, ninguna de estas pel\u00edculas espa\u00f1olas ha logrado la Espiga de Oro. Berlanga, sin embargo, recibi\u00f3 una menci\u00f3n especial&nbsp;por <strong>Los jueves, milagro<\/strong>, en 1958. Hasta el momento, la \u00fanica producci\u00f3n cien por cien espa\u00f1ola que ha ganado la Espiga de Oro es&nbsp;<strong>14 kil\u00f3metros<\/strong>, de Gerardo Olivares.<\/li>\n<li>&nbsp;Pasamos a la imagen. En 2015, cuando el p\u00fablico vot\u00f3 los carteles de la Seminci, arras\u00f3 el de&nbsp;la 29 edici\u00f3n del a\u00f1o 1984, obra del pintor Manuel Sierra. Se trata de los famosos labios, hoy convertidos en logotipo del certamen. e<\/li>\n<li>En segundo lugar eligieron el de la 58 edici\u00f3n, obra de Iv\u00e1n San Mart\u00edn.<\/li>\n<li>&nbsp;Y el bronce fue tambi\u00e9n para una creaci\u00f3n muy reciente: el que ilustr\u00f3 la&nbsp;56 edici\u00f3n, obra del navarro I\u00f1aki Fern\u00e1ndez Iturmendi.<\/li>\n<\/ol>\n<p><a href=\"http:\/\/www.info.valladolid.es\/blog\/wp-content\/uploads\/2016\/10\/carteles-seminci.jpg\"><img loading=\"lazy\" decoding=\"async\" class=\"aligncenter size-full wp-image-1847\" src=\"http:\/\/www.info.valladolid.es\/blog\/wp-content\/uploads\/2016\/10\/carteles-seminci.jpg\" alt=\"carteles seminci\" width=\"720\" height=\"338\" srcset=\"https:\/\/www.info.valladolid.es\/blog\/wp-content\/uploads\/2016\/10\/carteles-seminci.jpg 720w, https:\/\/www.info.valladolid.es\/blog\/wp-content\/uploads\/2016\/10\/carteles-seminci-300x140.jpg 300w\" sizes=\"auto, (max-width: 720px) 100vw, 720px\" \/><\/a><\/p>\n<p>&nbsp;<\/p>\n","protected":false},"excerpt":{"rendered":"<p>Cada a\u00f1o recibimos un torrente de opiniones acerca de la programaci\u00f3n de Seminci. A las inevitables quinielas se suelen sumar las amables discusiones que echan la vista atr\u00e1s. \u00bfCu\u00e1l es la mejor pel\u00edcula que ha pasado por la Seminci? \u00bfDe qu\u00e9 cartel te acuerdas? Recuperamos los datos de dos encuestas para conocer la opini\u00f3n de los vallisoletanos -y, de paso, comprobamos que no coinciden con la cr\u00edtica-. Y t\u00fa, \u00bfcoincides con estos &#8216;diez imprescindibles&#8217;?. En 2015 se realiz\u00f3 una encuesta para elegir la mejor pel\u00edcula proyectada en Seminci: la elegida fue&nbsp;R\u00e9quiem por un sue\u00f1o (Darren Aronofsky, 2000). Aunque arras\u00f3 en la encuesta, el jurado de ese a\u00f1o no lo tuvo tan claro:&nbsp;la pel\u00edcula comparti\u00f3 la Espiga de Oro&nbsp;con La ville est tranquille (La ciudad est\u00e1 tranquila), de Robert Gu\u00e9diguian. La plata en este curioso podio es, por empate, para El s\u00e9ptimo sello (Ingmar Bergman, 1960) e Hierro 3 (Kim Ki-duk, 2004). El filme del sueco gan\u00f3 el L\u00e1baro de Oro, un galard\u00f3n que conviv\u00eda, por aquel entonces, con la Espiga. El del coreano, por supuesto, tambi\u00e9n logr\u00f3 &#8216;su oro&#8217; en el festival. El tercer puesto&nbsp;se lo lleva&nbsp;La tercera posici\u00f3n ha sido para la cinta israel\u00ed La fiesta de despedida (Sharon [&hellip;]<\/p>\n","protected":false},"author":1,"featured_media":2990,"comment_status":"open","ping_status":"open","sticky":false,"template":"","format":"standard","meta":{"footnotes":""},"categories":[9],"tags":[30,31,70],"class_list":["post-1845","post","type-post","status-publish","format-standard","has-post-thumbnail","hentry","category-eventos_y_festejos","tag-semana-internacional-de-cine-de-valladolid","tag-seminci","tag-seminci-valladolid"],"yoast_head":"<!-- This site is optimized with the Yoast SEO plugin v27.5 - https:\/\/yoast.com\/product\/yoast-seo-wordpress\/ -->\n<title>Lo mejor de Seminci seg\u00fan los espectadores - Blog Cultura y Turismo<\/title>\n<meta name=\"robots\" content=\"index, follow, max-snippet:-1, max-image-preview:large, max-video-preview:-1\" \/>\n<link rel=\"canonical\" href=\"https:\/\/www.info.valladolid.es\/blog\/lo-mejor-de-seminci-segun-los-espectadores\/\" \/>\n<meta property=\"og:locale\" content=\"es_ES\" \/>\n<meta property=\"og:type\" content=\"article\" \/>\n<meta property=\"og:title\" content=\"Lo mejor de Seminci seg\u00fan los espectadores - Blog Cultura y Turismo\" \/>\n<meta property=\"og:description\" content=\"Cada a\u00f1o recibimos un torrente de opiniones acerca de la programaci\u00f3n de Seminci. A las inevitables quinielas se suelen sumar las amables discusiones que echan la vista atr\u00e1s. \u00bfCu\u00e1l es la mejor pel\u00edcula que ha pasado por la Seminci? \u00bfDe qu\u00e9 cartel te acuerdas? Recuperamos los datos de dos encuestas para conocer la opini\u00f3n de los vallisoletanos -y, de paso, comprobamos que no coinciden con la cr\u00edtica-. Y t\u00fa, \u00bfcoincides con estos &#8216;diez imprescindibles&#8217;?. En 2015 se realiz\u00f3 una encuesta para elegir la mejor pel\u00edcula proyectada en Seminci: la elegida fue&nbsp;R\u00e9quiem por un sue\u00f1o (Darren Aronofsky, 2000). Aunque arras\u00f3 en la encuesta, el jurado de ese a\u00f1o no lo tuvo tan claro:&nbsp;la pel\u00edcula comparti\u00f3 la Espiga de Oro&nbsp;con La ville est tranquille (La ciudad est\u00e1 tranquila), de Robert Gu\u00e9diguian. La plata en este curioso podio es, por empate, para El s\u00e9ptimo sello (Ingmar Bergman, 1960) e Hierro 3 (Kim Ki-duk, 2004). El filme del sueco gan\u00f3 el L\u00e1baro de Oro, un galard\u00f3n que conviv\u00eda, por aquel entonces, con la Espiga. El del coreano, por supuesto, tambi\u00e9n logr\u00f3 &#8216;su oro&#8217; en el festival. El tercer puesto&nbsp;se lo lleva&nbsp;La tercera posici\u00f3n ha sido para la cinta israel\u00ed La fiesta de despedida (Sharon [&hellip;]\" \/>\n<meta property=\"og:url\" content=\"https:\/\/www.info.valladolid.es\/blog\/lo-mejor-de-seminci-segun-los-espectadores\/\" \/>\n<meta property=\"og:site_name\" content=\"Blog Cultura y Turismo\" \/>\n<meta property=\"article:published_time\" content=\"2016-10-21T13:03:33+00:00\" \/>\n<meta property=\"article:modified_time\" content=\"2019-02-11T11:45:52+00:00\" \/>\n<meta property=\"og:image\" content=\"https:\/\/www.info.valladolid.es\/blog\/wp-content\/uploads\/2016\/10\/carteles-seminci-1.jpg\" \/>\n\t<meta property=\"og:image:width\" content=\"520\" \/>\n\t<meta property=\"og:image:height\" content=\"400\" \/>\n\t<meta property=\"og:image:type\" content=\"image\/jpeg\" \/>\n<meta name=\"author\" content=\"administrador\" \/>\n<meta name=\"twitter:card\" content=\"summary_large_image\" \/>\n<meta name=\"twitter:label1\" content=\"Escrito por\" \/>\n\t<meta name=\"twitter:data1\" content=\"administrador\" \/>\n\t<meta name=\"twitter:label2\" content=\"Tiempo de lectura\" \/>\n\t<meta name=\"twitter:data2\" content=\"3 minutos\" \/>\n<script type=\"application\/ld+json\" class=\"yoast-schema-graph\">{\"@context\":\"https:\\\/\\\/schema.org\",\"@graph\":[{\"@type\":\"Article\",\"@id\":\"https:\\\/\\\/www.info.valladolid.es\\\/blog\\\/lo-mejor-de-seminci-segun-los-espectadores\\\/#article\",\"isPartOf\":{\"@id\":\"https:\\\/\\\/www.info.valladolid.es\\\/blog\\\/lo-mejor-de-seminci-segun-los-espectadores\\\/\"},\"author\":{\"name\":\"administrador\",\"@id\":\"https:\\\/\\\/www.info.valladolid.es\\\/blog\\\/#\\\/schema\\\/person\\\/845cac97e6156a5a9c5abd68b7b9a5d5\"},\"headline\":\"Lo mejor de Seminci seg\u00fan los espectadores\",\"datePublished\":\"2016-10-21T13:03:33+00:00\",\"dateModified\":\"2019-02-11T11:45:52+00:00\",\"mainEntityOfPage\":{\"@id\":\"https:\\\/\\\/www.info.valladolid.es\\\/blog\\\/lo-mejor-de-seminci-segun-los-espectadores\\\/\"},\"wordCount\":518,\"commentCount\":0,\"image\":{\"@id\":\"https:\\\/\\\/www.info.valladolid.es\\\/blog\\\/lo-mejor-de-seminci-segun-los-espectadores\\\/#primaryimage\"},\"thumbnailUrl\":\"https:\\\/\\\/www.info.valladolid.es\\\/blog\\\/wp-content\\\/uploads\\\/2016\\\/10\\\/carteles-seminci-1.jpg\",\"keywords\":[\"semana internacional de cine de Valladolid\",\"Seminci\",\"Seminci Valladolid\"],\"articleSection\":[\"Eventos y festejos\"],\"inLanguage\":\"es\",\"potentialAction\":[{\"@type\":\"CommentAction\",\"name\":\"Comment\",\"target\":[\"https:\\\/\\\/www.info.valladolid.es\\\/blog\\\/lo-mejor-de-seminci-segun-los-espectadores\\\/#respond\"]}]},{\"@type\":\"WebPage\",\"@id\":\"https:\\\/\\\/www.info.valladolid.es\\\/blog\\\/lo-mejor-de-seminci-segun-los-espectadores\\\/\",\"url\":\"https:\\\/\\\/www.info.valladolid.es\\\/blog\\\/lo-mejor-de-seminci-segun-los-espectadores\\\/\",\"name\":\"Lo mejor de Seminci seg\u00fan los espectadores - Blog Cultura y Turismo\",\"isPartOf\":{\"@id\":\"https:\\\/\\\/www.info.valladolid.es\\\/blog\\\/#website\"},\"primaryImageOfPage\":{\"@id\":\"https:\\\/\\\/www.info.valladolid.es\\\/blog\\\/lo-mejor-de-seminci-segun-los-espectadores\\\/#primaryimage\"},\"image\":{\"@id\":\"https:\\\/\\\/www.info.valladolid.es\\\/blog\\\/lo-mejor-de-seminci-segun-los-espectadores\\\/#primaryimage\"},\"thumbnailUrl\":\"https:\\\/\\\/www.info.valladolid.es\\\/blog\\\/wp-content\\\/uploads\\\/2016\\\/10\\\/carteles-seminci-1.jpg\",\"datePublished\":\"2016-10-21T13:03:33+00:00\",\"dateModified\":\"2019-02-11T11:45:52+00:00\",\"author\":{\"@id\":\"https:\\\/\\\/www.info.valladolid.es\\\/blog\\\/#\\\/schema\\\/person\\\/845cac97e6156a5a9c5abd68b7b9a5d5\"},\"breadcrumb\":{\"@id\":\"https:\\\/\\\/www.info.valladolid.es\\\/blog\\\/lo-mejor-de-seminci-segun-los-espectadores\\\/#breadcrumb\"},\"inLanguage\":\"es\",\"potentialAction\":[{\"@type\":\"ReadAction\",\"target\":[\"https:\\\/\\\/www.info.valladolid.es\\\/blog\\\/lo-mejor-de-seminci-segun-los-espectadores\\\/\"]}]},{\"@type\":\"ImageObject\",\"inLanguage\":\"es\",\"@id\":\"https:\\\/\\\/www.info.valladolid.es\\\/blog\\\/lo-mejor-de-seminci-segun-los-espectadores\\\/#primaryimage\",\"url\":\"https:\\\/\\\/www.info.valladolid.es\\\/blog\\\/wp-content\\\/uploads\\\/2016\\\/10\\\/carteles-seminci-1.jpg\",\"contentUrl\":\"https:\\\/\\\/www.info.valladolid.es\\\/blog\\\/wp-content\\\/uploads\\\/2016\\\/10\\\/carteles-seminci-1.jpg\",\"width\":520,\"height\":400},{\"@type\":\"BreadcrumbList\",\"@id\":\"https:\\\/\\\/www.info.valladolid.es\\\/blog\\\/lo-mejor-de-seminci-segun-los-espectadores\\\/#breadcrumb\",\"itemListElement\":[{\"@type\":\"ListItem\",\"position\":1,\"name\":\"Home\",\"item\":\"https:\\\/\\\/www.info.valladolid.es\\\/blog\\\/\"},{\"@type\":\"ListItem\",\"position\":2,\"name\":\"Lo mejor de Seminci seg\u00fan los espectadores\"}]},{\"@type\":\"WebSite\",\"@id\":\"https:\\\/\\\/www.info.valladolid.es\\\/blog\\\/#website\",\"url\":\"https:\\\/\\\/www.info.valladolid.es\\\/blog\\\/\",\"name\":\"Blog Cultura y Turismo\",\"description\":\"\",\"potentialAction\":[{\"@type\":\"SearchAction\",\"target\":{\"@type\":\"EntryPoint\",\"urlTemplate\":\"https:\\\/\\\/www.info.valladolid.es\\\/blog\\\/?s={search_term_string}\"},\"query-input\":{\"@type\":\"PropertyValueSpecification\",\"valueRequired\":true,\"valueName\":\"search_term_string\"}}],\"inLanguage\":\"es\"},{\"@type\":\"Person\",\"@id\":\"https:\\\/\\\/www.info.valladolid.es\\\/blog\\\/#\\\/schema\\\/person\\\/845cac97e6156a5a9c5abd68b7b9a5d5\",\"name\":\"administrador\",\"image\":{\"@type\":\"ImageObject\",\"inLanguage\":\"es\",\"@id\":\"https:\\\/\\\/secure.gravatar.com\\\/avatar\\\/418161d2f95196597e2d305bd301c850afab7f4b284a344fb2d759f048b71c61?s=96&d=mm&r=g\",\"url\":\"https:\\\/\\\/secure.gravatar.com\\\/avatar\\\/418161d2f95196597e2d305bd301c850afab7f4b284a344fb2d759f048b71c61?s=96&d=mm&r=g\",\"contentUrl\":\"https:\\\/\\\/secure.gravatar.com\\\/avatar\\\/418161d2f95196597e2d305bd301c850afab7f4b284a344fb2d759f048b71c61?s=96&d=mm&r=g\",\"caption\":\"administrador\"},\"url\":\"https:\\\/\\\/www.info.valladolid.es\\\/blog\\\/author\\\/administrador\\\/\"}]}<\/script>\n<!-- \/ Yoast SEO plugin. -->","yoast_head_json":{"title":"Lo mejor de Seminci seg\u00fan los espectadores - Blog Cultura y Turismo","robots":{"index":"index","follow":"follow","max-snippet":"max-snippet:-1","max-image-preview":"max-image-preview:large","max-video-preview":"max-video-preview:-1"},"canonical":"https:\/\/www.info.valladolid.es\/blog\/lo-mejor-de-seminci-segun-los-espectadores\/","og_locale":"es_ES","og_type":"article","og_title":"Lo mejor de Seminci seg\u00fan los espectadores - Blog Cultura y Turismo","og_description":"Cada a\u00f1o recibimos un torrente de opiniones acerca de la programaci\u00f3n de Seminci. A las inevitables quinielas se suelen sumar las amables discusiones que echan la vista atr\u00e1s. \u00bfCu\u00e1l es la mejor pel\u00edcula que ha pasado por la Seminci? \u00bfDe qu\u00e9 cartel te acuerdas? Recuperamos los datos de dos encuestas para conocer la opini\u00f3n de los vallisoletanos -y, de paso, comprobamos que no coinciden con la cr\u00edtica-. Y t\u00fa, \u00bfcoincides con estos &#8216;diez imprescindibles&#8217;?. En 2015 se realiz\u00f3 una encuesta para elegir la mejor pel\u00edcula proyectada en Seminci: la elegida fue&nbsp;R\u00e9quiem por un sue\u00f1o (Darren Aronofsky, 2000). Aunque arras\u00f3 en la encuesta, el jurado de ese a\u00f1o no lo tuvo tan claro:&nbsp;la pel\u00edcula comparti\u00f3 la Espiga de Oro&nbsp;con La ville est tranquille (La ciudad est\u00e1 tranquila), de Robert Gu\u00e9diguian. La plata en este curioso podio es, por empate, para El s\u00e9ptimo sello (Ingmar Bergman, 1960) e Hierro 3 (Kim Ki-duk, 2004). El filme del sueco gan\u00f3 el L\u00e1baro de Oro, un galard\u00f3n que conviv\u00eda, por aquel entonces, con la Espiga. El del coreano, por supuesto, tambi\u00e9n logr\u00f3 &#8216;su oro&#8217; en el festival. El tercer puesto&nbsp;se lo lleva&nbsp;La tercera posici\u00f3n ha sido para la cinta israel\u00ed La fiesta de despedida (Sharon [&hellip;]","og_url":"https:\/\/www.info.valladolid.es\/blog\/lo-mejor-de-seminci-segun-los-espectadores\/","og_site_name":"Blog Cultura y Turismo","article_published_time":"2016-10-21T13:03:33+00:00","article_modified_time":"2019-02-11T11:45:52+00:00","og_image":[{"width":520,"height":400,"url":"https:\/\/www.info.valladolid.es\/blog\/wp-content\/uploads\/2016\/10\/carteles-seminci-1.jpg","type":"image\/jpeg"}],"author":"administrador","twitter_card":"summary_large_image","twitter_misc":{"Escrito por":"administrador","Tiempo de lectura":"3 minutos"},"schema":{"@context":"https:\/\/schema.org","@graph":[{"@type":"Article","@id":"https:\/\/www.info.valladolid.es\/blog\/lo-mejor-de-seminci-segun-los-espectadores\/#article","isPartOf":{"@id":"https:\/\/www.info.valladolid.es\/blog\/lo-mejor-de-seminci-segun-los-espectadores\/"},"author":{"name":"administrador","@id":"https:\/\/www.info.valladolid.es\/blog\/#\/schema\/person\/845cac97e6156a5a9c5abd68b7b9a5d5"},"headline":"Lo mejor de Seminci seg\u00fan los espectadores","datePublished":"2016-10-21T13:03:33+00:00","dateModified":"2019-02-11T11:45:52+00:00","mainEntityOfPage":{"@id":"https:\/\/www.info.valladolid.es\/blog\/lo-mejor-de-seminci-segun-los-espectadores\/"},"wordCount":518,"commentCount":0,"image":{"@id":"https:\/\/www.info.valladolid.es\/blog\/lo-mejor-de-seminci-segun-los-espectadores\/#primaryimage"},"thumbnailUrl":"https:\/\/www.info.valladolid.es\/blog\/wp-content\/uploads\/2016\/10\/carteles-seminci-1.jpg","keywords":["semana internacional de cine de Valladolid","Seminci","Seminci Valladolid"],"articleSection":["Eventos y festejos"],"inLanguage":"es","potentialAction":[{"@type":"CommentAction","name":"Comment","target":["https:\/\/www.info.valladolid.es\/blog\/lo-mejor-de-seminci-segun-los-espectadores\/#respond"]}]},{"@type":"WebPage","@id":"https:\/\/www.info.valladolid.es\/blog\/lo-mejor-de-seminci-segun-los-espectadores\/","url":"https:\/\/www.info.valladolid.es\/blog\/lo-mejor-de-seminci-segun-los-espectadores\/","name":"Lo mejor de Seminci seg\u00fan los espectadores - Blog Cultura y Turismo","isPartOf":{"@id":"https:\/\/www.info.valladolid.es\/blog\/#website"},"primaryImageOfPage":{"@id":"https:\/\/www.info.valladolid.es\/blog\/lo-mejor-de-seminci-segun-los-espectadores\/#primaryimage"},"image":{"@id":"https:\/\/www.info.valladolid.es\/blog\/lo-mejor-de-seminci-segun-los-espectadores\/#primaryimage"},"thumbnailUrl":"https:\/\/www.info.valladolid.es\/blog\/wp-content\/uploads\/2016\/10\/carteles-seminci-1.jpg","datePublished":"2016-10-21T13:03:33+00:00","dateModified":"2019-02-11T11:45:52+00:00","author":{"@id":"https:\/\/www.info.valladolid.es\/blog\/#\/schema\/person\/845cac97e6156a5a9c5abd68b7b9a5d5"},"breadcrumb":{"@id":"https:\/\/www.info.valladolid.es\/blog\/lo-mejor-de-seminci-segun-los-espectadores\/#breadcrumb"},"inLanguage":"es","potentialAction":[{"@type":"ReadAction","target":["https:\/\/www.info.valladolid.es\/blog\/lo-mejor-de-seminci-segun-los-espectadores\/"]}]},{"@type":"ImageObject","inLanguage":"es","@id":"https:\/\/www.info.valladolid.es\/blog\/lo-mejor-de-seminci-segun-los-espectadores\/#primaryimage","url":"https:\/\/www.info.valladolid.es\/blog\/wp-content\/uploads\/2016\/10\/carteles-seminci-1.jpg","contentUrl":"https:\/\/www.info.valladolid.es\/blog\/wp-content\/uploads\/2016\/10\/carteles-seminci-1.jpg","width":520,"height":400},{"@type":"BreadcrumbList","@id":"https:\/\/www.info.valladolid.es\/blog\/lo-mejor-de-seminci-segun-los-espectadores\/#breadcrumb","itemListElement":[{"@type":"ListItem","position":1,"name":"Home","item":"https:\/\/www.info.valladolid.es\/blog\/"},{"@type":"ListItem","position":2,"name":"Lo mejor de Seminci seg\u00fan los espectadores"}]},{"@type":"WebSite","@id":"https:\/\/www.info.valladolid.es\/blog\/#website","url":"https:\/\/www.info.valladolid.es\/blog\/","name":"Blog Cultura y Turismo","description":"","potentialAction":[{"@type":"SearchAction","target":{"@type":"EntryPoint","urlTemplate":"https:\/\/www.info.valladolid.es\/blog\/?s={search_term_string}"},"query-input":{"@type":"PropertyValueSpecification","valueRequired":true,"valueName":"search_term_string"}}],"inLanguage":"es"},{"@type":"Person","@id":"https:\/\/www.info.valladolid.es\/blog\/#\/schema\/person\/845cac97e6156a5a9c5abd68b7b9a5d5","name":"administrador","image":{"@type":"ImageObject","inLanguage":"es","@id":"https:\/\/secure.gravatar.com\/avatar\/418161d2f95196597e2d305bd301c850afab7f4b284a344fb2d759f048b71c61?s=96&d=mm&r=g","url":"https:\/\/secure.gravatar.com\/avatar\/418161d2f95196597e2d305bd301c850afab7f4b284a344fb2d759f048b71c61?s=96&d=mm&r=g","contentUrl":"https:\/\/secure.gravatar.com\/avatar\/418161d2f95196597e2d305bd301c850afab7f4b284a344fb2d759f048b71c61?s=96&d=mm&r=g","caption":"administrador"},"url":"https:\/\/www.info.valladolid.es\/blog\/author\/administrador\/"}]}},"_links":{"self":[{"href":"https:\/\/www.info.valladolid.es\/blog\/wp-json\/wp\/v2\/posts\/1845","targetHints":{"allow":["GET"]}}],"collection":[{"href":"https:\/\/www.info.valladolid.es\/blog\/wp-json\/wp\/v2\/posts"}],"about":[{"href":"https:\/\/www.info.valladolid.es\/blog\/wp-json\/wp\/v2\/types\/post"}],"author":[{"embeddable":true,"href":"https:\/\/www.info.valladolid.es\/blog\/wp-json\/wp\/v2\/users\/1"}],"replies":[{"embeddable":true,"href":"https:\/\/www.info.valladolid.es\/blog\/wp-json\/wp\/v2\/comments?post=1845"}],"version-history":[{"count":4,"href":"https:\/\/www.info.valladolid.es\/blog\/wp-json\/wp\/v2\/posts\/1845\/revisions"}],"predecessor-version":[{"id":2991,"href":"https:\/\/www.info.valladolid.es\/blog\/wp-json\/wp\/v2\/posts\/1845\/revisions\/2991"}],"wp:featuredmedia":[{"embeddable":true,"href":"https:\/\/www.info.valladolid.es\/blog\/wp-json\/wp\/v2\/media\/2990"}],"wp:attachment":[{"href":"https:\/\/www.info.valladolid.es\/blog\/wp-json\/wp\/v2\/media?parent=1845"}],"wp:term":[{"taxonomy":"category","embeddable":true,"href":"https:\/\/www.info.valladolid.es\/blog\/wp-json\/wp\/v2\/categories?post=1845"},{"taxonomy":"post_tag","embeddable":true,"href":"https:\/\/www.info.valladolid.es\/blog\/wp-json\/wp\/v2\/tags?post=1845"}],"curies":[{"name":"wp","href":"https:\/\/api.w.org\/{rel}","templated":true}]}}