{"id":1803,"date":"2016-09-30T11:42:10","date_gmt":"2016-09-30T11:42:10","guid":{"rendered":"http:\/\/www.info.valladolid.es\/blog\/?p=1803"},"modified":"2019-02-11T11:49:05","modified_gmt":"2019-02-11T11:49:05","slug":"que-hacer-en-valladolid-10","status":"publish","type":"post","link":"https:\/\/www.info.valladolid.es\/blog\/que-hacer-en-valladolid-10\/","title":{"rendered":"Qu\u00e9 hacer estos d\u00edas en Valladolid"},"content":{"rendered":"<p>Esta semana, \u00a1estamos de estreno! Estrenamos un programa de visitas guiadas que resucita algunos de los personajes m\u00e1s ilustres que han pasado por Valladolid, nuevas exposiciones que van de lo local al lejano Oriente, propuestas esc\u00e9nicas de alt\u00edsima calidad y una recreaci\u00f3n hist\u00f3rica de un hecho asombroso que tuvo lugar en el mismo Pisuerga.<\/p>\n<p><span style=\"text-decoration: underline;\"><strong><a href=\"http:\/\/www.info.valladolid.es\/turismo\/servicios\/visitas-guiadas\"><img loading=\"lazy\" decoding=\"async\" class=\"alignleft size-full wp-image-1806\" src=\"http:\/\/www.info.valladolid.es\/blog\/wp-content\/uploads\/2016\/09\/blog_reinas.png\" alt=\"blog_reinas\" width=\"130\" height=\"130\"><\/a>Nuevas visitas.<\/strong><\/span> \u00bfSab\u00edas que la reina de Los Tres Mosqueteros y de La M\u00e1scara de Hierro naci\u00f3 en Valladolid? \u00bfY que en el Monasterio de las Huelgas Reales est\u00e1 enterrada Mar\u00eda de Molina, reina de Castilla? Ana y Mar\u00eda son dos de las gu\u00edas en la nueva visita teatralizada \u2018Reinas en Valladolid\u2019, pero hay m\u00e1s: Catalina de Lancaster y Margarita de Austria nos mostrar\u00e1n los escenarios que marcaron su vida en la ciudad que acogi\u00f3 la boda de los Reyes Cat\u00f3licos. Es solo una de las <a href=\"http:\/\/www.info.valladolid.es\/turismo\/servicios\/visitas-guiadas\" target=\"_blank\"><span style=\"text-decoration: underline;\">nuevas propuestas que puedes consultar aqu\u00ed.&nbsp;<\/span><\/a><\/p>\n<p>&nbsp;<\/p>\n<p><span style=\"text-decoration: underline;\"><strong><a href=\"http:\/\/www.info.valladolid.es\/home1?p_p_id=NoticiasResumenHomeRV_WAR_NoticiasResumenHomeRV&amp;p_p_lifecycle=1&amp;p_p_state=normal&amp;p_p_mode=view&amp;p_p_col_id=fila-3&amp;p_p_col_count=1&amp;_NoticiasResumenHomeRV_WAR_NoticiasResumenHomeRV_idNoticia=346411&amp;_NoticiasResumenHomeRV_WAR_NoticiasResumenHomeRV_groupId=10167&amp;_NoticiasResumenHomeRV_WAR_NoticiasResumenHomeRV_javax.portlet.action=lanzarNoticias\"><img loading=\"lazy\" decoding=\"async\" class=\"alignleft size-full wp-image-1804\" src=\"http:\/\/www.info.valladolid.es\/blog\/wp-content\/uploads\/2016\/09\/blog_buceo.png\" alt=\"blog_buceo\" width=\"130\" height=\"130\"><\/a>Recreaci\u00f3n hist\u00f3rica.<\/strong><\/span> No dejamos los a\u00f1os en los que Valladolid era cuna de reyes y reinas. En 1602, durante el reinado de Felipe III, ocurr\u00eda un hecho extraordinario: un hombre permanec\u00eda sumergido debajo de las aguas del Pisuerga, ante el monarca y su Corte, durante m\u00e1s de una hora. No era obra de magia, sino de un ingenio ideado por <a title=\"Jer\u00f3nimo de Ayanz: el buceo moderno \u2018naci\u00f3\u2019 en Valladolid\" href=\"http:\/\/www.info.valladolid.es\/blog\/jeronimo-ayanaz-buceo\/\" target=\"_blank\">Jer\u00f3nimo de Ayanz<\/a>, un \u2018Da Vinci espa\u00f1ol\u2019 que, adem\u00e1s, invento la m\u00e1quina de vapor. Este domingo, a mediod\u00eda, las Tener\u00edas (cerca del Puente Isabel la Cat\u00f3lica) <a href=\"http:\/\/www.info.valladolid.es\/web\/culturayturismo\/enlaceno?idArticulo=346411&amp;docDescarga=NoHayDocDetalle&amp;migas=248702\" target=\"_blank\"><span style=\"text-decoration: underline;\">volver\u00e1 a ser testigo<\/span><\/a> de tal haza\u00f1a.<\/p>\n<p>&nbsp;<\/p>\n<p><span style=\"text-decoration: underline;\"><strong><a href=\"http:\/\/www.info.valladolid.es\/enlaceev?idArticulo=345961&amp;docDescarga=NoHayDocDetalle&amp;idLugar=null&amp;migas=250629&amp;evRelac=cultura&amp;dirMaps=Calle%20de%20Jorge%20Guillen%206,47003%20Valladolid%20Espana\"><img loading=\"lazy\" decoding=\"async\" class=\"alignleft size-full wp-image-1807\" src=\"http:\/\/www.info.valladolid.es\/blog\/wp-content\/uploads\/2016\/09\/blog_japan_now.png\" alt=\"blog_japan_now\" width=\"130\" height=\"130\"><\/a>Exposiciones Japan Now y Sal\u00f3n de Oto\u00f1o.<\/strong><\/span> Recibir el cambio de estaci\u00f3n&nbsp;con el<a href=\"http:\/\/www.info.valladolid.es\/enlaceev?idArticulo=345952&amp;docDescarga=NoHayDocDetalle&amp;idLugar=null&amp;migas=250629&amp;evRelac=cultura&amp;dirMaps=Calle%20de%20Jorge%20Guillen%206,47003%20Valladolid%20Espana\" target=\"_blank\"><span style=\"text-decoration: underline;\"><strong> Sal\u00f3n de Oto\u00f1o<\/strong><\/span><\/a> de la Uni\u00f3n Art\u00edstica Vallisoletana es una tradici\u00f3n: 30&nbsp;pintores locales ponen color a la <em>rentre\u00e9<\/em> en el Teatro Calder\u00f3n. En Las Francesas podr\u00e1s encontrar una propuesta radicalmente opuesta, la que representan los artistas nipones contempor\u00e1neos m\u00e1s relevantes, entre ellos, Murakami, \u2018el Warhol oriental\u2019, en <a href=\"http:\/\/www.info.valladolid.es\/enlaceev?idArticulo=345961&amp;docDescarga=NoHayDocDetalle&amp;idLugar=null&amp;migas=250629&amp;evRelac=cultura&amp;dirMaps=Calle%20de%20Jorge%20Guillen%206,47003%20Valladolid%20Espana\" target=\"_blank\"><span style=\"text-decoration: underline;\"><strong>Japan Now!<\/strong><\/span><\/a>. Ambas pueden visitarse de martes a domingo y festivos en horario de 12 a 14 y de 18.30 a 21.30 horas.<\/p>\n<p>&nbsp;<\/p>\n<p><strong><a href=\"http:\/\/www.tcalderon.com\/program\/principal\/danza\/don_quijote\/\"><img loading=\"lazy\" decoding=\"async\" class=\"alignleft size-full wp-image-1808\" src=\"http:\/\/www.info.valladolid.es\/blog\/wp-content\/uploads\/2016\/09\/news_quijote.png\" alt=\"news_quijote\" width=\"130\" height=\"130\"><\/a><\/strong><\/p>\n<p><span style=\"text-decoration: underline;\"><strong>Ballet<\/strong><\/span>. El Teatro Calder\u00f3n de Valladolid estrena su temporada 2016\/2017 a lo grande: con el primer ballet cl\u00e1sico completo que pone en escena la Compa\u00f1\u00eda Nacional de Danza en m\u00e1s de 25 a\u00f1os. <a href=\"http:\/\/www.tcalderon.com\/program\/principal\/danza\/don_quijote\/\" target=\"_blank\"><span style=\"text-decoration: underline;\"><strong>Don Quijote<\/strong><\/span><\/a> es un homenaje a Miguel de Cervantes en el cuarto centenario de su fallecimiento; pero tambi\u00e9n es una nueva aproximaci\u00f3n al hidalgo m\u00e1s conocido de la Literatura, al hombre que hay detr\u00e1s de la novela. Funciones los d\u00edas 30 de septiembre (20.30 h.), 1 de octubre (20.30 h.) y 2 de octubre (19.30 h.). Entradas a la venta a partir de 15 euros.<\/p>\n<p>&nbsp;<\/p>\n<p><strong><a href=\"http:\/\/www.info.valladolid.es\/blog\/paseo-la-victoria-canal-castilla\/\"><img loading=\"lazy\" decoding=\"async\" class=\"alignleft size-full wp-image-1809\" src=\"http:\/\/www.info.valladolid.es\/blog\/wp-content\/uploads\/2016\/09\/blog_canal.png\" alt=\"blog_canal\" width=\"130\" height=\"130\"><\/a><\/strong><\/p>\n<p><span style=\"text-decoration: underline;\"><strong>Un paseo por el Canal.<\/strong><\/span> Aprovecha que el tiempo nos da una tregua antes del fr\u00edo para dar un paseo por el Canal de Castilla. Si todav\u00eda no has explorado <a title=\"Un paseo por el barrio del Canal de Castilla: La Victoria\" href=\"http:\/\/www.info.valladolid.es\/blog\/paseo-la-victoria-canal-castilla\/\"><span style=\"text-decoration: underline;\"><strong>La Victoria<\/strong><\/span><\/a>, es el mejor momento para descubrir los vestigios de su pasado industrial: la antigua f\u00e1brica La Perla, la locomotora del \u201ctren burra\u201d y, sobre todo, el imponente Canal de Castilla. Te proponemos <a title=\"Un paseo por el barrio del Canal de Castilla: La Victoria\" href=\"http:\/\/www.info.valladolid.es\/blog\/paseo-la-victoria-canal-castilla\/\"><span style=\"text-decoration: underline;\"><strong>un recorrido<\/strong><\/span><\/a> por sus dos tramos urbanos: uno cobijado por una densa vegetaci\u00f3n y ornamentado con pinturas murales, y otro di\u00e1fano, junto al jard\u00edn bot\u00e1nico, que llega hasta la esclusa n\u00famero 42.<\/p>\n","protected":false},"excerpt":{"rendered":"<p>Esta semana, \u00a1estamos de estreno! Estrenamos un programa de visitas guiadas que resucita algunos de los personajes m\u00e1s ilustres que han pasado por Valladolid, nuevas exposiciones que van de lo local al lejano Oriente, propuestas esc\u00e9nicas de alt\u00edsima calidad y una recreaci\u00f3n hist\u00f3rica de un hecho asombroso que tuvo lugar en el mismo Pisuerga. Nuevas visitas. \u00bfSab\u00edas que la reina de Los Tres Mosqueteros y de La M\u00e1scara de Hierro naci\u00f3 en Valladolid? \u00bfY que en el Monasterio de las Huelgas Reales est\u00e1 enterrada Mar\u00eda de Molina, reina de Castilla? Ana y Mar\u00eda son dos de las gu\u00edas en la nueva visita teatralizada \u2018Reinas en Valladolid\u2019, pero hay m\u00e1s: Catalina de Lancaster y Margarita de Austria nos mostrar\u00e1n los escenarios que marcaron su vida en la ciudad que acogi\u00f3 la boda de los Reyes Cat\u00f3licos. Es solo una de las nuevas propuestas que puedes consultar aqu\u00ed.&nbsp; &nbsp; Recreaci\u00f3n hist\u00f3rica. No dejamos los a\u00f1os en los que Valladolid era cuna de reyes y reinas. En 1602, durante el reinado de Felipe III, ocurr\u00eda un hecho extraordinario: un hombre permanec\u00eda sumergido debajo de las aguas del Pisuerga, ante el monarca y su Corte, durante m\u00e1s de una hora. No era obra de [&hellip;]<\/p>\n","protected":false},"author":1,"featured_media":2973,"comment_status":"open","ping_status":"open","sticky":false,"template":"","format":"standard","meta":{"footnotes":""},"categories":[1],"tags":[],"class_list":["post-1803","post","type-post","status-publish","format-standard","has-post-thumbnail","hentry","category-sin-categoria"],"yoast_head":"<!-- This site is optimized with the Yoast SEO plugin v27.5 - https:\/\/yoast.com\/product\/yoast-seo-wordpress\/ -->\n<title>Qu\u00e9 hacer estos d\u00edas en Valladolid - Blog Cultura y Turismo<\/title>\n<meta name=\"robots\" content=\"index, follow, max-snippet:-1, max-image-preview:large, max-video-preview:-1\" \/>\n<link rel=\"canonical\" href=\"https:\/\/www.info.valladolid.es\/blog\/que-hacer-en-valladolid-10\/\" \/>\n<meta property=\"og:locale\" content=\"es_ES\" \/>\n<meta property=\"og:type\" content=\"article\" \/>\n<meta property=\"og:title\" content=\"Qu\u00e9 hacer estos d\u00edas en Valladolid - Blog Cultura y Turismo\" \/>\n<meta property=\"og:description\" content=\"Esta semana, \u00a1estamos de estreno! Estrenamos un programa de visitas guiadas que resucita algunos de los personajes m\u00e1s ilustres que han pasado por Valladolid, nuevas exposiciones que van de lo local al lejano Oriente, propuestas esc\u00e9nicas de alt\u00edsima calidad y una recreaci\u00f3n hist\u00f3rica de un hecho asombroso que tuvo lugar en el mismo Pisuerga. Nuevas visitas. \u00bfSab\u00edas que la reina de Los Tres Mosqueteros y de La M\u00e1scara de Hierro naci\u00f3 en Valladolid? \u00bfY que en el Monasterio de las Huelgas Reales est\u00e1 enterrada Mar\u00eda de Molina, reina de Castilla? Ana y Mar\u00eda son dos de las gu\u00edas en la nueva visita teatralizada \u2018Reinas en Valladolid\u2019, pero hay m\u00e1s: Catalina de Lancaster y Margarita de Austria nos mostrar\u00e1n los escenarios que marcaron su vida en la ciudad que acogi\u00f3 la boda de los Reyes Cat\u00f3licos. Es solo una de las nuevas propuestas que puedes consultar aqu\u00ed.&nbsp; &nbsp; Recreaci\u00f3n hist\u00f3rica. No dejamos los a\u00f1os en los que Valladolid era cuna de reyes y reinas. En 1602, durante el reinado de Felipe III, ocurr\u00eda un hecho extraordinario: un hombre permanec\u00eda sumergido debajo de las aguas del Pisuerga, ante el monarca y su Corte, durante m\u00e1s de una hora. No era obra de [&hellip;]\" \/>\n<meta property=\"og:url\" content=\"https:\/\/www.info.valladolid.es\/blog\/que-hacer-en-valladolid-10\/\" \/>\n<meta property=\"og:site_name\" content=\"Blog Cultura y Turismo\" \/>\n<meta property=\"article:published_time\" content=\"2016-09-30T11:42:10+00:00\" \/>\n<meta property=\"article:modified_time\" content=\"2019-02-11T11:49:05+00:00\" \/>\n<meta property=\"og:image\" content=\"https:\/\/www.info.valladolid.es\/blog\/wp-content\/uploads\/2017\/01\/visita-reinas-en-valladolid.jpg\" \/>\n\t<meta property=\"og:image:width\" content=\"520\" \/>\n\t<meta property=\"og:image:height\" content=\"400\" \/>\n\t<meta property=\"og:image:type\" content=\"image\/jpeg\" \/>\n<meta name=\"author\" content=\"administrador\" \/>\n<meta name=\"twitter:card\" content=\"summary_large_image\" \/>\n<meta name=\"twitter:label1\" content=\"Escrito por\" \/>\n\t<meta name=\"twitter:data1\" content=\"administrador\" \/>\n\t<meta name=\"twitter:label2\" content=\"Tiempo de lectura\" \/>\n\t<meta name=\"twitter:data2\" content=\"3 minutos\" \/>\n<script type=\"application\/ld+json\" class=\"yoast-schema-graph\">{\"@context\":\"https:\\\/\\\/schema.org\",\"@graph\":[{\"@type\":\"Article\",\"@id\":\"https:\\\/\\\/www.info.valladolid.es\\\/blog\\\/que-hacer-en-valladolid-10\\\/#article\",\"isPartOf\":{\"@id\":\"https:\\\/\\\/www.info.valladolid.es\\\/blog\\\/que-hacer-en-valladolid-10\\\/\"},\"author\":{\"name\":\"administrador\",\"@id\":\"https:\\\/\\\/www.info.valladolid.es\\\/blog\\\/#\\\/schema\\\/person\\\/845cac97e6156a5a9c5abd68b7b9a5d5\"},\"headline\":\"Qu\u00e9 hacer estos d\u00edas en Valladolid\",\"datePublished\":\"2016-09-30T11:42:10+00:00\",\"dateModified\":\"2019-02-11T11:49:05+00:00\",\"mainEntityOfPage\":{\"@id\":\"https:\\\/\\\/www.info.valladolid.es\\\/blog\\\/que-hacer-en-valladolid-10\\\/\"},\"wordCount\":573,\"commentCount\":1,\"image\":{\"@id\":\"https:\\\/\\\/www.info.valladolid.es\\\/blog\\\/que-hacer-en-valladolid-10\\\/#primaryimage\"},\"thumbnailUrl\":\"https:\\\/\\\/www.info.valladolid.es\\\/blog\\\/wp-content\\\/uploads\\\/2017\\\/01\\\/visita-reinas-en-valladolid.jpg\",\"inLanguage\":\"es\",\"potentialAction\":[{\"@type\":\"CommentAction\",\"name\":\"Comment\",\"target\":[\"https:\\\/\\\/www.info.valladolid.es\\\/blog\\\/que-hacer-en-valladolid-10\\\/#respond\"]}]},{\"@type\":\"WebPage\",\"@id\":\"https:\\\/\\\/www.info.valladolid.es\\\/blog\\\/que-hacer-en-valladolid-10\\\/\",\"url\":\"https:\\\/\\\/www.info.valladolid.es\\\/blog\\\/que-hacer-en-valladolid-10\\\/\",\"name\":\"Qu\u00e9 hacer estos d\u00edas en Valladolid - Blog Cultura y Turismo\",\"isPartOf\":{\"@id\":\"https:\\\/\\\/www.info.valladolid.es\\\/blog\\\/#website\"},\"primaryImageOfPage\":{\"@id\":\"https:\\\/\\\/www.info.valladolid.es\\\/blog\\\/que-hacer-en-valladolid-10\\\/#primaryimage\"},\"image\":{\"@id\":\"https:\\\/\\\/www.info.valladolid.es\\\/blog\\\/que-hacer-en-valladolid-10\\\/#primaryimage\"},\"thumbnailUrl\":\"https:\\\/\\\/www.info.valladolid.es\\\/blog\\\/wp-content\\\/uploads\\\/2017\\\/01\\\/visita-reinas-en-valladolid.jpg\",\"datePublished\":\"2016-09-30T11:42:10+00:00\",\"dateModified\":\"2019-02-11T11:49:05+00:00\",\"author\":{\"@id\":\"https:\\\/\\\/www.info.valladolid.es\\\/blog\\\/#\\\/schema\\\/person\\\/845cac97e6156a5a9c5abd68b7b9a5d5\"},\"breadcrumb\":{\"@id\":\"https:\\\/\\\/www.info.valladolid.es\\\/blog\\\/que-hacer-en-valladolid-10\\\/#breadcrumb\"},\"inLanguage\":\"es\",\"potentialAction\":[{\"@type\":\"ReadAction\",\"target\":[\"https:\\\/\\\/www.info.valladolid.es\\\/blog\\\/que-hacer-en-valladolid-10\\\/\"]}]},{\"@type\":\"ImageObject\",\"inLanguage\":\"es\",\"@id\":\"https:\\\/\\\/www.info.valladolid.es\\\/blog\\\/que-hacer-en-valladolid-10\\\/#primaryimage\",\"url\":\"https:\\\/\\\/www.info.valladolid.es\\\/blog\\\/wp-content\\\/uploads\\\/2017\\\/01\\\/visita-reinas-en-valladolid.jpg\",\"contentUrl\":\"https:\\\/\\\/www.info.valladolid.es\\\/blog\\\/wp-content\\\/uploads\\\/2017\\\/01\\\/visita-reinas-en-valladolid.jpg\",\"width\":520,\"height\":400,\"caption\":\"La reina de los Mosqueteros vuelve al Palacio de los Condes de Benavente para recordar una feliz infancia.\"},{\"@type\":\"BreadcrumbList\",\"@id\":\"https:\\\/\\\/www.info.valladolid.es\\\/blog\\\/que-hacer-en-valladolid-10\\\/#breadcrumb\",\"itemListElement\":[{\"@type\":\"ListItem\",\"position\":1,\"name\":\"Home\",\"item\":\"https:\\\/\\\/www.info.valladolid.es\\\/blog\\\/\"},{\"@type\":\"ListItem\",\"position\":2,\"name\":\"Qu\u00e9 hacer estos d\u00edas en Valladolid\"}]},{\"@type\":\"WebSite\",\"@id\":\"https:\\\/\\\/www.info.valladolid.es\\\/blog\\\/#website\",\"url\":\"https:\\\/\\\/www.info.valladolid.es\\\/blog\\\/\",\"name\":\"Blog Cultura y Turismo\",\"description\":\"\",\"potentialAction\":[{\"@type\":\"SearchAction\",\"target\":{\"@type\":\"EntryPoint\",\"urlTemplate\":\"https:\\\/\\\/www.info.valladolid.es\\\/blog\\\/?s={search_term_string}\"},\"query-input\":{\"@type\":\"PropertyValueSpecification\",\"valueRequired\":true,\"valueName\":\"search_term_string\"}}],\"inLanguage\":\"es\"},{\"@type\":\"Person\",\"@id\":\"https:\\\/\\\/www.info.valladolid.es\\\/blog\\\/#\\\/schema\\\/person\\\/845cac97e6156a5a9c5abd68b7b9a5d5\",\"name\":\"administrador\",\"image\":{\"@type\":\"ImageObject\",\"inLanguage\":\"es\",\"@id\":\"https:\\\/\\\/secure.gravatar.com\\\/avatar\\\/418161d2f95196597e2d305bd301c850afab7f4b284a344fb2d759f048b71c61?s=96&d=mm&r=g\",\"url\":\"https:\\\/\\\/secure.gravatar.com\\\/avatar\\\/418161d2f95196597e2d305bd301c850afab7f4b284a344fb2d759f048b71c61?s=96&d=mm&r=g\",\"contentUrl\":\"https:\\\/\\\/secure.gravatar.com\\\/avatar\\\/418161d2f95196597e2d305bd301c850afab7f4b284a344fb2d759f048b71c61?s=96&d=mm&r=g\",\"caption\":\"administrador\"},\"url\":\"https:\\\/\\\/www.info.valladolid.es\\\/blog\\\/author\\\/administrador\\\/\"}]}<\/script>\n<!-- \/ Yoast SEO plugin. -->","yoast_head_json":{"title":"Qu\u00e9 hacer estos d\u00edas en Valladolid - Blog Cultura y Turismo","robots":{"index":"index","follow":"follow","max-snippet":"max-snippet:-1","max-image-preview":"max-image-preview:large","max-video-preview":"max-video-preview:-1"},"canonical":"https:\/\/www.info.valladolid.es\/blog\/que-hacer-en-valladolid-10\/","og_locale":"es_ES","og_type":"article","og_title":"Qu\u00e9 hacer estos d\u00edas en Valladolid - Blog Cultura y Turismo","og_description":"Esta semana, \u00a1estamos de estreno! Estrenamos un programa de visitas guiadas que resucita algunos de los personajes m\u00e1s ilustres que han pasado por Valladolid, nuevas exposiciones que van de lo local al lejano Oriente, propuestas esc\u00e9nicas de alt\u00edsima calidad y una recreaci\u00f3n hist\u00f3rica de un hecho asombroso que tuvo lugar en el mismo Pisuerga. Nuevas visitas. \u00bfSab\u00edas que la reina de Los Tres Mosqueteros y de La M\u00e1scara de Hierro naci\u00f3 en Valladolid? \u00bfY que en el Monasterio de las Huelgas Reales est\u00e1 enterrada Mar\u00eda de Molina, reina de Castilla? Ana y Mar\u00eda son dos de las gu\u00edas en la nueva visita teatralizada \u2018Reinas en Valladolid\u2019, pero hay m\u00e1s: Catalina de Lancaster y Margarita de Austria nos mostrar\u00e1n los escenarios que marcaron su vida en la ciudad que acogi\u00f3 la boda de los Reyes Cat\u00f3licos. Es solo una de las nuevas propuestas que puedes consultar aqu\u00ed.&nbsp; &nbsp; Recreaci\u00f3n hist\u00f3rica. No dejamos los a\u00f1os en los que Valladolid era cuna de reyes y reinas. En 1602, durante el reinado de Felipe III, ocurr\u00eda un hecho extraordinario: un hombre permanec\u00eda sumergido debajo de las aguas del Pisuerga, ante el monarca y su Corte, durante m\u00e1s de una hora. No era obra de [&hellip;]","og_url":"https:\/\/www.info.valladolid.es\/blog\/que-hacer-en-valladolid-10\/","og_site_name":"Blog Cultura y Turismo","article_published_time":"2016-09-30T11:42:10+00:00","article_modified_time":"2019-02-11T11:49:05+00:00","og_image":[{"width":520,"height":400,"url":"https:\/\/www.info.valladolid.es\/blog\/wp-content\/uploads\/2017\/01\/visita-reinas-en-valladolid.jpg","type":"image\/jpeg"}],"author":"administrador","twitter_card":"summary_large_image","twitter_misc":{"Escrito por":"administrador","Tiempo de lectura":"3 minutos"},"schema":{"@context":"https:\/\/schema.org","@graph":[{"@type":"Article","@id":"https:\/\/www.info.valladolid.es\/blog\/que-hacer-en-valladolid-10\/#article","isPartOf":{"@id":"https:\/\/www.info.valladolid.es\/blog\/que-hacer-en-valladolid-10\/"},"author":{"name":"administrador","@id":"https:\/\/www.info.valladolid.es\/blog\/#\/schema\/person\/845cac97e6156a5a9c5abd68b7b9a5d5"},"headline":"Qu\u00e9 hacer estos d\u00edas en Valladolid","datePublished":"2016-09-30T11:42:10+00:00","dateModified":"2019-02-11T11:49:05+00:00","mainEntityOfPage":{"@id":"https:\/\/www.info.valladolid.es\/blog\/que-hacer-en-valladolid-10\/"},"wordCount":573,"commentCount":1,"image":{"@id":"https:\/\/www.info.valladolid.es\/blog\/que-hacer-en-valladolid-10\/#primaryimage"},"thumbnailUrl":"https:\/\/www.info.valladolid.es\/blog\/wp-content\/uploads\/2017\/01\/visita-reinas-en-valladolid.jpg","inLanguage":"es","potentialAction":[{"@type":"CommentAction","name":"Comment","target":["https:\/\/www.info.valladolid.es\/blog\/que-hacer-en-valladolid-10\/#respond"]}]},{"@type":"WebPage","@id":"https:\/\/www.info.valladolid.es\/blog\/que-hacer-en-valladolid-10\/","url":"https:\/\/www.info.valladolid.es\/blog\/que-hacer-en-valladolid-10\/","name":"Qu\u00e9 hacer estos d\u00edas en Valladolid - Blog Cultura y Turismo","isPartOf":{"@id":"https:\/\/www.info.valladolid.es\/blog\/#website"},"primaryImageOfPage":{"@id":"https:\/\/www.info.valladolid.es\/blog\/que-hacer-en-valladolid-10\/#primaryimage"},"image":{"@id":"https:\/\/www.info.valladolid.es\/blog\/que-hacer-en-valladolid-10\/#primaryimage"},"thumbnailUrl":"https:\/\/www.info.valladolid.es\/blog\/wp-content\/uploads\/2017\/01\/visita-reinas-en-valladolid.jpg","datePublished":"2016-09-30T11:42:10+00:00","dateModified":"2019-02-11T11:49:05+00:00","author":{"@id":"https:\/\/www.info.valladolid.es\/blog\/#\/schema\/person\/845cac97e6156a5a9c5abd68b7b9a5d5"},"breadcrumb":{"@id":"https:\/\/www.info.valladolid.es\/blog\/que-hacer-en-valladolid-10\/#breadcrumb"},"inLanguage":"es","potentialAction":[{"@type":"ReadAction","target":["https:\/\/www.info.valladolid.es\/blog\/que-hacer-en-valladolid-10\/"]}]},{"@type":"ImageObject","inLanguage":"es","@id":"https:\/\/www.info.valladolid.es\/blog\/que-hacer-en-valladolid-10\/#primaryimage","url":"https:\/\/www.info.valladolid.es\/blog\/wp-content\/uploads\/2017\/01\/visita-reinas-en-valladolid.jpg","contentUrl":"https:\/\/www.info.valladolid.es\/blog\/wp-content\/uploads\/2017\/01\/visita-reinas-en-valladolid.jpg","width":520,"height":400,"caption":"La reina de los Mosqueteros vuelve al Palacio de los Condes de Benavente para recordar una feliz infancia."},{"@type":"BreadcrumbList","@id":"https:\/\/www.info.valladolid.es\/blog\/que-hacer-en-valladolid-10\/#breadcrumb","itemListElement":[{"@type":"ListItem","position":1,"name":"Home","item":"https:\/\/www.info.valladolid.es\/blog\/"},{"@type":"ListItem","position":2,"name":"Qu\u00e9 hacer estos d\u00edas en Valladolid"}]},{"@type":"WebSite","@id":"https:\/\/www.info.valladolid.es\/blog\/#website","url":"https:\/\/www.info.valladolid.es\/blog\/","name":"Blog Cultura y Turismo","description":"","potentialAction":[{"@type":"SearchAction","target":{"@type":"EntryPoint","urlTemplate":"https:\/\/www.info.valladolid.es\/blog\/?s={search_term_string}"},"query-input":{"@type":"PropertyValueSpecification","valueRequired":true,"valueName":"search_term_string"}}],"inLanguage":"es"},{"@type":"Person","@id":"https:\/\/www.info.valladolid.es\/blog\/#\/schema\/person\/845cac97e6156a5a9c5abd68b7b9a5d5","name":"administrador","image":{"@type":"ImageObject","inLanguage":"es","@id":"https:\/\/secure.gravatar.com\/avatar\/418161d2f95196597e2d305bd301c850afab7f4b284a344fb2d759f048b71c61?s=96&d=mm&r=g","url":"https:\/\/secure.gravatar.com\/avatar\/418161d2f95196597e2d305bd301c850afab7f4b284a344fb2d759f048b71c61?s=96&d=mm&r=g","contentUrl":"https:\/\/secure.gravatar.com\/avatar\/418161d2f95196597e2d305bd301c850afab7f4b284a344fb2d759f048b71c61?s=96&d=mm&r=g","caption":"administrador"},"url":"https:\/\/www.info.valladolid.es\/blog\/author\/administrador\/"}]}},"_links":{"self":[{"href":"https:\/\/www.info.valladolid.es\/blog\/wp-json\/wp\/v2\/posts\/1803","targetHints":{"allow":["GET"]}}],"collection":[{"href":"https:\/\/www.info.valladolid.es\/blog\/wp-json\/wp\/v2\/posts"}],"about":[{"href":"https:\/\/www.info.valladolid.es\/blog\/wp-json\/wp\/v2\/types\/post"}],"author":[{"embeddable":true,"href":"https:\/\/www.info.valladolid.es\/blog\/wp-json\/wp\/v2\/users\/1"}],"replies":[{"embeddable":true,"href":"https:\/\/www.info.valladolid.es\/blog\/wp-json\/wp\/v2\/comments?post=1803"}],"version-history":[{"count":10,"href":"https:\/\/www.info.valladolid.es\/blog\/wp-json\/wp\/v2\/posts\/1803\/revisions"}],"predecessor-version":[{"id":2997,"href":"https:\/\/www.info.valladolid.es\/blog\/wp-json\/wp\/v2\/posts\/1803\/revisions\/2997"}],"wp:featuredmedia":[{"embeddable":true,"href":"https:\/\/www.info.valladolid.es\/blog\/wp-json\/wp\/v2\/media\/2973"}],"wp:attachment":[{"href":"https:\/\/www.info.valladolid.es\/blog\/wp-json\/wp\/v2\/media?parent=1803"}],"wp:term":[{"taxonomy":"category","embeddable":true,"href":"https:\/\/www.info.valladolid.es\/blog\/wp-json\/wp\/v2\/categories?post=1803"},{"taxonomy":"post_tag","embeddable":true,"href":"https:\/\/www.info.valladolid.es\/blog\/wp-json\/wp\/v2\/tags?post=1803"}],"curies":[{"name":"wp","href":"https:\/\/api.w.org\/{rel}","templated":true}]}}