{"id":1792,"date":"2016-09-27T17:27:21","date_gmt":"2016-09-27T17:27:21","guid":{"rendered":"http:\/\/www.info.valladolid.es\/blog\/?p=1792"},"modified":"2021-04-26T08:19:16","modified_gmt":"2021-04-26T08:19:16","slug":"jeronimo-ayanz-inventor-buceo","status":"publish","type":"post","link":"https:\/\/www.info.valladolid.es\/blog\/jeronimo-ayanz-inventor-buceo\/","title":{"rendered":"Jer\u00f3nimo de Ayanz: el buceo moderno &#8216;naci\u00f3&#8217; en Valladolid"},"content":{"rendered":"<p>El<strong> 2 de agosto de 1602 ocurri\u00f3 en Valladolid un hecho extraordinario\u00a0<\/strong>e inmerecidamente olvidado por muchos de sus vecinos: un hombre se enfund\u00f3 el primer\u00a0traje de buzo de la historia y permaneci\u00f3 durante m\u00e1s de hora bajo las aguas del Pisuerga.<\/p>\n<p>Es la primera inmersi\u00f3n de larga duraci\u00f3n documentada. Aunque ya se hab\u00edan producido algunos intentos (en Toledo y en Lisboa se hab\u00edan realizado inmersiones con personas dentro de una campana), el invento presentado por <strong>Jer\u00f3nimo de Ayanz<\/strong> ante Felipe III en Valladolid es considerado el precursor del buceo moderno.<\/p>\n<p>Los documentos del Archivo General de Simancas nos permiten conocer todos los detalles del rompedor ingenio: sabemos que el primer equipo de buceo de la historia consist\u00eda en un traje de piel de vacuno con dos conductos que permit\u00edan la entrada y la expulsi\u00f3n de aire, una idea que pon\u00eda soluci\u00f3n al deficiente sistema de las campanas que no permit\u00edan esta renovaci\u00f3n y limitaban el tiempo del buzo sumergido. Los conductos part\u00edan de una rudimentaria escafandra y se conectaban un fuelle que impulsaba el aire.<\/p>\n<p>As\u00ed, a diferencia del sistema de campana, el buzo pod\u00eda permanecer largo tiempo sin salir al exterior y, sobre todo, contaba con una libertad de movimiento imprescindible para el prop\u00f3sito pensado por Ayanz, rescatar riquezas del fondo del mar y recoger las perlas\u00a0tan abundantes en Am\u00e9rica.<\/p>\n<p>El propio Felipe III encarg\u00f3 a Ayanz demostrar la eficacia de su ingenio. Cortesanos, gente de alcurnia y espectadores del pueblo llano se congregaron, siempre con un trasfondo de lujo y teatralidad, tan del gusto del rey, que eligi\u00f3 como escenario las aguas que ba\u00f1aban el desaparecido Palacio de la Ribera, su predilecto en la \u00e9poca estival.<\/p>\n<p>Ante la mirada at\u00f3nita del rey y su s\u00e9quito, <strong>el primer buzo de la historia se mantuvo debajo de las turbias aguas del Pisuerga durante m\u00e1s de una hora<\/strong>. Solo regres\u00f3 a la superficie a petici\u00f3n del monarca y, una vez en el exterior, asegur\u00f3 que podr\u00eda haber estado bajo el agua tanto tiempo como le permitiese \u2018la frialdad de ella y el hambre\u2019. As\u00ed lo contaba Jer\u00f3nimo Ayanz:<\/p>\n<blockquote><p><em>Su Majestad quiso ver lo que parec\u00eda m\u00e1s dificultoso, que era poder un hombre trabajar debajo del agua espacio de tiempo. As\u00ed, por agosto del a\u00f1o pasado de 1602, fue con sus galeras por el r\u00edo de esta ciudad al jard\u00edn de don Antonio de Toledo, donde hubo mucha gente. Ech\u00e9 un hombre debajo del agua, y al cabo de una hora le mand\u00f3 salir Su Majestad y aunque respondi\u00f3 debajo del agua que no quer\u00eda salir tan presto porque se hallaba bien, torn\u00f3 Su Majestad a mandarle que saliese. El cual dijo que pod\u00eda estar debajo del agua todo el tiempo que pudiera sufrir y sustentar la frialdad de ella y el hambre.\u00a0<\/em><\/p><\/blockquote>\n<div id=\"attachment_1798\" style=\"width: 202px\" class=\"wp-caption alignleft\"><a href=\"http:\/\/www.info.valladolid.es\/blog\/wp-content\/uploads\/2016\/09\/manuscrito_maquina_vapor.png\"><img loading=\"lazy\" decoding=\"async\" aria-describedby=\"caption-attachment-1798\" class=\"wp-image-1798 \" src=\"http:\/\/www.info.valladolid.es\/blog\/wp-content\/uploads\/2016\/09\/manuscrito_maquina_vapor-212x300.png\" alt=\"Dise\u00f1o de Jer\u00f3nimo de Ayanz de la primera m\u00e1quina de vapor moderna\" width=\"192\" height=\"273\" \/><\/a><p id=\"caption-attachment-1798\" class=\"wp-caption-text\">Dise\u00f1o de Jer\u00f3nimo de Ayanz de la primera m\u00e1quina de vapor moderna<\/p><\/div>\n<p>Aunque las haza\u00f1as del navarro han ca\u00eddo en el olvido para la mayor\u00eda de la poblaci\u00f3n, su mente adelant\u00f3 inventos propios de la revoluci\u00f3n industrial inglesa y aprovech\u00f3 teor\u00edas y principios cient\u00edficos que nos ser\u00edan definidos hasta siglos despu\u00e9s.<\/p>\n<p>En 1606, dos a\u00f1os de su muerte, hab\u00eda patentado 48 inventos; muchos de ellos, tambi\u00e9n aplicados con \u00e9xito, como hizo en Valladolid con su innovador traje de buceo. Si este fue un hito impactante para la \u00e9poca, no deber\u00eda serlo menos la <strong>creaci\u00f3n de la primera m\u00e1quina de vapor moderna<\/strong>. O un rudimentario sistema de aire acondicionado, un m\u00e9todo de desag\u00fce para las minas, bombas de riego, y un largo etc\u00e9tera que hacen de Jer\u00f3nimo una de las grandes mentes de la historia que merece estar en el podio al lado de Leonardo Da Vinci: <strong>donde el italiano no pasaba del dise\u00f1o, el espa\u00f1ol constru\u00eda, aplicaba y explotaba.<\/strong><\/p>\n","protected":false},"excerpt":{"rendered":"<p>El 2 de agosto de 1602 ocurri\u00f3 en Valladolid un hecho extraordinario\u00a0e inmerecidamente olvidado por muchos de sus vecinos: un hombre se enfund\u00f3 el primer\u00a0traje de buzo de la historia y permaneci\u00f3 durante m\u00e1s de hora bajo las aguas del Pisuerga. Es la primera inmersi\u00f3n de larga duraci\u00f3n documentada. Aunque ya se hab\u00edan producido algunos intentos (en Toledo y en Lisboa se hab\u00edan realizado inmersiones con personas dentro de una campana), el invento presentado por Jer\u00f3nimo de Ayanz ante Felipe III en Valladolid es considerado el precursor del buceo moderno. Los documentos del Archivo General de Simancas nos permiten conocer todos los detalles del rompedor ingenio: sabemos que el primer equipo de buceo de la historia consist\u00eda en un traje de piel de vacuno con dos conductos que permit\u00edan la entrada y la expulsi\u00f3n de aire, una idea que pon\u00eda soluci\u00f3n al deficiente sistema de las campanas que no permit\u00edan esta renovaci\u00f3n y limitaban el tiempo del buzo sumergido. Los conductos part\u00edan de una rudimentaria escafandra y se conectaban un fuelle que impulsaba el aire. As\u00ed, a diferencia del sistema de campana, el buzo pod\u00eda permanecer largo tiempo sin salir al exterior y, sobre todo, contaba con una libertad de [&hellip;]<\/p>\n","protected":false},"author":1,"featured_media":2999,"comment_status":"open","ping_status":"open","sticky":false,"template":"","format":"standard","meta":{"footnotes":""},"categories":[5],"tags":[],"class_list":["post-1792","post","type-post","status-publish","format-standard","has-post-thumbnail","hentry","category-curiosidades_y_leyendas"],"yoast_head":"<!-- This site is optimized with the Yoast SEO plugin v27.4 - https:\/\/yoast.com\/product\/yoast-seo-wordpress\/ -->\n<title>Jer\u00f3nimo de Ayanz: el buceo moderno &#039;naci\u00f3&#039; en Valladolid - Blog Cultura y Turismo<\/title>\n<meta name=\"robots\" content=\"index, follow, max-snippet:-1, max-image-preview:large, max-video-preview:-1\" \/>\n<link rel=\"canonical\" href=\"https:\/\/www.info.valladolid.es\/blog\/jeronimo-ayanz-inventor-buceo\/\" \/>\n<meta property=\"og:locale\" content=\"es_ES\" \/>\n<meta property=\"og:type\" content=\"article\" \/>\n<meta property=\"og:title\" content=\"Jer\u00f3nimo de Ayanz: el buceo moderno &#039;naci\u00f3&#039; en Valladolid - Blog Cultura y Turismo\" \/>\n<meta property=\"og:description\" content=\"El 2 de agosto de 1602 ocurri\u00f3 en Valladolid un hecho extraordinario\u00a0e inmerecidamente olvidado por muchos de sus vecinos: un hombre se enfund\u00f3 el primer\u00a0traje de buzo de la historia y permaneci\u00f3 durante m\u00e1s de hora bajo las aguas del Pisuerga. Es la primera inmersi\u00f3n de larga duraci\u00f3n documentada. Aunque ya se hab\u00edan producido algunos intentos (en Toledo y en Lisboa se hab\u00edan realizado inmersiones con personas dentro de una campana), el invento presentado por Jer\u00f3nimo de Ayanz ante Felipe III en Valladolid es considerado el precursor del buceo moderno. Los documentos del Archivo General de Simancas nos permiten conocer todos los detalles del rompedor ingenio: sabemos que el primer equipo de buceo de la historia consist\u00eda en un traje de piel de vacuno con dos conductos que permit\u00edan la entrada y la expulsi\u00f3n de aire, una idea que pon\u00eda soluci\u00f3n al deficiente sistema de las campanas que no permit\u00edan esta renovaci\u00f3n y limitaban el tiempo del buzo sumergido. Los conductos part\u00edan de una rudimentaria escafandra y se conectaban un fuelle que impulsaba el aire. As\u00ed, a diferencia del sistema de campana, el buzo pod\u00eda permanecer largo tiempo sin salir al exterior y, sobre todo, contaba con una libertad de [&hellip;]\" \/>\n<meta property=\"og:url\" content=\"https:\/\/www.info.valladolid.es\/blog\/jeronimo-ayanz-inventor-buceo\/\" \/>\n<meta property=\"og:site_name\" content=\"Blog Cultura y Turismo\" \/>\n<meta property=\"article:published_time\" content=\"2016-09-27T17:27:21+00:00\" \/>\n<meta property=\"article:modified_time\" content=\"2021-04-26T08:19:16+00:00\" \/>\n<meta property=\"og:image\" content=\"https:\/\/www.info.valladolid.es\/blog\/wp-content\/uploads\/2016\/09\/palacio-de-la-ribera.jpg\" \/>\n\t<meta property=\"og:image:width\" content=\"520\" \/>\n\t<meta property=\"og:image:height\" content=\"400\" \/>\n\t<meta property=\"og:image:type\" content=\"image\/jpeg\" \/>\n<meta name=\"author\" content=\"administrador\" \/>\n<meta name=\"twitter:card\" content=\"summary_large_image\" \/>\n<meta name=\"twitter:label1\" content=\"Escrito por\" \/>\n\t<meta name=\"twitter:data1\" content=\"administrador\" \/>\n\t<meta name=\"twitter:label2\" content=\"Tiempo de lectura\" \/>\n\t<meta name=\"twitter:data2\" content=\"3 minutos\" \/>\n<script type=\"application\/ld+json\" class=\"yoast-schema-graph\">{\"@context\":\"https:\\\/\\\/schema.org\",\"@graph\":[{\"@type\":\"Article\",\"@id\":\"https:\\\/\\\/www.info.valladolid.es\\\/blog\\\/jeronimo-ayanz-inventor-buceo\\\/#article\",\"isPartOf\":{\"@id\":\"https:\\\/\\\/www.info.valladolid.es\\\/blog\\\/jeronimo-ayanz-inventor-buceo\\\/\"},\"author\":{\"name\":\"administrador\",\"@id\":\"https:\\\/\\\/www.info.valladolid.es\\\/blog\\\/#\\\/schema\\\/person\\\/845cac97e6156a5a9c5abd68b7b9a5d5\"},\"headline\":\"Jer\u00f3nimo de Ayanz: el buceo moderno &#8216;naci\u00f3&#8217; en Valladolid\",\"datePublished\":\"2016-09-27T17:27:21+00:00\",\"dateModified\":\"2021-04-26T08:19:16+00:00\",\"mainEntityOfPage\":{\"@id\":\"https:\\\/\\\/www.info.valladolid.es\\\/blog\\\/jeronimo-ayanz-inventor-buceo\\\/\"},\"wordCount\":692,\"commentCount\":4,\"image\":{\"@id\":\"https:\\\/\\\/www.info.valladolid.es\\\/blog\\\/jeronimo-ayanz-inventor-buceo\\\/#primaryimage\"},\"thumbnailUrl\":\"https:\\\/\\\/www.info.valladolid.es\\\/blog\\\/wp-content\\\/uploads\\\/2016\\\/09\\\/palacio-de-la-ribera.jpg\",\"articleSection\":[\"Curiosidades y leyendas\"],\"inLanguage\":\"es\",\"potentialAction\":[{\"@type\":\"CommentAction\",\"name\":\"Comment\",\"target\":[\"https:\\\/\\\/www.info.valladolid.es\\\/blog\\\/jeronimo-ayanz-inventor-buceo\\\/#respond\"]}]},{\"@type\":\"WebPage\",\"@id\":\"https:\\\/\\\/www.info.valladolid.es\\\/blog\\\/jeronimo-ayanz-inventor-buceo\\\/\",\"url\":\"https:\\\/\\\/www.info.valladolid.es\\\/blog\\\/jeronimo-ayanz-inventor-buceo\\\/\",\"name\":\"Jer\u00f3nimo de Ayanz: el buceo moderno 'naci\u00f3' en Valladolid - Blog Cultura y Turismo\",\"isPartOf\":{\"@id\":\"https:\\\/\\\/www.info.valladolid.es\\\/blog\\\/#website\"},\"primaryImageOfPage\":{\"@id\":\"https:\\\/\\\/www.info.valladolid.es\\\/blog\\\/jeronimo-ayanz-inventor-buceo\\\/#primaryimage\"},\"image\":{\"@id\":\"https:\\\/\\\/www.info.valladolid.es\\\/blog\\\/jeronimo-ayanz-inventor-buceo\\\/#primaryimage\"},\"thumbnailUrl\":\"https:\\\/\\\/www.info.valladolid.es\\\/blog\\\/wp-content\\\/uploads\\\/2016\\\/09\\\/palacio-de-la-ribera.jpg\",\"datePublished\":\"2016-09-27T17:27:21+00:00\",\"dateModified\":\"2021-04-26T08:19:16+00:00\",\"author\":{\"@id\":\"https:\\\/\\\/www.info.valladolid.es\\\/blog\\\/#\\\/schema\\\/person\\\/845cac97e6156a5a9c5abd68b7b9a5d5\"},\"breadcrumb\":{\"@id\":\"https:\\\/\\\/www.info.valladolid.es\\\/blog\\\/jeronimo-ayanz-inventor-buceo\\\/#breadcrumb\"},\"inLanguage\":\"es\",\"potentialAction\":[{\"@type\":\"ReadAction\",\"target\":[\"https:\\\/\\\/www.info.valladolid.es\\\/blog\\\/jeronimo-ayanz-inventor-buceo\\\/\"]}]},{\"@type\":\"ImageObject\",\"inLanguage\":\"es\",\"@id\":\"https:\\\/\\\/www.info.valladolid.es\\\/blog\\\/jeronimo-ayanz-inventor-buceo\\\/#primaryimage\",\"url\":\"https:\\\/\\\/www.info.valladolid.es\\\/blog\\\/wp-content\\\/uploads\\\/2016\\\/09\\\/palacio-de-la-ribera.jpg\",\"contentUrl\":\"https:\\\/\\\/www.info.valladolid.es\\\/blog\\\/wp-content\\\/uploads\\\/2016\\\/09\\\/palacio-de-la-ribera.jpg\",\"width\":520,\"height\":400,\"caption\":\"El Palacio de la Ribera, por Ventura P\u00e9rez\"},{\"@type\":\"BreadcrumbList\",\"@id\":\"https:\\\/\\\/www.info.valladolid.es\\\/blog\\\/jeronimo-ayanz-inventor-buceo\\\/#breadcrumb\",\"itemListElement\":[{\"@type\":\"ListItem\",\"position\":1,\"name\":\"Home\",\"item\":\"https:\\\/\\\/www.info.valladolid.es\\\/blog\\\/\"},{\"@type\":\"ListItem\",\"position\":2,\"name\":\"Jer\u00f3nimo de Ayanz: el buceo moderno &#8216;naci\u00f3&#8217; en Valladolid\"}]},{\"@type\":\"WebSite\",\"@id\":\"https:\\\/\\\/www.info.valladolid.es\\\/blog\\\/#website\",\"url\":\"https:\\\/\\\/www.info.valladolid.es\\\/blog\\\/\",\"name\":\"Blog Cultura y Turismo\",\"description\":\"\",\"potentialAction\":[{\"@type\":\"SearchAction\",\"target\":{\"@type\":\"EntryPoint\",\"urlTemplate\":\"https:\\\/\\\/www.info.valladolid.es\\\/blog\\\/?s={search_term_string}\"},\"query-input\":{\"@type\":\"PropertyValueSpecification\",\"valueRequired\":true,\"valueName\":\"search_term_string\"}}],\"inLanguage\":\"es\"},{\"@type\":\"Person\",\"@id\":\"https:\\\/\\\/www.info.valladolid.es\\\/blog\\\/#\\\/schema\\\/person\\\/845cac97e6156a5a9c5abd68b7b9a5d5\",\"name\":\"administrador\",\"image\":{\"@type\":\"ImageObject\",\"inLanguage\":\"es\",\"@id\":\"https:\\\/\\\/secure.gravatar.com\\\/avatar\\\/418161d2f95196597e2d305bd301c850afab7f4b284a344fb2d759f048b71c61?s=96&d=mm&r=g\",\"url\":\"https:\\\/\\\/secure.gravatar.com\\\/avatar\\\/418161d2f95196597e2d305bd301c850afab7f4b284a344fb2d759f048b71c61?s=96&d=mm&r=g\",\"contentUrl\":\"https:\\\/\\\/secure.gravatar.com\\\/avatar\\\/418161d2f95196597e2d305bd301c850afab7f4b284a344fb2d759f048b71c61?s=96&d=mm&r=g\",\"caption\":\"administrador\"},\"url\":\"https:\\\/\\\/www.info.valladolid.es\\\/blog\\\/author\\\/administrador\\\/\"}]}<\/script>\n<!-- \/ Yoast SEO plugin. -->","yoast_head_json":{"title":"Jer\u00f3nimo de Ayanz: el buceo moderno 'naci\u00f3' en Valladolid - Blog Cultura y Turismo","robots":{"index":"index","follow":"follow","max-snippet":"max-snippet:-1","max-image-preview":"max-image-preview:large","max-video-preview":"max-video-preview:-1"},"canonical":"https:\/\/www.info.valladolid.es\/blog\/jeronimo-ayanz-inventor-buceo\/","og_locale":"es_ES","og_type":"article","og_title":"Jer\u00f3nimo de Ayanz: el buceo moderno 'naci\u00f3' en Valladolid - Blog Cultura y Turismo","og_description":"El 2 de agosto de 1602 ocurri\u00f3 en Valladolid un hecho extraordinario\u00a0e inmerecidamente olvidado por muchos de sus vecinos: un hombre se enfund\u00f3 el primer\u00a0traje de buzo de la historia y permaneci\u00f3 durante m\u00e1s de hora bajo las aguas del Pisuerga. Es la primera inmersi\u00f3n de larga duraci\u00f3n documentada. Aunque ya se hab\u00edan producido algunos intentos (en Toledo y en Lisboa se hab\u00edan realizado inmersiones con personas dentro de una campana), el invento presentado por Jer\u00f3nimo de Ayanz ante Felipe III en Valladolid es considerado el precursor del buceo moderno. Los documentos del Archivo General de Simancas nos permiten conocer todos los detalles del rompedor ingenio: sabemos que el primer equipo de buceo de la historia consist\u00eda en un traje de piel de vacuno con dos conductos que permit\u00edan la entrada y la expulsi\u00f3n de aire, una idea que pon\u00eda soluci\u00f3n al deficiente sistema de las campanas que no permit\u00edan esta renovaci\u00f3n y limitaban el tiempo del buzo sumergido. Los conductos part\u00edan de una rudimentaria escafandra y se conectaban un fuelle que impulsaba el aire. As\u00ed, a diferencia del sistema de campana, el buzo pod\u00eda permanecer largo tiempo sin salir al exterior y, sobre todo, contaba con una libertad de [&hellip;]","og_url":"https:\/\/www.info.valladolid.es\/blog\/jeronimo-ayanz-inventor-buceo\/","og_site_name":"Blog Cultura y Turismo","article_published_time":"2016-09-27T17:27:21+00:00","article_modified_time":"2021-04-26T08:19:16+00:00","og_image":[{"width":520,"height":400,"url":"https:\/\/www.info.valladolid.es\/blog\/wp-content\/uploads\/2016\/09\/palacio-de-la-ribera.jpg","type":"image\/jpeg"}],"author":"administrador","twitter_card":"summary_large_image","twitter_misc":{"Escrito por":"administrador","Tiempo de lectura":"3 minutos"},"schema":{"@context":"https:\/\/schema.org","@graph":[{"@type":"Article","@id":"https:\/\/www.info.valladolid.es\/blog\/jeronimo-ayanz-inventor-buceo\/#article","isPartOf":{"@id":"https:\/\/www.info.valladolid.es\/blog\/jeronimo-ayanz-inventor-buceo\/"},"author":{"name":"administrador","@id":"https:\/\/www.info.valladolid.es\/blog\/#\/schema\/person\/845cac97e6156a5a9c5abd68b7b9a5d5"},"headline":"Jer\u00f3nimo de Ayanz: el buceo moderno &#8216;naci\u00f3&#8217; en Valladolid","datePublished":"2016-09-27T17:27:21+00:00","dateModified":"2021-04-26T08:19:16+00:00","mainEntityOfPage":{"@id":"https:\/\/www.info.valladolid.es\/blog\/jeronimo-ayanz-inventor-buceo\/"},"wordCount":692,"commentCount":4,"image":{"@id":"https:\/\/www.info.valladolid.es\/blog\/jeronimo-ayanz-inventor-buceo\/#primaryimage"},"thumbnailUrl":"https:\/\/www.info.valladolid.es\/blog\/wp-content\/uploads\/2016\/09\/palacio-de-la-ribera.jpg","articleSection":["Curiosidades y leyendas"],"inLanguage":"es","potentialAction":[{"@type":"CommentAction","name":"Comment","target":["https:\/\/www.info.valladolid.es\/blog\/jeronimo-ayanz-inventor-buceo\/#respond"]}]},{"@type":"WebPage","@id":"https:\/\/www.info.valladolid.es\/blog\/jeronimo-ayanz-inventor-buceo\/","url":"https:\/\/www.info.valladolid.es\/blog\/jeronimo-ayanz-inventor-buceo\/","name":"Jer\u00f3nimo de Ayanz: el buceo moderno 'naci\u00f3' en Valladolid - Blog Cultura y Turismo","isPartOf":{"@id":"https:\/\/www.info.valladolid.es\/blog\/#website"},"primaryImageOfPage":{"@id":"https:\/\/www.info.valladolid.es\/blog\/jeronimo-ayanz-inventor-buceo\/#primaryimage"},"image":{"@id":"https:\/\/www.info.valladolid.es\/blog\/jeronimo-ayanz-inventor-buceo\/#primaryimage"},"thumbnailUrl":"https:\/\/www.info.valladolid.es\/blog\/wp-content\/uploads\/2016\/09\/palacio-de-la-ribera.jpg","datePublished":"2016-09-27T17:27:21+00:00","dateModified":"2021-04-26T08:19:16+00:00","author":{"@id":"https:\/\/www.info.valladolid.es\/blog\/#\/schema\/person\/845cac97e6156a5a9c5abd68b7b9a5d5"},"breadcrumb":{"@id":"https:\/\/www.info.valladolid.es\/blog\/jeronimo-ayanz-inventor-buceo\/#breadcrumb"},"inLanguage":"es","potentialAction":[{"@type":"ReadAction","target":["https:\/\/www.info.valladolid.es\/blog\/jeronimo-ayanz-inventor-buceo\/"]}]},{"@type":"ImageObject","inLanguage":"es","@id":"https:\/\/www.info.valladolid.es\/blog\/jeronimo-ayanz-inventor-buceo\/#primaryimage","url":"https:\/\/www.info.valladolid.es\/blog\/wp-content\/uploads\/2016\/09\/palacio-de-la-ribera.jpg","contentUrl":"https:\/\/www.info.valladolid.es\/blog\/wp-content\/uploads\/2016\/09\/palacio-de-la-ribera.jpg","width":520,"height":400,"caption":"El Palacio de la Ribera, por Ventura P\u00e9rez"},{"@type":"BreadcrumbList","@id":"https:\/\/www.info.valladolid.es\/blog\/jeronimo-ayanz-inventor-buceo\/#breadcrumb","itemListElement":[{"@type":"ListItem","position":1,"name":"Home","item":"https:\/\/www.info.valladolid.es\/blog\/"},{"@type":"ListItem","position":2,"name":"Jer\u00f3nimo de Ayanz: el buceo moderno &#8216;naci\u00f3&#8217; en Valladolid"}]},{"@type":"WebSite","@id":"https:\/\/www.info.valladolid.es\/blog\/#website","url":"https:\/\/www.info.valladolid.es\/blog\/","name":"Blog Cultura y Turismo","description":"","potentialAction":[{"@type":"SearchAction","target":{"@type":"EntryPoint","urlTemplate":"https:\/\/www.info.valladolid.es\/blog\/?s={search_term_string}"},"query-input":{"@type":"PropertyValueSpecification","valueRequired":true,"valueName":"search_term_string"}}],"inLanguage":"es"},{"@type":"Person","@id":"https:\/\/www.info.valladolid.es\/blog\/#\/schema\/person\/845cac97e6156a5a9c5abd68b7b9a5d5","name":"administrador","image":{"@type":"ImageObject","inLanguage":"es","@id":"https:\/\/secure.gravatar.com\/avatar\/418161d2f95196597e2d305bd301c850afab7f4b284a344fb2d759f048b71c61?s=96&d=mm&r=g","url":"https:\/\/secure.gravatar.com\/avatar\/418161d2f95196597e2d305bd301c850afab7f4b284a344fb2d759f048b71c61?s=96&d=mm&r=g","contentUrl":"https:\/\/secure.gravatar.com\/avatar\/418161d2f95196597e2d305bd301c850afab7f4b284a344fb2d759f048b71c61?s=96&d=mm&r=g","caption":"administrador"},"url":"https:\/\/www.info.valladolid.es\/blog\/author\/administrador\/"}]}},"_links":{"self":[{"href":"https:\/\/www.info.valladolid.es\/blog\/wp-json\/wp\/v2\/posts\/1792","targetHints":{"allow":["GET"]}}],"collection":[{"href":"https:\/\/www.info.valladolid.es\/blog\/wp-json\/wp\/v2\/posts"}],"about":[{"href":"https:\/\/www.info.valladolid.es\/blog\/wp-json\/wp\/v2\/types\/post"}],"author":[{"embeddable":true,"href":"https:\/\/www.info.valladolid.es\/blog\/wp-json\/wp\/v2\/users\/1"}],"replies":[{"embeddable":true,"href":"https:\/\/www.info.valladolid.es\/blog\/wp-json\/wp\/v2\/comments?post=1792"}],"version-history":[{"count":12,"href":"https:\/\/www.info.valladolid.es\/blog\/wp-json\/wp\/v2\/posts\/1792\/revisions"}],"predecessor-version":[{"id":8287,"href":"https:\/\/www.info.valladolid.es\/blog\/wp-json\/wp\/v2\/posts\/1792\/revisions\/8287"}],"wp:featuredmedia":[{"embeddable":true,"href":"https:\/\/www.info.valladolid.es\/blog\/wp-json\/wp\/v2\/media\/2999"}],"wp:attachment":[{"href":"https:\/\/www.info.valladolid.es\/blog\/wp-json\/wp\/v2\/media?parent=1792"}],"wp:term":[{"taxonomy":"category","embeddable":true,"href":"https:\/\/www.info.valladolid.es\/blog\/wp-json\/wp\/v2\/categories?post=1792"},{"taxonomy":"post_tag","embeddable":true,"href":"https:\/\/www.info.valladolid.es\/blog\/wp-json\/wp\/v2\/tags?post=1792"}],"curies":[{"name":"wp","href":"https:\/\/api.w.org\/{rel}","templated":true}]}}