{"id":1493,"date":"2016-06-28T10:13:57","date_gmt":"2016-06-28T10:13:57","guid":{"rendered":"http:\/\/www.info.valladolid.es\/blog\/?p=1493"},"modified":"2019-02-12T11:43:27","modified_gmt":"2019-02-12T11:43:27","slug":"matafuegos-historia-de-los-bomberos-en-valladolid","status":"publish","type":"post","link":"https:\/\/www.info.valladolid.es\/blog\/matafuegos-historia-de-los-bomberos-en-valladolid\/","title":{"rendered":"Matafuegos: historia de los bomberos en Valladolid"},"content":{"rendered":"<p><a href=\"http:\/\/www.info.valladolid.es\/blog\/wp-content\/uploads\/2016\/06\/matafuegos_valladolid.png\"><img loading=\"lazy\" decoding=\"async\" class=\"alignright size-medium wp-image-1497\" src=\"http:\/\/www.info.valladolid.es\/blog\/wp-content\/uploads\/2016\/06\/matafuegos_valladolid-300x205.png\" alt=\"matafuegos_valladolid\" width=\"300\" height=\"205\" srcset=\"https:\/\/www.info.valladolid.es\/blog\/wp-content\/uploads\/2016\/06\/matafuegos_valladolid-300x205.png 300w, https:\/\/www.info.valladolid.es\/blog\/wp-content\/uploads\/2016\/06\/matafuegos_valladolid-1024x700.png 1024w, https:\/\/www.info.valladolid.es\/blog\/wp-content\/uploads\/2016\/06\/matafuegos_valladolid.png 1046w\" sizes=\"auto, (max-width: 300px) 100vw, 300px\" \/><\/a>El <strong>Archivo Municipal de Valladolid<\/strong> se sumerge en la memoria de sus documentos para elaborar una retrospectiva sobre el Cuerpo de Bomberos de la ciudad. La muestra, que comenz\u00f3 con la conmemoraci\u00f3n del quinto centenario de su\u00a0constituci\u00f3n aborda la historia completa de los incendios en\u00a0Valladolid.<\/p>\n<p>Casi cien objetos componen <strong>\u2018Matafuegos\u2019<\/strong>. La exposici\u00f3n, plagada de peculiares documentos, recuerda episodios de la historia de la ciudad marcados por el fuego y agrupados en cinco cap\u00edtulos: las causas que han motivado la mayor parte de los incendios habidos en Valladolid, el primer cuerpo formad por musulmanes, (1505-1610), los maestros de obras cristianos (1610-1833), la creaci\u00f3n del servicio municipal contra incendios (1833-1973) y los bomberos contempor\u00e1neos.<\/p>\n<p>El recorrido incluye documentos desde el siglo XV, como el libro de actas m\u00e1s antiguo que conserva el Archivo (de 1497) o la misiva por la que se le concede a Valladolid el t\u00edtulo de ciudad \u2018Buena y leal\u2019, que conserva en la actualidad. Esta distinci\u00f3n est\u00e1 estrechamente relacionada con el primer incendio del que se tiene noticia fidedigna: el dictado fue concedido por el rey Alfonso XI en 1529 al excusar a los vecinos de la villa de toda responsabilidad en el incendio que sufri\u00f3 el monasterio de las Huelgas Reales, provocado por un noble leon\u00e9s que buscaba minar la credibilidad del Concejo de Valladolid.<\/p>\n<p><span style=\"text-decoration: underline;\"><strong>Bomberos en Valladolid: el origen<\/strong><\/span><\/p>\n<div id=\"attachment_1496\" style=\"width: 310px\" class=\"wp-caption alignleft\"><a href=\"http:\/\/www.info.valladolid.es\/blog\/wp-content\/uploads\/2016\/06\/matafuegos_valladolid_carta_juana.png\"><img loading=\"lazy\" decoding=\"async\" aria-describedby=\"caption-attachment-1496\" class=\"size-medium wp-image-1496\" src=\"http:\/\/www.info.valladolid.es\/blog\/wp-content\/uploads\/2016\/06\/matafuegos_valladolid_carta_juana-300x224.png\" alt=\"Privilegio concedido por la reina Juana\" width=\"300\" height=\"224\" srcset=\"https:\/\/www.info.valladolid.es\/blog\/wp-content\/uploads\/2016\/06\/matafuegos_valladolid_carta_juana-300x224.png 300w, https:\/\/www.info.valladolid.es\/blog\/wp-content\/uploads\/2016\/06\/matafuegos_valladolid_carta_juana-1024x766.png 1024w, https:\/\/www.info.valladolid.es\/blog\/wp-content\/uploads\/2016\/06\/matafuegos_valladolid_carta_juana.png 1043w\" sizes=\"auto, (max-width: 300px) 100vw, 300px\" \/><\/a><p id=\"caption-attachment-1496\" class=\"wp-caption-text\">Privilegio concedido por la reina Juana<\/p><\/div>\n<p>El primer cuerpo de bomberos de la ciudad data, sin embargo, de mucho antes; concretamente de 1515, cuando la reina Juana I emiti\u00f3 una<strong> carta de Merced,<\/strong> tambi\u00e9n en la exposici\u00f3n, por la que exim\u00eda del pago de ciertos tributos a treinta carpinteros musulmanes a cambio de su apoyo en la extinci\u00f3n de los fuegos que pudiesen acontecer en la villa.<\/p>\n<p>Un cap\u00edtulo de la muestra se centra en este <strong>primitivo cuerpo de extinci\u00f3n de incendios,<\/strong> conocidos durante casi toda la Edad Media como <strong>\u2018matafuegos\u2019<\/strong>. El privilegio concedido por Juana I se refer\u00eda a un grupo de 30 carpinteros mud\u00e9jares que habitaban en el tri\u00e1ngulo delimitado por las calles Santiago, Claudio Moyano y Montero Calvo, la segunda morer\u00eda m\u00e1s importante del reino de Castilla por detr\u00e1s de la de \u00c1vila. Los \u2018moros obligados al fuego\u2019, como se les nombra en los documentos, quedaban as\u00ed exentos de pagar el impuesto de aposento y hospedaje y recib\u00edan la suma de 3.000 maraved\u00eds anuales por sus servicios.<\/p>\n<p>Los primeros matafuegos eran carpinteros, gremio protagonizado entonces por los mud\u00e9jares. Su habilidad con la talla est\u00e1 presente en la muestra gracias a objetos cedidos para la ocasi\u00f3n por el Museo de Valladolid, como fragmentos del antiguo Palacio del Almirante (donde hoy se levanta el Teatro Calder\u00f3n).<\/p>\n<p>La dificultad para conseguir agua suficiente y la construcci\u00f3n habitual de la \u00e9poca (en barro y madera, que aprovechaba una misma viga para soportar varias casas) hac\u00edan de los cortafuegos el sistema m\u00e1s habitual para controlar la extensi\u00f3n del fuego. En una maniobra en la que primaba la rapidez, destacaba la pericia de estos los carpinteros.<\/p>\n<p><span style=\"text-decoration: underline;\"><strong>El gran incendio de Valladolid (1561)<\/strong><\/span><\/p>\n<p>Uno de los episodios con mayor protagonismo en Matafuegos es el <strong>incendio del a\u00f1o 1561, al que debemos la actual configuraci\u00f3n de la ciudad.<\/strong> El fuego, que comenz\u00f3 el 21 de septiembre en la actual calle de la Plater\u00eda, se propag\u00f3 durante m\u00e1s de tres d\u00edas por casi todo el centro de Valladolid, destruyendo setecientas casas \u2013el 10 por ciento de las que hab\u00eda en la capital-aunque solo murieron tres personas.<\/p>\n<p>Despu\u00e9s de este episodio, el rey Felipe II mand\u00f3 reconstruir la ciudad seg\u00fan un nuevo trazado m\u00e1s ordenado y regular. El modelo de Valladolid, el actual plano en torno a su Plaza Mayor, se export\u00f3 a otras villas de Espa\u00f1a y de Am\u00e9rica Latina.<\/p>\n<p>Adem\u00e1s, se introdujeron novedosos recursos arquitect\u00f3nicos, como la colocaci\u00f3n de muros de piedra que actuaban como cortafuegos o la regulaci\u00f3n en la construcci\u00f3n de chimeneas. Pero la riqueza de este nuevo trazado reside en su est\u00e9tica: fachadas uniformes, edificios de la misma altura o soportales con columnas de piedra. La esencia de esta renovaci\u00f3n urbana sigue presente en el entorno de la Plaza Mayor, la plaza de la Fuente Dorada y la calle de la Plater\u00eda.<\/p>\n<div id=\"attachment_1498\" style=\"width: 610px\" class=\"wp-caption aligncenter\"><a href=\"http:\/\/www.info.valladolid.es\/blog\/wp-content\/uploads\/2016\/06\/cedulas_felipe_ii.png\"><img loading=\"lazy\" decoding=\"async\" aria-describedby=\"caption-attachment-1498\" class=\"wp-image-1498\" src=\"http:\/\/www.info.valladolid.es\/blog\/wp-content\/uploads\/2016\/06\/cedulas_felipe_ii-1024x768.png\" alt=\"C\u00e9dulas reales concedidas por Felipe II a Valladolid para la reedificaci\u00f3n de la ciudad.\" width=\"600\" height=\"450\" \/><\/a><p id=\"caption-attachment-1498\" class=\"wp-caption-text\">C\u00e9dulas reales concedidas por Felipe II a Valladolid para la reedificaci\u00f3n de la ciudad.<\/p><\/div>\n<p>La envergadura de la obra supuso un enorme gasto en expropiaciones (tanto por las indemnizaciones como por los pleitos a los que hubo que hacer frente) y en la propia construcci\u00f3n. Los vallisoletanos tuvieron que someterse a un nuevo impuesto que gravaba la carne y el vino, lo se llam\u00f3 \u2018la sisa\u2019. El descontento era tal que el propio rey escribi\u00f3 unas sesenta c\u00e9dulas, expuestas en la muestra.<\/p>\n<p>Uno de los objetos m\u00e1s curiosos de Matafuegos est\u00e1 relacionado con este desastre. Se trata de un <strong>boleto de la loter\u00eda<\/strong> que se emiti\u00f3, por orden del rey, para ayudar a financiar las obras de reconstrucci\u00f3n. Todo un fracaso que permanece como an\u00e9cdota.<\/p>\n<p><span style=\"text-decoration: underline;\"><strong>Historia y curiosidades<\/strong><\/span><\/p>\n<p>Matafuegos es una muestra que destaca por su inter\u00e9s hist\u00f3rico. La exposici\u00f3n incluye documentos tan curiosos como la queja relacionada con el fuego m\u00e1s antigua que custodia el Archivo Municipal, elevada por los vecinos de la calle Z\u00fa\u00f1iga contra un hombre que churruscaba cerdos en la v\u00eda p\u00fablica; o una denuncia del siglo XIX en la cual los habitantes de la calle Angustias reclaman una soluci\u00f3n ante un pastelero que horneaba en una cocina dom\u00e9stica y provocaba numerosos incendios.<\/p>\n<p>Tambi\u00e9n est\u00e1 documentado el <strong>incendio que pr\u00e1cticamente destruy\u00f3 la torre de la iglesia del monasterio de San Benito en 1605<\/strong>, causado por las luminarias encendidas para celebrar el nacimiento de Felipe IV.<\/p>\n<div id=\"attachment_1499\" style=\"width: 310px\" class=\"wp-caption alignleft\"><a href=\"http:\/\/www.info.valladolid.es\/blog\/wp-content\/uploads\/2016\/06\/reglamento_bomberos_valladolid.png\"><img loading=\"lazy\" decoding=\"async\" aria-describedby=\"caption-attachment-1499\" class=\"wp-image-1499 size-medium\" src=\"http:\/\/www.info.valladolid.es\/blog\/wp-content\/uploads\/2016\/06\/reglamento_bomberos_valladolid-300x155.png\" alt=\"Expediente para la aprobaci\u00f3n de un reglamento.  21 de mayo de 1840 a 16 de noviembre de 1842.\" width=\"300\" height=\"155\" srcset=\"https:\/\/www.info.valladolid.es\/blog\/wp-content\/uploads\/2016\/06\/reglamento_bomberos_valladolid-300x155.png 300w, https:\/\/www.info.valladolid.es\/blog\/wp-content\/uploads\/2016\/06\/reglamento_bomberos_valladolid.png 902w\" sizes=\"auto, (max-width: 300px) 100vw, 300px\" \/><\/a><p id=\"caption-attachment-1499\" class=\"wp-caption-text\">Expediente para la aprobaci\u00f3n de un reglamento. 21 de mayo de 1840 a 16 de noviembre de 1842.<\/p><\/div>\n<p>En el apartado dedicado a la historia m\u00e1s reciente del cuerpo de bomberos se exhiben documentos que reflejan la profesionalizaci\u00f3n del servicio desde que se aprobase un<strong> reglamento b\u00e1sico en 1841<\/strong>. Este documento se exhibe junto con un bando coet\u00e1neo (de 1842) que dictaminaba el n\u00famero de toques con el esquil\u00f3n con los que cada parroquia deb\u00eda anunciar la existencia de un incendio en su distrito: una la Catedral, dos la Magdalena, tres la Antigua, cuatro San Mart\u00edn, cinco San Miguel\u2026un aviso que deb\u00edan repetir las dem\u00e1s, a los veinte minutos, y hasta que la primera cesase.<\/p>\n<p>Asimismo, se recuerdan las importantes reformas introducidas por el arquitecto municipal <strong>Juan Agapito y Revilla<\/strong>, quien dot\u00f3 al primer cuerpo profesional de bomberos de Valladolid con una normativa b\u00e1sica que se mantuvo durante m\u00e1s de medio siglo (de 1920 a 1973).En este cap\u00edtulo queda constancia de la revoluci\u00f3n de la tecnolog\u00eda al servicio de la extinci\u00f3n de incendios: las bombas de vapor y las escalas de madera dan paso a autobombas y a autoescalas. Por ejemplo, pueden verse varios expedientes de adquisici\u00f3n de veh\u00edculos Renault de principios de siglo. En este periodo acontecieron incendios como el que destruy\u00f3 el Oct\u00f3gono, la antigua Academia de Caballer\u00eda; o la explosi\u00f3n del polvor\u00edn del Pinar de Antequera, que dej\u00f3 m\u00e1s de cien muertos.<\/p>\n<ul>\n<li><strong>Matafuegos<\/strong>, en el <strong>Archivo Municipal de Valladolid hasta el 31 de agosto.<\/strong><\/li>\n<li>De lunes a jueves, de 11:00 a 14:00, viernes de 11:00 a 14:00 y 19:00 a 21:00 y s\u00e1bados de 12:00 a 14:00.<\/li>\n<li>Visitas guiadas. Informaci\u00f3n y reservas: sam@ava.es y tel\u00e9fono 983 363 870.<\/li>\n<\/ul>\n","protected":false},"excerpt":{"rendered":"<p>El Archivo Municipal de Valladolid se sumerge en la memoria de sus documentos para elaborar una retrospectiva sobre el Cuerpo de Bomberos de la ciudad. La muestra, que comenz\u00f3 con la conmemoraci\u00f3n del quinto centenario de su\u00a0constituci\u00f3n aborda la historia completa de los incendios en\u00a0Valladolid. Casi cien objetos componen \u2018Matafuegos\u2019. La exposici\u00f3n, plagada de peculiares documentos, recuerda episodios de la historia de la ciudad marcados por el fuego y agrupados en cinco cap\u00edtulos: las causas que han motivado la mayor parte de los incendios habidos en Valladolid, el primer cuerpo formad por musulmanes, (1505-1610), los maestros de obras cristianos (1610-1833), la creaci\u00f3n del servicio municipal contra incendios (1833-1973) y los bomberos contempor\u00e1neos. El recorrido incluye documentos desde el siglo XV, como el libro de actas m\u00e1s antiguo que conserva el Archivo (de 1497) o la misiva por la que se le concede a Valladolid el t\u00edtulo de ciudad \u2018Buena y leal\u2019, que conserva en la actualidad. Esta distinci\u00f3n est\u00e1 estrechamente relacionada con el primer incendio del que se tiene noticia fidedigna: el dictado fue concedido por el rey Alfonso XI en 1529 al excusar a los vecinos de la villa de toda responsabilidad en el incendio que sufri\u00f3 el monasterio [&hellip;]<\/p>\n","protected":false},"author":1,"featured_media":3025,"comment_status":"open","ping_status":"open","sticky":false,"template":"","format":"standard","meta":{"footnotes":""},"categories":[5],"tags":[11,37],"class_list":["post-1493","post","type-post","status-publish","format-standard","has-post-thumbnail","hentry","category-curiosidades_y_leyendas","tag-exposiciones","tag-exposiciones-en-valladolid"],"yoast_head":"<!-- This site is optimized with the Yoast SEO plugin v27.5 - https:\/\/yoast.com\/product\/yoast-seo-wordpress\/ -->\n<title>Matafuegos: historia de los bomberos en Valladolid - Blog Cultura y Turismo<\/title>\n<meta name=\"robots\" content=\"index, follow, max-snippet:-1, max-image-preview:large, max-video-preview:-1\" \/>\n<link rel=\"canonical\" href=\"https:\/\/www.info.valladolid.es\/blog\/matafuegos-historia-de-los-bomberos-en-valladolid\/\" \/>\n<meta property=\"og:locale\" content=\"es_ES\" \/>\n<meta property=\"og:type\" content=\"article\" \/>\n<meta property=\"og:title\" content=\"Matafuegos: historia de los bomberos en Valladolid - Blog Cultura y Turismo\" \/>\n<meta property=\"og:description\" content=\"El Archivo Municipal de Valladolid se sumerge en la memoria de sus documentos para elaborar una retrospectiva sobre el Cuerpo de Bomberos de la ciudad. La muestra, que comenz\u00f3 con la conmemoraci\u00f3n del quinto centenario de su\u00a0constituci\u00f3n aborda la historia completa de los incendios en\u00a0Valladolid. Casi cien objetos componen \u2018Matafuegos\u2019. La exposici\u00f3n, plagada de peculiares documentos, recuerda episodios de la historia de la ciudad marcados por el fuego y agrupados en cinco cap\u00edtulos: las causas que han motivado la mayor parte de los incendios habidos en Valladolid, el primer cuerpo formad por musulmanes, (1505-1610), los maestros de obras cristianos (1610-1833), la creaci\u00f3n del servicio municipal contra incendios (1833-1973) y los bomberos contempor\u00e1neos. El recorrido incluye documentos desde el siglo XV, como el libro de actas m\u00e1s antiguo que conserva el Archivo (de 1497) o la misiva por la que se le concede a Valladolid el t\u00edtulo de ciudad \u2018Buena y leal\u2019, que conserva en la actualidad. Esta distinci\u00f3n est\u00e1 estrechamente relacionada con el primer incendio del que se tiene noticia fidedigna: el dictado fue concedido por el rey Alfonso XI en 1529 al excusar a los vecinos de la villa de toda responsabilidad en el incendio que sufri\u00f3 el monasterio [&hellip;]\" \/>\n<meta property=\"og:url\" content=\"https:\/\/www.info.valladolid.es\/blog\/matafuegos-historia-de-los-bomberos-en-valladolid\/\" \/>\n<meta property=\"og:site_name\" content=\"Blog Cultura y Turismo\" \/>\n<meta property=\"article:published_time\" content=\"2016-06-28T10:13:57+00:00\" \/>\n<meta property=\"article:modified_time\" content=\"2019-02-12T11:43:27+00:00\" \/>\n<meta property=\"og:image\" content=\"https:\/\/www.info.valladolid.es\/blog\/wp-content\/uploads\/2016\/06\/matafuegos.jpg\" \/>\n\t<meta property=\"og:image:width\" content=\"520\" \/>\n\t<meta property=\"og:image:height\" content=\"400\" \/>\n\t<meta property=\"og:image:type\" content=\"image\/jpeg\" \/>\n<meta name=\"author\" content=\"administrador\" \/>\n<meta name=\"twitter:card\" content=\"summary_large_image\" \/>\n<meta name=\"twitter:label1\" content=\"Escrito por\" \/>\n\t<meta name=\"twitter:data1\" content=\"administrador\" \/>\n\t<meta name=\"twitter:label2\" content=\"Tiempo de lectura\" \/>\n\t<meta name=\"twitter:data2\" content=\"7 minutos\" \/>\n<script type=\"application\/ld+json\" class=\"yoast-schema-graph\">{\"@context\":\"https:\\\/\\\/schema.org\",\"@graph\":[{\"@type\":\"Article\",\"@id\":\"https:\\\/\\\/www.info.valladolid.es\\\/blog\\\/matafuegos-historia-de-los-bomberos-en-valladolid\\\/#article\",\"isPartOf\":{\"@id\":\"https:\\\/\\\/www.info.valladolid.es\\\/blog\\\/matafuegos-historia-de-los-bomberos-en-valladolid\\\/\"},\"author\":{\"name\":\"administrador\",\"@id\":\"https:\\\/\\\/www.info.valladolid.es\\\/blog\\\/#\\\/schema\\\/person\\\/845cac97e6156a5a9c5abd68b7b9a5d5\"},\"headline\":\"Matafuegos: historia de los bomberos en Valladolid\",\"datePublished\":\"2016-06-28T10:13:57+00:00\",\"dateModified\":\"2019-02-12T11:43:27+00:00\",\"mainEntityOfPage\":{\"@id\":\"https:\\\/\\\/www.info.valladolid.es\\\/blog\\\/matafuegos-historia-de-los-bomberos-en-valladolid\\\/\"},\"wordCount\":1313,\"commentCount\":0,\"image\":{\"@id\":\"https:\\\/\\\/www.info.valladolid.es\\\/blog\\\/matafuegos-historia-de-los-bomberos-en-valladolid\\\/#primaryimage\"},\"thumbnailUrl\":\"https:\\\/\\\/www.info.valladolid.es\\\/blog\\\/wp-content\\\/uploads\\\/2016\\\/06\\\/matafuegos.jpg\",\"keywords\":[\"Exposiciones\",\"Exposiciones en Valladolid\"],\"articleSection\":[\"Curiosidades y leyendas\"],\"inLanguage\":\"es\",\"potentialAction\":[{\"@type\":\"CommentAction\",\"name\":\"Comment\",\"target\":[\"https:\\\/\\\/www.info.valladolid.es\\\/blog\\\/matafuegos-historia-de-los-bomberos-en-valladolid\\\/#respond\"]}]},{\"@type\":\"WebPage\",\"@id\":\"https:\\\/\\\/www.info.valladolid.es\\\/blog\\\/matafuegos-historia-de-los-bomberos-en-valladolid\\\/\",\"url\":\"https:\\\/\\\/www.info.valladolid.es\\\/blog\\\/matafuegos-historia-de-los-bomberos-en-valladolid\\\/\",\"name\":\"Matafuegos: historia de los bomberos en Valladolid - Blog Cultura y Turismo\",\"isPartOf\":{\"@id\":\"https:\\\/\\\/www.info.valladolid.es\\\/blog\\\/#website\"},\"primaryImageOfPage\":{\"@id\":\"https:\\\/\\\/www.info.valladolid.es\\\/blog\\\/matafuegos-historia-de-los-bomberos-en-valladolid\\\/#primaryimage\"},\"image\":{\"@id\":\"https:\\\/\\\/www.info.valladolid.es\\\/blog\\\/matafuegos-historia-de-los-bomberos-en-valladolid\\\/#primaryimage\"},\"thumbnailUrl\":\"https:\\\/\\\/www.info.valladolid.es\\\/blog\\\/wp-content\\\/uploads\\\/2016\\\/06\\\/matafuegos.jpg\",\"datePublished\":\"2016-06-28T10:13:57+00:00\",\"dateModified\":\"2019-02-12T11:43:27+00:00\",\"author\":{\"@id\":\"https:\\\/\\\/www.info.valladolid.es\\\/blog\\\/#\\\/schema\\\/person\\\/845cac97e6156a5a9c5abd68b7b9a5d5\"},\"breadcrumb\":{\"@id\":\"https:\\\/\\\/www.info.valladolid.es\\\/blog\\\/matafuegos-historia-de-los-bomberos-en-valladolid\\\/#breadcrumb\"},\"inLanguage\":\"es\",\"potentialAction\":[{\"@type\":\"ReadAction\",\"target\":[\"https:\\\/\\\/www.info.valladolid.es\\\/blog\\\/matafuegos-historia-de-los-bomberos-en-valladolid\\\/\"]}]},{\"@type\":\"ImageObject\",\"inLanguage\":\"es\",\"@id\":\"https:\\\/\\\/www.info.valladolid.es\\\/blog\\\/matafuegos-historia-de-los-bomberos-en-valladolid\\\/#primaryimage\",\"url\":\"https:\\\/\\\/www.info.valladolid.es\\\/blog\\\/wp-content\\\/uploads\\\/2016\\\/06\\\/matafuegos.jpg\",\"contentUrl\":\"https:\\\/\\\/www.info.valladolid.es\\\/blog\\\/wp-content\\\/uploads\\\/2016\\\/06\\\/matafuegos.jpg\",\"width\":520,\"height\":400},{\"@type\":\"BreadcrumbList\",\"@id\":\"https:\\\/\\\/www.info.valladolid.es\\\/blog\\\/matafuegos-historia-de-los-bomberos-en-valladolid\\\/#breadcrumb\",\"itemListElement\":[{\"@type\":\"ListItem\",\"position\":1,\"name\":\"Home\",\"item\":\"https:\\\/\\\/www.info.valladolid.es\\\/blog\\\/\"},{\"@type\":\"ListItem\",\"position\":2,\"name\":\"Matafuegos: historia de los bomberos en Valladolid\"}]},{\"@type\":\"WebSite\",\"@id\":\"https:\\\/\\\/www.info.valladolid.es\\\/blog\\\/#website\",\"url\":\"https:\\\/\\\/www.info.valladolid.es\\\/blog\\\/\",\"name\":\"Blog Cultura y Turismo\",\"description\":\"\",\"potentialAction\":[{\"@type\":\"SearchAction\",\"target\":{\"@type\":\"EntryPoint\",\"urlTemplate\":\"https:\\\/\\\/www.info.valladolid.es\\\/blog\\\/?s={search_term_string}\"},\"query-input\":{\"@type\":\"PropertyValueSpecification\",\"valueRequired\":true,\"valueName\":\"search_term_string\"}}],\"inLanguage\":\"es\"},{\"@type\":\"Person\",\"@id\":\"https:\\\/\\\/www.info.valladolid.es\\\/blog\\\/#\\\/schema\\\/person\\\/845cac97e6156a5a9c5abd68b7b9a5d5\",\"name\":\"administrador\",\"image\":{\"@type\":\"ImageObject\",\"inLanguage\":\"es\",\"@id\":\"https:\\\/\\\/secure.gravatar.com\\\/avatar\\\/418161d2f95196597e2d305bd301c850afab7f4b284a344fb2d759f048b71c61?s=96&d=mm&r=g\",\"url\":\"https:\\\/\\\/secure.gravatar.com\\\/avatar\\\/418161d2f95196597e2d305bd301c850afab7f4b284a344fb2d759f048b71c61?s=96&d=mm&r=g\",\"contentUrl\":\"https:\\\/\\\/secure.gravatar.com\\\/avatar\\\/418161d2f95196597e2d305bd301c850afab7f4b284a344fb2d759f048b71c61?s=96&d=mm&r=g\",\"caption\":\"administrador\"},\"url\":\"https:\\\/\\\/www.info.valladolid.es\\\/blog\\\/author\\\/administrador\\\/\"}]}<\/script>\n<!-- \/ Yoast SEO plugin. -->","yoast_head_json":{"title":"Matafuegos: historia de los bomberos en Valladolid - Blog Cultura y Turismo","robots":{"index":"index","follow":"follow","max-snippet":"max-snippet:-1","max-image-preview":"max-image-preview:large","max-video-preview":"max-video-preview:-1"},"canonical":"https:\/\/www.info.valladolid.es\/blog\/matafuegos-historia-de-los-bomberos-en-valladolid\/","og_locale":"es_ES","og_type":"article","og_title":"Matafuegos: historia de los bomberos en Valladolid - Blog Cultura y Turismo","og_description":"El Archivo Municipal de Valladolid se sumerge en la memoria de sus documentos para elaborar una retrospectiva sobre el Cuerpo de Bomberos de la ciudad. La muestra, que comenz\u00f3 con la conmemoraci\u00f3n del quinto centenario de su\u00a0constituci\u00f3n aborda la historia completa de los incendios en\u00a0Valladolid. Casi cien objetos componen \u2018Matafuegos\u2019. La exposici\u00f3n, plagada de peculiares documentos, recuerda episodios de la historia de la ciudad marcados por el fuego y agrupados en cinco cap\u00edtulos: las causas que han motivado la mayor parte de los incendios habidos en Valladolid, el primer cuerpo formad por musulmanes, (1505-1610), los maestros de obras cristianos (1610-1833), la creaci\u00f3n del servicio municipal contra incendios (1833-1973) y los bomberos contempor\u00e1neos. El recorrido incluye documentos desde el siglo XV, como el libro de actas m\u00e1s antiguo que conserva el Archivo (de 1497) o la misiva por la que se le concede a Valladolid el t\u00edtulo de ciudad \u2018Buena y leal\u2019, que conserva en la actualidad. Esta distinci\u00f3n est\u00e1 estrechamente relacionada con el primer incendio del que se tiene noticia fidedigna: el dictado fue concedido por el rey Alfonso XI en 1529 al excusar a los vecinos de la villa de toda responsabilidad en el incendio que sufri\u00f3 el monasterio [&hellip;]","og_url":"https:\/\/www.info.valladolid.es\/blog\/matafuegos-historia-de-los-bomberos-en-valladolid\/","og_site_name":"Blog Cultura y Turismo","article_published_time":"2016-06-28T10:13:57+00:00","article_modified_time":"2019-02-12T11:43:27+00:00","og_image":[{"width":520,"height":400,"url":"https:\/\/www.info.valladolid.es\/blog\/wp-content\/uploads\/2016\/06\/matafuegos.jpg","type":"image\/jpeg"}],"author":"administrador","twitter_card":"summary_large_image","twitter_misc":{"Escrito por":"administrador","Tiempo de lectura":"7 minutos"},"schema":{"@context":"https:\/\/schema.org","@graph":[{"@type":"Article","@id":"https:\/\/www.info.valladolid.es\/blog\/matafuegos-historia-de-los-bomberos-en-valladolid\/#article","isPartOf":{"@id":"https:\/\/www.info.valladolid.es\/blog\/matafuegos-historia-de-los-bomberos-en-valladolid\/"},"author":{"name":"administrador","@id":"https:\/\/www.info.valladolid.es\/blog\/#\/schema\/person\/845cac97e6156a5a9c5abd68b7b9a5d5"},"headline":"Matafuegos: historia de los bomberos en Valladolid","datePublished":"2016-06-28T10:13:57+00:00","dateModified":"2019-02-12T11:43:27+00:00","mainEntityOfPage":{"@id":"https:\/\/www.info.valladolid.es\/blog\/matafuegos-historia-de-los-bomberos-en-valladolid\/"},"wordCount":1313,"commentCount":0,"image":{"@id":"https:\/\/www.info.valladolid.es\/blog\/matafuegos-historia-de-los-bomberos-en-valladolid\/#primaryimage"},"thumbnailUrl":"https:\/\/www.info.valladolid.es\/blog\/wp-content\/uploads\/2016\/06\/matafuegos.jpg","keywords":["Exposiciones","Exposiciones en Valladolid"],"articleSection":["Curiosidades y leyendas"],"inLanguage":"es","potentialAction":[{"@type":"CommentAction","name":"Comment","target":["https:\/\/www.info.valladolid.es\/blog\/matafuegos-historia-de-los-bomberos-en-valladolid\/#respond"]}]},{"@type":"WebPage","@id":"https:\/\/www.info.valladolid.es\/blog\/matafuegos-historia-de-los-bomberos-en-valladolid\/","url":"https:\/\/www.info.valladolid.es\/blog\/matafuegos-historia-de-los-bomberos-en-valladolid\/","name":"Matafuegos: historia de los bomberos en Valladolid - Blog Cultura y Turismo","isPartOf":{"@id":"https:\/\/www.info.valladolid.es\/blog\/#website"},"primaryImageOfPage":{"@id":"https:\/\/www.info.valladolid.es\/blog\/matafuegos-historia-de-los-bomberos-en-valladolid\/#primaryimage"},"image":{"@id":"https:\/\/www.info.valladolid.es\/blog\/matafuegos-historia-de-los-bomberos-en-valladolid\/#primaryimage"},"thumbnailUrl":"https:\/\/www.info.valladolid.es\/blog\/wp-content\/uploads\/2016\/06\/matafuegos.jpg","datePublished":"2016-06-28T10:13:57+00:00","dateModified":"2019-02-12T11:43:27+00:00","author":{"@id":"https:\/\/www.info.valladolid.es\/blog\/#\/schema\/person\/845cac97e6156a5a9c5abd68b7b9a5d5"},"breadcrumb":{"@id":"https:\/\/www.info.valladolid.es\/blog\/matafuegos-historia-de-los-bomberos-en-valladolid\/#breadcrumb"},"inLanguage":"es","potentialAction":[{"@type":"ReadAction","target":["https:\/\/www.info.valladolid.es\/blog\/matafuegos-historia-de-los-bomberos-en-valladolid\/"]}]},{"@type":"ImageObject","inLanguage":"es","@id":"https:\/\/www.info.valladolid.es\/blog\/matafuegos-historia-de-los-bomberos-en-valladolid\/#primaryimage","url":"https:\/\/www.info.valladolid.es\/blog\/wp-content\/uploads\/2016\/06\/matafuegos.jpg","contentUrl":"https:\/\/www.info.valladolid.es\/blog\/wp-content\/uploads\/2016\/06\/matafuegos.jpg","width":520,"height":400},{"@type":"BreadcrumbList","@id":"https:\/\/www.info.valladolid.es\/blog\/matafuegos-historia-de-los-bomberos-en-valladolid\/#breadcrumb","itemListElement":[{"@type":"ListItem","position":1,"name":"Home","item":"https:\/\/www.info.valladolid.es\/blog\/"},{"@type":"ListItem","position":2,"name":"Matafuegos: historia de los bomberos en Valladolid"}]},{"@type":"WebSite","@id":"https:\/\/www.info.valladolid.es\/blog\/#website","url":"https:\/\/www.info.valladolid.es\/blog\/","name":"Blog Cultura y Turismo","description":"","potentialAction":[{"@type":"SearchAction","target":{"@type":"EntryPoint","urlTemplate":"https:\/\/www.info.valladolid.es\/blog\/?s={search_term_string}"},"query-input":{"@type":"PropertyValueSpecification","valueRequired":true,"valueName":"search_term_string"}}],"inLanguage":"es"},{"@type":"Person","@id":"https:\/\/www.info.valladolid.es\/blog\/#\/schema\/person\/845cac97e6156a5a9c5abd68b7b9a5d5","name":"administrador","image":{"@type":"ImageObject","inLanguage":"es","@id":"https:\/\/secure.gravatar.com\/avatar\/418161d2f95196597e2d305bd301c850afab7f4b284a344fb2d759f048b71c61?s=96&d=mm&r=g","url":"https:\/\/secure.gravatar.com\/avatar\/418161d2f95196597e2d305bd301c850afab7f4b284a344fb2d759f048b71c61?s=96&d=mm&r=g","contentUrl":"https:\/\/secure.gravatar.com\/avatar\/418161d2f95196597e2d305bd301c850afab7f4b284a344fb2d759f048b71c61?s=96&d=mm&r=g","caption":"administrador"},"url":"https:\/\/www.info.valladolid.es\/blog\/author\/administrador\/"}]}},"_links":{"self":[{"href":"https:\/\/www.info.valladolid.es\/blog\/wp-json\/wp\/v2\/posts\/1493","targetHints":{"allow":["GET"]}}],"collection":[{"href":"https:\/\/www.info.valladolid.es\/blog\/wp-json\/wp\/v2\/posts"}],"about":[{"href":"https:\/\/www.info.valladolid.es\/blog\/wp-json\/wp\/v2\/types\/post"}],"author":[{"embeddable":true,"href":"https:\/\/www.info.valladolid.es\/blog\/wp-json\/wp\/v2\/users\/1"}],"replies":[{"embeddable":true,"href":"https:\/\/www.info.valladolid.es\/blog\/wp-json\/wp\/v2\/comments?post=1493"}],"version-history":[{"count":6,"href":"https:\/\/www.info.valladolid.es\/blog\/wp-json\/wp\/v2\/posts\/1493\/revisions"}],"predecessor-version":[{"id":8477,"href":"https:\/\/www.info.valladolid.es\/blog\/wp-json\/wp\/v2\/posts\/1493\/revisions\/8477"}],"wp:featuredmedia":[{"embeddable":true,"href":"https:\/\/www.info.valladolid.es\/blog\/wp-json\/wp\/v2\/media\/3025"}],"wp:attachment":[{"href":"https:\/\/www.info.valladolid.es\/blog\/wp-json\/wp\/v2\/media?parent=1493"}],"wp:term":[{"taxonomy":"category","embeddable":true,"href":"https:\/\/www.info.valladolid.es\/blog\/wp-json\/wp\/v2\/categories?post=1493"},{"taxonomy":"post_tag","embeddable":true,"href":"https:\/\/www.info.valladolid.es\/blog\/wp-json\/wp\/v2\/tags?post=1493"}],"curies":[{"name":"wp","href":"https:\/\/api.w.org\/{rel}","templated":true}]}}