{"id":135,"date":"2014-04-16T12:34:01","date_gmt":"2014-04-16T12:34:01","guid":{"rendered":"http:\/\/www.info.valladolid.es\/blog\/?p=135"},"modified":"2014-04-16T12:38:48","modified_gmt":"2014-04-16T12:38:48","slug":"para-estos-dias-te-recomendamos","status":"publish","type":"post","link":"https:\/\/www.info.valladolid.es\/blog\/para-estos-dias-te-recomendamos\/","title":{"rendered":"Para estos d\u00edas te recomendamos&#8230;"},"content":{"rendered":"<p>La Semana Santa es una \u00e9poca llena de actividades en la ciudad. Conoce una fiesta declarada de Inter\u00e9s Tur\u00edstico Internacional viviendo sus procesiones m\u00e1s importantes, pero tambi\u00e9n a trav\u00e9s de visitas guiadas o exposiciones.<br \/>\nAdem\u00e1s, entre procesi\u00f3n y procesi\u00f3n, puedes disfrutar de otros eventos al aire libre. Toma nota:<\/p>\n<ul>\n<li><strong>Procesiones.<\/strong> El d\u00eda cumbre es el Viernes Santo, con el Preg\u00f3n de las Siete Palabras por la ma\u00f1ana y las otras 31 procesiones que desfilan a lo largo de la jornada. Aqu\u00ed puedes consultar una <a href=\"http:\/\/www.info.valladolid.es\/que-hacer\/fiestas-y-ferias\/semana-santa\" target=\"_blank\">completa gu\u00eda sobre los actos.<\/a><\/li>\n<li><strong>En torno a la Pasi\u00f3n.<\/strong> Hay otra forma de conocer la Semana Santa de Valladolid. Exposiciones como <a href=\"http:\/\/www.info.valladolid.es\/eldetallecm?idArticulo=212838&amp;docDescarga=NoHayDocDetalle&amp;idLugar=null&amp;migas=95160&amp;dirMaps=Avenida%20de%20Salamanca%2059,47014%20Valladolid%20Espana\" target=\"_blank\">&#8216;La Semana Santa de Luis Larfoga&#8217;<\/a>, en la Casa Revilla;<a href=\"http:\/\/www.info.valladolid.es\/eldetallecm?idArticulo=214971&amp;docDescarga=NoHayDocDetalle&amp;idLugar=null&amp;migas=10316&amp;dirMaps=Plaza%20Mayor%201,47001%20Valladolid%20Espana\" target=\"_blank\"> &#8216;Dos semanas, un encuentro&#8217;<\/a>, en la Oficina de Turismo, y<a href=\"http:\/\/www.info.valladolid.es\/eldetallecm?idArticulo=216420&amp;docDescarga=ComerciosSemanaSanta.pdf&amp;idLugar=null&amp;migas=10316&amp;dirMaps=Plaza%20Mayor%201,47001%20Valladolid%20Espana\" target=\"_blank\"> &#8216;Vallisoletanos de Pasi\u00f3n&#8217;<\/a>, en diversos comercios; son una buena retrospectiva fotogr\u00e1fica de esta tradici\u00f3n. Existen tambi\u00e9n visitas guiadas a los principales templos de Valladolid y una ruta teatralizada muy ligada a esta celebraci\u00f3n. Puedes conocer m\u00e1s detalles <a href=\"http:\/\/www.info.valladolid.es\/turismo\/servicios\/visitas-guiadas\" target=\"_blank\">en este enlace.<\/a><\/li>\n<li><strong><a href=\"http:\/\/www.info.valladolid.es\/web\/culturayturismo\/detallecm?idArticulo=213656&amp;docDescarga=NoHayDocDetalle&amp;migas=95546&amp;dirMaps=Calle%20de%20la%20Acera%20de%20Recoletos%20,47004%20Valladolid%20Espana\" target=\"_blank\">Feria del Libro Antiguo y de Ocasi\u00f3n<\/a><\/strong>. La calle Acera de Recoletos acoge las casetas que exponen los tomos llevados a la Feria del Libro Antiguo y de Ocasi\u00f3n. Tienes hasta el d\u00eda 20 de abril para buscar entre tomos esas obras descatalogadas y esas rarezas que ans\u00edas en tu biblioteca.<\/li>\n<li><a href=\"http:\/\/www.info.valladolid.es\/eldetallecm?idArticulo=217867&amp;docDescarga=NoHayDocDetalle&amp;idLugar=null&amp;migas=10316&amp;dirMaps=Plaza%20Mayor%201,47001%20Valladolid%20Espana\" target=\"_blank\">Feria de Artesan\u00eda.<\/a> Alcanza su XXII edici\u00f3n con 43 expositores asentados en las carpas del Paseo Central del Campo Grande. Relojes, joyas, objetos en piel, textil, cer\u00e1mica&#8230;todo hecho a mano y con calidad certificada. Hasta el d\u00eda 20 de abril, en horario de 11 a 14 y de 17.30 a 22 horas.<\/li>\n<\/ul>\n<p>&nbsp;<\/p>\n","protected":false},"excerpt":{"rendered":"<p>La Semana Santa es una \u00e9poca llena de actividades en la ciudad. Conoce una fiesta declarada de Inter\u00e9s Tur\u00edstico Internacional viviendo sus procesiones m\u00e1s importantes, pero tambi\u00e9n a trav\u00e9s de visitas guiadas o exposiciones. Adem\u00e1s, entre procesi\u00f3n y procesi\u00f3n, puedes disfrutar de otros eventos al aire libre. Toma nota: Procesiones. El d\u00eda cumbre es el Viernes Santo, con el Preg\u00f3n de las Siete Palabras por la ma\u00f1ana y las otras 31 procesiones que desfilan a lo largo de la jornada. Aqu\u00ed puedes consultar una completa gu\u00eda sobre los actos. En torno a la Pasi\u00f3n. Hay otra forma de conocer la Semana Santa de Valladolid. Exposiciones como &#8216;La Semana Santa de Luis Larfoga&#8217;, en la Casa Revilla; &#8216;Dos semanas, un encuentro&#8217;, en la Oficina de Turismo, y &#8216;Vallisoletanos de Pasi\u00f3n&#8217;, en diversos comercios; son una buena retrospectiva fotogr\u00e1fica de esta tradici\u00f3n. Existen tambi\u00e9n visitas guiadas a los principales templos de Valladolid y una ruta teatralizada muy ligada a esta celebraci\u00f3n. Puedes conocer m\u00e1s detalles en este enlace. Feria del Libro Antiguo y de Ocasi\u00f3n. La calle Acera de Recoletos acoge las casetas que exponen los tomos llevados a la Feria del Libro Antiguo y de Ocasi\u00f3n. Tienes hasta el d\u00eda 20 [&hellip;]<\/p>\n","protected":false},"author":1,"featured_media":0,"comment_status":"open","ping_status":"open","sticky":false,"template":"","format":"standard","meta":{"footnotes":""},"categories":[9],"tags":[16,15],"class_list":["post-135","post","type-post","status-publish","format-standard","hentry","category-eventos_y_festejos","tag-que-hacer-en-valladolid","tag-recomendados"],"yoast_head":"<!-- This site is optimized with the Yoast SEO plugin v27.5 - https:\/\/yoast.com\/product\/yoast-seo-wordpress\/ -->\n<title>Para estos d\u00edas te recomendamos... - Blog Cultura y Turismo<\/title>\n<meta name=\"robots\" content=\"index, follow, max-snippet:-1, max-image-preview:large, max-video-preview:-1\" \/>\n<link rel=\"canonical\" href=\"https:\/\/www.info.valladolid.es\/blog\/para-estos-dias-te-recomendamos\/\" \/>\n<meta property=\"og:locale\" content=\"es_ES\" \/>\n<meta property=\"og:type\" content=\"article\" \/>\n<meta property=\"og:title\" content=\"Para estos d\u00edas te recomendamos... - Blog Cultura y Turismo\" \/>\n<meta property=\"og:description\" content=\"La Semana Santa es una \u00e9poca llena de actividades en la ciudad. Conoce una fiesta declarada de Inter\u00e9s Tur\u00edstico Internacional viviendo sus procesiones m\u00e1s importantes, pero tambi\u00e9n a trav\u00e9s de visitas guiadas o exposiciones. Adem\u00e1s, entre procesi\u00f3n y procesi\u00f3n, puedes disfrutar de otros eventos al aire libre. Toma nota: Procesiones. El d\u00eda cumbre es el Viernes Santo, con el Preg\u00f3n de las Siete Palabras por la ma\u00f1ana y las otras 31 procesiones que desfilan a lo largo de la jornada. Aqu\u00ed puedes consultar una completa gu\u00eda sobre los actos. En torno a la Pasi\u00f3n. Hay otra forma de conocer la Semana Santa de Valladolid. Exposiciones como &#8216;La Semana Santa de Luis Larfoga&#8217;, en la Casa Revilla; &#8216;Dos semanas, un encuentro&#8217;, en la Oficina de Turismo, y &#8216;Vallisoletanos de Pasi\u00f3n&#8217;, en diversos comercios; son una buena retrospectiva fotogr\u00e1fica de esta tradici\u00f3n. Existen tambi\u00e9n visitas guiadas a los principales templos de Valladolid y una ruta teatralizada muy ligada a esta celebraci\u00f3n. Puedes conocer m\u00e1s detalles en este enlace. Feria del Libro Antiguo y de Ocasi\u00f3n. La calle Acera de Recoletos acoge las casetas que exponen los tomos llevados a la Feria del Libro Antiguo y de Ocasi\u00f3n. Tienes hasta el d\u00eda 20 [&hellip;]\" \/>\n<meta property=\"og:url\" content=\"https:\/\/www.info.valladolid.es\/blog\/para-estos-dias-te-recomendamos\/\" \/>\n<meta property=\"og:site_name\" content=\"Blog Cultura y Turismo\" \/>\n<meta property=\"article:published_time\" content=\"2014-04-16T12:34:01+00:00\" \/>\n<meta property=\"article:modified_time\" content=\"2014-04-16T12:38:48+00:00\" \/>\n<meta name=\"author\" content=\"administrador\" \/>\n<meta name=\"twitter:card\" content=\"summary_large_image\" \/>\n<meta name=\"twitter:label1\" content=\"Escrito por\" \/>\n\t<meta name=\"twitter:data1\" content=\"administrador\" \/>\n\t<meta name=\"twitter:label2\" content=\"Tiempo de lectura\" \/>\n\t<meta name=\"twitter:data2\" content=\"1 minuto\" \/>\n<script type=\"application\/ld+json\" class=\"yoast-schema-graph\">{\"@context\":\"https:\\\/\\\/schema.org\",\"@graph\":[{\"@type\":\"Article\",\"@id\":\"https:\\\/\\\/www.info.valladolid.es\\\/blog\\\/para-estos-dias-te-recomendamos\\\/#article\",\"isPartOf\":{\"@id\":\"https:\\\/\\\/www.info.valladolid.es\\\/blog\\\/para-estos-dias-te-recomendamos\\\/\"},\"author\":{\"name\":\"administrador\",\"@id\":\"https:\\\/\\\/www.info.valladolid.es\\\/blog\\\/#\\\/schema\\\/person\\\/845cac97e6156a5a9c5abd68b7b9a5d5\"},\"headline\":\"Para estos d\u00edas te recomendamos&#8230;\",\"datePublished\":\"2014-04-16T12:34:01+00:00\",\"dateModified\":\"2014-04-16T12:38:48+00:00\",\"mainEntityOfPage\":{\"@id\":\"https:\\\/\\\/www.info.valladolid.es\\\/blog\\\/para-estos-dias-te-recomendamos\\\/\"},\"wordCount\":296,\"commentCount\":2,\"keywords\":[\"Qu\u00e9 hacer en Valladolid\",\"Recomendados\"],\"articleSection\":[\"Eventos y festejos\"],\"inLanguage\":\"es\",\"potentialAction\":[{\"@type\":\"CommentAction\",\"name\":\"Comment\",\"target\":[\"https:\\\/\\\/www.info.valladolid.es\\\/blog\\\/para-estos-dias-te-recomendamos\\\/#respond\"]}]},{\"@type\":\"WebPage\",\"@id\":\"https:\\\/\\\/www.info.valladolid.es\\\/blog\\\/para-estos-dias-te-recomendamos\\\/\",\"url\":\"https:\\\/\\\/www.info.valladolid.es\\\/blog\\\/para-estos-dias-te-recomendamos\\\/\",\"name\":\"Para estos d\u00edas te recomendamos... - Blog Cultura y Turismo\",\"isPartOf\":{\"@id\":\"https:\\\/\\\/www.info.valladolid.es\\\/blog\\\/#website\"},\"datePublished\":\"2014-04-16T12:34:01+00:00\",\"dateModified\":\"2014-04-16T12:38:48+00:00\",\"author\":{\"@id\":\"https:\\\/\\\/www.info.valladolid.es\\\/blog\\\/#\\\/schema\\\/person\\\/845cac97e6156a5a9c5abd68b7b9a5d5\"},\"breadcrumb\":{\"@id\":\"https:\\\/\\\/www.info.valladolid.es\\\/blog\\\/para-estos-dias-te-recomendamos\\\/#breadcrumb\"},\"inLanguage\":\"es\",\"potentialAction\":[{\"@type\":\"ReadAction\",\"target\":[\"https:\\\/\\\/www.info.valladolid.es\\\/blog\\\/para-estos-dias-te-recomendamos\\\/\"]}]},{\"@type\":\"BreadcrumbList\",\"@id\":\"https:\\\/\\\/www.info.valladolid.es\\\/blog\\\/para-estos-dias-te-recomendamos\\\/#breadcrumb\",\"itemListElement\":[{\"@type\":\"ListItem\",\"position\":1,\"name\":\"Home\",\"item\":\"https:\\\/\\\/www.info.valladolid.es\\\/blog\\\/\"},{\"@type\":\"ListItem\",\"position\":2,\"name\":\"Para estos d\u00edas te recomendamos&#8230;\"}]},{\"@type\":\"WebSite\",\"@id\":\"https:\\\/\\\/www.info.valladolid.es\\\/blog\\\/#website\",\"url\":\"https:\\\/\\\/www.info.valladolid.es\\\/blog\\\/\",\"name\":\"Blog Cultura y Turismo\",\"description\":\"\",\"potentialAction\":[{\"@type\":\"SearchAction\",\"target\":{\"@type\":\"EntryPoint\",\"urlTemplate\":\"https:\\\/\\\/www.info.valladolid.es\\\/blog\\\/?s={search_term_string}\"},\"query-input\":{\"@type\":\"PropertyValueSpecification\",\"valueRequired\":true,\"valueName\":\"search_term_string\"}}],\"inLanguage\":\"es\"},{\"@type\":\"Person\",\"@id\":\"https:\\\/\\\/www.info.valladolid.es\\\/blog\\\/#\\\/schema\\\/person\\\/845cac97e6156a5a9c5abd68b7b9a5d5\",\"name\":\"administrador\",\"image\":{\"@type\":\"ImageObject\",\"inLanguage\":\"es\",\"@id\":\"https:\\\/\\\/secure.gravatar.com\\\/avatar\\\/418161d2f95196597e2d305bd301c850afab7f4b284a344fb2d759f048b71c61?s=96&d=mm&r=g\",\"url\":\"https:\\\/\\\/secure.gravatar.com\\\/avatar\\\/418161d2f95196597e2d305bd301c850afab7f4b284a344fb2d759f048b71c61?s=96&d=mm&r=g\",\"contentUrl\":\"https:\\\/\\\/secure.gravatar.com\\\/avatar\\\/418161d2f95196597e2d305bd301c850afab7f4b284a344fb2d759f048b71c61?s=96&d=mm&r=g\",\"caption\":\"administrador\"},\"url\":\"https:\\\/\\\/www.info.valladolid.es\\\/blog\\\/author\\\/administrador\\\/\"}]}<\/script>\n<!-- \/ Yoast SEO plugin. -->","yoast_head_json":{"title":"Para estos d\u00edas te recomendamos... - Blog Cultura y Turismo","robots":{"index":"index","follow":"follow","max-snippet":"max-snippet:-1","max-image-preview":"max-image-preview:large","max-video-preview":"max-video-preview:-1"},"canonical":"https:\/\/www.info.valladolid.es\/blog\/para-estos-dias-te-recomendamos\/","og_locale":"es_ES","og_type":"article","og_title":"Para estos d\u00edas te recomendamos... - Blog Cultura y Turismo","og_description":"La Semana Santa es una \u00e9poca llena de actividades en la ciudad. Conoce una fiesta declarada de Inter\u00e9s Tur\u00edstico Internacional viviendo sus procesiones m\u00e1s importantes, pero tambi\u00e9n a trav\u00e9s de visitas guiadas o exposiciones. Adem\u00e1s, entre procesi\u00f3n y procesi\u00f3n, puedes disfrutar de otros eventos al aire libre. Toma nota: Procesiones. El d\u00eda cumbre es el Viernes Santo, con el Preg\u00f3n de las Siete Palabras por la ma\u00f1ana y las otras 31 procesiones que desfilan a lo largo de la jornada. Aqu\u00ed puedes consultar una completa gu\u00eda sobre los actos. En torno a la Pasi\u00f3n. Hay otra forma de conocer la Semana Santa de Valladolid. Exposiciones como &#8216;La Semana Santa de Luis Larfoga&#8217;, en la Casa Revilla; &#8216;Dos semanas, un encuentro&#8217;, en la Oficina de Turismo, y &#8216;Vallisoletanos de Pasi\u00f3n&#8217;, en diversos comercios; son una buena retrospectiva fotogr\u00e1fica de esta tradici\u00f3n. Existen tambi\u00e9n visitas guiadas a los principales templos de Valladolid y una ruta teatralizada muy ligada a esta celebraci\u00f3n. Puedes conocer m\u00e1s detalles en este enlace. Feria del Libro Antiguo y de Ocasi\u00f3n. La calle Acera de Recoletos acoge las casetas que exponen los tomos llevados a la Feria del Libro Antiguo y de Ocasi\u00f3n. Tienes hasta el d\u00eda 20 [&hellip;]","og_url":"https:\/\/www.info.valladolid.es\/blog\/para-estos-dias-te-recomendamos\/","og_site_name":"Blog Cultura y Turismo","article_published_time":"2014-04-16T12:34:01+00:00","article_modified_time":"2014-04-16T12:38:48+00:00","author":"administrador","twitter_card":"summary_large_image","twitter_misc":{"Escrito por":"administrador","Tiempo de lectura":"1 minuto"},"schema":{"@context":"https:\/\/schema.org","@graph":[{"@type":"Article","@id":"https:\/\/www.info.valladolid.es\/blog\/para-estos-dias-te-recomendamos\/#article","isPartOf":{"@id":"https:\/\/www.info.valladolid.es\/blog\/para-estos-dias-te-recomendamos\/"},"author":{"name":"administrador","@id":"https:\/\/www.info.valladolid.es\/blog\/#\/schema\/person\/845cac97e6156a5a9c5abd68b7b9a5d5"},"headline":"Para estos d\u00edas te recomendamos&#8230;","datePublished":"2014-04-16T12:34:01+00:00","dateModified":"2014-04-16T12:38:48+00:00","mainEntityOfPage":{"@id":"https:\/\/www.info.valladolid.es\/blog\/para-estos-dias-te-recomendamos\/"},"wordCount":296,"commentCount":2,"keywords":["Qu\u00e9 hacer en Valladolid","Recomendados"],"articleSection":["Eventos y festejos"],"inLanguage":"es","potentialAction":[{"@type":"CommentAction","name":"Comment","target":["https:\/\/www.info.valladolid.es\/blog\/para-estos-dias-te-recomendamos\/#respond"]}]},{"@type":"WebPage","@id":"https:\/\/www.info.valladolid.es\/blog\/para-estos-dias-te-recomendamos\/","url":"https:\/\/www.info.valladolid.es\/blog\/para-estos-dias-te-recomendamos\/","name":"Para estos d\u00edas te recomendamos... - Blog Cultura y Turismo","isPartOf":{"@id":"https:\/\/www.info.valladolid.es\/blog\/#website"},"datePublished":"2014-04-16T12:34:01+00:00","dateModified":"2014-04-16T12:38:48+00:00","author":{"@id":"https:\/\/www.info.valladolid.es\/blog\/#\/schema\/person\/845cac97e6156a5a9c5abd68b7b9a5d5"},"breadcrumb":{"@id":"https:\/\/www.info.valladolid.es\/blog\/para-estos-dias-te-recomendamos\/#breadcrumb"},"inLanguage":"es","potentialAction":[{"@type":"ReadAction","target":["https:\/\/www.info.valladolid.es\/blog\/para-estos-dias-te-recomendamos\/"]}]},{"@type":"BreadcrumbList","@id":"https:\/\/www.info.valladolid.es\/blog\/para-estos-dias-te-recomendamos\/#breadcrumb","itemListElement":[{"@type":"ListItem","position":1,"name":"Home","item":"https:\/\/www.info.valladolid.es\/blog\/"},{"@type":"ListItem","position":2,"name":"Para estos d\u00edas te recomendamos&#8230;"}]},{"@type":"WebSite","@id":"https:\/\/www.info.valladolid.es\/blog\/#website","url":"https:\/\/www.info.valladolid.es\/blog\/","name":"Blog Cultura y Turismo","description":"","potentialAction":[{"@type":"SearchAction","target":{"@type":"EntryPoint","urlTemplate":"https:\/\/www.info.valladolid.es\/blog\/?s={search_term_string}"},"query-input":{"@type":"PropertyValueSpecification","valueRequired":true,"valueName":"search_term_string"}}],"inLanguage":"es"},{"@type":"Person","@id":"https:\/\/www.info.valladolid.es\/blog\/#\/schema\/person\/845cac97e6156a5a9c5abd68b7b9a5d5","name":"administrador","image":{"@type":"ImageObject","inLanguage":"es","@id":"https:\/\/secure.gravatar.com\/avatar\/418161d2f95196597e2d305bd301c850afab7f4b284a344fb2d759f048b71c61?s=96&d=mm&r=g","url":"https:\/\/secure.gravatar.com\/avatar\/418161d2f95196597e2d305bd301c850afab7f4b284a344fb2d759f048b71c61?s=96&d=mm&r=g","contentUrl":"https:\/\/secure.gravatar.com\/avatar\/418161d2f95196597e2d305bd301c850afab7f4b284a344fb2d759f048b71c61?s=96&d=mm&r=g","caption":"administrador"},"url":"https:\/\/www.info.valladolid.es\/blog\/author\/administrador\/"}]}},"_links":{"self":[{"href":"https:\/\/www.info.valladolid.es\/blog\/wp-json\/wp\/v2\/posts\/135","targetHints":{"allow":["GET"]}}],"collection":[{"href":"https:\/\/www.info.valladolid.es\/blog\/wp-json\/wp\/v2\/posts"}],"about":[{"href":"https:\/\/www.info.valladolid.es\/blog\/wp-json\/wp\/v2\/types\/post"}],"author":[{"embeddable":true,"href":"https:\/\/www.info.valladolid.es\/blog\/wp-json\/wp\/v2\/users\/1"}],"replies":[{"embeddable":true,"href":"https:\/\/www.info.valladolid.es\/blog\/wp-json\/wp\/v2\/comments?post=135"}],"version-history":[{"count":3,"href":"https:\/\/www.info.valladolid.es\/blog\/wp-json\/wp\/v2\/posts\/135\/revisions"}],"predecessor-version":[{"id":138,"href":"https:\/\/www.info.valladolid.es\/blog\/wp-json\/wp\/v2\/posts\/135\/revisions\/138"}],"wp:attachment":[{"href":"https:\/\/www.info.valladolid.es\/blog\/wp-json\/wp\/v2\/media?parent=135"}],"wp:term":[{"taxonomy":"category","embeddable":true,"href":"https:\/\/www.info.valladolid.es\/blog\/wp-json\/wp\/v2\/categories?post=135"},{"taxonomy":"post_tag","embeddable":true,"href":"https:\/\/www.info.valladolid.es\/blog\/wp-json\/wp\/v2\/tags?post=135"}],"curies":[{"name":"wp","href":"https:\/\/api.w.org\/{rel}","templated":true}]}}