{"id":1338,"date":"2016-05-26T07:00:05","date_gmt":"2016-05-26T07:00:05","guid":{"rendered":"http:\/\/www.info.valladolid.es\/blog\/?p=1338"},"modified":"2019-02-12T12:01:14","modified_gmt":"2019-02-12T12:01:14","slug":"circo-sombras-tac-valladolid","status":"publish","type":"post","link":"https:\/\/www.info.valladolid.es\/blog\/circo-sombras-tac-valladolid\/","title":{"rendered":"Circo de Sombras: las propuestas del TAC, explicadas por las compa\u00f1\u00edas"},"content":{"rendered":"<p><span style=\"text-decoration: underline;\"><strong>CIRCO DE SOMBRAS &#8211; EL RETABLO DE LAS MARAVILLAS. UN ENTREM\u00c9S COMOM NUNCA LO VER\u00c1S.\u00a0<\/strong><\/span><\/p>\n<ul>\n<li>22 de mayo (20.30h.), 23 de mayo (17.30 h.), 25 de mayo (19 h.), 26 de mayo (21 h.) y 28 de mayo (13 h.) en el Laboratorio de las Artes de Valladolid.<\/li>\n<\/ul>\n<p><a href=\"http:\/\/www.info.valladolid.es\/blog\/wp-content\/uploads\/2016\/05\/circo-de-sombras.png\"><img loading=\"lazy\" decoding=\"async\" class=\"alignright size-medium wp-image-1339\" src=\"http:\/\/www.info.valladolid.es\/blog\/wp-content\/uploads\/2016\/05\/circo-de-sombras-300x208.png\" alt=\"circo de sombras\" width=\"300\" height=\"208\" srcset=\"https:\/\/www.info.valladolid.es\/blog\/wp-content\/uploads\/2016\/05\/circo-de-sombras-300x208.png 300w, https:\/\/www.info.valladolid.es\/blog\/wp-content\/uploads\/2016\/05\/circo-de-sombras.png 667w\" sizes=\"auto, (max-width: 300px) 100vw, 300px\" \/><\/a>La compa\u00f1\u00eda mexicana <a href=\"https:\/\/es-es.facebook.com\/circodesombras\" target=\"_blank\" rel=\"noopener\"><strong><span style=\"text-decoration: underline;\">Circo de Sombras<\/span><\/strong> <\/a>describe la propuesta con la que se presentan en el <a href=\"www.info.valladolid.es\/tac\" target=\"_blank\" rel=\"noopener\"><span style=\"text-decoration: underline;\"><strong>Festival Internacional de Teatro y Artes de Calle de Valladolid (TAC)<\/strong><\/span><\/a> como \u00abalgo similar a leer un libro\u00bb. La comparaci\u00f3n no pod\u00eda ser m\u00e1s acertada: los actores de la formaci\u00f3n de Guanajuato vendan los ojos a todos los espectadores y les ceden el privilegio de imaginar los personajes, los escenarios, los objetos.<\/p>\n<p>El texto elegido para <strong>su aterrizaje en Valladolid<\/strong> no pod\u00eda ser m\u00e1s acertado. Cuando se cumplen <a href=\"http:\/\/www.info.valladolid.es\/turismo\/servicios\/iv-centenario-fallecimiento-cervantes\" target=\"_blank\" rel=\"noopener\"><span style=\"text-decoration: underline;\">400 a\u00f1os de la muerte de Miguel de Cervantes<\/span><\/a>, Circo de Sombras se presenta en la ciudad que conserva la \u00fanica casa del manco de Lepanto con<strong> &#8216;El retablo de las maravillas&#8217;. <\/strong><\/p>\n<p>La devoci\u00f3n de la compa\u00f1\u00eda por Cervantes sobrepasa la efem\u00e9ride. Su director, <strong>Carlos Rodr\u00edguez<\/strong>, y el actor y fundador del grupo, <strong>Marco Antonio Rizo<\/strong>, explican que, para ellos, el autor tan conocido por su faceta de novelista es, tambi\u00e9n, \u00abquien ha marcado una pauta en el teatro contempor\u00e1neo\u00bb. \u00abConsideramos que esta pieza cambi\u00f3 el teatro\u00bb, cuenta Rodr\u00edguez, \u00aby, aunque su tem\u00e1tica pueda parecer sencilla, encierra una dura cr\u00edtica social\u00bb. El tono jocoso del texto no suaviza el tir\u00f3n de orejas que Cervantes da a una sociedad en la que no falta el enga\u00f1o y la estafa. La conocida picaresca.<\/p>\n<p><a href=\"http:\/\/www.info.valladolid.es\/blog\/wp-content\/uploads\/2016\/05\/circo-de-sombras-2.png\"><img loading=\"lazy\" decoding=\"async\" class=\"alignleft size-medium wp-image-1341\" src=\"http:\/\/www.info.valladolid.es\/blog\/wp-content\/uploads\/2016\/05\/circo-de-sombras-2-300x205.png\" alt=\"circo de sombras 2\" width=\"300\" height=\"205\" \/><\/a>Privados de su vista, los espectadores recurren a sus otros sentidos para empaparse de la historia. Las impresiones del p\u00fablico vallisoletano est\u00e1n siendo, nos cuenta la compa\u00f1\u00eda, \u00abde sorpresa consigo mismos cuando se dan cuenta de c\u00f3mo agudizan sentidos como el tacto\u00bb. \u00bfY el recuerdo que se lleva la\u00a0compa\u00f1\u00eda? Se nota, dicen, que <strong>Valladolid es una ciudad\u00a0que consume teatro.\u00a0<\/strong><\/p>\n<p>La intenci\u00f3n de Circo de Sombras va m\u00e1s all\u00e1 de la mera experiencia sensorial. Desde el a\u00f1o 2005, la compa\u00f1\u00eda se centra en la b\u00fasqueda de la inclusi\u00f3n de las personas con discapacidad y \u00abla equidad\u00bb. Una sorpresa intimista que abre los ojos.<\/p>\n","protected":false},"excerpt":{"rendered":"<p>CIRCO DE SOMBRAS &#8211; EL RETABLO DE LAS MARAVILLAS. UN ENTREM\u00c9S COMOM NUNCA LO VER\u00c1S.\u00a0 22 de mayo (20.30h.), 23 de mayo (17.30 h.), 25 de mayo (19 h.), 26 de mayo (21 h.) y 28 de mayo (13 h.) en el Laboratorio de las Artes de Valladolid. La compa\u00f1\u00eda mexicana Circo de Sombras describe la propuesta con la que se presentan en el Festival Internacional de Teatro y Artes de Calle de Valladolid (TAC) como \u00abalgo similar a leer un libro\u00bb. La comparaci\u00f3n no pod\u00eda ser m\u00e1s acertada: los actores de la formaci\u00f3n de Guanajuato vendan los ojos a todos los espectadores y les ceden el privilegio de imaginar los personajes, los escenarios, los objetos. El texto elegido para su aterrizaje en Valladolid no pod\u00eda ser m\u00e1s acertado. Cuando se cumplen 400 a\u00f1os de la muerte de Miguel de Cervantes, Circo de Sombras se presenta en la ciudad que conserva la \u00fanica casa del manco de Lepanto con &#8216;El retablo de las maravillas&#8217;. La devoci\u00f3n de la compa\u00f1\u00eda por Cervantes sobrepasa la efem\u00e9ride. Su director, Carlos Rodr\u00edguez, y el actor y fundador del grupo, Marco Antonio Rizo, explican que, para ellos, el autor tan conocido por su faceta de [&hellip;]<\/p>\n","protected":false},"author":1,"featured_media":3048,"comment_status":"open","ping_status":"open","sticky":false,"template":"","format":"standard","meta":{"footnotes":""},"categories":[6,9],"tags":[60,61],"class_list":["post-1338","post","type-post","status-publish","format-standard","has-post-thumbnail","hentry","category-arte-y-museos","category-eventos_y_festejos","tag-festival-internacional-de-teatro-y-artes-de-calle-de-valladolid","tag-tac-valladolid"],"yoast_head":"<!-- This site is optimized with the Yoast SEO plugin v27.4 - https:\/\/yoast.com\/product\/yoast-seo-wordpress\/ -->\n<title>Circo de Sombras: las propuestas del TAC, explicadas por las compa\u00f1\u00edas - Blog Cultura y Turismo<\/title>\n<meta name=\"robots\" content=\"index, follow, max-snippet:-1, max-image-preview:large, max-video-preview:-1\" \/>\n<link rel=\"canonical\" href=\"https:\/\/www.info.valladolid.es\/blog\/circo-sombras-tac-valladolid\/\" \/>\n<meta property=\"og:locale\" content=\"es_ES\" \/>\n<meta property=\"og:type\" content=\"article\" \/>\n<meta property=\"og:title\" content=\"Circo de Sombras: las propuestas del TAC, explicadas por las compa\u00f1\u00edas - Blog Cultura y Turismo\" \/>\n<meta property=\"og:description\" content=\"CIRCO DE SOMBRAS &#8211; EL RETABLO DE LAS MARAVILLAS. UN ENTREM\u00c9S COMOM NUNCA LO VER\u00c1S.\u00a0 22 de mayo (20.30h.), 23 de mayo (17.30 h.), 25 de mayo (19 h.), 26 de mayo (21 h.) y 28 de mayo (13 h.) en el Laboratorio de las Artes de Valladolid. La compa\u00f1\u00eda mexicana Circo de Sombras describe la propuesta con la que se presentan en el Festival Internacional de Teatro y Artes de Calle de Valladolid (TAC) como \u00abalgo similar a leer un libro\u00bb. La comparaci\u00f3n no pod\u00eda ser m\u00e1s acertada: los actores de la formaci\u00f3n de Guanajuato vendan los ojos a todos los espectadores y les ceden el privilegio de imaginar los personajes, los escenarios, los objetos. El texto elegido para su aterrizaje en Valladolid no pod\u00eda ser m\u00e1s acertado. Cuando se cumplen 400 a\u00f1os de la muerte de Miguel de Cervantes, Circo de Sombras se presenta en la ciudad que conserva la \u00fanica casa del manco de Lepanto con &#8216;El retablo de las maravillas&#8217;. La devoci\u00f3n de la compa\u00f1\u00eda por Cervantes sobrepasa la efem\u00e9ride. Su director, Carlos Rodr\u00edguez, y el actor y fundador del grupo, Marco Antonio Rizo, explican que, para ellos, el autor tan conocido por su faceta de [&hellip;]\" \/>\n<meta property=\"og:url\" content=\"https:\/\/www.info.valladolid.es\/blog\/circo-sombras-tac-valladolid\/\" \/>\n<meta property=\"og:site_name\" content=\"Blog Cultura y Turismo\" \/>\n<meta property=\"article:published_time\" content=\"2016-05-26T07:00:05+00:00\" \/>\n<meta property=\"article:modified_time\" content=\"2019-02-12T12:01:14+00:00\" \/>\n<meta property=\"og:image\" content=\"https:\/\/www.info.valladolid.es\/blog\/wp-content\/uploads\/2016\/05\/circo-de-sombras.jpg\" \/>\n\t<meta property=\"og:image:width\" content=\"520\" \/>\n\t<meta property=\"og:image:height\" content=\"400\" \/>\n\t<meta property=\"og:image:type\" content=\"image\/jpeg\" \/>\n<meta name=\"author\" content=\"administrador\" \/>\n<meta name=\"twitter:card\" content=\"summary_large_image\" \/>\n<meta name=\"twitter:label1\" content=\"Escrito por\" \/>\n\t<meta name=\"twitter:data1\" content=\"administrador\" \/>\n\t<meta name=\"twitter:label2\" content=\"Tiempo de lectura\" \/>\n\t<meta name=\"twitter:data2\" content=\"2 minutos\" \/>\n<script type=\"application\/ld+json\" class=\"yoast-schema-graph\">{\"@context\":\"https:\\\/\\\/schema.org\",\"@graph\":[{\"@type\":\"Article\",\"@id\":\"https:\\\/\\\/www.info.valladolid.es\\\/blog\\\/circo-sombras-tac-valladolid\\\/#article\",\"isPartOf\":{\"@id\":\"https:\\\/\\\/www.info.valladolid.es\\\/blog\\\/circo-sombras-tac-valladolid\\\/\"},\"author\":{\"name\":\"administrador\",\"@id\":\"https:\\\/\\\/www.info.valladolid.es\\\/blog\\\/#\\\/schema\\\/person\\\/845cac97e6156a5a9c5abd68b7b9a5d5\"},\"headline\":\"Circo de Sombras: las propuestas del TAC, explicadas por las compa\u00f1\u00edas\",\"datePublished\":\"2016-05-26T07:00:05+00:00\",\"dateModified\":\"2019-02-12T12:01:14+00:00\",\"mainEntityOfPage\":{\"@id\":\"https:\\\/\\\/www.info.valladolid.es\\\/blog\\\/circo-sombras-tac-valladolid\\\/\"},\"wordCount\":400,\"commentCount\":0,\"image\":{\"@id\":\"https:\\\/\\\/www.info.valladolid.es\\\/blog\\\/circo-sombras-tac-valladolid\\\/#primaryimage\"},\"thumbnailUrl\":\"https:\\\/\\\/www.info.valladolid.es\\\/blog\\\/wp-content\\\/uploads\\\/2016\\\/05\\\/circo-de-sombras.jpg\",\"keywords\":[\"festival internacional de teatro y artes de calle de Valladolid\",\"TAC Valladolid\"],\"articleSection\":[\"Arte y Museos\",\"Eventos y festejos\"],\"inLanguage\":\"es\",\"potentialAction\":[{\"@type\":\"CommentAction\",\"name\":\"Comment\",\"target\":[\"https:\\\/\\\/www.info.valladolid.es\\\/blog\\\/circo-sombras-tac-valladolid\\\/#respond\"]}]},{\"@type\":\"WebPage\",\"@id\":\"https:\\\/\\\/www.info.valladolid.es\\\/blog\\\/circo-sombras-tac-valladolid\\\/\",\"url\":\"https:\\\/\\\/www.info.valladolid.es\\\/blog\\\/circo-sombras-tac-valladolid\\\/\",\"name\":\"Circo de Sombras: las propuestas del TAC, explicadas por las compa\u00f1\u00edas - Blog Cultura y Turismo\",\"isPartOf\":{\"@id\":\"https:\\\/\\\/www.info.valladolid.es\\\/blog\\\/#website\"},\"primaryImageOfPage\":{\"@id\":\"https:\\\/\\\/www.info.valladolid.es\\\/blog\\\/circo-sombras-tac-valladolid\\\/#primaryimage\"},\"image\":{\"@id\":\"https:\\\/\\\/www.info.valladolid.es\\\/blog\\\/circo-sombras-tac-valladolid\\\/#primaryimage\"},\"thumbnailUrl\":\"https:\\\/\\\/www.info.valladolid.es\\\/blog\\\/wp-content\\\/uploads\\\/2016\\\/05\\\/circo-de-sombras.jpg\",\"datePublished\":\"2016-05-26T07:00:05+00:00\",\"dateModified\":\"2019-02-12T12:01:14+00:00\",\"author\":{\"@id\":\"https:\\\/\\\/www.info.valladolid.es\\\/blog\\\/#\\\/schema\\\/person\\\/845cac97e6156a5a9c5abd68b7b9a5d5\"},\"breadcrumb\":{\"@id\":\"https:\\\/\\\/www.info.valladolid.es\\\/blog\\\/circo-sombras-tac-valladolid\\\/#breadcrumb\"},\"inLanguage\":\"es\",\"potentialAction\":[{\"@type\":\"ReadAction\",\"target\":[\"https:\\\/\\\/www.info.valladolid.es\\\/blog\\\/circo-sombras-tac-valladolid\\\/\"]}]},{\"@type\":\"ImageObject\",\"inLanguage\":\"es\",\"@id\":\"https:\\\/\\\/www.info.valladolid.es\\\/blog\\\/circo-sombras-tac-valladolid\\\/#primaryimage\",\"url\":\"https:\\\/\\\/www.info.valladolid.es\\\/blog\\\/wp-content\\\/uploads\\\/2016\\\/05\\\/circo-de-sombras.jpg\",\"contentUrl\":\"https:\\\/\\\/www.info.valladolid.es\\\/blog\\\/wp-content\\\/uploads\\\/2016\\\/05\\\/circo-de-sombras.jpg\",\"width\":520,\"height\":400},{\"@type\":\"BreadcrumbList\",\"@id\":\"https:\\\/\\\/www.info.valladolid.es\\\/blog\\\/circo-sombras-tac-valladolid\\\/#breadcrumb\",\"itemListElement\":[{\"@type\":\"ListItem\",\"position\":1,\"name\":\"Home\",\"item\":\"https:\\\/\\\/www.info.valladolid.es\\\/blog\\\/\"},{\"@type\":\"ListItem\",\"position\":2,\"name\":\"Circo de Sombras: las propuestas del TAC, explicadas por las compa\u00f1\u00edas\"}]},{\"@type\":\"WebSite\",\"@id\":\"https:\\\/\\\/www.info.valladolid.es\\\/blog\\\/#website\",\"url\":\"https:\\\/\\\/www.info.valladolid.es\\\/blog\\\/\",\"name\":\"Blog Cultura y Turismo\",\"description\":\"\",\"potentialAction\":[{\"@type\":\"SearchAction\",\"target\":{\"@type\":\"EntryPoint\",\"urlTemplate\":\"https:\\\/\\\/www.info.valladolid.es\\\/blog\\\/?s={search_term_string}\"},\"query-input\":{\"@type\":\"PropertyValueSpecification\",\"valueRequired\":true,\"valueName\":\"search_term_string\"}}],\"inLanguage\":\"es\"},{\"@type\":\"Person\",\"@id\":\"https:\\\/\\\/www.info.valladolid.es\\\/blog\\\/#\\\/schema\\\/person\\\/845cac97e6156a5a9c5abd68b7b9a5d5\",\"name\":\"administrador\",\"image\":{\"@type\":\"ImageObject\",\"inLanguage\":\"es\",\"@id\":\"https:\\\/\\\/secure.gravatar.com\\\/avatar\\\/418161d2f95196597e2d305bd301c850afab7f4b284a344fb2d759f048b71c61?s=96&d=mm&r=g\",\"url\":\"https:\\\/\\\/secure.gravatar.com\\\/avatar\\\/418161d2f95196597e2d305bd301c850afab7f4b284a344fb2d759f048b71c61?s=96&d=mm&r=g\",\"contentUrl\":\"https:\\\/\\\/secure.gravatar.com\\\/avatar\\\/418161d2f95196597e2d305bd301c850afab7f4b284a344fb2d759f048b71c61?s=96&d=mm&r=g\",\"caption\":\"administrador\"},\"url\":\"https:\\\/\\\/www.info.valladolid.es\\\/blog\\\/author\\\/administrador\\\/\"}]}<\/script>\n<!-- \/ Yoast SEO plugin. -->","yoast_head_json":{"title":"Circo de Sombras: las propuestas del TAC, explicadas por las compa\u00f1\u00edas - Blog Cultura y Turismo","robots":{"index":"index","follow":"follow","max-snippet":"max-snippet:-1","max-image-preview":"max-image-preview:large","max-video-preview":"max-video-preview:-1"},"canonical":"https:\/\/www.info.valladolid.es\/blog\/circo-sombras-tac-valladolid\/","og_locale":"es_ES","og_type":"article","og_title":"Circo de Sombras: las propuestas del TAC, explicadas por las compa\u00f1\u00edas - Blog Cultura y Turismo","og_description":"CIRCO DE SOMBRAS &#8211; EL RETABLO DE LAS MARAVILLAS. UN ENTREM\u00c9S COMOM NUNCA LO VER\u00c1S.\u00a0 22 de mayo (20.30h.), 23 de mayo (17.30 h.), 25 de mayo (19 h.), 26 de mayo (21 h.) y 28 de mayo (13 h.) en el Laboratorio de las Artes de Valladolid. La compa\u00f1\u00eda mexicana Circo de Sombras describe la propuesta con la que se presentan en el Festival Internacional de Teatro y Artes de Calle de Valladolid (TAC) como \u00abalgo similar a leer un libro\u00bb. La comparaci\u00f3n no pod\u00eda ser m\u00e1s acertada: los actores de la formaci\u00f3n de Guanajuato vendan los ojos a todos los espectadores y les ceden el privilegio de imaginar los personajes, los escenarios, los objetos. El texto elegido para su aterrizaje en Valladolid no pod\u00eda ser m\u00e1s acertado. Cuando se cumplen 400 a\u00f1os de la muerte de Miguel de Cervantes, Circo de Sombras se presenta en la ciudad que conserva la \u00fanica casa del manco de Lepanto con &#8216;El retablo de las maravillas&#8217;. La devoci\u00f3n de la compa\u00f1\u00eda por Cervantes sobrepasa la efem\u00e9ride. Su director, Carlos Rodr\u00edguez, y el actor y fundador del grupo, Marco Antonio Rizo, explican que, para ellos, el autor tan conocido por su faceta de [&hellip;]","og_url":"https:\/\/www.info.valladolid.es\/blog\/circo-sombras-tac-valladolid\/","og_site_name":"Blog Cultura y Turismo","article_published_time":"2016-05-26T07:00:05+00:00","article_modified_time":"2019-02-12T12:01:14+00:00","og_image":[{"width":520,"height":400,"url":"https:\/\/www.info.valladolid.es\/blog\/wp-content\/uploads\/2016\/05\/circo-de-sombras.jpg","type":"image\/jpeg"}],"author":"administrador","twitter_card":"summary_large_image","twitter_misc":{"Escrito por":"administrador","Tiempo de lectura":"2 minutos"},"schema":{"@context":"https:\/\/schema.org","@graph":[{"@type":"Article","@id":"https:\/\/www.info.valladolid.es\/blog\/circo-sombras-tac-valladolid\/#article","isPartOf":{"@id":"https:\/\/www.info.valladolid.es\/blog\/circo-sombras-tac-valladolid\/"},"author":{"name":"administrador","@id":"https:\/\/www.info.valladolid.es\/blog\/#\/schema\/person\/845cac97e6156a5a9c5abd68b7b9a5d5"},"headline":"Circo de Sombras: las propuestas del TAC, explicadas por las compa\u00f1\u00edas","datePublished":"2016-05-26T07:00:05+00:00","dateModified":"2019-02-12T12:01:14+00:00","mainEntityOfPage":{"@id":"https:\/\/www.info.valladolid.es\/blog\/circo-sombras-tac-valladolid\/"},"wordCount":400,"commentCount":0,"image":{"@id":"https:\/\/www.info.valladolid.es\/blog\/circo-sombras-tac-valladolid\/#primaryimage"},"thumbnailUrl":"https:\/\/www.info.valladolid.es\/blog\/wp-content\/uploads\/2016\/05\/circo-de-sombras.jpg","keywords":["festival internacional de teatro y artes de calle de Valladolid","TAC Valladolid"],"articleSection":["Arte y Museos","Eventos y festejos"],"inLanguage":"es","potentialAction":[{"@type":"CommentAction","name":"Comment","target":["https:\/\/www.info.valladolid.es\/blog\/circo-sombras-tac-valladolid\/#respond"]}]},{"@type":"WebPage","@id":"https:\/\/www.info.valladolid.es\/blog\/circo-sombras-tac-valladolid\/","url":"https:\/\/www.info.valladolid.es\/blog\/circo-sombras-tac-valladolid\/","name":"Circo de Sombras: las propuestas del TAC, explicadas por las compa\u00f1\u00edas - Blog Cultura y Turismo","isPartOf":{"@id":"https:\/\/www.info.valladolid.es\/blog\/#website"},"primaryImageOfPage":{"@id":"https:\/\/www.info.valladolid.es\/blog\/circo-sombras-tac-valladolid\/#primaryimage"},"image":{"@id":"https:\/\/www.info.valladolid.es\/blog\/circo-sombras-tac-valladolid\/#primaryimage"},"thumbnailUrl":"https:\/\/www.info.valladolid.es\/blog\/wp-content\/uploads\/2016\/05\/circo-de-sombras.jpg","datePublished":"2016-05-26T07:00:05+00:00","dateModified":"2019-02-12T12:01:14+00:00","author":{"@id":"https:\/\/www.info.valladolid.es\/blog\/#\/schema\/person\/845cac97e6156a5a9c5abd68b7b9a5d5"},"breadcrumb":{"@id":"https:\/\/www.info.valladolid.es\/blog\/circo-sombras-tac-valladolid\/#breadcrumb"},"inLanguage":"es","potentialAction":[{"@type":"ReadAction","target":["https:\/\/www.info.valladolid.es\/blog\/circo-sombras-tac-valladolid\/"]}]},{"@type":"ImageObject","inLanguage":"es","@id":"https:\/\/www.info.valladolid.es\/blog\/circo-sombras-tac-valladolid\/#primaryimage","url":"https:\/\/www.info.valladolid.es\/blog\/wp-content\/uploads\/2016\/05\/circo-de-sombras.jpg","contentUrl":"https:\/\/www.info.valladolid.es\/blog\/wp-content\/uploads\/2016\/05\/circo-de-sombras.jpg","width":520,"height":400},{"@type":"BreadcrumbList","@id":"https:\/\/www.info.valladolid.es\/blog\/circo-sombras-tac-valladolid\/#breadcrumb","itemListElement":[{"@type":"ListItem","position":1,"name":"Home","item":"https:\/\/www.info.valladolid.es\/blog\/"},{"@type":"ListItem","position":2,"name":"Circo de Sombras: las propuestas del TAC, explicadas por las compa\u00f1\u00edas"}]},{"@type":"WebSite","@id":"https:\/\/www.info.valladolid.es\/blog\/#website","url":"https:\/\/www.info.valladolid.es\/blog\/","name":"Blog Cultura y Turismo","description":"","potentialAction":[{"@type":"SearchAction","target":{"@type":"EntryPoint","urlTemplate":"https:\/\/www.info.valladolid.es\/blog\/?s={search_term_string}"},"query-input":{"@type":"PropertyValueSpecification","valueRequired":true,"valueName":"search_term_string"}}],"inLanguage":"es"},{"@type":"Person","@id":"https:\/\/www.info.valladolid.es\/blog\/#\/schema\/person\/845cac97e6156a5a9c5abd68b7b9a5d5","name":"administrador","image":{"@type":"ImageObject","inLanguage":"es","@id":"https:\/\/secure.gravatar.com\/avatar\/418161d2f95196597e2d305bd301c850afab7f4b284a344fb2d759f048b71c61?s=96&d=mm&r=g","url":"https:\/\/secure.gravatar.com\/avatar\/418161d2f95196597e2d305bd301c850afab7f4b284a344fb2d759f048b71c61?s=96&d=mm&r=g","contentUrl":"https:\/\/secure.gravatar.com\/avatar\/418161d2f95196597e2d305bd301c850afab7f4b284a344fb2d759f048b71c61?s=96&d=mm&r=g","caption":"administrador"},"url":"https:\/\/www.info.valladolid.es\/blog\/author\/administrador\/"}]}},"_links":{"self":[{"href":"https:\/\/www.info.valladolid.es\/blog\/wp-json\/wp\/v2\/posts\/1338","targetHints":{"allow":["GET"]}}],"collection":[{"href":"https:\/\/www.info.valladolid.es\/blog\/wp-json\/wp\/v2\/posts"}],"about":[{"href":"https:\/\/www.info.valladolid.es\/blog\/wp-json\/wp\/v2\/types\/post"}],"author":[{"embeddable":true,"href":"https:\/\/www.info.valladolid.es\/blog\/wp-json\/wp\/v2\/users\/1"}],"replies":[{"embeddable":true,"href":"https:\/\/www.info.valladolid.es\/blog\/wp-json\/wp\/v2\/comments?post=1338"}],"version-history":[{"count":5,"href":"https:\/\/www.info.valladolid.es\/blog\/wp-json\/wp\/v2\/posts\/1338\/revisions"}],"predecessor-version":[{"id":3049,"href":"https:\/\/www.info.valladolid.es\/blog\/wp-json\/wp\/v2\/posts\/1338\/revisions\/3049"}],"wp:featuredmedia":[{"embeddable":true,"href":"https:\/\/www.info.valladolid.es\/blog\/wp-json\/wp\/v2\/media\/3048"}],"wp:attachment":[{"href":"https:\/\/www.info.valladolid.es\/blog\/wp-json\/wp\/v2\/media?parent=1338"}],"wp:term":[{"taxonomy":"category","embeddable":true,"href":"https:\/\/www.info.valladolid.es\/blog\/wp-json\/wp\/v2\/categories?post=1338"},{"taxonomy":"post_tag","embeddable":true,"href":"https:\/\/www.info.valladolid.es\/blog\/wp-json\/wp\/v2\/tags?post=1338"}],"curies":[{"name":"wp","href":"https:\/\/api.w.org\/{rel}","templated":true}]}}