{"id":1302,"date":"2016-05-11T06:51:03","date_gmt":"2016-05-11T06:51:03","guid":{"rendered":"http:\/\/www.info.valladolid.es\/blog\/?p=1302"},"modified":"2019-02-12T12:06:02","modified_gmt":"2019-02-12T12:06:02","slug":"entrevista-javier-martinez-tac-2016","status":"publish","type":"post","link":"https:\/\/www.info.valladolid.es\/blog\/entrevista-javier-martinez-tac-2016\/","title":{"rendered":"Javier Mart\u00ednez: \u00abEl TAC debe servir para eliminar barreras a trav\u00e9s del acto cultural\u00bb"},"content":{"rendered":"<p><strong>Con 63 compa\u00f1\u00edas de 16 pa\u00edses en la programaci\u00f3n de esta XVII edici\u00f3n del TAC, y con tantos estrenos tanto a nivel nacional como absoluto, \u00bfpodemos decir que el festival se ha consolidado como una cita esc\u00e9nica a internacional?<\/strong><\/p>\n<p>Por mi experiencia como asistente a otros festivales puedo decir que el de Valladolid tiene much\u00edsimo prestigio y que es una referencia a nivel nacional e internacional. De hecho, se han inscrito profesionales que no esper\u00e1bamos, como la subdirectora del teatro La Ville de Par\u00eds o una comisi\u00f3n de Corea del Sur. Esto demuestra el inter\u00e9s que despierta el TAC y su prestigio.<\/p>\n<p><strong><img loading=\"lazy\" decoding=\"async\" class=\"aligncenter size-medium wp-image-1303\" src=\"http:\/\/www.info.valladolid.es\/blog\/wp-content\/uploads\/2016\/05\/javier-martinez-300x165.png\" alt=\"\" width=\"300\" height=\"165\" srcset=\"https:\/\/www.info.valladolid.es\/blog\/wp-content\/uploads\/2016\/05\/javier-martinez-300x165.png 300w, https:\/\/www.info.valladolid.es\/blog\/wp-content\/uploads\/2016\/05\/javier-martinez.png 350w\" sizes=\"auto, (max-width: 300px) 100vw, 300px\" \/>\u00bfTiene el TAC una especial sinton\u00eda con las compa\u00f1\u00edas francesas y belgas, tan presentes en la programaci\u00f3n?<\/strong><\/p>\n<p>Francia es el pa\u00eds m\u00e1s avanzado en teatro de calle, siempre ha sido una referencia en las artes en espacios p\u00fablicos. B\u00e9lgica, por su parte, es muy interesante en cuanto a danza contempor\u00e1nea, que es un tema que a m\u00ed me interesa much\u00edsimo.<\/p>\n<p><strong>\u00bfEs una senda a seguir por el TAC? \u00bfEn qu\u00e9 sentido te gustar\u00eda ver evolucionar el festival?<\/strong><\/p>\n<p>Me interesa encaminarlo hacia el mundo de la performance, es decir, utilizar instrumentos de nuestra contemporaneidad, exprimir la imagen y obviar cada vez m\u00e1s la palabra para transmitir un mensaje al subconsciente.<\/p>\n<p>Tambi\u00e9n me interesa ahondar en los horarios, sobre todo me interesan la madrugada y la noche. Un espect\u00e1culo de noche no significa trabajar el ruido sino trabajar el silencio mediante elementos visuales. En cuanto a espacios, me gustar\u00eda incorporar el Paseo del Cauce como escenario de madrugada, con la salida del sol de fondo.<\/p>\n<p><strong>\u00bfQu\u00e9 aporta el TAC a Valladolid? \u00bfY qu\u00e9 le aporta el espacio urbano al TAC?<\/strong><\/p>\n<p>El festival ayuda a que el ciudadano conozca ofertas que antes no ten\u00eda en su cabeza, como el mundo del performance, la danza o el nuevo circo. Hemos elegido los espect\u00e1culos m\u00e1s representativos de cada corriente, para que el festival sea un escaparate de todo aquello que habitualmente no se ve.<\/p>\n<p>El espacio urbano lo aporta todo. Uno de los objetivos del festival es que los espectadores redescubran su ciudad y a sus vecinos a trav\u00e9s del hecho creativo, que establezcan una comunicaci\u00f3n con los espacios f\u00edsicos y con las personas que habitan esos espacios, que haya una comunicaci\u00f3n transversal entre los ciudadanos. Eliminar todo tipo de barreras, econ\u00f3micas, sociales o del tipo que sean. El TAC debe servir para redescubrir personas, establecer nuevas relaciones, olvidarse de que los espacios no son guetos y romper con la vieja idea de que cada zona pertenece a un \u00fanico ambiente.<\/p>\n<p><strong>La incorporaci\u00f3n de una secci\u00f3n de salas, \u00bfdesvirt\u00faa la identidad del festival?<\/strong><\/p>\n<p>No, porque no es un festival de calle, sino un festival de teatro y de artes de calle. Tenemos que entender este concepto, porque es equivocado separar los espacios. Siempre he peleado contra los viejos intelectuales que defienden que el teatro es el teatro y lo que se hace en la calle es otra cosa. El TAC tiene que ser una gran fiesta final que abarque todas las artes esc\u00e9nicas, es m\u00e1s, yo dir\u00eda que debemos dejar el nombre en Festival Internacional de Teatro.<\/p>\n<p><strong>\u00bfQu\u00e9 propuestas de esta XVII edici\u00f3n nos recomiendas?<\/strong><\/p>\n<p>Creo que la actuaci\u00f3n de Dave St. Pierre va a ser toda una sorpresa, de momento, este estreno mundial es un misterio. La subdirectora del teatro La Ville de Par\u00eds viene exclusivamente para verlo, \u00a1algo querr\u00e1 decir!. Tambi\u00e9n destaca la presencia de Marie Chouinard, una de las mejores bailarinas contempor\u00e1neas que va a estar diez d\u00edas en la programaci\u00f3n oficial de Avignon. \u00a0Estas referencias nos dicen que juegan en primera divisi\u00f3n.<\/p>\n<p><strong>\u00bfSe ha seguido este criterio de calidad en la elecci\u00f3n de las compa\u00f1\u00edas?<\/strong><\/p>\n<p>Siempre hemos trabajado contra el \u2018todo vale\u2019. No, no todo vale: el ciudadano se merece una programaci\u00f3n de alt\u00edsima calidad. Adem\u00e1s, el p\u00fablico de Valladolid es uno de los m\u00e1s formados y de los m\u00e1s intuitivos que hay en Espa\u00f1a. Yo creo, sinceramente, que es uno de los mejores p\u00fablicos del pa\u00eds, que hist\u00f3ricamente ha tenido mucha relaci\u00f3n con el teatro.<\/p>\n<p><strong>\u00bfC\u00f3mo es el proceso de organizaci\u00f3n del TAC?<\/strong><\/p>\n<p>Es muy complicado elegir tantas representaciones, encajarlas en el tiempo y el espacio, las tareas de log\u00edstica, de planificaci\u00f3n\u2026 primero trabajamos la elecci\u00f3n de los espect\u00e1culos, para lo que vemos \u2013en directo o en v\u00eddeo- unos 300. Realizamos una criba en funci\u00f3n del presupuesto y del espacio, porque un espect\u00e1culo pierde o se hace grande seg\u00fan si el escenario es o no el adecuado. En diciembre pasamos al responsable t\u00e9cnico las fichas para que en enero podamos poner en marcha la maquinaria administrativa.<\/p>\n<p>Trabajamos dos personas durante todo el a\u00f1o y, los siete meses que preceden al festival, contamos con una tercera persona dedicada al TAC.<\/p>\n<p>Durante el mismo festival nos ponemos a trabajar el del a\u00f1o siguiente. A veces, antes, porque los espect\u00e1culos realmente interesantes se cierran con unos dos a\u00f1os de antelaci\u00f3n.<\/p>\n<p><strong>\u00bfCu\u00e1l es tu opini\u00f3n sobre el homenajeado de este a\u00f1o, Manuel Sierra?<\/strong><\/p>\n<p>Manuel es un hombre que con su actitud revolucionaria y est\u00e9tica ha transformado las calles de nuestra ciudad desde la \u00e9poca franquista hasta nuestros tiempos. Es todo bondad y generosidad, es un referente en este mundo para seguir funcionando en el d\u00eda a d\u00eda.<\/p>\n","protected":false},"excerpt":{"rendered":"<p>Con 63 compa\u00f1\u00edas de 16 pa\u00edses en la programaci\u00f3n de esta XVII edici\u00f3n del TAC, y con tantos estrenos tanto a nivel nacional como absoluto, \u00bfpodemos decir que el festival se ha consolidado como una cita esc\u00e9nica a internacional? Por mi experiencia como asistente a otros festivales puedo decir que el de Valladolid tiene much\u00edsimo prestigio y que es una referencia a nivel nacional e internacional. De hecho, se han inscrito profesionales que no esper\u00e1bamos, como la subdirectora del teatro La Ville de Par\u00eds o una comisi\u00f3n de Corea del Sur. Esto demuestra el inter\u00e9s que despierta el TAC y su prestigio. \u00bfTiene el TAC una especial sinton\u00eda con las compa\u00f1\u00edas francesas y belgas, tan presentes en la programaci\u00f3n? Francia es el pa\u00eds m\u00e1s avanzado en teatro de calle, siempre ha sido una referencia en las artes en espacios p\u00fablicos. B\u00e9lgica, por su parte, es muy interesante en cuanto a danza contempor\u00e1nea, que es un tema que a m\u00ed me interesa much\u00edsimo. \u00bfEs una senda a seguir por el TAC? \u00bfEn qu\u00e9 sentido te gustar\u00eda ver evolucionar el festival? Me interesa encaminarlo hacia el mundo de la performance, es decir, utilizar instrumentos de nuestra contemporaneidad, exprimir la imagen y obviar [&hellip;]<\/p>\n","protected":false},"author":1,"featured_media":3054,"comment_status":"open","ping_status":"open","sticky":false,"template":"","format":"standard","meta":{"footnotes":""},"categories":[9],"tags":[60],"class_list":["post-1302","post","type-post","status-publish","format-standard","has-post-thumbnail","hentry","category-eventos_y_festejos","tag-festival-internacional-de-teatro-y-artes-de-calle-de-valladolid"],"yoast_head":"<!-- This site is optimized with the Yoast SEO plugin v27.5 - https:\/\/yoast.com\/product\/yoast-seo-wordpress\/ -->\n<title>Javier Mart\u00ednez: &quot;El TAC debe servir para eliminar barreras a trav\u00e9s del acto cultural&quot; - Blog Cultura y Turismo<\/title>\n<meta name=\"robots\" content=\"index, follow, max-snippet:-1, max-image-preview:large, max-video-preview:-1\" \/>\n<link rel=\"canonical\" href=\"https:\/\/www.info.valladolid.es\/blog\/entrevista-javier-martinez-tac-2016\/\" \/>\n<meta property=\"og:locale\" content=\"es_ES\" \/>\n<meta property=\"og:type\" content=\"article\" \/>\n<meta property=\"og:title\" content=\"Javier Mart\u00ednez: &quot;El TAC debe servir para eliminar barreras a trav\u00e9s del acto cultural&quot; - Blog Cultura y Turismo\" \/>\n<meta property=\"og:description\" content=\"Con 63 compa\u00f1\u00edas de 16 pa\u00edses en la programaci\u00f3n de esta XVII edici\u00f3n del TAC, y con tantos estrenos tanto a nivel nacional como absoluto, \u00bfpodemos decir que el festival se ha consolidado como una cita esc\u00e9nica a internacional? Por mi experiencia como asistente a otros festivales puedo decir que el de Valladolid tiene much\u00edsimo prestigio y que es una referencia a nivel nacional e internacional. De hecho, se han inscrito profesionales que no esper\u00e1bamos, como la subdirectora del teatro La Ville de Par\u00eds o una comisi\u00f3n de Corea del Sur. Esto demuestra el inter\u00e9s que despierta el TAC y su prestigio. \u00bfTiene el TAC una especial sinton\u00eda con las compa\u00f1\u00edas francesas y belgas, tan presentes en la programaci\u00f3n? Francia es el pa\u00eds m\u00e1s avanzado en teatro de calle, siempre ha sido una referencia en las artes en espacios p\u00fablicos. B\u00e9lgica, por su parte, es muy interesante en cuanto a danza contempor\u00e1nea, que es un tema que a m\u00ed me interesa much\u00edsimo. \u00bfEs una senda a seguir por el TAC? \u00bfEn qu\u00e9 sentido te gustar\u00eda ver evolucionar el festival? Me interesa encaminarlo hacia el mundo de la performance, es decir, utilizar instrumentos de nuestra contemporaneidad, exprimir la imagen y obviar [&hellip;]\" \/>\n<meta property=\"og:url\" content=\"https:\/\/www.info.valladolid.es\/blog\/entrevista-javier-martinez-tac-2016\/\" \/>\n<meta property=\"og:site_name\" content=\"Blog Cultura y Turismo\" \/>\n<meta property=\"article:published_time\" content=\"2016-05-11T06:51:03+00:00\" \/>\n<meta property=\"article:modified_time\" content=\"2019-02-12T12:06:02+00:00\" \/>\n<meta property=\"og:image\" content=\"https:\/\/www.info.valladolid.es\/blog\/wp-content\/uploads\/2016\/05\/cartel-tac-2016.jpg\" \/>\n\t<meta property=\"og:image:width\" content=\"520\" \/>\n\t<meta property=\"og:image:height\" content=\"400\" \/>\n\t<meta property=\"og:image:type\" content=\"image\/jpeg\" \/>\n<meta name=\"author\" content=\"administrador\" \/>\n<meta name=\"twitter:card\" content=\"summary_large_image\" \/>\n<meta name=\"twitter:label1\" content=\"Escrito por\" \/>\n\t<meta name=\"twitter:data1\" content=\"administrador\" \/>\n\t<meta name=\"twitter:label2\" content=\"Tiempo de lectura\" \/>\n\t<meta name=\"twitter:data2\" content=\"5 minutos\" \/>\n<script type=\"application\/ld+json\" class=\"yoast-schema-graph\">{\"@context\":\"https:\\\/\\\/schema.org\",\"@graph\":[{\"@type\":\"Article\",\"@id\":\"https:\\\/\\\/www.info.valladolid.es\\\/blog\\\/entrevista-javier-martinez-tac-2016\\\/#article\",\"isPartOf\":{\"@id\":\"https:\\\/\\\/www.info.valladolid.es\\\/blog\\\/entrevista-javier-martinez-tac-2016\\\/\"},\"author\":{\"name\":\"administrador\",\"@id\":\"https:\\\/\\\/www.info.valladolid.es\\\/blog\\\/#\\\/schema\\\/person\\\/845cac97e6156a5a9c5abd68b7b9a5d5\"},\"headline\":\"Javier Mart\u00ednez: \u00abEl TAC debe servir para eliminar barreras a trav\u00e9s del acto cultural\u00bb\",\"datePublished\":\"2016-05-11T06:51:03+00:00\",\"dateModified\":\"2019-02-12T12:06:02+00:00\",\"mainEntityOfPage\":{\"@id\":\"https:\\\/\\\/www.info.valladolid.es\\\/blog\\\/entrevista-javier-martinez-tac-2016\\\/\"},\"wordCount\":969,\"commentCount\":0,\"image\":{\"@id\":\"https:\\\/\\\/www.info.valladolid.es\\\/blog\\\/entrevista-javier-martinez-tac-2016\\\/#primaryimage\"},\"thumbnailUrl\":\"https:\\\/\\\/www.info.valladolid.es\\\/blog\\\/wp-content\\\/uploads\\\/2016\\\/05\\\/cartel-tac-2016.jpg\",\"keywords\":[\"festival internacional de teatro y artes de calle de Valladolid\"],\"articleSection\":[\"Eventos y festejos\"],\"inLanguage\":\"es\",\"potentialAction\":[{\"@type\":\"CommentAction\",\"name\":\"Comment\",\"target\":[\"https:\\\/\\\/www.info.valladolid.es\\\/blog\\\/entrevista-javier-martinez-tac-2016\\\/#respond\"]}]},{\"@type\":\"WebPage\",\"@id\":\"https:\\\/\\\/www.info.valladolid.es\\\/blog\\\/entrevista-javier-martinez-tac-2016\\\/\",\"url\":\"https:\\\/\\\/www.info.valladolid.es\\\/blog\\\/entrevista-javier-martinez-tac-2016\\\/\",\"name\":\"Javier Mart\u00ednez: \\\"El TAC debe servir para eliminar barreras a trav\u00e9s del acto cultural\\\" - Blog Cultura y Turismo\",\"isPartOf\":{\"@id\":\"https:\\\/\\\/www.info.valladolid.es\\\/blog\\\/#website\"},\"primaryImageOfPage\":{\"@id\":\"https:\\\/\\\/www.info.valladolid.es\\\/blog\\\/entrevista-javier-martinez-tac-2016\\\/#primaryimage\"},\"image\":{\"@id\":\"https:\\\/\\\/www.info.valladolid.es\\\/blog\\\/entrevista-javier-martinez-tac-2016\\\/#primaryimage\"},\"thumbnailUrl\":\"https:\\\/\\\/www.info.valladolid.es\\\/blog\\\/wp-content\\\/uploads\\\/2016\\\/05\\\/cartel-tac-2016.jpg\",\"datePublished\":\"2016-05-11T06:51:03+00:00\",\"dateModified\":\"2019-02-12T12:06:02+00:00\",\"author\":{\"@id\":\"https:\\\/\\\/www.info.valladolid.es\\\/blog\\\/#\\\/schema\\\/person\\\/845cac97e6156a5a9c5abd68b7b9a5d5\"},\"breadcrumb\":{\"@id\":\"https:\\\/\\\/www.info.valladolid.es\\\/blog\\\/entrevista-javier-martinez-tac-2016\\\/#breadcrumb\"},\"inLanguage\":\"es\",\"potentialAction\":[{\"@type\":\"ReadAction\",\"target\":[\"https:\\\/\\\/www.info.valladolid.es\\\/blog\\\/entrevista-javier-martinez-tac-2016\\\/\"]}]},{\"@type\":\"ImageObject\",\"inLanguage\":\"es\",\"@id\":\"https:\\\/\\\/www.info.valladolid.es\\\/blog\\\/entrevista-javier-martinez-tac-2016\\\/#primaryimage\",\"url\":\"https:\\\/\\\/www.info.valladolid.es\\\/blog\\\/wp-content\\\/uploads\\\/2016\\\/05\\\/cartel-tac-2016.jpg\",\"contentUrl\":\"https:\\\/\\\/www.info.valladolid.es\\\/blog\\\/wp-content\\\/uploads\\\/2016\\\/05\\\/cartel-tac-2016.jpg\",\"width\":520,\"height\":400},{\"@type\":\"BreadcrumbList\",\"@id\":\"https:\\\/\\\/www.info.valladolid.es\\\/blog\\\/entrevista-javier-martinez-tac-2016\\\/#breadcrumb\",\"itemListElement\":[{\"@type\":\"ListItem\",\"position\":1,\"name\":\"Home\",\"item\":\"https:\\\/\\\/www.info.valladolid.es\\\/blog\\\/\"},{\"@type\":\"ListItem\",\"position\":2,\"name\":\"Javier Mart\u00ednez: \u00abEl TAC debe servir para eliminar barreras a trav\u00e9s del acto cultural\u00bb\"}]},{\"@type\":\"WebSite\",\"@id\":\"https:\\\/\\\/www.info.valladolid.es\\\/blog\\\/#website\",\"url\":\"https:\\\/\\\/www.info.valladolid.es\\\/blog\\\/\",\"name\":\"Blog Cultura y Turismo\",\"description\":\"\",\"potentialAction\":[{\"@type\":\"SearchAction\",\"target\":{\"@type\":\"EntryPoint\",\"urlTemplate\":\"https:\\\/\\\/www.info.valladolid.es\\\/blog\\\/?s={search_term_string}\"},\"query-input\":{\"@type\":\"PropertyValueSpecification\",\"valueRequired\":true,\"valueName\":\"search_term_string\"}}],\"inLanguage\":\"es\"},{\"@type\":\"Person\",\"@id\":\"https:\\\/\\\/www.info.valladolid.es\\\/blog\\\/#\\\/schema\\\/person\\\/845cac97e6156a5a9c5abd68b7b9a5d5\",\"name\":\"administrador\",\"image\":{\"@type\":\"ImageObject\",\"inLanguage\":\"es\",\"@id\":\"https:\\\/\\\/secure.gravatar.com\\\/avatar\\\/418161d2f95196597e2d305bd301c850afab7f4b284a344fb2d759f048b71c61?s=96&d=mm&r=g\",\"url\":\"https:\\\/\\\/secure.gravatar.com\\\/avatar\\\/418161d2f95196597e2d305bd301c850afab7f4b284a344fb2d759f048b71c61?s=96&d=mm&r=g\",\"contentUrl\":\"https:\\\/\\\/secure.gravatar.com\\\/avatar\\\/418161d2f95196597e2d305bd301c850afab7f4b284a344fb2d759f048b71c61?s=96&d=mm&r=g\",\"caption\":\"administrador\"},\"url\":\"https:\\\/\\\/www.info.valladolid.es\\\/blog\\\/author\\\/administrador\\\/\"}]}<\/script>\n<!-- \/ Yoast SEO plugin. -->","yoast_head_json":{"title":"Javier Mart\u00ednez: \"El TAC debe servir para eliminar barreras a trav\u00e9s del acto cultural\" - Blog Cultura y Turismo","robots":{"index":"index","follow":"follow","max-snippet":"max-snippet:-1","max-image-preview":"max-image-preview:large","max-video-preview":"max-video-preview:-1"},"canonical":"https:\/\/www.info.valladolid.es\/blog\/entrevista-javier-martinez-tac-2016\/","og_locale":"es_ES","og_type":"article","og_title":"Javier Mart\u00ednez: \"El TAC debe servir para eliminar barreras a trav\u00e9s del acto cultural\" - Blog Cultura y Turismo","og_description":"Con 63 compa\u00f1\u00edas de 16 pa\u00edses en la programaci\u00f3n de esta XVII edici\u00f3n del TAC, y con tantos estrenos tanto a nivel nacional como absoluto, \u00bfpodemos decir que el festival se ha consolidado como una cita esc\u00e9nica a internacional? Por mi experiencia como asistente a otros festivales puedo decir que el de Valladolid tiene much\u00edsimo prestigio y que es una referencia a nivel nacional e internacional. De hecho, se han inscrito profesionales que no esper\u00e1bamos, como la subdirectora del teatro La Ville de Par\u00eds o una comisi\u00f3n de Corea del Sur. Esto demuestra el inter\u00e9s que despierta el TAC y su prestigio. \u00bfTiene el TAC una especial sinton\u00eda con las compa\u00f1\u00edas francesas y belgas, tan presentes en la programaci\u00f3n? Francia es el pa\u00eds m\u00e1s avanzado en teatro de calle, siempre ha sido una referencia en las artes en espacios p\u00fablicos. B\u00e9lgica, por su parte, es muy interesante en cuanto a danza contempor\u00e1nea, que es un tema que a m\u00ed me interesa much\u00edsimo. \u00bfEs una senda a seguir por el TAC? \u00bfEn qu\u00e9 sentido te gustar\u00eda ver evolucionar el festival? Me interesa encaminarlo hacia el mundo de la performance, es decir, utilizar instrumentos de nuestra contemporaneidad, exprimir la imagen y obviar [&hellip;]","og_url":"https:\/\/www.info.valladolid.es\/blog\/entrevista-javier-martinez-tac-2016\/","og_site_name":"Blog Cultura y Turismo","article_published_time":"2016-05-11T06:51:03+00:00","article_modified_time":"2019-02-12T12:06:02+00:00","og_image":[{"width":520,"height":400,"url":"https:\/\/www.info.valladolid.es\/blog\/wp-content\/uploads\/2016\/05\/cartel-tac-2016.jpg","type":"image\/jpeg"}],"author":"administrador","twitter_card":"summary_large_image","twitter_misc":{"Escrito por":"administrador","Tiempo de lectura":"5 minutos"},"schema":{"@context":"https:\/\/schema.org","@graph":[{"@type":"Article","@id":"https:\/\/www.info.valladolid.es\/blog\/entrevista-javier-martinez-tac-2016\/#article","isPartOf":{"@id":"https:\/\/www.info.valladolid.es\/blog\/entrevista-javier-martinez-tac-2016\/"},"author":{"name":"administrador","@id":"https:\/\/www.info.valladolid.es\/blog\/#\/schema\/person\/845cac97e6156a5a9c5abd68b7b9a5d5"},"headline":"Javier Mart\u00ednez: \u00abEl TAC debe servir para eliminar barreras a trav\u00e9s del acto cultural\u00bb","datePublished":"2016-05-11T06:51:03+00:00","dateModified":"2019-02-12T12:06:02+00:00","mainEntityOfPage":{"@id":"https:\/\/www.info.valladolid.es\/blog\/entrevista-javier-martinez-tac-2016\/"},"wordCount":969,"commentCount":0,"image":{"@id":"https:\/\/www.info.valladolid.es\/blog\/entrevista-javier-martinez-tac-2016\/#primaryimage"},"thumbnailUrl":"https:\/\/www.info.valladolid.es\/blog\/wp-content\/uploads\/2016\/05\/cartel-tac-2016.jpg","keywords":["festival internacional de teatro y artes de calle de Valladolid"],"articleSection":["Eventos y festejos"],"inLanguage":"es","potentialAction":[{"@type":"CommentAction","name":"Comment","target":["https:\/\/www.info.valladolid.es\/blog\/entrevista-javier-martinez-tac-2016\/#respond"]}]},{"@type":"WebPage","@id":"https:\/\/www.info.valladolid.es\/blog\/entrevista-javier-martinez-tac-2016\/","url":"https:\/\/www.info.valladolid.es\/blog\/entrevista-javier-martinez-tac-2016\/","name":"Javier Mart\u00ednez: \"El TAC debe servir para eliminar barreras a trav\u00e9s del acto cultural\" - Blog Cultura y Turismo","isPartOf":{"@id":"https:\/\/www.info.valladolid.es\/blog\/#website"},"primaryImageOfPage":{"@id":"https:\/\/www.info.valladolid.es\/blog\/entrevista-javier-martinez-tac-2016\/#primaryimage"},"image":{"@id":"https:\/\/www.info.valladolid.es\/blog\/entrevista-javier-martinez-tac-2016\/#primaryimage"},"thumbnailUrl":"https:\/\/www.info.valladolid.es\/blog\/wp-content\/uploads\/2016\/05\/cartel-tac-2016.jpg","datePublished":"2016-05-11T06:51:03+00:00","dateModified":"2019-02-12T12:06:02+00:00","author":{"@id":"https:\/\/www.info.valladolid.es\/blog\/#\/schema\/person\/845cac97e6156a5a9c5abd68b7b9a5d5"},"breadcrumb":{"@id":"https:\/\/www.info.valladolid.es\/blog\/entrevista-javier-martinez-tac-2016\/#breadcrumb"},"inLanguage":"es","potentialAction":[{"@type":"ReadAction","target":["https:\/\/www.info.valladolid.es\/blog\/entrevista-javier-martinez-tac-2016\/"]}]},{"@type":"ImageObject","inLanguage":"es","@id":"https:\/\/www.info.valladolid.es\/blog\/entrevista-javier-martinez-tac-2016\/#primaryimage","url":"https:\/\/www.info.valladolid.es\/blog\/wp-content\/uploads\/2016\/05\/cartel-tac-2016.jpg","contentUrl":"https:\/\/www.info.valladolid.es\/blog\/wp-content\/uploads\/2016\/05\/cartel-tac-2016.jpg","width":520,"height":400},{"@type":"BreadcrumbList","@id":"https:\/\/www.info.valladolid.es\/blog\/entrevista-javier-martinez-tac-2016\/#breadcrumb","itemListElement":[{"@type":"ListItem","position":1,"name":"Home","item":"https:\/\/www.info.valladolid.es\/blog\/"},{"@type":"ListItem","position":2,"name":"Javier Mart\u00ednez: \u00abEl TAC debe servir para eliminar barreras a trav\u00e9s del acto cultural\u00bb"}]},{"@type":"WebSite","@id":"https:\/\/www.info.valladolid.es\/blog\/#website","url":"https:\/\/www.info.valladolid.es\/blog\/","name":"Blog Cultura y Turismo","description":"","potentialAction":[{"@type":"SearchAction","target":{"@type":"EntryPoint","urlTemplate":"https:\/\/www.info.valladolid.es\/blog\/?s={search_term_string}"},"query-input":{"@type":"PropertyValueSpecification","valueRequired":true,"valueName":"search_term_string"}}],"inLanguage":"es"},{"@type":"Person","@id":"https:\/\/www.info.valladolid.es\/blog\/#\/schema\/person\/845cac97e6156a5a9c5abd68b7b9a5d5","name":"administrador","image":{"@type":"ImageObject","inLanguage":"es","@id":"https:\/\/secure.gravatar.com\/avatar\/418161d2f95196597e2d305bd301c850afab7f4b284a344fb2d759f048b71c61?s=96&d=mm&r=g","url":"https:\/\/secure.gravatar.com\/avatar\/418161d2f95196597e2d305bd301c850afab7f4b284a344fb2d759f048b71c61?s=96&d=mm&r=g","contentUrl":"https:\/\/secure.gravatar.com\/avatar\/418161d2f95196597e2d305bd301c850afab7f4b284a344fb2d759f048b71c61?s=96&d=mm&r=g","caption":"administrador"},"url":"https:\/\/www.info.valladolid.es\/blog\/author\/administrador\/"}]}},"_links":{"self":[{"href":"https:\/\/www.info.valladolid.es\/blog\/wp-json\/wp\/v2\/posts\/1302","targetHints":{"allow":["GET"]}}],"collection":[{"href":"https:\/\/www.info.valladolid.es\/blog\/wp-json\/wp\/v2\/posts"}],"about":[{"href":"https:\/\/www.info.valladolid.es\/blog\/wp-json\/wp\/v2\/types\/post"}],"author":[{"embeddable":true,"href":"https:\/\/www.info.valladolid.es\/blog\/wp-json\/wp\/v2\/users\/1"}],"replies":[{"embeddable":true,"href":"https:\/\/www.info.valladolid.es\/blog\/wp-json\/wp\/v2\/comments?post=1302"}],"version-history":[{"count":3,"href":"https:\/\/www.info.valladolid.es\/blog\/wp-json\/wp\/v2\/posts\/1302\/revisions"}],"predecessor-version":[{"id":3055,"href":"https:\/\/www.info.valladolid.es\/blog\/wp-json\/wp\/v2\/posts\/1302\/revisions\/3055"}],"wp:featuredmedia":[{"embeddable":true,"href":"https:\/\/www.info.valladolid.es\/blog\/wp-json\/wp\/v2\/media\/3054"}],"wp:attachment":[{"href":"https:\/\/www.info.valladolid.es\/blog\/wp-json\/wp\/v2\/media?parent=1302"}],"wp:term":[{"taxonomy":"category","embeddable":true,"href":"https:\/\/www.info.valladolid.es\/blog\/wp-json\/wp\/v2\/categories?post=1302"},{"taxonomy":"post_tag","embeddable":true,"href":"https:\/\/www.info.valladolid.es\/blog\/wp-json\/wp\/v2\/tags?post=1302"}],"curies":[{"name":"wp","href":"https:\/\/api.w.org\/{rel}","templated":true}]}}