{"id":1185,"date":"2016-04-18T10:04:04","date_gmt":"2016-04-18T10:04:04","guid":{"rendered":"http:\/\/www.info.valladolid.es\/blog\/?p=1185"},"modified":"2019-02-11T09:12:23","modified_gmt":"2019-02-11T09:12:23","slug":"academia_de_caballeria","status":"publish","type":"post","link":"https:\/\/www.info.valladolid.es\/blog\/academia_de_caballeria\/","title":{"rendered":"La Academia de Caballer\u00eda de Valladolid"},"content":{"rendered":"<p>En pleno centro de Valladolid se encuentra, imponente, la\u00a0<strong>\u00fanica Academia de Caballer\u00eda en Espa\u00f1a<\/strong>. En sus pasillos y aulas m\u00e1s de 100 cadetes se inician, cada a\u00f1o, en la carrera militar. A su alrededor, turistas y vecinos buscan el mejor encuadre del solemne edificio. Algunos se adentran para conocer su museo: uniformes, armamento, condecoraciones o una m\u00e1quina Enigma original forman parte de sus fondos.<\/p>\n<p>El nombre completo de la escuela, dato desconocido para muchos visitantes, es Acuartelamiento General Shelly.<\/p>\n<p><strong><span style=\"color: #000000;\"><span style=\"text-decoration: underline;\">Historia de la Academia<\/span><\/span><\/strong><\/p>\n<p>El espacio que hoy ocupa la Academia de Caballer\u00eda fue, entre 1847 y 1915, emplazamiento de un edificio conocido como <a href=\"http:\/\/www.info.valladolid.es\/blog\/adios-al-octogono-el-incendio-de-la-academia-de-caballeria-de-valladolid\/\">\u2018El oct\u00f3gono\u2019<\/a> por la forma de su planta.<\/p>\n<p>Fue levantado fuera del municipio para servir de prisi\u00f3n, pero el r\u00e1pido crecimiento de la ciudad pronto lo fagocit\u00f3. Ya con &#8216;el oct\u00f3gono&#8217; dentro de la villa, se tom\u00f3 la decisi\u00f3n de trasladar la c\u00e1rcel al Monasterio del Prado; determinaci\u00f3n que aprovech\u00f3 el director del Arma Ricardo Shelly para proponer el traslado de la Academia de Caballer\u00eda a Valladolid. En 1852 el \u2018Oct\u00f3gono\u2019 abr\u00eda sus puertas a los 39 cadetes de la primera promoci\u00f3n vallisoletana.<\/p>\n<p>En 1915<a href=\"http:\/\/www.info.valladolid.es\/blog\/adios-al-octogono-el-incendio-de-la-academia-de-caballeria-de-valladolid\/\"> un incendio arras<\/a>\u00f3 durante tres d\u00edas el edificio octogonal. La ciudad al completo se volc\u00f3 para mantener la escuela militar: el Ayuntamiento se reuni\u00f3 en sesi\u00f3n extraordinaria y concedi\u00f3 al alcalde facultades para disponer de lo que fuese necesario para la inmediata reconstrucci\u00f3n del edifico para evitar el traslado de la Academia &#8211;\u00a0<em>\u201cLa sola suposici\u00f3n de ello es acogida por todo Valladolid con profundo disgusto\u201d<\/em>, rezaba la prensa al t\u00e9rmino del pleno-, mientras que los vecinos acogieron a los alumnos en casas particulares.<\/p>\n<p>Seis a\u00f1os despu\u00e9s, el 4 de mayo de 1921, la reina Victoria Eugenia puso la primera piedra del actual acuartelamiento.<\/p>\n<div id=\"attachment_997\" style=\"width: 1034px\" class=\"wp-caption aligncenter\"><a href=\"http:\/\/www.info.valladolid.es\/blog\/wp-content\/uploads\/2016\/02\/academai-109-VISTA-DE-LA-PLAZA-CON-EL-MONUMENTO-A-JOS\u00c9-ZORRILLA-Y-EL-OCT\u00d3GONO-ANTIGUA-ACADEMIA-DE-CABALLER\u00cdA.-DETR\u00c1S-SE-VE-LA-ESPADA\u00d1A-DE-LA-DESAPARECIDA-IGLESIA-DE-SAN-ILDEFONSO.jpg\"><img loading=\"lazy\" decoding=\"async\" aria-describedby=\"caption-attachment-997\" class=\"wp-image-997 size-large\" src=\"http:\/\/www.info.valladolid.es\/blog\/wp-content\/uploads\/2016\/02\/academai-109-VISTA-DE-LA-PLAZA-CON-EL-MONUMENTO-A-JOS\u00c9-ZORRILLA-Y-EL-OCT\u00d3GONO-ANTIGUA-ACADEMIA-DE-CABALLER\u00cdA.-DETR\u00c1S-SE-VE-LA-ESPADA\u00d1A-DE-LA-DESAPARECIDA-IGLESIA-DE-SAN-ILDEFONSO-1024x672.jpg\" alt=\"El Oct\u00f3gono de Valladolid\" width=\"1024\" height=\"672\" \/><\/a><p id=\"caption-attachment-997\" class=\"wp-caption-text\">El Oct\u00f3gono de Valladolid<\/p><\/div>\n<p><strong><span style=\"text-decoration: underline;\">Ecl\u00e9ctica fachada<\/span><\/strong><\/p>\n<p>El edificio de la Academia, ecl\u00e9ctico e historicista, mezcla de arquitectura militar y elementos renacentistas, logra, pese a la incorporaci\u00f3n de varios estilos, un efecto armonioso de enorme representatividad urbana.<\/p>\n<p>En su fachada, que encara el paseo de Zorrilla, destacan tres torres \u2013a los extremos y en su centro, sobre la puerta de acceso principal- y las insignias de las cuatro \u00f3rdenes de caballer\u00eda hist\u00f3ricas (vista de frente, de izquierda a derecha: Montesa, Santiago, Alc\u00e1ntara y Calatrava).<\/p>\n<p>El arquitecto Adolfo Pierrad se inspir\u00f3 en los palacios castellanos del Renacimiento, en especial en el Palacio Monterrey de Salamanca. La propia fachada, desde su dise\u00f1o hasta el material predominante, la piedra arenisca \u2013tra\u00edda de la provincia charra- remite al caser\u00edo se\u00f1orial de la ciudad universitaria.<\/p>\n<p><a href=\"http:\/\/www.info.valladolid.es\/blog\/wp-content\/uploads\/2016\/04\/IMG_0418.jpg\"><img loading=\"lazy\" decoding=\"async\" class=\"aligncenter wp-image-2929 size-full\" src=\"http:\/\/www.info.valladolid.es\/blog\/wp-content\/uploads\/2016\/04\/cazadores-de-alcantara-1.jpg\" alt=\"\" width=\"899\" height=\"505\" srcset=\"https:\/\/www.info.valladolid.es\/blog\/wp-content\/uploads\/2016\/04\/cazadores-de-alcantara-1.jpg 899w, https:\/\/www.info.valladolid.es\/blog\/wp-content\/uploads\/2016\/04\/cazadores-de-alcantara-1-300x169.jpg 300w, https:\/\/www.info.valladolid.es\/blog\/wp-content\/uploads\/2016\/04\/cazadores-de-alcantara-1-768x431.jpg 768w\" sizes=\"auto, (max-width: 899px) 100vw, 899px\" \/><\/a><\/p>\n<p>Custodia la entrada principal el\u00a0<a href=\"http:\/\/www.info.valladolid.es\/detalle-arte-en-la-calle\/-\/asset_publisher\/yIbBTrXIm6bg\/content\/lugares-arte-publico-monumento-a-los-cazadores-de-alcantara?_com_liferay_asset_publisher_web_portlet_AssetPublisherPortlet_INSTANCE_M65YzmuZeSnw_redirect=http%3A%2F%2Fwww.info.valladolid.es%2Farte-en-la-calle%3Fp_p_id%3Dcom_liferay_asset_publisher_web_portlet_AssetPublisherPortlet_INSTANCE_M65YzmuZeSnw%26p_p_lifecycle%3D0%26p_p_state%3Dnormal%26p_p_mode%3Dview%26p_p_col_id%3Dcolumn-2%26p_p_col_pos%3D1%26p_p_col_count%3D2%26_com_liferay_asset_publisher_web_portlet_AssetPublisherPortlet_INSTANCE_M65YzmuZeSnw_cur%3D0%26_com_liferay_asset_publisher_web_portlet_AssetPublisherPortlet_INSTANCE_M65YzmuZeSnw_delta%3D0%26p_r_p_resetCur%3Dfalse%26_com_liferay_asset_publisher_web_portlet_AssetPublisherPortlet_INSTANCE_M65YzmuZeSnw_assetEntryId%3D80732\"><strong>Monumento al Regimiento de Cazadores de Alc\u00e1ntara<\/strong><\/a> (Regimiento de Caballer\u00eda Acorazada Alc\u00e1ntara n\u00ba10), obra de Mariano Belliure inaugurada en 1931. El boceto original (conservado en el Museo del Ej\u00e9rcito) contempla un dise\u00f1o de mayor tama\u00f1o, que no pudo llevarse a cabo por problemas de financiaci\u00f3n.<\/p>\n<p>Cinco jinetes representan los institutos de los que Alc\u00e1ntara ha formado parte. El monumento, propiedad del Acuartelamiento, fue financiado por los propios oficiales y elaborado con bronce obtenido de ca\u00f1ones enemigos.<\/p>\n<p><strong><span style=\"text-decoration: underline;\">Recorre su interior<\/span><\/strong><\/p>\n<p>Un \u00f3leo de Cusach, retrato del\u00a0<strong>Ap\u00f3stol Santiago<\/strong>, patr\u00f3n de la Caballer\u00eda espa\u00f1ola, recibe al visitante. Curiosa es la t\u00e9cnica empleada por el ducho artista, que decidi\u00f3 pintar un caballo de escasa calidad para resaltar la figura del santo. El lienzo es la antesala al\u00a0<strong>Sal\u00f3n de actos<\/strong>, la estancia m\u00e1s noble de la Academia. En su techo se repiten las insignias<strong> de las cuatro \u00f3rdenes militares de Caballer\u00eda<\/strong>, acompa\u00f1ados aqu\u00ed por las armas de los Borbones y el antiguo escudo de Valladolid.<\/p>\n<p>La estancia est\u00e1 presidida por un cuadro de enorme formato que representa la batalla de Trevi\u00f1o. Es, adem\u00e1s, un cuadro empapado de historia: se cuenta que, durante el incendio de 1915, un joven cadete lo salv\u00f3 a costa de cortar parte del mismo y lanzarlo por el balc\u00f3n. De las paredes laterales cuelgan copias de los retratos de antiguos directores generales de Caballer\u00eda (los originales se encuentran en el Museo del Ej\u00e9rcito).<\/p>\n<p>Aunque las aulas y los picaderos no est\u00e1n abiertos al p\u00fablico, s\u00ed puede visitarse el guardan\u00e9s de la Academia de Valladolid y su colecci\u00f3n de sillas de montar. Un recorrido a pa\u00edses como Estados Unidos, M\u00e9xico, L\u00edbano, Italia, Hungr\u00eda o Portugal \u2013por supuesto, Espa\u00f1a- a trav\u00e9s de monturas t\u00edpicas de cada territorio y, c\u00f3mo no, las reglamentarias del Ej\u00e9rcito espa\u00f1ol.<\/p>\n\n\t\t<style type=\"text\/css\">\n\t\t\t#gallery-1 {\n\t\t\t\tmargin: auto;\n\t\t\t}\n\t\t\t#gallery-1 .gallery-item {\n\t\t\t\tfloat: left;\n\t\t\t\tmargin-top: 10px;\n\t\t\t\ttext-align: center;\n\t\t\t\twidth: 25%;\n\t\t\t}\n\t\t\t#gallery-1 img {\n\t\t\t\tborder: 2px solid #cfcfcf;\n\t\t\t}\n\t\t\t#gallery-1 .gallery-caption {\n\t\t\t\tmargin-left: 0;\n\t\t\t}\n\t\t\t\/* see gallery_shortcode() in wp-includes\/media.php *\/\n\t\t<\/style>\n\t\t<div id='gallery-1' class='gallery galleryid-1185 gallery-columns-4 gallery-size-thumbnail'><dl class='gallery-item'>\n\t\t\t<dt class='gallery-icon portrait'>\n\t\t\t\t<a href='https:\/\/www.info.valladolid.es\/blog\/academia_de_caballeria\/img_0424\/'><img loading=\"lazy\" decoding=\"async\" width=\"150\" height=\"150\" src=\"https:\/\/www.info.valladolid.es\/blog\/wp-content\/uploads\/2016\/04\/IMG_0424-150x150.jpg\" class=\"attachment-thumbnail size-thumbnail\" alt=\"\" aria-describedby=\"gallery-1-1192\" srcset=\"https:\/\/www.info.valladolid.es\/blog\/wp-content\/uploads\/2016\/04\/IMG_0424-150x150.jpg 150w, https:\/\/www.info.valladolid.es\/blog\/wp-content\/uploads\/2016\/04\/IMG_0424-160x160.jpg 160w\" sizes=\"auto, (max-width: 150px) 100vw, 150px\" \/><\/a>\n\t\t\t<\/dt>\n\t\t\t\t<dd class='wp-caption-text gallery-caption' id='gallery-1-1192'>\n\t\t\t\tPatr\u00f3n Ap\u00f3stol Santiago\n\t\t\t\t<\/dd><\/dl><dl class='gallery-item'>\n\t\t\t<dt class='gallery-icon landscape'>\n\t\t\t\t<a href='https:\/\/www.info.valladolid.es\/blog\/academia_de_caballeria\/img_0433\/'><img loading=\"lazy\" decoding=\"async\" width=\"150\" height=\"150\" src=\"https:\/\/www.info.valladolid.es\/blog\/wp-content\/uploads\/2016\/04\/IMG_0433-150x150.jpg\" class=\"attachment-thumbnail size-thumbnail\" alt=\"\" aria-describedby=\"gallery-1-1190\" srcset=\"https:\/\/www.info.valladolid.es\/blog\/wp-content\/uploads\/2016\/04\/IMG_0433-150x150.jpg 150w, https:\/\/www.info.valladolid.es\/blog\/wp-content\/uploads\/2016\/04\/IMG_0433-160x160.jpg 160w\" sizes=\"auto, (max-width: 150px) 100vw, 150px\" \/><\/a>\n\t\t\t<\/dt>\n\t\t\t\t<dd class='wp-caption-text gallery-caption' id='gallery-1-1190'>\n\t\t\t\tBatalla de Trevi\u00f1o de Morelli\n\t\t\t\t<\/dd><\/dl><dl class='gallery-item'>\n\t\t\t<dt class='gallery-icon landscape'>\n\t\t\t\t<a href='https:\/\/www.info.valladolid.es\/blog\/academia_de_caballeria\/img_0439\/'><img loading=\"lazy\" decoding=\"async\" width=\"150\" height=\"150\" src=\"https:\/\/www.info.valladolid.es\/blog\/wp-content\/uploads\/2016\/04\/IMG_0439-150x150.jpg\" class=\"attachment-thumbnail size-thumbnail\" alt=\"\" aria-describedby=\"gallery-1-1191\" srcset=\"https:\/\/www.info.valladolid.es\/blog\/wp-content\/uploads\/2016\/04\/IMG_0439-150x150.jpg 150w, https:\/\/www.info.valladolid.es\/blog\/wp-content\/uploads\/2016\/04\/IMG_0439-160x160.jpg 160w\" sizes=\"auto, (max-width: 150px) 100vw, 150px\" \/><\/a>\n\t\t\t<\/dt>\n\t\t\t\t<dd class='wp-caption-text gallery-caption' id='gallery-1-1191'>\n\t\t\t\tSal\u00f3n de actos (desde galer\u00eda superior)\n\t\t\t\t<\/dd><\/dl><dl class='gallery-item'>\n\t\t\t<dt class='gallery-icon landscape'>\n\t\t\t\t<a href='https:\/\/www.info.valladolid.es\/blog\/academia_de_caballeria\/img_0440\/'><img loading=\"lazy\" decoding=\"async\" width=\"150\" height=\"150\" src=\"https:\/\/www.info.valladolid.es\/blog\/wp-content\/uploads\/2016\/04\/IMG_0440-150x150.jpg\" class=\"attachment-thumbnail size-thumbnail\" alt=\"\" aria-describedby=\"gallery-1-1193\" srcset=\"https:\/\/www.info.valladolid.es\/blog\/wp-content\/uploads\/2016\/04\/IMG_0440-150x150.jpg 150w, https:\/\/www.info.valladolid.es\/blog\/wp-content\/uploads\/2016\/04\/IMG_0440-160x160.jpg 160w\" sizes=\"auto, (max-width: 150px) 100vw, 150px\" \/><\/a>\n\t\t\t<\/dt>\n\t\t\t\t<dd class='wp-caption-text gallery-caption' id='gallery-1-1193'>\n\t\t\t\tEscudo de la ciudad de Valladolid de 1921\n\t\t\t\t<\/dd><\/dl><br style=\"clear: both\" \/>\n\t\t<\/div>\n\n<p><span style=\"text-decoration: underline;\"><strong>Su curioso museo<\/strong> <\/span><\/p>\n<p>El museo de la Academia de Caballer\u00eda atesora una completa colecci\u00f3n de armas, uniformes, fotograf\u00edas o documentaci\u00f3n. Entre sus miles de referencias destaca una pieza casi imposible de ver en Espa\u00f1a, <a href=\"http:\/\/www.info.valladolid.es\/blog\/maquina-enigma-de-valladolid\/\">una aut\u00e9ntica m\u00e1quina Enigma<\/a>, las empleadas para el cifrado de mensajes durante la Segunda Guerra Mundial.<\/p>\n<p>Su primera estancia, la <strong>Sala Alf\u00e9rez Trobo<\/strong>, re\u00fane objetos empleados desde el pasado siglo XX: m\u00e1scaras antig\u00e1s, cascos, lanzagranadas, aparatos tomogr\u00e1ficos, granadas, proyectiles o municiones. Da acceso a la <strong>Sala Cabo Mur<\/strong>, bautizada as\u00ed en recuerdo del laureado cabo de los H\u00fasares de la Princesa, pero conocida como la sala del armamento espa\u00f1ol. Como curiosidad, su l\u00e1mpara central est\u00e1 compuesta por sables reglamentarios, igual que la que cuelga de la Sala Sargento Chover, la dedicada a armamento de otros pa\u00edses (con especial representaci\u00f3n del periodo de la Segunda Guerra Mundial y con fusiles m\u00edticos como el K-47).<\/p>\n<p>Las piezas m\u00e1s emblem\u00e1ticas descansan en la <strong>Sala de Honor<\/strong>: el antiguo estandarte del centro, bordado por la reina Victoria Eugenia, el mismo que besaron los caballeros alf\u00e9reces desde 1940 y hasta 1983; o<strong> la Gran Cruz de San Fernando que se le concedi\u00f3 al general Diego de Le\u00f3n<\/strong> antes de ser fusilado.<\/p>\n<p>El <strong>Museo de la Academia de Caballer\u00eda de Valladolid<\/strong> muestra, tambi\u00e9n, miniaturas de soldados de plomo, uniformes tan vistosos como los que pertenecieron a los decimon\u00f3nicos H\u00fasares de la Princesa, prendas usadas por los destacamentos en pa\u00edses des\u00e9rticos, una entra\u00f1able colecci\u00f3n de objetos para el recuerdo (condecoraciones, fotograf\u00edas) o los cerca de 16.300 vol\u00famenes que descansan en su biblioteca (con ejemplares tan antiguos como <em>De re militari<\/em>, fechado en 1565).<\/p>\n\n\t\t<style type=\"text\/css\">\n\t\t\t#gallery-2 {\n\t\t\t\tmargin: auto;\n\t\t\t}\n\t\t\t#gallery-2 .gallery-item {\n\t\t\t\tfloat: left;\n\t\t\t\tmargin-top: 10px;\n\t\t\t\ttext-align: center;\n\t\t\t\twidth: 33%;\n\t\t\t}\n\t\t\t#gallery-2 img {\n\t\t\t\tborder: 2px solid #cfcfcf;\n\t\t\t}\n\t\t\t#gallery-2 .gallery-caption {\n\t\t\t\tmargin-left: 0;\n\t\t\t}\n\t\t\t\/* see gallery_shortcode() in wp-includes\/media.php *\/\n\t\t<\/style>\n\t\t<div id='gallery-2' class='gallery galleryid-1185 gallery-columns-3 gallery-size-thumbnail'><dl class='gallery-item'>\n\t\t\t<dt class='gallery-icon portrait'>\n\t\t\t\t<a href='https:\/\/www.info.valladolid.es\/blog\/academia_de_caballeria\/img_0443\/'><img loading=\"lazy\" decoding=\"async\" width=\"150\" height=\"150\" src=\"https:\/\/www.info.valladolid.es\/blog\/wp-content\/uploads\/2016\/04\/IMG_0443-150x150.jpg\" class=\"attachment-thumbnail size-thumbnail\" alt=\"\" aria-describedby=\"gallery-2-1195\" srcset=\"https:\/\/www.info.valladolid.es\/blog\/wp-content\/uploads\/2016\/04\/IMG_0443-150x150.jpg 150w, https:\/\/www.info.valladolid.es\/blog\/wp-content\/uploads\/2016\/04\/IMG_0443-160x160.jpg 160w\" sizes=\"auto, (max-width: 150px) 100vw, 150px\" \/><\/a>\n\t\t\t<\/dt>\n\t\t\t\t<dd class='wp-caption-text gallery-caption' id='gallery-2-1195'>\n\t\t\t\tM\u00e1scaras antig\u00e1s\n\t\t\t\t<\/dd><\/dl><dl class='gallery-item'>\n\t\t\t<dt class='gallery-icon portrait'>\n\t\t\t\t<a href='https:\/\/www.info.valladolid.es\/blog\/academia_de_caballeria\/img_0457\/'><img loading=\"lazy\" decoding=\"async\" width=\"150\" height=\"150\" src=\"https:\/\/www.info.valladolid.es\/blog\/wp-content\/uploads\/2016\/04\/IMG_0457-150x150.jpg\" class=\"attachment-thumbnail size-thumbnail\" alt=\"\" aria-describedby=\"gallery-2-1196\" srcset=\"https:\/\/www.info.valladolid.es\/blog\/wp-content\/uploads\/2016\/04\/IMG_0457-150x150.jpg 150w, https:\/\/www.info.valladolid.es\/blog\/wp-content\/uploads\/2016\/04\/IMG_0457-160x160.jpg 160w\" sizes=\"auto, (max-width: 150px) 100vw, 150px\" \/><\/a>\n\t\t\t<\/dt>\n\t\t\t\t<dd class='wp-caption-text gallery-caption' id='gallery-2-1196'>\n\t\t\t\tFusiles\n\t\t\t\t<\/dd><\/dl><dl class='gallery-item'>\n\t\t\t<dt class='gallery-icon portrait'>\n\t\t\t\t<a href='https:\/\/www.info.valladolid.es\/blog\/academia_de_caballeria\/img_0460\/'><img loading=\"lazy\" decoding=\"async\" width=\"150\" height=\"150\" src=\"https:\/\/www.info.valladolid.es\/blog\/wp-content\/uploads\/2016\/04\/IMG_0460-150x150.jpg\" class=\"attachment-thumbnail size-thumbnail\" alt=\"\" aria-describedby=\"gallery-2-1197\" srcset=\"https:\/\/www.info.valladolid.es\/blog\/wp-content\/uploads\/2016\/04\/IMG_0460-150x150.jpg 150w, https:\/\/www.info.valladolid.es\/blog\/wp-content\/uploads\/2016\/04\/IMG_0460-160x160.jpg 160w\" sizes=\"auto, (max-width: 150px) 100vw, 150px\" \/><\/a>\n\t\t\t<\/dt>\n\t\t\t\t<dd class='wp-caption-text gallery-caption' id='gallery-2-1197'>\n\t\t\t\tL\u00e1mpara de sables\n\t\t\t\t<\/dd><\/dl><br style=\"clear: both\" \/>\n\t\t<\/div>\n\n\n\t\t<style type=\"text\/css\">\n\t\t\t#gallery-3 {\n\t\t\t\tmargin: auto;\n\t\t\t}\n\t\t\t#gallery-3 .gallery-item {\n\t\t\t\tfloat: left;\n\t\t\t\tmargin-top: 10px;\n\t\t\t\ttext-align: center;\n\t\t\t\twidth: 25%;\n\t\t\t}\n\t\t\t#gallery-3 img {\n\t\t\t\tborder: 2px solid #cfcfcf;\n\t\t\t}\n\t\t\t#gallery-3 .gallery-caption {\n\t\t\t\tmargin-left: 0;\n\t\t\t}\n\t\t\t\/* see gallery_shortcode() in wp-includes\/media.php *\/\n\t\t<\/style>\n\t\t<div id='gallery-3' class='gallery galleryid-1185 gallery-columns-4 gallery-size-thumbnail'><dl class='gallery-item'>\n\t\t\t<dt class='gallery-icon portrait'>\n\t\t\t\t<a href='https:\/\/www.info.valladolid.es\/blog\/academia_de_caballeria\/img_0465\/'><img loading=\"lazy\" decoding=\"async\" width=\"150\" height=\"150\" src=\"https:\/\/www.info.valladolid.es\/blog\/wp-content\/uploads\/2016\/04\/IMG_0465-150x150.jpg\" class=\"attachment-thumbnail size-thumbnail\" alt=\"\" aria-describedby=\"gallery-3-1198\" srcset=\"https:\/\/www.info.valladolid.es\/blog\/wp-content\/uploads\/2016\/04\/IMG_0465-150x150.jpg 150w, https:\/\/www.info.valladolid.es\/blog\/wp-content\/uploads\/2016\/04\/IMG_0465-160x160.jpg 160w\" sizes=\"auto, (max-width: 150px) 100vw, 150px\" \/><\/a>\n\t\t\t<\/dt>\n\t\t\t\t<dd class='wp-caption-text gallery-caption' id='gallery-3-1198'>\n\t\t\t\tLa reina Victoria Eugenia hace entrega del Estandarte de 1921\n\t\t\t\t<\/dd><\/dl><dl class='gallery-item'>\n\t\t\t<dt class='gallery-icon portrait'>\n\t\t\t\t<a href='https:\/\/www.info.valladolid.es\/blog\/academia_de_caballeria\/img_0466\/'><img loading=\"lazy\" decoding=\"async\" width=\"150\" height=\"150\" src=\"https:\/\/www.info.valladolid.es\/blog\/wp-content\/uploads\/2016\/04\/IMG_0466-150x150.jpg\" class=\"attachment-thumbnail size-thumbnail\" alt=\"\" aria-describedby=\"gallery-3-1199\" srcset=\"https:\/\/www.info.valladolid.es\/blog\/wp-content\/uploads\/2016\/04\/IMG_0466-150x150.jpg 150w, https:\/\/www.info.valladolid.es\/blog\/wp-content\/uploads\/2016\/04\/IMG_0466-160x160.jpg 160w\" sizes=\"auto, (max-width: 150px) 100vw, 150px\" \/><\/a>\n\t\t\t<\/dt>\n\t\t\t\t<dd class='wp-caption-text gallery-caption' id='gallery-3-1199'>\n\t\t\t\tEstandarte de 1921\n\t\t\t\t<\/dd><\/dl><dl class='gallery-item'>\n\t\t\t<dt class='gallery-icon portrait'>\n\t\t\t\t<a href='https:\/\/www.info.valladolid.es\/blog\/academia_de_caballeria\/img_0469\/'><img loading=\"lazy\" decoding=\"async\" width=\"150\" height=\"150\" src=\"https:\/\/www.info.valladolid.es\/blog\/wp-content\/uploads\/2016\/04\/IMG_0469-150x150.jpg\" class=\"attachment-thumbnail size-thumbnail\" alt=\"\" aria-describedby=\"gallery-3-1200\" srcset=\"https:\/\/www.info.valladolid.es\/blog\/wp-content\/uploads\/2016\/04\/IMG_0469-150x150.jpg 150w, https:\/\/www.info.valladolid.es\/blog\/wp-content\/uploads\/2016\/04\/IMG_0469-160x160.jpg 160w\" sizes=\"auto, (max-width: 150px) 100vw, 150px\" \/><\/a>\n\t\t\t<\/dt>\n\t\t\t\t<dd class='wp-caption-text gallery-caption' id='gallery-3-1200'>\n\t\t\t\tEstatua en bronce de la reina\n\t\t\t\t<\/dd><\/dl><dl class='gallery-item'>\n\t\t\t<dt class='gallery-icon portrait'>\n\t\t\t\t<a href='https:\/\/www.info.valladolid.es\/blog\/academia_de_caballeria\/img_0472\/'><img loading=\"lazy\" decoding=\"async\" width=\"150\" height=\"150\" src=\"https:\/\/www.info.valladolid.es\/blog\/wp-content\/uploads\/2016\/04\/IMG_0472-e1460965815110-150x150.jpg\" class=\"attachment-thumbnail size-thumbnail\" alt=\"\" aria-describedby=\"gallery-3-1201\" srcset=\"https:\/\/www.info.valladolid.es\/blog\/wp-content\/uploads\/2016\/04\/IMG_0472-e1460965815110-150x150.jpg 150w, https:\/\/www.info.valladolid.es\/blog\/wp-content\/uploads\/2016\/04\/IMG_0472-e1460965815110-160x160.jpg 160w\" sizes=\"auto, (max-width: 150px) 100vw, 150px\" \/><\/a>\n\t\t\t<\/dt>\n\t\t\t\t<dd class='wp-caption-text gallery-caption' id='gallery-3-1201'>\n\t\t\t\tLaureada de Diego de Le\u00f3n\n\t\t\t\t<\/dd><\/dl><br style=\"clear: both\" \/>\n\t\t<\/div>\n\n\n\t\t<style type=\"text\/css\">\n\t\t\t#gallery-4 {\n\t\t\t\tmargin: auto;\n\t\t\t}\n\t\t\t#gallery-4 .gallery-item {\n\t\t\t\tfloat: left;\n\t\t\t\tmargin-top: 10px;\n\t\t\t\ttext-align: center;\n\t\t\t\twidth: 50%;\n\t\t\t}\n\t\t\t#gallery-4 img {\n\t\t\t\tborder: 2px solid #cfcfcf;\n\t\t\t}\n\t\t\t#gallery-4 .gallery-caption {\n\t\t\t\tmargin-left: 0;\n\t\t\t}\n\t\t\t\/* see gallery_shortcode() in wp-includes\/media.php *\/\n\t\t<\/style>\n\t\t<div id='gallery-4' class='gallery galleryid-1185 gallery-columns-2 gallery-size-thumbnail'><dl class='gallery-item'>\n\t\t\t<dt class='gallery-icon landscape'>\n\t\t\t\t<a href='https:\/\/www.info.valladolid.es\/blog\/academia_de_caballeria\/img_0477\/'><img loading=\"lazy\" decoding=\"async\" width=\"150\" height=\"150\" src=\"https:\/\/www.info.valladolid.es\/blog\/wp-content\/uploads\/2016\/04\/IMG_0477-150x150.jpg\" class=\"attachment-thumbnail size-thumbnail\" alt=\"\" aria-describedby=\"gallery-4-1202\" srcset=\"https:\/\/www.info.valladolid.es\/blog\/wp-content\/uploads\/2016\/04\/IMG_0477-150x150.jpg 150w, https:\/\/www.info.valladolid.es\/blog\/wp-content\/uploads\/2016\/04\/IMG_0477-160x160.jpg 160w\" sizes=\"auto, (max-width: 150px) 100vw, 150px\" \/><\/a>\n\t\t\t<\/dt>\n\t\t\t\t<dd class='wp-caption-text gallery-caption' id='gallery-4-1202'>\n\t\t\t\tAmetralladora (1910, URSS)\n\t\t\t\t<\/dd><\/dl><dl class='gallery-item'>\n\t\t\t<dt class='gallery-icon landscape'>\n\t\t\t\t<a href='https:\/\/www.info.valladolid.es\/blog\/academia_de_caballeria\/img_0480\/'><img loading=\"lazy\" decoding=\"async\" width=\"150\" height=\"150\" src=\"https:\/\/www.info.valladolid.es\/blog\/wp-content\/uploads\/2016\/04\/IMG_0480-150x150.jpg\" class=\"attachment-thumbnail size-thumbnail\" alt=\"\" aria-describedby=\"gallery-4-1203\" srcset=\"https:\/\/www.info.valladolid.es\/blog\/wp-content\/uploads\/2016\/04\/IMG_0480-150x150.jpg 150w, https:\/\/www.info.valladolid.es\/blog\/wp-content\/uploads\/2016\/04\/IMG_0480-160x160.jpg 160w\" sizes=\"auto, (max-width: 150px) 100vw, 150px\" \/><\/a>\n\t\t\t<\/dt>\n\t\t\t\t<dd class='wp-caption-text gallery-caption' id='gallery-4-1203'>\n\t\t\t\tArmas procedentes de Alemania, Suiza, Estonia, Finlandia y Gran Breta\u00f1a\n\t\t\t\t<\/dd><\/dl><br style=\"clear: both\" \/>\n\t\t<\/div>\n\n\n\t\t<style type=\"text\/css\">\n\t\t\t#gallery-5 {\n\t\t\t\tmargin: auto;\n\t\t\t}\n\t\t\t#gallery-5 .gallery-item {\n\t\t\t\tfloat: left;\n\t\t\t\tmargin-top: 10px;\n\t\t\t\ttext-align: center;\n\t\t\t\twidth: 33%;\n\t\t\t}\n\t\t\t#gallery-5 img {\n\t\t\t\tborder: 2px solid #cfcfcf;\n\t\t\t}\n\t\t\t#gallery-5 .gallery-caption {\n\t\t\t\tmargin-left: 0;\n\t\t\t}\n\t\t\t\/* see gallery_shortcode() in wp-includes\/media.php *\/\n\t\t<\/style>\n\t\t<div id='gallery-5' class='gallery galleryid-1185 gallery-columns-3 gallery-size-thumbnail'><dl class='gallery-item'>\n\t\t\t<dt class='gallery-icon landscape'>\n\t\t\t\t<a href='https:\/\/www.info.valladolid.es\/blog\/academia_de_caballeria\/img_0486\/'><img loading=\"lazy\" decoding=\"async\" width=\"150\" height=\"150\" src=\"https:\/\/www.info.valladolid.es\/blog\/wp-content\/uploads\/2016\/04\/IMG_0486-e1460967488233-150x150.jpg\" class=\"attachment-thumbnail size-thumbnail\" alt=\"\" aria-describedby=\"gallery-5-1207\" srcset=\"https:\/\/www.info.valladolid.es\/blog\/wp-content\/uploads\/2016\/04\/IMG_0486-e1460967488233-150x150.jpg 150w, https:\/\/www.info.valladolid.es\/blog\/wp-content\/uploads\/2016\/04\/IMG_0486-e1460967488233-160x160.jpg 160w\" sizes=\"auto, (max-width: 150px) 100vw, 150px\" \/><\/a>\n\t\t\t<\/dt>\n\t\t\t\t<dd class='wp-caption-text gallery-caption' id='gallery-5-1207'>\n\t\t\t\tSoldados de plomo\n\t\t\t\t<\/dd><\/dl><dl class='gallery-item'>\n\t\t\t<dt class='gallery-icon landscape'>\n\t\t\t\t<a href='https:\/\/www.info.valladolid.es\/blog\/academia_de_caballeria\/img_0485\/'><img loading=\"lazy\" decoding=\"async\" width=\"150\" height=\"150\" src=\"https:\/\/www.info.valladolid.es\/blog\/wp-content\/uploads\/2016\/04\/IMG_0485-150x150.jpg\" class=\"attachment-thumbnail size-thumbnail\" alt=\"\" aria-describedby=\"gallery-5-1206\" srcset=\"https:\/\/www.info.valladolid.es\/blog\/wp-content\/uploads\/2016\/04\/IMG_0485-150x150.jpg 150w, https:\/\/www.info.valladolid.es\/blog\/wp-content\/uploads\/2016\/04\/IMG_0485-160x160.jpg 160w\" sizes=\"auto, (max-width: 150px) 100vw, 150px\" \/><\/a>\n\t\t\t<\/dt>\n\t\t\t\t<dd class='wp-caption-text gallery-caption' id='gallery-5-1206'>\n\t\t\t\tUniforme de capit\u00e1n gala (H\u00fasares de la Princesa)\n\t\t\t\t<\/dd><\/dl><dl class='gallery-item'>\n\t\t\t<dt class='gallery-icon landscape'>\n\t\t\t\t<a href='https:\/\/www.info.valladolid.es\/blog\/academia_de_caballeria\/img_0482\/'><img loading=\"lazy\" decoding=\"async\" width=\"150\" height=\"150\" src=\"https:\/\/www.info.valladolid.es\/blog\/wp-content\/uploads\/2016\/04\/IMG_0482-e1460967545104-150x150.jpg\" class=\"attachment-thumbnail size-thumbnail\" alt=\"\" aria-describedby=\"gallery-5-1205\" srcset=\"https:\/\/www.info.valladolid.es\/blog\/wp-content\/uploads\/2016\/04\/IMG_0482-e1460967545104-150x150.jpg 150w, https:\/\/www.info.valladolid.es\/blog\/wp-content\/uploads\/2016\/04\/IMG_0482-e1460967545104-160x160.jpg 160w\" sizes=\"auto, (max-width: 150px) 100vw, 150px\" \/><\/a>\n\t\t\t<\/dt>\n\t\t\t\t<dd class='wp-caption-text gallery-caption' id='gallery-5-1205'>\n\t\t\t\tPrendas de cabeza\n\t\t\t\t<\/dd><\/dl><br style=\"clear: both\" \/>\n\t\t<\/div>\n\n\n\t\t<style type=\"text\/css\">\n\t\t\t#gallery-6 {\n\t\t\t\tmargin: auto;\n\t\t\t}\n\t\t\t#gallery-6 .gallery-item {\n\t\t\t\tfloat: left;\n\t\t\t\tmargin-top: 10px;\n\t\t\t\ttext-align: center;\n\t\t\t\twidth: 33%;\n\t\t\t}\n\t\t\t#gallery-6 img {\n\t\t\t\tborder: 2px solid #cfcfcf;\n\t\t\t}\n\t\t\t#gallery-6 .gallery-caption {\n\t\t\t\tmargin-left: 0;\n\t\t\t}\n\t\t\t\/* see gallery_shortcode() in wp-includes\/media.php *\/\n\t\t<\/style>\n\t\t<div id='gallery-6' class='gallery galleryid-1185 gallery-columns-3 gallery-size-thumbnail'><dl class='gallery-item'>\n\t\t\t<dt class='gallery-icon landscape'>\n\t\t\t\t<a href='https:\/\/www.info.valladolid.es\/blog\/academia_de_caballeria\/biblioteca\/'><img loading=\"lazy\" decoding=\"async\" width=\"150\" height=\"150\" src=\"https:\/\/www.info.valladolid.es\/blog\/wp-content\/uploads\/2016\/04\/biblioteca-150x150.jpg\" class=\"attachment-thumbnail size-thumbnail\" alt=\"\" aria-describedby=\"gallery-6-1216\" srcset=\"https:\/\/www.info.valladolid.es\/blog\/wp-content\/uploads\/2016\/04\/biblioteca-150x150.jpg 150w, https:\/\/www.info.valladolid.es\/blog\/wp-content\/uploads\/2016\/04\/biblioteca-160x160.jpg 160w\" sizes=\"auto, (max-width: 150px) 100vw, 150px\" \/><\/a>\n\t\t\t<\/dt>\n\t\t\t\t<dd class='wp-caption-text gallery-caption' id='gallery-6-1216'>\n\t\t\t\tAntigua biblioteca\n\t\t\t\t<\/dd><\/dl><dl class='gallery-item'>\n\t\t\t<dt class='gallery-icon portrait'>\n\t\t\t\t<a href='https:\/\/www.info.valladolid.es\/blog\/academia_de_caballeria\/img_0496\/'><img loading=\"lazy\" decoding=\"async\" width=\"150\" height=\"150\" src=\"https:\/\/www.info.valladolid.es\/blog\/wp-content\/uploads\/2016\/04\/IMG_0496-e1460967908780-150x150.jpg\" class=\"attachment-thumbnail size-thumbnail\" alt=\"\" aria-describedby=\"gallery-6-1210\" srcset=\"https:\/\/www.info.valladolid.es\/blog\/wp-content\/uploads\/2016\/04\/IMG_0496-e1460967908780-150x150.jpg 150w, https:\/\/www.info.valladolid.es\/blog\/wp-content\/uploads\/2016\/04\/IMG_0496-e1460967908780-160x160.jpg 160w\" sizes=\"auto, (max-width: 150px) 100vw, 150px\" \/><\/a>\n\t\t\t<\/dt>\n\t\t\t\t<dd class='wp-caption-text gallery-caption' id='gallery-6-1210'>\n\t\t\t\tBiblioteca\n\t\t\t\t<\/dd><\/dl><dl class='gallery-item'>\n\t\t\t<dt class='gallery-icon portrait'>\n\t\t\t\t<a href='https:\/\/www.info.valladolid.es\/blog\/academia_de_caballeria\/img_0497\/'><img loading=\"lazy\" decoding=\"async\" width=\"150\" height=\"150\" src=\"https:\/\/www.info.valladolid.es\/blog\/wp-content\/uploads\/2016\/04\/IMG_0497-e1460967928755-150x150.jpg\" class=\"attachment-thumbnail size-thumbnail\" alt=\"\" aria-describedby=\"gallery-6-1211\" srcset=\"https:\/\/www.info.valladolid.es\/blog\/wp-content\/uploads\/2016\/04\/IMG_0497-e1460967928755-150x150.jpg 150w, https:\/\/www.info.valladolid.es\/blog\/wp-content\/uploads\/2016\/04\/IMG_0497-e1460967928755-160x160.jpg 160w\" sizes=\"auto, (max-width: 150px) 100vw, 150px\" \/><\/a>\n\t\t\t<\/dt>\n\t\t\t\t<dd class='wp-caption-text gallery-caption' id='gallery-6-1211'>\n\t\t\t\tVitrina con los ejemplares m\u00e1s antiguos\n\t\t\t\t<\/dd><\/dl><br style=\"clear: both\" \/>\n\t\t<\/div>\n\n<div id=\"attachment_1219\" style=\"width: 310px\" class=\"wp-caption aligncenter\"><a href=\"http:\/\/www.info.valladolid.es\/blog\/wp-content\/uploads\/2016\/04\/IMG_0499-e1460968607603.jpg\"><img loading=\"lazy\" decoding=\"async\" aria-describedby=\"caption-attachment-1219\" class=\"wp-image-1219 size-medium\" src=\"http:\/\/www.info.valladolid.es\/blog\/wp-content\/uploads\/2016\/04\/IMG_0499-e1460968607603-300x206.jpg\" alt=\"Recuerdos de D\u00edaz de Mendivil\" width=\"300\" height=\"206\" srcset=\"https:\/\/www.info.valladolid.es\/blog\/wp-content\/uploads\/2016\/04\/IMG_0499-e1460968607603-300x206.jpg 300w, https:\/\/www.info.valladolid.es\/blog\/wp-content\/uploads\/2016\/04\/IMG_0499-e1460968607603-1024x703.jpg 1024w, https:\/\/www.info.valladolid.es\/blog\/wp-content\/uploads\/2016\/04\/IMG_0499-e1460968607603.jpg 1723w\" sizes=\"auto, (max-width: 300px) 100vw, 300px\" \/><\/a><p id=\"caption-attachment-1219\" class=\"wp-caption-text\">Recuerdos de D\u00edaz de Mendivil<\/p><\/div>\n\n\t\t<style type=\"text\/css\">\n\t\t\t#gallery-7 {\n\t\t\t\tmargin: auto;\n\t\t\t}\n\t\t\t#gallery-7 .gallery-item {\n\t\t\t\tfloat: left;\n\t\t\t\tmargin-top: 10px;\n\t\t\t\ttext-align: center;\n\t\t\t\twidth: 33%;\n\t\t\t}\n\t\t\t#gallery-7 img {\n\t\t\t\tborder: 2px solid #cfcfcf;\n\t\t\t}\n\t\t\t#gallery-7 .gallery-caption {\n\t\t\t\tmargin-left: 0;\n\t\t\t}\n\t\t\t\/* see gallery_shortcode() in wp-includes\/media.php *\/\n\t\t<\/style>\n\t\t<div id='gallery-7' class='gallery galleryid-1185 gallery-columns-3 gallery-size-thumbnail'><dl class='gallery-item'>\n\t\t\t<dt class='gallery-icon landscape'>\n\t\t\t\t<a href='https:\/\/www.info.valladolid.es\/blog\/academia_de_caballeria\/img_0518\/'><img loading=\"lazy\" decoding=\"async\" width=\"150\" height=\"150\" src=\"https:\/\/www.info.valladolid.es\/blog\/wp-content\/uploads\/2016\/04\/IMG_0518-150x150.jpg\" class=\"attachment-thumbnail size-thumbnail\" alt=\"\" aria-describedby=\"gallery-7-1232\" srcset=\"https:\/\/www.info.valladolid.es\/blog\/wp-content\/uploads\/2016\/04\/IMG_0518-150x150.jpg 150w, https:\/\/www.info.valladolid.es\/blog\/wp-content\/uploads\/2016\/04\/IMG_0518-160x160.jpg 160w\" sizes=\"auto, (max-width: 150px) 100vw, 150px\" \/><\/a>\n\t\t\t<\/dt>\n\t\t\t\t<dd class='wp-caption-text gallery-caption' id='gallery-7-1232'>\n\t\t\t\tManiqu\u00ed central\n\t\t\t\t<\/dd><\/dl><dl class='gallery-item'>\n\t\t\t<dt class='gallery-icon portrait'>\n\t\t\t\t<a href='https:\/\/www.info.valladolid.es\/blog\/academia_de_caballeria\/img_0512\/'><img loading=\"lazy\" decoding=\"async\" width=\"150\" height=\"150\" src=\"https:\/\/www.info.valladolid.es\/blog\/wp-content\/uploads\/2016\/04\/IMG_0512-150x150.jpg\" class=\"attachment-thumbnail size-thumbnail\" alt=\"\" aria-describedby=\"gallery-7-1231\" srcset=\"https:\/\/www.info.valladolid.es\/blog\/wp-content\/uploads\/2016\/04\/IMG_0512-150x150.jpg 150w, https:\/\/www.info.valladolid.es\/blog\/wp-content\/uploads\/2016\/04\/IMG_0512-160x160.jpg 160w\" sizes=\"auto, (max-width: 150px) 100vw, 150px\" \/><\/a>\n\t\t\t<\/dt>\n\t\t\t\t<dd class='wp-caption-text gallery-caption' id='gallery-7-1231'>\n\t\t\t\tColecci\u00f3n de herraduras\n\t\t\t\t<\/dd><\/dl><dl class='gallery-item'>\n\t\t\t<dt class='gallery-icon portrait'>\n\t\t\t\t<a href='https:\/\/www.info.valladolid.es\/blog\/academia_de_caballeria\/img_0511\/'><img loading=\"lazy\" decoding=\"async\" width=\"150\" height=\"150\" src=\"https:\/\/www.info.valladolid.es\/blog\/wp-content\/uploads\/2016\/04\/IMG_0511-150x150.jpg\" class=\"attachment-thumbnail size-thumbnail\" alt=\"\" aria-describedby=\"gallery-7-1230\" srcset=\"https:\/\/www.info.valladolid.es\/blog\/wp-content\/uploads\/2016\/04\/IMG_0511-150x150.jpg 150w, https:\/\/www.info.valladolid.es\/blog\/wp-content\/uploads\/2016\/04\/IMG_0511-160x160.jpg 160w\" sizes=\"auto, (max-width: 150px) 100vw, 150px\" \/><\/a>\n\t\t\t<\/dt>\n\t\t\t\t<dd class='wp-caption-text gallery-caption' id='gallery-7-1230'>\n\t\t\t\tMontura modelo colonial (EEUU)\n\t\t\t\t<\/dd><\/dl><br style=\"clear: both\" \/>\n\t\t<\/div>\n\n","protected":false},"excerpt":{"rendered":"<p>En pleno centro de Valladolid se encuentra, imponente, la\u00a0\u00fanica Academia de Caballer\u00eda en Espa\u00f1a. En sus pasillos y aulas m\u00e1s de 100 cadetes se inician, cada a\u00f1o, en la carrera militar. A su alrededor, turistas y vecinos buscan el mejor encuadre del solemne edificio. Algunos se adentran para conocer su museo: uniformes, armamento, condecoraciones o una m\u00e1quina Enigma original forman parte de sus fondos. El nombre completo de la escuela, dato desconocido para muchos visitantes, es Acuartelamiento General Shelly. Historia de la Academia El espacio que hoy ocupa la Academia de Caballer\u00eda fue, entre 1847 y 1915, emplazamiento de un edificio conocido como \u2018El oct\u00f3gono\u2019 por la forma de su planta. Fue levantado fuera del municipio para servir de prisi\u00f3n, pero el r\u00e1pido crecimiento de la ciudad pronto lo fagocit\u00f3. Ya con &#8216;el oct\u00f3gono&#8217; dentro de la villa, se tom\u00f3 la decisi\u00f3n de trasladar la c\u00e1rcel al Monasterio del Prado; determinaci\u00f3n que aprovech\u00f3 el director del Arma Ricardo Shelly para proponer el traslado de la Academia de Caballer\u00eda a Valladolid. En 1852 el \u2018Oct\u00f3gono\u2019 abr\u00eda sus puertas a los 39 cadetes de la primera promoci\u00f3n vallisoletana. En 1915 un incendio arras\u00f3 durante tres d\u00edas el edificio octogonal. La ciudad al [&hellip;]<\/p>\n","protected":false},"author":1,"featured_media":2931,"comment_status":"open","ping_status":"open","sticky":false,"template":"","format":"standard","meta":{"footnotes":""},"categories":[6],"tags":[79,25,3,76,51],"class_list":["post-1185","post","type-post","status-publish","format-standard","has-post-thumbnail","hentry","category-arte-y-museos","tag-academia-de-caballeria-de-valladolid","tag-arte-en-valladolid","tag-historia-de-valladolid","tag-que-ver-en-valladolid","tag-turismo-en-valladolid"],"yoast_head":"<!-- This site is optimized with the Yoast SEO plugin v27.5 - https:\/\/yoast.com\/product\/yoast-seo-wordpress\/ -->\n<title>La Academia de Caballer\u00eda de Valladolid - Blog Cultura y Turismo<\/title>\n<meta name=\"robots\" content=\"index, follow, max-snippet:-1, max-image-preview:large, max-video-preview:-1\" \/>\n<link rel=\"canonical\" href=\"https:\/\/www.info.valladolid.es\/blog\/academia_de_caballeria\/\" \/>\n<meta property=\"og:locale\" content=\"es_ES\" \/>\n<meta property=\"og:type\" content=\"article\" \/>\n<meta property=\"og:title\" content=\"La Academia de Caballer\u00eda de Valladolid - Blog Cultura y Turismo\" \/>\n<meta property=\"og:description\" content=\"En pleno centro de Valladolid se encuentra, imponente, la\u00a0\u00fanica Academia de Caballer\u00eda en Espa\u00f1a. En sus pasillos y aulas m\u00e1s de 100 cadetes se inician, cada a\u00f1o, en la carrera militar. A su alrededor, turistas y vecinos buscan el mejor encuadre del solemne edificio. Algunos se adentran para conocer su museo: uniformes, armamento, condecoraciones o una m\u00e1quina Enigma original forman parte de sus fondos. El nombre completo de la escuela, dato desconocido para muchos visitantes, es Acuartelamiento General Shelly. Historia de la Academia El espacio que hoy ocupa la Academia de Caballer\u00eda fue, entre 1847 y 1915, emplazamiento de un edificio conocido como \u2018El oct\u00f3gono\u2019 por la forma de su planta. Fue levantado fuera del municipio para servir de prisi\u00f3n, pero el r\u00e1pido crecimiento de la ciudad pronto lo fagocit\u00f3. Ya con &#8216;el oct\u00f3gono&#8217; dentro de la villa, se tom\u00f3 la decisi\u00f3n de trasladar la c\u00e1rcel al Monasterio del Prado; determinaci\u00f3n que aprovech\u00f3 el director del Arma Ricardo Shelly para proponer el traslado de la Academia de Caballer\u00eda a Valladolid. En 1852 el \u2018Oct\u00f3gono\u2019 abr\u00eda sus puertas a los 39 cadetes de la primera promoci\u00f3n vallisoletana. En 1915 un incendio arras\u00f3 durante tres d\u00edas el edificio octogonal. La ciudad al [&hellip;]\" \/>\n<meta property=\"og:url\" content=\"https:\/\/www.info.valladolid.es\/blog\/academia_de_caballeria\/\" \/>\n<meta property=\"og:site_name\" content=\"Blog Cultura y Turismo\" \/>\n<meta property=\"article:published_time\" content=\"2016-04-18T10:04:04+00:00\" \/>\n<meta property=\"article:modified_time\" content=\"2019-02-11T09:12:23+00:00\" \/>\n<meta property=\"og:image\" content=\"https:\/\/www.info.valladolid.es\/blog\/wp-content\/uploads\/2016\/04\/academia-caballeria-recortada.jpg\" \/>\n\t<meta property=\"og:image:width\" content=\"900\" \/>\n\t<meta property=\"og:image:height\" content=\"537\" \/>\n\t<meta property=\"og:image:type\" content=\"image\/jpeg\" \/>\n<meta name=\"author\" content=\"administrador\" \/>\n<meta name=\"twitter:card\" content=\"summary_large_image\" \/>\n<meta name=\"twitter:label1\" content=\"Escrito por\" \/>\n\t<meta name=\"twitter:data1\" content=\"administrador\" \/>\n\t<meta name=\"twitter:label2\" content=\"Tiempo de lectura\" \/>\n\t<meta name=\"twitter:data2\" content=\"6 minutos\" \/>\n<script type=\"application\/ld+json\" class=\"yoast-schema-graph\">{\"@context\":\"https:\\\/\\\/schema.org\",\"@graph\":[{\"@type\":\"Article\",\"@id\":\"https:\\\/\\\/www.info.valladolid.es\\\/blog\\\/academia_de_caballeria\\\/#article\",\"isPartOf\":{\"@id\":\"https:\\\/\\\/www.info.valladolid.es\\\/blog\\\/academia_de_caballeria\\\/\"},\"author\":{\"name\":\"administrador\",\"@id\":\"https:\\\/\\\/www.info.valladolid.es\\\/blog\\\/#\\\/schema\\\/person\\\/845cac97e6156a5a9c5abd68b7b9a5d5\"},\"headline\":\"La Academia de Caballer\u00eda de Valladolid\",\"datePublished\":\"2016-04-18T10:04:04+00:00\",\"dateModified\":\"2019-02-11T09:12:23+00:00\",\"mainEntityOfPage\":{\"@id\":\"https:\\\/\\\/www.info.valladolid.es\\\/blog\\\/academia_de_caballeria\\\/\"},\"wordCount\":1125,\"commentCount\":6,\"image\":{\"@id\":\"https:\\\/\\\/www.info.valladolid.es\\\/blog\\\/academia_de_caballeria\\\/#primaryimage\"},\"thumbnailUrl\":\"https:\\\/\\\/www.info.valladolid.es\\\/blog\\\/wp-content\\\/uploads\\\/2016\\\/04\\\/academia-caballeria-recortada.jpg\",\"keywords\":[\"Academia de Caballer\u00eda de Valladolid\",\"arte en Valladolid\",\"Historia de Valladolid\",\"qu\u00e9 ver en Valladolid\",\"Turismo en Valladolid\"],\"articleSection\":[\"Arte y Museos\"],\"inLanguage\":\"es\",\"potentialAction\":[{\"@type\":\"CommentAction\",\"name\":\"Comment\",\"target\":[\"https:\\\/\\\/www.info.valladolid.es\\\/blog\\\/academia_de_caballeria\\\/#respond\"]}]},{\"@type\":\"WebPage\",\"@id\":\"https:\\\/\\\/www.info.valladolid.es\\\/blog\\\/academia_de_caballeria\\\/\",\"url\":\"https:\\\/\\\/www.info.valladolid.es\\\/blog\\\/academia_de_caballeria\\\/\",\"name\":\"La Academia de Caballer\u00eda de Valladolid - Blog Cultura y Turismo\",\"isPartOf\":{\"@id\":\"https:\\\/\\\/www.info.valladolid.es\\\/blog\\\/#website\"},\"primaryImageOfPage\":{\"@id\":\"https:\\\/\\\/www.info.valladolid.es\\\/blog\\\/academia_de_caballeria\\\/#primaryimage\"},\"image\":{\"@id\":\"https:\\\/\\\/www.info.valladolid.es\\\/blog\\\/academia_de_caballeria\\\/#primaryimage\"},\"thumbnailUrl\":\"https:\\\/\\\/www.info.valladolid.es\\\/blog\\\/wp-content\\\/uploads\\\/2016\\\/04\\\/academia-caballeria-recortada.jpg\",\"datePublished\":\"2016-04-18T10:04:04+00:00\",\"dateModified\":\"2019-02-11T09:12:23+00:00\",\"author\":{\"@id\":\"https:\\\/\\\/www.info.valladolid.es\\\/blog\\\/#\\\/schema\\\/person\\\/845cac97e6156a5a9c5abd68b7b9a5d5\"},\"breadcrumb\":{\"@id\":\"https:\\\/\\\/www.info.valladolid.es\\\/blog\\\/academia_de_caballeria\\\/#breadcrumb\"},\"inLanguage\":\"es\",\"potentialAction\":[{\"@type\":\"ReadAction\",\"target\":[\"https:\\\/\\\/www.info.valladolid.es\\\/blog\\\/academia_de_caballeria\\\/\"]}]},{\"@type\":\"ImageObject\",\"inLanguage\":\"es\",\"@id\":\"https:\\\/\\\/www.info.valladolid.es\\\/blog\\\/academia_de_caballeria\\\/#primaryimage\",\"url\":\"https:\\\/\\\/www.info.valladolid.es\\\/blog\\\/wp-content\\\/uploads\\\/2016\\\/04\\\/academia-caballeria-recortada.jpg\",\"contentUrl\":\"https:\\\/\\\/www.info.valladolid.es\\\/blog\\\/wp-content\\\/uploads\\\/2016\\\/04\\\/academia-caballeria-recortada.jpg\",\"width\":900,\"height\":537},{\"@type\":\"BreadcrumbList\",\"@id\":\"https:\\\/\\\/www.info.valladolid.es\\\/blog\\\/academia_de_caballeria\\\/#breadcrumb\",\"itemListElement\":[{\"@type\":\"ListItem\",\"position\":1,\"name\":\"Home\",\"item\":\"https:\\\/\\\/www.info.valladolid.es\\\/blog\\\/\"},{\"@type\":\"ListItem\",\"position\":2,\"name\":\"La Academia de Caballer\u00eda de Valladolid\"}]},{\"@type\":\"WebSite\",\"@id\":\"https:\\\/\\\/www.info.valladolid.es\\\/blog\\\/#website\",\"url\":\"https:\\\/\\\/www.info.valladolid.es\\\/blog\\\/\",\"name\":\"Blog Cultura y Turismo\",\"description\":\"\",\"potentialAction\":[{\"@type\":\"SearchAction\",\"target\":{\"@type\":\"EntryPoint\",\"urlTemplate\":\"https:\\\/\\\/www.info.valladolid.es\\\/blog\\\/?s={search_term_string}\"},\"query-input\":{\"@type\":\"PropertyValueSpecification\",\"valueRequired\":true,\"valueName\":\"search_term_string\"}}],\"inLanguage\":\"es\"},{\"@type\":\"Person\",\"@id\":\"https:\\\/\\\/www.info.valladolid.es\\\/blog\\\/#\\\/schema\\\/person\\\/845cac97e6156a5a9c5abd68b7b9a5d5\",\"name\":\"administrador\",\"image\":{\"@type\":\"ImageObject\",\"inLanguage\":\"es\",\"@id\":\"https:\\\/\\\/secure.gravatar.com\\\/avatar\\\/418161d2f95196597e2d305bd301c850afab7f4b284a344fb2d759f048b71c61?s=96&d=mm&r=g\",\"url\":\"https:\\\/\\\/secure.gravatar.com\\\/avatar\\\/418161d2f95196597e2d305bd301c850afab7f4b284a344fb2d759f048b71c61?s=96&d=mm&r=g\",\"contentUrl\":\"https:\\\/\\\/secure.gravatar.com\\\/avatar\\\/418161d2f95196597e2d305bd301c850afab7f4b284a344fb2d759f048b71c61?s=96&d=mm&r=g\",\"caption\":\"administrador\"},\"url\":\"https:\\\/\\\/www.info.valladolid.es\\\/blog\\\/author\\\/administrador\\\/\"}]}<\/script>\n<!-- \/ Yoast SEO plugin. -->","yoast_head_json":{"title":"La Academia de Caballer\u00eda de Valladolid - Blog Cultura y Turismo","robots":{"index":"index","follow":"follow","max-snippet":"max-snippet:-1","max-image-preview":"max-image-preview:large","max-video-preview":"max-video-preview:-1"},"canonical":"https:\/\/www.info.valladolid.es\/blog\/academia_de_caballeria\/","og_locale":"es_ES","og_type":"article","og_title":"La Academia de Caballer\u00eda de Valladolid - Blog Cultura y Turismo","og_description":"En pleno centro de Valladolid se encuentra, imponente, la\u00a0\u00fanica Academia de Caballer\u00eda en Espa\u00f1a. En sus pasillos y aulas m\u00e1s de 100 cadetes se inician, cada a\u00f1o, en la carrera militar. A su alrededor, turistas y vecinos buscan el mejor encuadre del solemne edificio. Algunos se adentran para conocer su museo: uniformes, armamento, condecoraciones o una m\u00e1quina Enigma original forman parte de sus fondos. El nombre completo de la escuela, dato desconocido para muchos visitantes, es Acuartelamiento General Shelly. Historia de la Academia El espacio que hoy ocupa la Academia de Caballer\u00eda fue, entre 1847 y 1915, emplazamiento de un edificio conocido como \u2018El oct\u00f3gono\u2019 por la forma de su planta. Fue levantado fuera del municipio para servir de prisi\u00f3n, pero el r\u00e1pido crecimiento de la ciudad pronto lo fagocit\u00f3. Ya con &#8216;el oct\u00f3gono&#8217; dentro de la villa, se tom\u00f3 la decisi\u00f3n de trasladar la c\u00e1rcel al Monasterio del Prado; determinaci\u00f3n que aprovech\u00f3 el director del Arma Ricardo Shelly para proponer el traslado de la Academia de Caballer\u00eda a Valladolid. En 1852 el \u2018Oct\u00f3gono\u2019 abr\u00eda sus puertas a los 39 cadetes de la primera promoci\u00f3n vallisoletana. En 1915 un incendio arras\u00f3 durante tres d\u00edas el edificio octogonal. La ciudad al [&hellip;]","og_url":"https:\/\/www.info.valladolid.es\/blog\/academia_de_caballeria\/","og_site_name":"Blog Cultura y Turismo","article_published_time":"2016-04-18T10:04:04+00:00","article_modified_time":"2019-02-11T09:12:23+00:00","og_image":[{"width":900,"height":537,"url":"https:\/\/www.info.valladolid.es\/blog\/wp-content\/uploads\/2016\/04\/academia-caballeria-recortada.jpg","type":"image\/jpeg"}],"author":"administrador","twitter_card":"summary_large_image","twitter_misc":{"Escrito por":"administrador","Tiempo de lectura":"6 minutos"},"schema":{"@context":"https:\/\/schema.org","@graph":[{"@type":"Article","@id":"https:\/\/www.info.valladolid.es\/blog\/academia_de_caballeria\/#article","isPartOf":{"@id":"https:\/\/www.info.valladolid.es\/blog\/academia_de_caballeria\/"},"author":{"name":"administrador","@id":"https:\/\/www.info.valladolid.es\/blog\/#\/schema\/person\/845cac97e6156a5a9c5abd68b7b9a5d5"},"headline":"La Academia de Caballer\u00eda de Valladolid","datePublished":"2016-04-18T10:04:04+00:00","dateModified":"2019-02-11T09:12:23+00:00","mainEntityOfPage":{"@id":"https:\/\/www.info.valladolid.es\/blog\/academia_de_caballeria\/"},"wordCount":1125,"commentCount":6,"image":{"@id":"https:\/\/www.info.valladolid.es\/blog\/academia_de_caballeria\/#primaryimage"},"thumbnailUrl":"https:\/\/www.info.valladolid.es\/blog\/wp-content\/uploads\/2016\/04\/academia-caballeria-recortada.jpg","keywords":["Academia de Caballer\u00eda de Valladolid","arte en Valladolid","Historia de Valladolid","qu\u00e9 ver en Valladolid","Turismo en Valladolid"],"articleSection":["Arte y Museos"],"inLanguage":"es","potentialAction":[{"@type":"CommentAction","name":"Comment","target":["https:\/\/www.info.valladolid.es\/blog\/academia_de_caballeria\/#respond"]}]},{"@type":"WebPage","@id":"https:\/\/www.info.valladolid.es\/blog\/academia_de_caballeria\/","url":"https:\/\/www.info.valladolid.es\/blog\/academia_de_caballeria\/","name":"La Academia de Caballer\u00eda de Valladolid - Blog Cultura y Turismo","isPartOf":{"@id":"https:\/\/www.info.valladolid.es\/blog\/#website"},"primaryImageOfPage":{"@id":"https:\/\/www.info.valladolid.es\/blog\/academia_de_caballeria\/#primaryimage"},"image":{"@id":"https:\/\/www.info.valladolid.es\/blog\/academia_de_caballeria\/#primaryimage"},"thumbnailUrl":"https:\/\/www.info.valladolid.es\/blog\/wp-content\/uploads\/2016\/04\/academia-caballeria-recortada.jpg","datePublished":"2016-04-18T10:04:04+00:00","dateModified":"2019-02-11T09:12:23+00:00","author":{"@id":"https:\/\/www.info.valladolid.es\/blog\/#\/schema\/person\/845cac97e6156a5a9c5abd68b7b9a5d5"},"breadcrumb":{"@id":"https:\/\/www.info.valladolid.es\/blog\/academia_de_caballeria\/#breadcrumb"},"inLanguage":"es","potentialAction":[{"@type":"ReadAction","target":["https:\/\/www.info.valladolid.es\/blog\/academia_de_caballeria\/"]}]},{"@type":"ImageObject","inLanguage":"es","@id":"https:\/\/www.info.valladolid.es\/blog\/academia_de_caballeria\/#primaryimage","url":"https:\/\/www.info.valladolid.es\/blog\/wp-content\/uploads\/2016\/04\/academia-caballeria-recortada.jpg","contentUrl":"https:\/\/www.info.valladolid.es\/blog\/wp-content\/uploads\/2016\/04\/academia-caballeria-recortada.jpg","width":900,"height":537},{"@type":"BreadcrumbList","@id":"https:\/\/www.info.valladolid.es\/blog\/academia_de_caballeria\/#breadcrumb","itemListElement":[{"@type":"ListItem","position":1,"name":"Home","item":"https:\/\/www.info.valladolid.es\/blog\/"},{"@type":"ListItem","position":2,"name":"La Academia de Caballer\u00eda de Valladolid"}]},{"@type":"WebSite","@id":"https:\/\/www.info.valladolid.es\/blog\/#website","url":"https:\/\/www.info.valladolid.es\/blog\/","name":"Blog Cultura y Turismo","description":"","potentialAction":[{"@type":"SearchAction","target":{"@type":"EntryPoint","urlTemplate":"https:\/\/www.info.valladolid.es\/blog\/?s={search_term_string}"},"query-input":{"@type":"PropertyValueSpecification","valueRequired":true,"valueName":"search_term_string"}}],"inLanguage":"es"},{"@type":"Person","@id":"https:\/\/www.info.valladolid.es\/blog\/#\/schema\/person\/845cac97e6156a5a9c5abd68b7b9a5d5","name":"administrador","image":{"@type":"ImageObject","inLanguage":"es","@id":"https:\/\/secure.gravatar.com\/avatar\/418161d2f95196597e2d305bd301c850afab7f4b284a344fb2d759f048b71c61?s=96&d=mm&r=g","url":"https:\/\/secure.gravatar.com\/avatar\/418161d2f95196597e2d305bd301c850afab7f4b284a344fb2d759f048b71c61?s=96&d=mm&r=g","contentUrl":"https:\/\/secure.gravatar.com\/avatar\/418161d2f95196597e2d305bd301c850afab7f4b284a344fb2d759f048b71c61?s=96&d=mm&r=g","caption":"administrador"},"url":"https:\/\/www.info.valladolid.es\/blog\/author\/administrador\/"}]}},"_links":{"self":[{"href":"https:\/\/www.info.valladolid.es\/blog\/wp-json\/wp\/v2\/posts\/1185","targetHints":{"allow":["GET"]}}],"collection":[{"href":"https:\/\/www.info.valladolid.es\/blog\/wp-json\/wp\/v2\/posts"}],"about":[{"href":"https:\/\/www.info.valladolid.es\/blog\/wp-json\/wp\/v2\/types\/post"}],"author":[{"embeddable":true,"href":"https:\/\/www.info.valladolid.es\/blog\/wp-json\/wp\/v2\/users\/1"}],"replies":[{"embeddable":true,"href":"https:\/\/www.info.valladolid.es\/blog\/wp-json\/wp\/v2\/comments?post=1185"}],"version-history":[{"count":13,"href":"https:\/\/www.info.valladolid.es\/blog\/wp-json\/wp\/v2\/posts\/1185\/revisions"}],"predecessor-version":[{"id":2930,"href":"https:\/\/www.info.valladolid.es\/blog\/wp-json\/wp\/v2\/posts\/1185\/revisions\/2930"}],"wp:featuredmedia":[{"embeddable":true,"href":"https:\/\/www.info.valladolid.es\/blog\/wp-json\/wp\/v2\/media\/2931"}],"wp:attachment":[{"href":"https:\/\/www.info.valladolid.es\/blog\/wp-json\/wp\/v2\/media?parent=1185"}],"wp:term":[{"taxonomy":"category","embeddable":true,"href":"https:\/\/www.info.valladolid.es\/blog\/wp-json\/wp\/v2\/categories?post=1185"},{"taxonomy":"post_tag","embeddable":true,"href":"https:\/\/www.info.valladolid.es\/blog\/wp-json\/wp\/v2\/tags?post=1185"}],"curies":[{"name":"wp","href":"https:\/\/api.w.org\/{rel}","templated":true}]}}